{"id":2363,"date":"2018-10-01T16:02:19","date_gmt":"2018-10-01T15:02:19","guid":{"rendered":"https:\/\/paca.lpo.fr\/blogs\/nice\/?p=2363"},"modified":"2018-10-01T16:02:42","modified_gmt":"2018-10-01T15:02:42","slug":"fermeture-du-centre-de-sauvegarde-de-la-faune-sauvage-en-octobre","status":"publish","type":"post","link":"https:\/\/paca.lpo.fr\/blogs\/nice\/2018\/10\/01\/fermeture-du-centre-de-sauvegarde-de-la-faune-sauvage-en-octobre\/","title":{"rendered":"FERMETURE DU CENTRE DE SAUVEGARDE DE LA FAUNE SAUVAGE EN OCTOBRE"},"content":{"rendered":"<p><strong>Fermeture du centre de sauvegarde de la faune sauvage de Buoux pour travaux durant le mois d&rsquo;octobre <\/strong><br \/>\nSuite aux intemp\u00e9ries de cette ann\u00e9e, le centre de sauvegarde de la faune sauvage de Buoux a connu plusieurs d\u00e9g\u00e2ts mat\u00e9riels, dont l&rsquo;effondrement du plafond d&rsquo;une de ses salles.<br \/>\nPour raison de travaux, le centre de sauvegarde doit arr\u00eater les accueils d\u2019animaux sauvages en d\u00e9tresse durant le mois d\u2019octobre.<br \/>\nNous vous rappelons que le centre r\u00e9gional de sauvegarde pour la faune sauvage est g\u00e9r\u00e9 par une association \u00e0 but non lucratif, la LPO PACA. Nos moyens humains, mat\u00e9riels et financiers sont tr\u00e8s limit\u00e9s.<\/p>\n<p><strong>En cas de d\u00e9couverte d\u2019un animal sauvage en d\u00e9tresse :<br \/>\n\uf0a7\tSuivez ces conseils pour capturer et conditionner l\u2019animal : https:\/\/paca.lpo.fr\/soins-animaux\/conseiller\/fiches-conseils<br \/>\n\uf0a7\tRapprochez-vous d\u2019un v\u00e9t\u00e9rinaire ou d\u2019un centre de sauvegarde si n\u00e9cessaire  https:\/\/www.secours-faunesauvage.eu\/<\/strong><\/p>\n<p>En vous remerciant de votre compr\u00e9hension.<\/p>\n","protected":false},"excerpt":{"rendered":"<p>Fermeture du centre de sauvegarde de la faune sauvage de Buoux pour travaux durant le mois d&rsquo;octobre Suite aux intemp\u00e9ries de cette ann\u00e9e, le centre de sauvegarde de la faune sauvage de Buoux a connu plusieurs d\u00e9g\u00e2ts mat\u00e9riels, dont l&rsquo;effondrement du plafond d&rsquo;une de ses salles. Pour raison de travaux, le centre de sauvegarde doit [&hellip;]<\/p>\n","protected":false},"author":15,"featured_media":0,"comment_status":"open","ping_status":"open","sticky":false,"template":"","format":"standard","meta":{"footnotes":""},"categories":[77,3],"tags":[],"class_list":["post-2363","post","type-post","status-publish","format-standard","hentry","category-grands-evenements","category-vie-groupe"],"yoast_head":"<!-- This site is optimized with the Yoast SEO plugin v28.3 - https:\/\/yoast.com\/product\/yoast-seo-wordpress\/ -->\n<title>FERMETURE DU CENTRE DE SAUVEGARDE DE LA FAUNE SAUVAGE EN OCTOBRE - Groupe local Nice<\/title>\n<meta name=\"robots\" content=\"index, follow, max-snippet:-1, max-image-preview:large, max-video-preview:-1\" \/>\n<link rel=\"canonical\" href=\"https:\/\/paca.lpo.fr\/blogs\/nice\/2018\/10\/01\/fermeture-du-centre-de-sauvegarde-de-la-faune-sauvage-en-octobre\/\" \/>\n<meta property=\"og:locale\" content=\"fr_FR\" \/>\n<meta property=\"og:type\" content=\"article\" \/>\n<meta property=\"og:title\" content=\"FERMETURE DU CENTRE DE SAUVEGARDE DE LA FAUNE SAUVAGE EN OCTOBRE - Groupe local Nice\" \/>\n<meta property=\"og:description\" content=\"Fermeture du centre de sauvegarde de la faune sauvage de Buoux pour travaux durant le mois d&rsquo;octobre Suite aux intemp\u00e9ries de cette ann\u00e9e, le centre de sauvegarde de la faune sauvage de Buoux a connu plusieurs d\u00e9g\u00e2ts mat\u00e9riels, dont l&rsquo;effondrement du plafond d&rsquo;une de ses salles. Pour raison de travaux, le centre de sauvegarde doit [&hellip;]\" \/>\n<meta property=\"og:url\" content=\"https:\/\/paca.lpo.fr\/blogs\/nice\/2018\/10\/01\/fermeture-du-centre-de-sauvegarde-de-la-faune-sauvage-en-octobre\/\" \/>\n<meta property=\"og:site_name\" content=\"Groupe local Nice\" \/>\n<meta property=\"article:published_time\" content=\"2018-10-01T15:02:19+00:00\" \/>\n<meta property=\"article:modified_time\" content=\"2018-10-01T15:02:42+00:00\" \/>\n<meta name=\"author\" content=\"Groupe local Paillon-B\u00e9v\u00e9ra\" \/>\n<meta name=\"twitter:card\" content=\"summary_large_image\" \/>\n<meta name=\"twitter:label1\" content=\"\u00c9crit par\" \/>\n\t<meta name=\"twitter:data1\" content=\"Groupe local Paillon-B\u00e9v\u00e9ra\" \/>\n\t<meta name=\"twitter:label2\" content=\"Dur\u00e9e de lecture estim\u00e9e\" \/>\n\t<meta name=\"twitter:data2\" content=\"1 minute\" \/>\n<script type=\"application\/ld+json\" class=\"yoast-schema-graph\">{\"@context\":\"https:\\\/\\\/schema.org\",\"@graph\":[{\"@type\":\"Article\",\"@id\":\"https:\\\/\\\/paca.lpo.fr\\\/blogs\\\/nice\\\/2018\\\/10\\\/01\\\/fermeture-du-centre-de-sauvegarde-de-la-faune-sauvage-en-octobre\\\/#article\",\"isPartOf\":{\"@id\":\"https:\\\/\\\/paca.lpo.fr\\\/blogs\\\/nice\\\/2018\\\/10\\\/01\\\/fermeture-du-centre-de-sauvegarde-de-la-faune-sauvage-en-octobre\\\/\"},\"author\":{\"name\":\"Groupe local Paillon-B\u00e9v\u00e9ra\",\"@id\":\"https:\\\/\\\/paca.lpo.fr\\\/blogs\\\/nice\\\/#\\\/schema\\\/person\\\/1bda33335fb71e0b3552487db26a4c56\"},\"headline\":\"FERMETURE DU CENTRE DE SAUVEGARDE DE LA FAUNE SAUVAGE EN OCTOBRE\",\"datePublished\":\"2018-10-01T15:02:19+00:00\",\"dateModified\":\"2018-10-01T15:02:42+00:00\",\"mainEntityOfPage\":{\"@id\":\"https:\\\/\\\/paca.lpo.fr\\\/blogs\\\/nice\\\/2018\\\/10\\\/01\\\/fermeture-du-centre-de-sauvegarde-de-la-faune-sauvage-en-octobre\\\/\"},\"wordCount\":181,\"commentCount\":0,\"publisher\":{\"@id\":\"https:\\\/\\\/paca.lpo.fr\\\/blogs\\\/nice\\\/#organization\"},\"articleSection\":[\"Grands \u00e9v\u00e8nements\",\"Vie du groupe\"],\"inLanguage\":\"fr-FR\",\"potentialAction\":[{\"@type\":\"CommentAction\",\"name\":\"Comment\",\"target\":[\"https:\\\/\\\/paca.lpo.fr\\\/blogs\\\/nice\\\/2018\\\/10\\\/01\\\/fermeture-du-centre-de-sauvegarde-de-la-faune-sauvage-en-octobre\\\/#respond\"]}]},{\"@type\":\"WebPage\",\"@id\":\"https:\\\/\\\/paca.lpo.fr\\\/blogs\\\/nice\\\/2018\\\/10\\\/01\\\/fermeture-du-centre-de-sauvegarde-de-la-faune-sauvage-en-octobre\\\/\",\"url\":\"https:\\\/\\\/paca.lpo.fr\\\/blogs\\\/nice\\\/2018\\\/10\\\/01\\\/fermeture-du-centre-de-sauvegarde-de-la-faune-sauvage-en-octobre\\\/\",\"name\":\"FERMETURE DU CENTRE DE SAUVEGARDE DE LA FAUNE SAUVAGE EN OCTOBRE - Groupe local Nice\",\"isPartOf\":{\"@id\":\"https:\\\/\\\/paca.lpo.fr\\\/blogs\\\/nice\\\/#website\"},\"datePublished\":\"2018-10-01T15:02:19+00:00\",\"dateModified\":\"2018-10-01T15:02:42+00:00\",\"breadcrumb\":{\"@id\":\"https:\\\/\\\/paca.lpo.fr\\\/blogs\\\/nice\\\/2018\\\/10\\\/01\\\/fermeture-du-centre-de-sauvegarde-de-la-faune-sauvage-en-octobre\\\/#breadcrumb\"},\"inLanguage\":\"fr-FR\",\"potentialAction\":[{\"@type\":\"ReadAction\",\"target\":[\"https:\\\/\\\/paca.lpo.fr\\\/blogs\\\/nice\\\/2018\\\/10\\\/01\\\/fermeture-du-centre-de-sauvegarde-de-la-faune-sauvage-en-octobre\\\/\"]}]},{\"@type\":\"BreadcrumbList\",\"@id\":\"https:\\\/\\\/paca.lpo.fr\\\/blogs\\\/nice\\\/2018\\\/10\\\/01\\\/fermeture-du-centre-de-sauvegarde-de-la-faune-sauvage-en-octobre\\\/#breadcrumb\",\"itemListElement\":[{\"@type\":\"ListItem\",\"position\":1,\"name\":\"Accueil\",\"item\":\"https:\\\/\\\/paca.lpo.fr\\\/blogs\\\/nice\\\/\"},{\"@type\":\"ListItem\",\"position\":2,\"name\":\"FERMETURE DU CENTRE DE SAUVEGARDE DE LA FAUNE SAUVAGE EN OCTOBRE\"}]},{\"@type\":\"WebSite\",\"@id\":\"https:\\\/\\\/paca.lpo.fr\\\/blogs\\\/nice\\\/#website\",\"url\":\"https:\\\/\\\/paca.lpo.fr\\\/blogs\\\/nice\\\/\",\"name\":\"Groupe local Nice\",\"description\":\"Groupe local Nice\",\"publisher\":{\"@id\":\"https:\\\/\\\/paca.lpo.fr\\\/blogs\\\/nice\\\/#organization\"},\"potentialAction\":[{\"@type\":\"SearchAction\",\"target\":{\"@type\":\"EntryPoint\",\"urlTemplate\":\"https:\\\/\\\/paca.lpo.fr\\\/blogs\\\/nice\\\/?s={search_term_string}\"},\"query-input\":{\"@type\":\"PropertyValueSpecification\",\"valueRequired\":true,\"valueName\":\"search_term_string\"}}],\"inLanguage\":\"fr-FR\"},{\"@type\":\"Organization\",\"@id\":\"https:\\\/\\\/paca.lpo.fr\\\/blogs\\\/nice\\\/#organization\",\"name\":\"Groupe local Nice\",\"url\":\"https:\\\/\\\/paca.lpo.fr\\\/blogs\\\/nice\\\/\",\"logo\":{\"@type\":\"ImageObject\",\"inLanguage\":\"fr-FR\",\"@id\":\"https:\\\/\\\/paca.lpo.fr\\\/blogs\\\/nice\\\/#\\\/schema\\\/logo\\\/image\\\/\",\"url\":\"https:\\\/\\\/paca.lpo.fr\\\/blogs\\\/nice\\\/files\\\/2024\\\/01\\\/cropped-rvb-lpo-paca-logotype-signature-droite-mini-500.jpg\",\"contentUrl\":\"https:\\\/\\\/paca.lpo.fr\\\/blogs\\\/nice\\\/files\\\/2024\\\/01\\\/cropped-rvb-lpo-paca-logotype-signature-droite-mini-500.jpg\",\"width\":500,\"height\":210,\"caption\":\"Groupe local Nice\"},\"image\":{\"@id\":\"https:\\\/\\\/paca.lpo.fr\\\/blogs\\\/nice\\\/#\\\/schema\\\/logo\\\/image\\\/\"}},{\"@type\":\"Person\",\"@id\":\"https:\\\/\\\/paca.lpo.fr\\\/blogs\\\/nice\\\/#\\\/schema\\\/person\\\/1bda33335fb71e0b3552487db26a4c56\",\"name\":\"Groupe local Paillon-B\u00e9v\u00e9ra\",\"image\":{\"@type\":\"ImageObject\",\"inLanguage\":\"fr-FR\",\"@id\":\"https:\\\/\\\/secure.gravatar.com\\\/avatar\\\/b1ee285506e2cb880ec988990d360e255aecb31c77212741dace1023623610c2?s=96&d=mm&r=g\",\"url\":\"https:\\\/\\\/secure.gravatar.com\\\/avatar\\\/b1ee285506e2cb880ec988990d360e255aecb31c77212741dace1023623610c2?s=96&d=mm&r=g\",\"contentUrl\":\"https:\\\/\\\/secure.gravatar.com\\\/avatar\\\/b1ee285506e2cb880ec988990d360e255aecb31c77212741dace1023623610c2?s=96&d=mm&r=g\",\"caption\":\"Groupe local Paillon-B\u00e9v\u00e9ra\"},\"url\":\"https:\\\/\\\/paca.lpo.fr\\\/blogs\\\/nice\\\/author\\\/alpesmaritimesest\\\/\"}]}<\/script>\n<!-- \/ Yoast SEO plugin. -->","yoast_head_json":{"title":"FERMETURE DU CENTRE DE SAUVEGARDE DE LA FAUNE SAUVAGE EN OCTOBRE - Groupe local Nice","robots":{"index":"index","follow":"follow","max-snippet":"max-snippet:-1","max-image-preview":"max-image-preview:large","max-video-preview":"max-video-preview:-1"},"canonical":"https:\/\/paca.lpo.fr\/blogs\/nice\/2018\/10\/01\/fermeture-du-centre-de-sauvegarde-de-la-faune-sauvage-en-octobre\/","og_locale":"fr_FR","og_type":"article","og_title":"FERMETURE DU CENTRE DE SAUVEGARDE DE LA FAUNE SAUVAGE EN OCTOBRE - Groupe local Nice","og_description":"Fermeture du centre de sauvegarde de la faune sauvage de Buoux pour travaux durant le mois d&rsquo;octobre Suite aux intemp\u00e9ries de cette ann\u00e9e, le centre de sauvegarde de la faune sauvage de Buoux a connu plusieurs d\u00e9g\u00e2ts mat\u00e9riels, dont l&rsquo;effondrement du plafond d&rsquo;une de ses salles. Pour raison de travaux, le centre de sauvegarde doit [&hellip;]","og_url":"https:\/\/paca.lpo.fr\/blogs\/nice\/2018\/10\/01\/fermeture-du-centre-de-sauvegarde-de-la-faune-sauvage-en-octobre\/","og_site_name":"Groupe local Nice","article_published_time":"2018-10-01T15:02:19+00:00","article_modified_time":"2018-10-01T15:02:42+00:00","author":"Groupe local Paillon-B\u00e9v\u00e9ra","twitter_card":"summary_large_image","twitter_misc":{"\u00c9crit par":"Groupe local Paillon-B\u00e9v\u00e9ra","Dur\u00e9e de lecture estim\u00e9e":"1 minute"},"schema":{"@context":"https:\/\/schema.org","@graph":[{"@type":"Article","@id":"https:\/\/paca.lpo.fr\/blogs\/nice\/2018\/10\/01\/fermeture-du-centre-de-sauvegarde-de-la-faune-sauvage-en-octobre\/#article","isPartOf":{"@id":"https:\/\/paca.lpo.fr\/blogs\/nice\/2018\/10\/01\/fermeture-du-centre-de-sauvegarde-de-la-faune-sauvage-en-octobre\/"},"author":{"name":"Groupe local Paillon-B\u00e9v\u00e9ra","@id":"https:\/\/paca.lpo.fr\/blogs\/nice\/#\/schema\/person\/1bda33335fb71e0b3552487db26a4c56"},"headline":"FERMETURE DU CENTRE DE SAUVEGARDE DE LA FAUNE SAUVAGE EN OCTOBRE","datePublished":"2018-10-01T15:02:19+00:00","dateModified":"2018-10-01T15:02:42+00:00","mainEntityOfPage":{"@id":"https:\/\/paca.lpo.fr\/blogs\/nice\/2018\/10\/01\/fermeture-du-centre-de-sauvegarde-de-la-faune-sauvage-en-octobre\/"},"wordCount":181,"commentCount":0,"publisher":{"@id":"https:\/\/paca.lpo.fr\/blogs\/nice\/#organization"},"articleSection":["Grands \u00e9v\u00e8nements","Vie du groupe"],"inLanguage":"fr-FR","potentialAction":[{"@type":"CommentAction","name":"Comment","target":["https:\/\/paca.lpo.fr\/blogs\/nice\/2018\/10\/01\/fermeture-du-centre-de-sauvegarde-de-la-faune-sauvage-en-octobre\/#respond"]}]},{"@type":"WebPage","@id":"https:\/\/paca.lpo.fr\/blogs\/nice\/2018\/10\/01\/fermeture-du-centre-de-sauvegarde-de-la-faune-sauvage-en-octobre\/","url":"https:\/\/paca.lpo.fr\/blogs\/nice\/2018\/10\/01\/fermeture-du-centre-de-sauvegarde-de-la-faune-sauvage-en-octobre\/","name":"FERMETURE DU CENTRE DE SAUVEGARDE DE LA FAUNE SAUVAGE EN OCTOBRE - Groupe local Nice","isPartOf":{"@id":"https:\/\/paca.lpo.fr\/blogs\/nice\/#website"},"datePublished":"2018-10-01T15:02:19+00:00","dateModified":"2018-10-01T15:02:42+00:00","breadcrumb":{"@id":"https:\/\/paca.lpo.fr\/blogs\/nice\/2018\/10\/01\/fermeture-du-centre-de-sauvegarde-de-la-faune-sauvage-en-octobre\/#breadcrumb"},"inLanguage":"fr-FR","potentialAction":[{"@type":"ReadAction","target":["https:\/\/paca.lpo.fr\/blogs\/nice\/2018\/10\/01\/fermeture-du-centre-de-sauvegarde-de-la-faune-sauvage-en-octobre\/"]}]},{"@type":"BreadcrumbList","@id":"https:\/\/paca.lpo.fr\/blogs\/nice\/2018\/10\/01\/fermeture-du-centre-de-sauvegarde-de-la-faune-sauvage-en-octobre\/#breadcrumb","itemListElement":[{"@type":"ListItem","position":1,"name":"Accueil","item":"https:\/\/paca.lpo.fr\/blogs\/nice\/"},{"@type":"ListItem","position":2,"name":"FERMETURE DU CENTRE DE SAUVEGARDE DE LA FAUNE SAUVAGE EN OCTOBRE"}]},{"@type":"WebSite","@id":"https:\/\/paca.lpo.fr\/blogs\/nice\/#website","url":"https:\/\/paca.lpo.fr\/blogs\/nice\/","name":"Groupe local Nice","description":"Groupe local Nice","publisher":{"@id":"https:\/\/paca.lpo.fr\/blogs\/nice\/#organization"},"potentialAction":[{"@type":"SearchAction","target":{"@type":"EntryPoint","urlTemplate":"https:\/\/paca.lpo.fr\/blogs\/nice\/?s={search_term_string}"},"query-input":{"@type":"PropertyValueSpecification","valueRequired":true,"valueName":"search_term_string"}}],"inLanguage":"fr-FR"},{"@type":"Organization","@id":"https:\/\/paca.lpo.fr\/blogs\/nice\/#organization","name":"Groupe local Nice","url":"https:\/\/paca.lpo.fr\/blogs\/nice\/","logo":{"@type":"ImageObject","inLanguage":"fr-FR","@id":"https:\/\/paca.lpo.fr\/blogs\/nice\/#\/schema\/logo\/image\/","url":"https:\/\/paca.lpo.fr\/blogs\/nice\/files\/2024\/01\/cropped-rvb-lpo-paca-logotype-signature-droite-mini-500.jpg","contentUrl":"https:\/\/paca.lpo.fr\/blogs\/nice\/files\/2024\/01\/cropped-rvb-lpo-paca-logotype-signature-droite-mini-500.jpg","width":500,"height":210,"caption":"Groupe local Nice"},"image":{"@id":"https:\/\/paca.lpo.fr\/blogs\/nice\/#\/schema\/logo\/image\/"}},{"@type":"Person","@id":"https:\/\/paca.lpo.fr\/blogs\/nice\/#\/schema\/person\/1bda33335fb71e0b3552487db26a4c56","name":"Groupe local Paillon-B\u00e9v\u00e9ra","image":{"@type":"ImageObject","inLanguage":"fr-FR","@id":"https:\/\/secure.gravatar.com\/avatar\/b1ee285506e2cb880ec988990d360e255aecb31c77212741dace1023623610c2?s=96&d=mm&r=g","url":"https:\/\/secure.gravatar.com\/avatar\/b1ee285506e2cb880ec988990d360e255aecb31c77212741dace1023623610c2?s=96&d=mm&r=g","contentUrl":"https:\/\/secure.gravatar.com\/avatar\/b1ee285506e2cb880ec988990d360e255aecb31c77212741dace1023623610c2?s=96&d=mm&r=g","caption":"Groupe local Paillon-B\u00e9v\u00e9ra"},"url":"https:\/\/paca.lpo.fr\/blogs\/nice\/author\/alpesmaritimesest\/"}]}},"jetpack_featured_media_url":"","_links":{"self":[{"href":"https:\/\/paca.lpo.fr\/blogs\/nice\/wp-json\/wp\/v2\/posts\/2363","targetHints":{"allow":["GET"]}}],"collection":[{"href":"https:\/\/paca.lpo.fr\/blogs\/nice\/wp-json\/wp\/v2\/posts"}],"about":[{"href":"https:\/\/paca.lpo.fr\/blogs\/nice\/wp-json\/wp\/v2\/types\/post"}],"author":[{"embeddable":true,"href":"https:\/\/paca.lpo.fr\/blogs\/nice\/wp-json\/wp\/v2\/users\/15"}],"replies":[{"embeddable":true,"href":"https:\/\/paca.lpo.fr\/blogs\/nice\/wp-json\/wp\/v2\/comments?post=2363"}],"version-history":[{"count":1,"href":"https:\/\/paca.lpo.fr\/blogs\/nice\/wp-json\/wp\/v2\/posts\/2363\/revisions"}],"predecessor-version":[{"id":2364,"href":"https:\/\/paca.lpo.fr\/blogs\/nice\/wp-json\/wp\/v2\/posts\/2363\/revisions\/2364"}],"wp:attachment":[{"href":"https:\/\/paca.lpo.fr\/blogs\/nice\/wp-json\/wp\/v2\/media?parent=2363"}],"wp:term":[{"taxonomy":"category","embeddable":true,"href":"https:\/\/paca.lpo.fr\/blogs\/nice\/wp-json\/wp\/v2\/categories?post=2363"},{"taxonomy":"post_tag","embeddable":true,"href":"https:\/\/paca.lpo.fr\/blogs\/nice\/wp-json\/wp\/v2\/tags?post=2363"}],"curies":[{"name":"wp","href":"https:\/\/api.w.org\/{rel}","templated":true}]}}