{"id":2378,"date":"2018-10-08T13:36:11","date_gmt":"2018-10-08T12:36:11","guid":{"rendered":"https:\/\/paca.lpo.fr\/blogs\/nice\/?p=2378"},"modified":"2018-10-08T13:36:11","modified_gmt":"2018-10-08T12:36:11","slug":"eurobirdwatch-au-camp-de-migration-du-fort-de-la-revere","status":"publish","type":"post","link":"https:\/\/paca.lpo.fr\/blogs\/nice\/2018\/10\/08\/eurobirdwatch-au-camp-de-migration-du-fort-de-la-revere\/","title":{"rendered":"\u00ab\u00a0Eurobirdwatch\u00a0\u00bb au camp de migration du Fort de la Rev\u00e8re"},"content":{"rendered":"<p>Eurobirdwatch le 6 octobre devait \u00eatre la journ\u00e9e des hirondelles, mais s\u2019est transform\u00e9 en journ\u00e9e aigles bott\u00e9s, avec le passage de 203 individus. Pendant ce weekend 603 aigles bott\u00e9s ont survol\u00e9 les Alpes Maritimes, partant vers l\u2019est, contrairement aux autres esp\u00e8ces d\u2019oiseaux migrateurs qui arrivent de l\u2019est et du nord-est pour descendre sur l\u2019Espagne et traverser la M\u00e9diterran\u00e9e.<\/p>\n<figure id=\"attachment_2380\" aria-describedby=\"caption-attachment-2380\" style=\"width: 480px\" class=\"wp-caption alignnone\"><img loading=\"lazy\" decoding=\"async\" class=\"size-medium wp-image-2380\" src=\"https:\/\/paca.lpo.fr\/blogs\/nice\/files\/2018\/10\/blog1-480x360.jpg\" alt=\"\" width=\"480\" height=\"360\" srcset=\"https:\/\/paca.lpo.fr\/blogs\/nice\/files\/2018\/10\/blog1-480x360.jpg 480w, https:\/\/paca.lpo.fr\/blogs\/nice\/files\/2018\/10\/blog1-768x577.jpg 768w, https:\/\/paca.lpo.fr\/blogs\/nice\/files\/2018\/10\/blog1-960x721.jpg 960w, https:\/\/paca.lpo.fr\/blogs\/nice\/files\/2018\/10\/blog1-700x526.jpg 700w, https:\/\/paca.lpo.fr\/blogs\/nice\/files\/2018\/10\/blog1.jpg 983w\" sizes=\"auto, (max-width: 480px) 100vw, 480px\" \/><figcaption id=\"caption-attachment-2380\" class=\"wp-caption-text\">Accueil du public<\/figcaption><\/figure>\n<p><img loading=\"lazy\" decoding=\"async\" class=\"alignnone size-medium wp-image-2381\" src=\"https:\/\/paca.lpo.fr\/blogs\/nice\/files\/2018\/10\/blog3-480x360.jpg\" alt=\"\" width=\"480\" height=\"360\" srcset=\"https:\/\/paca.lpo.fr\/blogs\/nice\/files\/2018\/10\/blog3-480x360.jpg 480w, https:\/\/paca.lpo.fr\/blogs\/nice\/files\/2018\/10\/blog3-768x576.jpg 768w, https:\/\/paca.lpo.fr\/blogs\/nice\/files\/2018\/10\/blog3-960x720.jpg 960w, https:\/\/paca.lpo.fr\/blogs\/nice\/files\/2018\/10\/blog3-700x525.jpg 700w, https:\/\/paca.lpo.fr\/blogs\/nice\/files\/2018\/10\/blog3.jpg 999w\" sizes=\"auto, (max-width: 480px) 100vw, 480px\" \/><\/p>\n<p>Prochaine journ\u00e9e le 14 octobre, avec une formation propos\u00e9e sur inscription \u00ab Devenir spotteur du camp de migration \u00bb. Plus d\u2019infos 07 72 42 38 44.<\/p>\n","protected":false},"excerpt":{"rendered":"<p>Eurobirdwatch le 6 octobre devait \u00eatre la journ\u00e9e des hirondelles, mais s\u2019est transform\u00e9 en journ\u00e9e aigles bott\u00e9s, avec le passage de 203 individus. Pendant ce weekend 603 aigles bott\u00e9s ont survol\u00e9 les Alpes Maritimes, partant vers l\u2019est, contrairement aux autres esp\u00e8ces d\u2019oiseaux migrateurs qui arrivent de l\u2019est et du nord-est pour descendre sur l\u2019Espagne et [&hellip;]<\/p>\n","protected":false},"author":15,"featured_media":2379,"comment_status":"open","ping_status":"open","sticky":false,"template":"","format":"standard","meta":{"footnotes":""},"categories":[77,3],"tags":[],"class_list":["post-2378","post","type-post","status-publish","format-standard","has-post-thumbnail","hentry","category-grands-evenements","category-vie-groupe"],"yoast_head":"<!-- This site is optimized with the Yoast SEO plugin v28.3 - https:\/\/yoast.com\/product\/yoast-seo-wordpress\/ -->\n<title>&quot;Eurobirdwatch&quot; au camp de migration du Fort de la Rev\u00e8re - Groupe local Nice<\/title>\n<meta name=\"robots\" content=\"index, follow, max-snippet:-1, max-image-preview:large, max-video-preview:-1\" \/>\n<link rel=\"canonical\" href=\"https:\/\/paca.lpo.fr\/blogs\/nice\/2018\/10\/08\/eurobirdwatch-au-camp-de-migration-du-fort-de-la-revere\/\" \/>\n<meta property=\"og:locale\" content=\"fr_FR\" \/>\n<meta property=\"og:type\" content=\"article\" \/>\n<meta property=\"og:title\" content=\"&quot;Eurobirdwatch&quot; au camp de migration du Fort de la Rev\u00e8re - Groupe local Nice\" \/>\n<meta property=\"og:description\" content=\"Eurobirdwatch le 6 octobre devait \u00eatre la journ\u00e9e des hirondelles, mais s\u2019est transform\u00e9 en journ\u00e9e aigles bott\u00e9s, avec le passage de 203 individus. Pendant ce weekend 603 aigles bott\u00e9s ont survol\u00e9 les Alpes Maritimes, partant vers l\u2019est, contrairement aux autres esp\u00e8ces d\u2019oiseaux migrateurs qui arrivent de l\u2019est et du nord-est pour descendre sur l\u2019Espagne et [&hellip;]\" \/>\n<meta property=\"og:url\" content=\"https:\/\/paca.lpo.fr\/blogs\/nice\/2018\/10\/08\/eurobirdwatch-au-camp-de-migration-du-fort-de-la-revere\/\" \/>\n<meta property=\"og:site_name\" content=\"Groupe local Nice\" \/>\n<meta property=\"article:published_time\" content=\"2018-10-08T12:36:11+00:00\" \/>\n<meta property=\"og:image\" content=\"https:\/\/paca.lpo.fr\/blogs\/nice\/files\/2018\/10\/xblogab.jpg\" \/>\n\t<meta property=\"og:image:width\" content=\"895\" \/>\n\t<meta property=\"og:image:height\" content=\"489\" \/>\n\t<meta property=\"og:image:type\" content=\"image\/jpeg\" \/>\n<meta name=\"author\" content=\"Groupe local Paillon-B\u00e9v\u00e9ra\" \/>\n<meta name=\"twitter:card\" content=\"summary_large_image\" \/>\n<meta name=\"twitter:label1\" content=\"\u00c9crit par\" \/>\n\t<meta name=\"twitter:data1\" content=\"Groupe local Paillon-B\u00e9v\u00e9ra\" \/>\n<script type=\"application\/ld+json\" class=\"yoast-schema-graph\">{\"@context\":\"https:\\\/\\\/schema.org\",\"@graph\":[{\"@type\":\"Article\",\"@id\":\"https:\\\/\\\/paca.lpo.fr\\\/blogs\\\/nice\\\/2018\\\/10\\\/08\\\/eurobirdwatch-au-camp-de-migration-du-fort-de-la-revere\\\/#article\",\"isPartOf\":{\"@id\":\"https:\\\/\\\/paca.lpo.fr\\\/blogs\\\/nice\\\/2018\\\/10\\\/08\\\/eurobirdwatch-au-camp-de-migration-du-fort-de-la-revere\\\/\"},\"author\":{\"name\":\"Groupe local Paillon-B\u00e9v\u00e9ra\",\"@id\":\"https:\\\/\\\/paca.lpo.fr\\\/blogs\\\/nice\\\/#\\\/schema\\\/person\\\/1bda33335fb71e0b3552487db26a4c56\"},\"headline\":\"\u00ab\u00a0Eurobirdwatch\u00a0\u00bb au camp de migration du Fort de la Rev\u00e8re\",\"datePublished\":\"2018-10-08T12:36:11+00:00\",\"mainEntityOfPage\":{\"@id\":\"https:\\\/\\\/paca.lpo.fr\\\/blogs\\\/nice\\\/2018\\\/10\\\/08\\\/eurobirdwatch-au-camp-de-migration-du-fort-de-la-revere\\\/\"},\"wordCount\":109,\"commentCount\":0,\"publisher\":{\"@id\":\"https:\\\/\\\/paca.lpo.fr\\\/blogs\\\/nice\\\/#organization\"},\"image\":{\"@id\":\"https:\\\/\\\/paca.lpo.fr\\\/blogs\\\/nice\\\/2018\\\/10\\\/08\\\/eurobirdwatch-au-camp-de-migration-du-fort-de-la-revere\\\/#primaryimage\"},\"thumbnailUrl\":\"https:\\\/\\\/paca.lpo.fr\\\/blogs\\\/nice\\\/files\\\/2018\\\/10\\\/xblogab.jpg\",\"articleSection\":[\"Grands \u00e9v\u00e8nements\",\"Vie du groupe\"],\"inLanguage\":\"fr-FR\",\"potentialAction\":[{\"@type\":\"CommentAction\",\"name\":\"Comment\",\"target\":[\"https:\\\/\\\/paca.lpo.fr\\\/blogs\\\/nice\\\/2018\\\/10\\\/08\\\/eurobirdwatch-au-camp-de-migration-du-fort-de-la-revere\\\/#respond\"]}]},{\"@type\":\"WebPage\",\"@id\":\"https:\\\/\\\/paca.lpo.fr\\\/blogs\\\/nice\\\/2018\\\/10\\\/08\\\/eurobirdwatch-au-camp-de-migration-du-fort-de-la-revere\\\/\",\"url\":\"https:\\\/\\\/paca.lpo.fr\\\/blogs\\\/nice\\\/2018\\\/10\\\/08\\\/eurobirdwatch-au-camp-de-migration-du-fort-de-la-revere\\\/\",\"name\":\"\\\"Eurobirdwatch\\\" au camp de migration du Fort de la Rev\u00e8re - Groupe local Nice\",\"isPartOf\":{\"@id\":\"https:\\\/\\\/paca.lpo.fr\\\/blogs\\\/nice\\\/#website\"},\"primaryImageOfPage\":{\"@id\":\"https:\\\/\\\/paca.lpo.fr\\\/blogs\\\/nice\\\/2018\\\/10\\\/08\\\/eurobirdwatch-au-camp-de-migration-du-fort-de-la-revere\\\/#primaryimage\"},\"image\":{\"@id\":\"https:\\\/\\\/paca.lpo.fr\\\/blogs\\\/nice\\\/2018\\\/10\\\/08\\\/eurobirdwatch-au-camp-de-migration-du-fort-de-la-revere\\\/#primaryimage\"},\"thumbnailUrl\":\"https:\\\/\\\/paca.lpo.fr\\\/blogs\\\/nice\\\/files\\\/2018\\\/10\\\/xblogab.jpg\",\"datePublished\":\"2018-10-08T12:36:11+00:00\",\"breadcrumb\":{\"@id\":\"https:\\\/\\\/paca.lpo.fr\\\/blogs\\\/nice\\\/2018\\\/10\\\/08\\\/eurobirdwatch-au-camp-de-migration-du-fort-de-la-revere\\\/#breadcrumb\"},\"inLanguage\":\"fr-FR\",\"potentialAction\":[{\"@type\":\"ReadAction\",\"target\":[\"https:\\\/\\\/paca.lpo.fr\\\/blogs\\\/nice\\\/2018\\\/10\\\/08\\\/eurobirdwatch-au-camp-de-migration-du-fort-de-la-revere\\\/\"]}]},{\"@type\":\"ImageObject\",\"inLanguage\":\"fr-FR\",\"@id\":\"https:\\\/\\\/paca.lpo.fr\\\/blogs\\\/nice\\\/2018\\\/10\\\/08\\\/eurobirdwatch-au-camp-de-migration-du-fort-de-la-revere\\\/#primaryimage\",\"url\":\"https:\\\/\\\/paca.lpo.fr\\\/blogs\\\/nice\\\/files\\\/2018\\\/10\\\/xblogab.jpg\",\"contentUrl\":\"https:\\\/\\\/paca.lpo.fr\\\/blogs\\\/nice\\\/files\\\/2018\\\/10\\\/xblogab.jpg\",\"width\":895,\"height\":489,\"caption\":\"Un aigle bott\u00e9 de forme claire, semblable \u00e0 ceux qui ont survol\u00e9 le camp\"},{\"@type\":\"BreadcrumbList\",\"@id\":\"https:\\\/\\\/paca.lpo.fr\\\/blogs\\\/nice\\\/2018\\\/10\\\/08\\\/eurobirdwatch-au-camp-de-migration-du-fort-de-la-revere\\\/#breadcrumb\",\"itemListElement\":[{\"@type\":\"ListItem\",\"position\":1,\"name\":\"Accueil\",\"item\":\"https:\\\/\\\/paca.lpo.fr\\\/blogs\\\/nice\\\/\"},{\"@type\":\"ListItem\",\"position\":2,\"name\":\"\u00ab\u00a0Eurobirdwatch\u00a0\u00bb au camp de migration du Fort de la Rev\u00e8re\"}]},{\"@type\":\"WebSite\",\"@id\":\"https:\\\/\\\/paca.lpo.fr\\\/blogs\\\/nice\\\/#website\",\"url\":\"https:\\\/\\\/paca.lpo.fr\\\/blogs\\\/nice\\\/\",\"name\":\"Groupe local Nice\",\"description\":\"Groupe local Nice\",\"publisher\":{\"@id\":\"https:\\\/\\\/paca.lpo.fr\\\/blogs\\\/nice\\\/#organization\"},\"potentialAction\":[{\"@type\":\"SearchAction\",\"target\":{\"@type\":\"EntryPoint\",\"urlTemplate\":\"https:\\\/\\\/paca.lpo.fr\\\/blogs\\\/nice\\\/?s={search_term_string}\"},\"query-input\":{\"@type\":\"PropertyValueSpecification\",\"valueRequired\":true,\"valueName\":\"search_term_string\"}}],\"inLanguage\":\"fr-FR\"},{\"@type\":\"Organization\",\"@id\":\"https:\\\/\\\/paca.lpo.fr\\\/blogs\\\/nice\\\/#organization\",\"name\":\"Groupe local Nice\",\"url\":\"https:\\\/\\\/paca.lpo.fr\\\/blogs\\\/nice\\\/\",\"logo\":{\"@type\":\"ImageObject\",\"inLanguage\":\"fr-FR\",\"@id\":\"https:\\\/\\\/paca.lpo.fr\\\/blogs\\\/nice\\\/#\\\/schema\\\/logo\\\/image\\\/\",\"url\":\"https:\\\/\\\/paca.lpo.fr\\\/blogs\\\/nice\\\/files\\\/2024\\\/01\\\/cropped-rvb-lpo-paca-logotype-signature-droite-mini-500.jpg\",\"contentUrl\":\"https:\\\/\\\/paca.lpo.fr\\\/blogs\\\/nice\\\/files\\\/2024\\\/01\\\/cropped-rvb-lpo-paca-logotype-signature-droite-mini-500.jpg\",\"width\":500,\"height\":210,\"caption\":\"Groupe local Nice\"},\"image\":{\"@id\":\"https:\\\/\\\/paca.lpo.fr\\\/blogs\\\/nice\\\/#\\\/schema\\\/logo\\\/image\\\/\"}},{\"@type\":\"Person\",\"@id\":\"https:\\\/\\\/paca.lpo.fr\\\/blogs\\\/nice\\\/#\\\/schema\\\/person\\\/1bda33335fb71e0b3552487db26a4c56\",\"name\":\"Groupe local Paillon-B\u00e9v\u00e9ra\",\"image\":{\"@type\":\"ImageObject\",\"inLanguage\":\"fr-FR\",\"@id\":\"https:\\\/\\\/secure.gravatar.com\\\/avatar\\\/b1ee285506e2cb880ec988990d360e255aecb31c77212741dace1023623610c2?s=96&d=mm&r=g\",\"url\":\"https:\\\/\\\/secure.gravatar.com\\\/avatar\\\/b1ee285506e2cb880ec988990d360e255aecb31c77212741dace1023623610c2?s=96&d=mm&r=g\",\"contentUrl\":\"https:\\\/\\\/secure.gravatar.com\\\/avatar\\\/b1ee285506e2cb880ec988990d360e255aecb31c77212741dace1023623610c2?s=96&d=mm&r=g\",\"caption\":\"Groupe local Paillon-B\u00e9v\u00e9ra\"},\"url\":\"https:\\\/\\\/paca.lpo.fr\\\/blogs\\\/nice\\\/author\\\/alpesmaritimesest\\\/\"}]}<\/script>\n<!-- \/ Yoast SEO plugin. -->","yoast_head_json":{"title":"\"Eurobirdwatch\" au camp de migration du Fort de la Rev\u00e8re - Groupe local Nice","robots":{"index":"index","follow":"follow","max-snippet":"max-snippet:-1","max-image-preview":"max-image-preview:large","max-video-preview":"max-video-preview:-1"},"canonical":"https:\/\/paca.lpo.fr\/blogs\/nice\/2018\/10\/08\/eurobirdwatch-au-camp-de-migration-du-fort-de-la-revere\/","og_locale":"fr_FR","og_type":"article","og_title":"\"Eurobirdwatch\" au camp de migration du Fort de la Rev\u00e8re - Groupe local Nice","og_description":"Eurobirdwatch le 6 octobre devait \u00eatre la journ\u00e9e des hirondelles, mais s\u2019est transform\u00e9 en journ\u00e9e aigles bott\u00e9s, avec le passage de 203 individus. Pendant ce weekend 603 aigles bott\u00e9s ont survol\u00e9 les Alpes Maritimes, partant vers l\u2019est, contrairement aux autres esp\u00e8ces d\u2019oiseaux migrateurs qui arrivent de l\u2019est et du nord-est pour descendre sur l\u2019Espagne et [&hellip;]","og_url":"https:\/\/paca.lpo.fr\/blogs\/nice\/2018\/10\/08\/eurobirdwatch-au-camp-de-migration-du-fort-de-la-revere\/","og_site_name":"Groupe local Nice","article_published_time":"2018-10-08T12:36:11+00:00","og_image":[{"width":895,"height":489,"url":"https:\/\/paca.lpo.fr\/blogs\/nice\/files\/2018\/10\/xblogab.jpg","type":"image\/jpeg"}],"author":"Groupe local Paillon-B\u00e9v\u00e9ra","twitter_card":"summary_large_image","twitter_misc":{"\u00c9crit par":"Groupe local Paillon-B\u00e9v\u00e9ra"},"schema":{"@context":"https:\/\/schema.org","@graph":[{"@type":"Article","@id":"https:\/\/paca.lpo.fr\/blogs\/nice\/2018\/10\/08\/eurobirdwatch-au-camp-de-migration-du-fort-de-la-revere\/#article","isPartOf":{"@id":"https:\/\/paca.lpo.fr\/blogs\/nice\/2018\/10\/08\/eurobirdwatch-au-camp-de-migration-du-fort-de-la-revere\/"},"author":{"name":"Groupe local Paillon-B\u00e9v\u00e9ra","@id":"https:\/\/paca.lpo.fr\/blogs\/nice\/#\/schema\/person\/1bda33335fb71e0b3552487db26a4c56"},"headline":"\u00ab\u00a0Eurobirdwatch\u00a0\u00bb au camp de migration du Fort de la Rev\u00e8re","datePublished":"2018-10-08T12:36:11+00:00","mainEntityOfPage":{"@id":"https:\/\/paca.lpo.fr\/blogs\/nice\/2018\/10\/08\/eurobirdwatch-au-camp-de-migration-du-fort-de-la-revere\/"},"wordCount":109,"commentCount":0,"publisher":{"@id":"https:\/\/paca.lpo.fr\/blogs\/nice\/#organization"},"image":{"@id":"https:\/\/paca.lpo.fr\/blogs\/nice\/2018\/10\/08\/eurobirdwatch-au-camp-de-migration-du-fort-de-la-revere\/#primaryimage"},"thumbnailUrl":"https:\/\/paca.lpo.fr\/blogs\/nice\/files\/2018\/10\/xblogab.jpg","articleSection":["Grands \u00e9v\u00e8nements","Vie du groupe"],"inLanguage":"fr-FR","potentialAction":[{"@type":"CommentAction","name":"Comment","target":["https:\/\/paca.lpo.fr\/blogs\/nice\/2018\/10\/08\/eurobirdwatch-au-camp-de-migration-du-fort-de-la-revere\/#respond"]}]},{"@type":"WebPage","@id":"https:\/\/paca.lpo.fr\/blogs\/nice\/2018\/10\/08\/eurobirdwatch-au-camp-de-migration-du-fort-de-la-revere\/","url":"https:\/\/paca.lpo.fr\/blogs\/nice\/2018\/10\/08\/eurobirdwatch-au-camp-de-migration-du-fort-de-la-revere\/","name":"\"Eurobirdwatch\" au camp de migration du Fort de la Rev\u00e8re - Groupe local Nice","isPartOf":{"@id":"https:\/\/paca.lpo.fr\/blogs\/nice\/#website"},"primaryImageOfPage":{"@id":"https:\/\/paca.lpo.fr\/blogs\/nice\/2018\/10\/08\/eurobirdwatch-au-camp-de-migration-du-fort-de-la-revere\/#primaryimage"},"image":{"@id":"https:\/\/paca.lpo.fr\/blogs\/nice\/2018\/10\/08\/eurobirdwatch-au-camp-de-migration-du-fort-de-la-revere\/#primaryimage"},"thumbnailUrl":"https:\/\/paca.lpo.fr\/blogs\/nice\/files\/2018\/10\/xblogab.jpg","datePublished":"2018-10-08T12:36:11+00:00","breadcrumb":{"@id":"https:\/\/paca.lpo.fr\/blogs\/nice\/2018\/10\/08\/eurobirdwatch-au-camp-de-migration-du-fort-de-la-revere\/#breadcrumb"},"inLanguage":"fr-FR","potentialAction":[{"@type":"ReadAction","target":["https:\/\/paca.lpo.fr\/blogs\/nice\/2018\/10\/08\/eurobirdwatch-au-camp-de-migration-du-fort-de-la-revere\/"]}]},{"@type":"ImageObject","inLanguage":"fr-FR","@id":"https:\/\/paca.lpo.fr\/blogs\/nice\/2018\/10\/08\/eurobirdwatch-au-camp-de-migration-du-fort-de-la-revere\/#primaryimage","url":"https:\/\/paca.lpo.fr\/blogs\/nice\/files\/2018\/10\/xblogab.jpg","contentUrl":"https:\/\/paca.lpo.fr\/blogs\/nice\/files\/2018\/10\/xblogab.jpg","width":895,"height":489,"caption":"Un aigle bott\u00e9 de forme claire, semblable \u00e0 ceux qui ont survol\u00e9 le camp"},{"@type":"BreadcrumbList","@id":"https:\/\/paca.lpo.fr\/blogs\/nice\/2018\/10\/08\/eurobirdwatch-au-camp-de-migration-du-fort-de-la-revere\/#breadcrumb","itemListElement":[{"@type":"ListItem","position":1,"name":"Accueil","item":"https:\/\/paca.lpo.fr\/blogs\/nice\/"},{"@type":"ListItem","position":2,"name":"\u00ab\u00a0Eurobirdwatch\u00a0\u00bb au camp de migration du Fort de la Rev\u00e8re"}]},{"@type":"WebSite","@id":"https:\/\/paca.lpo.fr\/blogs\/nice\/#website","url":"https:\/\/paca.lpo.fr\/blogs\/nice\/","name":"Groupe local Nice","description":"Groupe local Nice","publisher":{"@id":"https:\/\/paca.lpo.fr\/blogs\/nice\/#organization"},"potentialAction":[{"@type":"SearchAction","target":{"@type":"EntryPoint","urlTemplate":"https:\/\/paca.lpo.fr\/blogs\/nice\/?s={search_term_string}"},"query-input":{"@type":"PropertyValueSpecification","valueRequired":true,"valueName":"search_term_string"}}],"inLanguage":"fr-FR"},{"@type":"Organization","@id":"https:\/\/paca.lpo.fr\/blogs\/nice\/#organization","name":"Groupe local Nice","url":"https:\/\/paca.lpo.fr\/blogs\/nice\/","logo":{"@type":"ImageObject","inLanguage":"fr-FR","@id":"https:\/\/paca.lpo.fr\/blogs\/nice\/#\/schema\/logo\/image\/","url":"https:\/\/paca.lpo.fr\/blogs\/nice\/files\/2024\/01\/cropped-rvb-lpo-paca-logotype-signature-droite-mini-500.jpg","contentUrl":"https:\/\/paca.lpo.fr\/blogs\/nice\/files\/2024\/01\/cropped-rvb-lpo-paca-logotype-signature-droite-mini-500.jpg","width":500,"height":210,"caption":"Groupe local Nice"},"image":{"@id":"https:\/\/paca.lpo.fr\/blogs\/nice\/#\/schema\/logo\/image\/"}},{"@type":"Person","@id":"https:\/\/paca.lpo.fr\/blogs\/nice\/#\/schema\/person\/1bda33335fb71e0b3552487db26a4c56","name":"Groupe local Paillon-B\u00e9v\u00e9ra","image":{"@type":"ImageObject","inLanguage":"fr-FR","@id":"https:\/\/secure.gravatar.com\/avatar\/b1ee285506e2cb880ec988990d360e255aecb31c77212741dace1023623610c2?s=96&d=mm&r=g","url":"https:\/\/secure.gravatar.com\/avatar\/b1ee285506e2cb880ec988990d360e255aecb31c77212741dace1023623610c2?s=96&d=mm&r=g","contentUrl":"https:\/\/secure.gravatar.com\/avatar\/b1ee285506e2cb880ec988990d360e255aecb31c77212741dace1023623610c2?s=96&d=mm&r=g","caption":"Groupe local Paillon-B\u00e9v\u00e9ra"},"url":"https:\/\/paca.lpo.fr\/blogs\/nice\/author\/alpesmaritimesest\/"}]}},"jetpack_featured_media_url":"https:\/\/paca.lpo.fr\/blogs\/nice\/files\/2018\/10\/xblogab.jpg","_links":{"self":[{"href":"https:\/\/paca.lpo.fr\/blogs\/nice\/wp-json\/wp\/v2\/posts\/2378","targetHints":{"allow":["GET"]}}],"collection":[{"href":"https:\/\/paca.lpo.fr\/blogs\/nice\/wp-json\/wp\/v2\/posts"}],"about":[{"href":"https:\/\/paca.lpo.fr\/blogs\/nice\/wp-json\/wp\/v2\/types\/post"}],"author":[{"embeddable":true,"href":"https:\/\/paca.lpo.fr\/blogs\/nice\/wp-json\/wp\/v2\/users\/15"}],"replies":[{"embeddable":true,"href":"https:\/\/paca.lpo.fr\/blogs\/nice\/wp-json\/wp\/v2\/comments?post=2378"}],"version-history":[{"count":1,"href":"https:\/\/paca.lpo.fr\/blogs\/nice\/wp-json\/wp\/v2\/posts\/2378\/revisions"}],"predecessor-version":[{"id":2382,"href":"https:\/\/paca.lpo.fr\/blogs\/nice\/wp-json\/wp\/v2\/posts\/2378\/revisions\/2382"}],"wp:featuredmedia":[{"embeddable":true,"href":"https:\/\/paca.lpo.fr\/blogs\/nice\/wp-json\/wp\/v2\/media\/2379"}],"wp:attachment":[{"href":"https:\/\/paca.lpo.fr\/blogs\/nice\/wp-json\/wp\/v2\/media?parent=2378"}],"wp:term":[{"taxonomy":"category","embeddable":true,"href":"https:\/\/paca.lpo.fr\/blogs\/nice\/wp-json\/wp\/v2\/categories?post=2378"},{"taxonomy":"post_tag","embeddable":true,"href":"https:\/\/paca.lpo.fr\/blogs\/nice\/wp-json\/wp\/v2\/tags?post=2378"}],"curies":[{"name":"wp","href":"https:\/\/api.w.org\/{rel}","templated":true}]}}