{"id":2393,"date":"2018-10-15T14:03:46","date_gmt":"2018-10-15T13:03:46","guid":{"rendered":"https:\/\/paca.lpo.fr\/blogs\/nice\/?p=2393"},"modified":"2018-10-15T14:03:46","modified_gmt":"2018-10-15T13:03:46","slug":"les-eleves-de-lecole-ray-gorbella-au-camp-de-migration","status":"publish","type":"post","link":"https:\/\/paca.lpo.fr\/blogs\/nice\/2018\/10\/15\/les-eleves-de-lecole-ray-gorbella-au-camp-de-migration\/","title":{"rendered":"Les \u00e9l\u00e8ves de l&rsquo;\u00e9cole Ray-Gorbella au camp de migration"},"content":{"rendered":"<p>Les \u00e9l\u00e8ves de l&rsquo;\u00e9cole Ray-Gorbella de Nice n&rsquo;avaient pas l&rsquo;air m\u00e9contents de pouvoir passer la journ\u00e9e du vendredi 12 octobre en plein air et au soleil dans le PND de la Grande Corniche.<\/p>\n<p>Au programme, animations sur la migration des oiseaux \u00e0 l&rsquo;observatoire, visite de la maison de la nature et l&rsquo;expo LPO \u00ab\u00a0Oiseaux d&rsquo;Afrique\u00a0\u00bb, piquenique au soleil, pour 49 enfants de CP et autant de CM1. Ils ont pu observer quelques passages de pinsons des arbres.<\/p>\n<p><img loading=\"lazy\" decoding=\"async\" class=\"alignnone size-medium wp-image-2395\" src=\"https:\/\/paca.lpo.fr\/blogs\/nice\/files\/2018\/10\/blograyune-480x360.jpg\" alt=\"\" width=\"480\" height=\"360\" srcset=\"https:\/\/paca.lpo.fr\/blogs\/nice\/files\/2018\/10\/blograyune-480x360.jpg 480w, https:\/\/paca.lpo.fr\/blogs\/nice\/files\/2018\/10\/blograyune-768x576.jpg 768w, https:\/\/paca.lpo.fr\/blogs\/nice\/files\/2018\/10\/blograyune-960x720.jpg 960w, https:\/\/paca.lpo.fr\/blogs\/nice\/files\/2018\/10\/blograyune-700x525.jpg 700w, https:\/\/paca.lpo.fr\/blogs\/nice\/files\/2018\/10\/blograyune.jpg 991w\" sizes=\"auto, (max-width: 480px) 100vw, 480px\" \/><\/p>\n","protected":false},"excerpt":{"rendered":"<p>Les \u00e9l\u00e8ves de l&rsquo;\u00e9cole Ray-Gorbella de Nice n&rsquo;avaient pas l&rsquo;air m\u00e9contents de pouvoir passer la journ\u00e9e du vendredi 12 octobre en plein air et au soleil dans le PND de la Grande Corniche. Au programme, animations sur la migration des oiseaux \u00e0 l&rsquo;observatoire, visite de la maison de la nature et l&rsquo;expo LPO \u00ab\u00a0Oiseaux d&rsquo;Afrique\u00a0\u00bb, [&hellip;]<\/p>\n","protected":false},"author":15,"featured_media":2394,"comment_status":"open","ping_status":"open","sticky":false,"template":"","format":"standard","meta":{"footnotes":""},"categories":[79,1],"tags":[],"class_list":["post-2393","post","type-post","status-publish","format-standard","has-post-thumbnail","hentry","category-education-a-lenvironnement","category-sorties-nature"],"yoast_head":"<!-- This site is optimized with the Yoast SEO plugin v28.3 - https:\/\/yoast.com\/product\/yoast-seo-wordpress\/ -->\n<title>Les \u00e9l\u00e8ves de l&#039;\u00e9cole Ray-Gorbella au camp de migration - Groupe local Nice<\/title>\n<meta name=\"robots\" content=\"index, follow, max-snippet:-1, max-image-preview:large, max-video-preview:-1\" \/>\n<link rel=\"canonical\" href=\"https:\/\/paca.lpo.fr\/blogs\/nice\/2018\/10\/15\/les-eleves-de-lecole-ray-gorbella-au-camp-de-migration\/\" \/>\n<meta property=\"og:locale\" content=\"fr_FR\" \/>\n<meta property=\"og:type\" content=\"article\" \/>\n<meta property=\"og:title\" content=\"Les \u00e9l\u00e8ves de l&#039;\u00e9cole Ray-Gorbella au camp de migration - Groupe local Nice\" \/>\n<meta property=\"og:description\" content=\"Les \u00e9l\u00e8ves de l&rsquo;\u00e9cole Ray-Gorbella de Nice n&rsquo;avaient pas l&rsquo;air m\u00e9contents de pouvoir passer la journ\u00e9e du vendredi 12 octobre en plein air et au soleil dans le PND de la Grande Corniche. Au programme, animations sur la migration des oiseaux \u00e0 l&rsquo;observatoire, visite de la maison de la nature et l&rsquo;expo LPO \u00ab\u00a0Oiseaux d&rsquo;Afrique\u00a0\u00bb, [&hellip;]\" \/>\n<meta property=\"og:url\" content=\"https:\/\/paca.lpo.fr\/blogs\/nice\/2018\/10\/15\/les-eleves-de-lecole-ray-gorbella-au-camp-de-migration\/\" \/>\n<meta property=\"og:site_name\" content=\"Groupe local Nice\" \/>\n<meta property=\"article:published_time\" content=\"2018-10-15T13:03:46+00:00\" \/>\n<meta property=\"og:image\" content=\"https:\/\/paca.lpo.fr\/blogs\/nice\/files\/2018\/10\/blogray1.jpg\" \/>\n\t<meta property=\"og:image:width\" content=\"968\" \/>\n\t<meta property=\"og:image:height\" content=\"726\" \/>\n\t<meta property=\"og:image:type\" content=\"image\/jpeg\" \/>\n<meta name=\"author\" content=\"Groupe local Paillon-B\u00e9v\u00e9ra\" \/>\n<meta name=\"twitter:card\" content=\"summary_large_image\" \/>\n<meta name=\"twitter:label1\" content=\"\u00c9crit par\" \/>\n\t<meta name=\"twitter:data1\" content=\"Groupe local Paillon-B\u00e9v\u00e9ra\" \/>\n<script type=\"application\/ld+json\" class=\"yoast-schema-graph\">{\"@context\":\"https:\\\/\\\/schema.org\",\"@graph\":[{\"@type\":\"Article\",\"@id\":\"https:\\\/\\\/paca.lpo.fr\\\/blogs\\\/nice\\\/2018\\\/10\\\/15\\\/les-eleves-de-lecole-ray-gorbella-au-camp-de-migration\\\/#article\",\"isPartOf\":{\"@id\":\"https:\\\/\\\/paca.lpo.fr\\\/blogs\\\/nice\\\/2018\\\/10\\\/15\\\/les-eleves-de-lecole-ray-gorbella-au-camp-de-migration\\\/\"},\"author\":{\"name\":\"Groupe local Paillon-B\u00e9v\u00e9ra\",\"@id\":\"https:\\\/\\\/paca.lpo.fr\\\/blogs\\\/nice\\\/#\\\/schema\\\/person\\\/1bda33335fb71e0b3552487db26a4c56\"},\"headline\":\"Les \u00e9l\u00e8ves de l&rsquo;\u00e9cole Ray-Gorbella au camp de migration\",\"datePublished\":\"2018-10-15T13:03:46+00:00\",\"mainEntityOfPage\":{\"@id\":\"https:\\\/\\\/paca.lpo.fr\\\/blogs\\\/nice\\\/2018\\\/10\\\/15\\\/les-eleves-de-lecole-ray-gorbella-au-camp-de-migration\\\/\"},\"wordCount\":94,\"commentCount\":0,\"publisher\":{\"@id\":\"https:\\\/\\\/paca.lpo.fr\\\/blogs\\\/nice\\\/#organization\"},\"image\":{\"@id\":\"https:\\\/\\\/paca.lpo.fr\\\/blogs\\\/nice\\\/2018\\\/10\\\/15\\\/les-eleves-de-lecole-ray-gorbella-au-camp-de-migration\\\/#primaryimage\"},\"thumbnailUrl\":\"https:\\\/\\\/paca.lpo.fr\\\/blogs\\\/nice\\\/files\\\/2018\\\/10\\\/blogray1.jpg\",\"articleSection\":[\"Education \u00e0 l'environnement\",\"grands \u00e9v\u00e8nements\"],\"inLanguage\":\"fr-FR\",\"potentialAction\":[{\"@type\":\"CommentAction\",\"name\":\"Comment\",\"target\":[\"https:\\\/\\\/paca.lpo.fr\\\/blogs\\\/nice\\\/2018\\\/10\\\/15\\\/les-eleves-de-lecole-ray-gorbella-au-camp-de-migration\\\/#respond\"]}]},{\"@type\":\"WebPage\",\"@id\":\"https:\\\/\\\/paca.lpo.fr\\\/blogs\\\/nice\\\/2018\\\/10\\\/15\\\/les-eleves-de-lecole-ray-gorbella-au-camp-de-migration\\\/\",\"url\":\"https:\\\/\\\/paca.lpo.fr\\\/blogs\\\/nice\\\/2018\\\/10\\\/15\\\/les-eleves-de-lecole-ray-gorbella-au-camp-de-migration\\\/\",\"name\":\"Les \u00e9l\u00e8ves de l'\u00e9cole Ray-Gorbella au camp de migration - Groupe local Nice\",\"isPartOf\":{\"@id\":\"https:\\\/\\\/paca.lpo.fr\\\/blogs\\\/nice\\\/#website\"},\"primaryImageOfPage\":{\"@id\":\"https:\\\/\\\/paca.lpo.fr\\\/blogs\\\/nice\\\/2018\\\/10\\\/15\\\/les-eleves-de-lecole-ray-gorbella-au-camp-de-migration\\\/#primaryimage\"},\"image\":{\"@id\":\"https:\\\/\\\/paca.lpo.fr\\\/blogs\\\/nice\\\/2018\\\/10\\\/15\\\/les-eleves-de-lecole-ray-gorbella-au-camp-de-migration\\\/#primaryimage\"},\"thumbnailUrl\":\"https:\\\/\\\/paca.lpo.fr\\\/blogs\\\/nice\\\/files\\\/2018\\\/10\\\/blogray1.jpg\",\"datePublished\":\"2018-10-15T13:03:46+00:00\",\"breadcrumb\":{\"@id\":\"https:\\\/\\\/paca.lpo.fr\\\/blogs\\\/nice\\\/2018\\\/10\\\/15\\\/les-eleves-de-lecole-ray-gorbella-au-camp-de-migration\\\/#breadcrumb\"},\"inLanguage\":\"fr-FR\",\"potentialAction\":[{\"@type\":\"ReadAction\",\"target\":[\"https:\\\/\\\/paca.lpo.fr\\\/blogs\\\/nice\\\/2018\\\/10\\\/15\\\/les-eleves-de-lecole-ray-gorbella-au-camp-de-migration\\\/\"]}]},{\"@type\":\"ImageObject\",\"inLanguage\":\"fr-FR\",\"@id\":\"https:\\\/\\\/paca.lpo.fr\\\/blogs\\\/nice\\\/2018\\\/10\\\/15\\\/les-eleves-de-lecole-ray-gorbella-au-camp-de-migration\\\/#primaryimage\",\"url\":\"https:\\\/\\\/paca.lpo.fr\\\/blogs\\\/nice\\\/files\\\/2018\\\/10\\\/blogray1.jpg\",\"contentUrl\":\"https:\\\/\\\/paca.lpo.fr\\\/blogs\\\/nice\\\/files\\\/2018\\\/10\\\/blogray1.jpg\",\"width\":968,\"height\":726,\"caption\":\"Des enfants attentifs et sages\"},{\"@type\":\"BreadcrumbList\",\"@id\":\"https:\\\/\\\/paca.lpo.fr\\\/blogs\\\/nice\\\/2018\\\/10\\\/15\\\/les-eleves-de-lecole-ray-gorbella-au-camp-de-migration\\\/#breadcrumb\",\"itemListElement\":[{\"@type\":\"ListItem\",\"position\":1,\"name\":\"Accueil\",\"item\":\"https:\\\/\\\/paca.lpo.fr\\\/blogs\\\/nice\\\/\"},{\"@type\":\"ListItem\",\"position\":2,\"name\":\"Les \u00e9l\u00e8ves de l&rsquo;\u00e9cole Ray-Gorbella au camp de migration\"}]},{\"@type\":\"WebSite\",\"@id\":\"https:\\\/\\\/paca.lpo.fr\\\/blogs\\\/nice\\\/#website\",\"url\":\"https:\\\/\\\/paca.lpo.fr\\\/blogs\\\/nice\\\/\",\"name\":\"Groupe local Nice\",\"description\":\"Groupe local Nice\",\"publisher\":{\"@id\":\"https:\\\/\\\/paca.lpo.fr\\\/blogs\\\/nice\\\/#organization\"},\"potentialAction\":[{\"@type\":\"SearchAction\",\"target\":{\"@type\":\"EntryPoint\",\"urlTemplate\":\"https:\\\/\\\/paca.lpo.fr\\\/blogs\\\/nice\\\/?s={search_term_string}\"},\"query-input\":{\"@type\":\"PropertyValueSpecification\",\"valueRequired\":true,\"valueName\":\"search_term_string\"}}],\"inLanguage\":\"fr-FR\"},{\"@type\":\"Organization\",\"@id\":\"https:\\\/\\\/paca.lpo.fr\\\/blogs\\\/nice\\\/#organization\",\"name\":\"Groupe local Nice\",\"url\":\"https:\\\/\\\/paca.lpo.fr\\\/blogs\\\/nice\\\/\",\"logo\":{\"@type\":\"ImageObject\",\"inLanguage\":\"fr-FR\",\"@id\":\"https:\\\/\\\/paca.lpo.fr\\\/blogs\\\/nice\\\/#\\\/schema\\\/logo\\\/image\\\/\",\"url\":\"https:\\\/\\\/paca.lpo.fr\\\/blogs\\\/nice\\\/files\\\/2024\\\/01\\\/cropped-rvb-lpo-paca-logotype-signature-droite-mini-500.jpg\",\"contentUrl\":\"https:\\\/\\\/paca.lpo.fr\\\/blogs\\\/nice\\\/files\\\/2024\\\/01\\\/cropped-rvb-lpo-paca-logotype-signature-droite-mini-500.jpg\",\"width\":500,\"height\":210,\"caption\":\"Groupe local Nice\"},\"image\":{\"@id\":\"https:\\\/\\\/paca.lpo.fr\\\/blogs\\\/nice\\\/#\\\/schema\\\/logo\\\/image\\\/\"}},{\"@type\":\"Person\",\"@id\":\"https:\\\/\\\/paca.lpo.fr\\\/blogs\\\/nice\\\/#\\\/schema\\\/person\\\/1bda33335fb71e0b3552487db26a4c56\",\"name\":\"Groupe local Paillon-B\u00e9v\u00e9ra\",\"image\":{\"@type\":\"ImageObject\",\"inLanguage\":\"fr-FR\",\"@id\":\"https:\\\/\\\/secure.gravatar.com\\\/avatar\\\/b1ee285506e2cb880ec988990d360e255aecb31c77212741dace1023623610c2?s=96&d=mm&r=g\",\"url\":\"https:\\\/\\\/secure.gravatar.com\\\/avatar\\\/b1ee285506e2cb880ec988990d360e255aecb31c77212741dace1023623610c2?s=96&d=mm&r=g\",\"contentUrl\":\"https:\\\/\\\/secure.gravatar.com\\\/avatar\\\/b1ee285506e2cb880ec988990d360e255aecb31c77212741dace1023623610c2?s=96&d=mm&r=g\",\"caption\":\"Groupe local Paillon-B\u00e9v\u00e9ra\"},\"url\":\"https:\\\/\\\/paca.lpo.fr\\\/blogs\\\/nice\\\/author\\\/alpesmaritimesest\\\/\"}]}<\/script>\n<!-- \/ Yoast SEO plugin. -->","yoast_head_json":{"title":"Les \u00e9l\u00e8ves de l'\u00e9cole Ray-Gorbella au camp de migration - Groupe local Nice","robots":{"index":"index","follow":"follow","max-snippet":"max-snippet:-1","max-image-preview":"max-image-preview:large","max-video-preview":"max-video-preview:-1"},"canonical":"https:\/\/paca.lpo.fr\/blogs\/nice\/2018\/10\/15\/les-eleves-de-lecole-ray-gorbella-au-camp-de-migration\/","og_locale":"fr_FR","og_type":"article","og_title":"Les \u00e9l\u00e8ves de l'\u00e9cole Ray-Gorbella au camp de migration - Groupe local Nice","og_description":"Les \u00e9l\u00e8ves de l&rsquo;\u00e9cole Ray-Gorbella de Nice n&rsquo;avaient pas l&rsquo;air m\u00e9contents de pouvoir passer la journ\u00e9e du vendredi 12 octobre en plein air et au soleil dans le PND de la Grande Corniche. Au programme, animations sur la migration des oiseaux \u00e0 l&rsquo;observatoire, visite de la maison de la nature et l&rsquo;expo LPO \u00ab\u00a0Oiseaux d&rsquo;Afrique\u00a0\u00bb, [&hellip;]","og_url":"https:\/\/paca.lpo.fr\/blogs\/nice\/2018\/10\/15\/les-eleves-de-lecole-ray-gorbella-au-camp-de-migration\/","og_site_name":"Groupe local Nice","article_published_time":"2018-10-15T13:03:46+00:00","og_image":[{"width":968,"height":726,"url":"https:\/\/paca.lpo.fr\/blogs\/nice\/files\/2018\/10\/blogray1.jpg","type":"image\/jpeg"}],"author":"Groupe local Paillon-B\u00e9v\u00e9ra","twitter_card":"summary_large_image","twitter_misc":{"\u00c9crit par":"Groupe local Paillon-B\u00e9v\u00e9ra"},"schema":{"@context":"https:\/\/schema.org","@graph":[{"@type":"Article","@id":"https:\/\/paca.lpo.fr\/blogs\/nice\/2018\/10\/15\/les-eleves-de-lecole-ray-gorbella-au-camp-de-migration\/#article","isPartOf":{"@id":"https:\/\/paca.lpo.fr\/blogs\/nice\/2018\/10\/15\/les-eleves-de-lecole-ray-gorbella-au-camp-de-migration\/"},"author":{"name":"Groupe local Paillon-B\u00e9v\u00e9ra","@id":"https:\/\/paca.lpo.fr\/blogs\/nice\/#\/schema\/person\/1bda33335fb71e0b3552487db26a4c56"},"headline":"Les \u00e9l\u00e8ves de l&rsquo;\u00e9cole Ray-Gorbella au camp de migration","datePublished":"2018-10-15T13:03:46+00:00","mainEntityOfPage":{"@id":"https:\/\/paca.lpo.fr\/blogs\/nice\/2018\/10\/15\/les-eleves-de-lecole-ray-gorbella-au-camp-de-migration\/"},"wordCount":94,"commentCount":0,"publisher":{"@id":"https:\/\/paca.lpo.fr\/blogs\/nice\/#organization"},"image":{"@id":"https:\/\/paca.lpo.fr\/blogs\/nice\/2018\/10\/15\/les-eleves-de-lecole-ray-gorbella-au-camp-de-migration\/#primaryimage"},"thumbnailUrl":"https:\/\/paca.lpo.fr\/blogs\/nice\/files\/2018\/10\/blogray1.jpg","articleSection":["Education \u00e0 l'environnement","grands \u00e9v\u00e8nements"],"inLanguage":"fr-FR","potentialAction":[{"@type":"CommentAction","name":"Comment","target":["https:\/\/paca.lpo.fr\/blogs\/nice\/2018\/10\/15\/les-eleves-de-lecole-ray-gorbella-au-camp-de-migration\/#respond"]}]},{"@type":"WebPage","@id":"https:\/\/paca.lpo.fr\/blogs\/nice\/2018\/10\/15\/les-eleves-de-lecole-ray-gorbella-au-camp-de-migration\/","url":"https:\/\/paca.lpo.fr\/blogs\/nice\/2018\/10\/15\/les-eleves-de-lecole-ray-gorbella-au-camp-de-migration\/","name":"Les \u00e9l\u00e8ves de l'\u00e9cole Ray-Gorbella au camp de migration - Groupe local Nice","isPartOf":{"@id":"https:\/\/paca.lpo.fr\/blogs\/nice\/#website"},"primaryImageOfPage":{"@id":"https:\/\/paca.lpo.fr\/blogs\/nice\/2018\/10\/15\/les-eleves-de-lecole-ray-gorbella-au-camp-de-migration\/#primaryimage"},"image":{"@id":"https:\/\/paca.lpo.fr\/blogs\/nice\/2018\/10\/15\/les-eleves-de-lecole-ray-gorbella-au-camp-de-migration\/#primaryimage"},"thumbnailUrl":"https:\/\/paca.lpo.fr\/blogs\/nice\/files\/2018\/10\/blogray1.jpg","datePublished":"2018-10-15T13:03:46+00:00","breadcrumb":{"@id":"https:\/\/paca.lpo.fr\/blogs\/nice\/2018\/10\/15\/les-eleves-de-lecole-ray-gorbella-au-camp-de-migration\/#breadcrumb"},"inLanguage":"fr-FR","potentialAction":[{"@type":"ReadAction","target":["https:\/\/paca.lpo.fr\/blogs\/nice\/2018\/10\/15\/les-eleves-de-lecole-ray-gorbella-au-camp-de-migration\/"]}]},{"@type":"ImageObject","inLanguage":"fr-FR","@id":"https:\/\/paca.lpo.fr\/blogs\/nice\/2018\/10\/15\/les-eleves-de-lecole-ray-gorbella-au-camp-de-migration\/#primaryimage","url":"https:\/\/paca.lpo.fr\/blogs\/nice\/files\/2018\/10\/blogray1.jpg","contentUrl":"https:\/\/paca.lpo.fr\/blogs\/nice\/files\/2018\/10\/blogray1.jpg","width":968,"height":726,"caption":"Des enfants attentifs et sages"},{"@type":"BreadcrumbList","@id":"https:\/\/paca.lpo.fr\/blogs\/nice\/2018\/10\/15\/les-eleves-de-lecole-ray-gorbella-au-camp-de-migration\/#breadcrumb","itemListElement":[{"@type":"ListItem","position":1,"name":"Accueil","item":"https:\/\/paca.lpo.fr\/blogs\/nice\/"},{"@type":"ListItem","position":2,"name":"Les \u00e9l\u00e8ves de l&rsquo;\u00e9cole Ray-Gorbella au camp de migration"}]},{"@type":"WebSite","@id":"https:\/\/paca.lpo.fr\/blogs\/nice\/#website","url":"https:\/\/paca.lpo.fr\/blogs\/nice\/","name":"Groupe local Nice","description":"Groupe local Nice","publisher":{"@id":"https:\/\/paca.lpo.fr\/blogs\/nice\/#organization"},"potentialAction":[{"@type":"SearchAction","target":{"@type":"EntryPoint","urlTemplate":"https:\/\/paca.lpo.fr\/blogs\/nice\/?s={search_term_string}"},"query-input":{"@type":"PropertyValueSpecification","valueRequired":true,"valueName":"search_term_string"}}],"inLanguage":"fr-FR"},{"@type":"Organization","@id":"https:\/\/paca.lpo.fr\/blogs\/nice\/#organization","name":"Groupe local Nice","url":"https:\/\/paca.lpo.fr\/blogs\/nice\/","logo":{"@type":"ImageObject","inLanguage":"fr-FR","@id":"https:\/\/paca.lpo.fr\/blogs\/nice\/#\/schema\/logo\/image\/","url":"https:\/\/paca.lpo.fr\/blogs\/nice\/files\/2024\/01\/cropped-rvb-lpo-paca-logotype-signature-droite-mini-500.jpg","contentUrl":"https:\/\/paca.lpo.fr\/blogs\/nice\/files\/2024\/01\/cropped-rvb-lpo-paca-logotype-signature-droite-mini-500.jpg","width":500,"height":210,"caption":"Groupe local Nice"},"image":{"@id":"https:\/\/paca.lpo.fr\/blogs\/nice\/#\/schema\/logo\/image\/"}},{"@type":"Person","@id":"https:\/\/paca.lpo.fr\/blogs\/nice\/#\/schema\/person\/1bda33335fb71e0b3552487db26a4c56","name":"Groupe local Paillon-B\u00e9v\u00e9ra","image":{"@type":"ImageObject","inLanguage":"fr-FR","@id":"https:\/\/secure.gravatar.com\/avatar\/b1ee285506e2cb880ec988990d360e255aecb31c77212741dace1023623610c2?s=96&d=mm&r=g","url":"https:\/\/secure.gravatar.com\/avatar\/b1ee285506e2cb880ec988990d360e255aecb31c77212741dace1023623610c2?s=96&d=mm&r=g","contentUrl":"https:\/\/secure.gravatar.com\/avatar\/b1ee285506e2cb880ec988990d360e255aecb31c77212741dace1023623610c2?s=96&d=mm&r=g","caption":"Groupe local Paillon-B\u00e9v\u00e9ra"},"url":"https:\/\/paca.lpo.fr\/blogs\/nice\/author\/alpesmaritimesest\/"}]}},"jetpack_featured_media_url":"https:\/\/paca.lpo.fr\/blogs\/nice\/files\/2018\/10\/blogray1.jpg","_links":{"self":[{"href":"https:\/\/paca.lpo.fr\/blogs\/nice\/wp-json\/wp\/v2\/posts\/2393","targetHints":{"allow":["GET"]}}],"collection":[{"href":"https:\/\/paca.lpo.fr\/blogs\/nice\/wp-json\/wp\/v2\/posts"}],"about":[{"href":"https:\/\/paca.lpo.fr\/blogs\/nice\/wp-json\/wp\/v2\/types\/post"}],"author":[{"embeddable":true,"href":"https:\/\/paca.lpo.fr\/blogs\/nice\/wp-json\/wp\/v2\/users\/15"}],"replies":[{"embeddable":true,"href":"https:\/\/paca.lpo.fr\/blogs\/nice\/wp-json\/wp\/v2\/comments?post=2393"}],"version-history":[{"count":1,"href":"https:\/\/paca.lpo.fr\/blogs\/nice\/wp-json\/wp\/v2\/posts\/2393\/revisions"}],"predecessor-version":[{"id":2396,"href":"https:\/\/paca.lpo.fr\/blogs\/nice\/wp-json\/wp\/v2\/posts\/2393\/revisions\/2396"}],"wp:featuredmedia":[{"embeddable":true,"href":"https:\/\/paca.lpo.fr\/blogs\/nice\/wp-json\/wp\/v2\/media\/2394"}],"wp:attachment":[{"href":"https:\/\/paca.lpo.fr\/blogs\/nice\/wp-json\/wp\/v2\/media?parent=2393"}],"wp:term":[{"taxonomy":"category","embeddable":true,"href":"https:\/\/paca.lpo.fr\/blogs\/nice\/wp-json\/wp\/v2\/categories?post=2393"},{"taxonomy":"post_tag","embeddable":true,"href":"https:\/\/paca.lpo.fr\/blogs\/nice\/wp-json\/wp\/v2\/tags?post=2393"}],"curies":[{"name":"wp","href":"https:\/\/api.w.org\/{rel}","templated":true}]}}