{"id":2397,"date":"2018-10-15T14:17:51","date_gmt":"2018-10-15T13:17:51","guid":{"rendered":"https:\/\/paca.lpo.fr\/blogs\/nice\/?p=2397"},"modified":"2018-10-15T14:34:52","modified_gmt":"2018-10-15T13:34:52","slug":"marche-pour-le-climat-a-nice-le-13-octobre-2018","status":"publish","type":"post","link":"https:\/\/paca.lpo.fr\/blogs\/nice\/2018\/10\/15\/marche-pour-le-climat-a-nice-le-13-octobre-2018\/","title":{"rendered":"Marche pour le climat \u00e0 Nice le 13 octobre 2018"},"content":{"rendered":"<p>Nous \u00e9tions pr\u00e9sents, b\u00e9n\u00e9voles et sympathisants, et avons d\u00e9fil\u00e9 en compagnie de nos amis du Groupe Local Pr\u00e9alpes d&rsquo;Azur, Remy et Adrianne. Les temp\u00e9ratures \u00e9taient bien au-dessus des normales saisonni\u00e8res pour cette journ\u00e9e de sensibilisation d\u00e9di\u00e9e au r\u00e9chauffement climatique.<\/p>\n<figure id=\"attachment_2399\" aria-describedby=\"caption-attachment-2399\" style=\"width: 480px\" class=\"wp-caption alignnone\"><img loading=\"lazy\" decoding=\"async\" class=\"size-medium wp-image-2399\" src=\"https:\/\/paca.lpo.fr\/blogs\/nice\/files\/2018\/10\/img-20181013-151207-480x360.jpg\" alt=\"\" width=\"480\" height=\"360\" srcset=\"https:\/\/paca.lpo.fr\/blogs\/nice\/files\/2018\/10\/img-20181013-151207-480x360.jpg 480w, https:\/\/paca.lpo.fr\/blogs\/nice\/files\/2018\/10\/img-20181013-151207-768x576.jpg 768w, https:\/\/paca.lpo.fr\/blogs\/nice\/files\/2018\/10\/img-20181013-151207-960x720.jpg 960w, https:\/\/paca.lpo.fr\/blogs\/nice\/files\/2018\/10\/img-20181013-151207-700x525.jpg 700w, https:\/\/paca.lpo.fr\/blogs\/nice\/files\/2018\/10\/img-20181013-151207.jpg 968w\" sizes=\"auto, (max-width: 480px) 100vw, 480px\" \/><figcaption id=\"caption-attachment-2399\" class=\"wp-caption-text\">Une marche citoyenne conviviale et bon enfant<\/figcaption><\/figure>\n<p><img loading=\"lazy\" decoding=\"async\" class=\"alignnone size-medium wp-image-2400\" src=\"https:\/\/paca.lpo.fr\/blogs\/nice\/files\/2018\/10\/img-20181013-151229-burst001-cover-480x360.jpg\" alt=\"\" width=\"480\" height=\"360\" srcset=\"https:\/\/paca.lpo.fr\/blogs\/nice\/files\/2018\/10\/img-20181013-151229-burst001-cover-480x360.jpg 480w, https:\/\/paca.lpo.fr\/blogs\/nice\/files\/2018\/10\/img-20181013-151229-burst001-cover-768x576.jpg 768w, https:\/\/paca.lpo.fr\/blogs\/nice\/files\/2018\/10\/img-20181013-151229-burst001-cover-960x720.jpg 960w, https:\/\/paca.lpo.fr\/blogs\/nice\/files\/2018\/10\/img-20181013-151229-burst001-cover-700x525.jpg 700w, https:\/\/paca.lpo.fr\/blogs\/nice\/files\/2018\/10\/img-20181013-151229-burst001-cover.jpg 968w\" sizes=\"auto, (max-width: 480px) 100vw, 480px\" \/><\/p>\n<p>Les organisateurs ont annonc\u00e9 entre 3000 et 4000 participants \u00e0 cette marche citoyenne pour le climat. Un succ\u00e8s.<\/p>\n<figure style=\"width: 480px\" class=\"wp-caption alignnone\"><img loading=\"lazy\" decoding=\"async\" class=\"wp-image-2401 size-medium\" src=\"https:\/\/paca.lpo.fr\/blogs\/nice\/files\/2018\/10\/img-20181013-155705-480x360.jpg\" alt=\"\" width=\"480\" height=\"360\" srcset=\"https:\/\/paca.lpo.fr\/blogs\/nice\/files\/2018\/10\/img-20181013-155705-480x360.jpg 480w, https:\/\/paca.lpo.fr\/blogs\/nice\/files\/2018\/10\/img-20181013-155705-768x576.jpg 768w, https:\/\/paca.lpo.fr\/blogs\/nice\/files\/2018\/10\/img-20181013-155705-960x720.jpg 960w, https:\/\/paca.lpo.fr\/blogs\/nice\/files\/2018\/10\/img-20181013-155705-700x525.jpg 700w, https:\/\/paca.lpo.fr\/blogs\/nice\/files\/2018\/10\/img-20181013-155705.jpg 968w\" sizes=\"auto, (max-width: 480px) 100vw, 480px\" \/><figcaption class=\"wp-caption-text\">S\u00e9bastien de l&rsquo;association GREEN s&rsquo;est joint \u00e0 nous<\/figcaption><\/figure>\n<figure id=\"attachment_2402\" aria-describedby=\"caption-attachment-2402\" style=\"width: 480px\" class=\"wp-caption alignnone\"><img loading=\"lazy\" decoding=\"async\" class=\"size-medium wp-image-2402\" src=\"https:\/\/paca.lpo.fr\/blogs\/nice\/files\/2018\/10\/img-20181013-155955-480x360.jpg\" alt=\"\" width=\"480\" height=\"360\" srcset=\"https:\/\/paca.lpo.fr\/blogs\/nice\/files\/2018\/10\/img-20181013-155955-480x360.jpg 480w, https:\/\/paca.lpo.fr\/blogs\/nice\/files\/2018\/10\/img-20181013-155955-768x576.jpg 768w, https:\/\/paca.lpo.fr\/blogs\/nice\/files\/2018\/10\/img-20181013-155955-960x720.jpg 960w, https:\/\/paca.lpo.fr\/blogs\/nice\/files\/2018\/10\/img-20181013-155955-700x525.jpg 700w, https:\/\/paca.lpo.fr\/blogs\/nice\/files\/2018\/10\/img-20181013-155955.jpg 968w\" sizes=\"auto, (max-width: 480px) 100vw, 480px\" \/><figcaption id=\"caption-attachment-2402\" class=\"wp-caption-text\">Nous retrouvons avec plaisir Christiane et les autres membres de Greenpeace<\/figcaption><\/figure>\n<p>&nbsp;<\/p>\n<figure id=\"attachment_2398\" aria-describedby=\"caption-attachment-2398\" style=\"width: 480px\" class=\"wp-caption alignnone\"><img loading=\"lazy\" decoding=\"async\" class=\"size-medium wp-image-2398\" src=\"https:\/\/paca.lpo.fr\/blogs\/nice\/files\/2018\/10\/img-20181013-154348-480x360.jpg\" alt=\"\" width=\"480\" height=\"360\" srcset=\"https:\/\/paca.lpo.fr\/blogs\/nice\/files\/2018\/10\/img-20181013-154348-480x360.jpg 480w, https:\/\/paca.lpo.fr\/blogs\/nice\/files\/2018\/10\/img-20181013-154348-768x576.jpg 768w, https:\/\/paca.lpo.fr\/blogs\/nice\/files\/2018\/10\/img-20181013-154348-960x720.jpg 960w, https:\/\/paca.lpo.fr\/blogs\/nice\/files\/2018\/10\/img-20181013-154348-700x525.jpg 700w, https:\/\/paca.lpo.fr\/blogs\/nice\/files\/2018\/10\/img-20181013-154348.jpg 968w\" sizes=\"auto, (max-width: 480px) 100vw, 480px\" \/><figcaption id=\"caption-attachment-2398\" class=\"wp-caption-text\">B\u00e9n\u00e9voles et sympathisants<\/figcaption><\/figure>\n","protected":false},"excerpt":{"rendered":"<p>Nous \u00e9tions pr\u00e9sents, b\u00e9n\u00e9voles et sympathisants, et avons d\u00e9fil\u00e9 en compagnie de nos amis du Groupe Local Pr\u00e9alpes d&rsquo;Azur, Remy et Adrianne. Les temp\u00e9ratures \u00e9taient bien au-dessus des normales saisonni\u00e8res pour cette journ\u00e9e de sensibilisation d\u00e9di\u00e9e au r\u00e9chauffement climatique. Les organisateurs ont annonc\u00e9 entre 3000 et 4000 participants \u00e0 cette marche citoyenne pour le climat. [&hellip;]<\/p>\n","protected":false},"author":15,"featured_media":2403,"comment_status":"open","ping_status":"open","sticky":false,"template":"","format":"standard","meta":{"footnotes":""},"categories":[78,3],"tags":[],"class_list":["post-2397","post","type-post","status-publish","format-standard","has-post-thumbnail","hentry","category-protection-de-la-biodiversite","category-vie-groupe"],"yoast_head":"<!-- This site is optimized with the Yoast SEO plugin v28.3 - https:\/\/yoast.com\/product\/yoast-seo-wordpress\/ -->\n<title>Marche pour le climat \u00e0 Nice le 13 octobre 2018 - Groupe local Nice<\/title>\n<meta name=\"robots\" content=\"index, follow, max-snippet:-1, max-image-preview:large, max-video-preview:-1\" \/>\n<link rel=\"canonical\" href=\"https:\/\/paca.lpo.fr\/blogs\/nice\/2018\/10\/15\/marche-pour-le-climat-a-nice-le-13-octobre-2018\/\" \/>\n<meta property=\"og:locale\" content=\"fr_FR\" \/>\n<meta property=\"og:type\" content=\"article\" \/>\n<meta property=\"og:title\" content=\"Marche pour le climat \u00e0 Nice le 13 octobre 2018 - Groupe local Nice\" \/>\n<meta property=\"og:description\" content=\"Nous \u00e9tions pr\u00e9sents, b\u00e9n\u00e9voles et sympathisants, et avons d\u00e9fil\u00e9 en compagnie de nos amis du Groupe Local Pr\u00e9alpes d&rsquo;Azur, Remy et Adrianne. Les temp\u00e9ratures \u00e9taient bien au-dessus des normales saisonni\u00e8res pour cette journ\u00e9e de sensibilisation d\u00e9di\u00e9e au r\u00e9chauffement climatique. Les organisateurs ont annonc\u00e9 entre 3000 et 4000 participants \u00e0 cette marche citoyenne pour le climat. [&hellip;]\" \/>\n<meta property=\"og:url\" content=\"https:\/\/paca.lpo.fr\/blogs\/nice\/2018\/10\/15\/marche-pour-le-climat-a-nice-le-13-octobre-2018\/\" \/>\n<meta property=\"og:site_name\" content=\"Groupe local Nice\" \/>\n<meta property=\"article:published_time\" content=\"2018-10-15T13:17:51+00:00\" \/>\n<meta property=\"article:modified_time\" content=\"2018-10-15T13:34:52+00:00\" \/>\n<meta property=\"og:image\" content=\"https:\/\/paca.lpo.fr\/blogs\/nice\/files\/2018\/10\/img-20181013-155959.jpg\" \/>\n\t<meta property=\"og:image:width\" content=\"968\" \/>\n\t<meta property=\"og:image:height\" content=\"726\" \/>\n\t<meta property=\"og:image:type\" content=\"image\/jpeg\" \/>\n<meta name=\"author\" content=\"Groupe local Paillon-B\u00e9v\u00e9ra\" \/>\n<meta name=\"twitter:card\" content=\"summary_large_image\" \/>\n<meta name=\"twitter:label1\" content=\"\u00c9crit par\" \/>\n\t<meta name=\"twitter:data1\" content=\"Groupe local Paillon-B\u00e9v\u00e9ra\" \/>\n\t<meta name=\"twitter:label2\" content=\"Dur\u00e9e de lecture estim\u00e9e\" \/>\n\t<meta name=\"twitter:data2\" content=\"1 minute\" \/>\n<script type=\"application\/ld+json\" class=\"yoast-schema-graph\">{\"@context\":\"https:\\\/\\\/schema.org\",\"@graph\":[{\"@type\":\"Article\",\"@id\":\"https:\\\/\\\/paca.lpo.fr\\\/blogs\\\/nice\\\/2018\\\/10\\\/15\\\/marche-pour-le-climat-a-nice-le-13-octobre-2018\\\/#article\",\"isPartOf\":{\"@id\":\"https:\\\/\\\/paca.lpo.fr\\\/blogs\\\/nice\\\/2018\\\/10\\\/15\\\/marche-pour-le-climat-a-nice-le-13-octobre-2018\\\/\"},\"author\":{\"name\":\"Groupe local Paillon-B\u00e9v\u00e9ra\",\"@id\":\"https:\\\/\\\/paca.lpo.fr\\\/blogs\\\/nice\\\/#\\\/schema\\\/person\\\/1bda33335fb71e0b3552487db26a4c56\"},\"headline\":\"Marche pour le climat \u00e0 Nice le 13 octobre 2018\",\"datePublished\":\"2018-10-15T13:17:51+00:00\",\"dateModified\":\"2018-10-15T13:34:52+00:00\",\"mainEntityOfPage\":{\"@id\":\"https:\\\/\\\/paca.lpo.fr\\\/blogs\\\/nice\\\/2018\\\/10\\\/15\\\/marche-pour-le-climat-a-nice-le-13-octobre-2018\\\/\"},\"wordCount\":135,\"commentCount\":0,\"publisher\":{\"@id\":\"https:\\\/\\\/paca.lpo.fr\\\/blogs\\\/nice\\\/#organization\"},\"image\":{\"@id\":\"https:\\\/\\\/paca.lpo.fr\\\/blogs\\\/nice\\\/2018\\\/10\\\/15\\\/marche-pour-le-climat-a-nice-le-13-octobre-2018\\\/#primaryimage\"},\"thumbnailUrl\":\"https:\\\/\\\/paca.lpo.fr\\\/blogs\\\/nice\\\/files\\\/2018\\\/10\\\/img-20181013-155959.jpg\",\"articleSection\":[\"Protection de la biodiversit\u00e9\",\"Vie du groupe\"],\"inLanguage\":\"fr-FR\",\"potentialAction\":[{\"@type\":\"CommentAction\",\"name\":\"Comment\",\"target\":[\"https:\\\/\\\/paca.lpo.fr\\\/blogs\\\/nice\\\/2018\\\/10\\\/15\\\/marche-pour-le-climat-a-nice-le-13-octobre-2018\\\/#respond\"]}]},{\"@type\":\"WebPage\",\"@id\":\"https:\\\/\\\/paca.lpo.fr\\\/blogs\\\/nice\\\/2018\\\/10\\\/15\\\/marche-pour-le-climat-a-nice-le-13-octobre-2018\\\/\",\"url\":\"https:\\\/\\\/paca.lpo.fr\\\/blogs\\\/nice\\\/2018\\\/10\\\/15\\\/marche-pour-le-climat-a-nice-le-13-octobre-2018\\\/\",\"name\":\"Marche pour le climat \u00e0 Nice le 13 octobre 2018 - Groupe local Nice\",\"isPartOf\":{\"@id\":\"https:\\\/\\\/paca.lpo.fr\\\/blogs\\\/nice\\\/#website\"},\"primaryImageOfPage\":{\"@id\":\"https:\\\/\\\/paca.lpo.fr\\\/blogs\\\/nice\\\/2018\\\/10\\\/15\\\/marche-pour-le-climat-a-nice-le-13-octobre-2018\\\/#primaryimage\"},\"image\":{\"@id\":\"https:\\\/\\\/paca.lpo.fr\\\/blogs\\\/nice\\\/2018\\\/10\\\/15\\\/marche-pour-le-climat-a-nice-le-13-octobre-2018\\\/#primaryimage\"},\"thumbnailUrl\":\"https:\\\/\\\/paca.lpo.fr\\\/blogs\\\/nice\\\/files\\\/2018\\\/10\\\/img-20181013-155959.jpg\",\"datePublished\":\"2018-10-15T13:17:51+00:00\",\"dateModified\":\"2018-10-15T13:34:52+00:00\",\"breadcrumb\":{\"@id\":\"https:\\\/\\\/paca.lpo.fr\\\/blogs\\\/nice\\\/2018\\\/10\\\/15\\\/marche-pour-le-climat-a-nice-le-13-octobre-2018\\\/#breadcrumb\"},\"inLanguage\":\"fr-FR\",\"potentialAction\":[{\"@type\":\"ReadAction\",\"target\":[\"https:\\\/\\\/paca.lpo.fr\\\/blogs\\\/nice\\\/2018\\\/10\\\/15\\\/marche-pour-le-climat-a-nice-le-13-octobre-2018\\\/\"]}]},{\"@type\":\"ImageObject\",\"inLanguage\":\"fr-FR\",\"@id\":\"https:\\\/\\\/paca.lpo.fr\\\/blogs\\\/nice\\\/2018\\\/10\\\/15\\\/marche-pour-le-climat-a-nice-le-13-octobre-2018\\\/#primaryimage\",\"url\":\"https:\\\/\\\/paca.lpo.fr\\\/blogs\\\/nice\\\/files\\\/2018\\\/10\\\/img-20181013-155959.jpg\",\"contentUrl\":\"https:\\\/\\\/paca.lpo.fr\\\/blogs\\\/nice\\\/files\\\/2018\\\/10\\\/img-20181013-155959.jpg\",\"width\":968,\"height\":726},{\"@type\":\"BreadcrumbList\",\"@id\":\"https:\\\/\\\/paca.lpo.fr\\\/blogs\\\/nice\\\/2018\\\/10\\\/15\\\/marche-pour-le-climat-a-nice-le-13-octobre-2018\\\/#breadcrumb\",\"itemListElement\":[{\"@type\":\"ListItem\",\"position\":1,\"name\":\"Accueil\",\"item\":\"https:\\\/\\\/paca.lpo.fr\\\/blogs\\\/nice\\\/\"},{\"@type\":\"ListItem\",\"position\":2,\"name\":\"Marche pour le climat \u00e0 Nice le 13 octobre 2018\"}]},{\"@type\":\"WebSite\",\"@id\":\"https:\\\/\\\/paca.lpo.fr\\\/blogs\\\/nice\\\/#website\",\"url\":\"https:\\\/\\\/paca.lpo.fr\\\/blogs\\\/nice\\\/\",\"name\":\"Groupe local Nice\",\"description\":\"Groupe local Nice\",\"publisher\":{\"@id\":\"https:\\\/\\\/paca.lpo.fr\\\/blogs\\\/nice\\\/#organization\"},\"potentialAction\":[{\"@type\":\"SearchAction\",\"target\":{\"@type\":\"EntryPoint\",\"urlTemplate\":\"https:\\\/\\\/paca.lpo.fr\\\/blogs\\\/nice\\\/?s={search_term_string}\"},\"query-input\":{\"@type\":\"PropertyValueSpecification\",\"valueRequired\":true,\"valueName\":\"search_term_string\"}}],\"inLanguage\":\"fr-FR\"},{\"@type\":\"Organization\",\"@id\":\"https:\\\/\\\/paca.lpo.fr\\\/blogs\\\/nice\\\/#organization\",\"name\":\"Groupe local Nice\",\"url\":\"https:\\\/\\\/paca.lpo.fr\\\/blogs\\\/nice\\\/\",\"logo\":{\"@type\":\"ImageObject\",\"inLanguage\":\"fr-FR\",\"@id\":\"https:\\\/\\\/paca.lpo.fr\\\/blogs\\\/nice\\\/#\\\/schema\\\/logo\\\/image\\\/\",\"url\":\"https:\\\/\\\/paca.lpo.fr\\\/blogs\\\/nice\\\/files\\\/2024\\\/01\\\/cropped-rvb-lpo-paca-logotype-signature-droite-mini-500.jpg\",\"contentUrl\":\"https:\\\/\\\/paca.lpo.fr\\\/blogs\\\/nice\\\/files\\\/2024\\\/01\\\/cropped-rvb-lpo-paca-logotype-signature-droite-mini-500.jpg\",\"width\":500,\"height\":210,\"caption\":\"Groupe local Nice\"},\"image\":{\"@id\":\"https:\\\/\\\/paca.lpo.fr\\\/blogs\\\/nice\\\/#\\\/schema\\\/logo\\\/image\\\/\"}},{\"@type\":\"Person\",\"@id\":\"https:\\\/\\\/paca.lpo.fr\\\/blogs\\\/nice\\\/#\\\/schema\\\/person\\\/1bda33335fb71e0b3552487db26a4c56\",\"name\":\"Groupe local Paillon-B\u00e9v\u00e9ra\",\"image\":{\"@type\":\"ImageObject\",\"inLanguage\":\"fr-FR\",\"@id\":\"https:\\\/\\\/secure.gravatar.com\\\/avatar\\\/b1ee285506e2cb880ec988990d360e255aecb31c77212741dace1023623610c2?s=96&d=mm&r=g\",\"url\":\"https:\\\/\\\/secure.gravatar.com\\\/avatar\\\/b1ee285506e2cb880ec988990d360e255aecb31c77212741dace1023623610c2?s=96&d=mm&r=g\",\"contentUrl\":\"https:\\\/\\\/secure.gravatar.com\\\/avatar\\\/b1ee285506e2cb880ec988990d360e255aecb31c77212741dace1023623610c2?s=96&d=mm&r=g\",\"caption\":\"Groupe local Paillon-B\u00e9v\u00e9ra\"},\"url\":\"https:\\\/\\\/paca.lpo.fr\\\/blogs\\\/nice\\\/author\\\/alpesmaritimesest\\\/\"}]}<\/script>\n<!-- \/ Yoast SEO plugin. -->","yoast_head_json":{"title":"Marche pour le climat \u00e0 Nice le 13 octobre 2018 - Groupe local Nice","robots":{"index":"index","follow":"follow","max-snippet":"max-snippet:-1","max-image-preview":"max-image-preview:large","max-video-preview":"max-video-preview:-1"},"canonical":"https:\/\/paca.lpo.fr\/blogs\/nice\/2018\/10\/15\/marche-pour-le-climat-a-nice-le-13-octobre-2018\/","og_locale":"fr_FR","og_type":"article","og_title":"Marche pour le climat \u00e0 Nice le 13 octobre 2018 - Groupe local Nice","og_description":"Nous \u00e9tions pr\u00e9sents, b\u00e9n\u00e9voles et sympathisants, et avons d\u00e9fil\u00e9 en compagnie de nos amis du Groupe Local Pr\u00e9alpes d&rsquo;Azur, Remy et Adrianne. Les temp\u00e9ratures \u00e9taient bien au-dessus des normales saisonni\u00e8res pour cette journ\u00e9e de sensibilisation d\u00e9di\u00e9e au r\u00e9chauffement climatique. Les organisateurs ont annonc\u00e9 entre 3000 et 4000 participants \u00e0 cette marche citoyenne pour le climat. [&hellip;]","og_url":"https:\/\/paca.lpo.fr\/blogs\/nice\/2018\/10\/15\/marche-pour-le-climat-a-nice-le-13-octobre-2018\/","og_site_name":"Groupe local Nice","article_published_time":"2018-10-15T13:17:51+00:00","article_modified_time":"2018-10-15T13:34:52+00:00","og_image":[{"width":968,"height":726,"url":"https:\/\/paca.lpo.fr\/blogs\/nice\/files\/2018\/10\/img-20181013-155959.jpg","type":"image\/jpeg"}],"author":"Groupe local Paillon-B\u00e9v\u00e9ra","twitter_card":"summary_large_image","twitter_misc":{"\u00c9crit par":"Groupe local Paillon-B\u00e9v\u00e9ra","Dur\u00e9e de lecture estim\u00e9e":"1 minute"},"schema":{"@context":"https:\/\/schema.org","@graph":[{"@type":"Article","@id":"https:\/\/paca.lpo.fr\/blogs\/nice\/2018\/10\/15\/marche-pour-le-climat-a-nice-le-13-octobre-2018\/#article","isPartOf":{"@id":"https:\/\/paca.lpo.fr\/blogs\/nice\/2018\/10\/15\/marche-pour-le-climat-a-nice-le-13-octobre-2018\/"},"author":{"name":"Groupe local Paillon-B\u00e9v\u00e9ra","@id":"https:\/\/paca.lpo.fr\/blogs\/nice\/#\/schema\/person\/1bda33335fb71e0b3552487db26a4c56"},"headline":"Marche pour le climat \u00e0 Nice le 13 octobre 2018","datePublished":"2018-10-15T13:17:51+00:00","dateModified":"2018-10-15T13:34:52+00:00","mainEntityOfPage":{"@id":"https:\/\/paca.lpo.fr\/blogs\/nice\/2018\/10\/15\/marche-pour-le-climat-a-nice-le-13-octobre-2018\/"},"wordCount":135,"commentCount":0,"publisher":{"@id":"https:\/\/paca.lpo.fr\/blogs\/nice\/#organization"},"image":{"@id":"https:\/\/paca.lpo.fr\/blogs\/nice\/2018\/10\/15\/marche-pour-le-climat-a-nice-le-13-octobre-2018\/#primaryimage"},"thumbnailUrl":"https:\/\/paca.lpo.fr\/blogs\/nice\/files\/2018\/10\/img-20181013-155959.jpg","articleSection":["Protection de la biodiversit\u00e9","Vie du groupe"],"inLanguage":"fr-FR","potentialAction":[{"@type":"CommentAction","name":"Comment","target":["https:\/\/paca.lpo.fr\/blogs\/nice\/2018\/10\/15\/marche-pour-le-climat-a-nice-le-13-octobre-2018\/#respond"]}]},{"@type":"WebPage","@id":"https:\/\/paca.lpo.fr\/blogs\/nice\/2018\/10\/15\/marche-pour-le-climat-a-nice-le-13-octobre-2018\/","url":"https:\/\/paca.lpo.fr\/blogs\/nice\/2018\/10\/15\/marche-pour-le-climat-a-nice-le-13-octobre-2018\/","name":"Marche pour le climat \u00e0 Nice le 13 octobre 2018 - Groupe local Nice","isPartOf":{"@id":"https:\/\/paca.lpo.fr\/blogs\/nice\/#website"},"primaryImageOfPage":{"@id":"https:\/\/paca.lpo.fr\/blogs\/nice\/2018\/10\/15\/marche-pour-le-climat-a-nice-le-13-octobre-2018\/#primaryimage"},"image":{"@id":"https:\/\/paca.lpo.fr\/blogs\/nice\/2018\/10\/15\/marche-pour-le-climat-a-nice-le-13-octobre-2018\/#primaryimage"},"thumbnailUrl":"https:\/\/paca.lpo.fr\/blogs\/nice\/files\/2018\/10\/img-20181013-155959.jpg","datePublished":"2018-10-15T13:17:51+00:00","dateModified":"2018-10-15T13:34:52+00:00","breadcrumb":{"@id":"https:\/\/paca.lpo.fr\/blogs\/nice\/2018\/10\/15\/marche-pour-le-climat-a-nice-le-13-octobre-2018\/#breadcrumb"},"inLanguage":"fr-FR","potentialAction":[{"@type":"ReadAction","target":["https:\/\/paca.lpo.fr\/blogs\/nice\/2018\/10\/15\/marche-pour-le-climat-a-nice-le-13-octobre-2018\/"]}]},{"@type":"ImageObject","inLanguage":"fr-FR","@id":"https:\/\/paca.lpo.fr\/blogs\/nice\/2018\/10\/15\/marche-pour-le-climat-a-nice-le-13-octobre-2018\/#primaryimage","url":"https:\/\/paca.lpo.fr\/blogs\/nice\/files\/2018\/10\/img-20181013-155959.jpg","contentUrl":"https:\/\/paca.lpo.fr\/blogs\/nice\/files\/2018\/10\/img-20181013-155959.jpg","width":968,"height":726},{"@type":"BreadcrumbList","@id":"https:\/\/paca.lpo.fr\/blogs\/nice\/2018\/10\/15\/marche-pour-le-climat-a-nice-le-13-octobre-2018\/#breadcrumb","itemListElement":[{"@type":"ListItem","position":1,"name":"Accueil","item":"https:\/\/paca.lpo.fr\/blogs\/nice\/"},{"@type":"ListItem","position":2,"name":"Marche pour le climat \u00e0 Nice le 13 octobre 2018"}]},{"@type":"WebSite","@id":"https:\/\/paca.lpo.fr\/blogs\/nice\/#website","url":"https:\/\/paca.lpo.fr\/blogs\/nice\/","name":"Groupe local Nice","description":"Groupe local Nice","publisher":{"@id":"https:\/\/paca.lpo.fr\/blogs\/nice\/#organization"},"potentialAction":[{"@type":"SearchAction","target":{"@type":"EntryPoint","urlTemplate":"https:\/\/paca.lpo.fr\/blogs\/nice\/?s={search_term_string}"},"query-input":{"@type":"PropertyValueSpecification","valueRequired":true,"valueName":"search_term_string"}}],"inLanguage":"fr-FR"},{"@type":"Organization","@id":"https:\/\/paca.lpo.fr\/blogs\/nice\/#organization","name":"Groupe local Nice","url":"https:\/\/paca.lpo.fr\/blogs\/nice\/","logo":{"@type":"ImageObject","inLanguage":"fr-FR","@id":"https:\/\/paca.lpo.fr\/blogs\/nice\/#\/schema\/logo\/image\/","url":"https:\/\/paca.lpo.fr\/blogs\/nice\/files\/2024\/01\/cropped-rvb-lpo-paca-logotype-signature-droite-mini-500.jpg","contentUrl":"https:\/\/paca.lpo.fr\/blogs\/nice\/files\/2024\/01\/cropped-rvb-lpo-paca-logotype-signature-droite-mini-500.jpg","width":500,"height":210,"caption":"Groupe local Nice"},"image":{"@id":"https:\/\/paca.lpo.fr\/blogs\/nice\/#\/schema\/logo\/image\/"}},{"@type":"Person","@id":"https:\/\/paca.lpo.fr\/blogs\/nice\/#\/schema\/person\/1bda33335fb71e0b3552487db26a4c56","name":"Groupe local Paillon-B\u00e9v\u00e9ra","image":{"@type":"ImageObject","inLanguage":"fr-FR","@id":"https:\/\/secure.gravatar.com\/avatar\/b1ee285506e2cb880ec988990d360e255aecb31c77212741dace1023623610c2?s=96&d=mm&r=g","url":"https:\/\/secure.gravatar.com\/avatar\/b1ee285506e2cb880ec988990d360e255aecb31c77212741dace1023623610c2?s=96&d=mm&r=g","contentUrl":"https:\/\/secure.gravatar.com\/avatar\/b1ee285506e2cb880ec988990d360e255aecb31c77212741dace1023623610c2?s=96&d=mm&r=g","caption":"Groupe local Paillon-B\u00e9v\u00e9ra"},"url":"https:\/\/paca.lpo.fr\/blogs\/nice\/author\/alpesmaritimesest\/"}]}},"jetpack_featured_media_url":"https:\/\/paca.lpo.fr\/blogs\/nice\/files\/2018\/10\/img-20181013-155959.jpg","_links":{"self":[{"href":"https:\/\/paca.lpo.fr\/blogs\/nice\/wp-json\/wp\/v2\/posts\/2397","targetHints":{"allow":["GET"]}}],"collection":[{"href":"https:\/\/paca.lpo.fr\/blogs\/nice\/wp-json\/wp\/v2\/posts"}],"about":[{"href":"https:\/\/paca.lpo.fr\/blogs\/nice\/wp-json\/wp\/v2\/types\/post"}],"author":[{"embeddable":true,"href":"https:\/\/paca.lpo.fr\/blogs\/nice\/wp-json\/wp\/v2\/users\/15"}],"replies":[{"embeddable":true,"href":"https:\/\/paca.lpo.fr\/blogs\/nice\/wp-json\/wp\/v2\/comments?post=2397"}],"version-history":[{"count":4,"href":"https:\/\/paca.lpo.fr\/blogs\/nice\/wp-json\/wp\/v2\/posts\/2397\/revisions"}],"predecessor-version":[{"id":2408,"href":"https:\/\/paca.lpo.fr\/blogs\/nice\/wp-json\/wp\/v2\/posts\/2397\/revisions\/2408"}],"wp:featuredmedia":[{"embeddable":true,"href":"https:\/\/paca.lpo.fr\/blogs\/nice\/wp-json\/wp\/v2\/media\/2403"}],"wp:attachment":[{"href":"https:\/\/paca.lpo.fr\/blogs\/nice\/wp-json\/wp\/v2\/media?parent=2397"}],"wp:term":[{"taxonomy":"category","embeddable":true,"href":"https:\/\/paca.lpo.fr\/blogs\/nice\/wp-json\/wp\/v2\/categories?post=2397"},{"taxonomy":"post_tag","embeddable":true,"href":"https:\/\/paca.lpo.fr\/blogs\/nice\/wp-json\/wp\/v2\/tags?post=2397"}],"curies":[{"name":"wp","href":"https:\/\/api.w.org\/{rel}","templated":true}]}}