{"id":2433,"date":"2018-11-05T16:02:34","date_gmt":"2018-11-05T15:02:34","guid":{"rendered":"https:\/\/paca.lpo.fr\/blogs\/nice\/?p=2433"},"modified":"2018-11-05T16:12:00","modified_gmt":"2018-11-05T15:12:00","slug":"camp-de-migration-du-fort-de-la-revere-2018","status":"publish","type":"post","link":"https:\/\/paca.lpo.fr\/blogs\/nice\/2018\/11\/05\/camp-de-migration-du-fort-de-la-revere-2018\/","title":{"rendered":"Camp de migration du Fort de la Rev\u00e8re 2018"},"content":{"rendered":"<p>Le mauvais temp a perturb\u00e9 les deux derniers week-ends d&rsquo;observation des oiseaux migrateurs au Fort de la Revere. Samedi 27 peu de passages de migrateurs et la journ\u00e9e de dimanche \u00e0 \u00e9t\u00e9 annul\u00e9e.<br \/>\nLe jour de la fermeture le 4 novembre la pluie et le vent ont un peu d\u00e9courag\u00e9 les oiseaux migrateurs mais pas les observateurs, qui ont pu voir passer des pinsons, des martinets et 4 grues cendr\u00e9es.<\/p>\n<p>Voir les premiers r\u00e9sultats des comptages sur notre site: <a href=\"https:\/\/paca.lpo.fr\/association-protection-nature-lpo-paca\/toute-l-actualite\/actualite\/9051-la-migration-au-fort-de-la-revere-est-terminee\">ACTU LPO PACA<\/a><\/p>\n<figure id=\"attachment_2434\" aria-describedby=\"caption-attachment-2434\" style=\"width: 480px\" class=\"wp-caption alignnone\"><img loading=\"lazy\" decoding=\"async\" class=\"size-medium wp-image-2434\" src=\"https:\/\/paca.lpo.fr\/blogs\/nice\/files\/2018\/11\/migreblog2-480x343.jpg\" alt=\"\" width=\"480\" height=\"343\" srcset=\"https:\/\/paca.lpo.fr\/blogs\/nice\/files\/2018\/11\/migreblog2-480x343.jpg 480w, https:\/\/paca.lpo.fr\/blogs\/nice\/files\/2018\/11\/migreblog2-768x548.jpg 768w, https:\/\/paca.lpo.fr\/blogs\/nice\/files\/2018\/11\/migreblog2-700x500.jpg 700w, https:\/\/paca.lpo.fr\/blogs\/nice\/files\/2018\/11\/migreblog2.jpg 839w\" sizes=\"auto, (max-width: 480px) 100vw, 480px\" \/><figcaption id=\"caption-attachment-2434\" class=\"wp-caption-text\">Les observateurs attendent les \u00e9claircies<\/figcaption><\/figure>\n<p>Le pique-nique de cl\u00f4ture de l&rsquo;\u00e9dition 2018 du camp de migration a eu lieu au sec \u00e0 la maison de la nature, dans une ambiance tr\u00e8s conviviale.<\/p>\n<figure id=\"attachment_2435\" aria-describedby=\"caption-attachment-2435\" style=\"width: 480px\" class=\"wp-caption alignnone\"><img loading=\"lazy\" decoding=\"async\" class=\"size-medium wp-image-2435\" src=\"https:\/\/paca.lpo.fr\/blogs\/nice\/files\/2018\/11\/migre-blog-480x270.jpg\" alt=\"\" width=\"480\" height=\"270\" srcset=\"https:\/\/paca.lpo.fr\/blogs\/nice\/files\/2018\/11\/migre-blog-480x270.jpg 480w, https:\/\/paca.lpo.fr\/blogs\/nice\/files\/2018\/11\/migre-blog-768x433.jpg 768w, https:\/\/paca.lpo.fr\/blogs\/nice\/files\/2018\/11\/migre-blog-960x541.jpg 960w, https:\/\/paca.lpo.fr\/blogs\/nice\/files\/2018\/11\/migre-blog-700x393.jpg 700w, https:\/\/paca.lpo.fr\/blogs\/nice\/files\/2018\/11\/migre-blog.jpg 994w\" sizes=\"auto, (max-width: 480px) 100vw, 480px\" \/><figcaption id=\"caption-attachment-2435\" class=\"wp-caption-text\">Repas de cl\u00f4ture au sec&#8230; merci Antoine<\/figcaption><\/figure>\n<p>Un grand merci \u00e0 tous les participants qui ont brav\u00e9 les \u00e9l\u00e9ments pour cette derni\u00e8re journ\u00e9e d&rsquo;observation.<\/p>\n","protected":false},"excerpt":{"rendered":"<p>Le mauvais temp a perturb\u00e9 les deux derniers week-ends d&rsquo;observation des oiseaux migrateurs au Fort de la Revere. Samedi 27 peu de passages de migrateurs et la journ\u00e9e de dimanche \u00e0 \u00e9t\u00e9 annul\u00e9e. Le jour de la fermeture le 4 novembre la pluie et le vent ont un peu d\u00e9courag\u00e9 les oiseaux migrateurs mais pas [&hellip;]<\/p>\n","protected":false},"author":15,"featured_media":2436,"comment_status":"open","ping_status":"open","sticky":false,"template":"","format":"standard","meta":{"footnotes":""},"categories":[77,3],"tags":[],"class_list":["post-2433","post","type-post","status-publish","format-standard","has-post-thumbnail","hentry","category-grands-evenements","category-vie-groupe"],"yoast_head":"<!-- This site is optimized with the Yoast SEO plugin v28.3 - https:\/\/yoast.com\/product\/yoast-seo-wordpress\/ -->\n<title>Camp de migration du Fort de la Rev\u00e8re 2018 - Groupe local Nice<\/title>\n<meta name=\"robots\" content=\"index, follow, max-snippet:-1, max-image-preview:large, max-video-preview:-1\" \/>\n<link rel=\"canonical\" href=\"https:\/\/paca.lpo.fr\/blogs\/nice\/2018\/11\/05\/camp-de-migration-du-fort-de-la-revere-2018\/\" \/>\n<meta property=\"og:locale\" content=\"fr_FR\" \/>\n<meta property=\"og:type\" content=\"article\" \/>\n<meta property=\"og:title\" content=\"Camp de migration du Fort de la Rev\u00e8re 2018 - Groupe local Nice\" \/>\n<meta property=\"og:description\" content=\"Le mauvais temp a perturb\u00e9 les deux derniers week-ends d&rsquo;observation des oiseaux migrateurs au Fort de la Revere. Samedi 27 peu de passages de migrateurs et la journ\u00e9e de dimanche \u00e0 \u00e9t\u00e9 annul\u00e9e. Le jour de la fermeture le 4 novembre la pluie et le vent ont un peu d\u00e9courag\u00e9 les oiseaux migrateurs mais pas [&hellip;]\" \/>\n<meta property=\"og:url\" content=\"https:\/\/paca.lpo.fr\/blogs\/nice\/2018\/11\/05\/camp-de-migration-du-fort-de-la-revere-2018\/\" \/>\n<meta property=\"og:site_name\" content=\"Groupe local Nice\" \/>\n<meta property=\"article:published_time\" content=\"2018-11-05T15:02:34+00:00\" \/>\n<meta property=\"article:modified_time\" content=\"2018-11-05T15:12:00+00:00\" \/>\n<meta property=\"og:image\" content=\"https:\/\/paca.lpo.fr\/blogs\/nice\/files\/2018\/11\/migreblogune.jpg\" \/>\n\t<meta property=\"og:image:width\" content=\"846\" \/>\n\t<meta property=\"og:image:height\" content=\"601\" \/>\n\t<meta property=\"og:image:type\" content=\"image\/jpeg\" \/>\n<meta name=\"author\" content=\"Groupe local Paillon-B\u00e9v\u00e9ra\" \/>\n<meta name=\"twitter:card\" content=\"summary_large_image\" \/>\n<meta name=\"twitter:label1\" content=\"\u00c9crit par\" \/>\n\t<meta name=\"twitter:data1\" content=\"Groupe local Paillon-B\u00e9v\u00e9ra\" \/>\n\t<meta name=\"twitter:label2\" content=\"Dur\u00e9e de lecture estim\u00e9e\" \/>\n\t<meta name=\"twitter:data2\" content=\"1 minute\" \/>\n<script type=\"application\/ld+json\" class=\"yoast-schema-graph\">{\"@context\":\"https:\\\/\\\/schema.org\",\"@graph\":[{\"@type\":\"Article\",\"@id\":\"https:\\\/\\\/paca.lpo.fr\\\/blogs\\\/nice\\\/2018\\\/11\\\/05\\\/camp-de-migration-du-fort-de-la-revere-2018\\\/#article\",\"isPartOf\":{\"@id\":\"https:\\\/\\\/paca.lpo.fr\\\/blogs\\\/nice\\\/2018\\\/11\\\/05\\\/camp-de-migration-du-fort-de-la-revere-2018\\\/\"},\"author\":{\"name\":\"Groupe local Paillon-B\u00e9v\u00e9ra\",\"@id\":\"https:\\\/\\\/paca.lpo.fr\\\/blogs\\\/nice\\\/#\\\/schema\\\/person\\\/1bda33335fb71e0b3552487db26a4c56\"},\"headline\":\"Camp de migration du Fort de la Rev\u00e8re 2018\",\"datePublished\":\"2018-11-05T15:02:34+00:00\",\"dateModified\":\"2018-11-05T15:12:00+00:00\",\"mainEntityOfPage\":{\"@id\":\"https:\\\/\\\/paca.lpo.fr\\\/blogs\\\/nice\\\/2018\\\/11\\\/05\\\/camp-de-migration-du-fort-de-la-revere-2018\\\/\"},\"wordCount\":168,\"commentCount\":0,\"publisher\":{\"@id\":\"https:\\\/\\\/paca.lpo.fr\\\/blogs\\\/nice\\\/#organization\"},\"image\":{\"@id\":\"https:\\\/\\\/paca.lpo.fr\\\/blogs\\\/nice\\\/2018\\\/11\\\/05\\\/camp-de-migration-du-fort-de-la-revere-2018\\\/#primaryimage\"},\"thumbnailUrl\":\"https:\\\/\\\/paca.lpo.fr\\\/blogs\\\/nice\\\/files\\\/2018\\\/11\\\/migreblogune.jpg\",\"articleSection\":[\"Grands \u00e9v\u00e8nements\",\"Vie du groupe\"],\"inLanguage\":\"fr-FR\",\"potentialAction\":[{\"@type\":\"CommentAction\",\"name\":\"Comment\",\"target\":[\"https:\\\/\\\/paca.lpo.fr\\\/blogs\\\/nice\\\/2018\\\/11\\\/05\\\/camp-de-migration-du-fort-de-la-revere-2018\\\/#respond\"]}]},{\"@type\":\"WebPage\",\"@id\":\"https:\\\/\\\/paca.lpo.fr\\\/blogs\\\/nice\\\/2018\\\/11\\\/05\\\/camp-de-migration-du-fort-de-la-revere-2018\\\/\",\"url\":\"https:\\\/\\\/paca.lpo.fr\\\/blogs\\\/nice\\\/2018\\\/11\\\/05\\\/camp-de-migration-du-fort-de-la-revere-2018\\\/\",\"name\":\"Camp de migration du Fort de la Rev\u00e8re 2018 - Groupe local Nice\",\"isPartOf\":{\"@id\":\"https:\\\/\\\/paca.lpo.fr\\\/blogs\\\/nice\\\/#website\"},\"primaryImageOfPage\":{\"@id\":\"https:\\\/\\\/paca.lpo.fr\\\/blogs\\\/nice\\\/2018\\\/11\\\/05\\\/camp-de-migration-du-fort-de-la-revere-2018\\\/#primaryimage\"},\"image\":{\"@id\":\"https:\\\/\\\/paca.lpo.fr\\\/blogs\\\/nice\\\/2018\\\/11\\\/05\\\/camp-de-migration-du-fort-de-la-revere-2018\\\/#primaryimage\"},\"thumbnailUrl\":\"https:\\\/\\\/paca.lpo.fr\\\/blogs\\\/nice\\\/files\\\/2018\\\/11\\\/migreblogune.jpg\",\"datePublished\":\"2018-11-05T15:02:34+00:00\",\"dateModified\":\"2018-11-05T15:12:00+00:00\",\"breadcrumb\":{\"@id\":\"https:\\\/\\\/paca.lpo.fr\\\/blogs\\\/nice\\\/2018\\\/11\\\/05\\\/camp-de-migration-du-fort-de-la-revere-2018\\\/#breadcrumb\"},\"inLanguage\":\"fr-FR\",\"potentialAction\":[{\"@type\":\"ReadAction\",\"target\":[\"https:\\\/\\\/paca.lpo.fr\\\/blogs\\\/nice\\\/2018\\\/11\\\/05\\\/camp-de-migration-du-fort-de-la-revere-2018\\\/\"]}]},{\"@type\":\"ImageObject\",\"inLanguage\":\"fr-FR\",\"@id\":\"https:\\\/\\\/paca.lpo.fr\\\/blogs\\\/nice\\\/2018\\\/11\\\/05\\\/camp-de-migration-du-fort-de-la-revere-2018\\\/#primaryimage\",\"url\":\"https:\\\/\\\/paca.lpo.fr\\\/blogs\\\/nice\\\/files\\\/2018\\\/11\\\/migreblogune.jpg\",\"contentUrl\":\"https:\\\/\\\/paca.lpo.fr\\\/blogs\\\/nice\\\/files\\\/2018\\\/11\\\/migreblogune.jpg\",\"width\":846,\"height\":601},{\"@type\":\"BreadcrumbList\",\"@id\":\"https:\\\/\\\/paca.lpo.fr\\\/blogs\\\/nice\\\/2018\\\/11\\\/05\\\/camp-de-migration-du-fort-de-la-revere-2018\\\/#breadcrumb\",\"itemListElement\":[{\"@type\":\"ListItem\",\"position\":1,\"name\":\"Accueil\",\"item\":\"https:\\\/\\\/paca.lpo.fr\\\/blogs\\\/nice\\\/\"},{\"@type\":\"ListItem\",\"position\":2,\"name\":\"Camp de migration du Fort de la Rev\u00e8re 2018\"}]},{\"@type\":\"WebSite\",\"@id\":\"https:\\\/\\\/paca.lpo.fr\\\/blogs\\\/nice\\\/#website\",\"url\":\"https:\\\/\\\/paca.lpo.fr\\\/blogs\\\/nice\\\/\",\"name\":\"Groupe local Nice\",\"description\":\"Groupe local Nice\",\"publisher\":{\"@id\":\"https:\\\/\\\/paca.lpo.fr\\\/blogs\\\/nice\\\/#organization\"},\"potentialAction\":[{\"@type\":\"SearchAction\",\"target\":{\"@type\":\"EntryPoint\",\"urlTemplate\":\"https:\\\/\\\/paca.lpo.fr\\\/blogs\\\/nice\\\/?s={search_term_string}\"},\"query-input\":{\"@type\":\"PropertyValueSpecification\",\"valueRequired\":true,\"valueName\":\"search_term_string\"}}],\"inLanguage\":\"fr-FR\"},{\"@type\":\"Organization\",\"@id\":\"https:\\\/\\\/paca.lpo.fr\\\/blogs\\\/nice\\\/#organization\",\"name\":\"Groupe local Nice\",\"url\":\"https:\\\/\\\/paca.lpo.fr\\\/blogs\\\/nice\\\/\",\"logo\":{\"@type\":\"ImageObject\",\"inLanguage\":\"fr-FR\",\"@id\":\"https:\\\/\\\/paca.lpo.fr\\\/blogs\\\/nice\\\/#\\\/schema\\\/logo\\\/image\\\/\",\"url\":\"https:\\\/\\\/paca.lpo.fr\\\/blogs\\\/nice\\\/files\\\/2024\\\/01\\\/cropped-rvb-lpo-paca-logotype-signature-droite-mini-500.jpg\",\"contentUrl\":\"https:\\\/\\\/paca.lpo.fr\\\/blogs\\\/nice\\\/files\\\/2024\\\/01\\\/cropped-rvb-lpo-paca-logotype-signature-droite-mini-500.jpg\",\"width\":500,\"height\":210,\"caption\":\"Groupe local Nice\"},\"image\":{\"@id\":\"https:\\\/\\\/paca.lpo.fr\\\/blogs\\\/nice\\\/#\\\/schema\\\/logo\\\/image\\\/\"}},{\"@type\":\"Person\",\"@id\":\"https:\\\/\\\/paca.lpo.fr\\\/blogs\\\/nice\\\/#\\\/schema\\\/person\\\/1bda33335fb71e0b3552487db26a4c56\",\"name\":\"Groupe local Paillon-B\u00e9v\u00e9ra\",\"image\":{\"@type\":\"ImageObject\",\"inLanguage\":\"fr-FR\",\"@id\":\"https:\\\/\\\/secure.gravatar.com\\\/avatar\\\/b1ee285506e2cb880ec988990d360e255aecb31c77212741dace1023623610c2?s=96&d=mm&r=g\",\"url\":\"https:\\\/\\\/secure.gravatar.com\\\/avatar\\\/b1ee285506e2cb880ec988990d360e255aecb31c77212741dace1023623610c2?s=96&d=mm&r=g\",\"contentUrl\":\"https:\\\/\\\/secure.gravatar.com\\\/avatar\\\/b1ee285506e2cb880ec988990d360e255aecb31c77212741dace1023623610c2?s=96&d=mm&r=g\",\"caption\":\"Groupe local Paillon-B\u00e9v\u00e9ra\"},\"url\":\"https:\\\/\\\/paca.lpo.fr\\\/blogs\\\/nice\\\/author\\\/alpesmaritimesest\\\/\"}]}<\/script>\n<!-- \/ Yoast SEO plugin. -->","yoast_head_json":{"title":"Camp de migration du Fort de la Rev\u00e8re 2018 - Groupe local Nice","robots":{"index":"index","follow":"follow","max-snippet":"max-snippet:-1","max-image-preview":"max-image-preview:large","max-video-preview":"max-video-preview:-1"},"canonical":"https:\/\/paca.lpo.fr\/blogs\/nice\/2018\/11\/05\/camp-de-migration-du-fort-de-la-revere-2018\/","og_locale":"fr_FR","og_type":"article","og_title":"Camp de migration du Fort de la Rev\u00e8re 2018 - Groupe local Nice","og_description":"Le mauvais temp a perturb\u00e9 les deux derniers week-ends d&rsquo;observation des oiseaux migrateurs au Fort de la Revere. Samedi 27 peu de passages de migrateurs et la journ\u00e9e de dimanche \u00e0 \u00e9t\u00e9 annul\u00e9e. Le jour de la fermeture le 4 novembre la pluie et le vent ont un peu d\u00e9courag\u00e9 les oiseaux migrateurs mais pas [&hellip;]","og_url":"https:\/\/paca.lpo.fr\/blogs\/nice\/2018\/11\/05\/camp-de-migration-du-fort-de-la-revere-2018\/","og_site_name":"Groupe local Nice","article_published_time":"2018-11-05T15:02:34+00:00","article_modified_time":"2018-11-05T15:12:00+00:00","og_image":[{"width":846,"height":601,"url":"https:\/\/paca.lpo.fr\/blogs\/nice\/files\/2018\/11\/migreblogune.jpg","type":"image\/jpeg"}],"author":"Groupe local Paillon-B\u00e9v\u00e9ra","twitter_card":"summary_large_image","twitter_misc":{"\u00c9crit par":"Groupe local Paillon-B\u00e9v\u00e9ra","Dur\u00e9e de lecture estim\u00e9e":"1 minute"},"schema":{"@context":"https:\/\/schema.org","@graph":[{"@type":"Article","@id":"https:\/\/paca.lpo.fr\/blogs\/nice\/2018\/11\/05\/camp-de-migration-du-fort-de-la-revere-2018\/#article","isPartOf":{"@id":"https:\/\/paca.lpo.fr\/blogs\/nice\/2018\/11\/05\/camp-de-migration-du-fort-de-la-revere-2018\/"},"author":{"name":"Groupe local Paillon-B\u00e9v\u00e9ra","@id":"https:\/\/paca.lpo.fr\/blogs\/nice\/#\/schema\/person\/1bda33335fb71e0b3552487db26a4c56"},"headline":"Camp de migration du Fort de la Rev\u00e8re 2018","datePublished":"2018-11-05T15:02:34+00:00","dateModified":"2018-11-05T15:12:00+00:00","mainEntityOfPage":{"@id":"https:\/\/paca.lpo.fr\/blogs\/nice\/2018\/11\/05\/camp-de-migration-du-fort-de-la-revere-2018\/"},"wordCount":168,"commentCount":0,"publisher":{"@id":"https:\/\/paca.lpo.fr\/blogs\/nice\/#organization"},"image":{"@id":"https:\/\/paca.lpo.fr\/blogs\/nice\/2018\/11\/05\/camp-de-migration-du-fort-de-la-revere-2018\/#primaryimage"},"thumbnailUrl":"https:\/\/paca.lpo.fr\/blogs\/nice\/files\/2018\/11\/migreblogune.jpg","articleSection":["Grands \u00e9v\u00e8nements","Vie du groupe"],"inLanguage":"fr-FR","potentialAction":[{"@type":"CommentAction","name":"Comment","target":["https:\/\/paca.lpo.fr\/blogs\/nice\/2018\/11\/05\/camp-de-migration-du-fort-de-la-revere-2018\/#respond"]}]},{"@type":"WebPage","@id":"https:\/\/paca.lpo.fr\/blogs\/nice\/2018\/11\/05\/camp-de-migration-du-fort-de-la-revere-2018\/","url":"https:\/\/paca.lpo.fr\/blogs\/nice\/2018\/11\/05\/camp-de-migration-du-fort-de-la-revere-2018\/","name":"Camp de migration du Fort de la Rev\u00e8re 2018 - Groupe local Nice","isPartOf":{"@id":"https:\/\/paca.lpo.fr\/blogs\/nice\/#website"},"primaryImageOfPage":{"@id":"https:\/\/paca.lpo.fr\/blogs\/nice\/2018\/11\/05\/camp-de-migration-du-fort-de-la-revere-2018\/#primaryimage"},"image":{"@id":"https:\/\/paca.lpo.fr\/blogs\/nice\/2018\/11\/05\/camp-de-migration-du-fort-de-la-revere-2018\/#primaryimage"},"thumbnailUrl":"https:\/\/paca.lpo.fr\/blogs\/nice\/files\/2018\/11\/migreblogune.jpg","datePublished":"2018-11-05T15:02:34+00:00","dateModified":"2018-11-05T15:12:00+00:00","breadcrumb":{"@id":"https:\/\/paca.lpo.fr\/blogs\/nice\/2018\/11\/05\/camp-de-migration-du-fort-de-la-revere-2018\/#breadcrumb"},"inLanguage":"fr-FR","potentialAction":[{"@type":"ReadAction","target":["https:\/\/paca.lpo.fr\/blogs\/nice\/2018\/11\/05\/camp-de-migration-du-fort-de-la-revere-2018\/"]}]},{"@type":"ImageObject","inLanguage":"fr-FR","@id":"https:\/\/paca.lpo.fr\/blogs\/nice\/2018\/11\/05\/camp-de-migration-du-fort-de-la-revere-2018\/#primaryimage","url":"https:\/\/paca.lpo.fr\/blogs\/nice\/files\/2018\/11\/migreblogune.jpg","contentUrl":"https:\/\/paca.lpo.fr\/blogs\/nice\/files\/2018\/11\/migreblogune.jpg","width":846,"height":601},{"@type":"BreadcrumbList","@id":"https:\/\/paca.lpo.fr\/blogs\/nice\/2018\/11\/05\/camp-de-migration-du-fort-de-la-revere-2018\/#breadcrumb","itemListElement":[{"@type":"ListItem","position":1,"name":"Accueil","item":"https:\/\/paca.lpo.fr\/blogs\/nice\/"},{"@type":"ListItem","position":2,"name":"Camp de migration du Fort de la Rev\u00e8re 2018"}]},{"@type":"WebSite","@id":"https:\/\/paca.lpo.fr\/blogs\/nice\/#website","url":"https:\/\/paca.lpo.fr\/blogs\/nice\/","name":"Groupe local Nice","description":"Groupe local Nice","publisher":{"@id":"https:\/\/paca.lpo.fr\/blogs\/nice\/#organization"},"potentialAction":[{"@type":"SearchAction","target":{"@type":"EntryPoint","urlTemplate":"https:\/\/paca.lpo.fr\/blogs\/nice\/?s={search_term_string}"},"query-input":{"@type":"PropertyValueSpecification","valueRequired":true,"valueName":"search_term_string"}}],"inLanguage":"fr-FR"},{"@type":"Organization","@id":"https:\/\/paca.lpo.fr\/blogs\/nice\/#organization","name":"Groupe local Nice","url":"https:\/\/paca.lpo.fr\/blogs\/nice\/","logo":{"@type":"ImageObject","inLanguage":"fr-FR","@id":"https:\/\/paca.lpo.fr\/blogs\/nice\/#\/schema\/logo\/image\/","url":"https:\/\/paca.lpo.fr\/blogs\/nice\/files\/2024\/01\/cropped-rvb-lpo-paca-logotype-signature-droite-mini-500.jpg","contentUrl":"https:\/\/paca.lpo.fr\/blogs\/nice\/files\/2024\/01\/cropped-rvb-lpo-paca-logotype-signature-droite-mini-500.jpg","width":500,"height":210,"caption":"Groupe local Nice"},"image":{"@id":"https:\/\/paca.lpo.fr\/blogs\/nice\/#\/schema\/logo\/image\/"}},{"@type":"Person","@id":"https:\/\/paca.lpo.fr\/blogs\/nice\/#\/schema\/person\/1bda33335fb71e0b3552487db26a4c56","name":"Groupe local Paillon-B\u00e9v\u00e9ra","image":{"@type":"ImageObject","inLanguage":"fr-FR","@id":"https:\/\/secure.gravatar.com\/avatar\/b1ee285506e2cb880ec988990d360e255aecb31c77212741dace1023623610c2?s=96&d=mm&r=g","url":"https:\/\/secure.gravatar.com\/avatar\/b1ee285506e2cb880ec988990d360e255aecb31c77212741dace1023623610c2?s=96&d=mm&r=g","contentUrl":"https:\/\/secure.gravatar.com\/avatar\/b1ee285506e2cb880ec988990d360e255aecb31c77212741dace1023623610c2?s=96&d=mm&r=g","caption":"Groupe local Paillon-B\u00e9v\u00e9ra"},"url":"https:\/\/paca.lpo.fr\/blogs\/nice\/author\/alpesmaritimesest\/"}]}},"jetpack_featured_media_url":"https:\/\/paca.lpo.fr\/blogs\/nice\/files\/2018\/11\/migreblogune.jpg","_links":{"self":[{"href":"https:\/\/paca.lpo.fr\/blogs\/nice\/wp-json\/wp\/v2\/posts\/2433","targetHints":{"allow":["GET"]}}],"collection":[{"href":"https:\/\/paca.lpo.fr\/blogs\/nice\/wp-json\/wp\/v2\/posts"}],"about":[{"href":"https:\/\/paca.lpo.fr\/blogs\/nice\/wp-json\/wp\/v2\/types\/post"}],"author":[{"embeddable":true,"href":"https:\/\/paca.lpo.fr\/blogs\/nice\/wp-json\/wp\/v2\/users\/15"}],"replies":[{"embeddable":true,"href":"https:\/\/paca.lpo.fr\/blogs\/nice\/wp-json\/wp\/v2\/comments?post=2433"}],"version-history":[{"count":4,"href":"https:\/\/paca.lpo.fr\/blogs\/nice\/wp-json\/wp\/v2\/posts\/2433\/revisions"}],"predecessor-version":[{"id":2440,"href":"https:\/\/paca.lpo.fr\/blogs\/nice\/wp-json\/wp\/v2\/posts\/2433\/revisions\/2440"}],"wp:featuredmedia":[{"embeddable":true,"href":"https:\/\/paca.lpo.fr\/blogs\/nice\/wp-json\/wp\/v2\/media\/2436"}],"wp:attachment":[{"href":"https:\/\/paca.lpo.fr\/blogs\/nice\/wp-json\/wp\/v2\/media?parent=2433"}],"wp:term":[{"taxonomy":"category","embeddable":true,"href":"https:\/\/paca.lpo.fr\/blogs\/nice\/wp-json\/wp\/v2\/categories?post=2433"},{"taxonomy":"post_tag","embeddable":true,"href":"https:\/\/paca.lpo.fr\/blogs\/nice\/wp-json\/wp\/v2\/tags?post=2433"}],"curies":[{"name":"wp","href":"https:\/\/api.w.org\/{rel}","templated":true}]}}