{"id":2455,"date":"2018-11-16T16:53:47","date_gmt":"2018-11-16T15:53:47","guid":{"rendered":"https:\/\/paca.lpo.fr\/blogs\/nice\/?p=2455"},"modified":"2018-11-19T15:24:01","modified_gmt":"2018-11-19T14:24:01","slug":"grues-cendrees-en-migration-dans-les-alpes-maritimes","status":"publish","type":"post","link":"https:\/\/paca.lpo.fr\/blogs\/nice\/2018\/11\/16\/grues-cendrees-en-migration-dans-les-alpes-maritimes\/","title":{"rendered":"Grues cendr\u00e9es en migration dans les Alpes Maritimes"},"content":{"rendered":"<p>Plus de 600 grues cendr\u00e9es ont survol\u00e9 La Turbie aujourd&rsquo;hui, 16 novembre, en migration postnuptiale. Les observateurs des Alpes Maritimes les attendent depuis le d\u00e9but du mois de novembre et elles sont enfin de passage. Les vols vont probablement se poursuivre dans les jours \u00e0 venir.<\/p>\n<figure id=\"attachment_2457\" aria-describedby=\"caption-attachment-2457\" style=\"width: 480px\" class=\"wp-caption alignnone\"><img loading=\"lazy\" decoding=\"async\" class=\"size-medium wp-image-2457\" src=\"https:\/\/paca.lpo.fr\/blogs\/nice\/files\/2018\/11\/blog-2-480x366.jpg\" alt=\"\" width=\"480\" height=\"366\" srcset=\"https:\/\/paca.lpo.fr\/blogs\/nice\/files\/2018\/11\/blog-2-480x366.jpg 480w, https:\/\/paca.lpo.fr\/blogs\/nice\/files\/2018\/11\/blog-2-768x585.jpg 768w, https:\/\/paca.lpo.fr\/blogs\/nice\/files\/2018\/11\/blog-2-700x533.jpg 700w, https:\/\/paca.lpo.fr\/blogs\/nice\/files\/2018\/11\/blog-2.jpg 881w\" sizes=\"auto, (max-width: 480px) 100vw, 480px\" \/><figcaption id=\"caption-attachment-2457\" class=\"wp-caption-text\">Grues cendr\u00e9es en migration postnuptiale<\/figcaption><\/figure>\n<p><img loading=\"lazy\" decoding=\"async\" class=\"alignnone size-medium wp-image-2458\" src=\"https:\/\/paca.lpo.fr\/blogs\/nice\/files\/2018\/11\/blog-3-480x320.jpg\" alt=\"\" width=\"480\" height=\"320\" srcset=\"https:\/\/paca.lpo.fr\/blogs\/nice\/files\/2018\/11\/blog-3-480x320.jpg 480w, https:\/\/paca.lpo.fr\/blogs\/nice\/files\/2018\/11\/blog-3-768x512.jpg 768w, https:\/\/paca.lpo.fr\/blogs\/nice\/files\/2018\/11\/blog-3-960x640.jpg 960w, https:\/\/paca.lpo.fr\/blogs\/nice\/files\/2018\/11\/blog-3-700x466.jpg 700w, https:\/\/paca.lpo.fr\/blogs\/nice\/files\/2018\/11\/blog-3.jpg 995w\" sizes=\"auto, (max-width: 480px) 100vw, 480px\" \/><img loading=\"lazy\" decoding=\"async\" class=\"alignnone size-medium wp-image-2459\" src=\"https:\/\/paca.lpo.fr\/blogs\/nice\/files\/2018\/11\/blog-1-480x334.jpg\" alt=\"\" width=\"480\" height=\"334\" srcset=\"https:\/\/paca.lpo.fr\/blogs\/nice\/files\/2018\/11\/blog-1-480x334.jpg 480w, https:\/\/paca.lpo.fr\/blogs\/nice\/files\/2018\/11\/blog-1-768x535.jpg 768w, https:\/\/paca.lpo.fr\/blogs\/nice\/files\/2018\/11\/blog-1-960x668.jpg 960w, https:\/\/paca.lpo.fr\/blogs\/nice\/files\/2018\/11\/blog-1-700x487.jpg 700w, https:\/\/paca.lpo.fr\/blogs\/nice\/files\/2018\/11\/blog-1.jpg 1000w\" sizes=\"auto, (max-width: 480px) 100vw, 480px\" \/><\/p>\n","protected":false},"excerpt":{"rendered":"<p>Plus de 600 grues cendr\u00e9es ont survol\u00e9 La Turbie aujourd&rsquo;hui, 16 novembre, en migration postnuptiale. Les observateurs des Alpes Maritimes les attendent depuis le d\u00e9but du mois de novembre et elles sont enfin de passage. Les vols vont probablement se poursuivre dans les jours \u00e0 venir.<\/p>\n","protected":false},"author":15,"featured_media":2456,"comment_status":"open","ping_status":"open","sticky":false,"template":"","format":"standard","meta":{"footnotes":""},"categories":[78,3],"tags":[],"class_list":["post-2455","post","type-post","status-publish","format-standard","has-post-thumbnail","hentry","category-protection-de-la-biodiversite","category-vie-groupe"],"yoast_head":"<!-- This site is optimized with the Yoast SEO plugin v28.3 - https:\/\/yoast.com\/product\/yoast-seo-wordpress\/ -->\n<title>Grues cendr\u00e9es en migration dans les Alpes Maritimes - Groupe local Nice<\/title>\n<meta name=\"robots\" content=\"index, follow, max-snippet:-1, max-image-preview:large, max-video-preview:-1\" \/>\n<link rel=\"canonical\" href=\"https:\/\/paca.lpo.fr\/blogs\/nice\/2018\/11\/16\/grues-cendrees-en-migration-dans-les-alpes-maritimes\/\" \/>\n<meta property=\"og:locale\" content=\"fr_FR\" \/>\n<meta property=\"og:type\" content=\"article\" \/>\n<meta property=\"og:title\" content=\"Grues cendr\u00e9es en migration dans les Alpes Maritimes - Groupe local Nice\" \/>\n<meta property=\"og:description\" content=\"Plus de 600 grues cendr\u00e9es ont survol\u00e9 La Turbie aujourd&rsquo;hui, 16 novembre, en migration postnuptiale. Les observateurs des Alpes Maritimes les attendent depuis le d\u00e9but du mois de novembre et elles sont enfin de passage. Les vols vont probablement se poursuivre dans les jours \u00e0 venir.\" \/>\n<meta property=\"og:url\" content=\"https:\/\/paca.lpo.fr\/blogs\/nice\/2018\/11\/16\/grues-cendrees-en-migration-dans-les-alpes-maritimes\/\" \/>\n<meta property=\"og:site_name\" content=\"Groupe local Nice\" \/>\n<meta property=\"article:published_time\" content=\"2018-11-16T15:53:47+00:00\" \/>\n<meta property=\"article:modified_time\" content=\"2018-11-19T14:24:01+00:00\" \/>\n<meta property=\"og:image\" content=\"https:\/\/paca.lpo.fr\/blogs\/nice\/files\/2018\/11\/blog-4.jpg\" \/>\n\t<meta property=\"og:image:width\" content=\"844\" \/>\n\t<meta property=\"og:image:height\" content=\"541\" \/>\n\t<meta property=\"og:image:type\" content=\"image\/jpeg\" \/>\n<meta name=\"author\" content=\"Groupe local Paillon-B\u00e9v\u00e9ra\" \/>\n<meta name=\"twitter:card\" content=\"summary_large_image\" \/>\n<meta name=\"twitter:label1\" content=\"\u00c9crit par\" \/>\n\t<meta name=\"twitter:data1\" content=\"Groupe local Paillon-B\u00e9v\u00e9ra\" \/>\n<script type=\"application\/ld+json\" class=\"yoast-schema-graph\">{\"@context\":\"https:\\\/\\\/schema.org\",\"@graph\":[{\"@type\":\"Article\",\"@id\":\"https:\\\/\\\/paca.lpo.fr\\\/blogs\\\/nice\\\/2018\\\/11\\\/16\\\/grues-cendrees-en-migration-dans-les-alpes-maritimes\\\/#article\",\"isPartOf\":{\"@id\":\"https:\\\/\\\/paca.lpo.fr\\\/blogs\\\/nice\\\/2018\\\/11\\\/16\\\/grues-cendrees-en-migration-dans-les-alpes-maritimes\\\/\"},\"author\":{\"name\":\"Groupe local Paillon-B\u00e9v\u00e9ra\",\"@id\":\"https:\\\/\\\/paca.lpo.fr\\\/blogs\\\/nice\\\/#\\\/schema\\\/person\\\/1bda33335fb71e0b3552487db26a4c56\"},\"headline\":\"Grues cendr\u00e9es en migration dans les Alpes Maritimes\",\"datePublished\":\"2018-11-16T15:53:47+00:00\",\"dateModified\":\"2018-11-19T14:24:01+00:00\",\"mainEntityOfPage\":{\"@id\":\"https:\\\/\\\/paca.lpo.fr\\\/blogs\\\/nice\\\/2018\\\/11\\\/16\\\/grues-cendrees-en-migration-dans-les-alpes-maritimes\\\/\"},\"wordCount\":68,\"commentCount\":4,\"publisher\":{\"@id\":\"https:\\\/\\\/paca.lpo.fr\\\/blogs\\\/nice\\\/#organization\"},\"image\":{\"@id\":\"https:\\\/\\\/paca.lpo.fr\\\/blogs\\\/nice\\\/2018\\\/11\\\/16\\\/grues-cendrees-en-migration-dans-les-alpes-maritimes\\\/#primaryimage\"},\"thumbnailUrl\":\"https:\\\/\\\/paca.lpo.fr\\\/blogs\\\/nice\\\/files\\\/2018\\\/11\\\/blog-4.jpg\",\"articleSection\":[\"Protection de la biodiversit\u00e9\",\"Vie du groupe\"],\"inLanguage\":\"fr-FR\",\"potentialAction\":[{\"@type\":\"CommentAction\",\"name\":\"Comment\",\"target\":[\"https:\\\/\\\/paca.lpo.fr\\\/blogs\\\/nice\\\/2018\\\/11\\\/16\\\/grues-cendrees-en-migration-dans-les-alpes-maritimes\\\/#respond\"]}]},{\"@type\":\"WebPage\",\"@id\":\"https:\\\/\\\/paca.lpo.fr\\\/blogs\\\/nice\\\/2018\\\/11\\\/16\\\/grues-cendrees-en-migration-dans-les-alpes-maritimes\\\/\",\"url\":\"https:\\\/\\\/paca.lpo.fr\\\/blogs\\\/nice\\\/2018\\\/11\\\/16\\\/grues-cendrees-en-migration-dans-les-alpes-maritimes\\\/\",\"name\":\"Grues cendr\u00e9es en migration dans les Alpes Maritimes - Groupe local Nice\",\"isPartOf\":{\"@id\":\"https:\\\/\\\/paca.lpo.fr\\\/blogs\\\/nice\\\/#website\"},\"primaryImageOfPage\":{\"@id\":\"https:\\\/\\\/paca.lpo.fr\\\/blogs\\\/nice\\\/2018\\\/11\\\/16\\\/grues-cendrees-en-migration-dans-les-alpes-maritimes\\\/#primaryimage\"},\"image\":{\"@id\":\"https:\\\/\\\/paca.lpo.fr\\\/blogs\\\/nice\\\/2018\\\/11\\\/16\\\/grues-cendrees-en-migration-dans-les-alpes-maritimes\\\/#primaryimage\"},\"thumbnailUrl\":\"https:\\\/\\\/paca.lpo.fr\\\/blogs\\\/nice\\\/files\\\/2018\\\/11\\\/blog-4.jpg\",\"datePublished\":\"2018-11-16T15:53:47+00:00\",\"dateModified\":\"2018-11-19T14:24:01+00:00\",\"breadcrumb\":{\"@id\":\"https:\\\/\\\/paca.lpo.fr\\\/blogs\\\/nice\\\/2018\\\/11\\\/16\\\/grues-cendrees-en-migration-dans-les-alpes-maritimes\\\/#breadcrumb\"},\"inLanguage\":\"fr-FR\",\"potentialAction\":[{\"@type\":\"ReadAction\",\"target\":[\"https:\\\/\\\/paca.lpo.fr\\\/blogs\\\/nice\\\/2018\\\/11\\\/16\\\/grues-cendrees-en-migration-dans-les-alpes-maritimes\\\/\"]}]},{\"@type\":\"ImageObject\",\"inLanguage\":\"fr-FR\",\"@id\":\"https:\\\/\\\/paca.lpo.fr\\\/blogs\\\/nice\\\/2018\\\/11\\\/16\\\/grues-cendrees-en-migration-dans-les-alpes-maritimes\\\/#primaryimage\",\"url\":\"https:\\\/\\\/paca.lpo.fr\\\/blogs\\\/nice\\\/files\\\/2018\\\/11\\\/blog-4.jpg\",\"contentUrl\":\"https:\\\/\\\/paca.lpo.fr\\\/blogs\\\/nice\\\/files\\\/2018\\\/11\\\/blog-4.jpg\",\"width\":844,\"height\":541},{\"@type\":\"BreadcrumbList\",\"@id\":\"https:\\\/\\\/paca.lpo.fr\\\/blogs\\\/nice\\\/2018\\\/11\\\/16\\\/grues-cendrees-en-migration-dans-les-alpes-maritimes\\\/#breadcrumb\",\"itemListElement\":[{\"@type\":\"ListItem\",\"position\":1,\"name\":\"Accueil\",\"item\":\"https:\\\/\\\/paca.lpo.fr\\\/blogs\\\/nice\\\/\"},{\"@type\":\"ListItem\",\"position\":2,\"name\":\"Grues cendr\u00e9es en migration dans les Alpes Maritimes\"}]},{\"@type\":\"WebSite\",\"@id\":\"https:\\\/\\\/paca.lpo.fr\\\/blogs\\\/nice\\\/#website\",\"url\":\"https:\\\/\\\/paca.lpo.fr\\\/blogs\\\/nice\\\/\",\"name\":\"Groupe local Nice\",\"description\":\"Groupe local Nice\",\"publisher\":{\"@id\":\"https:\\\/\\\/paca.lpo.fr\\\/blogs\\\/nice\\\/#organization\"},\"potentialAction\":[{\"@type\":\"SearchAction\",\"target\":{\"@type\":\"EntryPoint\",\"urlTemplate\":\"https:\\\/\\\/paca.lpo.fr\\\/blogs\\\/nice\\\/?s={search_term_string}\"},\"query-input\":{\"@type\":\"PropertyValueSpecification\",\"valueRequired\":true,\"valueName\":\"search_term_string\"}}],\"inLanguage\":\"fr-FR\"},{\"@type\":\"Organization\",\"@id\":\"https:\\\/\\\/paca.lpo.fr\\\/blogs\\\/nice\\\/#organization\",\"name\":\"Groupe local Nice\",\"url\":\"https:\\\/\\\/paca.lpo.fr\\\/blogs\\\/nice\\\/\",\"logo\":{\"@type\":\"ImageObject\",\"inLanguage\":\"fr-FR\",\"@id\":\"https:\\\/\\\/paca.lpo.fr\\\/blogs\\\/nice\\\/#\\\/schema\\\/logo\\\/image\\\/\",\"url\":\"https:\\\/\\\/paca.lpo.fr\\\/blogs\\\/nice\\\/files\\\/2024\\\/01\\\/cropped-rvb-lpo-paca-logotype-signature-droite-mini-500.jpg\",\"contentUrl\":\"https:\\\/\\\/paca.lpo.fr\\\/blogs\\\/nice\\\/files\\\/2024\\\/01\\\/cropped-rvb-lpo-paca-logotype-signature-droite-mini-500.jpg\",\"width\":500,\"height\":210,\"caption\":\"Groupe local Nice\"},\"image\":{\"@id\":\"https:\\\/\\\/paca.lpo.fr\\\/blogs\\\/nice\\\/#\\\/schema\\\/logo\\\/image\\\/\"}},{\"@type\":\"Person\",\"@id\":\"https:\\\/\\\/paca.lpo.fr\\\/blogs\\\/nice\\\/#\\\/schema\\\/person\\\/1bda33335fb71e0b3552487db26a4c56\",\"name\":\"Groupe local Paillon-B\u00e9v\u00e9ra\",\"image\":{\"@type\":\"ImageObject\",\"inLanguage\":\"fr-FR\",\"@id\":\"https:\\\/\\\/secure.gravatar.com\\\/avatar\\\/b1ee285506e2cb880ec988990d360e255aecb31c77212741dace1023623610c2?s=96&d=mm&r=g\",\"url\":\"https:\\\/\\\/secure.gravatar.com\\\/avatar\\\/b1ee285506e2cb880ec988990d360e255aecb31c77212741dace1023623610c2?s=96&d=mm&r=g\",\"contentUrl\":\"https:\\\/\\\/secure.gravatar.com\\\/avatar\\\/b1ee285506e2cb880ec988990d360e255aecb31c77212741dace1023623610c2?s=96&d=mm&r=g\",\"caption\":\"Groupe local Paillon-B\u00e9v\u00e9ra\"},\"url\":\"https:\\\/\\\/paca.lpo.fr\\\/blogs\\\/nice\\\/author\\\/alpesmaritimesest\\\/\"}]}<\/script>\n<!-- \/ Yoast SEO plugin. -->","yoast_head_json":{"title":"Grues cendr\u00e9es en migration dans les Alpes Maritimes - Groupe local Nice","robots":{"index":"index","follow":"follow","max-snippet":"max-snippet:-1","max-image-preview":"max-image-preview:large","max-video-preview":"max-video-preview:-1"},"canonical":"https:\/\/paca.lpo.fr\/blogs\/nice\/2018\/11\/16\/grues-cendrees-en-migration-dans-les-alpes-maritimes\/","og_locale":"fr_FR","og_type":"article","og_title":"Grues cendr\u00e9es en migration dans les Alpes Maritimes - Groupe local Nice","og_description":"Plus de 600 grues cendr\u00e9es ont survol\u00e9 La Turbie aujourd&rsquo;hui, 16 novembre, en migration postnuptiale. Les observateurs des Alpes Maritimes les attendent depuis le d\u00e9but du mois de novembre et elles sont enfin de passage. Les vols vont probablement se poursuivre dans les jours \u00e0 venir.","og_url":"https:\/\/paca.lpo.fr\/blogs\/nice\/2018\/11\/16\/grues-cendrees-en-migration-dans-les-alpes-maritimes\/","og_site_name":"Groupe local Nice","article_published_time":"2018-11-16T15:53:47+00:00","article_modified_time":"2018-11-19T14:24:01+00:00","og_image":[{"width":844,"height":541,"url":"https:\/\/paca.lpo.fr\/blogs\/nice\/files\/2018\/11\/blog-4.jpg","type":"image\/jpeg"}],"author":"Groupe local Paillon-B\u00e9v\u00e9ra","twitter_card":"summary_large_image","twitter_misc":{"\u00c9crit par":"Groupe local Paillon-B\u00e9v\u00e9ra"},"schema":{"@context":"https:\/\/schema.org","@graph":[{"@type":"Article","@id":"https:\/\/paca.lpo.fr\/blogs\/nice\/2018\/11\/16\/grues-cendrees-en-migration-dans-les-alpes-maritimes\/#article","isPartOf":{"@id":"https:\/\/paca.lpo.fr\/blogs\/nice\/2018\/11\/16\/grues-cendrees-en-migration-dans-les-alpes-maritimes\/"},"author":{"name":"Groupe local Paillon-B\u00e9v\u00e9ra","@id":"https:\/\/paca.lpo.fr\/blogs\/nice\/#\/schema\/person\/1bda33335fb71e0b3552487db26a4c56"},"headline":"Grues cendr\u00e9es en migration dans les Alpes Maritimes","datePublished":"2018-11-16T15:53:47+00:00","dateModified":"2018-11-19T14:24:01+00:00","mainEntityOfPage":{"@id":"https:\/\/paca.lpo.fr\/blogs\/nice\/2018\/11\/16\/grues-cendrees-en-migration-dans-les-alpes-maritimes\/"},"wordCount":68,"commentCount":4,"publisher":{"@id":"https:\/\/paca.lpo.fr\/blogs\/nice\/#organization"},"image":{"@id":"https:\/\/paca.lpo.fr\/blogs\/nice\/2018\/11\/16\/grues-cendrees-en-migration-dans-les-alpes-maritimes\/#primaryimage"},"thumbnailUrl":"https:\/\/paca.lpo.fr\/blogs\/nice\/files\/2018\/11\/blog-4.jpg","articleSection":["Protection de la biodiversit\u00e9","Vie du groupe"],"inLanguage":"fr-FR","potentialAction":[{"@type":"CommentAction","name":"Comment","target":["https:\/\/paca.lpo.fr\/blogs\/nice\/2018\/11\/16\/grues-cendrees-en-migration-dans-les-alpes-maritimes\/#respond"]}]},{"@type":"WebPage","@id":"https:\/\/paca.lpo.fr\/blogs\/nice\/2018\/11\/16\/grues-cendrees-en-migration-dans-les-alpes-maritimes\/","url":"https:\/\/paca.lpo.fr\/blogs\/nice\/2018\/11\/16\/grues-cendrees-en-migration-dans-les-alpes-maritimes\/","name":"Grues cendr\u00e9es en migration dans les Alpes Maritimes - Groupe local Nice","isPartOf":{"@id":"https:\/\/paca.lpo.fr\/blogs\/nice\/#website"},"primaryImageOfPage":{"@id":"https:\/\/paca.lpo.fr\/blogs\/nice\/2018\/11\/16\/grues-cendrees-en-migration-dans-les-alpes-maritimes\/#primaryimage"},"image":{"@id":"https:\/\/paca.lpo.fr\/blogs\/nice\/2018\/11\/16\/grues-cendrees-en-migration-dans-les-alpes-maritimes\/#primaryimage"},"thumbnailUrl":"https:\/\/paca.lpo.fr\/blogs\/nice\/files\/2018\/11\/blog-4.jpg","datePublished":"2018-11-16T15:53:47+00:00","dateModified":"2018-11-19T14:24:01+00:00","breadcrumb":{"@id":"https:\/\/paca.lpo.fr\/blogs\/nice\/2018\/11\/16\/grues-cendrees-en-migration-dans-les-alpes-maritimes\/#breadcrumb"},"inLanguage":"fr-FR","potentialAction":[{"@type":"ReadAction","target":["https:\/\/paca.lpo.fr\/blogs\/nice\/2018\/11\/16\/grues-cendrees-en-migration-dans-les-alpes-maritimes\/"]}]},{"@type":"ImageObject","inLanguage":"fr-FR","@id":"https:\/\/paca.lpo.fr\/blogs\/nice\/2018\/11\/16\/grues-cendrees-en-migration-dans-les-alpes-maritimes\/#primaryimage","url":"https:\/\/paca.lpo.fr\/blogs\/nice\/files\/2018\/11\/blog-4.jpg","contentUrl":"https:\/\/paca.lpo.fr\/blogs\/nice\/files\/2018\/11\/blog-4.jpg","width":844,"height":541},{"@type":"BreadcrumbList","@id":"https:\/\/paca.lpo.fr\/blogs\/nice\/2018\/11\/16\/grues-cendrees-en-migration-dans-les-alpes-maritimes\/#breadcrumb","itemListElement":[{"@type":"ListItem","position":1,"name":"Accueil","item":"https:\/\/paca.lpo.fr\/blogs\/nice\/"},{"@type":"ListItem","position":2,"name":"Grues cendr\u00e9es en migration dans les Alpes Maritimes"}]},{"@type":"WebSite","@id":"https:\/\/paca.lpo.fr\/blogs\/nice\/#website","url":"https:\/\/paca.lpo.fr\/blogs\/nice\/","name":"Groupe local Nice","description":"Groupe local Nice","publisher":{"@id":"https:\/\/paca.lpo.fr\/blogs\/nice\/#organization"},"potentialAction":[{"@type":"SearchAction","target":{"@type":"EntryPoint","urlTemplate":"https:\/\/paca.lpo.fr\/blogs\/nice\/?s={search_term_string}"},"query-input":{"@type":"PropertyValueSpecification","valueRequired":true,"valueName":"search_term_string"}}],"inLanguage":"fr-FR"},{"@type":"Organization","@id":"https:\/\/paca.lpo.fr\/blogs\/nice\/#organization","name":"Groupe local Nice","url":"https:\/\/paca.lpo.fr\/blogs\/nice\/","logo":{"@type":"ImageObject","inLanguage":"fr-FR","@id":"https:\/\/paca.lpo.fr\/blogs\/nice\/#\/schema\/logo\/image\/","url":"https:\/\/paca.lpo.fr\/blogs\/nice\/files\/2024\/01\/cropped-rvb-lpo-paca-logotype-signature-droite-mini-500.jpg","contentUrl":"https:\/\/paca.lpo.fr\/blogs\/nice\/files\/2024\/01\/cropped-rvb-lpo-paca-logotype-signature-droite-mini-500.jpg","width":500,"height":210,"caption":"Groupe local Nice"},"image":{"@id":"https:\/\/paca.lpo.fr\/blogs\/nice\/#\/schema\/logo\/image\/"}},{"@type":"Person","@id":"https:\/\/paca.lpo.fr\/blogs\/nice\/#\/schema\/person\/1bda33335fb71e0b3552487db26a4c56","name":"Groupe local Paillon-B\u00e9v\u00e9ra","image":{"@type":"ImageObject","inLanguage":"fr-FR","@id":"https:\/\/secure.gravatar.com\/avatar\/b1ee285506e2cb880ec988990d360e255aecb31c77212741dace1023623610c2?s=96&d=mm&r=g","url":"https:\/\/secure.gravatar.com\/avatar\/b1ee285506e2cb880ec988990d360e255aecb31c77212741dace1023623610c2?s=96&d=mm&r=g","contentUrl":"https:\/\/secure.gravatar.com\/avatar\/b1ee285506e2cb880ec988990d360e255aecb31c77212741dace1023623610c2?s=96&d=mm&r=g","caption":"Groupe local Paillon-B\u00e9v\u00e9ra"},"url":"https:\/\/paca.lpo.fr\/blogs\/nice\/author\/alpesmaritimesest\/"}]}},"jetpack_featured_media_url":"https:\/\/paca.lpo.fr\/blogs\/nice\/files\/2018\/11\/blog-4.jpg","_links":{"self":[{"href":"https:\/\/paca.lpo.fr\/blogs\/nice\/wp-json\/wp\/v2\/posts\/2455","targetHints":{"allow":["GET"]}}],"collection":[{"href":"https:\/\/paca.lpo.fr\/blogs\/nice\/wp-json\/wp\/v2\/posts"}],"about":[{"href":"https:\/\/paca.lpo.fr\/blogs\/nice\/wp-json\/wp\/v2\/types\/post"}],"author":[{"embeddable":true,"href":"https:\/\/paca.lpo.fr\/blogs\/nice\/wp-json\/wp\/v2\/users\/15"}],"replies":[{"embeddable":true,"href":"https:\/\/paca.lpo.fr\/blogs\/nice\/wp-json\/wp\/v2\/comments?post=2455"}],"version-history":[{"count":2,"href":"https:\/\/paca.lpo.fr\/blogs\/nice\/wp-json\/wp\/v2\/posts\/2455\/revisions"}],"predecessor-version":[{"id":2461,"href":"https:\/\/paca.lpo.fr\/blogs\/nice\/wp-json\/wp\/v2\/posts\/2455\/revisions\/2461"}],"wp:featuredmedia":[{"embeddable":true,"href":"https:\/\/paca.lpo.fr\/blogs\/nice\/wp-json\/wp\/v2\/media\/2456"}],"wp:attachment":[{"href":"https:\/\/paca.lpo.fr\/blogs\/nice\/wp-json\/wp\/v2\/media?parent=2455"}],"wp:term":[{"taxonomy":"category","embeddable":true,"href":"https:\/\/paca.lpo.fr\/blogs\/nice\/wp-json\/wp\/v2\/categories?post=2455"},{"taxonomy":"post_tag","embeddable":true,"href":"https:\/\/paca.lpo.fr\/blogs\/nice\/wp-json\/wp\/v2\/tags?post=2455"}],"curies":[{"name":"wp","href":"https:\/\/api.w.org\/{rel}","templated":true}]}}