{"id":2471,"date":"2018-12-03T08:40:24","date_gmt":"2018-12-03T07:40:24","guid":{"rendered":"https:\/\/paca.lpo.fr\/blogs\/nice\/?p=2471"},"modified":"2018-12-03T08:41:27","modified_gmt":"2018-12-03T07:41:27","slug":"allain-bougrain-dubourg-au-salon-du-livre-lecture-en-fete-a-roquebrune-cap-martin-les-1-et-2-decembre-2018","status":"publish","type":"post","link":"https:\/\/paca.lpo.fr\/blogs\/nice\/2018\/12\/03\/allain-bougrain-dubourg-au-salon-du-livre-lecture-en-fete-a-roquebrune-cap-martin-les-1-et-2-decembre-2018\/","title":{"rendered":"Allain Bougrain Dubourg au salon du livre \u00ab\u00a0Lecture en f\u00eate\u00a0\u00bb \u00e0 Roquebrune Cap Martin les 1 et 2 d\u00e9cembre 2018"},"content":{"rendered":"<p>80 auteurs \u00e9taient rassembl\u00e9s pour pr\u00e9senter des livres tr\u00e8s int\u00e9ressants, et notre pr\u00e9sident national \u00e9tait pr\u00e9sent avec son \u00ab <em>Lettre des animaux \u00e0 ceux qui les prennent pour des b\u00eates<\/em> \u00bb. Allain a accueilli nos b\u00e9n\u00e9voles et sympathisants et d\u00e9dicac\u00e9 son livre avec beaucoup de gentillesse.<\/p>\n<p><img loading=\"lazy\" decoding=\"async\" class=\"alignnone size-large wp-image-2473\" src=\"https:\/\/paca.lpo.fr\/blogs\/nice\/files\/2018\/12\/blog1-618x800.jpg\" alt=\"\" width=\"618\" height=\"800\" srcset=\"https:\/\/paca.lpo.fr\/blogs\/nice\/files\/2018\/12\/blog1-618x800.jpg 618w, https:\/\/paca.lpo.fr\/blogs\/nice\/files\/2018\/12\/blog1-371x480.jpg 371w, https:\/\/paca.lpo.fr\/blogs\/nice\/files\/2018\/12\/blog1-768x993.jpg 768w, https:\/\/paca.lpo.fr\/blogs\/nice\/files\/2018\/12\/blog1-700x906.jpg 700w, https:\/\/paca.lpo.fr\/blogs\/nice\/files\/2018\/12\/blog1.jpg 998w\" sizes=\"auto, (max-width: 618px) 100vw, 618px\" \/><\/p>\n<p><img loading=\"lazy\" decoding=\"async\" class=\"alignnone size-medium wp-image-2474\" src=\"https:\/\/paca.lpo.fr\/blogs\/nice\/files\/2018\/12\/blog3-480x363.jpg\" alt=\"\" width=\"480\" height=\"363\" srcset=\"https:\/\/paca.lpo.fr\/blogs\/nice\/files\/2018\/12\/blog3-480x363.jpg 480w, https:\/\/paca.lpo.fr\/blogs\/nice\/files\/2018\/12\/blog3-768x580.jpg 768w, https:\/\/paca.lpo.fr\/blogs\/nice\/files\/2018\/12\/blog3-700x529.jpg 700w, https:\/\/paca.lpo.fr\/blogs\/nice\/files\/2018\/12\/blog3.jpg 809w\" sizes=\"auto, (max-width: 480px) 100vw, 480px\" \/><img loading=\"lazy\" decoding=\"async\" class=\"alignnone size-medium wp-image-2475\" src=\"https:\/\/paca.lpo.fr\/blogs\/nice\/files\/2018\/12\/blog4-480x360.jpg\" alt=\"\" width=\"480\" height=\"360\" srcset=\"https:\/\/paca.lpo.fr\/blogs\/nice\/files\/2018\/12\/blog4-480x360.jpg 480w, https:\/\/paca.lpo.fr\/blogs\/nice\/files\/2018\/12\/blog4-768x576.jpg 768w, https:\/\/paca.lpo.fr\/blogs\/nice\/files\/2018\/12\/blog4-700x525.jpg 700w, https:\/\/paca.lpo.fr\/blogs\/nice\/files\/2018\/12\/blog4.jpg 810w\" sizes=\"auto, (max-width: 480px) 100vw, 480px\" \/><\/p>\n","protected":false},"excerpt":{"rendered":"<p>80 auteurs \u00e9taient rassembl\u00e9s pour pr\u00e9senter des livres tr\u00e8s int\u00e9ressants, et notre pr\u00e9sident national \u00e9tait pr\u00e9sent avec son \u00ab Lettre des animaux \u00e0 ceux qui les prennent pour des b\u00eates \u00bb. Allain a accueilli nos b\u00e9n\u00e9voles et sympathisants et d\u00e9dicac\u00e9 son livre avec beaucoup de gentillesse.<\/p>\n","protected":false},"author":15,"featured_media":2472,"comment_status":"open","ping_status":"open","sticky":false,"template":"","format":"standard","meta":{"footnotes":""},"categories":[77],"tags":[],"class_list":["post-2471","post","type-post","status-publish","format-standard","has-post-thumbnail","hentry","category-grands-evenements"],"yoast_head":"<!-- This site is optimized with the Yoast SEO plugin v28.3 - https:\/\/yoast.com\/product\/yoast-seo-wordpress\/ -->\n<title>Allain Bougrain Dubourg au salon du livre &quot;Lecture en f\u00eate&quot; \u00e0 Roquebrune Cap Martin les 1 et 2 d\u00e9cembre 2018 - Groupe local Nice<\/title>\n<meta name=\"robots\" content=\"index, follow, max-snippet:-1, max-image-preview:large, max-video-preview:-1\" \/>\n<link rel=\"canonical\" href=\"https:\/\/paca.lpo.fr\/blogs\/nice\/2018\/12\/03\/allain-bougrain-dubourg-au-salon-du-livre-lecture-en-fete-a-roquebrune-cap-martin-les-1-et-2-decembre-2018\/\" \/>\n<meta property=\"og:locale\" content=\"fr_FR\" \/>\n<meta property=\"og:type\" content=\"article\" \/>\n<meta property=\"og:title\" content=\"Allain Bougrain Dubourg au salon du livre &quot;Lecture en f\u00eate&quot; \u00e0 Roquebrune Cap Martin les 1 et 2 d\u00e9cembre 2018 - Groupe local Nice\" \/>\n<meta property=\"og:description\" content=\"80 auteurs \u00e9taient rassembl\u00e9s pour pr\u00e9senter des livres tr\u00e8s int\u00e9ressants, et notre pr\u00e9sident national \u00e9tait pr\u00e9sent avec son \u00ab Lettre des animaux \u00e0 ceux qui les prennent pour des b\u00eates \u00bb. Allain a accueilli nos b\u00e9n\u00e9voles et sympathisants et d\u00e9dicac\u00e9 son livre avec beaucoup de gentillesse.\" \/>\n<meta property=\"og:url\" content=\"https:\/\/paca.lpo.fr\/blogs\/nice\/2018\/12\/03\/allain-bougrain-dubourg-au-salon-du-livre-lecture-en-fete-a-roquebrune-cap-martin-les-1-et-2-decembre-2018\/\" \/>\n<meta property=\"og:site_name\" content=\"Groupe local Nice\" \/>\n<meta property=\"article:published_time\" content=\"2018-12-03T07:40:24+00:00\" \/>\n<meta property=\"article:modified_time\" content=\"2018-12-03T07:41:27+00:00\" \/>\n<meta property=\"og:image\" content=\"https:\/\/paca.lpo.fr\/blogs\/nice\/files\/2018\/12\/blogune.jpg\" \/>\n\t<meta property=\"og:image:width\" content=\"886\" \/>\n\t<meta property=\"og:image:height\" content=\"457\" \/>\n\t<meta property=\"og:image:type\" content=\"image\/jpeg\" \/>\n<meta name=\"author\" content=\"Groupe local Paillon-B\u00e9v\u00e9ra\" \/>\n<meta name=\"twitter:card\" content=\"summary_large_image\" \/>\n<meta name=\"twitter:label1\" content=\"\u00c9crit par\" \/>\n\t<meta name=\"twitter:data1\" content=\"Groupe local Paillon-B\u00e9v\u00e9ra\" \/>\n<script type=\"application\/ld+json\" class=\"yoast-schema-graph\">{\"@context\":\"https:\\\/\\\/schema.org\",\"@graph\":[{\"@type\":\"Article\",\"@id\":\"https:\\\/\\\/paca.lpo.fr\\\/blogs\\\/nice\\\/2018\\\/12\\\/03\\\/allain-bougrain-dubourg-au-salon-du-livre-lecture-en-fete-a-roquebrune-cap-martin-les-1-et-2-decembre-2018\\\/#article\",\"isPartOf\":{\"@id\":\"https:\\\/\\\/paca.lpo.fr\\\/blogs\\\/nice\\\/2018\\\/12\\\/03\\\/allain-bougrain-dubourg-au-salon-du-livre-lecture-en-fete-a-roquebrune-cap-martin-les-1-et-2-decembre-2018\\\/\"},\"author\":{\"name\":\"Groupe local Paillon-B\u00e9v\u00e9ra\",\"@id\":\"https:\\\/\\\/paca.lpo.fr\\\/blogs\\\/nice\\\/#\\\/schema\\\/person\\\/1bda33335fb71e0b3552487db26a4c56\"},\"headline\":\"Allain Bougrain Dubourg au salon du livre \u00ab\u00a0Lecture en f\u00eate\u00a0\u00bb \u00e0 Roquebrune Cap Martin les 1 et 2 d\u00e9cembre 2018\",\"datePublished\":\"2018-12-03T07:40:24+00:00\",\"dateModified\":\"2018-12-03T07:41:27+00:00\",\"mainEntityOfPage\":{\"@id\":\"https:\\\/\\\/paca.lpo.fr\\\/blogs\\\/nice\\\/2018\\\/12\\\/03\\\/allain-bougrain-dubourg-au-salon-du-livre-lecture-en-fete-a-roquebrune-cap-martin-les-1-et-2-decembre-2018\\\/\"},\"wordCount\":70,\"commentCount\":0,\"publisher\":{\"@id\":\"https:\\\/\\\/paca.lpo.fr\\\/blogs\\\/nice\\\/#organization\"},\"image\":{\"@id\":\"https:\\\/\\\/paca.lpo.fr\\\/blogs\\\/nice\\\/2018\\\/12\\\/03\\\/allain-bougrain-dubourg-au-salon-du-livre-lecture-en-fete-a-roquebrune-cap-martin-les-1-et-2-decembre-2018\\\/#primaryimage\"},\"thumbnailUrl\":\"https:\\\/\\\/paca.lpo.fr\\\/blogs\\\/nice\\\/files\\\/2018\\\/12\\\/blogune.jpg\",\"articleSection\":[\"Grands \u00e9v\u00e8nements\"],\"inLanguage\":\"fr-FR\",\"potentialAction\":[{\"@type\":\"CommentAction\",\"name\":\"Comment\",\"target\":[\"https:\\\/\\\/paca.lpo.fr\\\/blogs\\\/nice\\\/2018\\\/12\\\/03\\\/allain-bougrain-dubourg-au-salon-du-livre-lecture-en-fete-a-roquebrune-cap-martin-les-1-et-2-decembre-2018\\\/#respond\"]}]},{\"@type\":\"WebPage\",\"@id\":\"https:\\\/\\\/paca.lpo.fr\\\/blogs\\\/nice\\\/2018\\\/12\\\/03\\\/allain-bougrain-dubourg-au-salon-du-livre-lecture-en-fete-a-roquebrune-cap-martin-les-1-et-2-decembre-2018\\\/\",\"url\":\"https:\\\/\\\/paca.lpo.fr\\\/blogs\\\/nice\\\/2018\\\/12\\\/03\\\/allain-bougrain-dubourg-au-salon-du-livre-lecture-en-fete-a-roquebrune-cap-martin-les-1-et-2-decembre-2018\\\/\",\"name\":\"Allain Bougrain Dubourg au salon du livre \\\"Lecture en f\u00eate\\\" \u00e0 Roquebrune Cap Martin les 1 et 2 d\u00e9cembre 2018 - Groupe local Nice\",\"isPartOf\":{\"@id\":\"https:\\\/\\\/paca.lpo.fr\\\/blogs\\\/nice\\\/#website\"},\"primaryImageOfPage\":{\"@id\":\"https:\\\/\\\/paca.lpo.fr\\\/blogs\\\/nice\\\/2018\\\/12\\\/03\\\/allain-bougrain-dubourg-au-salon-du-livre-lecture-en-fete-a-roquebrune-cap-martin-les-1-et-2-decembre-2018\\\/#primaryimage\"},\"image\":{\"@id\":\"https:\\\/\\\/paca.lpo.fr\\\/blogs\\\/nice\\\/2018\\\/12\\\/03\\\/allain-bougrain-dubourg-au-salon-du-livre-lecture-en-fete-a-roquebrune-cap-martin-les-1-et-2-decembre-2018\\\/#primaryimage\"},\"thumbnailUrl\":\"https:\\\/\\\/paca.lpo.fr\\\/blogs\\\/nice\\\/files\\\/2018\\\/12\\\/blogune.jpg\",\"datePublished\":\"2018-12-03T07:40:24+00:00\",\"dateModified\":\"2018-12-03T07:41:27+00:00\",\"breadcrumb\":{\"@id\":\"https:\\\/\\\/paca.lpo.fr\\\/blogs\\\/nice\\\/2018\\\/12\\\/03\\\/allain-bougrain-dubourg-au-salon-du-livre-lecture-en-fete-a-roquebrune-cap-martin-les-1-et-2-decembre-2018\\\/#breadcrumb\"},\"inLanguage\":\"fr-FR\",\"potentialAction\":[{\"@type\":\"ReadAction\",\"target\":[\"https:\\\/\\\/paca.lpo.fr\\\/blogs\\\/nice\\\/2018\\\/12\\\/03\\\/allain-bougrain-dubourg-au-salon-du-livre-lecture-en-fete-a-roquebrune-cap-martin-les-1-et-2-decembre-2018\\\/\"]}]},{\"@type\":\"ImageObject\",\"inLanguage\":\"fr-FR\",\"@id\":\"https:\\\/\\\/paca.lpo.fr\\\/blogs\\\/nice\\\/2018\\\/12\\\/03\\\/allain-bougrain-dubourg-au-salon-du-livre-lecture-en-fete-a-roquebrune-cap-martin-les-1-et-2-decembre-2018\\\/#primaryimage\",\"url\":\"https:\\\/\\\/paca.lpo.fr\\\/blogs\\\/nice\\\/files\\\/2018\\\/12\\\/blogune.jpg\",\"contentUrl\":\"https:\\\/\\\/paca.lpo.fr\\\/blogs\\\/nice\\\/files\\\/2018\\\/12\\\/blogune.jpg\",\"width\":886,\"height\":457},{\"@type\":\"BreadcrumbList\",\"@id\":\"https:\\\/\\\/paca.lpo.fr\\\/blogs\\\/nice\\\/2018\\\/12\\\/03\\\/allain-bougrain-dubourg-au-salon-du-livre-lecture-en-fete-a-roquebrune-cap-martin-les-1-et-2-decembre-2018\\\/#breadcrumb\",\"itemListElement\":[{\"@type\":\"ListItem\",\"position\":1,\"name\":\"Accueil\",\"item\":\"https:\\\/\\\/paca.lpo.fr\\\/blogs\\\/nice\\\/\"},{\"@type\":\"ListItem\",\"position\":2,\"name\":\"Allain Bougrain Dubourg au salon du livre \u00ab\u00a0Lecture en f\u00eate\u00a0\u00bb \u00e0 Roquebrune Cap Martin les 1 et 2 d\u00e9cembre 2018\"}]},{\"@type\":\"WebSite\",\"@id\":\"https:\\\/\\\/paca.lpo.fr\\\/blogs\\\/nice\\\/#website\",\"url\":\"https:\\\/\\\/paca.lpo.fr\\\/blogs\\\/nice\\\/\",\"name\":\"Groupe local Nice\",\"description\":\"Groupe local Nice\",\"publisher\":{\"@id\":\"https:\\\/\\\/paca.lpo.fr\\\/blogs\\\/nice\\\/#organization\"},\"potentialAction\":[{\"@type\":\"SearchAction\",\"target\":{\"@type\":\"EntryPoint\",\"urlTemplate\":\"https:\\\/\\\/paca.lpo.fr\\\/blogs\\\/nice\\\/?s={search_term_string}\"},\"query-input\":{\"@type\":\"PropertyValueSpecification\",\"valueRequired\":true,\"valueName\":\"search_term_string\"}}],\"inLanguage\":\"fr-FR\"},{\"@type\":\"Organization\",\"@id\":\"https:\\\/\\\/paca.lpo.fr\\\/blogs\\\/nice\\\/#organization\",\"name\":\"Groupe local Nice\",\"url\":\"https:\\\/\\\/paca.lpo.fr\\\/blogs\\\/nice\\\/\",\"logo\":{\"@type\":\"ImageObject\",\"inLanguage\":\"fr-FR\",\"@id\":\"https:\\\/\\\/paca.lpo.fr\\\/blogs\\\/nice\\\/#\\\/schema\\\/logo\\\/image\\\/\",\"url\":\"https:\\\/\\\/paca.lpo.fr\\\/blogs\\\/nice\\\/files\\\/2024\\\/01\\\/cropped-rvb-lpo-paca-logotype-signature-droite-mini-500.jpg\",\"contentUrl\":\"https:\\\/\\\/paca.lpo.fr\\\/blogs\\\/nice\\\/files\\\/2024\\\/01\\\/cropped-rvb-lpo-paca-logotype-signature-droite-mini-500.jpg\",\"width\":500,\"height\":210,\"caption\":\"Groupe local Nice\"},\"image\":{\"@id\":\"https:\\\/\\\/paca.lpo.fr\\\/blogs\\\/nice\\\/#\\\/schema\\\/logo\\\/image\\\/\"}},{\"@type\":\"Person\",\"@id\":\"https:\\\/\\\/paca.lpo.fr\\\/blogs\\\/nice\\\/#\\\/schema\\\/person\\\/1bda33335fb71e0b3552487db26a4c56\",\"name\":\"Groupe local Paillon-B\u00e9v\u00e9ra\",\"image\":{\"@type\":\"ImageObject\",\"inLanguage\":\"fr-FR\",\"@id\":\"https:\\\/\\\/secure.gravatar.com\\\/avatar\\\/b1ee285506e2cb880ec988990d360e255aecb31c77212741dace1023623610c2?s=96&d=mm&r=g\",\"url\":\"https:\\\/\\\/secure.gravatar.com\\\/avatar\\\/b1ee285506e2cb880ec988990d360e255aecb31c77212741dace1023623610c2?s=96&d=mm&r=g\",\"contentUrl\":\"https:\\\/\\\/secure.gravatar.com\\\/avatar\\\/b1ee285506e2cb880ec988990d360e255aecb31c77212741dace1023623610c2?s=96&d=mm&r=g\",\"caption\":\"Groupe local Paillon-B\u00e9v\u00e9ra\"},\"url\":\"https:\\\/\\\/paca.lpo.fr\\\/blogs\\\/nice\\\/author\\\/alpesmaritimesest\\\/\"}]}<\/script>\n<!-- \/ Yoast SEO plugin. -->","yoast_head_json":{"title":"Allain Bougrain Dubourg au salon du livre \"Lecture en f\u00eate\" \u00e0 Roquebrune Cap Martin les 1 et 2 d\u00e9cembre 2018 - Groupe local Nice","robots":{"index":"index","follow":"follow","max-snippet":"max-snippet:-1","max-image-preview":"max-image-preview:large","max-video-preview":"max-video-preview:-1"},"canonical":"https:\/\/paca.lpo.fr\/blogs\/nice\/2018\/12\/03\/allain-bougrain-dubourg-au-salon-du-livre-lecture-en-fete-a-roquebrune-cap-martin-les-1-et-2-decembre-2018\/","og_locale":"fr_FR","og_type":"article","og_title":"Allain Bougrain Dubourg au salon du livre \"Lecture en f\u00eate\" \u00e0 Roquebrune Cap Martin les 1 et 2 d\u00e9cembre 2018 - Groupe local Nice","og_description":"80 auteurs \u00e9taient rassembl\u00e9s pour pr\u00e9senter des livres tr\u00e8s int\u00e9ressants, et notre pr\u00e9sident national \u00e9tait pr\u00e9sent avec son \u00ab Lettre des animaux \u00e0 ceux qui les prennent pour des b\u00eates \u00bb. Allain a accueilli nos b\u00e9n\u00e9voles et sympathisants et d\u00e9dicac\u00e9 son livre avec beaucoup de gentillesse.","og_url":"https:\/\/paca.lpo.fr\/blogs\/nice\/2018\/12\/03\/allain-bougrain-dubourg-au-salon-du-livre-lecture-en-fete-a-roquebrune-cap-martin-les-1-et-2-decembre-2018\/","og_site_name":"Groupe local Nice","article_published_time":"2018-12-03T07:40:24+00:00","article_modified_time":"2018-12-03T07:41:27+00:00","og_image":[{"width":886,"height":457,"url":"https:\/\/paca.lpo.fr\/blogs\/nice\/files\/2018\/12\/blogune.jpg","type":"image\/jpeg"}],"author":"Groupe local Paillon-B\u00e9v\u00e9ra","twitter_card":"summary_large_image","twitter_misc":{"\u00c9crit par":"Groupe local Paillon-B\u00e9v\u00e9ra"},"schema":{"@context":"https:\/\/schema.org","@graph":[{"@type":"Article","@id":"https:\/\/paca.lpo.fr\/blogs\/nice\/2018\/12\/03\/allain-bougrain-dubourg-au-salon-du-livre-lecture-en-fete-a-roquebrune-cap-martin-les-1-et-2-decembre-2018\/#article","isPartOf":{"@id":"https:\/\/paca.lpo.fr\/blogs\/nice\/2018\/12\/03\/allain-bougrain-dubourg-au-salon-du-livre-lecture-en-fete-a-roquebrune-cap-martin-les-1-et-2-decembre-2018\/"},"author":{"name":"Groupe local Paillon-B\u00e9v\u00e9ra","@id":"https:\/\/paca.lpo.fr\/blogs\/nice\/#\/schema\/person\/1bda33335fb71e0b3552487db26a4c56"},"headline":"Allain Bougrain Dubourg au salon du livre \u00ab\u00a0Lecture en f\u00eate\u00a0\u00bb \u00e0 Roquebrune Cap Martin les 1 et 2 d\u00e9cembre 2018","datePublished":"2018-12-03T07:40:24+00:00","dateModified":"2018-12-03T07:41:27+00:00","mainEntityOfPage":{"@id":"https:\/\/paca.lpo.fr\/blogs\/nice\/2018\/12\/03\/allain-bougrain-dubourg-au-salon-du-livre-lecture-en-fete-a-roquebrune-cap-martin-les-1-et-2-decembre-2018\/"},"wordCount":70,"commentCount":0,"publisher":{"@id":"https:\/\/paca.lpo.fr\/blogs\/nice\/#organization"},"image":{"@id":"https:\/\/paca.lpo.fr\/blogs\/nice\/2018\/12\/03\/allain-bougrain-dubourg-au-salon-du-livre-lecture-en-fete-a-roquebrune-cap-martin-les-1-et-2-decembre-2018\/#primaryimage"},"thumbnailUrl":"https:\/\/paca.lpo.fr\/blogs\/nice\/files\/2018\/12\/blogune.jpg","articleSection":["Grands \u00e9v\u00e8nements"],"inLanguage":"fr-FR","potentialAction":[{"@type":"CommentAction","name":"Comment","target":["https:\/\/paca.lpo.fr\/blogs\/nice\/2018\/12\/03\/allain-bougrain-dubourg-au-salon-du-livre-lecture-en-fete-a-roquebrune-cap-martin-les-1-et-2-decembre-2018\/#respond"]}]},{"@type":"WebPage","@id":"https:\/\/paca.lpo.fr\/blogs\/nice\/2018\/12\/03\/allain-bougrain-dubourg-au-salon-du-livre-lecture-en-fete-a-roquebrune-cap-martin-les-1-et-2-decembre-2018\/","url":"https:\/\/paca.lpo.fr\/blogs\/nice\/2018\/12\/03\/allain-bougrain-dubourg-au-salon-du-livre-lecture-en-fete-a-roquebrune-cap-martin-les-1-et-2-decembre-2018\/","name":"Allain Bougrain Dubourg au salon du livre \"Lecture en f\u00eate\" \u00e0 Roquebrune Cap Martin les 1 et 2 d\u00e9cembre 2018 - Groupe local Nice","isPartOf":{"@id":"https:\/\/paca.lpo.fr\/blogs\/nice\/#website"},"primaryImageOfPage":{"@id":"https:\/\/paca.lpo.fr\/blogs\/nice\/2018\/12\/03\/allain-bougrain-dubourg-au-salon-du-livre-lecture-en-fete-a-roquebrune-cap-martin-les-1-et-2-decembre-2018\/#primaryimage"},"image":{"@id":"https:\/\/paca.lpo.fr\/blogs\/nice\/2018\/12\/03\/allain-bougrain-dubourg-au-salon-du-livre-lecture-en-fete-a-roquebrune-cap-martin-les-1-et-2-decembre-2018\/#primaryimage"},"thumbnailUrl":"https:\/\/paca.lpo.fr\/blogs\/nice\/files\/2018\/12\/blogune.jpg","datePublished":"2018-12-03T07:40:24+00:00","dateModified":"2018-12-03T07:41:27+00:00","breadcrumb":{"@id":"https:\/\/paca.lpo.fr\/blogs\/nice\/2018\/12\/03\/allain-bougrain-dubourg-au-salon-du-livre-lecture-en-fete-a-roquebrune-cap-martin-les-1-et-2-decembre-2018\/#breadcrumb"},"inLanguage":"fr-FR","potentialAction":[{"@type":"ReadAction","target":["https:\/\/paca.lpo.fr\/blogs\/nice\/2018\/12\/03\/allain-bougrain-dubourg-au-salon-du-livre-lecture-en-fete-a-roquebrune-cap-martin-les-1-et-2-decembre-2018\/"]}]},{"@type":"ImageObject","inLanguage":"fr-FR","@id":"https:\/\/paca.lpo.fr\/blogs\/nice\/2018\/12\/03\/allain-bougrain-dubourg-au-salon-du-livre-lecture-en-fete-a-roquebrune-cap-martin-les-1-et-2-decembre-2018\/#primaryimage","url":"https:\/\/paca.lpo.fr\/blogs\/nice\/files\/2018\/12\/blogune.jpg","contentUrl":"https:\/\/paca.lpo.fr\/blogs\/nice\/files\/2018\/12\/blogune.jpg","width":886,"height":457},{"@type":"BreadcrumbList","@id":"https:\/\/paca.lpo.fr\/blogs\/nice\/2018\/12\/03\/allain-bougrain-dubourg-au-salon-du-livre-lecture-en-fete-a-roquebrune-cap-martin-les-1-et-2-decembre-2018\/#breadcrumb","itemListElement":[{"@type":"ListItem","position":1,"name":"Accueil","item":"https:\/\/paca.lpo.fr\/blogs\/nice\/"},{"@type":"ListItem","position":2,"name":"Allain Bougrain Dubourg au salon du livre \u00ab\u00a0Lecture en f\u00eate\u00a0\u00bb \u00e0 Roquebrune Cap Martin les 1 et 2 d\u00e9cembre 2018"}]},{"@type":"WebSite","@id":"https:\/\/paca.lpo.fr\/blogs\/nice\/#website","url":"https:\/\/paca.lpo.fr\/blogs\/nice\/","name":"Groupe local Nice","description":"Groupe local Nice","publisher":{"@id":"https:\/\/paca.lpo.fr\/blogs\/nice\/#organization"},"potentialAction":[{"@type":"SearchAction","target":{"@type":"EntryPoint","urlTemplate":"https:\/\/paca.lpo.fr\/blogs\/nice\/?s={search_term_string}"},"query-input":{"@type":"PropertyValueSpecification","valueRequired":true,"valueName":"search_term_string"}}],"inLanguage":"fr-FR"},{"@type":"Organization","@id":"https:\/\/paca.lpo.fr\/blogs\/nice\/#organization","name":"Groupe local Nice","url":"https:\/\/paca.lpo.fr\/blogs\/nice\/","logo":{"@type":"ImageObject","inLanguage":"fr-FR","@id":"https:\/\/paca.lpo.fr\/blogs\/nice\/#\/schema\/logo\/image\/","url":"https:\/\/paca.lpo.fr\/blogs\/nice\/files\/2024\/01\/cropped-rvb-lpo-paca-logotype-signature-droite-mini-500.jpg","contentUrl":"https:\/\/paca.lpo.fr\/blogs\/nice\/files\/2024\/01\/cropped-rvb-lpo-paca-logotype-signature-droite-mini-500.jpg","width":500,"height":210,"caption":"Groupe local Nice"},"image":{"@id":"https:\/\/paca.lpo.fr\/blogs\/nice\/#\/schema\/logo\/image\/"}},{"@type":"Person","@id":"https:\/\/paca.lpo.fr\/blogs\/nice\/#\/schema\/person\/1bda33335fb71e0b3552487db26a4c56","name":"Groupe local Paillon-B\u00e9v\u00e9ra","image":{"@type":"ImageObject","inLanguage":"fr-FR","@id":"https:\/\/secure.gravatar.com\/avatar\/b1ee285506e2cb880ec988990d360e255aecb31c77212741dace1023623610c2?s=96&d=mm&r=g","url":"https:\/\/secure.gravatar.com\/avatar\/b1ee285506e2cb880ec988990d360e255aecb31c77212741dace1023623610c2?s=96&d=mm&r=g","contentUrl":"https:\/\/secure.gravatar.com\/avatar\/b1ee285506e2cb880ec988990d360e255aecb31c77212741dace1023623610c2?s=96&d=mm&r=g","caption":"Groupe local Paillon-B\u00e9v\u00e9ra"},"url":"https:\/\/paca.lpo.fr\/blogs\/nice\/author\/alpesmaritimesest\/"}]}},"jetpack_featured_media_url":"https:\/\/paca.lpo.fr\/blogs\/nice\/files\/2018\/12\/blogune.jpg","_links":{"self":[{"href":"https:\/\/paca.lpo.fr\/blogs\/nice\/wp-json\/wp\/v2\/posts\/2471","targetHints":{"allow":["GET"]}}],"collection":[{"href":"https:\/\/paca.lpo.fr\/blogs\/nice\/wp-json\/wp\/v2\/posts"}],"about":[{"href":"https:\/\/paca.lpo.fr\/blogs\/nice\/wp-json\/wp\/v2\/types\/post"}],"author":[{"embeddable":true,"href":"https:\/\/paca.lpo.fr\/blogs\/nice\/wp-json\/wp\/v2\/users\/15"}],"replies":[{"embeddable":true,"href":"https:\/\/paca.lpo.fr\/blogs\/nice\/wp-json\/wp\/v2\/comments?post=2471"}],"version-history":[{"count":2,"href":"https:\/\/paca.lpo.fr\/blogs\/nice\/wp-json\/wp\/v2\/posts\/2471\/revisions"}],"predecessor-version":[{"id":2477,"href":"https:\/\/paca.lpo.fr\/blogs\/nice\/wp-json\/wp\/v2\/posts\/2471\/revisions\/2477"}],"wp:featuredmedia":[{"embeddable":true,"href":"https:\/\/paca.lpo.fr\/blogs\/nice\/wp-json\/wp\/v2\/media\/2472"}],"wp:attachment":[{"href":"https:\/\/paca.lpo.fr\/blogs\/nice\/wp-json\/wp\/v2\/media?parent=2471"}],"wp:term":[{"taxonomy":"category","embeddable":true,"href":"https:\/\/paca.lpo.fr\/blogs\/nice\/wp-json\/wp\/v2\/categories?post=2471"},{"taxonomy":"post_tag","embeddable":true,"href":"https:\/\/paca.lpo.fr\/blogs\/nice\/wp-json\/wp\/v2\/tags?post=2471"}],"curies":[{"name":"wp","href":"https:\/\/api.w.org\/{rel}","templated":true}]}}