{"id":2491,"date":"2019-01-14T19:04:21","date_gmt":"2019-01-14T18:04:21","guid":{"rendered":"https:\/\/paca.lpo.fr\/blogs\/nice\/?p=2491"},"modified":"2019-01-14T19:07:44","modified_gmt":"2019-01-14T18:07:44","slug":"sortie-nature-au-mont-vial","status":"publish","type":"post","link":"https:\/\/paca.lpo.fr\/blogs\/nice\/2019\/01\/14\/sortie-nature-au-mont-vial\/","title":{"rendered":"Sortie nature au Mont Vial"},"content":{"rendered":"\n<p class=\"wp-block-paragraph\"><strong>Tout\nle monde est bien au rendez vous \u00e0 Carrefour Lingoti\u00e8re pour notre sortie LPO\nau Mont Vial. Le temps s\u2019annonce beau, quelques nouveaux venus \u00e0 notre sortie\npour laquelle j\u2019ai d\u00fb refuser du monde ne pouvant pas encadrer plus de 20\npersonnes\u2026<\/strong><\/p>\n\n\n\n<p class=\"wp-block-paragraph\"><strong>&nbsp;&nbsp;&nbsp;&nbsp;&nbsp;&nbsp;&nbsp;&nbsp; <\/strong><strong>Nous partons,\nremontant le Fleuve Var rive gauche, ensuite nous montons \u00e0 Gilette, puis vers\nToudon, mais passant Tourette du Ch\u00e2teau , l\u00e0, il faut \u00eatre tr\u00e8s attentif pour\nne pas manquer la mont\u00e9e vers le Vial, toute indication ayant disparue ! Dans\ncette mont\u00e9e nous trouvons notre endroit pour garer les voitures, et \u00e0 partir\nde l\u00e0 nous pouvons progresser p\u00e9destrement dans la beaut\u00e9 du monde. A mesure\nqu\u2019on s\u2019\u00e9l\u00e8ve, la vue s\u2019\u00e9tend sur tout l\u2019Esteron,<\/strong><strong>&nbsp; <\/strong><strong>au loin la\nM\u00e9diterran\u00e9e, et, assez vite visible, le Cap d\u2019 Antibe et les Iles de L\u00e9rins.\nLes oiseaux, ce jour, se font rares, et il faut avoir l\u2019oreille aiguis\u00e9e, et l\u2019\noeil sagace pour trouver pinsons, Accentuer alpin ou autres. Arriv\u00e9s sur la\nplateforme terminale du Vial, la vue commence \u00e0 s\u2019\u00e9tendre sur la partie nord,\net, \u00e0 nous de d\u00e9couvrir toutes nos montagnes, et nos diff\u00e9rentes vall\u00e9es, qui\nce soient celles du Var, de la Tin\u00e9e ou de la V\u00e9subie, et on peut m\u00eame\nlocaliser la Roya\u2026<\/strong><strong>&nbsp; <\/strong><strong>Et\nde l\u00e0 nous progressons encore vers \u00ab\u00a0les derni\u00e8re marche du palais&nbsp;\u00bb,\nsi l\u2019on peut dire, o\u00f9 de cet endroit de la cime terminale,&nbsp; la vue se fera\nsur 360\u00b0 ! Et quel bonheur !<\/strong><strong>&nbsp; <\/strong><strong>\u00ab&nbsp;Que de\nd\u00e9couvertes \u00e0 nommer, maints sommets, et aussi \u00e0 demander \u00ab&nbsp;Que voyez vous\nl\u00e0 bas sur la M\u00e9diterran\u00e9e ?&nbsp;\u00bb, \u00ab&nbsp;Mais c\u2019est bien s\u00fbr la\nCorse&nbsp;\u00bb. \u00ab&nbsp;Regardez en bas, c\u2019est Nice, et ce petit trait que l\u2019on\nvoit au milieu de la ville, c\u2019est quoi ?&nbsp;\u00bb \u2026 \u00ab&nbsp;Et bien c\u2019est l\u2019Avenue\nJean M\u00e9decin \u00ab&nbsp;, et c\u2019est pourquoi de Jean M\u00e9decin vous voyez le&nbsp;\nMont Vial&nbsp;\u00bb.<\/strong><strong>&nbsp;<\/strong><\/p>\n\n\n\n<p class=\"wp-block-paragraph\"><strong>&nbsp;&nbsp;&nbsp;&nbsp;&nbsp;&nbsp;&nbsp;&nbsp; <\/strong><strong>&nbsp;Ensuite,\nnous voil\u00e0 parti \u00e0 la redescende pour notre repas bien m\u00e9rit\u00e9\u2026 Bien s\u00fbr je sors\nmes instruments, poele, le gas, etc. et je fais la socca. Venu le moment du\ncaf\u00e9 et du d\u00e9sert, tout le monde partage chocolat et autres friandises. Apr\u00e8s\ncela nous pouvons descendre dans la bonne humeur qui n\u2019a pas manqu\u00e9 ce jour .\nL\u2019 oiseau dont nous avons les plus belles photos, c\u2019est notre ami le Grand\nCorbeau qui nous rend quelques visites bien sympathiques . Autres oiseaux vu ou\nentendu Pinsons des arbres, Accenteur alpin, Grive draine, M\u00e9sange hupp\u00e9e\u2026.<\/strong><\/p>\n\n\n\n<p class=\"wp-block-paragraph\"><strong>&nbsp;&nbsp;&nbsp;&nbsp;&nbsp;&nbsp;&nbsp; Tr\u00e8s bonne journ\u00e9e et, tr\u00e8s conviviale, s\u2019il en est ! (Conviviale pour le Mont Vial s\u2019impose).&nbsp;A&nbsp;bient\u00f4t,&nbsp;Bernard<\/strong><\/p>\n\n\n\n<p class=\"wp-block-paragraph\"><strong>&nbsp;&nbsp;&nbsp;&nbsp;&nbsp;&nbsp;&nbsp;&nbsp; <\/strong><strong>A bient\u00f4t<\/strong><strong>&nbsp;<\/strong><\/p>\n\n\n\n<p class=\"wp-block-paragraph\"><strong>&nbsp;&nbsp;&nbsp;&nbsp;&nbsp;&nbsp;&nbsp;&nbsp;<\/strong><\/p>\n","protected":false},"excerpt":{"rendered":"<p>Tout le monde est bien au rendez vous \u00e0 Carrefour Lingoti\u00e8re pour notre sortie LPO au Mont Vial. Le temps s\u2019annonce beau, quelques nouveaux venus \u00e0 notre sortie pour laquelle j\u2019ai d\u00fb refuser du monde ne pouvant pas encadrer plus de 20 personnes\u2026 &nbsp;&nbsp;&nbsp;&nbsp;&nbsp;&nbsp;&nbsp;&nbsp; Nous partons, remontant le Fleuve Var rive gauche, ensuite nous montons [&hellip;]<\/p>\n","protected":false},"author":15,"featured_media":2493,"comment_status":"open","ping_status":"open","sticky":false,"template":"","format":"standard","meta":{"footnotes":""},"categories":[1],"tags":[],"class_list":["post-2491","post","type-post","status-publish","format-standard","has-post-thumbnail","hentry","category-sorties-nature"],"yoast_head":"<!-- This site is optimized with the Yoast SEO plugin v28.3 - https:\/\/yoast.com\/product\/yoast-seo-wordpress\/ -->\n<title>Sortie nature au Mont Vial - Groupe local Nice<\/title>\n<meta name=\"robots\" content=\"index, follow, max-snippet:-1, max-image-preview:large, max-video-preview:-1\" \/>\n<link rel=\"canonical\" href=\"https:\/\/paca.lpo.fr\/blogs\/nice\/2019\/01\/14\/sortie-nature-au-mont-vial\/\" \/>\n<meta property=\"og:locale\" content=\"fr_FR\" \/>\n<meta property=\"og:type\" content=\"article\" \/>\n<meta property=\"og:title\" content=\"Sortie nature au Mont Vial - Groupe local Nice\" \/>\n<meta property=\"og:description\" content=\"Tout le monde est bien au rendez vous \u00e0 Carrefour Lingoti\u00e8re pour notre sortie LPO au Mont Vial. Le temps s\u2019annonce beau, quelques nouveaux venus \u00e0 notre sortie pour laquelle j\u2019ai d\u00fb refuser du monde ne pouvant pas encadrer plus de 20 personnes\u2026 &nbsp;&nbsp;&nbsp;&nbsp;&nbsp;&nbsp;&nbsp;&nbsp; Nous partons, remontant le Fleuve Var rive gauche, ensuite nous montons [&hellip;]\" \/>\n<meta property=\"og:url\" content=\"https:\/\/paca.lpo.fr\/blogs\/nice\/2019\/01\/14\/sortie-nature-au-mont-vial\/\" \/>\n<meta property=\"og:site_name\" content=\"Groupe local Nice\" \/>\n<meta property=\"article:published_time\" content=\"2019-01-14T18:04:21+00:00\" \/>\n<meta property=\"article:modified_time\" content=\"2019-01-14T18:07:44+00:00\" \/>\n<meta property=\"og:image\" content=\"https:\/\/paca.lpo.fr\/blogs\/nice\/files\/2019\/01\/blogune.jpg\" \/>\n\t<meta property=\"og:image:width\" content=\"814\" \/>\n\t<meta property=\"og:image:height\" content=\"483\" \/>\n\t<meta property=\"og:image:type\" content=\"image\/jpeg\" \/>\n<meta name=\"author\" content=\"Groupe local Paillon-B\u00e9v\u00e9ra\" \/>\n<meta name=\"twitter:card\" content=\"summary_large_image\" \/>\n<meta name=\"twitter:label1\" content=\"\u00c9crit par\" \/>\n\t<meta name=\"twitter:data1\" content=\"Groupe local Paillon-B\u00e9v\u00e9ra\" \/>\n\t<meta name=\"twitter:label2\" content=\"Dur\u00e9e de lecture estim\u00e9e\" \/>\n\t<meta name=\"twitter:data2\" content=\"3 minutes\" \/>\n<script type=\"application\/ld+json\" class=\"yoast-schema-graph\">{\"@context\":\"https:\\\/\\\/schema.org\",\"@graph\":[{\"@type\":\"Article\",\"@id\":\"https:\\\/\\\/paca.lpo.fr\\\/blogs\\\/nice\\\/2019\\\/01\\\/14\\\/sortie-nature-au-mont-vial\\\/#article\",\"isPartOf\":{\"@id\":\"https:\\\/\\\/paca.lpo.fr\\\/blogs\\\/nice\\\/2019\\\/01\\\/14\\\/sortie-nature-au-mont-vial\\\/\"},\"author\":{\"name\":\"Groupe local Paillon-B\u00e9v\u00e9ra\",\"@id\":\"https:\\\/\\\/paca.lpo.fr\\\/blogs\\\/nice\\\/#\\\/schema\\\/person\\\/1bda33335fb71e0b3552487db26a4c56\"},\"headline\":\"Sortie nature au Mont Vial\",\"datePublished\":\"2019-01-14T18:04:21+00:00\",\"dateModified\":\"2019-01-14T18:07:44+00:00\",\"mainEntityOfPage\":{\"@id\":\"https:\\\/\\\/paca.lpo.fr\\\/blogs\\\/nice\\\/2019\\\/01\\\/14\\\/sortie-nature-au-mont-vial\\\/\"},\"wordCount\":526,\"commentCount\":0,\"publisher\":{\"@id\":\"https:\\\/\\\/paca.lpo.fr\\\/blogs\\\/nice\\\/#organization\"},\"image\":{\"@id\":\"https:\\\/\\\/paca.lpo.fr\\\/blogs\\\/nice\\\/2019\\\/01\\\/14\\\/sortie-nature-au-mont-vial\\\/#primaryimage\"},\"thumbnailUrl\":\"https:\\\/\\\/paca.lpo.fr\\\/blogs\\\/nice\\\/files\\\/2019\\\/01\\\/blogune.jpg\",\"articleSection\":[\"grands \u00e9v\u00e8nements\"],\"inLanguage\":\"fr-FR\",\"potentialAction\":[{\"@type\":\"CommentAction\",\"name\":\"Comment\",\"target\":[\"https:\\\/\\\/paca.lpo.fr\\\/blogs\\\/nice\\\/2019\\\/01\\\/14\\\/sortie-nature-au-mont-vial\\\/#respond\"]}]},{\"@type\":\"WebPage\",\"@id\":\"https:\\\/\\\/paca.lpo.fr\\\/blogs\\\/nice\\\/2019\\\/01\\\/14\\\/sortie-nature-au-mont-vial\\\/\",\"url\":\"https:\\\/\\\/paca.lpo.fr\\\/blogs\\\/nice\\\/2019\\\/01\\\/14\\\/sortie-nature-au-mont-vial\\\/\",\"name\":\"Sortie nature au Mont Vial - Groupe local Nice\",\"isPartOf\":{\"@id\":\"https:\\\/\\\/paca.lpo.fr\\\/blogs\\\/nice\\\/#website\"},\"primaryImageOfPage\":{\"@id\":\"https:\\\/\\\/paca.lpo.fr\\\/blogs\\\/nice\\\/2019\\\/01\\\/14\\\/sortie-nature-au-mont-vial\\\/#primaryimage\"},\"image\":{\"@id\":\"https:\\\/\\\/paca.lpo.fr\\\/blogs\\\/nice\\\/2019\\\/01\\\/14\\\/sortie-nature-au-mont-vial\\\/#primaryimage\"},\"thumbnailUrl\":\"https:\\\/\\\/paca.lpo.fr\\\/blogs\\\/nice\\\/files\\\/2019\\\/01\\\/blogune.jpg\",\"datePublished\":\"2019-01-14T18:04:21+00:00\",\"dateModified\":\"2019-01-14T18:07:44+00:00\",\"breadcrumb\":{\"@id\":\"https:\\\/\\\/paca.lpo.fr\\\/blogs\\\/nice\\\/2019\\\/01\\\/14\\\/sortie-nature-au-mont-vial\\\/#breadcrumb\"},\"inLanguage\":\"fr-FR\",\"potentialAction\":[{\"@type\":\"ReadAction\",\"target\":[\"https:\\\/\\\/paca.lpo.fr\\\/blogs\\\/nice\\\/2019\\\/01\\\/14\\\/sortie-nature-au-mont-vial\\\/\"]}]},{\"@type\":\"ImageObject\",\"inLanguage\":\"fr-FR\",\"@id\":\"https:\\\/\\\/paca.lpo.fr\\\/blogs\\\/nice\\\/2019\\\/01\\\/14\\\/sortie-nature-au-mont-vial\\\/#primaryimage\",\"url\":\"https:\\\/\\\/paca.lpo.fr\\\/blogs\\\/nice\\\/files\\\/2019\\\/01\\\/blogune.jpg\",\"contentUrl\":\"https:\\\/\\\/paca.lpo.fr\\\/blogs\\\/nice\\\/files\\\/2019\\\/01\\\/blogune.jpg\",\"width\":814,\"height\":483},{\"@type\":\"BreadcrumbList\",\"@id\":\"https:\\\/\\\/paca.lpo.fr\\\/blogs\\\/nice\\\/2019\\\/01\\\/14\\\/sortie-nature-au-mont-vial\\\/#breadcrumb\",\"itemListElement\":[{\"@type\":\"ListItem\",\"position\":1,\"name\":\"Accueil\",\"item\":\"https:\\\/\\\/paca.lpo.fr\\\/blogs\\\/nice\\\/\"},{\"@type\":\"ListItem\",\"position\":2,\"name\":\"Sortie nature au Mont Vial\"}]},{\"@type\":\"WebSite\",\"@id\":\"https:\\\/\\\/paca.lpo.fr\\\/blogs\\\/nice\\\/#website\",\"url\":\"https:\\\/\\\/paca.lpo.fr\\\/blogs\\\/nice\\\/\",\"name\":\"Groupe local Nice\",\"description\":\"Groupe local Nice\",\"publisher\":{\"@id\":\"https:\\\/\\\/paca.lpo.fr\\\/blogs\\\/nice\\\/#organization\"},\"potentialAction\":[{\"@type\":\"SearchAction\",\"target\":{\"@type\":\"EntryPoint\",\"urlTemplate\":\"https:\\\/\\\/paca.lpo.fr\\\/blogs\\\/nice\\\/?s={search_term_string}\"},\"query-input\":{\"@type\":\"PropertyValueSpecification\",\"valueRequired\":true,\"valueName\":\"search_term_string\"}}],\"inLanguage\":\"fr-FR\"},{\"@type\":\"Organization\",\"@id\":\"https:\\\/\\\/paca.lpo.fr\\\/blogs\\\/nice\\\/#organization\",\"name\":\"Groupe local Nice\",\"url\":\"https:\\\/\\\/paca.lpo.fr\\\/blogs\\\/nice\\\/\",\"logo\":{\"@type\":\"ImageObject\",\"inLanguage\":\"fr-FR\",\"@id\":\"https:\\\/\\\/paca.lpo.fr\\\/blogs\\\/nice\\\/#\\\/schema\\\/logo\\\/image\\\/\",\"url\":\"https:\\\/\\\/paca.lpo.fr\\\/blogs\\\/nice\\\/files\\\/2024\\\/01\\\/cropped-rvb-lpo-paca-logotype-signature-droite-mini-500.jpg\",\"contentUrl\":\"https:\\\/\\\/paca.lpo.fr\\\/blogs\\\/nice\\\/files\\\/2024\\\/01\\\/cropped-rvb-lpo-paca-logotype-signature-droite-mini-500.jpg\",\"width\":500,\"height\":210,\"caption\":\"Groupe local Nice\"},\"image\":{\"@id\":\"https:\\\/\\\/paca.lpo.fr\\\/blogs\\\/nice\\\/#\\\/schema\\\/logo\\\/image\\\/\"}},{\"@type\":\"Person\",\"@id\":\"https:\\\/\\\/paca.lpo.fr\\\/blogs\\\/nice\\\/#\\\/schema\\\/person\\\/1bda33335fb71e0b3552487db26a4c56\",\"name\":\"Groupe local Paillon-B\u00e9v\u00e9ra\",\"image\":{\"@type\":\"ImageObject\",\"inLanguage\":\"fr-FR\",\"@id\":\"https:\\\/\\\/secure.gravatar.com\\\/avatar\\\/b1ee285506e2cb880ec988990d360e255aecb31c77212741dace1023623610c2?s=96&d=mm&r=g\",\"url\":\"https:\\\/\\\/secure.gravatar.com\\\/avatar\\\/b1ee285506e2cb880ec988990d360e255aecb31c77212741dace1023623610c2?s=96&d=mm&r=g\",\"contentUrl\":\"https:\\\/\\\/secure.gravatar.com\\\/avatar\\\/b1ee285506e2cb880ec988990d360e255aecb31c77212741dace1023623610c2?s=96&d=mm&r=g\",\"caption\":\"Groupe local Paillon-B\u00e9v\u00e9ra\"},\"url\":\"https:\\\/\\\/paca.lpo.fr\\\/blogs\\\/nice\\\/author\\\/alpesmaritimesest\\\/\"}]}<\/script>\n<!-- \/ Yoast SEO plugin. -->","yoast_head_json":{"title":"Sortie nature au Mont Vial - Groupe local Nice","robots":{"index":"index","follow":"follow","max-snippet":"max-snippet:-1","max-image-preview":"max-image-preview:large","max-video-preview":"max-video-preview:-1"},"canonical":"https:\/\/paca.lpo.fr\/blogs\/nice\/2019\/01\/14\/sortie-nature-au-mont-vial\/","og_locale":"fr_FR","og_type":"article","og_title":"Sortie nature au Mont Vial - Groupe local Nice","og_description":"Tout le monde est bien au rendez vous \u00e0 Carrefour Lingoti\u00e8re pour notre sortie LPO au Mont Vial. Le temps s\u2019annonce beau, quelques nouveaux venus \u00e0 notre sortie pour laquelle j\u2019ai d\u00fb refuser du monde ne pouvant pas encadrer plus de 20 personnes\u2026 &nbsp;&nbsp;&nbsp;&nbsp;&nbsp;&nbsp;&nbsp;&nbsp; Nous partons, remontant le Fleuve Var rive gauche, ensuite nous montons [&hellip;]","og_url":"https:\/\/paca.lpo.fr\/blogs\/nice\/2019\/01\/14\/sortie-nature-au-mont-vial\/","og_site_name":"Groupe local Nice","article_published_time":"2019-01-14T18:04:21+00:00","article_modified_time":"2019-01-14T18:07:44+00:00","og_image":[{"width":814,"height":483,"url":"https:\/\/paca.lpo.fr\/blogs\/nice\/files\/2019\/01\/blogune.jpg","type":"image\/jpeg"}],"author":"Groupe local Paillon-B\u00e9v\u00e9ra","twitter_card":"summary_large_image","twitter_misc":{"\u00c9crit par":"Groupe local Paillon-B\u00e9v\u00e9ra","Dur\u00e9e de lecture estim\u00e9e":"3 minutes"},"schema":{"@context":"https:\/\/schema.org","@graph":[{"@type":"Article","@id":"https:\/\/paca.lpo.fr\/blogs\/nice\/2019\/01\/14\/sortie-nature-au-mont-vial\/#article","isPartOf":{"@id":"https:\/\/paca.lpo.fr\/blogs\/nice\/2019\/01\/14\/sortie-nature-au-mont-vial\/"},"author":{"name":"Groupe local Paillon-B\u00e9v\u00e9ra","@id":"https:\/\/paca.lpo.fr\/blogs\/nice\/#\/schema\/person\/1bda33335fb71e0b3552487db26a4c56"},"headline":"Sortie nature au Mont Vial","datePublished":"2019-01-14T18:04:21+00:00","dateModified":"2019-01-14T18:07:44+00:00","mainEntityOfPage":{"@id":"https:\/\/paca.lpo.fr\/blogs\/nice\/2019\/01\/14\/sortie-nature-au-mont-vial\/"},"wordCount":526,"commentCount":0,"publisher":{"@id":"https:\/\/paca.lpo.fr\/blogs\/nice\/#organization"},"image":{"@id":"https:\/\/paca.lpo.fr\/blogs\/nice\/2019\/01\/14\/sortie-nature-au-mont-vial\/#primaryimage"},"thumbnailUrl":"https:\/\/paca.lpo.fr\/blogs\/nice\/files\/2019\/01\/blogune.jpg","articleSection":["grands \u00e9v\u00e8nements"],"inLanguage":"fr-FR","potentialAction":[{"@type":"CommentAction","name":"Comment","target":["https:\/\/paca.lpo.fr\/blogs\/nice\/2019\/01\/14\/sortie-nature-au-mont-vial\/#respond"]}]},{"@type":"WebPage","@id":"https:\/\/paca.lpo.fr\/blogs\/nice\/2019\/01\/14\/sortie-nature-au-mont-vial\/","url":"https:\/\/paca.lpo.fr\/blogs\/nice\/2019\/01\/14\/sortie-nature-au-mont-vial\/","name":"Sortie nature au Mont Vial - Groupe local Nice","isPartOf":{"@id":"https:\/\/paca.lpo.fr\/blogs\/nice\/#website"},"primaryImageOfPage":{"@id":"https:\/\/paca.lpo.fr\/blogs\/nice\/2019\/01\/14\/sortie-nature-au-mont-vial\/#primaryimage"},"image":{"@id":"https:\/\/paca.lpo.fr\/blogs\/nice\/2019\/01\/14\/sortie-nature-au-mont-vial\/#primaryimage"},"thumbnailUrl":"https:\/\/paca.lpo.fr\/blogs\/nice\/files\/2019\/01\/blogune.jpg","datePublished":"2019-01-14T18:04:21+00:00","dateModified":"2019-01-14T18:07:44+00:00","breadcrumb":{"@id":"https:\/\/paca.lpo.fr\/blogs\/nice\/2019\/01\/14\/sortie-nature-au-mont-vial\/#breadcrumb"},"inLanguage":"fr-FR","potentialAction":[{"@type":"ReadAction","target":["https:\/\/paca.lpo.fr\/blogs\/nice\/2019\/01\/14\/sortie-nature-au-mont-vial\/"]}]},{"@type":"ImageObject","inLanguage":"fr-FR","@id":"https:\/\/paca.lpo.fr\/blogs\/nice\/2019\/01\/14\/sortie-nature-au-mont-vial\/#primaryimage","url":"https:\/\/paca.lpo.fr\/blogs\/nice\/files\/2019\/01\/blogune.jpg","contentUrl":"https:\/\/paca.lpo.fr\/blogs\/nice\/files\/2019\/01\/blogune.jpg","width":814,"height":483},{"@type":"BreadcrumbList","@id":"https:\/\/paca.lpo.fr\/blogs\/nice\/2019\/01\/14\/sortie-nature-au-mont-vial\/#breadcrumb","itemListElement":[{"@type":"ListItem","position":1,"name":"Accueil","item":"https:\/\/paca.lpo.fr\/blogs\/nice\/"},{"@type":"ListItem","position":2,"name":"Sortie nature au Mont Vial"}]},{"@type":"WebSite","@id":"https:\/\/paca.lpo.fr\/blogs\/nice\/#website","url":"https:\/\/paca.lpo.fr\/blogs\/nice\/","name":"Groupe local Nice","description":"Groupe local Nice","publisher":{"@id":"https:\/\/paca.lpo.fr\/blogs\/nice\/#organization"},"potentialAction":[{"@type":"SearchAction","target":{"@type":"EntryPoint","urlTemplate":"https:\/\/paca.lpo.fr\/blogs\/nice\/?s={search_term_string}"},"query-input":{"@type":"PropertyValueSpecification","valueRequired":true,"valueName":"search_term_string"}}],"inLanguage":"fr-FR"},{"@type":"Organization","@id":"https:\/\/paca.lpo.fr\/blogs\/nice\/#organization","name":"Groupe local Nice","url":"https:\/\/paca.lpo.fr\/blogs\/nice\/","logo":{"@type":"ImageObject","inLanguage":"fr-FR","@id":"https:\/\/paca.lpo.fr\/blogs\/nice\/#\/schema\/logo\/image\/","url":"https:\/\/paca.lpo.fr\/blogs\/nice\/files\/2024\/01\/cropped-rvb-lpo-paca-logotype-signature-droite-mini-500.jpg","contentUrl":"https:\/\/paca.lpo.fr\/blogs\/nice\/files\/2024\/01\/cropped-rvb-lpo-paca-logotype-signature-droite-mini-500.jpg","width":500,"height":210,"caption":"Groupe local Nice"},"image":{"@id":"https:\/\/paca.lpo.fr\/blogs\/nice\/#\/schema\/logo\/image\/"}},{"@type":"Person","@id":"https:\/\/paca.lpo.fr\/blogs\/nice\/#\/schema\/person\/1bda33335fb71e0b3552487db26a4c56","name":"Groupe local Paillon-B\u00e9v\u00e9ra","image":{"@type":"ImageObject","inLanguage":"fr-FR","@id":"https:\/\/secure.gravatar.com\/avatar\/b1ee285506e2cb880ec988990d360e255aecb31c77212741dace1023623610c2?s=96&d=mm&r=g","url":"https:\/\/secure.gravatar.com\/avatar\/b1ee285506e2cb880ec988990d360e255aecb31c77212741dace1023623610c2?s=96&d=mm&r=g","contentUrl":"https:\/\/secure.gravatar.com\/avatar\/b1ee285506e2cb880ec988990d360e255aecb31c77212741dace1023623610c2?s=96&d=mm&r=g","caption":"Groupe local Paillon-B\u00e9v\u00e9ra"},"url":"https:\/\/paca.lpo.fr\/blogs\/nice\/author\/alpesmaritimesest\/"}]}},"jetpack_featured_media_url":"https:\/\/paca.lpo.fr\/blogs\/nice\/files\/2019\/01\/blogune.jpg","_links":{"self":[{"href":"https:\/\/paca.lpo.fr\/blogs\/nice\/wp-json\/wp\/v2\/posts\/2491","targetHints":{"allow":["GET"]}}],"collection":[{"href":"https:\/\/paca.lpo.fr\/blogs\/nice\/wp-json\/wp\/v2\/posts"}],"about":[{"href":"https:\/\/paca.lpo.fr\/blogs\/nice\/wp-json\/wp\/v2\/types\/post"}],"author":[{"embeddable":true,"href":"https:\/\/paca.lpo.fr\/blogs\/nice\/wp-json\/wp\/v2\/users\/15"}],"replies":[{"embeddable":true,"href":"https:\/\/paca.lpo.fr\/blogs\/nice\/wp-json\/wp\/v2\/comments?post=2491"}],"version-history":[{"count":2,"href":"https:\/\/paca.lpo.fr\/blogs\/nice\/wp-json\/wp\/v2\/posts\/2491\/revisions"}],"predecessor-version":[{"id":2494,"href":"https:\/\/paca.lpo.fr\/blogs\/nice\/wp-json\/wp\/v2\/posts\/2491\/revisions\/2494"}],"wp:featuredmedia":[{"embeddable":true,"href":"https:\/\/paca.lpo.fr\/blogs\/nice\/wp-json\/wp\/v2\/media\/2493"}],"wp:attachment":[{"href":"https:\/\/paca.lpo.fr\/blogs\/nice\/wp-json\/wp\/v2\/media?parent=2491"}],"wp:term":[{"taxonomy":"category","embeddable":true,"href":"https:\/\/paca.lpo.fr\/blogs\/nice\/wp-json\/wp\/v2\/categories?post=2491"},{"taxonomy":"post_tag","embeddable":true,"href":"https:\/\/paca.lpo.fr\/blogs\/nice\/wp-json\/wp\/v2\/tags?post=2491"}],"curies":[{"name":"wp","href":"https:\/\/api.w.org\/{rel}","templated":true}]}}