{"id":2505,"date":"2019-01-30T18:05:25","date_gmt":"2019-01-30T17:05:25","guid":{"rendered":"https:\/\/paca.lpo.fr\/blogs\/nice\/?p=2505"},"modified":"2019-01-31T08:14:26","modified_gmt":"2019-01-31T07:14:26","slug":"val-rahmeh-un-cadre-magnifique-et-exotique-pour-le-comptage-des-oiseaux-des-jardins-a-menton","status":"publish","type":"post","link":"https:\/\/paca.lpo.fr\/blogs\/nice\/2019\/01\/30\/val-rahmeh-un-cadre-magnifique-et-exotique-pour-le-comptage-des-oiseaux-des-jardins-a-menton\/","title":{"rendered":"Val Rahmeh, un cadre magnifique et exotique pour le comptage des oiseaux des jardins \u00e0 Menton"},"content":{"rendered":"\n<p class=\"wp-block-paragraph\">Une matin\u00e9e conviviale et ensoleill\u00e9e pour la trentaine de participants sympathiques et int\u00e9ress\u00e9s au comptage organis\u00e9 par le Mus\u00e9um National d&rsquo;Histoire Naturelle et la Ligue pour la Protection des Oiseaux.<\/p>\n\n\n\n<figure class=\"wp-block-image\"><img loading=\"lazy\" decoding=\"async\" width=\"900\" height=\"675\" src=\"https:\/\/paca.lpo.fr\/blogs\/nice\/files\/2019\/01\/2019-01-27-2.jpg\" alt=\"\" class=\"wp-image-2506\" srcset=\"https:\/\/paca.lpo.fr\/blogs\/nice\/files\/2019\/01\/2019-01-27-2.jpg 900w, https:\/\/paca.lpo.fr\/blogs\/nice\/files\/2019\/01\/2019-01-27-2-480x360.jpg 480w, https:\/\/paca.lpo.fr\/blogs\/nice\/files\/2019\/01\/2019-01-27-2-768x576.jpg 768w, https:\/\/paca.lpo.fr\/blogs\/nice\/files\/2019\/01\/2019-01-27-2-700x525.jpg 700w\" sizes=\"auto, (max-width: 900px) 100vw, 900px\" \/><figcaption>Accueil, pr\u00e9sentation et distribution des fiches et photos d&rsquo;oiseaux<\/figcaption><\/figure>\n\n\n\n<p class=\"wp-block-paragraph\">Divis\u00e9s en deux groupes, jumelles en main, tout le monde est parti \u00e0 la recherche des oiseaux. M\u00eame si ces derniers sont rest\u00e9s discrets cette ann\u00e9e, tout le monde a beaucoup appr\u00e9ci\u00e9 la belle balade, les arbres, les fleurs et les belles vues.<\/p>\n\n\n\n<p class=\"wp-block-paragraph\">Parmi les participants un photographe de talent, Jean-Luc Rayon, nous a offert un magnifique diaporama visible sur le lien suivant :<\/p>\n\n\n\n<p class=\"wp-block-paragraph\"><a href=\"https:\/\/public.joomeo.com\/albums\/5c4df052c4de3\">https:\/\/public.joomeo.com\/albums\/5c4df052c4de3<\/a><\/p>\n\n\n\n<p class=\"wp-block-paragraph\"><\/p>\n\n\n\n<figure class=\"wp-block-image\"><img loading=\"lazy\" decoding=\"async\" width=\"900\" height=\"675\" src=\"https:\/\/paca.lpo.fr\/blogs\/nice\/files\/2019\/01\/2019-01-27-8.jpg\" alt=\"\" class=\"wp-image-2507\" srcset=\"https:\/\/paca.lpo.fr\/blogs\/nice\/files\/2019\/01\/2019-01-27-8.jpg 900w, https:\/\/paca.lpo.fr\/blogs\/nice\/files\/2019\/01\/2019-01-27-8-480x360.jpg 480w, https:\/\/paca.lpo.fr\/blogs\/nice\/files\/2019\/01\/2019-01-27-8-768x576.jpg 768w, https:\/\/paca.lpo.fr\/blogs\/nice\/files\/2019\/01\/2019-01-27-8-700x525.jpg 700w\" sizes=\"auto, (max-width: 900px) 100vw, 900px\" \/><figcaption>Le bassin <\/figcaption><\/figure>\n\n\n\n<ul class=\"wp-block-gallery columns-0 is-cropped wp-block-gallery-1 is-layout-flex wp-block-gallery-is-layout-flex\"><\/ul>\n","protected":false},"excerpt":{"rendered":"<p>Une matin\u00e9e conviviale et ensoleill\u00e9e pour la trentaine de participants sympathiques et int\u00e9ress\u00e9s au comptage organis\u00e9 par le Mus\u00e9um National d&rsquo;Histoire Naturelle et la Ligue pour la Protection des Oiseaux. Divis\u00e9s en deux groupes, jumelles en main, tout le monde est parti \u00e0 la recherche des oiseaux. M\u00eame si ces derniers sont rest\u00e9s discrets cette [&hellip;]<\/p>\n","protected":false},"author":15,"featured_media":2506,"comment_status":"open","ping_status":"open","sticky":false,"template":"","format":"standard","meta":{"footnotes":""},"categories":[1],"tags":[],"class_list":["post-2505","post","type-post","status-publish","format-standard","has-post-thumbnail","hentry","category-sorties-nature"],"yoast_head":"<!-- This site is optimized with the Yoast SEO plugin v28.3 - https:\/\/yoast.com\/product\/yoast-seo-wordpress\/ -->\n<title>Val Rahmeh, un cadre magnifique et exotique pour le comptage des oiseaux des jardins \u00e0 Menton - Groupe local Nice<\/title>\n<meta name=\"robots\" content=\"index, follow, max-snippet:-1, max-image-preview:large, max-video-preview:-1\" \/>\n<link rel=\"canonical\" href=\"https:\/\/paca.lpo.fr\/blogs\/nice\/2019\/01\/30\/val-rahmeh-un-cadre-magnifique-et-exotique-pour-le-comptage-des-oiseaux-des-jardins-a-menton\/\" \/>\n<meta property=\"og:locale\" content=\"fr_FR\" \/>\n<meta property=\"og:type\" content=\"article\" \/>\n<meta property=\"og:title\" content=\"Val Rahmeh, un cadre magnifique et exotique pour le comptage des oiseaux des jardins \u00e0 Menton - Groupe local Nice\" \/>\n<meta property=\"og:description\" content=\"Une matin\u00e9e conviviale et ensoleill\u00e9e pour la trentaine de participants sympathiques et int\u00e9ress\u00e9s au comptage organis\u00e9 par le Mus\u00e9um National d&rsquo;Histoire Naturelle et la Ligue pour la Protection des Oiseaux. Divis\u00e9s en deux groupes, jumelles en main, tout le monde est parti \u00e0 la recherche des oiseaux. M\u00eame si ces derniers sont rest\u00e9s discrets cette [&hellip;]\" \/>\n<meta property=\"og:url\" content=\"https:\/\/paca.lpo.fr\/blogs\/nice\/2019\/01\/30\/val-rahmeh-un-cadre-magnifique-et-exotique-pour-le-comptage-des-oiseaux-des-jardins-a-menton\/\" \/>\n<meta property=\"og:site_name\" content=\"Groupe local Nice\" \/>\n<meta property=\"article:published_time\" content=\"2019-01-30T17:05:25+00:00\" \/>\n<meta property=\"article:modified_time\" content=\"2019-01-31T07:14:26+00:00\" \/>\n<meta property=\"og:image\" content=\"https:\/\/paca.lpo.fr\/blogs\/nice\/files\/2019\/01\/2019-01-27-2.jpg\" \/>\n\t<meta property=\"og:image:width\" content=\"900\" \/>\n\t<meta property=\"og:image:height\" content=\"675\" \/>\n\t<meta property=\"og:image:type\" content=\"image\/jpeg\" \/>\n<meta name=\"author\" content=\"Groupe local Paillon-B\u00e9v\u00e9ra\" \/>\n<meta name=\"twitter:card\" content=\"summary_large_image\" \/>\n<meta name=\"twitter:label1\" content=\"\u00c9crit par\" \/>\n\t<meta name=\"twitter:data1\" content=\"Groupe local Paillon-B\u00e9v\u00e9ra\" \/>\n\t<meta name=\"twitter:label2\" content=\"Dur\u00e9e de lecture estim\u00e9e\" \/>\n\t<meta name=\"twitter:data2\" content=\"1 minute\" \/>\n<script type=\"application\/ld+json\" class=\"yoast-schema-graph\">{\"@context\":\"https:\\\/\\\/schema.org\",\"@graph\":[{\"@type\":\"Article\",\"@id\":\"https:\\\/\\\/paca.lpo.fr\\\/blogs\\\/nice\\\/2019\\\/01\\\/30\\\/val-rahmeh-un-cadre-magnifique-et-exotique-pour-le-comptage-des-oiseaux-des-jardins-a-menton\\\/#article\",\"isPartOf\":{\"@id\":\"https:\\\/\\\/paca.lpo.fr\\\/blogs\\\/nice\\\/2019\\\/01\\\/30\\\/val-rahmeh-un-cadre-magnifique-et-exotique-pour-le-comptage-des-oiseaux-des-jardins-a-menton\\\/\"},\"author\":{\"name\":\"Groupe local Paillon-B\u00e9v\u00e9ra\",\"@id\":\"https:\\\/\\\/paca.lpo.fr\\\/blogs\\\/nice\\\/#\\\/schema\\\/person\\\/1bda33335fb71e0b3552487db26a4c56\"},\"headline\":\"Val Rahmeh, un cadre magnifique et exotique pour le comptage des oiseaux des jardins \u00e0 Menton\",\"datePublished\":\"2019-01-30T17:05:25+00:00\",\"dateModified\":\"2019-01-31T07:14:26+00:00\",\"mainEntityOfPage\":{\"@id\":\"https:\\\/\\\/paca.lpo.fr\\\/blogs\\\/nice\\\/2019\\\/01\\\/30\\\/val-rahmeh-un-cadre-magnifique-et-exotique-pour-le-comptage-des-oiseaux-des-jardins-a-menton\\\/\"},\"wordCount\":140,\"commentCount\":0,\"publisher\":{\"@id\":\"https:\\\/\\\/paca.lpo.fr\\\/blogs\\\/nice\\\/#organization\"},\"image\":{\"@id\":\"https:\\\/\\\/paca.lpo.fr\\\/blogs\\\/nice\\\/2019\\\/01\\\/30\\\/val-rahmeh-un-cadre-magnifique-et-exotique-pour-le-comptage-des-oiseaux-des-jardins-a-menton\\\/#primaryimage\"},\"thumbnailUrl\":\"https:\\\/\\\/paca.lpo.fr\\\/blogs\\\/nice\\\/files\\\/2019\\\/01\\\/2019-01-27-2.jpg\",\"articleSection\":[\"grands \u00e9v\u00e8nements\"],\"inLanguage\":\"fr-FR\",\"potentialAction\":[{\"@type\":\"CommentAction\",\"name\":\"Comment\",\"target\":[\"https:\\\/\\\/paca.lpo.fr\\\/blogs\\\/nice\\\/2019\\\/01\\\/30\\\/val-rahmeh-un-cadre-magnifique-et-exotique-pour-le-comptage-des-oiseaux-des-jardins-a-menton\\\/#respond\"]}]},{\"@type\":\"WebPage\",\"@id\":\"https:\\\/\\\/paca.lpo.fr\\\/blogs\\\/nice\\\/2019\\\/01\\\/30\\\/val-rahmeh-un-cadre-magnifique-et-exotique-pour-le-comptage-des-oiseaux-des-jardins-a-menton\\\/\",\"url\":\"https:\\\/\\\/paca.lpo.fr\\\/blogs\\\/nice\\\/2019\\\/01\\\/30\\\/val-rahmeh-un-cadre-magnifique-et-exotique-pour-le-comptage-des-oiseaux-des-jardins-a-menton\\\/\",\"name\":\"Val Rahmeh, un cadre magnifique et exotique pour le comptage des oiseaux des jardins \u00e0 Menton - Groupe local Nice\",\"isPartOf\":{\"@id\":\"https:\\\/\\\/paca.lpo.fr\\\/blogs\\\/nice\\\/#website\"},\"primaryImageOfPage\":{\"@id\":\"https:\\\/\\\/paca.lpo.fr\\\/blogs\\\/nice\\\/2019\\\/01\\\/30\\\/val-rahmeh-un-cadre-magnifique-et-exotique-pour-le-comptage-des-oiseaux-des-jardins-a-menton\\\/#primaryimage\"},\"image\":{\"@id\":\"https:\\\/\\\/paca.lpo.fr\\\/blogs\\\/nice\\\/2019\\\/01\\\/30\\\/val-rahmeh-un-cadre-magnifique-et-exotique-pour-le-comptage-des-oiseaux-des-jardins-a-menton\\\/#primaryimage\"},\"thumbnailUrl\":\"https:\\\/\\\/paca.lpo.fr\\\/blogs\\\/nice\\\/files\\\/2019\\\/01\\\/2019-01-27-2.jpg\",\"datePublished\":\"2019-01-30T17:05:25+00:00\",\"dateModified\":\"2019-01-31T07:14:26+00:00\",\"breadcrumb\":{\"@id\":\"https:\\\/\\\/paca.lpo.fr\\\/blogs\\\/nice\\\/2019\\\/01\\\/30\\\/val-rahmeh-un-cadre-magnifique-et-exotique-pour-le-comptage-des-oiseaux-des-jardins-a-menton\\\/#breadcrumb\"},\"inLanguage\":\"fr-FR\",\"potentialAction\":[{\"@type\":\"ReadAction\",\"target\":[\"https:\\\/\\\/paca.lpo.fr\\\/blogs\\\/nice\\\/2019\\\/01\\\/30\\\/val-rahmeh-un-cadre-magnifique-et-exotique-pour-le-comptage-des-oiseaux-des-jardins-a-menton\\\/\"]}]},{\"@type\":\"ImageObject\",\"inLanguage\":\"fr-FR\",\"@id\":\"https:\\\/\\\/paca.lpo.fr\\\/blogs\\\/nice\\\/2019\\\/01\\\/30\\\/val-rahmeh-un-cadre-magnifique-et-exotique-pour-le-comptage-des-oiseaux-des-jardins-a-menton\\\/#primaryimage\",\"url\":\"https:\\\/\\\/paca.lpo.fr\\\/blogs\\\/nice\\\/files\\\/2019\\\/01\\\/2019-01-27-2.jpg\",\"contentUrl\":\"https:\\\/\\\/paca.lpo.fr\\\/blogs\\\/nice\\\/files\\\/2019\\\/01\\\/2019-01-27-2.jpg\",\"width\":900,\"height\":675},{\"@type\":\"BreadcrumbList\",\"@id\":\"https:\\\/\\\/paca.lpo.fr\\\/blogs\\\/nice\\\/2019\\\/01\\\/30\\\/val-rahmeh-un-cadre-magnifique-et-exotique-pour-le-comptage-des-oiseaux-des-jardins-a-menton\\\/#breadcrumb\",\"itemListElement\":[{\"@type\":\"ListItem\",\"position\":1,\"name\":\"Accueil\",\"item\":\"https:\\\/\\\/paca.lpo.fr\\\/blogs\\\/nice\\\/\"},{\"@type\":\"ListItem\",\"position\":2,\"name\":\"Val Rahmeh, un cadre magnifique et exotique pour le comptage des oiseaux des jardins \u00e0 Menton\"}]},{\"@type\":\"WebSite\",\"@id\":\"https:\\\/\\\/paca.lpo.fr\\\/blogs\\\/nice\\\/#website\",\"url\":\"https:\\\/\\\/paca.lpo.fr\\\/blogs\\\/nice\\\/\",\"name\":\"Groupe local Nice\",\"description\":\"Groupe local Nice\",\"publisher\":{\"@id\":\"https:\\\/\\\/paca.lpo.fr\\\/blogs\\\/nice\\\/#organization\"},\"potentialAction\":[{\"@type\":\"SearchAction\",\"target\":{\"@type\":\"EntryPoint\",\"urlTemplate\":\"https:\\\/\\\/paca.lpo.fr\\\/blogs\\\/nice\\\/?s={search_term_string}\"},\"query-input\":{\"@type\":\"PropertyValueSpecification\",\"valueRequired\":true,\"valueName\":\"search_term_string\"}}],\"inLanguage\":\"fr-FR\"},{\"@type\":\"Organization\",\"@id\":\"https:\\\/\\\/paca.lpo.fr\\\/blogs\\\/nice\\\/#organization\",\"name\":\"Groupe local Nice\",\"url\":\"https:\\\/\\\/paca.lpo.fr\\\/blogs\\\/nice\\\/\",\"logo\":{\"@type\":\"ImageObject\",\"inLanguage\":\"fr-FR\",\"@id\":\"https:\\\/\\\/paca.lpo.fr\\\/blogs\\\/nice\\\/#\\\/schema\\\/logo\\\/image\\\/\",\"url\":\"https:\\\/\\\/paca.lpo.fr\\\/blogs\\\/nice\\\/files\\\/2024\\\/01\\\/cropped-rvb-lpo-paca-logotype-signature-droite-mini-500.jpg\",\"contentUrl\":\"https:\\\/\\\/paca.lpo.fr\\\/blogs\\\/nice\\\/files\\\/2024\\\/01\\\/cropped-rvb-lpo-paca-logotype-signature-droite-mini-500.jpg\",\"width\":500,\"height\":210,\"caption\":\"Groupe local Nice\"},\"image\":{\"@id\":\"https:\\\/\\\/paca.lpo.fr\\\/blogs\\\/nice\\\/#\\\/schema\\\/logo\\\/image\\\/\"}},{\"@type\":\"Person\",\"@id\":\"https:\\\/\\\/paca.lpo.fr\\\/blogs\\\/nice\\\/#\\\/schema\\\/person\\\/1bda33335fb71e0b3552487db26a4c56\",\"name\":\"Groupe local Paillon-B\u00e9v\u00e9ra\",\"image\":{\"@type\":\"ImageObject\",\"inLanguage\":\"fr-FR\",\"@id\":\"https:\\\/\\\/secure.gravatar.com\\\/avatar\\\/b1ee285506e2cb880ec988990d360e255aecb31c77212741dace1023623610c2?s=96&d=mm&r=g\",\"url\":\"https:\\\/\\\/secure.gravatar.com\\\/avatar\\\/b1ee285506e2cb880ec988990d360e255aecb31c77212741dace1023623610c2?s=96&d=mm&r=g\",\"contentUrl\":\"https:\\\/\\\/secure.gravatar.com\\\/avatar\\\/b1ee285506e2cb880ec988990d360e255aecb31c77212741dace1023623610c2?s=96&d=mm&r=g\",\"caption\":\"Groupe local Paillon-B\u00e9v\u00e9ra\"},\"url\":\"https:\\\/\\\/paca.lpo.fr\\\/blogs\\\/nice\\\/author\\\/alpesmaritimesest\\\/\"}]}<\/script>\n<!-- \/ Yoast SEO plugin. -->","yoast_head_json":{"title":"Val Rahmeh, un cadre magnifique et exotique pour le comptage des oiseaux des jardins \u00e0 Menton - Groupe local Nice","robots":{"index":"index","follow":"follow","max-snippet":"max-snippet:-1","max-image-preview":"max-image-preview:large","max-video-preview":"max-video-preview:-1"},"canonical":"https:\/\/paca.lpo.fr\/blogs\/nice\/2019\/01\/30\/val-rahmeh-un-cadre-magnifique-et-exotique-pour-le-comptage-des-oiseaux-des-jardins-a-menton\/","og_locale":"fr_FR","og_type":"article","og_title":"Val Rahmeh, un cadre magnifique et exotique pour le comptage des oiseaux des jardins \u00e0 Menton - Groupe local Nice","og_description":"Une matin\u00e9e conviviale et ensoleill\u00e9e pour la trentaine de participants sympathiques et int\u00e9ress\u00e9s au comptage organis\u00e9 par le Mus\u00e9um National d&rsquo;Histoire Naturelle et la Ligue pour la Protection des Oiseaux. Divis\u00e9s en deux groupes, jumelles en main, tout le monde est parti \u00e0 la recherche des oiseaux. M\u00eame si ces derniers sont rest\u00e9s discrets cette [&hellip;]","og_url":"https:\/\/paca.lpo.fr\/blogs\/nice\/2019\/01\/30\/val-rahmeh-un-cadre-magnifique-et-exotique-pour-le-comptage-des-oiseaux-des-jardins-a-menton\/","og_site_name":"Groupe local Nice","article_published_time":"2019-01-30T17:05:25+00:00","article_modified_time":"2019-01-31T07:14:26+00:00","og_image":[{"width":900,"height":675,"url":"https:\/\/paca.lpo.fr\/blogs\/nice\/files\/2019\/01\/2019-01-27-2.jpg","type":"image\/jpeg"}],"author":"Groupe local Paillon-B\u00e9v\u00e9ra","twitter_card":"summary_large_image","twitter_misc":{"\u00c9crit par":"Groupe local Paillon-B\u00e9v\u00e9ra","Dur\u00e9e de lecture estim\u00e9e":"1 minute"},"schema":{"@context":"https:\/\/schema.org","@graph":[{"@type":"Article","@id":"https:\/\/paca.lpo.fr\/blogs\/nice\/2019\/01\/30\/val-rahmeh-un-cadre-magnifique-et-exotique-pour-le-comptage-des-oiseaux-des-jardins-a-menton\/#article","isPartOf":{"@id":"https:\/\/paca.lpo.fr\/blogs\/nice\/2019\/01\/30\/val-rahmeh-un-cadre-magnifique-et-exotique-pour-le-comptage-des-oiseaux-des-jardins-a-menton\/"},"author":{"name":"Groupe local Paillon-B\u00e9v\u00e9ra","@id":"https:\/\/paca.lpo.fr\/blogs\/nice\/#\/schema\/person\/1bda33335fb71e0b3552487db26a4c56"},"headline":"Val Rahmeh, un cadre magnifique et exotique pour le comptage des oiseaux des jardins \u00e0 Menton","datePublished":"2019-01-30T17:05:25+00:00","dateModified":"2019-01-31T07:14:26+00:00","mainEntityOfPage":{"@id":"https:\/\/paca.lpo.fr\/blogs\/nice\/2019\/01\/30\/val-rahmeh-un-cadre-magnifique-et-exotique-pour-le-comptage-des-oiseaux-des-jardins-a-menton\/"},"wordCount":140,"commentCount":0,"publisher":{"@id":"https:\/\/paca.lpo.fr\/blogs\/nice\/#organization"},"image":{"@id":"https:\/\/paca.lpo.fr\/blogs\/nice\/2019\/01\/30\/val-rahmeh-un-cadre-magnifique-et-exotique-pour-le-comptage-des-oiseaux-des-jardins-a-menton\/#primaryimage"},"thumbnailUrl":"https:\/\/paca.lpo.fr\/blogs\/nice\/files\/2019\/01\/2019-01-27-2.jpg","articleSection":["grands \u00e9v\u00e8nements"],"inLanguage":"fr-FR","potentialAction":[{"@type":"CommentAction","name":"Comment","target":["https:\/\/paca.lpo.fr\/blogs\/nice\/2019\/01\/30\/val-rahmeh-un-cadre-magnifique-et-exotique-pour-le-comptage-des-oiseaux-des-jardins-a-menton\/#respond"]}]},{"@type":"WebPage","@id":"https:\/\/paca.lpo.fr\/blogs\/nice\/2019\/01\/30\/val-rahmeh-un-cadre-magnifique-et-exotique-pour-le-comptage-des-oiseaux-des-jardins-a-menton\/","url":"https:\/\/paca.lpo.fr\/blogs\/nice\/2019\/01\/30\/val-rahmeh-un-cadre-magnifique-et-exotique-pour-le-comptage-des-oiseaux-des-jardins-a-menton\/","name":"Val Rahmeh, un cadre magnifique et exotique pour le comptage des oiseaux des jardins \u00e0 Menton - Groupe local Nice","isPartOf":{"@id":"https:\/\/paca.lpo.fr\/blogs\/nice\/#website"},"primaryImageOfPage":{"@id":"https:\/\/paca.lpo.fr\/blogs\/nice\/2019\/01\/30\/val-rahmeh-un-cadre-magnifique-et-exotique-pour-le-comptage-des-oiseaux-des-jardins-a-menton\/#primaryimage"},"image":{"@id":"https:\/\/paca.lpo.fr\/blogs\/nice\/2019\/01\/30\/val-rahmeh-un-cadre-magnifique-et-exotique-pour-le-comptage-des-oiseaux-des-jardins-a-menton\/#primaryimage"},"thumbnailUrl":"https:\/\/paca.lpo.fr\/blogs\/nice\/files\/2019\/01\/2019-01-27-2.jpg","datePublished":"2019-01-30T17:05:25+00:00","dateModified":"2019-01-31T07:14:26+00:00","breadcrumb":{"@id":"https:\/\/paca.lpo.fr\/blogs\/nice\/2019\/01\/30\/val-rahmeh-un-cadre-magnifique-et-exotique-pour-le-comptage-des-oiseaux-des-jardins-a-menton\/#breadcrumb"},"inLanguage":"fr-FR","potentialAction":[{"@type":"ReadAction","target":["https:\/\/paca.lpo.fr\/blogs\/nice\/2019\/01\/30\/val-rahmeh-un-cadre-magnifique-et-exotique-pour-le-comptage-des-oiseaux-des-jardins-a-menton\/"]}]},{"@type":"ImageObject","inLanguage":"fr-FR","@id":"https:\/\/paca.lpo.fr\/blogs\/nice\/2019\/01\/30\/val-rahmeh-un-cadre-magnifique-et-exotique-pour-le-comptage-des-oiseaux-des-jardins-a-menton\/#primaryimage","url":"https:\/\/paca.lpo.fr\/blogs\/nice\/files\/2019\/01\/2019-01-27-2.jpg","contentUrl":"https:\/\/paca.lpo.fr\/blogs\/nice\/files\/2019\/01\/2019-01-27-2.jpg","width":900,"height":675},{"@type":"BreadcrumbList","@id":"https:\/\/paca.lpo.fr\/blogs\/nice\/2019\/01\/30\/val-rahmeh-un-cadre-magnifique-et-exotique-pour-le-comptage-des-oiseaux-des-jardins-a-menton\/#breadcrumb","itemListElement":[{"@type":"ListItem","position":1,"name":"Accueil","item":"https:\/\/paca.lpo.fr\/blogs\/nice\/"},{"@type":"ListItem","position":2,"name":"Val Rahmeh, un cadre magnifique et exotique pour le comptage des oiseaux des jardins \u00e0 Menton"}]},{"@type":"WebSite","@id":"https:\/\/paca.lpo.fr\/blogs\/nice\/#website","url":"https:\/\/paca.lpo.fr\/blogs\/nice\/","name":"Groupe local Nice","description":"Groupe local Nice","publisher":{"@id":"https:\/\/paca.lpo.fr\/blogs\/nice\/#organization"},"potentialAction":[{"@type":"SearchAction","target":{"@type":"EntryPoint","urlTemplate":"https:\/\/paca.lpo.fr\/blogs\/nice\/?s={search_term_string}"},"query-input":{"@type":"PropertyValueSpecification","valueRequired":true,"valueName":"search_term_string"}}],"inLanguage":"fr-FR"},{"@type":"Organization","@id":"https:\/\/paca.lpo.fr\/blogs\/nice\/#organization","name":"Groupe local Nice","url":"https:\/\/paca.lpo.fr\/blogs\/nice\/","logo":{"@type":"ImageObject","inLanguage":"fr-FR","@id":"https:\/\/paca.lpo.fr\/blogs\/nice\/#\/schema\/logo\/image\/","url":"https:\/\/paca.lpo.fr\/blogs\/nice\/files\/2024\/01\/cropped-rvb-lpo-paca-logotype-signature-droite-mini-500.jpg","contentUrl":"https:\/\/paca.lpo.fr\/blogs\/nice\/files\/2024\/01\/cropped-rvb-lpo-paca-logotype-signature-droite-mini-500.jpg","width":500,"height":210,"caption":"Groupe local Nice"},"image":{"@id":"https:\/\/paca.lpo.fr\/blogs\/nice\/#\/schema\/logo\/image\/"}},{"@type":"Person","@id":"https:\/\/paca.lpo.fr\/blogs\/nice\/#\/schema\/person\/1bda33335fb71e0b3552487db26a4c56","name":"Groupe local Paillon-B\u00e9v\u00e9ra","image":{"@type":"ImageObject","inLanguage":"fr-FR","@id":"https:\/\/secure.gravatar.com\/avatar\/b1ee285506e2cb880ec988990d360e255aecb31c77212741dace1023623610c2?s=96&d=mm&r=g","url":"https:\/\/secure.gravatar.com\/avatar\/b1ee285506e2cb880ec988990d360e255aecb31c77212741dace1023623610c2?s=96&d=mm&r=g","contentUrl":"https:\/\/secure.gravatar.com\/avatar\/b1ee285506e2cb880ec988990d360e255aecb31c77212741dace1023623610c2?s=96&d=mm&r=g","caption":"Groupe local Paillon-B\u00e9v\u00e9ra"},"url":"https:\/\/paca.lpo.fr\/blogs\/nice\/author\/alpesmaritimesest\/"}]}},"jetpack_featured_media_url":"https:\/\/paca.lpo.fr\/blogs\/nice\/files\/2019\/01\/2019-01-27-2.jpg","_links":{"self":[{"href":"https:\/\/paca.lpo.fr\/blogs\/nice\/wp-json\/wp\/v2\/posts\/2505","targetHints":{"allow":["GET"]}}],"collection":[{"href":"https:\/\/paca.lpo.fr\/blogs\/nice\/wp-json\/wp\/v2\/posts"}],"about":[{"href":"https:\/\/paca.lpo.fr\/blogs\/nice\/wp-json\/wp\/v2\/types\/post"}],"author":[{"embeddable":true,"href":"https:\/\/paca.lpo.fr\/blogs\/nice\/wp-json\/wp\/v2\/users\/15"}],"replies":[{"embeddable":true,"href":"https:\/\/paca.lpo.fr\/blogs\/nice\/wp-json\/wp\/v2\/comments?post=2505"}],"version-history":[{"count":4,"href":"https:\/\/paca.lpo.fr\/blogs\/nice\/wp-json\/wp\/v2\/posts\/2505\/revisions"}],"predecessor-version":[{"id":2523,"href":"https:\/\/paca.lpo.fr\/blogs\/nice\/wp-json\/wp\/v2\/posts\/2505\/revisions\/2523"}],"wp:featuredmedia":[{"embeddable":true,"href":"https:\/\/paca.lpo.fr\/blogs\/nice\/wp-json\/wp\/v2\/media\/2506"}],"wp:attachment":[{"href":"https:\/\/paca.lpo.fr\/blogs\/nice\/wp-json\/wp\/v2\/media?parent=2505"}],"wp:term":[{"taxonomy":"category","embeddable":true,"href":"https:\/\/paca.lpo.fr\/blogs\/nice\/wp-json\/wp\/v2\/categories?post=2505"},{"taxonomy":"post_tag","embeddable":true,"href":"https:\/\/paca.lpo.fr\/blogs\/nice\/wp-json\/wp\/v2\/tags?post=2505"}],"curies":[{"name":"wp","href":"https:\/\/api.w.org\/{rel}","templated":true}]}}