{"id":2525,"date":"2019-02-07T11:47:43","date_gmt":"2019-02-07T10:47:43","guid":{"rendered":"https:\/\/paca.lpo.fr\/blogs\/nice\/?p=2525"},"modified":"2019-02-07T11:47:44","modified_gmt":"2019-02-07T10:47:44","slug":"journee-mondiale-des-zones-humides-2","status":"publish","type":"post","link":"https:\/\/paca.lpo.fr\/blogs\/nice\/2019\/02\/07\/journee-mondiale-des-zones-humides-2\/","title":{"rendered":"Journ\u00e9e Mondiale des Zones Humides"},"content":{"rendered":"\n<p class=\"wp-block-paragraph\">Une sortie d&rsquo;observation des oiseaux d&rsquo;eau et autres passereaux a \u00e9t\u00e9 propos\u00e9e par Anne Falentin autour du village de l&rsquo;Escar\u00e8ne. Pr\u00e9vue initialement pour le 2 f\u00e9vrier cette balade a d\u00fb \u00eatre report\u00e9e au lundi 4 \u00e0 cause d&rsquo;une m\u00e9t\u00e9o d\u00e9favorable. S&rsquo;il y avait peu d&rsquo;oiseaux d&rsquo;eau sur le Paillon les passereaux \u00e9taient pr\u00e9sents, parfois cach\u00e9s dans les feuillages. <\/p>\n\n\n\n<figure class=\"wp-block-image\"><img loading=\"lazy\" decoding=\"async\" width=\"960\" height=\"718\" src=\"https:\/\/paca.lpo.fr\/blogs\/nice\/files\/2019\/02\/blog4-960x718.jpg\" alt=\"\" class=\"wp-image-2526\" srcset=\"https:\/\/paca.lpo.fr\/blogs\/nice\/files\/2019\/02\/blog4-960x718.jpg 960w, https:\/\/paca.lpo.fr\/blogs\/nice\/files\/2019\/02\/blog4-480x359.jpg 480w, https:\/\/paca.lpo.fr\/blogs\/nice\/files\/2019\/02\/blog4-768x574.jpg 768w, https:\/\/paca.lpo.fr\/blogs\/nice\/files\/2019\/02\/blog4-700x523.jpg 700w, https:\/\/paca.lpo.fr\/blogs\/nice\/files\/2019\/02\/blog4.jpg 982w\" sizes=\"auto, (max-width: 960px) 100vw, 960px\" \/><figcaption>Balade au soleil le long du Paillon<\/figcaption><\/figure>\n\n\n\n<figure class=\"wp-block-image\"><img loading=\"lazy\" decoding=\"async\" width=\"960\" height=\"695\" src=\"https:\/\/paca.lpo.fr\/blogs\/nice\/files\/2019\/02\/blog5-960x695.jpg\" alt=\"\" class=\"wp-image-2527\" srcset=\"https:\/\/paca.lpo.fr\/blogs\/nice\/files\/2019\/02\/blog5-960x695.jpg 960w, https:\/\/paca.lpo.fr\/blogs\/nice\/files\/2019\/02\/blog5-480x347.jpg 480w, https:\/\/paca.lpo.fr\/blogs\/nice\/files\/2019\/02\/blog5-768x556.jpg 768w, https:\/\/paca.lpo.fr\/blogs\/nice\/files\/2019\/02\/blog5-700x506.jpg 700w, https:\/\/paca.lpo.fr\/blogs\/nice\/files\/2019\/02\/blog5.jpg 998w\" sizes=\"auto, (max-width: 960px) 100vw, 960px\" \/><figcaption>M\u00e9sange charbonni\u00e8re <\/figcaption><\/figure>\n\n\n\n<figure class=\"wp-block-image\"><img loading=\"lazy\" decoding=\"async\" width=\"960\" height=\"673\" src=\"https:\/\/paca.lpo.fr\/blogs\/nice\/files\/2019\/02\/blog1-960x673.jpg\" alt=\"\" class=\"wp-image-2528\" srcset=\"https:\/\/paca.lpo.fr\/blogs\/nice\/files\/2019\/02\/blog1-960x673.jpg 960w, https:\/\/paca.lpo.fr\/blogs\/nice\/files\/2019\/02\/blog1-480x336.jpg 480w, https:\/\/paca.lpo.fr\/blogs\/nice\/files\/2019\/02\/blog1-768x538.jpg 768w, https:\/\/paca.lpo.fr\/blogs\/nice\/files\/2019\/02\/blog1-700x491.jpg 700w, https:\/\/paca.lpo.fr\/blogs\/nice\/files\/2019\/02\/blog1.jpg 969w\" sizes=\"auto, (max-width: 960px) 100vw, 960px\" \/><figcaption>Moineau (hybride domestique x cisalpin)<\/figcaption><\/figure>\n\n\n","protected":false},"excerpt":{"rendered":"<p>Une sortie d&rsquo;observation des oiseaux d&rsquo;eau et autres passereaux a \u00e9t\u00e9 propos\u00e9e par Anne Falentin autour du village de l&rsquo;Escar\u00e8ne. Pr\u00e9vue initialement pour le 2 f\u00e9vrier cette balade a d\u00fb \u00eatre report\u00e9e au lundi 4 \u00e0 cause d&rsquo;une m\u00e9t\u00e9o d\u00e9favorable. S&rsquo;il y avait peu d&rsquo;oiseaux d&rsquo;eau sur le Paillon les passereaux \u00e9taient pr\u00e9sents, parfois cach\u00e9s [&hellip;]<\/p>\n","protected":false},"author":15,"featured_media":0,"comment_status":"open","ping_status":"open","sticky":false,"template":"","format":"standard","meta":{"footnotes":""},"categories":[1],"tags":[],"class_list":["post-2525","post","type-post","status-publish","format-standard","hentry","category-sorties-nature"],"yoast_head":"<!-- This site is optimized with the Yoast SEO plugin v28.3 - https:\/\/yoast.com\/product\/yoast-seo-wordpress\/ -->\n<title>Journ\u00e9e Mondiale des Zones Humides - Groupe local Nice<\/title>\n<meta name=\"robots\" content=\"index, follow, max-snippet:-1, max-image-preview:large, max-video-preview:-1\" \/>\n<link rel=\"canonical\" href=\"https:\/\/paca.lpo.fr\/blogs\/nice\/2019\/02\/07\/journee-mondiale-des-zones-humides-2\/\" \/>\n<meta property=\"og:locale\" content=\"fr_FR\" \/>\n<meta property=\"og:type\" content=\"article\" \/>\n<meta property=\"og:title\" content=\"Journ\u00e9e Mondiale des Zones Humides - Groupe local Nice\" \/>\n<meta property=\"og:description\" content=\"Une sortie d&rsquo;observation des oiseaux d&rsquo;eau et autres passereaux a \u00e9t\u00e9 propos\u00e9e par Anne Falentin autour du village de l&rsquo;Escar\u00e8ne. Pr\u00e9vue initialement pour le 2 f\u00e9vrier cette balade a d\u00fb \u00eatre report\u00e9e au lundi 4 \u00e0 cause d&rsquo;une m\u00e9t\u00e9o d\u00e9favorable. S&rsquo;il y avait peu d&rsquo;oiseaux d&rsquo;eau sur le Paillon les passereaux \u00e9taient pr\u00e9sents, parfois cach\u00e9s [&hellip;]\" \/>\n<meta property=\"og:url\" content=\"https:\/\/paca.lpo.fr\/blogs\/nice\/2019\/02\/07\/journee-mondiale-des-zones-humides-2\/\" \/>\n<meta property=\"og:site_name\" content=\"Groupe local Nice\" \/>\n<meta property=\"article:published_time\" content=\"2019-02-07T10:47:43+00:00\" \/>\n<meta property=\"article:modified_time\" content=\"2019-02-07T10:47:44+00:00\" \/>\n<meta property=\"og:image\" content=\"https:\/\/paca.lpo.fr\/blogs\/nice\/files\/2019\/02\/blog4-960x718.jpg\" \/>\n<meta name=\"author\" content=\"Groupe local Paillon-B\u00e9v\u00e9ra\" \/>\n<meta name=\"twitter:card\" content=\"summary_large_image\" \/>\n<meta name=\"twitter:label1\" content=\"\u00c9crit par\" \/>\n\t<meta name=\"twitter:data1\" content=\"Groupe local Paillon-B\u00e9v\u00e9ra\" \/>\n<script type=\"application\/ld+json\" class=\"yoast-schema-graph\">{\"@context\":\"https:\\\/\\\/schema.org\",\"@graph\":[{\"@type\":\"Article\",\"@id\":\"https:\\\/\\\/paca.lpo.fr\\\/blogs\\\/nice\\\/2019\\\/02\\\/07\\\/journee-mondiale-des-zones-humides-2\\\/#article\",\"isPartOf\":{\"@id\":\"https:\\\/\\\/paca.lpo.fr\\\/blogs\\\/nice\\\/2019\\\/02\\\/07\\\/journee-mondiale-des-zones-humides-2\\\/\"},\"author\":{\"name\":\"Groupe local Paillon-B\u00e9v\u00e9ra\",\"@id\":\"https:\\\/\\\/paca.lpo.fr\\\/blogs\\\/nice\\\/#\\\/schema\\\/person\\\/1bda33335fb71e0b3552487db26a4c56\"},\"headline\":\"Journ\u00e9e Mondiale des Zones Humides\",\"datePublished\":\"2019-02-07T10:47:43+00:00\",\"dateModified\":\"2019-02-07T10:47:44+00:00\",\"mainEntityOfPage\":{\"@id\":\"https:\\\/\\\/paca.lpo.fr\\\/blogs\\\/nice\\\/2019\\\/02\\\/07\\\/journee-mondiale-des-zones-humides-2\\\/\"},\"wordCount\":94,\"commentCount\":0,\"publisher\":{\"@id\":\"https:\\\/\\\/paca.lpo.fr\\\/blogs\\\/nice\\\/#organization\"},\"image\":{\"@id\":\"https:\\\/\\\/paca.lpo.fr\\\/blogs\\\/nice\\\/2019\\\/02\\\/07\\\/journee-mondiale-des-zones-humides-2\\\/#primaryimage\"},\"thumbnailUrl\":\"https:\\\/\\\/paca.lpo.fr\\\/blogs\\\/nice\\\/files\\\/2019\\\/02\\\/blog4-960x718.jpg\",\"articleSection\":[\"grands \u00e9v\u00e8nements\"],\"inLanguage\":\"fr-FR\",\"potentialAction\":[{\"@type\":\"CommentAction\",\"name\":\"Comment\",\"target\":[\"https:\\\/\\\/paca.lpo.fr\\\/blogs\\\/nice\\\/2019\\\/02\\\/07\\\/journee-mondiale-des-zones-humides-2\\\/#respond\"]}]},{\"@type\":\"WebPage\",\"@id\":\"https:\\\/\\\/paca.lpo.fr\\\/blogs\\\/nice\\\/2019\\\/02\\\/07\\\/journee-mondiale-des-zones-humides-2\\\/\",\"url\":\"https:\\\/\\\/paca.lpo.fr\\\/blogs\\\/nice\\\/2019\\\/02\\\/07\\\/journee-mondiale-des-zones-humides-2\\\/\",\"name\":\"Journ\u00e9e Mondiale des Zones Humides - Groupe local Nice\",\"isPartOf\":{\"@id\":\"https:\\\/\\\/paca.lpo.fr\\\/blogs\\\/nice\\\/#website\"},\"primaryImageOfPage\":{\"@id\":\"https:\\\/\\\/paca.lpo.fr\\\/blogs\\\/nice\\\/2019\\\/02\\\/07\\\/journee-mondiale-des-zones-humides-2\\\/#primaryimage\"},\"image\":{\"@id\":\"https:\\\/\\\/paca.lpo.fr\\\/blogs\\\/nice\\\/2019\\\/02\\\/07\\\/journee-mondiale-des-zones-humides-2\\\/#primaryimage\"},\"thumbnailUrl\":\"https:\\\/\\\/paca.lpo.fr\\\/blogs\\\/nice\\\/files\\\/2019\\\/02\\\/blog4-960x718.jpg\",\"datePublished\":\"2019-02-07T10:47:43+00:00\",\"dateModified\":\"2019-02-07T10:47:44+00:00\",\"breadcrumb\":{\"@id\":\"https:\\\/\\\/paca.lpo.fr\\\/blogs\\\/nice\\\/2019\\\/02\\\/07\\\/journee-mondiale-des-zones-humides-2\\\/#breadcrumb\"},\"inLanguage\":\"fr-FR\",\"potentialAction\":[{\"@type\":\"ReadAction\",\"target\":[\"https:\\\/\\\/paca.lpo.fr\\\/blogs\\\/nice\\\/2019\\\/02\\\/07\\\/journee-mondiale-des-zones-humides-2\\\/\"]}]},{\"@type\":\"ImageObject\",\"inLanguage\":\"fr-FR\",\"@id\":\"https:\\\/\\\/paca.lpo.fr\\\/blogs\\\/nice\\\/2019\\\/02\\\/07\\\/journee-mondiale-des-zones-humides-2\\\/#primaryimage\",\"url\":\"https:\\\/\\\/paca.lpo.fr\\\/blogs\\\/nice\\\/files\\\/2019\\\/02\\\/blog4.jpg\",\"contentUrl\":\"https:\\\/\\\/paca.lpo.fr\\\/blogs\\\/nice\\\/files\\\/2019\\\/02\\\/blog4.jpg\",\"width\":982,\"height\":734,\"caption\":\"dav\"},{\"@type\":\"BreadcrumbList\",\"@id\":\"https:\\\/\\\/paca.lpo.fr\\\/blogs\\\/nice\\\/2019\\\/02\\\/07\\\/journee-mondiale-des-zones-humides-2\\\/#breadcrumb\",\"itemListElement\":[{\"@type\":\"ListItem\",\"position\":1,\"name\":\"Accueil\",\"item\":\"https:\\\/\\\/paca.lpo.fr\\\/blogs\\\/nice\\\/\"},{\"@type\":\"ListItem\",\"position\":2,\"name\":\"Journ\u00e9e Mondiale des Zones Humides\"}]},{\"@type\":\"WebSite\",\"@id\":\"https:\\\/\\\/paca.lpo.fr\\\/blogs\\\/nice\\\/#website\",\"url\":\"https:\\\/\\\/paca.lpo.fr\\\/blogs\\\/nice\\\/\",\"name\":\"Groupe local Nice\",\"description\":\"Groupe local Nice\",\"publisher\":{\"@id\":\"https:\\\/\\\/paca.lpo.fr\\\/blogs\\\/nice\\\/#organization\"},\"potentialAction\":[{\"@type\":\"SearchAction\",\"target\":{\"@type\":\"EntryPoint\",\"urlTemplate\":\"https:\\\/\\\/paca.lpo.fr\\\/blogs\\\/nice\\\/?s={search_term_string}\"},\"query-input\":{\"@type\":\"PropertyValueSpecification\",\"valueRequired\":true,\"valueName\":\"search_term_string\"}}],\"inLanguage\":\"fr-FR\"},{\"@type\":\"Organization\",\"@id\":\"https:\\\/\\\/paca.lpo.fr\\\/blogs\\\/nice\\\/#organization\",\"name\":\"Groupe local Nice\",\"url\":\"https:\\\/\\\/paca.lpo.fr\\\/blogs\\\/nice\\\/\",\"logo\":{\"@type\":\"ImageObject\",\"inLanguage\":\"fr-FR\",\"@id\":\"https:\\\/\\\/paca.lpo.fr\\\/blogs\\\/nice\\\/#\\\/schema\\\/logo\\\/image\\\/\",\"url\":\"https:\\\/\\\/paca.lpo.fr\\\/blogs\\\/nice\\\/files\\\/2024\\\/01\\\/cropped-rvb-lpo-paca-logotype-signature-droite-mini-500.jpg\",\"contentUrl\":\"https:\\\/\\\/paca.lpo.fr\\\/blogs\\\/nice\\\/files\\\/2024\\\/01\\\/cropped-rvb-lpo-paca-logotype-signature-droite-mini-500.jpg\",\"width\":500,\"height\":210,\"caption\":\"Groupe local Nice\"},\"image\":{\"@id\":\"https:\\\/\\\/paca.lpo.fr\\\/blogs\\\/nice\\\/#\\\/schema\\\/logo\\\/image\\\/\"}},{\"@type\":\"Person\",\"@id\":\"https:\\\/\\\/paca.lpo.fr\\\/blogs\\\/nice\\\/#\\\/schema\\\/person\\\/1bda33335fb71e0b3552487db26a4c56\",\"name\":\"Groupe local Paillon-B\u00e9v\u00e9ra\",\"image\":{\"@type\":\"ImageObject\",\"inLanguage\":\"fr-FR\",\"@id\":\"https:\\\/\\\/secure.gravatar.com\\\/avatar\\\/b1ee285506e2cb880ec988990d360e255aecb31c77212741dace1023623610c2?s=96&d=mm&r=g\",\"url\":\"https:\\\/\\\/secure.gravatar.com\\\/avatar\\\/b1ee285506e2cb880ec988990d360e255aecb31c77212741dace1023623610c2?s=96&d=mm&r=g\",\"contentUrl\":\"https:\\\/\\\/secure.gravatar.com\\\/avatar\\\/b1ee285506e2cb880ec988990d360e255aecb31c77212741dace1023623610c2?s=96&d=mm&r=g\",\"caption\":\"Groupe local Paillon-B\u00e9v\u00e9ra\"},\"url\":\"https:\\\/\\\/paca.lpo.fr\\\/blogs\\\/nice\\\/author\\\/alpesmaritimesest\\\/\"}]}<\/script>\n<!-- \/ Yoast SEO plugin. -->","yoast_head_json":{"title":"Journ\u00e9e Mondiale des Zones Humides - Groupe local Nice","robots":{"index":"index","follow":"follow","max-snippet":"max-snippet:-1","max-image-preview":"max-image-preview:large","max-video-preview":"max-video-preview:-1"},"canonical":"https:\/\/paca.lpo.fr\/blogs\/nice\/2019\/02\/07\/journee-mondiale-des-zones-humides-2\/","og_locale":"fr_FR","og_type":"article","og_title":"Journ\u00e9e Mondiale des Zones Humides - Groupe local Nice","og_description":"Une sortie d&rsquo;observation des oiseaux d&rsquo;eau et autres passereaux a \u00e9t\u00e9 propos\u00e9e par Anne Falentin autour du village de l&rsquo;Escar\u00e8ne. Pr\u00e9vue initialement pour le 2 f\u00e9vrier cette balade a d\u00fb \u00eatre report\u00e9e au lundi 4 \u00e0 cause d&rsquo;une m\u00e9t\u00e9o d\u00e9favorable. S&rsquo;il y avait peu d&rsquo;oiseaux d&rsquo;eau sur le Paillon les passereaux \u00e9taient pr\u00e9sents, parfois cach\u00e9s [&hellip;]","og_url":"https:\/\/paca.lpo.fr\/blogs\/nice\/2019\/02\/07\/journee-mondiale-des-zones-humides-2\/","og_site_name":"Groupe local Nice","article_published_time":"2019-02-07T10:47:43+00:00","article_modified_time":"2019-02-07T10:47:44+00:00","og_image":[{"url":"https:\/\/paca.lpo.fr\/blogs\/nice\/files\/2019\/02\/blog4-960x718.jpg","type":"","width":"","height":""}],"author":"Groupe local Paillon-B\u00e9v\u00e9ra","twitter_card":"summary_large_image","twitter_misc":{"\u00c9crit par":"Groupe local Paillon-B\u00e9v\u00e9ra"},"schema":{"@context":"https:\/\/schema.org","@graph":[{"@type":"Article","@id":"https:\/\/paca.lpo.fr\/blogs\/nice\/2019\/02\/07\/journee-mondiale-des-zones-humides-2\/#article","isPartOf":{"@id":"https:\/\/paca.lpo.fr\/blogs\/nice\/2019\/02\/07\/journee-mondiale-des-zones-humides-2\/"},"author":{"name":"Groupe local Paillon-B\u00e9v\u00e9ra","@id":"https:\/\/paca.lpo.fr\/blogs\/nice\/#\/schema\/person\/1bda33335fb71e0b3552487db26a4c56"},"headline":"Journ\u00e9e Mondiale des Zones Humides","datePublished":"2019-02-07T10:47:43+00:00","dateModified":"2019-02-07T10:47:44+00:00","mainEntityOfPage":{"@id":"https:\/\/paca.lpo.fr\/blogs\/nice\/2019\/02\/07\/journee-mondiale-des-zones-humides-2\/"},"wordCount":94,"commentCount":0,"publisher":{"@id":"https:\/\/paca.lpo.fr\/blogs\/nice\/#organization"},"image":{"@id":"https:\/\/paca.lpo.fr\/blogs\/nice\/2019\/02\/07\/journee-mondiale-des-zones-humides-2\/#primaryimage"},"thumbnailUrl":"https:\/\/paca.lpo.fr\/blogs\/nice\/files\/2019\/02\/blog4-960x718.jpg","articleSection":["grands \u00e9v\u00e8nements"],"inLanguage":"fr-FR","potentialAction":[{"@type":"CommentAction","name":"Comment","target":["https:\/\/paca.lpo.fr\/blogs\/nice\/2019\/02\/07\/journee-mondiale-des-zones-humides-2\/#respond"]}]},{"@type":"WebPage","@id":"https:\/\/paca.lpo.fr\/blogs\/nice\/2019\/02\/07\/journee-mondiale-des-zones-humides-2\/","url":"https:\/\/paca.lpo.fr\/blogs\/nice\/2019\/02\/07\/journee-mondiale-des-zones-humides-2\/","name":"Journ\u00e9e Mondiale des Zones Humides - Groupe local Nice","isPartOf":{"@id":"https:\/\/paca.lpo.fr\/blogs\/nice\/#website"},"primaryImageOfPage":{"@id":"https:\/\/paca.lpo.fr\/blogs\/nice\/2019\/02\/07\/journee-mondiale-des-zones-humides-2\/#primaryimage"},"image":{"@id":"https:\/\/paca.lpo.fr\/blogs\/nice\/2019\/02\/07\/journee-mondiale-des-zones-humides-2\/#primaryimage"},"thumbnailUrl":"https:\/\/paca.lpo.fr\/blogs\/nice\/files\/2019\/02\/blog4-960x718.jpg","datePublished":"2019-02-07T10:47:43+00:00","dateModified":"2019-02-07T10:47:44+00:00","breadcrumb":{"@id":"https:\/\/paca.lpo.fr\/blogs\/nice\/2019\/02\/07\/journee-mondiale-des-zones-humides-2\/#breadcrumb"},"inLanguage":"fr-FR","potentialAction":[{"@type":"ReadAction","target":["https:\/\/paca.lpo.fr\/blogs\/nice\/2019\/02\/07\/journee-mondiale-des-zones-humides-2\/"]}]},{"@type":"ImageObject","inLanguage":"fr-FR","@id":"https:\/\/paca.lpo.fr\/blogs\/nice\/2019\/02\/07\/journee-mondiale-des-zones-humides-2\/#primaryimage","url":"https:\/\/paca.lpo.fr\/blogs\/nice\/files\/2019\/02\/blog4.jpg","contentUrl":"https:\/\/paca.lpo.fr\/blogs\/nice\/files\/2019\/02\/blog4.jpg","width":982,"height":734,"caption":"dav"},{"@type":"BreadcrumbList","@id":"https:\/\/paca.lpo.fr\/blogs\/nice\/2019\/02\/07\/journee-mondiale-des-zones-humides-2\/#breadcrumb","itemListElement":[{"@type":"ListItem","position":1,"name":"Accueil","item":"https:\/\/paca.lpo.fr\/blogs\/nice\/"},{"@type":"ListItem","position":2,"name":"Journ\u00e9e Mondiale des Zones Humides"}]},{"@type":"WebSite","@id":"https:\/\/paca.lpo.fr\/blogs\/nice\/#website","url":"https:\/\/paca.lpo.fr\/blogs\/nice\/","name":"Groupe local Nice","description":"Groupe local Nice","publisher":{"@id":"https:\/\/paca.lpo.fr\/blogs\/nice\/#organization"},"potentialAction":[{"@type":"SearchAction","target":{"@type":"EntryPoint","urlTemplate":"https:\/\/paca.lpo.fr\/blogs\/nice\/?s={search_term_string}"},"query-input":{"@type":"PropertyValueSpecification","valueRequired":true,"valueName":"search_term_string"}}],"inLanguage":"fr-FR"},{"@type":"Organization","@id":"https:\/\/paca.lpo.fr\/blogs\/nice\/#organization","name":"Groupe local Nice","url":"https:\/\/paca.lpo.fr\/blogs\/nice\/","logo":{"@type":"ImageObject","inLanguage":"fr-FR","@id":"https:\/\/paca.lpo.fr\/blogs\/nice\/#\/schema\/logo\/image\/","url":"https:\/\/paca.lpo.fr\/blogs\/nice\/files\/2024\/01\/cropped-rvb-lpo-paca-logotype-signature-droite-mini-500.jpg","contentUrl":"https:\/\/paca.lpo.fr\/blogs\/nice\/files\/2024\/01\/cropped-rvb-lpo-paca-logotype-signature-droite-mini-500.jpg","width":500,"height":210,"caption":"Groupe local Nice"},"image":{"@id":"https:\/\/paca.lpo.fr\/blogs\/nice\/#\/schema\/logo\/image\/"}},{"@type":"Person","@id":"https:\/\/paca.lpo.fr\/blogs\/nice\/#\/schema\/person\/1bda33335fb71e0b3552487db26a4c56","name":"Groupe local Paillon-B\u00e9v\u00e9ra","image":{"@type":"ImageObject","inLanguage":"fr-FR","@id":"https:\/\/secure.gravatar.com\/avatar\/b1ee285506e2cb880ec988990d360e255aecb31c77212741dace1023623610c2?s=96&d=mm&r=g","url":"https:\/\/secure.gravatar.com\/avatar\/b1ee285506e2cb880ec988990d360e255aecb31c77212741dace1023623610c2?s=96&d=mm&r=g","contentUrl":"https:\/\/secure.gravatar.com\/avatar\/b1ee285506e2cb880ec988990d360e255aecb31c77212741dace1023623610c2?s=96&d=mm&r=g","caption":"Groupe local Paillon-B\u00e9v\u00e9ra"},"url":"https:\/\/paca.lpo.fr\/blogs\/nice\/author\/alpesmaritimesest\/"}]}},"jetpack_featured_media_url":"","_links":{"self":[{"href":"https:\/\/paca.lpo.fr\/blogs\/nice\/wp-json\/wp\/v2\/posts\/2525","targetHints":{"allow":["GET"]}}],"collection":[{"href":"https:\/\/paca.lpo.fr\/blogs\/nice\/wp-json\/wp\/v2\/posts"}],"about":[{"href":"https:\/\/paca.lpo.fr\/blogs\/nice\/wp-json\/wp\/v2\/types\/post"}],"author":[{"embeddable":true,"href":"https:\/\/paca.lpo.fr\/blogs\/nice\/wp-json\/wp\/v2\/users\/15"}],"replies":[{"embeddable":true,"href":"https:\/\/paca.lpo.fr\/blogs\/nice\/wp-json\/wp\/v2\/comments?post=2525"}],"version-history":[{"count":2,"href":"https:\/\/paca.lpo.fr\/blogs\/nice\/wp-json\/wp\/v2\/posts\/2525\/revisions"}],"predecessor-version":[{"id":2530,"href":"https:\/\/paca.lpo.fr\/blogs\/nice\/wp-json\/wp\/v2\/posts\/2525\/revisions\/2530"}],"wp:attachment":[{"href":"https:\/\/paca.lpo.fr\/blogs\/nice\/wp-json\/wp\/v2\/media?parent=2525"}],"wp:term":[{"taxonomy":"category","embeddable":true,"href":"https:\/\/paca.lpo.fr\/blogs\/nice\/wp-json\/wp\/v2\/categories?post=2525"},{"taxonomy":"post_tag","embeddable":true,"href":"https:\/\/paca.lpo.fr\/blogs\/nice\/wp-json\/wp\/v2\/tags?post=2525"}],"curies":[{"name":"wp","href":"https:\/\/api.w.org\/{rel}","templated":true}]}}