{"id":2550,"date":"2019-02-07T13:53:10","date_gmt":"2019-02-07T12:53:10","guid":{"rendered":"https:\/\/paca.lpo.fr\/blogs\/nice\/?p=2550"},"modified":"2019-03-01T10:46:37","modified_gmt":"2019-03-01T09:46:37","slug":"le-centre-de-sauvegarde-de-la-faune-sauvage-de-la-region-paca-ferme-ses-portes-en-fevrier-2019","status":"publish","type":"post","link":"https:\/\/paca.lpo.fr\/blogs\/nice\/2019\/02\/07\/le-centre-de-sauvegarde-de-la-faune-sauvage-de-la-region-paca-ferme-ses-portes-en-fevrier-2019\/","title":{"rendered":"La faune sauvage ne pourra plus \u00eatre secourue en r\u00e9gion Provence-Alpes-C\u00f4te d&rsquo;Azur"},"content":{"rendered":"\n<p class=\"has-text-color has-background has-vivid-red-color has-cyan-bluish-gray-background-color wp-block-paragraph\"><strong>Sans financement de l\u2019\u00c9tat, le centre de sauvegarde de la faune sauvage de la r\u00e9gion PACA &nbsp;ferme ses portes&nbsp;en&nbsp;f\u00e9vrier&nbsp;2019<\/strong> <\/p>\n\n\n\n<p class=\"wp-block-paragraph\">Ce centre bas\u00e9 \u00e0 Buoux dans le Vaucluse accueillait chaque ann\u00e9e pr\u00e8s de 1500 oiseaux et des petits mammif\u00e8res, tels que les \u00e9cureuils et les h\u00e9rissons. Il ferme ces portes en f\u00e9vrier. Apr\u00e8s plus de 20 ans d\u2019existence, ce centre de sauvegarde avait permis \u00e0 une dizaine de milliers d\u2019animaux sauvages impact\u00e9s par les activit\u00e9s humaines de retrouver la nature. Malgr\u00e9 le d\u00e9vouement continu de centaines de personnes, cette aventure humaine et \u00e9cologique s\u2019arr\u00eate.<\/p>\n\n\n\n<p class=\"wp-block-paragraph\">Les dirigeants de la LPO regrettent le\nmanque d\u2019empathie pour la faune sauvage en g\u00e9n\u00e9ral dans les plans strat\u00e9giques\npour la biodiversit\u00e9 et le manque de consid\u00e9ration \u00e0 l\u2019\u00e9gard des animaux en\nd\u00e9tresse qui sont impact\u00e9s par les activit\u00e9s humaines : les collisions avec les\nv\u00e9hicules ou les baies vitr\u00e9es, les d\u00e9nichages, les empoisonnements, les tirs\nill\u00e9gaux, etc.<\/p>\n\n\n\n<p class=\"wp-block-paragraph\">La faune sauvage est sous la responsabilit\u00e9 des pouvoirs publics.<br>Il appartiendra donc maintenant aux pr\u00e9fets des d\u00e9partements, \u00e0 l\u2019agence fran\u00e7aise de la biodiversit\u00e9 ainsi qu\u2019\u00e0 l\u2019Office national de la chasse et de la faune sauvage de r\u00e9ceptionner les appels, de prendre en charge l\u2019acheminement et d\u2019assurer les soins des animaux sauvages impact\u00e9s par les activit\u00e9s humaines.<\/p>\n\n\n\n<figure class=\"wp-block-image\"><img decoding=\"async\" src=\"https:\/\/paca.lpo.fr\/blogs\/nice\/files\/2019\/02\/image.png\" alt=\"L\u2019attribut alt de cette image est vide, son nom de fichier est image.png.\"\/><\/figure>\n\n\n\n<figure class=\"wp-block-image\"><img loading=\"lazy\" decoding=\"async\" width=\"960\" height=\"608\" src=\"https:\/\/paca.lpo.fr\/blogs\/nice\/files\/2019\/02\/etude-ecureuilroux-lea-arnoldi-crsfs-7-copie-960x608.jpg\" alt=\"\" class=\"wp-image-2543\" srcset=\"https:\/\/paca.lpo.fr\/blogs\/nice\/files\/2019\/02\/etude-ecureuilroux-lea-arnoldi-crsfs-7-copie-960x608.jpg 960w, https:\/\/paca.lpo.fr\/blogs\/nice\/files\/2019\/02\/etude-ecureuilroux-lea-arnoldi-crsfs-7-copie-480x304.jpg 480w, https:\/\/paca.lpo.fr\/blogs\/nice\/files\/2019\/02\/etude-ecureuilroux-lea-arnoldi-crsfs-7-copie-768x486.jpg 768w, https:\/\/paca.lpo.fr\/blogs\/nice\/files\/2019\/02\/etude-ecureuilroux-lea-arnoldi-crsfs-7-copie-700x443.jpg 700w, https:\/\/paca.lpo.fr\/blogs\/nice\/files\/2019\/02\/etude-ecureuilroux-lea-arnoldi-crsfs-7-copie.jpg 982w\" sizes=\"auto, (max-width: 960px) 100vw, 960px\" \/><figcaption>Ecureuil en soins au CRSFS (c) L\u00e9a Arnoldi CRSFS<\/figcaption><\/figure>\n\n\n\n<p class=\"wp-block-paragraph\"><br><\/p>\n\n\n\n<p class=\"wp-block-paragraph\"><br><\/p>\n","protected":false},"excerpt":{"rendered":"<p>Sans financement de l\u2019\u00c9tat, le centre de sauvegarde de la faune sauvage de la r\u00e9gion PACA &nbsp;ferme ses portes&nbsp;en&nbsp;f\u00e9vrier&nbsp;2019 Ce centre bas\u00e9 \u00e0 Buoux dans le Vaucluse accueillait chaque ann\u00e9e pr\u00e8s de 1500 oiseaux et des petits mammif\u00e8res, tels que les \u00e9cureuils et les h\u00e9rissons. Il ferme ces portes en f\u00e9vrier. Apr\u00e8s plus de 20 [&hellip;]<\/p>\n","protected":false},"author":15,"featured_media":2543,"comment_status":"open","ping_status":"open","sticky":false,"template":"","format":"standard","meta":{"footnotes":""},"categories":[1,78],"tags":[],"class_list":["post-2550","post","type-post","status-publish","format-standard","has-post-thumbnail","hentry","category-sorties-nature","category-protection-de-la-biodiversite"],"yoast_head":"<!-- This site is optimized with the Yoast SEO plugin v28.3 - https:\/\/yoast.com\/product\/yoast-seo-wordpress\/ -->\n<title>La faune sauvage ne pourra plus \u00eatre secourue en r\u00e9gion Provence-Alpes-C\u00f4te d&#039;Azur - Groupe local Nice<\/title>\n<meta name=\"robots\" content=\"index, follow, max-snippet:-1, max-image-preview:large, max-video-preview:-1\" \/>\n<link rel=\"canonical\" href=\"https:\/\/paca.lpo.fr\/blogs\/nice\/2019\/02\/07\/le-centre-de-sauvegarde-de-la-faune-sauvage-de-la-region-paca-ferme-ses-portes-en-fevrier-2019\/\" \/>\n<meta property=\"og:locale\" content=\"fr_FR\" \/>\n<meta property=\"og:type\" content=\"article\" \/>\n<meta property=\"og:title\" content=\"La faune sauvage ne pourra plus \u00eatre secourue en r\u00e9gion Provence-Alpes-C\u00f4te d&#039;Azur - Groupe local Nice\" \/>\n<meta property=\"og:description\" content=\"Sans financement de l\u2019\u00c9tat, le centre de sauvegarde de la faune sauvage de la r\u00e9gion PACA &nbsp;ferme ses portes&nbsp;en&nbsp;f\u00e9vrier&nbsp;2019 Ce centre bas\u00e9 \u00e0 Buoux dans le Vaucluse accueillait chaque ann\u00e9e pr\u00e8s de 1500 oiseaux et des petits mammif\u00e8res, tels que les \u00e9cureuils et les h\u00e9rissons. Il ferme ces portes en f\u00e9vrier. Apr\u00e8s plus de 20 [&hellip;]\" \/>\n<meta property=\"og:url\" content=\"https:\/\/paca.lpo.fr\/blogs\/nice\/2019\/02\/07\/le-centre-de-sauvegarde-de-la-faune-sauvage-de-la-region-paca-ferme-ses-portes-en-fevrier-2019\/\" \/>\n<meta property=\"og:site_name\" content=\"Groupe local Nice\" \/>\n<meta property=\"article:published_time\" content=\"2019-02-07T12:53:10+00:00\" \/>\n<meta property=\"article:modified_time\" content=\"2019-03-01T09:46:37+00:00\" \/>\n<meta property=\"og:image\" content=\"https:\/\/paca.lpo.fr\/blogs\/nice\/files\/2019\/02\/etude-ecureuilroux-lea-arnoldi-crsfs-7-copie.jpg\" \/>\n\t<meta property=\"og:image:width\" content=\"982\" \/>\n\t<meta property=\"og:image:height\" content=\"622\" \/>\n\t<meta property=\"og:image:type\" content=\"image\/jpeg\" \/>\n<meta name=\"author\" content=\"Groupe local Paillon-B\u00e9v\u00e9ra\" \/>\n<meta name=\"twitter:card\" content=\"summary_large_image\" \/>\n<meta name=\"twitter:label1\" content=\"\u00c9crit par\" \/>\n\t<meta name=\"twitter:data1\" content=\"Groupe local Paillon-B\u00e9v\u00e9ra\" \/>\n\t<meta name=\"twitter:label2\" content=\"Dur\u00e9e de lecture estim\u00e9e\" \/>\n\t<meta name=\"twitter:data2\" content=\"1 minute\" \/>\n<script type=\"application\/ld+json\" class=\"yoast-schema-graph\">{\"@context\":\"https:\\\/\\\/schema.org\",\"@graph\":[{\"@type\":\"Article\",\"@id\":\"https:\\\/\\\/paca.lpo.fr\\\/blogs\\\/nice\\\/2019\\\/02\\\/07\\\/le-centre-de-sauvegarde-de-la-faune-sauvage-de-la-region-paca-ferme-ses-portes-en-fevrier-2019\\\/#article\",\"isPartOf\":{\"@id\":\"https:\\\/\\\/paca.lpo.fr\\\/blogs\\\/nice\\\/2019\\\/02\\\/07\\\/le-centre-de-sauvegarde-de-la-faune-sauvage-de-la-region-paca-ferme-ses-portes-en-fevrier-2019\\\/\"},\"author\":{\"name\":\"Groupe local Paillon-B\u00e9v\u00e9ra\",\"@id\":\"https:\\\/\\\/paca.lpo.fr\\\/blogs\\\/nice\\\/#\\\/schema\\\/person\\\/1bda33335fb71e0b3552487db26a4c56\"},\"headline\":\"La faune sauvage ne pourra plus \u00eatre secourue en r\u00e9gion Provence-Alpes-C\u00f4te d&rsquo;Azur\",\"datePublished\":\"2019-02-07T12:53:10+00:00\",\"dateModified\":\"2019-03-01T09:46:37+00:00\",\"mainEntityOfPage\":{\"@id\":\"https:\\\/\\\/paca.lpo.fr\\\/blogs\\\/nice\\\/2019\\\/02\\\/07\\\/le-centre-de-sauvegarde-de-la-faune-sauvage-de-la-region-paca-ferme-ses-portes-en-fevrier-2019\\\/\"},\"wordCount\":271,\"commentCount\":1,\"publisher\":{\"@id\":\"https:\\\/\\\/paca.lpo.fr\\\/blogs\\\/nice\\\/#organization\"},\"image\":{\"@id\":\"https:\\\/\\\/paca.lpo.fr\\\/blogs\\\/nice\\\/2019\\\/02\\\/07\\\/le-centre-de-sauvegarde-de-la-faune-sauvage-de-la-region-paca-ferme-ses-portes-en-fevrier-2019\\\/#primaryimage\"},\"thumbnailUrl\":\"https:\\\/\\\/paca.lpo.fr\\\/blogs\\\/nice\\\/files\\\/2019\\\/02\\\/etude-ecureuilroux-lea-arnoldi-crsfs-7-copie.jpg\",\"articleSection\":[\"grands \u00e9v\u00e8nements\",\"Protection de la biodiversit\u00e9\"],\"inLanguage\":\"fr-FR\",\"potentialAction\":[{\"@type\":\"CommentAction\",\"name\":\"Comment\",\"target\":[\"https:\\\/\\\/paca.lpo.fr\\\/blogs\\\/nice\\\/2019\\\/02\\\/07\\\/le-centre-de-sauvegarde-de-la-faune-sauvage-de-la-region-paca-ferme-ses-portes-en-fevrier-2019\\\/#respond\"]}]},{\"@type\":\"WebPage\",\"@id\":\"https:\\\/\\\/paca.lpo.fr\\\/blogs\\\/nice\\\/2019\\\/02\\\/07\\\/le-centre-de-sauvegarde-de-la-faune-sauvage-de-la-region-paca-ferme-ses-portes-en-fevrier-2019\\\/\",\"url\":\"https:\\\/\\\/paca.lpo.fr\\\/blogs\\\/nice\\\/2019\\\/02\\\/07\\\/le-centre-de-sauvegarde-de-la-faune-sauvage-de-la-region-paca-ferme-ses-portes-en-fevrier-2019\\\/\",\"name\":\"La faune sauvage ne pourra plus \u00eatre secourue en r\u00e9gion Provence-Alpes-C\u00f4te d'Azur - Groupe local Nice\",\"isPartOf\":{\"@id\":\"https:\\\/\\\/paca.lpo.fr\\\/blogs\\\/nice\\\/#website\"},\"primaryImageOfPage\":{\"@id\":\"https:\\\/\\\/paca.lpo.fr\\\/blogs\\\/nice\\\/2019\\\/02\\\/07\\\/le-centre-de-sauvegarde-de-la-faune-sauvage-de-la-region-paca-ferme-ses-portes-en-fevrier-2019\\\/#primaryimage\"},\"image\":{\"@id\":\"https:\\\/\\\/paca.lpo.fr\\\/blogs\\\/nice\\\/2019\\\/02\\\/07\\\/le-centre-de-sauvegarde-de-la-faune-sauvage-de-la-region-paca-ferme-ses-portes-en-fevrier-2019\\\/#primaryimage\"},\"thumbnailUrl\":\"https:\\\/\\\/paca.lpo.fr\\\/blogs\\\/nice\\\/files\\\/2019\\\/02\\\/etude-ecureuilroux-lea-arnoldi-crsfs-7-copie.jpg\",\"datePublished\":\"2019-02-07T12:53:10+00:00\",\"dateModified\":\"2019-03-01T09:46:37+00:00\",\"breadcrumb\":{\"@id\":\"https:\\\/\\\/paca.lpo.fr\\\/blogs\\\/nice\\\/2019\\\/02\\\/07\\\/le-centre-de-sauvegarde-de-la-faune-sauvage-de-la-region-paca-ferme-ses-portes-en-fevrier-2019\\\/#breadcrumb\"},\"inLanguage\":\"fr-FR\",\"potentialAction\":[{\"@type\":\"ReadAction\",\"target\":[\"https:\\\/\\\/paca.lpo.fr\\\/blogs\\\/nice\\\/2019\\\/02\\\/07\\\/le-centre-de-sauvegarde-de-la-faune-sauvage-de-la-region-paca-ferme-ses-portes-en-fevrier-2019\\\/\"]}]},{\"@type\":\"ImageObject\",\"inLanguage\":\"fr-FR\",\"@id\":\"https:\\\/\\\/paca.lpo.fr\\\/blogs\\\/nice\\\/2019\\\/02\\\/07\\\/le-centre-de-sauvegarde-de-la-faune-sauvage-de-la-region-paca-ferme-ses-portes-en-fevrier-2019\\\/#primaryimage\",\"url\":\"https:\\\/\\\/paca.lpo.fr\\\/blogs\\\/nice\\\/files\\\/2019\\\/02\\\/etude-ecureuilroux-lea-arnoldi-crsfs-7-copie.jpg\",\"contentUrl\":\"https:\\\/\\\/paca.lpo.fr\\\/blogs\\\/nice\\\/files\\\/2019\\\/02\\\/etude-ecureuilroux-lea-arnoldi-crsfs-7-copie.jpg\",\"width\":982,\"height\":622},{\"@type\":\"BreadcrumbList\",\"@id\":\"https:\\\/\\\/paca.lpo.fr\\\/blogs\\\/nice\\\/2019\\\/02\\\/07\\\/le-centre-de-sauvegarde-de-la-faune-sauvage-de-la-region-paca-ferme-ses-portes-en-fevrier-2019\\\/#breadcrumb\",\"itemListElement\":[{\"@type\":\"ListItem\",\"position\":1,\"name\":\"Accueil\",\"item\":\"https:\\\/\\\/paca.lpo.fr\\\/blogs\\\/nice\\\/\"},{\"@type\":\"ListItem\",\"position\":2,\"name\":\"La faune sauvage ne pourra plus \u00eatre secourue en r\u00e9gion Provence-Alpes-C\u00f4te d&rsquo;Azur\"}]},{\"@type\":\"WebSite\",\"@id\":\"https:\\\/\\\/paca.lpo.fr\\\/blogs\\\/nice\\\/#website\",\"url\":\"https:\\\/\\\/paca.lpo.fr\\\/blogs\\\/nice\\\/\",\"name\":\"Groupe local Nice\",\"description\":\"Groupe local Nice\",\"publisher\":{\"@id\":\"https:\\\/\\\/paca.lpo.fr\\\/blogs\\\/nice\\\/#organization\"},\"potentialAction\":[{\"@type\":\"SearchAction\",\"target\":{\"@type\":\"EntryPoint\",\"urlTemplate\":\"https:\\\/\\\/paca.lpo.fr\\\/blogs\\\/nice\\\/?s={search_term_string}\"},\"query-input\":{\"@type\":\"PropertyValueSpecification\",\"valueRequired\":true,\"valueName\":\"search_term_string\"}}],\"inLanguage\":\"fr-FR\"},{\"@type\":\"Organization\",\"@id\":\"https:\\\/\\\/paca.lpo.fr\\\/blogs\\\/nice\\\/#organization\",\"name\":\"Groupe local Nice\",\"url\":\"https:\\\/\\\/paca.lpo.fr\\\/blogs\\\/nice\\\/\",\"logo\":{\"@type\":\"ImageObject\",\"inLanguage\":\"fr-FR\",\"@id\":\"https:\\\/\\\/paca.lpo.fr\\\/blogs\\\/nice\\\/#\\\/schema\\\/logo\\\/image\\\/\",\"url\":\"https:\\\/\\\/paca.lpo.fr\\\/blogs\\\/nice\\\/files\\\/2024\\\/01\\\/cropped-rvb-lpo-paca-logotype-signature-droite-mini-500.jpg\",\"contentUrl\":\"https:\\\/\\\/paca.lpo.fr\\\/blogs\\\/nice\\\/files\\\/2024\\\/01\\\/cropped-rvb-lpo-paca-logotype-signature-droite-mini-500.jpg\",\"width\":500,\"height\":210,\"caption\":\"Groupe local Nice\"},\"image\":{\"@id\":\"https:\\\/\\\/paca.lpo.fr\\\/blogs\\\/nice\\\/#\\\/schema\\\/logo\\\/image\\\/\"}},{\"@type\":\"Person\",\"@id\":\"https:\\\/\\\/paca.lpo.fr\\\/blogs\\\/nice\\\/#\\\/schema\\\/person\\\/1bda33335fb71e0b3552487db26a4c56\",\"name\":\"Groupe local Paillon-B\u00e9v\u00e9ra\",\"image\":{\"@type\":\"ImageObject\",\"inLanguage\":\"fr-FR\",\"@id\":\"https:\\\/\\\/secure.gravatar.com\\\/avatar\\\/b1ee285506e2cb880ec988990d360e255aecb31c77212741dace1023623610c2?s=96&d=mm&r=g\",\"url\":\"https:\\\/\\\/secure.gravatar.com\\\/avatar\\\/b1ee285506e2cb880ec988990d360e255aecb31c77212741dace1023623610c2?s=96&d=mm&r=g\",\"contentUrl\":\"https:\\\/\\\/secure.gravatar.com\\\/avatar\\\/b1ee285506e2cb880ec988990d360e255aecb31c77212741dace1023623610c2?s=96&d=mm&r=g\",\"caption\":\"Groupe local Paillon-B\u00e9v\u00e9ra\"},\"url\":\"https:\\\/\\\/paca.lpo.fr\\\/blogs\\\/nice\\\/author\\\/alpesmaritimesest\\\/\"}]}<\/script>\n<!-- \/ Yoast SEO plugin. -->","yoast_head_json":{"title":"La faune sauvage ne pourra plus \u00eatre secourue en r\u00e9gion Provence-Alpes-C\u00f4te d'Azur - Groupe local Nice","robots":{"index":"index","follow":"follow","max-snippet":"max-snippet:-1","max-image-preview":"max-image-preview:large","max-video-preview":"max-video-preview:-1"},"canonical":"https:\/\/paca.lpo.fr\/blogs\/nice\/2019\/02\/07\/le-centre-de-sauvegarde-de-la-faune-sauvage-de-la-region-paca-ferme-ses-portes-en-fevrier-2019\/","og_locale":"fr_FR","og_type":"article","og_title":"La faune sauvage ne pourra plus \u00eatre secourue en r\u00e9gion Provence-Alpes-C\u00f4te d'Azur - Groupe local Nice","og_description":"Sans financement de l\u2019\u00c9tat, le centre de sauvegarde de la faune sauvage de la r\u00e9gion PACA &nbsp;ferme ses portes&nbsp;en&nbsp;f\u00e9vrier&nbsp;2019 Ce centre bas\u00e9 \u00e0 Buoux dans le Vaucluse accueillait chaque ann\u00e9e pr\u00e8s de 1500 oiseaux et des petits mammif\u00e8res, tels que les \u00e9cureuils et les h\u00e9rissons. Il ferme ces portes en f\u00e9vrier. Apr\u00e8s plus de 20 [&hellip;]","og_url":"https:\/\/paca.lpo.fr\/blogs\/nice\/2019\/02\/07\/le-centre-de-sauvegarde-de-la-faune-sauvage-de-la-region-paca-ferme-ses-portes-en-fevrier-2019\/","og_site_name":"Groupe local Nice","article_published_time":"2019-02-07T12:53:10+00:00","article_modified_time":"2019-03-01T09:46:37+00:00","og_image":[{"width":982,"height":622,"url":"https:\/\/paca.lpo.fr\/blogs\/nice\/files\/2019\/02\/etude-ecureuilroux-lea-arnoldi-crsfs-7-copie.jpg","type":"image\/jpeg"}],"author":"Groupe local Paillon-B\u00e9v\u00e9ra","twitter_card":"summary_large_image","twitter_misc":{"\u00c9crit par":"Groupe local Paillon-B\u00e9v\u00e9ra","Dur\u00e9e de lecture estim\u00e9e":"1 minute"},"schema":{"@context":"https:\/\/schema.org","@graph":[{"@type":"Article","@id":"https:\/\/paca.lpo.fr\/blogs\/nice\/2019\/02\/07\/le-centre-de-sauvegarde-de-la-faune-sauvage-de-la-region-paca-ferme-ses-portes-en-fevrier-2019\/#article","isPartOf":{"@id":"https:\/\/paca.lpo.fr\/blogs\/nice\/2019\/02\/07\/le-centre-de-sauvegarde-de-la-faune-sauvage-de-la-region-paca-ferme-ses-portes-en-fevrier-2019\/"},"author":{"name":"Groupe local Paillon-B\u00e9v\u00e9ra","@id":"https:\/\/paca.lpo.fr\/blogs\/nice\/#\/schema\/person\/1bda33335fb71e0b3552487db26a4c56"},"headline":"La faune sauvage ne pourra plus \u00eatre secourue en r\u00e9gion Provence-Alpes-C\u00f4te d&rsquo;Azur","datePublished":"2019-02-07T12:53:10+00:00","dateModified":"2019-03-01T09:46:37+00:00","mainEntityOfPage":{"@id":"https:\/\/paca.lpo.fr\/blogs\/nice\/2019\/02\/07\/le-centre-de-sauvegarde-de-la-faune-sauvage-de-la-region-paca-ferme-ses-portes-en-fevrier-2019\/"},"wordCount":271,"commentCount":1,"publisher":{"@id":"https:\/\/paca.lpo.fr\/blogs\/nice\/#organization"},"image":{"@id":"https:\/\/paca.lpo.fr\/blogs\/nice\/2019\/02\/07\/le-centre-de-sauvegarde-de-la-faune-sauvage-de-la-region-paca-ferme-ses-portes-en-fevrier-2019\/#primaryimage"},"thumbnailUrl":"https:\/\/paca.lpo.fr\/blogs\/nice\/files\/2019\/02\/etude-ecureuilroux-lea-arnoldi-crsfs-7-copie.jpg","articleSection":["grands \u00e9v\u00e8nements","Protection de la biodiversit\u00e9"],"inLanguage":"fr-FR","potentialAction":[{"@type":"CommentAction","name":"Comment","target":["https:\/\/paca.lpo.fr\/blogs\/nice\/2019\/02\/07\/le-centre-de-sauvegarde-de-la-faune-sauvage-de-la-region-paca-ferme-ses-portes-en-fevrier-2019\/#respond"]}]},{"@type":"WebPage","@id":"https:\/\/paca.lpo.fr\/blogs\/nice\/2019\/02\/07\/le-centre-de-sauvegarde-de-la-faune-sauvage-de-la-region-paca-ferme-ses-portes-en-fevrier-2019\/","url":"https:\/\/paca.lpo.fr\/blogs\/nice\/2019\/02\/07\/le-centre-de-sauvegarde-de-la-faune-sauvage-de-la-region-paca-ferme-ses-portes-en-fevrier-2019\/","name":"La faune sauvage ne pourra plus \u00eatre secourue en r\u00e9gion Provence-Alpes-C\u00f4te d'Azur - Groupe local Nice","isPartOf":{"@id":"https:\/\/paca.lpo.fr\/blogs\/nice\/#website"},"primaryImageOfPage":{"@id":"https:\/\/paca.lpo.fr\/blogs\/nice\/2019\/02\/07\/le-centre-de-sauvegarde-de-la-faune-sauvage-de-la-region-paca-ferme-ses-portes-en-fevrier-2019\/#primaryimage"},"image":{"@id":"https:\/\/paca.lpo.fr\/blogs\/nice\/2019\/02\/07\/le-centre-de-sauvegarde-de-la-faune-sauvage-de-la-region-paca-ferme-ses-portes-en-fevrier-2019\/#primaryimage"},"thumbnailUrl":"https:\/\/paca.lpo.fr\/blogs\/nice\/files\/2019\/02\/etude-ecureuilroux-lea-arnoldi-crsfs-7-copie.jpg","datePublished":"2019-02-07T12:53:10+00:00","dateModified":"2019-03-01T09:46:37+00:00","breadcrumb":{"@id":"https:\/\/paca.lpo.fr\/blogs\/nice\/2019\/02\/07\/le-centre-de-sauvegarde-de-la-faune-sauvage-de-la-region-paca-ferme-ses-portes-en-fevrier-2019\/#breadcrumb"},"inLanguage":"fr-FR","potentialAction":[{"@type":"ReadAction","target":["https:\/\/paca.lpo.fr\/blogs\/nice\/2019\/02\/07\/le-centre-de-sauvegarde-de-la-faune-sauvage-de-la-region-paca-ferme-ses-portes-en-fevrier-2019\/"]}]},{"@type":"ImageObject","inLanguage":"fr-FR","@id":"https:\/\/paca.lpo.fr\/blogs\/nice\/2019\/02\/07\/le-centre-de-sauvegarde-de-la-faune-sauvage-de-la-region-paca-ferme-ses-portes-en-fevrier-2019\/#primaryimage","url":"https:\/\/paca.lpo.fr\/blogs\/nice\/files\/2019\/02\/etude-ecureuilroux-lea-arnoldi-crsfs-7-copie.jpg","contentUrl":"https:\/\/paca.lpo.fr\/blogs\/nice\/files\/2019\/02\/etude-ecureuilroux-lea-arnoldi-crsfs-7-copie.jpg","width":982,"height":622},{"@type":"BreadcrumbList","@id":"https:\/\/paca.lpo.fr\/blogs\/nice\/2019\/02\/07\/le-centre-de-sauvegarde-de-la-faune-sauvage-de-la-region-paca-ferme-ses-portes-en-fevrier-2019\/#breadcrumb","itemListElement":[{"@type":"ListItem","position":1,"name":"Accueil","item":"https:\/\/paca.lpo.fr\/blogs\/nice\/"},{"@type":"ListItem","position":2,"name":"La faune sauvage ne pourra plus \u00eatre secourue en r\u00e9gion Provence-Alpes-C\u00f4te d&rsquo;Azur"}]},{"@type":"WebSite","@id":"https:\/\/paca.lpo.fr\/blogs\/nice\/#website","url":"https:\/\/paca.lpo.fr\/blogs\/nice\/","name":"Groupe local Nice","description":"Groupe local Nice","publisher":{"@id":"https:\/\/paca.lpo.fr\/blogs\/nice\/#organization"},"potentialAction":[{"@type":"SearchAction","target":{"@type":"EntryPoint","urlTemplate":"https:\/\/paca.lpo.fr\/blogs\/nice\/?s={search_term_string}"},"query-input":{"@type":"PropertyValueSpecification","valueRequired":true,"valueName":"search_term_string"}}],"inLanguage":"fr-FR"},{"@type":"Organization","@id":"https:\/\/paca.lpo.fr\/blogs\/nice\/#organization","name":"Groupe local Nice","url":"https:\/\/paca.lpo.fr\/blogs\/nice\/","logo":{"@type":"ImageObject","inLanguage":"fr-FR","@id":"https:\/\/paca.lpo.fr\/blogs\/nice\/#\/schema\/logo\/image\/","url":"https:\/\/paca.lpo.fr\/blogs\/nice\/files\/2024\/01\/cropped-rvb-lpo-paca-logotype-signature-droite-mini-500.jpg","contentUrl":"https:\/\/paca.lpo.fr\/blogs\/nice\/files\/2024\/01\/cropped-rvb-lpo-paca-logotype-signature-droite-mini-500.jpg","width":500,"height":210,"caption":"Groupe local Nice"},"image":{"@id":"https:\/\/paca.lpo.fr\/blogs\/nice\/#\/schema\/logo\/image\/"}},{"@type":"Person","@id":"https:\/\/paca.lpo.fr\/blogs\/nice\/#\/schema\/person\/1bda33335fb71e0b3552487db26a4c56","name":"Groupe local Paillon-B\u00e9v\u00e9ra","image":{"@type":"ImageObject","inLanguage":"fr-FR","@id":"https:\/\/secure.gravatar.com\/avatar\/b1ee285506e2cb880ec988990d360e255aecb31c77212741dace1023623610c2?s=96&d=mm&r=g","url":"https:\/\/secure.gravatar.com\/avatar\/b1ee285506e2cb880ec988990d360e255aecb31c77212741dace1023623610c2?s=96&d=mm&r=g","contentUrl":"https:\/\/secure.gravatar.com\/avatar\/b1ee285506e2cb880ec988990d360e255aecb31c77212741dace1023623610c2?s=96&d=mm&r=g","caption":"Groupe local Paillon-B\u00e9v\u00e9ra"},"url":"https:\/\/paca.lpo.fr\/blogs\/nice\/author\/alpesmaritimesest\/"}]}},"jetpack_featured_media_url":"https:\/\/paca.lpo.fr\/blogs\/nice\/files\/2019\/02\/etude-ecureuilroux-lea-arnoldi-crsfs-7-copie.jpg","_links":{"self":[{"href":"https:\/\/paca.lpo.fr\/blogs\/nice\/wp-json\/wp\/v2\/posts\/2550","targetHints":{"allow":["GET"]}}],"collection":[{"href":"https:\/\/paca.lpo.fr\/blogs\/nice\/wp-json\/wp\/v2\/posts"}],"about":[{"href":"https:\/\/paca.lpo.fr\/blogs\/nice\/wp-json\/wp\/v2\/types\/post"}],"author":[{"embeddable":true,"href":"https:\/\/paca.lpo.fr\/blogs\/nice\/wp-json\/wp\/v2\/users\/15"}],"replies":[{"embeddable":true,"href":"https:\/\/paca.lpo.fr\/blogs\/nice\/wp-json\/wp\/v2\/comments?post=2550"}],"version-history":[{"count":4,"href":"https:\/\/paca.lpo.fr\/blogs\/nice\/wp-json\/wp\/v2\/posts\/2550\/revisions"}],"predecessor-version":[{"id":2581,"href":"https:\/\/paca.lpo.fr\/blogs\/nice\/wp-json\/wp\/v2\/posts\/2550\/revisions\/2581"}],"wp:featuredmedia":[{"embeddable":true,"href":"https:\/\/paca.lpo.fr\/blogs\/nice\/wp-json\/wp\/v2\/media\/2543"}],"wp:attachment":[{"href":"https:\/\/paca.lpo.fr\/blogs\/nice\/wp-json\/wp\/v2\/media?parent=2550"}],"wp:term":[{"taxonomy":"category","embeddable":true,"href":"https:\/\/paca.lpo.fr\/blogs\/nice\/wp-json\/wp\/v2\/categories?post=2550"},{"taxonomy":"post_tag","embeddable":true,"href":"https:\/\/paca.lpo.fr\/blogs\/nice\/wp-json\/wp\/v2\/tags?post=2550"}],"curies":[{"name":"wp","href":"https:\/\/api.w.org\/{rel}","templated":true}]}}