{"id":2602,"date":"2019-03-17T19:01:01","date_gmt":"2019-03-17T18:01:01","guid":{"rendered":"https:\/\/paca.lpo.fr\/blogs\/nice\/?p=2602"},"modified":"2019-03-18T10:05:32","modified_gmt":"2019-03-18T09:05:32","slug":"journee-migration-prenuptiale-le-retour-dafrique","status":"publish","type":"post","link":"https:\/\/paca.lpo.fr\/blogs\/nice\/2019\/03\/17\/journee-migration-prenuptiale-le-retour-dafrique\/","title":{"rendered":"Journ\u00e9e migration pr\u00e9nuptiale \u00ab\u00a0le retour d&rsquo;Afrique\u00a0\u00bb le 15 mars"},"content":{"rendered":"\n<p class=\"wp-block-paragraph\"><\/p>\n\n\n\n<p class=\"wp-block-paragraph\">Parti de l&rsquo;entr\u00e9e du parc de l&rsquo;aire St Michel pour une marche d&rsquo;une bonne heure, le petit groupe d&rsquo;observateurs enthousiastes a pu observer et surtout \u00e9couter des passereaux : fauvettes, m\u00e9sanges, rougegorges, verdiers, merles, pouillots v\u00e9loce, pinsons, et plusieurs grives tr\u00e8s bavardes. Un geai des ch\u00eanes et un pic vert se sont bien faits entendre \u00e0 plusieurs endroits pendant la marche tr\u00e8s agr\u00e9able entre for\u00eats et clairi\u00e8res. Un faucon cr\u00e9cerelle est pass\u00e9 et il s&rsquo;est montr\u00e9 de nouveau au dessus du poste d&rsquo;observation en compagnie d&rsquo;un deuxi\u00e8me individu.  Un tarier p\u00e2tre a jou\u00e9 \u00e0 \u00ab\u00a0cache-cache\u00a0\u00bb dans les buissons tout pr\u00e8s de nous. Le poste d&rsquo;observation de la migration sur les flancs du Mont Chauve, b\u00e9n\u00e9ficiant d&rsquo;une vue \u00e0 360\u00b0, n&rsquo;offre pas d&rsquo;ombre et le ciel l\u00e9g\u00e8rement nuageux \u00e9tait parfait pour les observateurs. Les montagnes enneig\u00e9es de la Corse \u00e9taient bien visibles. <\/p>\n\n\n\n<p class=\"wp-block-paragraph\">La p\u00e9riode de migration des circa\u00e8tes Jean-le-Blanc a bien commenc\u00e9e et 34 ont survol\u00e9 le groupe, certains juste au-dessus. Deux groupes de cigognes blanches sont pass\u00e9s en migration un peu loin, 11 le matin et 9 l&rsquo;apr\u00e8s-midi. Mais la vedette de la journ\u00e9e a \u00e9t\u00e9 l&rsquo;aigle pomarin, signal\u00e9 par les amis ornithologues post\u00e9s sur la colline des vignobles de Bellet, et qui a \u00e9t\u00e9 vu, h\u00e9las trop bri\u00e8vement, au loin entre deux collines.<\/p>\n\n\n\n<figure class=\"wp-block-image\"><img loading=\"lazy\" decoding=\"async\" width=\"960\" height=\"720\" src=\"https:\/\/paca.lpo.fr\/blogs\/nice\/files\/2019\/03\/img-20190315-142433-copie-960x720.jpg\" alt=\"\" class=\"wp-image-2603\" srcset=\"https:\/\/paca.lpo.fr\/blogs\/nice\/files\/2019\/03\/img-20190315-142433-copie-960x720.jpg 960w, https:\/\/paca.lpo.fr\/blogs\/nice\/files\/2019\/03\/img-20190315-142433-copie-480x360.jpg 480w, https:\/\/paca.lpo.fr\/blogs\/nice\/files\/2019\/03\/img-20190315-142433-copie-768x576.jpg 768w, https:\/\/paca.lpo.fr\/blogs\/nice\/files\/2019\/03\/img-20190315-142433-copie-700x525.jpg 700w, https:\/\/paca.lpo.fr\/blogs\/nice\/files\/2019\/03\/img-20190315-142433-copie.jpg 993w\" sizes=\"auto, (max-width: 960px) 100vw, 960px\" \/><figcaption>Le poste d&rsquo;observation, avec une vue sur 360\u00b0<br><br><\/figcaption><\/figure>\n\n\n\n<figure class=\"wp-block-image\"><img loading=\"lazy\" decoding=\"async\" width=\"960\" height=\"694\" src=\"https:\/\/paca.lpo.fr\/blogs\/nice\/files\/2019\/03\/dsc-7148-copie-960x694.jpg\" alt=\"\" class=\"wp-image-2604\" srcset=\"https:\/\/paca.lpo.fr\/blogs\/nice\/files\/2019\/03\/dsc-7148-copie-960x694.jpg 960w, https:\/\/paca.lpo.fr\/blogs\/nice\/files\/2019\/03\/dsc-7148-copie-480x347.jpg 480w, https:\/\/paca.lpo.fr\/blogs\/nice\/files\/2019\/03\/dsc-7148-copie-768x555.jpg 768w, https:\/\/paca.lpo.fr\/blogs\/nice\/files\/2019\/03\/dsc-7148-copie-700x506.jpg 700w, https:\/\/paca.lpo.fr\/blogs\/nice\/files\/2019\/03\/dsc-7148-copie.jpg 1195w\" sizes=\"auto, (max-width: 960px) 100vw, 960px\" \/><figcaption>Circa\u00e8te Jean-le-Blanc en migration active<br><br><\/figcaption><\/figure>\n\n\n\n<figure class=\"wp-block-image\"><img loading=\"lazy\" decoding=\"async\" width=\"960\" height=\"719\" src=\"https:\/\/paca.lpo.fr\/blogs\/nice\/files\/2019\/03\/img-20190315-142454-copie-960x719.jpg\" alt=\"\" class=\"wp-image-2605\" srcset=\"https:\/\/paca.lpo.fr\/blogs\/nice\/files\/2019\/03\/img-20190315-142454-copie-960x719.jpg 960w, https:\/\/paca.lpo.fr\/blogs\/nice\/files\/2019\/03\/img-20190315-142454-copie-480x359.jpg 480w, https:\/\/paca.lpo.fr\/blogs\/nice\/files\/2019\/03\/img-20190315-142454-copie-768x575.jpg 768w, https:\/\/paca.lpo.fr\/blogs\/nice\/files\/2019\/03\/img-20190315-142454-copie-700x524.jpg 700w, https:\/\/paca.lpo.fr\/blogs\/nice\/files\/2019\/03\/img-20190315-142454-copie.jpg 999w\" sizes=\"auto, (max-width: 960px) 100vw, 960px\" \/><figcaption><br><\/figcaption><\/figure>\n","protected":false},"excerpt":{"rendered":"<p>Parti de l&rsquo;entr\u00e9e du parc de l&rsquo;aire St Michel pour une marche d&rsquo;une bonne heure, le petit groupe d&rsquo;observateurs enthousiastes a pu observer et surtout \u00e9couter des passereaux : fauvettes, m\u00e9sanges, rougegorges, verdiers, merles, pouillots v\u00e9loce, pinsons, et plusieurs grives tr\u00e8s bavardes. Un geai des ch\u00eanes et un pic vert se sont bien faits entendre [&hellip;]<\/p>\n","protected":false},"author":15,"featured_media":0,"comment_status":"open","ping_status":"open","sticky":false,"template":"","format":"standard","meta":{"footnotes":""},"categories":[80],"tags":[],"class_list":["post-2602","post","type-post","status-publish","format-standard","hentry","category-sorties-nature-2"],"yoast_head":"<!-- This site is optimized with the Yoast SEO plugin v28.3 - https:\/\/yoast.com\/product\/yoast-seo-wordpress\/ -->\n<title>Journ\u00e9e migration pr\u00e9nuptiale &quot;le retour d&#039;Afrique&quot; le 15 mars - Groupe local Nice<\/title>\n<meta name=\"robots\" content=\"index, follow, max-snippet:-1, max-image-preview:large, max-video-preview:-1\" \/>\n<link rel=\"canonical\" href=\"https:\/\/paca.lpo.fr\/blogs\/nice\/2019\/03\/17\/journee-migration-prenuptiale-le-retour-dafrique\/\" \/>\n<meta property=\"og:locale\" content=\"fr_FR\" \/>\n<meta property=\"og:type\" content=\"article\" \/>\n<meta property=\"og:title\" content=\"Journ\u00e9e migration pr\u00e9nuptiale &quot;le retour d&#039;Afrique&quot; le 15 mars - Groupe local Nice\" \/>\n<meta property=\"og:description\" content=\"Parti de l&rsquo;entr\u00e9e du parc de l&rsquo;aire St Michel pour une marche d&rsquo;une bonne heure, le petit groupe d&rsquo;observateurs enthousiastes a pu observer et surtout \u00e9couter des passereaux : fauvettes, m\u00e9sanges, rougegorges, verdiers, merles, pouillots v\u00e9loce, pinsons, et plusieurs grives tr\u00e8s bavardes. Un geai des ch\u00eanes et un pic vert se sont bien faits entendre [&hellip;]\" \/>\n<meta property=\"og:url\" content=\"https:\/\/paca.lpo.fr\/blogs\/nice\/2019\/03\/17\/journee-migration-prenuptiale-le-retour-dafrique\/\" \/>\n<meta property=\"og:site_name\" content=\"Groupe local Nice\" \/>\n<meta property=\"article:published_time\" content=\"2019-03-17T18:01:01+00:00\" \/>\n<meta property=\"article:modified_time\" content=\"2019-03-18T09:05:32+00:00\" \/>\n<meta property=\"og:image\" content=\"https:\/\/paca.lpo.fr\/blogs\/nice\/files\/2019\/03\/img-20190315-142433-copie-960x720.jpg\" \/>\n<meta name=\"author\" content=\"Groupe local Paillon-B\u00e9v\u00e9ra\" \/>\n<meta name=\"twitter:card\" content=\"summary_large_image\" \/>\n<meta name=\"twitter:label1\" content=\"\u00c9crit par\" \/>\n\t<meta name=\"twitter:data1\" content=\"Groupe local Paillon-B\u00e9v\u00e9ra\" \/>\n\t<meta name=\"twitter:label2\" content=\"Dur\u00e9e de lecture estim\u00e9e\" \/>\n\t<meta name=\"twitter:data2\" content=\"1 minute\" \/>\n<script type=\"application\/ld+json\" class=\"yoast-schema-graph\">{\"@context\":\"https:\\\/\\\/schema.org\",\"@graph\":[{\"@type\":\"Article\",\"@id\":\"https:\\\/\\\/paca.lpo.fr\\\/blogs\\\/nice\\\/2019\\\/03\\\/17\\\/journee-migration-prenuptiale-le-retour-dafrique\\\/#article\",\"isPartOf\":{\"@id\":\"https:\\\/\\\/paca.lpo.fr\\\/blogs\\\/nice\\\/2019\\\/03\\\/17\\\/journee-migration-prenuptiale-le-retour-dafrique\\\/\"},\"author\":{\"name\":\"Groupe local Paillon-B\u00e9v\u00e9ra\",\"@id\":\"https:\\\/\\\/paca.lpo.fr\\\/blogs\\\/nice\\\/#\\\/schema\\\/person\\\/1bda33335fb71e0b3552487db26a4c56\"},\"headline\":\"Journ\u00e9e migration pr\u00e9nuptiale \u00ab\u00a0le retour d&rsquo;Afrique\u00a0\u00bb le 15 mars\",\"datePublished\":\"2019-03-17T18:01:01+00:00\",\"dateModified\":\"2019-03-18T09:05:32+00:00\",\"mainEntityOfPage\":{\"@id\":\"https:\\\/\\\/paca.lpo.fr\\\/blogs\\\/nice\\\/2019\\\/03\\\/17\\\/journee-migration-prenuptiale-le-retour-dafrique\\\/\"},\"wordCount\":271,\"commentCount\":0,\"publisher\":{\"@id\":\"https:\\\/\\\/paca.lpo.fr\\\/blogs\\\/nice\\\/#organization\"},\"image\":{\"@id\":\"https:\\\/\\\/paca.lpo.fr\\\/blogs\\\/nice\\\/2019\\\/03\\\/17\\\/journee-migration-prenuptiale-le-retour-dafrique\\\/#primaryimage\"},\"thumbnailUrl\":\"https:\\\/\\\/paca.lpo.fr\\\/blogs\\\/nice\\\/files\\\/2019\\\/03\\\/img-20190315-142433-copie-960x720.jpg\",\"articleSection\":[\"Sorties nature\"],\"inLanguage\":\"fr-FR\",\"potentialAction\":[{\"@type\":\"CommentAction\",\"name\":\"Comment\",\"target\":[\"https:\\\/\\\/paca.lpo.fr\\\/blogs\\\/nice\\\/2019\\\/03\\\/17\\\/journee-migration-prenuptiale-le-retour-dafrique\\\/#respond\"]}]},{\"@type\":\"WebPage\",\"@id\":\"https:\\\/\\\/paca.lpo.fr\\\/blogs\\\/nice\\\/2019\\\/03\\\/17\\\/journee-migration-prenuptiale-le-retour-dafrique\\\/\",\"url\":\"https:\\\/\\\/paca.lpo.fr\\\/blogs\\\/nice\\\/2019\\\/03\\\/17\\\/journee-migration-prenuptiale-le-retour-dafrique\\\/\",\"name\":\"Journ\u00e9e migration pr\u00e9nuptiale \\\"le retour d'Afrique\\\" le 15 mars - Groupe local Nice\",\"isPartOf\":{\"@id\":\"https:\\\/\\\/paca.lpo.fr\\\/blogs\\\/nice\\\/#website\"},\"primaryImageOfPage\":{\"@id\":\"https:\\\/\\\/paca.lpo.fr\\\/blogs\\\/nice\\\/2019\\\/03\\\/17\\\/journee-migration-prenuptiale-le-retour-dafrique\\\/#primaryimage\"},\"image\":{\"@id\":\"https:\\\/\\\/paca.lpo.fr\\\/blogs\\\/nice\\\/2019\\\/03\\\/17\\\/journee-migration-prenuptiale-le-retour-dafrique\\\/#primaryimage\"},\"thumbnailUrl\":\"https:\\\/\\\/paca.lpo.fr\\\/blogs\\\/nice\\\/files\\\/2019\\\/03\\\/img-20190315-142433-copie-960x720.jpg\",\"datePublished\":\"2019-03-17T18:01:01+00:00\",\"dateModified\":\"2019-03-18T09:05:32+00:00\",\"breadcrumb\":{\"@id\":\"https:\\\/\\\/paca.lpo.fr\\\/blogs\\\/nice\\\/2019\\\/03\\\/17\\\/journee-migration-prenuptiale-le-retour-dafrique\\\/#breadcrumb\"},\"inLanguage\":\"fr-FR\",\"potentialAction\":[{\"@type\":\"ReadAction\",\"target\":[\"https:\\\/\\\/paca.lpo.fr\\\/blogs\\\/nice\\\/2019\\\/03\\\/17\\\/journee-migration-prenuptiale-le-retour-dafrique\\\/\"]}]},{\"@type\":\"ImageObject\",\"inLanguage\":\"fr-FR\",\"@id\":\"https:\\\/\\\/paca.lpo.fr\\\/blogs\\\/nice\\\/2019\\\/03\\\/17\\\/journee-migration-prenuptiale-le-retour-dafrique\\\/#primaryimage\",\"url\":\"https:\\\/\\\/paca.lpo.fr\\\/blogs\\\/nice\\\/files\\\/2019\\\/03\\\/img-20190315-142433-copie.jpg\",\"contentUrl\":\"https:\\\/\\\/paca.lpo.fr\\\/blogs\\\/nice\\\/files\\\/2019\\\/03\\\/img-20190315-142433-copie.jpg\",\"width\":993,\"height\":745,\"caption\":\"dav\"},{\"@type\":\"BreadcrumbList\",\"@id\":\"https:\\\/\\\/paca.lpo.fr\\\/blogs\\\/nice\\\/2019\\\/03\\\/17\\\/journee-migration-prenuptiale-le-retour-dafrique\\\/#breadcrumb\",\"itemListElement\":[{\"@type\":\"ListItem\",\"position\":1,\"name\":\"Accueil\",\"item\":\"https:\\\/\\\/paca.lpo.fr\\\/blogs\\\/nice\\\/\"},{\"@type\":\"ListItem\",\"position\":2,\"name\":\"Journ\u00e9e migration pr\u00e9nuptiale \u00ab\u00a0le retour d&rsquo;Afrique\u00a0\u00bb le 15 mars\"}]},{\"@type\":\"WebSite\",\"@id\":\"https:\\\/\\\/paca.lpo.fr\\\/blogs\\\/nice\\\/#website\",\"url\":\"https:\\\/\\\/paca.lpo.fr\\\/blogs\\\/nice\\\/\",\"name\":\"Groupe local Nice\",\"description\":\"Groupe local Nice\",\"publisher\":{\"@id\":\"https:\\\/\\\/paca.lpo.fr\\\/blogs\\\/nice\\\/#organization\"},\"potentialAction\":[{\"@type\":\"SearchAction\",\"target\":{\"@type\":\"EntryPoint\",\"urlTemplate\":\"https:\\\/\\\/paca.lpo.fr\\\/blogs\\\/nice\\\/?s={search_term_string}\"},\"query-input\":{\"@type\":\"PropertyValueSpecification\",\"valueRequired\":true,\"valueName\":\"search_term_string\"}}],\"inLanguage\":\"fr-FR\"},{\"@type\":\"Organization\",\"@id\":\"https:\\\/\\\/paca.lpo.fr\\\/blogs\\\/nice\\\/#organization\",\"name\":\"Groupe local Nice\",\"url\":\"https:\\\/\\\/paca.lpo.fr\\\/blogs\\\/nice\\\/\",\"logo\":{\"@type\":\"ImageObject\",\"inLanguage\":\"fr-FR\",\"@id\":\"https:\\\/\\\/paca.lpo.fr\\\/blogs\\\/nice\\\/#\\\/schema\\\/logo\\\/image\\\/\",\"url\":\"https:\\\/\\\/paca.lpo.fr\\\/blogs\\\/nice\\\/files\\\/2024\\\/01\\\/cropped-rvb-lpo-paca-logotype-signature-droite-mini-500.jpg\",\"contentUrl\":\"https:\\\/\\\/paca.lpo.fr\\\/blogs\\\/nice\\\/files\\\/2024\\\/01\\\/cropped-rvb-lpo-paca-logotype-signature-droite-mini-500.jpg\",\"width\":500,\"height\":210,\"caption\":\"Groupe local Nice\"},\"image\":{\"@id\":\"https:\\\/\\\/paca.lpo.fr\\\/blogs\\\/nice\\\/#\\\/schema\\\/logo\\\/image\\\/\"}},{\"@type\":\"Person\",\"@id\":\"https:\\\/\\\/paca.lpo.fr\\\/blogs\\\/nice\\\/#\\\/schema\\\/person\\\/1bda33335fb71e0b3552487db26a4c56\",\"name\":\"Groupe local Paillon-B\u00e9v\u00e9ra\",\"image\":{\"@type\":\"ImageObject\",\"inLanguage\":\"fr-FR\",\"@id\":\"https:\\\/\\\/secure.gravatar.com\\\/avatar\\\/b1ee285506e2cb880ec988990d360e255aecb31c77212741dace1023623610c2?s=96&d=mm&r=g\",\"url\":\"https:\\\/\\\/secure.gravatar.com\\\/avatar\\\/b1ee285506e2cb880ec988990d360e255aecb31c77212741dace1023623610c2?s=96&d=mm&r=g\",\"contentUrl\":\"https:\\\/\\\/secure.gravatar.com\\\/avatar\\\/b1ee285506e2cb880ec988990d360e255aecb31c77212741dace1023623610c2?s=96&d=mm&r=g\",\"caption\":\"Groupe local Paillon-B\u00e9v\u00e9ra\"},\"url\":\"https:\\\/\\\/paca.lpo.fr\\\/blogs\\\/nice\\\/author\\\/alpesmaritimesest\\\/\"}]}<\/script>\n<!-- \/ Yoast SEO plugin. -->","yoast_head_json":{"title":"Journ\u00e9e migration pr\u00e9nuptiale \"le retour d'Afrique\" le 15 mars - Groupe local Nice","robots":{"index":"index","follow":"follow","max-snippet":"max-snippet:-1","max-image-preview":"max-image-preview:large","max-video-preview":"max-video-preview:-1"},"canonical":"https:\/\/paca.lpo.fr\/blogs\/nice\/2019\/03\/17\/journee-migration-prenuptiale-le-retour-dafrique\/","og_locale":"fr_FR","og_type":"article","og_title":"Journ\u00e9e migration pr\u00e9nuptiale \"le retour d'Afrique\" le 15 mars - Groupe local Nice","og_description":"Parti de l&rsquo;entr\u00e9e du parc de l&rsquo;aire St Michel pour une marche d&rsquo;une bonne heure, le petit groupe d&rsquo;observateurs enthousiastes a pu observer et surtout \u00e9couter des passereaux : fauvettes, m\u00e9sanges, rougegorges, verdiers, merles, pouillots v\u00e9loce, pinsons, et plusieurs grives tr\u00e8s bavardes. Un geai des ch\u00eanes et un pic vert se sont bien faits entendre [&hellip;]","og_url":"https:\/\/paca.lpo.fr\/blogs\/nice\/2019\/03\/17\/journee-migration-prenuptiale-le-retour-dafrique\/","og_site_name":"Groupe local Nice","article_published_time":"2019-03-17T18:01:01+00:00","article_modified_time":"2019-03-18T09:05:32+00:00","og_image":[{"url":"https:\/\/paca.lpo.fr\/blogs\/nice\/files\/2019\/03\/img-20190315-142433-copie-960x720.jpg","type":"","width":"","height":""}],"author":"Groupe local Paillon-B\u00e9v\u00e9ra","twitter_card":"summary_large_image","twitter_misc":{"\u00c9crit par":"Groupe local Paillon-B\u00e9v\u00e9ra","Dur\u00e9e de lecture estim\u00e9e":"1 minute"},"schema":{"@context":"https:\/\/schema.org","@graph":[{"@type":"Article","@id":"https:\/\/paca.lpo.fr\/blogs\/nice\/2019\/03\/17\/journee-migration-prenuptiale-le-retour-dafrique\/#article","isPartOf":{"@id":"https:\/\/paca.lpo.fr\/blogs\/nice\/2019\/03\/17\/journee-migration-prenuptiale-le-retour-dafrique\/"},"author":{"name":"Groupe local Paillon-B\u00e9v\u00e9ra","@id":"https:\/\/paca.lpo.fr\/blogs\/nice\/#\/schema\/person\/1bda33335fb71e0b3552487db26a4c56"},"headline":"Journ\u00e9e migration pr\u00e9nuptiale \u00ab\u00a0le retour d&rsquo;Afrique\u00a0\u00bb le 15 mars","datePublished":"2019-03-17T18:01:01+00:00","dateModified":"2019-03-18T09:05:32+00:00","mainEntityOfPage":{"@id":"https:\/\/paca.lpo.fr\/blogs\/nice\/2019\/03\/17\/journee-migration-prenuptiale-le-retour-dafrique\/"},"wordCount":271,"commentCount":0,"publisher":{"@id":"https:\/\/paca.lpo.fr\/blogs\/nice\/#organization"},"image":{"@id":"https:\/\/paca.lpo.fr\/blogs\/nice\/2019\/03\/17\/journee-migration-prenuptiale-le-retour-dafrique\/#primaryimage"},"thumbnailUrl":"https:\/\/paca.lpo.fr\/blogs\/nice\/files\/2019\/03\/img-20190315-142433-copie-960x720.jpg","articleSection":["Sorties nature"],"inLanguage":"fr-FR","potentialAction":[{"@type":"CommentAction","name":"Comment","target":["https:\/\/paca.lpo.fr\/blogs\/nice\/2019\/03\/17\/journee-migration-prenuptiale-le-retour-dafrique\/#respond"]}]},{"@type":"WebPage","@id":"https:\/\/paca.lpo.fr\/blogs\/nice\/2019\/03\/17\/journee-migration-prenuptiale-le-retour-dafrique\/","url":"https:\/\/paca.lpo.fr\/blogs\/nice\/2019\/03\/17\/journee-migration-prenuptiale-le-retour-dafrique\/","name":"Journ\u00e9e migration pr\u00e9nuptiale \"le retour d'Afrique\" le 15 mars - Groupe local Nice","isPartOf":{"@id":"https:\/\/paca.lpo.fr\/blogs\/nice\/#website"},"primaryImageOfPage":{"@id":"https:\/\/paca.lpo.fr\/blogs\/nice\/2019\/03\/17\/journee-migration-prenuptiale-le-retour-dafrique\/#primaryimage"},"image":{"@id":"https:\/\/paca.lpo.fr\/blogs\/nice\/2019\/03\/17\/journee-migration-prenuptiale-le-retour-dafrique\/#primaryimage"},"thumbnailUrl":"https:\/\/paca.lpo.fr\/blogs\/nice\/files\/2019\/03\/img-20190315-142433-copie-960x720.jpg","datePublished":"2019-03-17T18:01:01+00:00","dateModified":"2019-03-18T09:05:32+00:00","breadcrumb":{"@id":"https:\/\/paca.lpo.fr\/blogs\/nice\/2019\/03\/17\/journee-migration-prenuptiale-le-retour-dafrique\/#breadcrumb"},"inLanguage":"fr-FR","potentialAction":[{"@type":"ReadAction","target":["https:\/\/paca.lpo.fr\/blogs\/nice\/2019\/03\/17\/journee-migration-prenuptiale-le-retour-dafrique\/"]}]},{"@type":"ImageObject","inLanguage":"fr-FR","@id":"https:\/\/paca.lpo.fr\/blogs\/nice\/2019\/03\/17\/journee-migration-prenuptiale-le-retour-dafrique\/#primaryimage","url":"https:\/\/paca.lpo.fr\/blogs\/nice\/files\/2019\/03\/img-20190315-142433-copie.jpg","contentUrl":"https:\/\/paca.lpo.fr\/blogs\/nice\/files\/2019\/03\/img-20190315-142433-copie.jpg","width":993,"height":745,"caption":"dav"},{"@type":"BreadcrumbList","@id":"https:\/\/paca.lpo.fr\/blogs\/nice\/2019\/03\/17\/journee-migration-prenuptiale-le-retour-dafrique\/#breadcrumb","itemListElement":[{"@type":"ListItem","position":1,"name":"Accueil","item":"https:\/\/paca.lpo.fr\/blogs\/nice\/"},{"@type":"ListItem","position":2,"name":"Journ\u00e9e migration pr\u00e9nuptiale \u00ab\u00a0le retour d&rsquo;Afrique\u00a0\u00bb le 15 mars"}]},{"@type":"WebSite","@id":"https:\/\/paca.lpo.fr\/blogs\/nice\/#website","url":"https:\/\/paca.lpo.fr\/blogs\/nice\/","name":"Groupe local Nice","description":"Groupe local Nice","publisher":{"@id":"https:\/\/paca.lpo.fr\/blogs\/nice\/#organization"},"potentialAction":[{"@type":"SearchAction","target":{"@type":"EntryPoint","urlTemplate":"https:\/\/paca.lpo.fr\/blogs\/nice\/?s={search_term_string}"},"query-input":{"@type":"PropertyValueSpecification","valueRequired":true,"valueName":"search_term_string"}}],"inLanguage":"fr-FR"},{"@type":"Organization","@id":"https:\/\/paca.lpo.fr\/blogs\/nice\/#organization","name":"Groupe local Nice","url":"https:\/\/paca.lpo.fr\/blogs\/nice\/","logo":{"@type":"ImageObject","inLanguage":"fr-FR","@id":"https:\/\/paca.lpo.fr\/blogs\/nice\/#\/schema\/logo\/image\/","url":"https:\/\/paca.lpo.fr\/blogs\/nice\/files\/2024\/01\/cropped-rvb-lpo-paca-logotype-signature-droite-mini-500.jpg","contentUrl":"https:\/\/paca.lpo.fr\/blogs\/nice\/files\/2024\/01\/cropped-rvb-lpo-paca-logotype-signature-droite-mini-500.jpg","width":500,"height":210,"caption":"Groupe local Nice"},"image":{"@id":"https:\/\/paca.lpo.fr\/blogs\/nice\/#\/schema\/logo\/image\/"}},{"@type":"Person","@id":"https:\/\/paca.lpo.fr\/blogs\/nice\/#\/schema\/person\/1bda33335fb71e0b3552487db26a4c56","name":"Groupe local Paillon-B\u00e9v\u00e9ra","image":{"@type":"ImageObject","inLanguage":"fr-FR","@id":"https:\/\/secure.gravatar.com\/avatar\/b1ee285506e2cb880ec988990d360e255aecb31c77212741dace1023623610c2?s=96&d=mm&r=g","url":"https:\/\/secure.gravatar.com\/avatar\/b1ee285506e2cb880ec988990d360e255aecb31c77212741dace1023623610c2?s=96&d=mm&r=g","contentUrl":"https:\/\/secure.gravatar.com\/avatar\/b1ee285506e2cb880ec988990d360e255aecb31c77212741dace1023623610c2?s=96&d=mm&r=g","caption":"Groupe local Paillon-B\u00e9v\u00e9ra"},"url":"https:\/\/paca.lpo.fr\/blogs\/nice\/author\/alpesmaritimesest\/"}]}},"jetpack_featured_media_url":"","_links":{"self":[{"href":"https:\/\/paca.lpo.fr\/blogs\/nice\/wp-json\/wp\/v2\/posts\/2602","targetHints":{"allow":["GET"]}}],"collection":[{"href":"https:\/\/paca.lpo.fr\/blogs\/nice\/wp-json\/wp\/v2\/posts"}],"about":[{"href":"https:\/\/paca.lpo.fr\/blogs\/nice\/wp-json\/wp\/v2\/types\/post"}],"author":[{"embeddable":true,"href":"https:\/\/paca.lpo.fr\/blogs\/nice\/wp-json\/wp\/v2\/users\/15"}],"replies":[{"embeddable":true,"href":"https:\/\/paca.lpo.fr\/blogs\/nice\/wp-json\/wp\/v2\/comments?post=2602"}],"version-history":[{"count":3,"href":"https:\/\/paca.lpo.fr\/blogs\/nice\/wp-json\/wp\/v2\/posts\/2602\/revisions"}],"predecessor-version":[{"id":2611,"href":"https:\/\/paca.lpo.fr\/blogs\/nice\/wp-json\/wp\/v2\/posts\/2602\/revisions\/2611"}],"wp:attachment":[{"href":"https:\/\/paca.lpo.fr\/blogs\/nice\/wp-json\/wp\/v2\/media?parent=2602"}],"wp:term":[{"taxonomy":"category","embeddable":true,"href":"https:\/\/paca.lpo.fr\/blogs\/nice\/wp-json\/wp\/v2\/categories?post=2602"},{"taxonomy":"post_tag","embeddable":true,"href":"https:\/\/paca.lpo.fr\/blogs\/nice\/wp-json\/wp\/v2\/tags?post=2602"}],"curies":[{"name":"wp","href":"https:\/\/api.w.org\/{rel}","templated":true}]}}