{"id":2660,"date":"2019-05-01T10:37:33","date_gmt":"2019-05-01T09:37:33","guid":{"rendered":"https:\/\/paca.lpo.fr\/blogs\/nice\/?p=2660"},"modified":"2019-05-01T10:42:27","modified_gmt":"2019-05-01T09:42:27","slug":"sortie-a-beuil-les-launes-le-28-avril","status":"publish","type":"post","link":"https:\/\/paca.lpo.fr\/blogs\/nice\/2019\/05\/01\/sortie-a-beuil-les-launes-le-28-avril\/","title":{"rendered":"Sortie \u00e0 Beuil-les-Launes le 28 avril"},"content":{"rendered":"\n<p class=\"wp-block-paragraph\">Notre rendez vous matinal \u00e0 Carrefour Lingosti\u00e8re se passe bien, et nous partons tranquillement vers notre d\u00e9part p\u00e9destre qui se trouve \u00e0  Beuil. Nous remontons le Var, puis le Cians, et ses magnifiques gorges, avant de passer Beuil et de garer nos voitures \u00e0 la chapelle St. Anne.<br> Le soleil est au rendez vous, et les oiseaux aussi ! C\u2019est rien de le dire, mais nous n\u2019avons jamais vu autant d\u2019oiseaux en ce lieu ! De suite ce sont des Pouillot de Bonelli, Pouillot v\u00e9loce , Roitelet \u00e0 triple bandeau, Rougequeue \u00e0 front blanc qui parcourent les pins avec une grande vivacit\u00e9\u2026. Des que nous prenons le chemin p\u00e9destre, les moineaux sont l\u00e0, mais ceux qui nous font le spectacle, ce sont les Faucons cr\u00e9cerelle. Ils vont et viennent au dessus de nous avec, eux aussi, une \u00e9tonnante vivacit\u00e9. C\u2019est le printemps quoi ! <\/p>\n\n\n\n<ul class=\"wp-block-gallery columns-2 is-cropped wp-block-gallery-1 is-layout-flex wp-block-gallery-is-layout-flex\"><li class=\"blocks-gallery-item\"><figure><img loading=\"lazy\" decoding=\"async\" width=\"960\" height=\"683\" src=\"https:\/\/paca.lpo.fr\/blogs\/nice\/files\/2019\/05\/blog1-960x683.jpg\" alt=\"\" data-id=\"2662\" data-link=\"https:\/\/paca.lpo.fr\/blogs\/nice\/?attachment_id=2662\" class=\"wp-image-2662\" srcset=\"https:\/\/paca.lpo.fr\/blogs\/nice\/files\/2019\/05\/blog1-960x683.jpg 960w, https:\/\/paca.lpo.fr\/blogs\/nice\/files\/2019\/05\/blog1-480x342.jpg 480w, https:\/\/paca.lpo.fr\/blogs\/nice\/files\/2019\/05\/blog1-768x547.jpg 768w, https:\/\/paca.lpo.fr\/blogs\/nice\/files\/2019\/05\/blog1-700x498.jpg 700w, https:\/\/paca.lpo.fr\/blogs\/nice\/files\/2019\/05\/blog1.jpg 986w\" sizes=\"auto, (max-width: 960px) 100vw, 960px\" \/><\/figure><\/li><li class=\"blocks-gallery-item\"><figure><img loading=\"lazy\" decoding=\"async\" width=\"960\" height=\"712\" src=\"https:\/\/paca.lpo.fr\/blogs\/nice\/files\/2019\/05\/blogpouillot-de-bonelli-960x712.jpg\" alt=\"\" data-id=\"2663\" data-link=\"https:\/\/paca.lpo.fr\/blogs\/nice\/?attachment_id=2663\" class=\"wp-image-2663\" srcset=\"https:\/\/paca.lpo.fr\/blogs\/nice\/files\/2019\/05\/blogpouillot-de-bonelli-960x712.jpg 960w, https:\/\/paca.lpo.fr\/blogs\/nice\/files\/2019\/05\/blogpouillot-de-bonelli-480x356.jpg 480w, https:\/\/paca.lpo.fr\/blogs\/nice\/files\/2019\/05\/blogpouillot-de-bonelli-768x570.jpg 768w, https:\/\/paca.lpo.fr\/blogs\/nice\/files\/2019\/05\/blogpouillot-de-bonelli-700x519.jpg 700w, https:\/\/paca.lpo.fr\/blogs\/nice\/files\/2019\/05\/blogpouillot-de-bonelli.jpg 996w\" sizes=\"auto, (max-width: 960px) 100vw, 960px\" \/><\/figure><\/li><\/ul>\n\n\n\n<p class=\"wp-block-paragraph\">Nous poursuivons notre petite randonn\u00e9e, encore beaucoup d\u2019oiseaux,  M\u00e9sange Noire, Linotte m\u00e9lodieuse\u2026. Perch\u00e9 sur les arbres des Corneilles noire, qui prennent parfois leur envol. Invisible pour nous, mais le chant du coucou est bien l\u00e0, lui qui est revenu dans nos contr\u00e9s il y a peu de temps. Nous verrons encore voler haut dans le ciel des Vautours Fauves et un Aigle royal, ainsi que des Martinets noir et des hirondelles.<br> Ce jours l\u00e0 nous r\u00e9ussissons \u00e0 faire le quart du chemin habituel \u00e0 cause du tr\u00e8s grand nombre d\u2019oiseaux \u00e0 observer. Notre pique nique \u00e0 lieu \u00e0 midi comme d\u2019habitude, je fais la socca  habituelle, et comme Luna n\u2019est pas l\u00e0, Brigitte la remplace tr\u00e8s gentiment.<\/p>\n\n\n\n<ul class=\"wp-block-gallery columns-1 is-cropped wp-block-gallery-2 is-layout-flex wp-block-gallery-is-layout-flex\"><li class=\"blocks-gallery-item\"><figure><img loading=\"lazy\" decoding=\"async\" width=\"915\" height=\"684\" src=\"https:\/\/paca.lpo.fr\/blogs\/nice\/files\/2019\/05\/blog3.jpg\" alt=\"\" data-id=\"2664\" data-link=\"https:\/\/paca.lpo.fr\/blogs\/nice\/?attachment_id=2664\" class=\"wp-image-2664\" srcset=\"https:\/\/paca.lpo.fr\/blogs\/nice\/files\/2019\/05\/blog3.jpg 915w, https:\/\/paca.lpo.fr\/blogs\/nice\/files\/2019\/05\/blog3-480x359.jpg 480w, https:\/\/paca.lpo.fr\/blogs\/nice\/files\/2019\/05\/blog3-768x574.jpg 768w, https:\/\/paca.lpo.fr\/blogs\/nice\/files\/2019\/05\/blog3-700x523.jpg 700w\" sizes=\"auto, (max-width: 915px) 100vw, 915px\" \/><figcaption>pique-nique avec socca de Bernard<\/figcaption><\/figure><\/li><\/ul>\n\n\n\n<p class=\"wp-block-paragraph\"> Il nous reste assez de temps pour progresser jusqu\u2019au Lac de Beuil\u2026 Apr\u00e8s quelques observations du Crapaud du lieu, nous prenons le chemin du retour ce qui nous permet de voir sur la prairie au bas de notre sentier quelques marmottes\u2026<br> Au total, une journ\u00e9e tr\u00e8s agr\u00e9able et paisible sous un beau soleil.<br> A bient\u00f4t, Bernard<\/p>\n\n\n\n<figure class=\"wp-block-image\"><img loading=\"lazy\" decoding=\"async\" width=\"960\" height=\"720\" src=\"https:\/\/paca.lpo.fr\/blogs\/nice\/files\/2019\/05\/bloggroupe2-960x720.jpg\" alt=\"\" class=\"wp-image-2665\" srcset=\"https:\/\/paca.lpo.fr\/blogs\/nice\/files\/2019\/05\/bloggroupe2-960x720.jpg 960w, https:\/\/paca.lpo.fr\/blogs\/nice\/files\/2019\/05\/bloggroupe2-480x360.jpg 480w, https:\/\/paca.lpo.fr\/blogs\/nice\/files\/2019\/05\/bloggroupe2-768x576.jpg 768w, https:\/\/paca.lpo.fr\/blogs\/nice\/files\/2019\/05\/bloggroupe2-700x525.jpg 700w, https:\/\/paca.lpo.fr\/blogs\/nice\/files\/2019\/05\/bloggroupe2.jpg 968w\" sizes=\"auto, (max-width: 960px) 100vw, 960px\" \/><\/figure>\n\n\n\n<figure class=\"wp-block-image\"><img loading=\"lazy\" decoding=\"async\" width=\"960\" height=\"628\" src=\"https:\/\/paca.lpo.fr\/blogs\/nice\/files\/2019\/05\/blog2-960x628.jpg\" alt=\"\" class=\"wp-image-2666\" srcset=\"https:\/\/paca.lpo.fr\/blogs\/nice\/files\/2019\/05\/blog2-960x628.jpg 960w, https:\/\/paca.lpo.fr\/blogs\/nice\/files\/2019\/05\/blog2-480x314.jpg 480w, https:\/\/paca.lpo.fr\/blogs\/nice\/files\/2019\/05\/blog2-768x502.jpg 768w, https:\/\/paca.lpo.fr\/blogs\/nice\/files\/2019\/05\/blog2-700x458.jpg 700w, https:\/\/paca.lpo.fr\/blogs\/nice\/files\/2019\/05\/blog2.jpg 977w\" sizes=\"auto, (max-width: 960px) 100vw, 960px\" \/><\/figure>\n\n\n\n<figure class=\"wp-block-image\"><img loading=\"lazy\" decoding=\"async\" width=\"960\" height=\"720\" src=\"https:\/\/paca.lpo.fr\/blogs\/nice\/files\/2019\/05\/blog5-960x720.jpg\" alt=\"\" class=\"wp-image-2667\" srcset=\"https:\/\/paca.lpo.fr\/blogs\/nice\/files\/2019\/05\/blog5-960x720.jpg 960w, https:\/\/paca.lpo.fr\/blogs\/nice\/files\/2019\/05\/blog5-480x360.jpg 480w, https:\/\/paca.lpo.fr\/blogs\/nice\/files\/2019\/05\/blog5-768x576.jpg 768w, https:\/\/paca.lpo.fr\/blogs\/nice\/files\/2019\/05\/blog5-700x525.jpg 700w, https:\/\/paca.lpo.fr\/blogs\/nice\/files\/2019\/05\/blog5.jpg 968w\" sizes=\"auto, (max-width: 960px) 100vw, 960px\" \/><\/figure>\n","protected":false},"excerpt":{"rendered":"<p>Notre rendez vous matinal \u00e0 Carrefour Lingosti\u00e8re se passe bien, et nous partons tranquillement vers notre d\u00e9part p\u00e9destre qui se trouve \u00e0 Beuil. Nous remontons le Var, puis le Cians, et ses magnifiques gorges, avant de passer Beuil et de garer nos voitures \u00e0 la chapelle St. Anne. Le soleil est au rendez vous, et [&hellip;]<\/p>\n","protected":false},"author":15,"featured_media":2661,"comment_status":"open","ping_status":"open","sticky":false,"template":"","format":"standard","meta":{"footnotes":""},"categories":[80],"tags":[],"class_list":["post-2660","post","type-post","status-publish","format-standard","has-post-thumbnail","hentry","category-sorties-nature-2"],"yoast_head":"<!-- This site is optimized with the Yoast SEO plugin v28.3 - https:\/\/yoast.com\/product\/yoast-seo-wordpress\/ -->\n<title>Sortie \u00e0 Beuil-les-Launes le 28 avril - Groupe local Nice<\/title>\n<meta name=\"robots\" content=\"index, follow, max-snippet:-1, max-image-preview:large, max-video-preview:-1\" \/>\n<link rel=\"canonical\" href=\"https:\/\/paca.lpo.fr\/blogs\/nice\/2019\/05\/01\/sortie-a-beuil-les-launes-le-28-avril\/\" \/>\n<meta property=\"og:locale\" content=\"fr_FR\" \/>\n<meta property=\"og:type\" content=\"article\" \/>\n<meta property=\"og:title\" content=\"Sortie \u00e0 Beuil-les-Launes le 28 avril - Groupe local Nice\" \/>\n<meta property=\"og:description\" content=\"Notre rendez vous matinal \u00e0 Carrefour Lingosti\u00e8re se passe bien, et nous partons tranquillement vers notre d\u00e9part p\u00e9destre qui se trouve \u00e0 Beuil. Nous remontons le Var, puis le Cians, et ses magnifiques gorges, avant de passer Beuil et de garer nos voitures \u00e0 la chapelle St. Anne. Le soleil est au rendez vous, et [&hellip;]\" \/>\n<meta property=\"og:url\" content=\"https:\/\/paca.lpo.fr\/blogs\/nice\/2019\/05\/01\/sortie-a-beuil-les-launes-le-28-avril\/\" \/>\n<meta property=\"og:site_name\" content=\"Groupe local Nice\" \/>\n<meta property=\"article:published_time\" content=\"2019-05-01T09:37:33+00:00\" \/>\n<meta property=\"article:modified_time\" content=\"2019-05-01T09:42:27+00:00\" \/>\n<meta property=\"og:image\" content=\"https:\/\/paca.lpo.fr\/blogs\/nice\/files\/2019\/05\/blog-une.jpg\" \/>\n\t<meta property=\"og:image:width\" content=\"783\" \/>\n\t<meta property=\"og:image:height\" content=\"459\" \/>\n\t<meta property=\"og:image:type\" content=\"image\/jpeg\" \/>\n<meta name=\"author\" content=\"Groupe local Paillon-B\u00e9v\u00e9ra\" \/>\n<meta name=\"twitter:card\" content=\"summary_large_image\" \/>\n<meta name=\"twitter:label1\" content=\"\u00c9crit par\" \/>\n\t<meta name=\"twitter:data1\" content=\"Groupe local Paillon-B\u00e9v\u00e9ra\" \/>\n\t<meta name=\"twitter:label2\" content=\"Dur\u00e9e de lecture estim\u00e9e\" \/>\n\t<meta name=\"twitter:data2\" content=\"2 minutes\" \/>\n<script type=\"application\/ld+json\" class=\"yoast-schema-graph\">{\"@context\":\"https:\\\/\\\/schema.org\",\"@graph\":[{\"@type\":\"Article\",\"@id\":\"https:\\\/\\\/paca.lpo.fr\\\/blogs\\\/nice\\\/2019\\\/05\\\/01\\\/sortie-a-beuil-les-launes-le-28-avril\\\/#article\",\"isPartOf\":{\"@id\":\"https:\\\/\\\/paca.lpo.fr\\\/blogs\\\/nice\\\/2019\\\/05\\\/01\\\/sortie-a-beuil-les-launes-le-28-avril\\\/\"},\"author\":{\"name\":\"Groupe local Paillon-B\u00e9v\u00e9ra\",\"@id\":\"https:\\\/\\\/paca.lpo.fr\\\/blogs\\\/nice\\\/#\\\/schema\\\/person\\\/1bda33335fb71e0b3552487db26a4c56\"},\"headline\":\"Sortie \u00e0 Beuil-les-Launes le 28 avril\",\"datePublished\":\"2019-05-01T09:37:33+00:00\",\"dateModified\":\"2019-05-01T09:42:27+00:00\",\"mainEntityOfPage\":{\"@id\":\"https:\\\/\\\/paca.lpo.fr\\\/blogs\\\/nice\\\/2019\\\/05\\\/01\\\/sortie-a-beuil-les-launes-le-28-avril\\\/\"},\"wordCount\":339,\"commentCount\":0,\"publisher\":{\"@id\":\"https:\\\/\\\/paca.lpo.fr\\\/blogs\\\/nice\\\/#organization\"},\"image\":{\"@id\":\"https:\\\/\\\/paca.lpo.fr\\\/blogs\\\/nice\\\/2019\\\/05\\\/01\\\/sortie-a-beuil-les-launes-le-28-avril\\\/#primaryimage\"},\"thumbnailUrl\":\"https:\\\/\\\/paca.lpo.fr\\\/blogs\\\/nice\\\/files\\\/2019\\\/05\\\/blog-une.jpg\",\"articleSection\":[\"Sorties nature\"],\"inLanguage\":\"fr-FR\",\"potentialAction\":[{\"@type\":\"CommentAction\",\"name\":\"Comment\",\"target\":[\"https:\\\/\\\/paca.lpo.fr\\\/blogs\\\/nice\\\/2019\\\/05\\\/01\\\/sortie-a-beuil-les-launes-le-28-avril\\\/#respond\"]}]},{\"@type\":\"WebPage\",\"@id\":\"https:\\\/\\\/paca.lpo.fr\\\/blogs\\\/nice\\\/2019\\\/05\\\/01\\\/sortie-a-beuil-les-launes-le-28-avril\\\/\",\"url\":\"https:\\\/\\\/paca.lpo.fr\\\/blogs\\\/nice\\\/2019\\\/05\\\/01\\\/sortie-a-beuil-les-launes-le-28-avril\\\/\",\"name\":\"Sortie \u00e0 Beuil-les-Launes le 28 avril - Groupe local Nice\",\"isPartOf\":{\"@id\":\"https:\\\/\\\/paca.lpo.fr\\\/blogs\\\/nice\\\/#website\"},\"primaryImageOfPage\":{\"@id\":\"https:\\\/\\\/paca.lpo.fr\\\/blogs\\\/nice\\\/2019\\\/05\\\/01\\\/sortie-a-beuil-les-launes-le-28-avril\\\/#primaryimage\"},\"image\":{\"@id\":\"https:\\\/\\\/paca.lpo.fr\\\/blogs\\\/nice\\\/2019\\\/05\\\/01\\\/sortie-a-beuil-les-launes-le-28-avril\\\/#primaryimage\"},\"thumbnailUrl\":\"https:\\\/\\\/paca.lpo.fr\\\/blogs\\\/nice\\\/files\\\/2019\\\/05\\\/blog-une.jpg\",\"datePublished\":\"2019-05-01T09:37:33+00:00\",\"dateModified\":\"2019-05-01T09:42:27+00:00\",\"breadcrumb\":{\"@id\":\"https:\\\/\\\/paca.lpo.fr\\\/blogs\\\/nice\\\/2019\\\/05\\\/01\\\/sortie-a-beuil-les-launes-le-28-avril\\\/#breadcrumb\"},\"inLanguage\":\"fr-FR\",\"potentialAction\":[{\"@type\":\"ReadAction\",\"target\":[\"https:\\\/\\\/paca.lpo.fr\\\/blogs\\\/nice\\\/2019\\\/05\\\/01\\\/sortie-a-beuil-les-launes-le-28-avril\\\/\"]}]},{\"@type\":\"ImageObject\",\"inLanguage\":\"fr-FR\",\"@id\":\"https:\\\/\\\/paca.lpo.fr\\\/blogs\\\/nice\\\/2019\\\/05\\\/01\\\/sortie-a-beuil-les-launes-le-28-avril\\\/#primaryimage\",\"url\":\"https:\\\/\\\/paca.lpo.fr\\\/blogs\\\/nice\\\/files\\\/2019\\\/05\\\/blog-une.jpg\",\"contentUrl\":\"https:\\\/\\\/paca.lpo.fr\\\/blogs\\\/nice\\\/files\\\/2019\\\/05\\\/blog-une.jpg\",\"width\":783,\"height\":459,\"caption\":\"dav\"},{\"@type\":\"BreadcrumbList\",\"@id\":\"https:\\\/\\\/paca.lpo.fr\\\/blogs\\\/nice\\\/2019\\\/05\\\/01\\\/sortie-a-beuil-les-launes-le-28-avril\\\/#breadcrumb\",\"itemListElement\":[{\"@type\":\"ListItem\",\"position\":1,\"name\":\"Accueil\",\"item\":\"https:\\\/\\\/paca.lpo.fr\\\/blogs\\\/nice\\\/\"},{\"@type\":\"ListItem\",\"position\":2,\"name\":\"Sortie \u00e0 Beuil-les-Launes le 28 avril\"}]},{\"@type\":\"WebSite\",\"@id\":\"https:\\\/\\\/paca.lpo.fr\\\/blogs\\\/nice\\\/#website\",\"url\":\"https:\\\/\\\/paca.lpo.fr\\\/blogs\\\/nice\\\/\",\"name\":\"Groupe local Nice\",\"description\":\"Groupe local Nice\",\"publisher\":{\"@id\":\"https:\\\/\\\/paca.lpo.fr\\\/blogs\\\/nice\\\/#organization\"},\"potentialAction\":[{\"@type\":\"SearchAction\",\"target\":{\"@type\":\"EntryPoint\",\"urlTemplate\":\"https:\\\/\\\/paca.lpo.fr\\\/blogs\\\/nice\\\/?s={search_term_string}\"},\"query-input\":{\"@type\":\"PropertyValueSpecification\",\"valueRequired\":true,\"valueName\":\"search_term_string\"}}],\"inLanguage\":\"fr-FR\"},{\"@type\":\"Organization\",\"@id\":\"https:\\\/\\\/paca.lpo.fr\\\/blogs\\\/nice\\\/#organization\",\"name\":\"Groupe local Nice\",\"url\":\"https:\\\/\\\/paca.lpo.fr\\\/blogs\\\/nice\\\/\",\"logo\":{\"@type\":\"ImageObject\",\"inLanguage\":\"fr-FR\",\"@id\":\"https:\\\/\\\/paca.lpo.fr\\\/blogs\\\/nice\\\/#\\\/schema\\\/logo\\\/image\\\/\",\"url\":\"https:\\\/\\\/paca.lpo.fr\\\/blogs\\\/nice\\\/files\\\/2024\\\/01\\\/cropped-rvb-lpo-paca-logotype-signature-droite-mini-500.jpg\",\"contentUrl\":\"https:\\\/\\\/paca.lpo.fr\\\/blogs\\\/nice\\\/files\\\/2024\\\/01\\\/cropped-rvb-lpo-paca-logotype-signature-droite-mini-500.jpg\",\"width\":500,\"height\":210,\"caption\":\"Groupe local Nice\"},\"image\":{\"@id\":\"https:\\\/\\\/paca.lpo.fr\\\/blogs\\\/nice\\\/#\\\/schema\\\/logo\\\/image\\\/\"}},{\"@type\":\"Person\",\"@id\":\"https:\\\/\\\/paca.lpo.fr\\\/blogs\\\/nice\\\/#\\\/schema\\\/person\\\/1bda33335fb71e0b3552487db26a4c56\",\"name\":\"Groupe local Paillon-B\u00e9v\u00e9ra\",\"image\":{\"@type\":\"ImageObject\",\"inLanguage\":\"fr-FR\",\"@id\":\"https:\\\/\\\/secure.gravatar.com\\\/avatar\\\/b1ee285506e2cb880ec988990d360e255aecb31c77212741dace1023623610c2?s=96&d=mm&r=g\",\"url\":\"https:\\\/\\\/secure.gravatar.com\\\/avatar\\\/b1ee285506e2cb880ec988990d360e255aecb31c77212741dace1023623610c2?s=96&d=mm&r=g\",\"contentUrl\":\"https:\\\/\\\/secure.gravatar.com\\\/avatar\\\/b1ee285506e2cb880ec988990d360e255aecb31c77212741dace1023623610c2?s=96&d=mm&r=g\",\"caption\":\"Groupe local Paillon-B\u00e9v\u00e9ra\"},\"url\":\"https:\\\/\\\/paca.lpo.fr\\\/blogs\\\/nice\\\/author\\\/alpesmaritimesest\\\/\"}]}<\/script>\n<!-- \/ Yoast SEO plugin. -->","yoast_head_json":{"title":"Sortie \u00e0 Beuil-les-Launes le 28 avril - Groupe local Nice","robots":{"index":"index","follow":"follow","max-snippet":"max-snippet:-1","max-image-preview":"max-image-preview:large","max-video-preview":"max-video-preview:-1"},"canonical":"https:\/\/paca.lpo.fr\/blogs\/nice\/2019\/05\/01\/sortie-a-beuil-les-launes-le-28-avril\/","og_locale":"fr_FR","og_type":"article","og_title":"Sortie \u00e0 Beuil-les-Launes le 28 avril - Groupe local Nice","og_description":"Notre rendez vous matinal \u00e0 Carrefour Lingosti\u00e8re se passe bien, et nous partons tranquillement vers notre d\u00e9part p\u00e9destre qui se trouve \u00e0 Beuil. Nous remontons le Var, puis le Cians, et ses magnifiques gorges, avant de passer Beuil et de garer nos voitures \u00e0 la chapelle St. Anne. Le soleil est au rendez vous, et [&hellip;]","og_url":"https:\/\/paca.lpo.fr\/blogs\/nice\/2019\/05\/01\/sortie-a-beuil-les-launes-le-28-avril\/","og_site_name":"Groupe local Nice","article_published_time":"2019-05-01T09:37:33+00:00","article_modified_time":"2019-05-01T09:42:27+00:00","og_image":[{"width":783,"height":459,"url":"https:\/\/paca.lpo.fr\/blogs\/nice\/files\/2019\/05\/blog-une.jpg","type":"image\/jpeg"}],"author":"Groupe local Paillon-B\u00e9v\u00e9ra","twitter_card":"summary_large_image","twitter_misc":{"\u00c9crit par":"Groupe local Paillon-B\u00e9v\u00e9ra","Dur\u00e9e de lecture estim\u00e9e":"2 minutes"},"schema":{"@context":"https:\/\/schema.org","@graph":[{"@type":"Article","@id":"https:\/\/paca.lpo.fr\/blogs\/nice\/2019\/05\/01\/sortie-a-beuil-les-launes-le-28-avril\/#article","isPartOf":{"@id":"https:\/\/paca.lpo.fr\/blogs\/nice\/2019\/05\/01\/sortie-a-beuil-les-launes-le-28-avril\/"},"author":{"name":"Groupe local Paillon-B\u00e9v\u00e9ra","@id":"https:\/\/paca.lpo.fr\/blogs\/nice\/#\/schema\/person\/1bda33335fb71e0b3552487db26a4c56"},"headline":"Sortie \u00e0 Beuil-les-Launes le 28 avril","datePublished":"2019-05-01T09:37:33+00:00","dateModified":"2019-05-01T09:42:27+00:00","mainEntityOfPage":{"@id":"https:\/\/paca.lpo.fr\/blogs\/nice\/2019\/05\/01\/sortie-a-beuil-les-launes-le-28-avril\/"},"wordCount":339,"commentCount":0,"publisher":{"@id":"https:\/\/paca.lpo.fr\/blogs\/nice\/#organization"},"image":{"@id":"https:\/\/paca.lpo.fr\/blogs\/nice\/2019\/05\/01\/sortie-a-beuil-les-launes-le-28-avril\/#primaryimage"},"thumbnailUrl":"https:\/\/paca.lpo.fr\/blogs\/nice\/files\/2019\/05\/blog-une.jpg","articleSection":["Sorties nature"],"inLanguage":"fr-FR","potentialAction":[{"@type":"CommentAction","name":"Comment","target":["https:\/\/paca.lpo.fr\/blogs\/nice\/2019\/05\/01\/sortie-a-beuil-les-launes-le-28-avril\/#respond"]}]},{"@type":"WebPage","@id":"https:\/\/paca.lpo.fr\/blogs\/nice\/2019\/05\/01\/sortie-a-beuil-les-launes-le-28-avril\/","url":"https:\/\/paca.lpo.fr\/blogs\/nice\/2019\/05\/01\/sortie-a-beuil-les-launes-le-28-avril\/","name":"Sortie \u00e0 Beuil-les-Launes le 28 avril - Groupe local Nice","isPartOf":{"@id":"https:\/\/paca.lpo.fr\/blogs\/nice\/#website"},"primaryImageOfPage":{"@id":"https:\/\/paca.lpo.fr\/blogs\/nice\/2019\/05\/01\/sortie-a-beuil-les-launes-le-28-avril\/#primaryimage"},"image":{"@id":"https:\/\/paca.lpo.fr\/blogs\/nice\/2019\/05\/01\/sortie-a-beuil-les-launes-le-28-avril\/#primaryimage"},"thumbnailUrl":"https:\/\/paca.lpo.fr\/blogs\/nice\/files\/2019\/05\/blog-une.jpg","datePublished":"2019-05-01T09:37:33+00:00","dateModified":"2019-05-01T09:42:27+00:00","breadcrumb":{"@id":"https:\/\/paca.lpo.fr\/blogs\/nice\/2019\/05\/01\/sortie-a-beuil-les-launes-le-28-avril\/#breadcrumb"},"inLanguage":"fr-FR","potentialAction":[{"@type":"ReadAction","target":["https:\/\/paca.lpo.fr\/blogs\/nice\/2019\/05\/01\/sortie-a-beuil-les-launes-le-28-avril\/"]}]},{"@type":"ImageObject","inLanguage":"fr-FR","@id":"https:\/\/paca.lpo.fr\/blogs\/nice\/2019\/05\/01\/sortie-a-beuil-les-launes-le-28-avril\/#primaryimage","url":"https:\/\/paca.lpo.fr\/blogs\/nice\/files\/2019\/05\/blog-une.jpg","contentUrl":"https:\/\/paca.lpo.fr\/blogs\/nice\/files\/2019\/05\/blog-une.jpg","width":783,"height":459,"caption":"dav"},{"@type":"BreadcrumbList","@id":"https:\/\/paca.lpo.fr\/blogs\/nice\/2019\/05\/01\/sortie-a-beuil-les-launes-le-28-avril\/#breadcrumb","itemListElement":[{"@type":"ListItem","position":1,"name":"Accueil","item":"https:\/\/paca.lpo.fr\/blogs\/nice\/"},{"@type":"ListItem","position":2,"name":"Sortie \u00e0 Beuil-les-Launes le 28 avril"}]},{"@type":"WebSite","@id":"https:\/\/paca.lpo.fr\/blogs\/nice\/#website","url":"https:\/\/paca.lpo.fr\/blogs\/nice\/","name":"Groupe local Nice","description":"Groupe local Nice","publisher":{"@id":"https:\/\/paca.lpo.fr\/blogs\/nice\/#organization"},"potentialAction":[{"@type":"SearchAction","target":{"@type":"EntryPoint","urlTemplate":"https:\/\/paca.lpo.fr\/blogs\/nice\/?s={search_term_string}"},"query-input":{"@type":"PropertyValueSpecification","valueRequired":true,"valueName":"search_term_string"}}],"inLanguage":"fr-FR"},{"@type":"Organization","@id":"https:\/\/paca.lpo.fr\/blogs\/nice\/#organization","name":"Groupe local Nice","url":"https:\/\/paca.lpo.fr\/blogs\/nice\/","logo":{"@type":"ImageObject","inLanguage":"fr-FR","@id":"https:\/\/paca.lpo.fr\/blogs\/nice\/#\/schema\/logo\/image\/","url":"https:\/\/paca.lpo.fr\/blogs\/nice\/files\/2024\/01\/cropped-rvb-lpo-paca-logotype-signature-droite-mini-500.jpg","contentUrl":"https:\/\/paca.lpo.fr\/blogs\/nice\/files\/2024\/01\/cropped-rvb-lpo-paca-logotype-signature-droite-mini-500.jpg","width":500,"height":210,"caption":"Groupe local Nice"},"image":{"@id":"https:\/\/paca.lpo.fr\/blogs\/nice\/#\/schema\/logo\/image\/"}},{"@type":"Person","@id":"https:\/\/paca.lpo.fr\/blogs\/nice\/#\/schema\/person\/1bda33335fb71e0b3552487db26a4c56","name":"Groupe local Paillon-B\u00e9v\u00e9ra","image":{"@type":"ImageObject","inLanguage":"fr-FR","@id":"https:\/\/secure.gravatar.com\/avatar\/b1ee285506e2cb880ec988990d360e255aecb31c77212741dace1023623610c2?s=96&d=mm&r=g","url":"https:\/\/secure.gravatar.com\/avatar\/b1ee285506e2cb880ec988990d360e255aecb31c77212741dace1023623610c2?s=96&d=mm&r=g","contentUrl":"https:\/\/secure.gravatar.com\/avatar\/b1ee285506e2cb880ec988990d360e255aecb31c77212741dace1023623610c2?s=96&d=mm&r=g","caption":"Groupe local Paillon-B\u00e9v\u00e9ra"},"url":"https:\/\/paca.lpo.fr\/blogs\/nice\/author\/alpesmaritimesest\/"}]}},"jetpack_featured_media_url":"https:\/\/paca.lpo.fr\/blogs\/nice\/files\/2019\/05\/blog-une.jpg","_links":{"self":[{"href":"https:\/\/paca.lpo.fr\/blogs\/nice\/wp-json\/wp\/v2\/posts\/2660","targetHints":{"allow":["GET"]}}],"collection":[{"href":"https:\/\/paca.lpo.fr\/blogs\/nice\/wp-json\/wp\/v2\/posts"}],"about":[{"href":"https:\/\/paca.lpo.fr\/blogs\/nice\/wp-json\/wp\/v2\/types\/post"}],"author":[{"embeddable":true,"href":"https:\/\/paca.lpo.fr\/blogs\/nice\/wp-json\/wp\/v2\/users\/15"}],"replies":[{"embeddable":true,"href":"https:\/\/paca.lpo.fr\/blogs\/nice\/wp-json\/wp\/v2\/comments?post=2660"}],"version-history":[{"count":2,"href":"https:\/\/paca.lpo.fr\/blogs\/nice\/wp-json\/wp\/v2\/posts\/2660\/revisions"}],"predecessor-version":[{"id":2669,"href":"https:\/\/paca.lpo.fr\/blogs\/nice\/wp-json\/wp\/v2\/posts\/2660\/revisions\/2669"}],"wp:featuredmedia":[{"embeddable":true,"href":"https:\/\/paca.lpo.fr\/blogs\/nice\/wp-json\/wp\/v2\/media\/2661"}],"wp:attachment":[{"href":"https:\/\/paca.lpo.fr\/blogs\/nice\/wp-json\/wp\/v2\/media?parent=2660"}],"wp:term":[{"taxonomy":"category","embeddable":true,"href":"https:\/\/paca.lpo.fr\/blogs\/nice\/wp-json\/wp\/v2\/categories?post=2660"},{"taxonomy":"post_tag","embeddable":true,"href":"https:\/\/paca.lpo.fr\/blogs\/nice\/wp-json\/wp\/v2\/tags?post=2660"}],"curies":[{"name":"wp","href":"https:\/\/api.w.org\/{rel}","templated":true}]}}