{"id":2715,"date":"2019-05-30T17:26:00","date_gmt":"2019-05-30T16:26:00","guid":{"rendered":"https:\/\/paca.lpo.fr\/blogs\/nice\/?p=2715"},"modified":"2019-05-30T17:30:14","modified_gmt":"2019-05-30T16:30:14","slug":"decouverte-de-la-nature-de-proximite-sur-le-quartier-de-lariane","status":"publish","type":"post","link":"https:\/\/paca.lpo.fr\/blogs\/nice\/2019\/05\/30\/decouverte-de-la-nature-de-proximite-sur-le-quartier-de-lariane\/","title":{"rendered":"D\u00e9couverte de la nature de proximit\u00e9 sur le quartier de l\u2019Ariane"},"content":{"rendered":"\n<p><br>Le Groupe Local Littoral Ni\u00e7ois et Mentonnais a souhait\u00e9 s\u2019associer \u00e0 l\u2019excellent travail de lien social et de lien avec la nature accompagn\u00e9 par l\u2019association La ManuFabriK et r\u00e9alis\u00e9 par des habitants et habitantes de l\u2019Ariane regroup\u00e9s en collectifs. Gr\u00e2ce \u00e0 un Troph\u00e9e de l\u2019Environnement de la ville de Nice, plusieurs activit\u00e9s de d\u00e9couverte de la nature de proximit\u00e9 seront propos\u00e9es aux habitants du quartier de l\u2019Ariane durant l\u2019ann\u00e9e 2019. <br>Ce samedi 25 mai, \u00e0 l\u2019occasion de la F\u00eate de la Nature, le jardin partag\u00e9 de La Panpa et le Jardin de l\u2019Oasis sont devenus Refuges LPO au cours d\u2019un apr\u00e8s-midi convivial et ludique de d\u00e9couverte de la nature en pr\u00e9sence des jardiniers et jardini\u00e8res. Un nichoir pour m\u00e9sanges a \u00e9t\u00e9 pos\u00e9 dans chacun des deux jardins, les enfants ont appris \u00e0 mieux connaitre les oiseaux \u00e0 travers diff\u00e9rents jeux et animations, les visiteurs ont d\u00e9couvert l\u2019expo \u00abRefuges\u00bb LPO et \u00e9chang\u00e9 sur le jardinage nature avec nos b\u00e9n\u00e9voles. Chacun a re\u00e7u une plaquette \u00ab Les Oiseaux de Nice \u00bb, toujours tr\u00e8s surpris d\u2019apprendre que 343 esp\u00e8ces d\u2019oiseaux peuvent \u00eatre observ\u00e9es sur la commune. <br>Prochain rendez-vous le vendredi 6 septembre pour une d\u00e9couverte plus d\u00e9taill\u00e9e des oiseaux de Nice et les esp\u00e8ces embl\u00e9matiques de la ville.<\/p>\n\n\n\n<figure class=\"wp-block-image\"><img loading=\"lazy\" decoding=\"async\" width=\"960\" height=\"720\" src=\"https:\/\/paca.lpo.fr\/blogs\/nice\/files\/2019\/05\/blog2-1-1-960x720.jpg\" alt=\"\" class=\"wp-image-2716\" srcset=\"https:\/\/paca.lpo.fr\/blogs\/nice\/files\/2019\/05\/blog2-1-1-960x720.jpg 960w, https:\/\/paca.lpo.fr\/blogs\/nice\/files\/2019\/05\/blog2-1-1-480x360.jpg 480w, https:\/\/paca.lpo.fr\/blogs\/nice\/files\/2019\/05\/blog2-1-1-768x576.jpg 768w, https:\/\/paca.lpo.fr\/blogs\/nice\/files\/2019\/05\/blog2-1-1-700x525.jpg 700w, https:\/\/paca.lpo.fr\/blogs\/nice\/files\/2019\/05\/blog2-1-1.jpg 968w\" sizes=\"auto, (max-width: 960px) 100vw, 960px\" \/><figcaption>Accueil des premiers visiteurs et visite des plantations des jardiniers<br><br><\/figcaption><\/figure>\n\n\n\n<figure class=\"wp-block-image\"><img loading=\"lazy\" decoding=\"async\" width=\"821\" height=\"615\" src=\"https:\/\/paca.lpo.fr\/blogs\/nice\/files\/2019\/05\/blog1-4.jpg\" alt=\"\" class=\"wp-image-2717\" srcset=\"https:\/\/paca.lpo.fr\/blogs\/nice\/files\/2019\/05\/blog1-4.jpg 821w, https:\/\/paca.lpo.fr\/blogs\/nice\/files\/2019\/05\/blog1-4-480x360.jpg 480w, https:\/\/paca.lpo.fr\/blogs\/nice\/files\/2019\/05\/blog1-4-768x575.jpg 768w, https:\/\/paca.lpo.fr\/blogs\/nice\/files\/2019\/05\/blog1-4-700x524.jpg 700w\" sizes=\"auto, (max-width: 821px) 100vw, 821px\" \/><figcaption>Explications sur le besoin de nichoirs artificiels et les esp\u00e8ces qui peuvent en b\u00e9n\u00e9ficier<br><\/figcaption><\/figure>\n\n\n\n<figure class=\"wp-block-image\"><img loading=\"lazy\" decoding=\"async\" width=\"960\" height=\"721\" src=\"https:\/\/paca.lpo.fr\/blogs\/nice\/files\/2019\/05\/blog4-1-960x721.jpg\" alt=\"\" class=\"wp-image-2719\" srcset=\"https:\/\/paca.lpo.fr\/blogs\/nice\/files\/2019\/05\/blog4-1-960x721.jpg 960w, https:\/\/paca.lpo.fr\/blogs\/nice\/files\/2019\/05\/blog4-1-480x360.jpg 480w, https:\/\/paca.lpo.fr\/blogs\/nice\/files\/2019\/05\/blog4-1-768x577.jpg 768w, https:\/\/paca.lpo.fr\/blogs\/nice\/files\/2019\/05\/blog4-1-700x526.jpg 700w, https:\/\/paca.lpo.fr\/blogs\/nice\/files\/2019\/05\/blog4-1.jpg 987w\" sizes=\"auto, (max-width: 960px) 100vw, 960px\" \/><figcaption>Jeux pour les enfants et \u00e9changes entre les participantsdav<\/figcaption><\/figure>\n\n\n\n<figure class=\"wp-block-image\"><img loading=\"lazy\" decoding=\"async\" width=\"960\" height=\"721\" src=\"https:\/\/paca.lpo.fr\/blogs\/nice\/files\/2019\/05\/blog5-1-960x721.jpg\" alt=\"\" class=\"wp-image-2718\" srcset=\"https:\/\/paca.lpo.fr\/blogs\/nice\/files\/2019\/05\/blog5-1-960x721.jpg 960w, https:\/\/paca.lpo.fr\/blogs\/nice\/files\/2019\/05\/blog5-1-480x360.jpg 480w, https:\/\/paca.lpo.fr\/blogs\/nice\/files\/2019\/05\/blog5-1-768x577.jpg 768w, https:\/\/paca.lpo.fr\/blogs\/nice\/files\/2019\/05\/blog5-1-700x526.jpg 700w, https:\/\/paca.lpo.fr\/blogs\/nice\/files\/2019\/05\/blog5-1.jpg 987w\" sizes=\"auto, (max-width: 960px) 100vw, 960px\" \/><figcaption>jeux pour les enfants Jardin de la Panpa<br><\/figcaption><\/figure>\n\n\n\n<figure class=\"wp-block-image\"><img loading=\"lazy\" decoding=\"async\" width=\"600\" height=\"800\" src=\"https:\/\/paca.lpo.fr\/blogs\/nice\/files\/2019\/05\/blogoasis2-600x800.jpg\" alt=\"\" class=\"wp-image-2720\" srcset=\"https:\/\/paca.lpo.fr\/blogs\/nice\/files\/2019\/05\/blogoasis2-600x800.jpg 600w, https:\/\/paca.lpo.fr\/blogs\/nice\/files\/2019\/05\/blogoasis2-360x480.jpg 360w, https:\/\/paca.lpo.fr\/blogs\/nice\/files\/2019\/05\/blogoasis2-700x934.jpg 700w, https:\/\/paca.lpo.fr\/blogs\/nice\/files\/2019\/05\/blogoasis2.jpg 743w\" sizes=\"auto, (max-width: 600px) 100vw, 600px\" \/><figcaption>balade dans le cadre naturel et verdoyant du Jardin de l&rsquo;Oasis<br><\/figcaption><\/figure>\n\n\n\n<figure class=\"wp-block-image\"><img loading=\"lazy\" decoding=\"async\" width=\"600\" height=\"800\" src=\"https:\/\/paca.lpo.fr\/blogs\/nice\/files\/2019\/05\/blogoasis3-600x800.jpg\" alt=\"\" class=\"wp-image-2721\" srcset=\"https:\/\/paca.lpo.fr\/blogs\/nice\/files\/2019\/05\/blogoasis3-600x800.jpg 600w, https:\/\/paca.lpo.fr\/blogs\/nice\/files\/2019\/05\/blogoasis3-360x480.jpg 360w, https:\/\/paca.lpo.fr\/blogs\/nice\/files\/2019\/05\/blogoasis3-700x934.jpg 700w, https:\/\/paca.lpo.fr\/blogs\/nice\/files\/2019\/05\/blogoasis3.jpg 743w\" sizes=\"auto, (max-width: 600px) 100vw, 600px\" \/><figcaption>Pose de nichoir \u00e0 m\u00e9sange, Jardin de l&rsquo;Oasisdav<\/figcaption><\/figure>\n\n\n","protected":false},"excerpt":{"rendered":"","protected":false},"author":15,"featured_media":2724,"comment_status":"open","ping_status":"open","sticky":false,"template":"","format":"standard","meta":{"footnotes":""},"categories":[79,77],"tags":[],"class_list":["post-2715","post","type-post","status-publish","format-standard","has-post-thumbnail","hentry","category-education-a-lenvironnement","category-grands-evenements"],"yoast_head":"<!-- This site is optimized with the Yoast SEO plugin v28.3 - https:\/\/yoast.com\/product\/yoast-seo-wordpress\/ -->\n<title>D\u00e9couverte de la nature de proximit\u00e9 sur le quartier de l\u2019Ariane - Groupe local Nice<\/title>\n<meta name=\"robots\" content=\"index, follow, max-snippet:-1, max-image-preview:large, max-video-preview:-1\" \/>\n<link rel=\"canonical\" href=\"https:\/\/paca.lpo.fr\/blogs\/nice\/2019\/05\/30\/decouverte-de-la-nature-de-proximite-sur-le-quartier-de-lariane\/\" \/>\n<meta property=\"og:locale\" content=\"fr_FR\" \/>\n<meta property=\"og:type\" content=\"article\" \/>\n<meta property=\"og:title\" content=\"D\u00e9couverte de la nature de proximit\u00e9 sur le quartier de l\u2019Ariane - Groupe local Nice\" \/>\n<meta property=\"og:url\" content=\"https:\/\/paca.lpo.fr\/blogs\/nice\/2019\/05\/30\/decouverte-de-la-nature-de-proximite-sur-le-quartier-de-lariane\/\" \/>\n<meta property=\"og:site_name\" content=\"Groupe local Nice\" \/>\n<meta property=\"article:published_time\" content=\"2019-05-30T16:26:00+00:00\" \/>\n<meta property=\"article:modified_time\" content=\"2019-05-30T16:30:14+00:00\" \/>\n<meta property=\"og:image\" content=\"https:\/\/paca.lpo.fr\/blogs\/nice\/files\/2019\/05\/blogune-2.jpg\" \/>\n\t<meta property=\"og:image:width\" content=\"737\" \/>\n\t<meta property=\"og:image:height\" content=\"553\" \/>\n\t<meta property=\"og:image:type\" content=\"image\/jpeg\" \/>\n<meta name=\"author\" content=\"Groupe local Paillon-B\u00e9v\u00e9ra\" \/>\n<meta name=\"twitter:card\" content=\"summary_large_image\" \/>\n<meta name=\"twitter:label1\" content=\"\u00c9crit par\" \/>\n\t<meta name=\"twitter:data1\" content=\"Groupe local Paillon-B\u00e9v\u00e9ra\" \/>\n\t<meta name=\"twitter:label2\" content=\"Dur\u00e9e de lecture estim\u00e9e\" \/>\n\t<meta name=\"twitter:data2\" content=\"1 minute\" \/>\n<script type=\"application\/ld+json\" class=\"yoast-schema-graph\">{\"@context\":\"https:\\\/\\\/schema.org\",\"@graph\":[{\"@type\":\"Article\",\"@id\":\"https:\\\/\\\/paca.lpo.fr\\\/blogs\\\/nice\\\/2019\\\/05\\\/30\\\/decouverte-de-la-nature-de-proximite-sur-le-quartier-de-lariane\\\/#article\",\"isPartOf\":{\"@id\":\"https:\\\/\\\/paca.lpo.fr\\\/blogs\\\/nice\\\/2019\\\/05\\\/30\\\/decouverte-de-la-nature-de-proximite-sur-le-quartier-de-lariane\\\/\"},\"author\":{\"name\":\"Groupe local Paillon-B\u00e9v\u00e9ra\",\"@id\":\"https:\\\/\\\/paca.lpo.fr\\\/blogs\\\/nice\\\/#\\\/schema\\\/person\\\/1bda33335fb71e0b3552487db26a4c56\"},\"headline\":\"D\u00e9couverte de la nature de proximit\u00e9 sur le quartier de l\u2019Ariane\",\"datePublished\":\"2019-05-30T16:26:00+00:00\",\"dateModified\":\"2019-05-30T16:30:14+00:00\",\"mainEntityOfPage\":{\"@id\":\"https:\\\/\\\/paca.lpo.fr\\\/blogs\\\/nice\\\/2019\\\/05\\\/30\\\/decouverte-de-la-nature-de-proximite-sur-le-quartier-de-lariane\\\/\"},\"wordCount\":313,\"commentCount\":0,\"publisher\":{\"@id\":\"https:\\\/\\\/paca.lpo.fr\\\/blogs\\\/nice\\\/#organization\"},\"image\":{\"@id\":\"https:\\\/\\\/paca.lpo.fr\\\/blogs\\\/nice\\\/2019\\\/05\\\/30\\\/decouverte-de-la-nature-de-proximite-sur-le-quartier-de-lariane\\\/#primaryimage\"},\"thumbnailUrl\":\"https:\\\/\\\/paca.lpo.fr\\\/blogs\\\/nice\\\/files\\\/2019\\\/05\\\/blogune-2.jpg\",\"articleSection\":[\"Education \u00e0 l'environnement\",\"Grands \u00e9v\u00e8nements\"],\"inLanguage\":\"fr-FR\",\"potentialAction\":[{\"@type\":\"CommentAction\",\"name\":\"Comment\",\"target\":[\"https:\\\/\\\/paca.lpo.fr\\\/blogs\\\/nice\\\/2019\\\/05\\\/30\\\/decouverte-de-la-nature-de-proximite-sur-le-quartier-de-lariane\\\/#respond\"]}]},{\"@type\":\"WebPage\",\"@id\":\"https:\\\/\\\/paca.lpo.fr\\\/blogs\\\/nice\\\/2019\\\/05\\\/30\\\/decouverte-de-la-nature-de-proximite-sur-le-quartier-de-lariane\\\/\",\"url\":\"https:\\\/\\\/paca.lpo.fr\\\/blogs\\\/nice\\\/2019\\\/05\\\/30\\\/decouverte-de-la-nature-de-proximite-sur-le-quartier-de-lariane\\\/\",\"name\":\"D\u00e9couverte de la nature de proximit\u00e9 sur le quartier de l\u2019Ariane - Groupe local Nice\",\"isPartOf\":{\"@id\":\"https:\\\/\\\/paca.lpo.fr\\\/blogs\\\/nice\\\/#website\"},\"primaryImageOfPage\":{\"@id\":\"https:\\\/\\\/paca.lpo.fr\\\/blogs\\\/nice\\\/2019\\\/05\\\/30\\\/decouverte-de-la-nature-de-proximite-sur-le-quartier-de-lariane\\\/#primaryimage\"},\"image\":{\"@id\":\"https:\\\/\\\/paca.lpo.fr\\\/blogs\\\/nice\\\/2019\\\/05\\\/30\\\/decouverte-de-la-nature-de-proximite-sur-le-quartier-de-lariane\\\/#primaryimage\"},\"thumbnailUrl\":\"https:\\\/\\\/paca.lpo.fr\\\/blogs\\\/nice\\\/files\\\/2019\\\/05\\\/blogune-2.jpg\",\"datePublished\":\"2019-05-30T16:26:00+00:00\",\"dateModified\":\"2019-05-30T16:30:14+00:00\",\"breadcrumb\":{\"@id\":\"https:\\\/\\\/paca.lpo.fr\\\/blogs\\\/nice\\\/2019\\\/05\\\/30\\\/decouverte-de-la-nature-de-proximite-sur-le-quartier-de-lariane\\\/#breadcrumb\"},\"inLanguage\":\"fr-FR\",\"potentialAction\":[{\"@type\":\"ReadAction\",\"target\":[\"https:\\\/\\\/paca.lpo.fr\\\/blogs\\\/nice\\\/2019\\\/05\\\/30\\\/decouverte-de-la-nature-de-proximite-sur-le-quartier-de-lariane\\\/\"]}]},{\"@type\":\"ImageObject\",\"inLanguage\":\"fr-FR\",\"@id\":\"https:\\\/\\\/paca.lpo.fr\\\/blogs\\\/nice\\\/2019\\\/05\\\/30\\\/decouverte-de-la-nature-de-proximite-sur-le-quartier-de-lariane\\\/#primaryimage\",\"url\":\"https:\\\/\\\/paca.lpo.fr\\\/blogs\\\/nice\\\/files\\\/2019\\\/05\\\/blogune-2.jpg\",\"contentUrl\":\"https:\\\/\\\/paca.lpo.fr\\\/blogs\\\/nice\\\/files\\\/2019\\\/05\\\/blogune-2.jpg\",\"width\":737,\"height\":553,\"caption\":\"dav\"},{\"@type\":\"BreadcrumbList\",\"@id\":\"https:\\\/\\\/paca.lpo.fr\\\/blogs\\\/nice\\\/2019\\\/05\\\/30\\\/decouverte-de-la-nature-de-proximite-sur-le-quartier-de-lariane\\\/#breadcrumb\",\"itemListElement\":[{\"@type\":\"ListItem\",\"position\":1,\"name\":\"Accueil\",\"item\":\"https:\\\/\\\/paca.lpo.fr\\\/blogs\\\/nice\\\/\"},{\"@type\":\"ListItem\",\"position\":2,\"name\":\"D\u00e9couverte de la nature de proximit\u00e9 sur le quartier de l\u2019Ariane\"}]},{\"@type\":\"WebSite\",\"@id\":\"https:\\\/\\\/paca.lpo.fr\\\/blogs\\\/nice\\\/#website\",\"url\":\"https:\\\/\\\/paca.lpo.fr\\\/blogs\\\/nice\\\/\",\"name\":\"Groupe local Nice\",\"description\":\"Groupe local Nice\",\"publisher\":{\"@id\":\"https:\\\/\\\/paca.lpo.fr\\\/blogs\\\/nice\\\/#organization\"},\"potentialAction\":[{\"@type\":\"SearchAction\",\"target\":{\"@type\":\"EntryPoint\",\"urlTemplate\":\"https:\\\/\\\/paca.lpo.fr\\\/blogs\\\/nice\\\/?s={search_term_string}\"},\"query-input\":{\"@type\":\"PropertyValueSpecification\",\"valueRequired\":true,\"valueName\":\"search_term_string\"}}],\"inLanguage\":\"fr-FR\"},{\"@type\":\"Organization\",\"@id\":\"https:\\\/\\\/paca.lpo.fr\\\/blogs\\\/nice\\\/#organization\",\"name\":\"Groupe local Nice\",\"url\":\"https:\\\/\\\/paca.lpo.fr\\\/blogs\\\/nice\\\/\",\"logo\":{\"@type\":\"ImageObject\",\"inLanguage\":\"fr-FR\",\"@id\":\"https:\\\/\\\/paca.lpo.fr\\\/blogs\\\/nice\\\/#\\\/schema\\\/logo\\\/image\\\/\",\"url\":\"https:\\\/\\\/paca.lpo.fr\\\/blogs\\\/nice\\\/files\\\/2024\\\/01\\\/cropped-rvb-lpo-paca-logotype-signature-droite-mini-500.jpg\",\"contentUrl\":\"https:\\\/\\\/paca.lpo.fr\\\/blogs\\\/nice\\\/files\\\/2024\\\/01\\\/cropped-rvb-lpo-paca-logotype-signature-droite-mini-500.jpg\",\"width\":500,\"height\":210,\"caption\":\"Groupe local Nice\"},\"image\":{\"@id\":\"https:\\\/\\\/paca.lpo.fr\\\/blogs\\\/nice\\\/#\\\/schema\\\/logo\\\/image\\\/\"}},{\"@type\":\"Person\",\"@id\":\"https:\\\/\\\/paca.lpo.fr\\\/blogs\\\/nice\\\/#\\\/schema\\\/person\\\/1bda33335fb71e0b3552487db26a4c56\",\"name\":\"Groupe local Paillon-B\u00e9v\u00e9ra\",\"image\":{\"@type\":\"ImageObject\",\"inLanguage\":\"fr-FR\",\"@id\":\"https:\\\/\\\/secure.gravatar.com\\\/avatar\\\/b1ee285506e2cb880ec988990d360e255aecb31c77212741dace1023623610c2?s=96&d=mm&r=g\",\"url\":\"https:\\\/\\\/secure.gravatar.com\\\/avatar\\\/b1ee285506e2cb880ec988990d360e255aecb31c77212741dace1023623610c2?s=96&d=mm&r=g\",\"contentUrl\":\"https:\\\/\\\/secure.gravatar.com\\\/avatar\\\/b1ee285506e2cb880ec988990d360e255aecb31c77212741dace1023623610c2?s=96&d=mm&r=g\",\"caption\":\"Groupe local Paillon-B\u00e9v\u00e9ra\"},\"url\":\"https:\\\/\\\/paca.lpo.fr\\\/blogs\\\/nice\\\/author\\\/alpesmaritimesest\\\/\"}]}<\/script>\n<!-- \/ Yoast SEO plugin. -->","yoast_head_json":{"title":"D\u00e9couverte de la nature de proximit\u00e9 sur le quartier de l\u2019Ariane - Groupe local Nice","robots":{"index":"index","follow":"follow","max-snippet":"max-snippet:-1","max-image-preview":"max-image-preview:large","max-video-preview":"max-video-preview:-1"},"canonical":"https:\/\/paca.lpo.fr\/blogs\/nice\/2019\/05\/30\/decouverte-de-la-nature-de-proximite-sur-le-quartier-de-lariane\/","og_locale":"fr_FR","og_type":"article","og_title":"D\u00e9couverte de la nature de proximit\u00e9 sur le quartier de l\u2019Ariane - Groupe local Nice","og_url":"https:\/\/paca.lpo.fr\/blogs\/nice\/2019\/05\/30\/decouverte-de-la-nature-de-proximite-sur-le-quartier-de-lariane\/","og_site_name":"Groupe local Nice","article_published_time":"2019-05-30T16:26:00+00:00","article_modified_time":"2019-05-30T16:30:14+00:00","og_image":[{"width":737,"height":553,"url":"https:\/\/paca.lpo.fr\/blogs\/nice\/files\/2019\/05\/blogune-2.jpg","type":"image\/jpeg"}],"author":"Groupe local Paillon-B\u00e9v\u00e9ra","twitter_card":"summary_large_image","twitter_misc":{"\u00c9crit par":"Groupe local Paillon-B\u00e9v\u00e9ra","Dur\u00e9e de lecture estim\u00e9e":"1 minute"},"schema":{"@context":"https:\/\/schema.org","@graph":[{"@type":"Article","@id":"https:\/\/paca.lpo.fr\/blogs\/nice\/2019\/05\/30\/decouverte-de-la-nature-de-proximite-sur-le-quartier-de-lariane\/#article","isPartOf":{"@id":"https:\/\/paca.lpo.fr\/blogs\/nice\/2019\/05\/30\/decouverte-de-la-nature-de-proximite-sur-le-quartier-de-lariane\/"},"author":{"name":"Groupe local Paillon-B\u00e9v\u00e9ra","@id":"https:\/\/paca.lpo.fr\/blogs\/nice\/#\/schema\/person\/1bda33335fb71e0b3552487db26a4c56"},"headline":"D\u00e9couverte de la nature de proximit\u00e9 sur le quartier de l\u2019Ariane","datePublished":"2019-05-30T16:26:00+00:00","dateModified":"2019-05-30T16:30:14+00:00","mainEntityOfPage":{"@id":"https:\/\/paca.lpo.fr\/blogs\/nice\/2019\/05\/30\/decouverte-de-la-nature-de-proximite-sur-le-quartier-de-lariane\/"},"wordCount":313,"commentCount":0,"publisher":{"@id":"https:\/\/paca.lpo.fr\/blogs\/nice\/#organization"},"image":{"@id":"https:\/\/paca.lpo.fr\/blogs\/nice\/2019\/05\/30\/decouverte-de-la-nature-de-proximite-sur-le-quartier-de-lariane\/#primaryimage"},"thumbnailUrl":"https:\/\/paca.lpo.fr\/blogs\/nice\/files\/2019\/05\/blogune-2.jpg","articleSection":["Education \u00e0 l'environnement","Grands \u00e9v\u00e8nements"],"inLanguage":"fr-FR","potentialAction":[{"@type":"CommentAction","name":"Comment","target":["https:\/\/paca.lpo.fr\/blogs\/nice\/2019\/05\/30\/decouverte-de-la-nature-de-proximite-sur-le-quartier-de-lariane\/#respond"]}]},{"@type":"WebPage","@id":"https:\/\/paca.lpo.fr\/blogs\/nice\/2019\/05\/30\/decouverte-de-la-nature-de-proximite-sur-le-quartier-de-lariane\/","url":"https:\/\/paca.lpo.fr\/blogs\/nice\/2019\/05\/30\/decouverte-de-la-nature-de-proximite-sur-le-quartier-de-lariane\/","name":"D\u00e9couverte de la nature de proximit\u00e9 sur le quartier de l\u2019Ariane - Groupe local Nice","isPartOf":{"@id":"https:\/\/paca.lpo.fr\/blogs\/nice\/#website"},"primaryImageOfPage":{"@id":"https:\/\/paca.lpo.fr\/blogs\/nice\/2019\/05\/30\/decouverte-de-la-nature-de-proximite-sur-le-quartier-de-lariane\/#primaryimage"},"image":{"@id":"https:\/\/paca.lpo.fr\/blogs\/nice\/2019\/05\/30\/decouverte-de-la-nature-de-proximite-sur-le-quartier-de-lariane\/#primaryimage"},"thumbnailUrl":"https:\/\/paca.lpo.fr\/blogs\/nice\/files\/2019\/05\/blogune-2.jpg","datePublished":"2019-05-30T16:26:00+00:00","dateModified":"2019-05-30T16:30:14+00:00","breadcrumb":{"@id":"https:\/\/paca.lpo.fr\/blogs\/nice\/2019\/05\/30\/decouverte-de-la-nature-de-proximite-sur-le-quartier-de-lariane\/#breadcrumb"},"inLanguage":"fr-FR","potentialAction":[{"@type":"ReadAction","target":["https:\/\/paca.lpo.fr\/blogs\/nice\/2019\/05\/30\/decouverte-de-la-nature-de-proximite-sur-le-quartier-de-lariane\/"]}]},{"@type":"ImageObject","inLanguage":"fr-FR","@id":"https:\/\/paca.lpo.fr\/blogs\/nice\/2019\/05\/30\/decouverte-de-la-nature-de-proximite-sur-le-quartier-de-lariane\/#primaryimage","url":"https:\/\/paca.lpo.fr\/blogs\/nice\/files\/2019\/05\/blogune-2.jpg","contentUrl":"https:\/\/paca.lpo.fr\/blogs\/nice\/files\/2019\/05\/blogune-2.jpg","width":737,"height":553,"caption":"dav"},{"@type":"BreadcrumbList","@id":"https:\/\/paca.lpo.fr\/blogs\/nice\/2019\/05\/30\/decouverte-de-la-nature-de-proximite-sur-le-quartier-de-lariane\/#breadcrumb","itemListElement":[{"@type":"ListItem","position":1,"name":"Accueil","item":"https:\/\/paca.lpo.fr\/blogs\/nice\/"},{"@type":"ListItem","position":2,"name":"D\u00e9couverte de la nature de proximit\u00e9 sur le quartier de l\u2019Ariane"}]},{"@type":"WebSite","@id":"https:\/\/paca.lpo.fr\/blogs\/nice\/#website","url":"https:\/\/paca.lpo.fr\/blogs\/nice\/","name":"Groupe local Nice","description":"Groupe local Nice","publisher":{"@id":"https:\/\/paca.lpo.fr\/blogs\/nice\/#organization"},"potentialAction":[{"@type":"SearchAction","target":{"@type":"EntryPoint","urlTemplate":"https:\/\/paca.lpo.fr\/blogs\/nice\/?s={search_term_string}"},"query-input":{"@type":"PropertyValueSpecification","valueRequired":true,"valueName":"search_term_string"}}],"inLanguage":"fr-FR"},{"@type":"Organization","@id":"https:\/\/paca.lpo.fr\/blogs\/nice\/#organization","name":"Groupe local Nice","url":"https:\/\/paca.lpo.fr\/blogs\/nice\/","logo":{"@type":"ImageObject","inLanguage":"fr-FR","@id":"https:\/\/paca.lpo.fr\/blogs\/nice\/#\/schema\/logo\/image\/","url":"https:\/\/paca.lpo.fr\/blogs\/nice\/files\/2024\/01\/cropped-rvb-lpo-paca-logotype-signature-droite-mini-500.jpg","contentUrl":"https:\/\/paca.lpo.fr\/blogs\/nice\/files\/2024\/01\/cropped-rvb-lpo-paca-logotype-signature-droite-mini-500.jpg","width":500,"height":210,"caption":"Groupe local Nice"},"image":{"@id":"https:\/\/paca.lpo.fr\/blogs\/nice\/#\/schema\/logo\/image\/"}},{"@type":"Person","@id":"https:\/\/paca.lpo.fr\/blogs\/nice\/#\/schema\/person\/1bda33335fb71e0b3552487db26a4c56","name":"Groupe local Paillon-B\u00e9v\u00e9ra","image":{"@type":"ImageObject","inLanguage":"fr-FR","@id":"https:\/\/secure.gravatar.com\/avatar\/b1ee285506e2cb880ec988990d360e255aecb31c77212741dace1023623610c2?s=96&d=mm&r=g","url":"https:\/\/secure.gravatar.com\/avatar\/b1ee285506e2cb880ec988990d360e255aecb31c77212741dace1023623610c2?s=96&d=mm&r=g","contentUrl":"https:\/\/secure.gravatar.com\/avatar\/b1ee285506e2cb880ec988990d360e255aecb31c77212741dace1023623610c2?s=96&d=mm&r=g","caption":"Groupe local Paillon-B\u00e9v\u00e9ra"},"url":"https:\/\/paca.lpo.fr\/blogs\/nice\/author\/alpesmaritimesest\/"}]}},"jetpack_featured_media_url":"https:\/\/paca.lpo.fr\/blogs\/nice\/files\/2019\/05\/blogune-2.jpg","_links":{"self":[{"href":"https:\/\/paca.lpo.fr\/blogs\/nice\/wp-json\/wp\/v2\/posts\/2715","targetHints":{"allow":["GET"]}}],"collection":[{"href":"https:\/\/paca.lpo.fr\/blogs\/nice\/wp-json\/wp\/v2\/posts"}],"about":[{"href":"https:\/\/paca.lpo.fr\/blogs\/nice\/wp-json\/wp\/v2\/types\/post"}],"author":[{"embeddable":true,"href":"https:\/\/paca.lpo.fr\/blogs\/nice\/wp-json\/wp\/v2\/users\/15"}],"replies":[{"embeddable":true,"href":"https:\/\/paca.lpo.fr\/blogs\/nice\/wp-json\/wp\/v2\/comments?post=2715"}],"version-history":[{"count":2,"href":"https:\/\/paca.lpo.fr\/blogs\/nice\/wp-json\/wp\/v2\/posts\/2715\/revisions"}],"predecessor-version":[{"id":2726,"href":"https:\/\/paca.lpo.fr\/blogs\/nice\/wp-json\/wp\/v2\/posts\/2715\/revisions\/2726"}],"wp:featuredmedia":[{"embeddable":true,"href":"https:\/\/paca.lpo.fr\/blogs\/nice\/wp-json\/wp\/v2\/media\/2724"}],"wp:attachment":[{"href":"https:\/\/paca.lpo.fr\/blogs\/nice\/wp-json\/wp\/v2\/media?parent=2715"}],"wp:term":[{"taxonomy":"category","embeddable":true,"href":"https:\/\/paca.lpo.fr\/blogs\/nice\/wp-json\/wp\/v2\/categories?post=2715"},{"taxonomy":"post_tag","embeddable":true,"href":"https:\/\/paca.lpo.fr\/blogs\/nice\/wp-json\/wp\/v2\/tags?post=2715"}],"curies":[{"name":"wp","href":"https:\/\/api.w.org\/{rel}","templated":true}]}}