{"id":2741,"date":"2019-06-20T18:16:30","date_gmt":"2019-06-20T17:16:30","guid":{"rendered":"https:\/\/paca.lpo.fr\/blogs\/nice\/?p=2741"},"modified":"2019-06-21T13:42:51","modified_gmt":"2019-06-21T12:42:51","slug":"fete-de-lassociation-le-fil-de-lart-sospel","status":"publish","type":"post","link":"https:\/\/paca.lpo.fr\/blogs\/nice\/2019\/06\/20\/fete-de-lassociation-le-fil-de-lart-sospel\/","title":{"rendered":"F\u00eate de l&rsquo;association \u00ab\u00a0Le Fil de l&rsquo;art\u00a0\u00bb, Sospel"},"content":{"rendered":"\n<p>Le Groupe Local Littoral Ni\u00e7ois et Mentonnais a particip\u00e9 encore ce samedi 9 Juin \u00e0 cette f\u00eate traditionnelle dans les ruelles du vieux village de Sospel. Le public a \u00e9t\u00e9 accueilli et renseign\u00e9 sur notre stand, et a pu appr\u00e9cier les nombreuses animations propos\u00e9es, pr\u00e9sentation de costumes anciennes, d\u00e9monstration de cuisine, vente de produits locaux, rempaillage de chaises, vannerie et plusieurs ateliers. Une sortie d\u2019observation des hirondelles a \u00e9t\u00e9 organis\u00e9e et elles sont nombreuses \u00e0 Sospel, au bord de la Bevera.<\/p>\n<p>Mais nos b\u00e9n\u00e9voles ont constat\u00e9 avec tristesse la destruction d&rsquo;un nid, occup\u00e9 l\u2019an dernier par une famille d\u2019hirondelles de rocher. L&rsquo;hirondelle est une esp\u00e8ce prot\u00e9g\u00e9e dont les effectifs ont baiss\u00e9 de 41% ces 15 derni\u00e8res ann\u00e9es. Cet acte de destruction est un d\u00e9lit punissable d\u2019amendes importantes et fera l\u2019objet de poursuites par notre association.<\/p>\n<p>&nbsp;<\/p>\n\n\n\n<figure class=\"wp-block-image\"><img loading=\"lazy\" decoding=\"async\" width=\"960\" height=\"606\" src=\"https:\/\/paca.lpo.fr\/blogs\/nice\/files\/2019\/06\/2018-05-20nid-av-jean-medecin-sospel-960x606.jpg\" alt=\"\" class=\"wp-image-2743\" srcset=\"https:\/\/paca.lpo.fr\/blogs\/nice\/files\/2019\/06\/2018-05-20nid-av-jean-medecin-sospel-960x606.jpg 960w, https:\/\/paca.lpo.fr\/blogs\/nice\/files\/2019\/06\/2018-05-20nid-av-jean-medecin-sospel-480x303.jpg 480w, https:\/\/paca.lpo.fr\/blogs\/nice\/files\/2019\/06\/2018-05-20nid-av-jean-medecin-sospel-768x485.jpg 768w, https:\/\/paca.lpo.fr\/blogs\/nice\/files\/2019\/06\/2018-05-20nid-av-jean-medecin-sospel-700x442.jpg 700w, https:\/\/paca.lpo.fr\/blogs\/nice\/files\/2019\/06\/2018-05-20nid-av-jean-medecin-sospel.jpg 969w\" sizes=\"auto, (max-width: 960px) 100vw, 960px\" \/><figcaption>Le nid d&rsquo;hirondelle de rochers en 2018, couvaison<br><br><\/figcaption><\/figure>\n\n\n\n<figure class=\"wp-block-image\"><img loading=\"lazy\" decoding=\"async\" width=\"576\" height=\"555\" src=\"https:\/\/paca.lpo.fr\/blogs\/nice\/files\/2019\/06\/sospel2019-06-09.jpg\" alt=\"\" class=\"wp-image-2747\" srcset=\"https:\/\/paca.lpo.fr\/blogs\/nice\/files\/2019\/06\/sospel2019-06-09.jpg 576w, https:\/\/paca.lpo.fr\/blogs\/nice\/files\/2019\/06\/sospel2019-06-09-480x463.jpg 480w\" sizes=\"auto, (max-width: 576px) 100vw, 576px\" \/><figcaption>Observation des hirondelles au stand LPO<\/figcaption><\/figure>\n\n\n","protected":false},"excerpt":{"rendered":"","protected":false},"author":15,"featured_media":2742,"comment_status":"open","ping_status":"open","sticky":false,"template":"","format":"standard","meta":{"footnotes":""},"categories":[1,78,3],"tags":[],"class_list":["post-2741","post","type-post","status-publish","format-standard","has-post-thumbnail","hentry","category-sorties-nature","category-protection-de-la-biodiversite","category-vie-groupe"],"yoast_head":"<!-- This site is optimized with the Yoast SEO plugin v28.3 - https:\/\/yoast.com\/product\/yoast-seo-wordpress\/ -->\n<title>F\u00eate de l&#039;association &quot;Le Fil de l&#039;art&quot;, Sospel - Groupe local Nice<\/title>\n<meta name=\"robots\" content=\"index, follow, max-snippet:-1, max-image-preview:large, max-video-preview:-1\" \/>\n<link rel=\"canonical\" href=\"https:\/\/paca.lpo.fr\/blogs\/nice\/2019\/06\/20\/fete-de-lassociation-le-fil-de-lart-sospel\/\" \/>\n<meta property=\"og:locale\" content=\"fr_FR\" \/>\n<meta property=\"og:type\" content=\"article\" \/>\n<meta property=\"og:title\" content=\"F\u00eate de l&#039;association &quot;Le Fil de l&#039;art&quot;, Sospel - Groupe local Nice\" \/>\n<meta property=\"og:url\" content=\"https:\/\/paca.lpo.fr\/blogs\/nice\/2019\/06\/20\/fete-de-lassociation-le-fil-de-lart-sospel\/\" \/>\n<meta property=\"og:site_name\" content=\"Groupe local Nice\" \/>\n<meta property=\"article:published_time\" content=\"2019-06-20T17:16:30+00:00\" \/>\n<meta property=\"article:modified_time\" content=\"2019-06-21T12:42:51+00:00\" \/>\n<meta property=\"og:image\" content=\"https:\/\/paca.lpo.fr\/blogs\/nice\/files\/2019\/06\/img-6332-copie.jpg\" \/>\n\t<meta property=\"og:image:width\" content=\"709\" \/>\n\t<meta property=\"og:image:height\" content=\"503\" \/>\n\t<meta property=\"og:image:type\" content=\"image\/jpeg\" \/>\n<meta name=\"author\" content=\"Groupe local Paillon-B\u00e9v\u00e9ra\" \/>\n<meta name=\"twitter:card\" content=\"summary_large_image\" \/>\n<meta name=\"twitter:label1\" content=\"\u00c9crit par\" \/>\n\t<meta name=\"twitter:data1\" content=\"Groupe local Paillon-B\u00e9v\u00e9ra\" \/>\n\t<meta name=\"twitter:label2\" content=\"Dur\u00e9e de lecture estim\u00e9e\" \/>\n\t<meta name=\"twitter:data2\" content=\"1 minute\" \/>\n<script type=\"application\/ld+json\" class=\"yoast-schema-graph\">{\"@context\":\"https:\\\/\\\/schema.org\",\"@graph\":[{\"@type\":\"Article\",\"@id\":\"https:\\\/\\\/paca.lpo.fr\\\/blogs\\\/nice\\\/2019\\\/06\\\/20\\\/fete-de-lassociation-le-fil-de-lart-sospel\\\/#article\",\"isPartOf\":{\"@id\":\"https:\\\/\\\/paca.lpo.fr\\\/blogs\\\/nice\\\/2019\\\/06\\\/20\\\/fete-de-lassociation-le-fil-de-lart-sospel\\\/\"},\"author\":{\"name\":\"Groupe local Paillon-B\u00e9v\u00e9ra\",\"@id\":\"https:\\\/\\\/paca.lpo.fr\\\/blogs\\\/nice\\\/#\\\/schema\\\/person\\\/1bda33335fb71e0b3552487db26a4c56\"},\"headline\":\"F\u00eate de l&rsquo;association \u00ab\u00a0Le Fil de l&rsquo;art\u00a0\u00bb, Sospel\",\"datePublished\":\"2019-06-20T17:16:30+00:00\",\"dateModified\":\"2019-06-21T12:42:51+00:00\",\"mainEntityOfPage\":{\"@id\":\"https:\\\/\\\/paca.lpo.fr\\\/blogs\\\/nice\\\/2019\\\/06\\\/20\\\/fete-de-lassociation-le-fil-de-lart-sospel\\\/\"},\"wordCount\":178,\"commentCount\":0,\"publisher\":{\"@id\":\"https:\\\/\\\/paca.lpo.fr\\\/blogs\\\/nice\\\/#organization\"},\"image\":{\"@id\":\"https:\\\/\\\/paca.lpo.fr\\\/blogs\\\/nice\\\/2019\\\/06\\\/20\\\/fete-de-lassociation-le-fil-de-lart-sospel\\\/#primaryimage\"},\"thumbnailUrl\":\"https:\\\/\\\/paca.lpo.fr\\\/blogs\\\/nice\\\/files\\\/2019\\\/06\\\/img-6332-copie.jpg\",\"articleSection\":[\"grands \u00e9v\u00e8nements\",\"Protection de la biodiversit\u00e9\",\"Vie du groupe\"],\"inLanguage\":\"fr-FR\",\"potentialAction\":[{\"@type\":\"CommentAction\",\"name\":\"Comment\",\"target\":[\"https:\\\/\\\/paca.lpo.fr\\\/blogs\\\/nice\\\/2019\\\/06\\\/20\\\/fete-de-lassociation-le-fil-de-lart-sospel\\\/#respond\"]}]},{\"@type\":\"WebPage\",\"@id\":\"https:\\\/\\\/paca.lpo.fr\\\/blogs\\\/nice\\\/2019\\\/06\\\/20\\\/fete-de-lassociation-le-fil-de-lart-sospel\\\/\",\"url\":\"https:\\\/\\\/paca.lpo.fr\\\/blogs\\\/nice\\\/2019\\\/06\\\/20\\\/fete-de-lassociation-le-fil-de-lart-sospel\\\/\",\"name\":\"F\u00eate de l'association \\\"Le Fil de l'art\\\", Sospel - Groupe local Nice\",\"isPartOf\":{\"@id\":\"https:\\\/\\\/paca.lpo.fr\\\/blogs\\\/nice\\\/#website\"},\"primaryImageOfPage\":{\"@id\":\"https:\\\/\\\/paca.lpo.fr\\\/blogs\\\/nice\\\/2019\\\/06\\\/20\\\/fete-de-lassociation-le-fil-de-lart-sospel\\\/#primaryimage\"},\"image\":{\"@id\":\"https:\\\/\\\/paca.lpo.fr\\\/blogs\\\/nice\\\/2019\\\/06\\\/20\\\/fete-de-lassociation-le-fil-de-lart-sospel\\\/#primaryimage\"},\"thumbnailUrl\":\"https:\\\/\\\/paca.lpo.fr\\\/blogs\\\/nice\\\/files\\\/2019\\\/06\\\/img-6332-copie.jpg\",\"datePublished\":\"2019-06-20T17:16:30+00:00\",\"dateModified\":\"2019-06-21T12:42:51+00:00\",\"breadcrumb\":{\"@id\":\"https:\\\/\\\/paca.lpo.fr\\\/blogs\\\/nice\\\/2019\\\/06\\\/20\\\/fete-de-lassociation-le-fil-de-lart-sospel\\\/#breadcrumb\"},\"inLanguage\":\"fr-FR\",\"potentialAction\":[{\"@type\":\"ReadAction\",\"target\":[\"https:\\\/\\\/paca.lpo.fr\\\/blogs\\\/nice\\\/2019\\\/06\\\/20\\\/fete-de-lassociation-le-fil-de-lart-sospel\\\/\"]}]},{\"@type\":\"ImageObject\",\"inLanguage\":\"fr-FR\",\"@id\":\"https:\\\/\\\/paca.lpo.fr\\\/blogs\\\/nice\\\/2019\\\/06\\\/20\\\/fete-de-lassociation-le-fil-de-lart-sospel\\\/#primaryimage\",\"url\":\"https:\\\/\\\/paca.lpo.fr\\\/blogs\\\/nice\\\/files\\\/2019\\\/06\\\/img-6332-copie.jpg\",\"contentUrl\":\"https:\\\/\\\/paca.lpo.fr\\\/blogs\\\/nice\\\/files\\\/2019\\\/06\\\/img-6332-copie.jpg\",\"width\":709,\"height\":503},{\"@type\":\"BreadcrumbList\",\"@id\":\"https:\\\/\\\/paca.lpo.fr\\\/blogs\\\/nice\\\/2019\\\/06\\\/20\\\/fete-de-lassociation-le-fil-de-lart-sospel\\\/#breadcrumb\",\"itemListElement\":[{\"@type\":\"ListItem\",\"position\":1,\"name\":\"Accueil\",\"item\":\"https:\\\/\\\/paca.lpo.fr\\\/blogs\\\/nice\\\/\"},{\"@type\":\"ListItem\",\"position\":2,\"name\":\"F\u00eate de l&rsquo;association \u00ab\u00a0Le Fil de l&rsquo;art\u00a0\u00bb, Sospel\"}]},{\"@type\":\"WebSite\",\"@id\":\"https:\\\/\\\/paca.lpo.fr\\\/blogs\\\/nice\\\/#website\",\"url\":\"https:\\\/\\\/paca.lpo.fr\\\/blogs\\\/nice\\\/\",\"name\":\"Groupe local Nice\",\"description\":\"Groupe local Nice\",\"publisher\":{\"@id\":\"https:\\\/\\\/paca.lpo.fr\\\/blogs\\\/nice\\\/#organization\"},\"potentialAction\":[{\"@type\":\"SearchAction\",\"target\":{\"@type\":\"EntryPoint\",\"urlTemplate\":\"https:\\\/\\\/paca.lpo.fr\\\/blogs\\\/nice\\\/?s={search_term_string}\"},\"query-input\":{\"@type\":\"PropertyValueSpecification\",\"valueRequired\":true,\"valueName\":\"search_term_string\"}}],\"inLanguage\":\"fr-FR\"},{\"@type\":\"Organization\",\"@id\":\"https:\\\/\\\/paca.lpo.fr\\\/blogs\\\/nice\\\/#organization\",\"name\":\"Groupe local Nice\",\"url\":\"https:\\\/\\\/paca.lpo.fr\\\/blogs\\\/nice\\\/\",\"logo\":{\"@type\":\"ImageObject\",\"inLanguage\":\"fr-FR\",\"@id\":\"https:\\\/\\\/paca.lpo.fr\\\/blogs\\\/nice\\\/#\\\/schema\\\/logo\\\/image\\\/\",\"url\":\"https:\\\/\\\/paca.lpo.fr\\\/blogs\\\/nice\\\/files\\\/2024\\\/01\\\/cropped-rvb-lpo-paca-logotype-signature-droite-mini-500.jpg\",\"contentUrl\":\"https:\\\/\\\/paca.lpo.fr\\\/blogs\\\/nice\\\/files\\\/2024\\\/01\\\/cropped-rvb-lpo-paca-logotype-signature-droite-mini-500.jpg\",\"width\":500,\"height\":210,\"caption\":\"Groupe local Nice\"},\"image\":{\"@id\":\"https:\\\/\\\/paca.lpo.fr\\\/blogs\\\/nice\\\/#\\\/schema\\\/logo\\\/image\\\/\"}},{\"@type\":\"Person\",\"@id\":\"https:\\\/\\\/paca.lpo.fr\\\/blogs\\\/nice\\\/#\\\/schema\\\/person\\\/1bda33335fb71e0b3552487db26a4c56\",\"name\":\"Groupe local Paillon-B\u00e9v\u00e9ra\",\"image\":{\"@type\":\"ImageObject\",\"inLanguage\":\"fr-FR\",\"@id\":\"https:\\\/\\\/secure.gravatar.com\\\/avatar\\\/b1ee285506e2cb880ec988990d360e255aecb31c77212741dace1023623610c2?s=96&d=mm&r=g\",\"url\":\"https:\\\/\\\/secure.gravatar.com\\\/avatar\\\/b1ee285506e2cb880ec988990d360e255aecb31c77212741dace1023623610c2?s=96&d=mm&r=g\",\"contentUrl\":\"https:\\\/\\\/secure.gravatar.com\\\/avatar\\\/b1ee285506e2cb880ec988990d360e255aecb31c77212741dace1023623610c2?s=96&d=mm&r=g\",\"caption\":\"Groupe local Paillon-B\u00e9v\u00e9ra\"},\"url\":\"https:\\\/\\\/paca.lpo.fr\\\/blogs\\\/nice\\\/author\\\/alpesmaritimesest\\\/\"}]}<\/script>\n<!-- \/ Yoast SEO plugin. -->","yoast_head_json":{"title":"F\u00eate de l'association \"Le Fil de l'art\", Sospel - Groupe local Nice","robots":{"index":"index","follow":"follow","max-snippet":"max-snippet:-1","max-image-preview":"max-image-preview:large","max-video-preview":"max-video-preview:-1"},"canonical":"https:\/\/paca.lpo.fr\/blogs\/nice\/2019\/06\/20\/fete-de-lassociation-le-fil-de-lart-sospel\/","og_locale":"fr_FR","og_type":"article","og_title":"F\u00eate de l'association \"Le Fil de l'art\", Sospel - Groupe local Nice","og_url":"https:\/\/paca.lpo.fr\/blogs\/nice\/2019\/06\/20\/fete-de-lassociation-le-fil-de-lart-sospel\/","og_site_name":"Groupe local Nice","article_published_time":"2019-06-20T17:16:30+00:00","article_modified_time":"2019-06-21T12:42:51+00:00","og_image":[{"width":709,"height":503,"url":"https:\/\/paca.lpo.fr\/blogs\/nice\/files\/2019\/06\/img-6332-copie.jpg","type":"image\/jpeg"}],"author":"Groupe local Paillon-B\u00e9v\u00e9ra","twitter_card":"summary_large_image","twitter_misc":{"\u00c9crit par":"Groupe local Paillon-B\u00e9v\u00e9ra","Dur\u00e9e de lecture estim\u00e9e":"1 minute"},"schema":{"@context":"https:\/\/schema.org","@graph":[{"@type":"Article","@id":"https:\/\/paca.lpo.fr\/blogs\/nice\/2019\/06\/20\/fete-de-lassociation-le-fil-de-lart-sospel\/#article","isPartOf":{"@id":"https:\/\/paca.lpo.fr\/blogs\/nice\/2019\/06\/20\/fete-de-lassociation-le-fil-de-lart-sospel\/"},"author":{"name":"Groupe local Paillon-B\u00e9v\u00e9ra","@id":"https:\/\/paca.lpo.fr\/blogs\/nice\/#\/schema\/person\/1bda33335fb71e0b3552487db26a4c56"},"headline":"F\u00eate de l&rsquo;association \u00ab\u00a0Le Fil de l&rsquo;art\u00a0\u00bb, Sospel","datePublished":"2019-06-20T17:16:30+00:00","dateModified":"2019-06-21T12:42:51+00:00","mainEntityOfPage":{"@id":"https:\/\/paca.lpo.fr\/blogs\/nice\/2019\/06\/20\/fete-de-lassociation-le-fil-de-lart-sospel\/"},"wordCount":178,"commentCount":0,"publisher":{"@id":"https:\/\/paca.lpo.fr\/blogs\/nice\/#organization"},"image":{"@id":"https:\/\/paca.lpo.fr\/blogs\/nice\/2019\/06\/20\/fete-de-lassociation-le-fil-de-lart-sospel\/#primaryimage"},"thumbnailUrl":"https:\/\/paca.lpo.fr\/blogs\/nice\/files\/2019\/06\/img-6332-copie.jpg","articleSection":["grands \u00e9v\u00e8nements","Protection de la biodiversit\u00e9","Vie du groupe"],"inLanguage":"fr-FR","potentialAction":[{"@type":"CommentAction","name":"Comment","target":["https:\/\/paca.lpo.fr\/blogs\/nice\/2019\/06\/20\/fete-de-lassociation-le-fil-de-lart-sospel\/#respond"]}]},{"@type":"WebPage","@id":"https:\/\/paca.lpo.fr\/blogs\/nice\/2019\/06\/20\/fete-de-lassociation-le-fil-de-lart-sospel\/","url":"https:\/\/paca.lpo.fr\/blogs\/nice\/2019\/06\/20\/fete-de-lassociation-le-fil-de-lart-sospel\/","name":"F\u00eate de l'association \"Le Fil de l'art\", Sospel - Groupe local Nice","isPartOf":{"@id":"https:\/\/paca.lpo.fr\/blogs\/nice\/#website"},"primaryImageOfPage":{"@id":"https:\/\/paca.lpo.fr\/blogs\/nice\/2019\/06\/20\/fete-de-lassociation-le-fil-de-lart-sospel\/#primaryimage"},"image":{"@id":"https:\/\/paca.lpo.fr\/blogs\/nice\/2019\/06\/20\/fete-de-lassociation-le-fil-de-lart-sospel\/#primaryimage"},"thumbnailUrl":"https:\/\/paca.lpo.fr\/blogs\/nice\/files\/2019\/06\/img-6332-copie.jpg","datePublished":"2019-06-20T17:16:30+00:00","dateModified":"2019-06-21T12:42:51+00:00","breadcrumb":{"@id":"https:\/\/paca.lpo.fr\/blogs\/nice\/2019\/06\/20\/fete-de-lassociation-le-fil-de-lart-sospel\/#breadcrumb"},"inLanguage":"fr-FR","potentialAction":[{"@type":"ReadAction","target":["https:\/\/paca.lpo.fr\/blogs\/nice\/2019\/06\/20\/fete-de-lassociation-le-fil-de-lart-sospel\/"]}]},{"@type":"ImageObject","inLanguage":"fr-FR","@id":"https:\/\/paca.lpo.fr\/blogs\/nice\/2019\/06\/20\/fete-de-lassociation-le-fil-de-lart-sospel\/#primaryimage","url":"https:\/\/paca.lpo.fr\/blogs\/nice\/files\/2019\/06\/img-6332-copie.jpg","contentUrl":"https:\/\/paca.lpo.fr\/blogs\/nice\/files\/2019\/06\/img-6332-copie.jpg","width":709,"height":503},{"@type":"BreadcrumbList","@id":"https:\/\/paca.lpo.fr\/blogs\/nice\/2019\/06\/20\/fete-de-lassociation-le-fil-de-lart-sospel\/#breadcrumb","itemListElement":[{"@type":"ListItem","position":1,"name":"Accueil","item":"https:\/\/paca.lpo.fr\/blogs\/nice\/"},{"@type":"ListItem","position":2,"name":"F\u00eate de l&rsquo;association \u00ab\u00a0Le Fil de l&rsquo;art\u00a0\u00bb, Sospel"}]},{"@type":"WebSite","@id":"https:\/\/paca.lpo.fr\/blogs\/nice\/#website","url":"https:\/\/paca.lpo.fr\/blogs\/nice\/","name":"Groupe local Nice","description":"Groupe local Nice","publisher":{"@id":"https:\/\/paca.lpo.fr\/blogs\/nice\/#organization"},"potentialAction":[{"@type":"SearchAction","target":{"@type":"EntryPoint","urlTemplate":"https:\/\/paca.lpo.fr\/blogs\/nice\/?s={search_term_string}"},"query-input":{"@type":"PropertyValueSpecification","valueRequired":true,"valueName":"search_term_string"}}],"inLanguage":"fr-FR"},{"@type":"Organization","@id":"https:\/\/paca.lpo.fr\/blogs\/nice\/#organization","name":"Groupe local Nice","url":"https:\/\/paca.lpo.fr\/blogs\/nice\/","logo":{"@type":"ImageObject","inLanguage":"fr-FR","@id":"https:\/\/paca.lpo.fr\/blogs\/nice\/#\/schema\/logo\/image\/","url":"https:\/\/paca.lpo.fr\/blogs\/nice\/files\/2024\/01\/cropped-rvb-lpo-paca-logotype-signature-droite-mini-500.jpg","contentUrl":"https:\/\/paca.lpo.fr\/blogs\/nice\/files\/2024\/01\/cropped-rvb-lpo-paca-logotype-signature-droite-mini-500.jpg","width":500,"height":210,"caption":"Groupe local Nice"},"image":{"@id":"https:\/\/paca.lpo.fr\/blogs\/nice\/#\/schema\/logo\/image\/"}},{"@type":"Person","@id":"https:\/\/paca.lpo.fr\/blogs\/nice\/#\/schema\/person\/1bda33335fb71e0b3552487db26a4c56","name":"Groupe local Paillon-B\u00e9v\u00e9ra","image":{"@type":"ImageObject","inLanguage":"fr-FR","@id":"https:\/\/secure.gravatar.com\/avatar\/b1ee285506e2cb880ec988990d360e255aecb31c77212741dace1023623610c2?s=96&d=mm&r=g","url":"https:\/\/secure.gravatar.com\/avatar\/b1ee285506e2cb880ec988990d360e255aecb31c77212741dace1023623610c2?s=96&d=mm&r=g","contentUrl":"https:\/\/secure.gravatar.com\/avatar\/b1ee285506e2cb880ec988990d360e255aecb31c77212741dace1023623610c2?s=96&d=mm&r=g","caption":"Groupe local Paillon-B\u00e9v\u00e9ra"},"url":"https:\/\/paca.lpo.fr\/blogs\/nice\/author\/alpesmaritimesest\/"}]}},"jetpack_featured_media_url":"https:\/\/paca.lpo.fr\/blogs\/nice\/files\/2019\/06\/img-6332-copie.jpg","_links":{"self":[{"href":"https:\/\/paca.lpo.fr\/blogs\/nice\/wp-json\/wp\/v2\/posts\/2741","targetHints":{"allow":["GET"]}}],"collection":[{"href":"https:\/\/paca.lpo.fr\/blogs\/nice\/wp-json\/wp\/v2\/posts"}],"about":[{"href":"https:\/\/paca.lpo.fr\/blogs\/nice\/wp-json\/wp\/v2\/types\/post"}],"author":[{"embeddable":true,"href":"https:\/\/paca.lpo.fr\/blogs\/nice\/wp-json\/wp\/v2\/users\/15"}],"replies":[{"embeddable":true,"href":"https:\/\/paca.lpo.fr\/blogs\/nice\/wp-json\/wp\/v2\/comments?post=2741"}],"version-history":[{"count":3,"href":"https:\/\/paca.lpo.fr\/blogs\/nice\/wp-json\/wp\/v2\/posts\/2741\/revisions"}],"predecessor-version":[{"id":2748,"href":"https:\/\/paca.lpo.fr\/blogs\/nice\/wp-json\/wp\/v2\/posts\/2741\/revisions\/2748"}],"wp:featuredmedia":[{"embeddable":true,"href":"https:\/\/paca.lpo.fr\/blogs\/nice\/wp-json\/wp\/v2\/media\/2742"}],"wp:attachment":[{"href":"https:\/\/paca.lpo.fr\/blogs\/nice\/wp-json\/wp\/v2\/media?parent=2741"}],"wp:term":[{"taxonomy":"category","embeddable":true,"href":"https:\/\/paca.lpo.fr\/blogs\/nice\/wp-json\/wp\/v2\/categories?post=2741"},{"taxonomy":"post_tag","embeddable":true,"href":"https:\/\/paca.lpo.fr\/blogs\/nice\/wp-json\/wp\/v2\/tags?post=2741"}],"curies":[{"name":"wp","href":"https:\/\/api.w.org\/{rel}","templated":true}]}}