{"id":2749,"date":"2019-06-25T15:23:02","date_gmt":"2019-06-25T14:23:02","guid":{"rendered":"https:\/\/paca.lpo.fr\/blogs\/nice\/?p=2749"},"modified":"2019-06-25T15:23:04","modified_gmt":"2019-06-25T14:23:04","slug":"assemblee-generale-de-la-lpo-paca-val-dallos","status":"publish","type":"post","link":"https:\/\/paca.lpo.fr\/blogs\/nice\/2019\/06\/25\/assemblee-generale-de-la-lpo-paca-val-dallos\/","title":{"rendered":"Assembl\u00e9e G\u00e9n\u00e9rale de la LPO PACA, Val d&rsquo;Allos"},"content":{"rendered":"\n<p>Les b\u00e9n\u00e9voles du 06 ont beaucoup appr\u00e9ci\u00e9 le magnifique cadre du Val d&rsquo;Allos , l&rsquo;excellent accueil du Groupe Local, les \u00e9changes de la journ\u00e9e de l&rsquo;AG et les sorties du dimanche.<\/p>\n\n\n\n<figure class=\"wp-block-image\"><img loading=\"lazy\" decoding=\"async\" width=\"911\" height=\"597\" src=\"https:\/\/paca.lpo.fr\/blogs\/nice\/files\/2019\/06\/img-20190615-122641.jpg\" alt=\"\" class=\"wp-image-2751\" srcset=\"https:\/\/paca.lpo.fr\/blogs\/nice\/files\/2019\/06\/img-20190615-122641.jpg 911w, https:\/\/paca.lpo.fr\/blogs\/nice\/files\/2019\/06\/img-20190615-122641-480x315.jpg 480w, https:\/\/paca.lpo.fr\/blogs\/nice\/files\/2019\/06\/img-20190615-122641-768x503.jpg 768w, https:\/\/paca.lpo.fr\/blogs\/nice\/files\/2019\/06\/img-20190615-122641-700x459.jpg 700w\" sizes=\"auto, (max-width: 911px) 100vw, 911px\" \/><figcaption>Fanny est \u00e9lue au conseil d&rsquo;administration<br><\/figcaption><\/figure>\n\n\n\n<figure class=\"wp-block-image\"><img loading=\"lazy\" decoding=\"async\" width=\"905\" height=\"631\" src=\"https:\/\/paca.lpo.fr\/blogs\/nice\/files\/2019\/06\/img-20190615-105056.jpg\" alt=\"\" class=\"wp-image-2752\" srcset=\"https:\/\/paca.lpo.fr\/blogs\/nice\/files\/2019\/06\/img-20190615-105056.jpg 905w, https:\/\/paca.lpo.fr\/blogs\/nice\/files\/2019\/06\/img-20190615-105056-480x335.jpg 480w, https:\/\/paca.lpo.fr\/blogs\/nice\/files\/2019\/06\/img-20190615-105056-768x535.jpg 768w, https:\/\/paca.lpo.fr\/blogs\/nice\/files\/2019\/06\/img-20190615-105056-700x488.jpg 700w\" sizes=\"auto, (max-width: 905px) 100vw, 905px\" \/><figcaption>Intervention de C\u00e9cile sur la RNR de Daluis<br><\/figcaption><\/figure>\n\n\n\n<figure class=\"wp-block-image\"><img loading=\"lazy\" decoding=\"async\" width=\"922\" height=\"691\" src=\"https:\/\/paca.lpo.fr\/blogs\/nice\/files\/2019\/06\/img-20190616-105910.jpg\" alt=\"\" class=\"wp-image-2753\" srcset=\"https:\/\/paca.lpo.fr\/blogs\/nice\/files\/2019\/06\/img-20190616-105910.jpg 922w, https:\/\/paca.lpo.fr\/blogs\/nice\/files\/2019\/06\/img-20190616-105910-480x360.jpg 480w, https:\/\/paca.lpo.fr\/blogs\/nice\/files\/2019\/06\/img-20190616-105910-768x576.jpg 768w, https:\/\/paca.lpo.fr\/blogs\/nice\/files\/2019\/06\/img-20190616-105910-700x525.jpg 700w\" sizes=\"auto, (max-width: 922px) 100vw, 922px\" \/><figcaption>Sortie dimanche au Lac d&rsquo;Allos<br><\/figcaption><\/figure>\n\n\n\n<figure class=\"wp-block-image\"><img loading=\"lazy\" decoding=\"async\" width=\"922\" height=\"691\" src=\"https:\/\/paca.lpo.fr\/blogs\/nice\/files\/2019\/06\/img-20190616-111914.jpg\" alt=\"\" class=\"wp-image-2754\" srcset=\"https:\/\/paca.lpo.fr\/blogs\/nice\/files\/2019\/06\/img-20190616-111914.jpg 922w, https:\/\/paca.lpo.fr\/blogs\/nice\/files\/2019\/06\/img-20190616-111914-480x360.jpg 480w, https:\/\/paca.lpo.fr\/blogs\/nice\/files\/2019\/06\/img-20190616-111914-768x576.jpg 768w, https:\/\/paca.lpo.fr\/blogs\/nice\/files\/2019\/06\/img-20190616-111914-700x525.jpg 700w\" sizes=\"auto, (max-width: 922px) 100vw, 922px\" \/><figcaption>Le plaisir de rencontrer les b\u00e9n\u00e9voles d&rsquo;autres d\u00e9partements<br><\/figcaption><\/figure>\n\n\n\n\n\n<figure class=\"wp-block-image\"><img loading=\"lazy\" decoding=\"async\" width=\"911\" height=\"684\" src=\"https:\/\/paca.lpo.fr\/blogs\/nice\/files\/2019\/06\/img-20190616-132349.jpg\" alt=\"\" class=\"wp-image-2755\" srcset=\"https:\/\/paca.lpo.fr\/blogs\/nice\/files\/2019\/06\/img-20190616-132349.jpg 911w, https:\/\/paca.lpo.fr\/blogs\/nice\/files\/2019\/06\/img-20190616-132349-480x360.jpg 480w, https:\/\/paca.lpo.fr\/blogs\/nice\/files\/2019\/06\/img-20190616-132349-768x577.jpg 768w, https:\/\/paca.lpo.fr\/blogs\/nice\/files\/2019\/06\/img-20190616-132349-700x526.jpg 700w\" sizes=\"auto, (max-width: 911px) 100vw, 911px\" \/><figcaption>Le d\u00e9jeuner au bord du lac<br><\/figcaption><\/figure>\n\n\n\n<figure class=\"wp-block-image\"><img loading=\"lazy\" decoding=\"async\" width=\"922\" height=\"691\" src=\"https:\/\/paca.lpo.fr\/blogs\/nice\/files\/2019\/06\/img-20190616-133708.jpg\" alt=\"\" class=\"wp-image-2756\" srcset=\"https:\/\/paca.lpo.fr\/blogs\/nice\/files\/2019\/06\/img-20190616-133708.jpg 922w, https:\/\/paca.lpo.fr\/blogs\/nice\/files\/2019\/06\/img-20190616-133708-480x360.jpg 480w, https:\/\/paca.lpo.fr\/blogs\/nice\/files\/2019\/06\/img-20190616-133708-768x576.jpg 768w, https:\/\/paca.lpo.fr\/blogs\/nice\/files\/2019\/06\/img-20190616-133708-700x525.jpg 700w\" sizes=\"auto, (max-width: 922px) 100vw, 922px\" \/><figcaption>Un vrai r\u00e9gal dans un cadre magnifique<\/figcaption><\/figure>\n","protected":false},"excerpt":{"rendered":"","protected":false},"author":15,"featured_media":2750,"comment_status":"open","ping_status":"open","sticky":false,"template":"","format":"standard","meta":{"footnotes":""},"categories":[1,3],"tags":[],"class_list":["post-2749","post","type-post","status-publish","format-standard","has-post-thumbnail","hentry","category-sorties-nature","category-vie-groupe"],"yoast_head":"<!-- This site is optimized with the Yoast SEO plugin v28.3 - https:\/\/yoast.com\/product\/yoast-seo-wordpress\/ -->\n<title>Assembl\u00e9e G\u00e9n\u00e9rale de la LPO PACA, Val d&#039;Allos - Groupe local Nice<\/title>\n<meta name=\"robots\" content=\"index, follow, max-snippet:-1, max-image-preview:large, max-video-preview:-1\" \/>\n<link rel=\"canonical\" href=\"https:\/\/paca.lpo.fr\/blogs\/nice\/2019\/06\/25\/assemblee-generale-de-la-lpo-paca-val-dallos\/\" \/>\n<meta property=\"og:locale\" content=\"fr_FR\" \/>\n<meta property=\"og:type\" content=\"article\" \/>\n<meta property=\"og:title\" content=\"Assembl\u00e9e G\u00e9n\u00e9rale de la LPO PACA, Val d&#039;Allos - Groupe local Nice\" \/>\n<meta property=\"og:url\" content=\"https:\/\/paca.lpo.fr\/blogs\/nice\/2019\/06\/25\/assemblee-generale-de-la-lpo-paca-val-dallos\/\" \/>\n<meta property=\"og:site_name\" content=\"Groupe local Nice\" \/>\n<meta property=\"article:published_time\" content=\"2019-06-25T14:23:02+00:00\" \/>\n<meta property=\"article:modified_time\" content=\"2019-06-25T14:23:04+00:00\" \/>\n<meta property=\"og:image\" content=\"https:\/\/paca.lpo.fr\/blogs\/nice\/files\/2019\/06\/img-20190615-165117.jpg\" \/>\n\t<meta property=\"og:image:width\" content=\"909\" \/>\n\t<meta property=\"og:image:height\" content=\"670\" \/>\n\t<meta property=\"og:image:type\" content=\"image\/jpeg\" \/>\n<meta name=\"author\" content=\"Groupe local Paillon-B\u00e9v\u00e9ra\" \/>\n<meta name=\"twitter:card\" content=\"summary_large_image\" \/>\n<meta name=\"twitter:label1\" content=\"\u00c9crit par\" \/>\n\t<meta name=\"twitter:data1\" content=\"Groupe local Paillon-B\u00e9v\u00e9ra\" \/>\n<script type=\"application\/ld+json\" class=\"yoast-schema-graph\">{\"@context\":\"https:\\\/\\\/schema.org\",\"@graph\":[{\"@type\":\"Article\",\"@id\":\"https:\\\/\\\/paca.lpo.fr\\\/blogs\\\/nice\\\/2019\\\/06\\\/25\\\/assemblee-generale-de-la-lpo-paca-val-dallos\\\/#article\",\"isPartOf\":{\"@id\":\"https:\\\/\\\/paca.lpo.fr\\\/blogs\\\/nice\\\/2019\\\/06\\\/25\\\/assemblee-generale-de-la-lpo-paca-val-dallos\\\/\"},\"author\":{\"name\":\"Groupe local Paillon-B\u00e9v\u00e9ra\",\"@id\":\"https:\\\/\\\/paca.lpo.fr\\\/blogs\\\/nice\\\/#\\\/schema\\\/person\\\/1bda33335fb71e0b3552487db26a4c56\"},\"headline\":\"Assembl\u00e9e G\u00e9n\u00e9rale de la LPO PACA, Val d&rsquo;Allos\",\"datePublished\":\"2019-06-25T14:23:02+00:00\",\"dateModified\":\"2019-06-25T14:23:04+00:00\",\"mainEntityOfPage\":{\"@id\":\"https:\\\/\\\/paca.lpo.fr\\\/blogs\\\/nice\\\/2019\\\/06\\\/25\\\/assemblee-generale-de-la-lpo-paca-val-dallos\\\/\"},\"wordCount\":97,\"commentCount\":0,\"publisher\":{\"@id\":\"https:\\\/\\\/paca.lpo.fr\\\/blogs\\\/nice\\\/#organization\"},\"image\":{\"@id\":\"https:\\\/\\\/paca.lpo.fr\\\/blogs\\\/nice\\\/2019\\\/06\\\/25\\\/assemblee-generale-de-la-lpo-paca-val-dallos\\\/#primaryimage\"},\"thumbnailUrl\":\"https:\\\/\\\/paca.lpo.fr\\\/blogs\\\/nice\\\/files\\\/2019\\\/06\\\/img-20190615-165117.jpg\",\"articleSection\":[\"grands \u00e9v\u00e8nements\",\"Vie du groupe\"],\"inLanguage\":\"fr-FR\",\"potentialAction\":[{\"@type\":\"CommentAction\",\"name\":\"Comment\",\"target\":[\"https:\\\/\\\/paca.lpo.fr\\\/blogs\\\/nice\\\/2019\\\/06\\\/25\\\/assemblee-generale-de-la-lpo-paca-val-dallos\\\/#respond\"]}]},{\"@type\":\"WebPage\",\"@id\":\"https:\\\/\\\/paca.lpo.fr\\\/blogs\\\/nice\\\/2019\\\/06\\\/25\\\/assemblee-generale-de-la-lpo-paca-val-dallos\\\/\",\"url\":\"https:\\\/\\\/paca.lpo.fr\\\/blogs\\\/nice\\\/2019\\\/06\\\/25\\\/assemblee-generale-de-la-lpo-paca-val-dallos\\\/\",\"name\":\"Assembl\u00e9e G\u00e9n\u00e9rale de la LPO PACA, Val d'Allos - Groupe local Nice\",\"isPartOf\":{\"@id\":\"https:\\\/\\\/paca.lpo.fr\\\/blogs\\\/nice\\\/#website\"},\"primaryImageOfPage\":{\"@id\":\"https:\\\/\\\/paca.lpo.fr\\\/blogs\\\/nice\\\/2019\\\/06\\\/25\\\/assemblee-generale-de-la-lpo-paca-val-dallos\\\/#primaryimage\"},\"image\":{\"@id\":\"https:\\\/\\\/paca.lpo.fr\\\/blogs\\\/nice\\\/2019\\\/06\\\/25\\\/assemblee-generale-de-la-lpo-paca-val-dallos\\\/#primaryimage\"},\"thumbnailUrl\":\"https:\\\/\\\/paca.lpo.fr\\\/blogs\\\/nice\\\/files\\\/2019\\\/06\\\/img-20190615-165117.jpg\",\"datePublished\":\"2019-06-25T14:23:02+00:00\",\"dateModified\":\"2019-06-25T14:23:04+00:00\",\"breadcrumb\":{\"@id\":\"https:\\\/\\\/paca.lpo.fr\\\/blogs\\\/nice\\\/2019\\\/06\\\/25\\\/assemblee-generale-de-la-lpo-paca-val-dallos\\\/#breadcrumb\"},\"inLanguage\":\"fr-FR\",\"potentialAction\":[{\"@type\":\"ReadAction\",\"target\":[\"https:\\\/\\\/paca.lpo.fr\\\/blogs\\\/nice\\\/2019\\\/06\\\/25\\\/assemblee-generale-de-la-lpo-paca-val-dallos\\\/\"]}]},{\"@type\":\"ImageObject\",\"inLanguage\":\"fr-FR\",\"@id\":\"https:\\\/\\\/paca.lpo.fr\\\/blogs\\\/nice\\\/2019\\\/06\\\/25\\\/assemblee-generale-de-la-lpo-paca-val-dallos\\\/#primaryimage\",\"url\":\"https:\\\/\\\/paca.lpo.fr\\\/blogs\\\/nice\\\/files\\\/2019\\\/06\\\/img-20190615-165117.jpg\",\"contentUrl\":\"https:\\\/\\\/paca.lpo.fr\\\/blogs\\\/nice\\\/files\\\/2019\\\/06\\\/img-20190615-165117.jpg\",\"width\":909,\"height\":670,\"caption\":\"Le Conseil d'Administration\"},{\"@type\":\"BreadcrumbList\",\"@id\":\"https:\\\/\\\/paca.lpo.fr\\\/blogs\\\/nice\\\/2019\\\/06\\\/25\\\/assemblee-generale-de-la-lpo-paca-val-dallos\\\/#breadcrumb\",\"itemListElement\":[{\"@type\":\"ListItem\",\"position\":1,\"name\":\"Accueil\",\"item\":\"https:\\\/\\\/paca.lpo.fr\\\/blogs\\\/nice\\\/\"},{\"@type\":\"ListItem\",\"position\":2,\"name\":\"Assembl\u00e9e G\u00e9n\u00e9rale de la LPO PACA, Val d&rsquo;Allos\"}]},{\"@type\":\"WebSite\",\"@id\":\"https:\\\/\\\/paca.lpo.fr\\\/blogs\\\/nice\\\/#website\",\"url\":\"https:\\\/\\\/paca.lpo.fr\\\/blogs\\\/nice\\\/\",\"name\":\"Groupe local Nice\",\"description\":\"Groupe local Nice\",\"publisher\":{\"@id\":\"https:\\\/\\\/paca.lpo.fr\\\/blogs\\\/nice\\\/#organization\"},\"potentialAction\":[{\"@type\":\"SearchAction\",\"target\":{\"@type\":\"EntryPoint\",\"urlTemplate\":\"https:\\\/\\\/paca.lpo.fr\\\/blogs\\\/nice\\\/?s={search_term_string}\"},\"query-input\":{\"@type\":\"PropertyValueSpecification\",\"valueRequired\":true,\"valueName\":\"search_term_string\"}}],\"inLanguage\":\"fr-FR\"},{\"@type\":\"Organization\",\"@id\":\"https:\\\/\\\/paca.lpo.fr\\\/blogs\\\/nice\\\/#organization\",\"name\":\"Groupe local Nice\",\"url\":\"https:\\\/\\\/paca.lpo.fr\\\/blogs\\\/nice\\\/\",\"logo\":{\"@type\":\"ImageObject\",\"inLanguage\":\"fr-FR\",\"@id\":\"https:\\\/\\\/paca.lpo.fr\\\/blogs\\\/nice\\\/#\\\/schema\\\/logo\\\/image\\\/\",\"url\":\"https:\\\/\\\/paca.lpo.fr\\\/blogs\\\/nice\\\/files\\\/2024\\\/01\\\/cropped-rvb-lpo-paca-logotype-signature-droite-mini-500.jpg\",\"contentUrl\":\"https:\\\/\\\/paca.lpo.fr\\\/blogs\\\/nice\\\/files\\\/2024\\\/01\\\/cropped-rvb-lpo-paca-logotype-signature-droite-mini-500.jpg\",\"width\":500,\"height\":210,\"caption\":\"Groupe local Nice\"},\"image\":{\"@id\":\"https:\\\/\\\/paca.lpo.fr\\\/blogs\\\/nice\\\/#\\\/schema\\\/logo\\\/image\\\/\"}},{\"@type\":\"Person\",\"@id\":\"https:\\\/\\\/paca.lpo.fr\\\/blogs\\\/nice\\\/#\\\/schema\\\/person\\\/1bda33335fb71e0b3552487db26a4c56\",\"name\":\"Groupe local Paillon-B\u00e9v\u00e9ra\",\"image\":{\"@type\":\"ImageObject\",\"inLanguage\":\"fr-FR\",\"@id\":\"https:\\\/\\\/secure.gravatar.com\\\/avatar\\\/b1ee285506e2cb880ec988990d360e255aecb31c77212741dace1023623610c2?s=96&d=mm&r=g\",\"url\":\"https:\\\/\\\/secure.gravatar.com\\\/avatar\\\/b1ee285506e2cb880ec988990d360e255aecb31c77212741dace1023623610c2?s=96&d=mm&r=g\",\"contentUrl\":\"https:\\\/\\\/secure.gravatar.com\\\/avatar\\\/b1ee285506e2cb880ec988990d360e255aecb31c77212741dace1023623610c2?s=96&d=mm&r=g\",\"caption\":\"Groupe local Paillon-B\u00e9v\u00e9ra\"},\"url\":\"https:\\\/\\\/paca.lpo.fr\\\/blogs\\\/nice\\\/author\\\/alpesmaritimesest\\\/\"}]}<\/script>\n<!-- \/ Yoast SEO plugin. -->","yoast_head_json":{"title":"Assembl\u00e9e G\u00e9n\u00e9rale de la LPO PACA, Val d'Allos - Groupe local Nice","robots":{"index":"index","follow":"follow","max-snippet":"max-snippet:-1","max-image-preview":"max-image-preview:large","max-video-preview":"max-video-preview:-1"},"canonical":"https:\/\/paca.lpo.fr\/blogs\/nice\/2019\/06\/25\/assemblee-generale-de-la-lpo-paca-val-dallos\/","og_locale":"fr_FR","og_type":"article","og_title":"Assembl\u00e9e G\u00e9n\u00e9rale de la LPO PACA, Val d'Allos - Groupe local Nice","og_url":"https:\/\/paca.lpo.fr\/blogs\/nice\/2019\/06\/25\/assemblee-generale-de-la-lpo-paca-val-dallos\/","og_site_name":"Groupe local Nice","article_published_time":"2019-06-25T14:23:02+00:00","article_modified_time":"2019-06-25T14:23:04+00:00","og_image":[{"width":909,"height":670,"url":"https:\/\/paca.lpo.fr\/blogs\/nice\/files\/2019\/06\/img-20190615-165117.jpg","type":"image\/jpeg"}],"author":"Groupe local Paillon-B\u00e9v\u00e9ra","twitter_card":"summary_large_image","twitter_misc":{"\u00c9crit par":"Groupe local Paillon-B\u00e9v\u00e9ra"},"schema":{"@context":"https:\/\/schema.org","@graph":[{"@type":"Article","@id":"https:\/\/paca.lpo.fr\/blogs\/nice\/2019\/06\/25\/assemblee-generale-de-la-lpo-paca-val-dallos\/#article","isPartOf":{"@id":"https:\/\/paca.lpo.fr\/blogs\/nice\/2019\/06\/25\/assemblee-generale-de-la-lpo-paca-val-dallos\/"},"author":{"name":"Groupe local Paillon-B\u00e9v\u00e9ra","@id":"https:\/\/paca.lpo.fr\/blogs\/nice\/#\/schema\/person\/1bda33335fb71e0b3552487db26a4c56"},"headline":"Assembl\u00e9e G\u00e9n\u00e9rale de la LPO PACA, Val d&rsquo;Allos","datePublished":"2019-06-25T14:23:02+00:00","dateModified":"2019-06-25T14:23:04+00:00","mainEntityOfPage":{"@id":"https:\/\/paca.lpo.fr\/blogs\/nice\/2019\/06\/25\/assemblee-generale-de-la-lpo-paca-val-dallos\/"},"wordCount":97,"commentCount":0,"publisher":{"@id":"https:\/\/paca.lpo.fr\/blogs\/nice\/#organization"},"image":{"@id":"https:\/\/paca.lpo.fr\/blogs\/nice\/2019\/06\/25\/assemblee-generale-de-la-lpo-paca-val-dallos\/#primaryimage"},"thumbnailUrl":"https:\/\/paca.lpo.fr\/blogs\/nice\/files\/2019\/06\/img-20190615-165117.jpg","articleSection":["grands \u00e9v\u00e8nements","Vie du groupe"],"inLanguage":"fr-FR","potentialAction":[{"@type":"CommentAction","name":"Comment","target":["https:\/\/paca.lpo.fr\/blogs\/nice\/2019\/06\/25\/assemblee-generale-de-la-lpo-paca-val-dallos\/#respond"]}]},{"@type":"WebPage","@id":"https:\/\/paca.lpo.fr\/blogs\/nice\/2019\/06\/25\/assemblee-generale-de-la-lpo-paca-val-dallos\/","url":"https:\/\/paca.lpo.fr\/blogs\/nice\/2019\/06\/25\/assemblee-generale-de-la-lpo-paca-val-dallos\/","name":"Assembl\u00e9e G\u00e9n\u00e9rale de la LPO PACA, Val d'Allos - Groupe local Nice","isPartOf":{"@id":"https:\/\/paca.lpo.fr\/blogs\/nice\/#website"},"primaryImageOfPage":{"@id":"https:\/\/paca.lpo.fr\/blogs\/nice\/2019\/06\/25\/assemblee-generale-de-la-lpo-paca-val-dallos\/#primaryimage"},"image":{"@id":"https:\/\/paca.lpo.fr\/blogs\/nice\/2019\/06\/25\/assemblee-generale-de-la-lpo-paca-val-dallos\/#primaryimage"},"thumbnailUrl":"https:\/\/paca.lpo.fr\/blogs\/nice\/files\/2019\/06\/img-20190615-165117.jpg","datePublished":"2019-06-25T14:23:02+00:00","dateModified":"2019-06-25T14:23:04+00:00","breadcrumb":{"@id":"https:\/\/paca.lpo.fr\/blogs\/nice\/2019\/06\/25\/assemblee-generale-de-la-lpo-paca-val-dallos\/#breadcrumb"},"inLanguage":"fr-FR","potentialAction":[{"@type":"ReadAction","target":["https:\/\/paca.lpo.fr\/blogs\/nice\/2019\/06\/25\/assemblee-generale-de-la-lpo-paca-val-dallos\/"]}]},{"@type":"ImageObject","inLanguage":"fr-FR","@id":"https:\/\/paca.lpo.fr\/blogs\/nice\/2019\/06\/25\/assemblee-generale-de-la-lpo-paca-val-dallos\/#primaryimage","url":"https:\/\/paca.lpo.fr\/blogs\/nice\/files\/2019\/06\/img-20190615-165117.jpg","contentUrl":"https:\/\/paca.lpo.fr\/blogs\/nice\/files\/2019\/06\/img-20190615-165117.jpg","width":909,"height":670,"caption":"Le Conseil d'Administration"},{"@type":"BreadcrumbList","@id":"https:\/\/paca.lpo.fr\/blogs\/nice\/2019\/06\/25\/assemblee-generale-de-la-lpo-paca-val-dallos\/#breadcrumb","itemListElement":[{"@type":"ListItem","position":1,"name":"Accueil","item":"https:\/\/paca.lpo.fr\/blogs\/nice\/"},{"@type":"ListItem","position":2,"name":"Assembl\u00e9e G\u00e9n\u00e9rale de la LPO PACA, Val d&rsquo;Allos"}]},{"@type":"WebSite","@id":"https:\/\/paca.lpo.fr\/blogs\/nice\/#website","url":"https:\/\/paca.lpo.fr\/blogs\/nice\/","name":"Groupe local Nice","description":"Groupe local Nice","publisher":{"@id":"https:\/\/paca.lpo.fr\/blogs\/nice\/#organization"},"potentialAction":[{"@type":"SearchAction","target":{"@type":"EntryPoint","urlTemplate":"https:\/\/paca.lpo.fr\/blogs\/nice\/?s={search_term_string}"},"query-input":{"@type":"PropertyValueSpecification","valueRequired":true,"valueName":"search_term_string"}}],"inLanguage":"fr-FR"},{"@type":"Organization","@id":"https:\/\/paca.lpo.fr\/blogs\/nice\/#organization","name":"Groupe local Nice","url":"https:\/\/paca.lpo.fr\/blogs\/nice\/","logo":{"@type":"ImageObject","inLanguage":"fr-FR","@id":"https:\/\/paca.lpo.fr\/blogs\/nice\/#\/schema\/logo\/image\/","url":"https:\/\/paca.lpo.fr\/blogs\/nice\/files\/2024\/01\/cropped-rvb-lpo-paca-logotype-signature-droite-mini-500.jpg","contentUrl":"https:\/\/paca.lpo.fr\/blogs\/nice\/files\/2024\/01\/cropped-rvb-lpo-paca-logotype-signature-droite-mini-500.jpg","width":500,"height":210,"caption":"Groupe local Nice"},"image":{"@id":"https:\/\/paca.lpo.fr\/blogs\/nice\/#\/schema\/logo\/image\/"}},{"@type":"Person","@id":"https:\/\/paca.lpo.fr\/blogs\/nice\/#\/schema\/person\/1bda33335fb71e0b3552487db26a4c56","name":"Groupe local Paillon-B\u00e9v\u00e9ra","image":{"@type":"ImageObject","inLanguage":"fr-FR","@id":"https:\/\/secure.gravatar.com\/avatar\/b1ee285506e2cb880ec988990d360e255aecb31c77212741dace1023623610c2?s=96&d=mm&r=g","url":"https:\/\/secure.gravatar.com\/avatar\/b1ee285506e2cb880ec988990d360e255aecb31c77212741dace1023623610c2?s=96&d=mm&r=g","contentUrl":"https:\/\/secure.gravatar.com\/avatar\/b1ee285506e2cb880ec988990d360e255aecb31c77212741dace1023623610c2?s=96&d=mm&r=g","caption":"Groupe local Paillon-B\u00e9v\u00e9ra"},"url":"https:\/\/paca.lpo.fr\/blogs\/nice\/author\/alpesmaritimesest\/"}]}},"jetpack_featured_media_url":"https:\/\/paca.lpo.fr\/blogs\/nice\/files\/2019\/06\/img-20190615-165117.jpg","_links":{"self":[{"href":"https:\/\/paca.lpo.fr\/blogs\/nice\/wp-json\/wp\/v2\/posts\/2749","targetHints":{"allow":["GET"]}}],"collection":[{"href":"https:\/\/paca.lpo.fr\/blogs\/nice\/wp-json\/wp\/v2\/posts"}],"about":[{"href":"https:\/\/paca.lpo.fr\/blogs\/nice\/wp-json\/wp\/v2\/types\/post"}],"author":[{"embeddable":true,"href":"https:\/\/paca.lpo.fr\/blogs\/nice\/wp-json\/wp\/v2\/users\/15"}],"replies":[{"embeddable":true,"href":"https:\/\/paca.lpo.fr\/blogs\/nice\/wp-json\/wp\/v2\/comments?post=2749"}],"version-history":[{"count":1,"href":"https:\/\/paca.lpo.fr\/blogs\/nice\/wp-json\/wp\/v2\/posts\/2749\/revisions"}],"predecessor-version":[{"id":2757,"href":"https:\/\/paca.lpo.fr\/blogs\/nice\/wp-json\/wp\/v2\/posts\/2749\/revisions\/2757"}],"wp:featuredmedia":[{"embeddable":true,"href":"https:\/\/paca.lpo.fr\/blogs\/nice\/wp-json\/wp\/v2\/media\/2750"}],"wp:attachment":[{"href":"https:\/\/paca.lpo.fr\/blogs\/nice\/wp-json\/wp\/v2\/media?parent=2749"}],"wp:term":[{"taxonomy":"category","embeddable":true,"href":"https:\/\/paca.lpo.fr\/blogs\/nice\/wp-json\/wp\/v2\/categories?post=2749"},{"taxonomy":"post_tag","embeddable":true,"href":"https:\/\/paca.lpo.fr\/blogs\/nice\/wp-json\/wp\/v2\/tags?post=2749"}],"curies":[{"name":"wp","href":"https:\/\/api.w.org\/{rel}","templated":true}]}}