{"id":2846,"date":"2019-09-10T15:45:02","date_gmt":"2019-09-10T14:45:02","guid":{"rendered":"https:\/\/paca.lpo.fr\/blogs\/nice\/?p=2846"},"modified":"2019-09-10T15:45:03","modified_gmt":"2019-09-10T14:45:03","slug":"2eme-dimanche-de-suivi-de-la-migration-au-fort-de-la-revere","status":"publish","type":"post","link":"https:\/\/paca.lpo.fr\/blogs\/nice\/2019\/09\/10\/2eme-dimanche-de-suivi-de-la-migration-au-fort-de-la-revere\/","title":{"rendered":"2\u00e8me dimanche de suivi de la migration au Fort de la Rev\u00e8re"},"content":{"rendered":"\n<p>Ce dimanche 8 septembre les conditions m\u00e9t\u00e9orologiques \u00e9taient moins favorables pour les passages des oiseaux migrateurs, mais des gu\u00eapiers, des rapaces et quelques passereaux, pipits et becs crois\u00e9s, ont \u00e9t\u00e9 observ\u00e9s par\u00a0un public enthousiaste.<\/p>\n\n\n\n<figure class=\"wp-block-image\"><img loading=\"lazy\" decoding=\"async\" width=\"923\" height=\"692\" src=\"https:\/\/paca.lpo.fr\/blogs\/nice\/files\/2019\/09\/img-20190908-083510-copie.jpg\" alt=\"\" class=\"wp-image-2847\" srcset=\"https:\/\/paca.lpo.fr\/blogs\/nice\/files\/2019\/09\/img-20190908-083510-copie.jpg 923w, https:\/\/paca.lpo.fr\/blogs\/nice\/files\/2019\/09\/img-20190908-083510-copie-480x360.jpg 480w, https:\/\/paca.lpo.fr\/blogs\/nice\/files\/2019\/09\/img-20190908-083510-copie-768x576.jpg 768w, https:\/\/paca.lpo.fr\/blogs\/nice\/files\/2019\/09\/img-20190908-083510-copie-700x525.jpg 700w\" sizes=\"auto, (max-width: 923px) 100vw, 923px\" \/><figcaption>C\u00e9cile, notre ornithologue, et les b\u00e9n\u00e9voles<\/figcaption><\/figure>\n\n\n\n<figure class=\"wp-block-image\"><img loading=\"lazy\" decoding=\"async\" width=\"923\" height=\"687\" src=\"https:\/\/paca.lpo.fr\/blogs\/nice\/files\/2019\/09\/img-20190908-104913-copie.jpg\" alt=\"\" class=\"wp-image-2848\" srcset=\"https:\/\/paca.lpo.fr\/blogs\/nice\/files\/2019\/09\/img-20190908-104913-copie.jpg 923w, https:\/\/paca.lpo.fr\/blogs\/nice\/files\/2019\/09\/img-20190908-104913-copie-480x357.jpg 480w, https:\/\/paca.lpo.fr\/blogs\/nice\/files\/2019\/09\/img-20190908-104913-copie-768x572.jpg 768w, https:\/\/paca.lpo.fr\/blogs\/nice\/files\/2019\/09\/img-20190908-104913-copie-700x521.jpg 700w\" sizes=\"auto, (max-width: 923px) 100vw, 923px\" \/><figcaption>Les journalistes de FR3 C\u00f4te d&rsquo;Azur tournent un reportage pour le JT 19-20<\/figcaption><\/figure>\n\n\n\n<figure class=\"wp-block-image\"><img loading=\"lazy\" decoding=\"async\" width=\"900\" height=\"669\" src=\"https:\/\/paca.lpo.fr\/blogs\/nice\/files\/2019\/09\/img-20190908-104740-copie.jpg\" alt=\"\" class=\"wp-image-2849\" srcset=\"https:\/\/paca.lpo.fr\/blogs\/nice\/files\/2019\/09\/img-20190908-104740-copie.jpg 900w, https:\/\/paca.lpo.fr\/blogs\/nice\/files\/2019\/09\/img-20190908-104740-copie-480x357.jpg 480w, https:\/\/paca.lpo.fr\/blogs\/nice\/files\/2019\/09\/img-20190908-104740-copie-768x571.jpg 768w, https:\/\/paca.lpo.fr\/blogs\/nice\/files\/2019\/09\/img-20190908-104740-copie-700x520.jpg 700w\" sizes=\"auto, (max-width: 900px) 100vw, 900px\" \/><figcaption>Interview de C\u00e9cile<\/figcaption><\/figure>\n","protected":false},"excerpt":{"rendered":"","protected":false},"author":15,"featured_media":2850,"comment_status":"open","ping_status":"open","sticky":false,"template":"","format":"standard","meta":{"footnotes":""},"categories":[79,77],"tags":[],"class_list":["post-2846","post","type-post","status-publish","format-standard","has-post-thumbnail","hentry","category-education-a-lenvironnement","category-grands-evenements"],"yoast_head":"<!-- This site is optimized with the Yoast SEO plugin v28.3 - https:\/\/yoast.com\/product\/yoast-seo-wordpress\/ -->\n<title>2\u00e8me dimanche de suivi de la migration au Fort de la Rev\u00e8re - Groupe local Nice<\/title>\n<meta name=\"robots\" content=\"index, follow, max-snippet:-1, max-image-preview:large, max-video-preview:-1\" \/>\n<link rel=\"canonical\" href=\"https:\/\/paca.lpo.fr\/blogs\/nice\/2019\/09\/10\/2eme-dimanche-de-suivi-de-la-migration-au-fort-de-la-revere\/\" \/>\n<meta property=\"og:locale\" content=\"fr_FR\" \/>\n<meta property=\"og:type\" content=\"article\" \/>\n<meta property=\"og:title\" content=\"2\u00e8me dimanche de suivi de la migration au Fort de la Rev\u00e8re - Groupe local Nice\" \/>\n<meta property=\"og:url\" content=\"https:\/\/paca.lpo.fr\/blogs\/nice\/2019\/09\/10\/2eme-dimanche-de-suivi-de-la-migration-au-fort-de-la-revere\/\" \/>\n<meta property=\"og:site_name\" content=\"Groupe local Nice\" \/>\n<meta property=\"article:published_time\" content=\"2019-09-10T14:45:02+00:00\" \/>\n<meta property=\"article:modified_time\" content=\"2019-09-10T14:45:03+00:00\" \/>\n<meta property=\"og:image\" content=\"https:\/\/paca.lpo.fr\/blogs\/nice\/files\/2019\/09\/img-20190908-094639-copie.jpg\" \/>\n\t<meta property=\"og:image:width\" content=\"802\" \/>\n\t<meta property=\"og:image:height\" content=\"602\" \/>\n\t<meta property=\"og:image:type\" content=\"image\/jpeg\" \/>\n<meta name=\"author\" content=\"Groupe local Paillon-B\u00e9v\u00e9ra\" \/>\n<meta name=\"twitter:card\" content=\"summary_large_image\" \/>\n<meta name=\"twitter:label1\" content=\"\u00c9crit par\" \/>\n\t<meta name=\"twitter:data1\" content=\"Groupe local Paillon-B\u00e9v\u00e9ra\" \/>\n<script type=\"application\/ld+json\" class=\"yoast-schema-graph\">{\"@context\":\"https:\\\/\\\/schema.org\",\"@graph\":[{\"@type\":\"Article\",\"@id\":\"https:\\\/\\\/paca.lpo.fr\\\/blogs\\\/nice\\\/2019\\\/09\\\/10\\\/2eme-dimanche-de-suivi-de-la-migration-au-fort-de-la-revere\\\/#article\",\"isPartOf\":{\"@id\":\"https:\\\/\\\/paca.lpo.fr\\\/blogs\\\/nice\\\/2019\\\/09\\\/10\\\/2eme-dimanche-de-suivi-de-la-migration-au-fort-de-la-revere\\\/\"},\"author\":{\"name\":\"Groupe local Paillon-B\u00e9v\u00e9ra\",\"@id\":\"https:\\\/\\\/paca.lpo.fr\\\/blogs\\\/nice\\\/#\\\/schema\\\/person\\\/1bda33335fb71e0b3552487db26a4c56\"},\"headline\":\"2\u00e8me dimanche de suivi de la migration au Fort de la Rev\u00e8re\",\"datePublished\":\"2019-09-10T14:45:02+00:00\",\"dateModified\":\"2019-09-10T14:45:03+00:00\",\"mainEntityOfPage\":{\"@id\":\"https:\\\/\\\/paca.lpo.fr\\\/blogs\\\/nice\\\/2019\\\/09\\\/10\\\/2eme-dimanche-de-suivi-de-la-migration-au-fort-de-la-revere\\\/\"},\"wordCount\":80,\"commentCount\":0,\"publisher\":{\"@id\":\"https:\\\/\\\/paca.lpo.fr\\\/blogs\\\/nice\\\/#organization\"},\"image\":{\"@id\":\"https:\\\/\\\/paca.lpo.fr\\\/blogs\\\/nice\\\/2019\\\/09\\\/10\\\/2eme-dimanche-de-suivi-de-la-migration-au-fort-de-la-revere\\\/#primaryimage\"},\"thumbnailUrl\":\"https:\\\/\\\/paca.lpo.fr\\\/blogs\\\/nice\\\/files\\\/2019\\\/09\\\/img-20190908-094639-copie.jpg\",\"articleSection\":[\"Education \u00e0 l'environnement\",\"Grands \u00e9v\u00e8nements\"],\"inLanguage\":\"fr-FR\",\"potentialAction\":[{\"@type\":\"CommentAction\",\"name\":\"Comment\",\"target\":[\"https:\\\/\\\/paca.lpo.fr\\\/blogs\\\/nice\\\/2019\\\/09\\\/10\\\/2eme-dimanche-de-suivi-de-la-migration-au-fort-de-la-revere\\\/#respond\"]}]},{\"@type\":\"WebPage\",\"@id\":\"https:\\\/\\\/paca.lpo.fr\\\/blogs\\\/nice\\\/2019\\\/09\\\/10\\\/2eme-dimanche-de-suivi-de-la-migration-au-fort-de-la-revere\\\/\",\"url\":\"https:\\\/\\\/paca.lpo.fr\\\/blogs\\\/nice\\\/2019\\\/09\\\/10\\\/2eme-dimanche-de-suivi-de-la-migration-au-fort-de-la-revere\\\/\",\"name\":\"2\u00e8me dimanche de suivi de la migration au Fort de la Rev\u00e8re - Groupe local Nice\",\"isPartOf\":{\"@id\":\"https:\\\/\\\/paca.lpo.fr\\\/blogs\\\/nice\\\/#website\"},\"primaryImageOfPage\":{\"@id\":\"https:\\\/\\\/paca.lpo.fr\\\/blogs\\\/nice\\\/2019\\\/09\\\/10\\\/2eme-dimanche-de-suivi-de-la-migration-au-fort-de-la-revere\\\/#primaryimage\"},\"image\":{\"@id\":\"https:\\\/\\\/paca.lpo.fr\\\/blogs\\\/nice\\\/2019\\\/09\\\/10\\\/2eme-dimanche-de-suivi-de-la-migration-au-fort-de-la-revere\\\/#primaryimage\"},\"thumbnailUrl\":\"https:\\\/\\\/paca.lpo.fr\\\/blogs\\\/nice\\\/files\\\/2019\\\/09\\\/img-20190908-094639-copie.jpg\",\"datePublished\":\"2019-09-10T14:45:02+00:00\",\"dateModified\":\"2019-09-10T14:45:03+00:00\",\"breadcrumb\":{\"@id\":\"https:\\\/\\\/paca.lpo.fr\\\/blogs\\\/nice\\\/2019\\\/09\\\/10\\\/2eme-dimanche-de-suivi-de-la-migration-au-fort-de-la-revere\\\/#breadcrumb\"},\"inLanguage\":\"fr-FR\",\"potentialAction\":[{\"@type\":\"ReadAction\",\"target\":[\"https:\\\/\\\/paca.lpo.fr\\\/blogs\\\/nice\\\/2019\\\/09\\\/10\\\/2eme-dimanche-de-suivi-de-la-migration-au-fort-de-la-revere\\\/\"]}]},{\"@type\":\"ImageObject\",\"inLanguage\":\"fr-FR\",\"@id\":\"https:\\\/\\\/paca.lpo.fr\\\/blogs\\\/nice\\\/2019\\\/09\\\/10\\\/2eme-dimanche-de-suivi-de-la-migration-au-fort-de-la-revere\\\/#primaryimage\",\"url\":\"https:\\\/\\\/paca.lpo.fr\\\/blogs\\\/nice\\\/files\\\/2019\\\/09\\\/img-20190908-094639-copie.jpg\",\"contentUrl\":\"https:\\\/\\\/paca.lpo.fr\\\/blogs\\\/nice\\\/files\\\/2019\\\/09\\\/img-20190908-094639-copie.jpg\",\"width\":802,\"height\":602},{\"@type\":\"BreadcrumbList\",\"@id\":\"https:\\\/\\\/paca.lpo.fr\\\/blogs\\\/nice\\\/2019\\\/09\\\/10\\\/2eme-dimanche-de-suivi-de-la-migration-au-fort-de-la-revere\\\/#breadcrumb\",\"itemListElement\":[{\"@type\":\"ListItem\",\"position\":1,\"name\":\"Accueil\",\"item\":\"https:\\\/\\\/paca.lpo.fr\\\/blogs\\\/nice\\\/\"},{\"@type\":\"ListItem\",\"position\":2,\"name\":\"2\u00e8me dimanche de suivi de la migration au Fort de la Rev\u00e8re\"}]},{\"@type\":\"WebSite\",\"@id\":\"https:\\\/\\\/paca.lpo.fr\\\/blogs\\\/nice\\\/#website\",\"url\":\"https:\\\/\\\/paca.lpo.fr\\\/blogs\\\/nice\\\/\",\"name\":\"Groupe local Nice\",\"description\":\"Groupe local Nice\",\"publisher\":{\"@id\":\"https:\\\/\\\/paca.lpo.fr\\\/blogs\\\/nice\\\/#organization\"},\"potentialAction\":[{\"@type\":\"SearchAction\",\"target\":{\"@type\":\"EntryPoint\",\"urlTemplate\":\"https:\\\/\\\/paca.lpo.fr\\\/blogs\\\/nice\\\/?s={search_term_string}\"},\"query-input\":{\"@type\":\"PropertyValueSpecification\",\"valueRequired\":true,\"valueName\":\"search_term_string\"}}],\"inLanguage\":\"fr-FR\"},{\"@type\":\"Organization\",\"@id\":\"https:\\\/\\\/paca.lpo.fr\\\/blogs\\\/nice\\\/#organization\",\"name\":\"Groupe local Nice\",\"url\":\"https:\\\/\\\/paca.lpo.fr\\\/blogs\\\/nice\\\/\",\"logo\":{\"@type\":\"ImageObject\",\"inLanguage\":\"fr-FR\",\"@id\":\"https:\\\/\\\/paca.lpo.fr\\\/blogs\\\/nice\\\/#\\\/schema\\\/logo\\\/image\\\/\",\"url\":\"https:\\\/\\\/paca.lpo.fr\\\/blogs\\\/nice\\\/files\\\/2024\\\/01\\\/cropped-rvb-lpo-paca-logotype-signature-droite-mini-500.jpg\",\"contentUrl\":\"https:\\\/\\\/paca.lpo.fr\\\/blogs\\\/nice\\\/files\\\/2024\\\/01\\\/cropped-rvb-lpo-paca-logotype-signature-droite-mini-500.jpg\",\"width\":500,\"height\":210,\"caption\":\"Groupe local Nice\"},\"image\":{\"@id\":\"https:\\\/\\\/paca.lpo.fr\\\/blogs\\\/nice\\\/#\\\/schema\\\/logo\\\/image\\\/\"}},{\"@type\":\"Person\",\"@id\":\"https:\\\/\\\/paca.lpo.fr\\\/blogs\\\/nice\\\/#\\\/schema\\\/person\\\/1bda33335fb71e0b3552487db26a4c56\",\"name\":\"Groupe local Paillon-B\u00e9v\u00e9ra\",\"image\":{\"@type\":\"ImageObject\",\"inLanguage\":\"fr-FR\",\"@id\":\"https:\\\/\\\/secure.gravatar.com\\\/avatar\\\/b1ee285506e2cb880ec988990d360e255aecb31c77212741dace1023623610c2?s=96&d=mm&r=g\",\"url\":\"https:\\\/\\\/secure.gravatar.com\\\/avatar\\\/b1ee285506e2cb880ec988990d360e255aecb31c77212741dace1023623610c2?s=96&d=mm&r=g\",\"contentUrl\":\"https:\\\/\\\/secure.gravatar.com\\\/avatar\\\/b1ee285506e2cb880ec988990d360e255aecb31c77212741dace1023623610c2?s=96&d=mm&r=g\",\"caption\":\"Groupe local Paillon-B\u00e9v\u00e9ra\"},\"url\":\"https:\\\/\\\/paca.lpo.fr\\\/blogs\\\/nice\\\/author\\\/alpesmaritimesest\\\/\"}]}<\/script>\n<!-- \/ Yoast SEO plugin. -->","yoast_head_json":{"title":"2\u00e8me dimanche de suivi de la migration au Fort de la Rev\u00e8re - Groupe local Nice","robots":{"index":"index","follow":"follow","max-snippet":"max-snippet:-1","max-image-preview":"max-image-preview:large","max-video-preview":"max-video-preview:-1"},"canonical":"https:\/\/paca.lpo.fr\/blogs\/nice\/2019\/09\/10\/2eme-dimanche-de-suivi-de-la-migration-au-fort-de-la-revere\/","og_locale":"fr_FR","og_type":"article","og_title":"2\u00e8me dimanche de suivi de la migration au Fort de la Rev\u00e8re - Groupe local Nice","og_url":"https:\/\/paca.lpo.fr\/blogs\/nice\/2019\/09\/10\/2eme-dimanche-de-suivi-de-la-migration-au-fort-de-la-revere\/","og_site_name":"Groupe local Nice","article_published_time":"2019-09-10T14:45:02+00:00","article_modified_time":"2019-09-10T14:45:03+00:00","og_image":[{"width":802,"height":602,"url":"https:\/\/paca.lpo.fr\/blogs\/nice\/files\/2019\/09\/img-20190908-094639-copie.jpg","type":"image\/jpeg"}],"author":"Groupe local Paillon-B\u00e9v\u00e9ra","twitter_card":"summary_large_image","twitter_misc":{"\u00c9crit par":"Groupe local Paillon-B\u00e9v\u00e9ra"},"schema":{"@context":"https:\/\/schema.org","@graph":[{"@type":"Article","@id":"https:\/\/paca.lpo.fr\/blogs\/nice\/2019\/09\/10\/2eme-dimanche-de-suivi-de-la-migration-au-fort-de-la-revere\/#article","isPartOf":{"@id":"https:\/\/paca.lpo.fr\/blogs\/nice\/2019\/09\/10\/2eme-dimanche-de-suivi-de-la-migration-au-fort-de-la-revere\/"},"author":{"name":"Groupe local Paillon-B\u00e9v\u00e9ra","@id":"https:\/\/paca.lpo.fr\/blogs\/nice\/#\/schema\/person\/1bda33335fb71e0b3552487db26a4c56"},"headline":"2\u00e8me dimanche de suivi de la migration au Fort de la Rev\u00e8re","datePublished":"2019-09-10T14:45:02+00:00","dateModified":"2019-09-10T14:45:03+00:00","mainEntityOfPage":{"@id":"https:\/\/paca.lpo.fr\/blogs\/nice\/2019\/09\/10\/2eme-dimanche-de-suivi-de-la-migration-au-fort-de-la-revere\/"},"wordCount":80,"commentCount":0,"publisher":{"@id":"https:\/\/paca.lpo.fr\/blogs\/nice\/#organization"},"image":{"@id":"https:\/\/paca.lpo.fr\/blogs\/nice\/2019\/09\/10\/2eme-dimanche-de-suivi-de-la-migration-au-fort-de-la-revere\/#primaryimage"},"thumbnailUrl":"https:\/\/paca.lpo.fr\/blogs\/nice\/files\/2019\/09\/img-20190908-094639-copie.jpg","articleSection":["Education \u00e0 l'environnement","Grands \u00e9v\u00e8nements"],"inLanguage":"fr-FR","potentialAction":[{"@type":"CommentAction","name":"Comment","target":["https:\/\/paca.lpo.fr\/blogs\/nice\/2019\/09\/10\/2eme-dimanche-de-suivi-de-la-migration-au-fort-de-la-revere\/#respond"]}]},{"@type":"WebPage","@id":"https:\/\/paca.lpo.fr\/blogs\/nice\/2019\/09\/10\/2eme-dimanche-de-suivi-de-la-migration-au-fort-de-la-revere\/","url":"https:\/\/paca.lpo.fr\/blogs\/nice\/2019\/09\/10\/2eme-dimanche-de-suivi-de-la-migration-au-fort-de-la-revere\/","name":"2\u00e8me dimanche de suivi de la migration au Fort de la Rev\u00e8re - Groupe local Nice","isPartOf":{"@id":"https:\/\/paca.lpo.fr\/blogs\/nice\/#website"},"primaryImageOfPage":{"@id":"https:\/\/paca.lpo.fr\/blogs\/nice\/2019\/09\/10\/2eme-dimanche-de-suivi-de-la-migration-au-fort-de-la-revere\/#primaryimage"},"image":{"@id":"https:\/\/paca.lpo.fr\/blogs\/nice\/2019\/09\/10\/2eme-dimanche-de-suivi-de-la-migration-au-fort-de-la-revere\/#primaryimage"},"thumbnailUrl":"https:\/\/paca.lpo.fr\/blogs\/nice\/files\/2019\/09\/img-20190908-094639-copie.jpg","datePublished":"2019-09-10T14:45:02+00:00","dateModified":"2019-09-10T14:45:03+00:00","breadcrumb":{"@id":"https:\/\/paca.lpo.fr\/blogs\/nice\/2019\/09\/10\/2eme-dimanche-de-suivi-de-la-migration-au-fort-de-la-revere\/#breadcrumb"},"inLanguage":"fr-FR","potentialAction":[{"@type":"ReadAction","target":["https:\/\/paca.lpo.fr\/blogs\/nice\/2019\/09\/10\/2eme-dimanche-de-suivi-de-la-migration-au-fort-de-la-revere\/"]}]},{"@type":"ImageObject","inLanguage":"fr-FR","@id":"https:\/\/paca.lpo.fr\/blogs\/nice\/2019\/09\/10\/2eme-dimanche-de-suivi-de-la-migration-au-fort-de-la-revere\/#primaryimage","url":"https:\/\/paca.lpo.fr\/blogs\/nice\/files\/2019\/09\/img-20190908-094639-copie.jpg","contentUrl":"https:\/\/paca.lpo.fr\/blogs\/nice\/files\/2019\/09\/img-20190908-094639-copie.jpg","width":802,"height":602},{"@type":"BreadcrumbList","@id":"https:\/\/paca.lpo.fr\/blogs\/nice\/2019\/09\/10\/2eme-dimanche-de-suivi-de-la-migration-au-fort-de-la-revere\/#breadcrumb","itemListElement":[{"@type":"ListItem","position":1,"name":"Accueil","item":"https:\/\/paca.lpo.fr\/blogs\/nice\/"},{"@type":"ListItem","position":2,"name":"2\u00e8me dimanche de suivi de la migration au Fort de la Rev\u00e8re"}]},{"@type":"WebSite","@id":"https:\/\/paca.lpo.fr\/blogs\/nice\/#website","url":"https:\/\/paca.lpo.fr\/blogs\/nice\/","name":"Groupe local Nice","description":"Groupe local Nice","publisher":{"@id":"https:\/\/paca.lpo.fr\/blogs\/nice\/#organization"},"potentialAction":[{"@type":"SearchAction","target":{"@type":"EntryPoint","urlTemplate":"https:\/\/paca.lpo.fr\/blogs\/nice\/?s={search_term_string}"},"query-input":{"@type":"PropertyValueSpecification","valueRequired":true,"valueName":"search_term_string"}}],"inLanguage":"fr-FR"},{"@type":"Organization","@id":"https:\/\/paca.lpo.fr\/blogs\/nice\/#organization","name":"Groupe local Nice","url":"https:\/\/paca.lpo.fr\/blogs\/nice\/","logo":{"@type":"ImageObject","inLanguage":"fr-FR","@id":"https:\/\/paca.lpo.fr\/blogs\/nice\/#\/schema\/logo\/image\/","url":"https:\/\/paca.lpo.fr\/blogs\/nice\/files\/2024\/01\/cropped-rvb-lpo-paca-logotype-signature-droite-mini-500.jpg","contentUrl":"https:\/\/paca.lpo.fr\/blogs\/nice\/files\/2024\/01\/cropped-rvb-lpo-paca-logotype-signature-droite-mini-500.jpg","width":500,"height":210,"caption":"Groupe local Nice"},"image":{"@id":"https:\/\/paca.lpo.fr\/blogs\/nice\/#\/schema\/logo\/image\/"}},{"@type":"Person","@id":"https:\/\/paca.lpo.fr\/blogs\/nice\/#\/schema\/person\/1bda33335fb71e0b3552487db26a4c56","name":"Groupe local Paillon-B\u00e9v\u00e9ra","image":{"@type":"ImageObject","inLanguage":"fr-FR","@id":"https:\/\/secure.gravatar.com\/avatar\/b1ee285506e2cb880ec988990d360e255aecb31c77212741dace1023623610c2?s=96&d=mm&r=g","url":"https:\/\/secure.gravatar.com\/avatar\/b1ee285506e2cb880ec988990d360e255aecb31c77212741dace1023623610c2?s=96&d=mm&r=g","contentUrl":"https:\/\/secure.gravatar.com\/avatar\/b1ee285506e2cb880ec988990d360e255aecb31c77212741dace1023623610c2?s=96&d=mm&r=g","caption":"Groupe local Paillon-B\u00e9v\u00e9ra"},"url":"https:\/\/paca.lpo.fr\/blogs\/nice\/author\/alpesmaritimesest\/"}]}},"jetpack_featured_media_url":"https:\/\/paca.lpo.fr\/blogs\/nice\/files\/2019\/09\/img-20190908-094639-copie.jpg","_links":{"self":[{"href":"https:\/\/paca.lpo.fr\/blogs\/nice\/wp-json\/wp\/v2\/posts\/2846","targetHints":{"allow":["GET"]}}],"collection":[{"href":"https:\/\/paca.lpo.fr\/blogs\/nice\/wp-json\/wp\/v2\/posts"}],"about":[{"href":"https:\/\/paca.lpo.fr\/blogs\/nice\/wp-json\/wp\/v2\/types\/post"}],"author":[{"embeddable":true,"href":"https:\/\/paca.lpo.fr\/blogs\/nice\/wp-json\/wp\/v2\/users\/15"}],"replies":[{"embeddable":true,"href":"https:\/\/paca.lpo.fr\/blogs\/nice\/wp-json\/wp\/v2\/comments?post=2846"}],"version-history":[{"count":1,"href":"https:\/\/paca.lpo.fr\/blogs\/nice\/wp-json\/wp\/v2\/posts\/2846\/revisions"}],"predecessor-version":[{"id":2851,"href":"https:\/\/paca.lpo.fr\/blogs\/nice\/wp-json\/wp\/v2\/posts\/2846\/revisions\/2851"}],"wp:featuredmedia":[{"embeddable":true,"href":"https:\/\/paca.lpo.fr\/blogs\/nice\/wp-json\/wp\/v2\/media\/2850"}],"wp:attachment":[{"href":"https:\/\/paca.lpo.fr\/blogs\/nice\/wp-json\/wp\/v2\/media?parent=2846"}],"wp:term":[{"taxonomy":"category","embeddable":true,"href":"https:\/\/paca.lpo.fr\/blogs\/nice\/wp-json\/wp\/v2\/categories?post=2846"},{"taxonomy":"post_tag","embeddable":true,"href":"https:\/\/paca.lpo.fr\/blogs\/nice\/wp-json\/wp\/v2\/tags?post=2846"}],"curies":[{"name":"wp","href":"https:\/\/api.w.org\/{rel}","templated":true}]}}