{"id":2861,"date":"2019-10-01T09:36:18","date_gmt":"2019-10-01T08:36:18","guid":{"rendered":"https:\/\/paca.lpo.fr\/blogs\/nice\/?p=2861"},"modified":"2019-10-01T09:36:20","modified_gmt":"2019-10-01T08:36:20","slug":"rencontres-naturalistes-lpo-paca","status":"publish","type":"post","link":"https:\/\/paca.lpo.fr\/blogs\/nice\/2019\/10\/01\/rencontres-naturalistes-lpo-paca\/","title":{"rendered":"Rencontres Naturalistes LPO PACA"},"content":{"rendered":"\n<p>Deux journ\u00e9es consacr\u00e9es cette ann\u00e9e aux hirondelles et martinets dans le beau cadre de l&rsquo;Espace Nautique d&rsquo;Hy\u00e8res. Vendredi 27 septembre les martinets \u00e9taient \u00e0 l&rsquo;honneur avec\u00a0des pr\u00e9sentations int\u00e9ressantes et une table ronde.<\/p>\n\n\n\n<figure class=\"wp-block-image\"><img loading=\"lazy\" decoding=\"async\" width=\"910\" height=\"565\" src=\"https:\/\/paca.lpo.fr\/blogs\/nice\/files\/2019\/10\/img-20190927-162209.jpg\" alt=\"\" class=\"wp-image-2863\" srcset=\"https:\/\/paca.lpo.fr\/blogs\/nice\/files\/2019\/10\/img-20190927-162209.jpg 910w, https:\/\/paca.lpo.fr\/blogs\/nice\/files\/2019\/10\/img-20190927-162209-480x298.jpg 480w, https:\/\/paca.lpo.fr\/blogs\/nice\/files\/2019\/10\/img-20190927-162209-768x477.jpg 768w, https:\/\/paca.lpo.fr\/blogs\/nice\/files\/2019\/10\/img-20190927-162209-332x205.jpg 332w, https:\/\/paca.lpo.fr\/blogs\/nice\/files\/2019\/10\/img-20190927-162209-700x435.jpg 700w\" sizes=\"auto, (max-width: 910px) 100vw, 910px\" \/><figcaption>Table ronde sur les martinets<\/figcaption><\/figure>\n\n\n\n<figure class=\"wp-block-image\"><img loading=\"lazy\" decoding=\"async\" width=\"682\" height=\"800\" src=\"https:\/\/paca.lpo.fr\/blogs\/nice\/files\/2019\/10\/img-20190928-094539-682x800.jpg\" alt=\"\" class=\"wp-image-2862\" srcset=\"https:\/\/paca.lpo.fr\/blogs\/nice\/files\/2019\/10\/img-20190928-094539-682x800.jpg 682w, https:\/\/paca.lpo.fr\/blogs\/nice\/files\/2019\/10\/img-20190928-094539-409x480.jpg 409w, https:\/\/paca.lpo.fr\/blogs\/nice\/files\/2019\/10\/img-20190928-094539-768x901.jpg 768w, https:\/\/paca.lpo.fr\/blogs\/nice\/files\/2019\/10\/img-20190928-094539-700x822.jpg 700w, https:\/\/paca.lpo.fr\/blogs\/nice\/files\/2019\/10\/img-20190928-094539.jpg 795w\" sizes=\"auto, (max-width: 682px) 100vw, 682px\" \/><figcaption>Intervention de George Olioso sur les hirondelles du monde, leur histoire, leur \u00e9volution<br><\/figcaption><\/figure>\n\n\n\n<figure class=\"wp-block-image\"><img loading=\"lazy\" decoding=\"async\" width=\"915\" height=\"617\" src=\"https:\/\/paca.lpo.fr\/blogs\/nice\/files\/2019\/10\/img-20190928-150927.jpg\" alt=\"\" class=\"wp-image-2865\" srcset=\"https:\/\/paca.lpo.fr\/blogs\/nice\/files\/2019\/10\/img-20190928-150927.jpg 915w, https:\/\/paca.lpo.fr\/blogs\/nice\/files\/2019\/10\/img-20190928-150927-480x324.jpg 480w, https:\/\/paca.lpo.fr\/blogs\/nice\/files\/2019\/10\/img-20190928-150927-768x518.jpg 768w, https:\/\/paca.lpo.fr\/blogs\/nice\/files\/2019\/10\/img-20190928-150927-700x472.jpg 700w\" sizes=\"auto, (max-width: 915px) 100vw, 915px\" \/><figcaption>Thomas et Morgane \u00e9voquent\u00a0 les actions dans le cadre de l&rsquo;ann\u00e9e des hirondelles et martinets de la LPO. Les actions de notre groupe local sont pr\u00e9sent\u00e9es<\/figcaption><\/figure>\n","protected":false},"excerpt":{"rendered":"","protected":false},"author":15,"featured_media":2864,"comment_status":"open","ping_status":"open","sticky":false,"template":"","format":"standard","meta":{"footnotes":""},"categories":[79,77,78],"tags":[],"class_list":["post-2861","post","type-post","status-publish","format-standard","has-post-thumbnail","hentry","category-education-a-lenvironnement","category-grands-evenements","category-protection-de-la-biodiversite"],"yoast_head":"<!-- This site is optimized with the Yoast SEO plugin v28.3 - https:\/\/yoast.com\/product\/yoast-seo-wordpress\/ -->\n<title>Rencontres Naturalistes LPO PACA - Groupe local Nice<\/title>\n<meta name=\"robots\" content=\"index, follow, max-snippet:-1, max-image-preview:large, max-video-preview:-1\" \/>\n<link rel=\"canonical\" href=\"https:\/\/paca.lpo.fr\/blogs\/nice\/2019\/10\/01\/rencontres-naturalistes-lpo-paca\/\" \/>\n<meta property=\"og:locale\" content=\"fr_FR\" \/>\n<meta property=\"og:type\" content=\"article\" \/>\n<meta property=\"og:title\" content=\"Rencontres Naturalistes LPO PACA - Groupe local Nice\" \/>\n<meta property=\"og:url\" content=\"https:\/\/paca.lpo.fr\/blogs\/nice\/2019\/10\/01\/rencontres-naturalistes-lpo-paca\/\" \/>\n<meta property=\"og:site_name\" content=\"Groupe local Nice\" \/>\n<meta property=\"article:published_time\" content=\"2019-10-01T08:36:18+00:00\" \/>\n<meta property=\"article:modified_time\" content=\"2019-10-01T08:36:20+00:00\" \/>\n<meta property=\"og:image\" content=\"https:\/\/paca.lpo.fr\/blogs\/nice\/files\/2019\/10\/img-20190928-113717.jpg\" \/>\n\t<meta property=\"og:image:width\" content=\"936\" \/>\n\t<meta property=\"og:image:height\" content=\"617\" \/>\n\t<meta property=\"og:image:type\" content=\"image\/jpeg\" \/>\n<meta name=\"author\" content=\"Groupe local Paillon-B\u00e9v\u00e9ra\" \/>\n<meta name=\"twitter:card\" content=\"summary_large_image\" \/>\n<meta name=\"twitter:label1\" content=\"\u00c9crit par\" \/>\n\t<meta name=\"twitter:data1\" content=\"Groupe local Paillon-B\u00e9v\u00e9ra\" \/>\n<script type=\"application\/ld+json\" class=\"yoast-schema-graph\">{\"@context\":\"https:\\\/\\\/schema.org\",\"@graph\":[{\"@type\":\"Article\",\"@id\":\"https:\\\/\\\/paca.lpo.fr\\\/blogs\\\/nice\\\/2019\\\/10\\\/01\\\/rencontres-naturalistes-lpo-paca\\\/#article\",\"isPartOf\":{\"@id\":\"https:\\\/\\\/paca.lpo.fr\\\/blogs\\\/nice\\\/2019\\\/10\\\/01\\\/rencontres-naturalistes-lpo-paca\\\/\"},\"author\":{\"name\":\"Groupe local Paillon-B\u00e9v\u00e9ra\",\"@id\":\"https:\\\/\\\/paca.lpo.fr\\\/blogs\\\/nice\\\/#\\\/schema\\\/person\\\/1bda33335fb71e0b3552487db26a4c56\"},\"headline\":\"Rencontres Naturalistes LPO PACA\",\"datePublished\":\"2019-10-01T08:36:18+00:00\",\"dateModified\":\"2019-10-01T08:36:20+00:00\",\"mainEntityOfPage\":{\"@id\":\"https:\\\/\\\/paca.lpo.fr\\\/blogs\\\/nice\\\/2019\\\/10\\\/01\\\/rencontres-naturalistes-lpo-paca\\\/\"},\"wordCount\":92,\"commentCount\":0,\"publisher\":{\"@id\":\"https:\\\/\\\/paca.lpo.fr\\\/blogs\\\/nice\\\/#organization\"},\"image\":{\"@id\":\"https:\\\/\\\/paca.lpo.fr\\\/blogs\\\/nice\\\/2019\\\/10\\\/01\\\/rencontres-naturalistes-lpo-paca\\\/#primaryimage\"},\"thumbnailUrl\":\"https:\\\/\\\/paca.lpo.fr\\\/blogs\\\/nice\\\/files\\\/2019\\\/10\\\/img-20190928-113717.jpg\",\"articleSection\":[\"Education \u00e0 l'environnement\",\"Grands \u00e9v\u00e8nements\",\"Protection de la biodiversit\u00e9\"],\"inLanguage\":\"fr-FR\",\"potentialAction\":[{\"@type\":\"CommentAction\",\"name\":\"Comment\",\"target\":[\"https:\\\/\\\/paca.lpo.fr\\\/blogs\\\/nice\\\/2019\\\/10\\\/01\\\/rencontres-naturalistes-lpo-paca\\\/#respond\"]}]},{\"@type\":\"WebPage\",\"@id\":\"https:\\\/\\\/paca.lpo.fr\\\/blogs\\\/nice\\\/2019\\\/10\\\/01\\\/rencontres-naturalistes-lpo-paca\\\/\",\"url\":\"https:\\\/\\\/paca.lpo.fr\\\/blogs\\\/nice\\\/2019\\\/10\\\/01\\\/rencontres-naturalistes-lpo-paca\\\/\",\"name\":\"Rencontres Naturalistes LPO PACA - Groupe local Nice\",\"isPartOf\":{\"@id\":\"https:\\\/\\\/paca.lpo.fr\\\/blogs\\\/nice\\\/#website\"},\"primaryImageOfPage\":{\"@id\":\"https:\\\/\\\/paca.lpo.fr\\\/blogs\\\/nice\\\/2019\\\/10\\\/01\\\/rencontres-naturalistes-lpo-paca\\\/#primaryimage\"},\"image\":{\"@id\":\"https:\\\/\\\/paca.lpo.fr\\\/blogs\\\/nice\\\/2019\\\/10\\\/01\\\/rencontres-naturalistes-lpo-paca\\\/#primaryimage\"},\"thumbnailUrl\":\"https:\\\/\\\/paca.lpo.fr\\\/blogs\\\/nice\\\/files\\\/2019\\\/10\\\/img-20190928-113717.jpg\",\"datePublished\":\"2019-10-01T08:36:18+00:00\",\"dateModified\":\"2019-10-01T08:36:20+00:00\",\"breadcrumb\":{\"@id\":\"https:\\\/\\\/paca.lpo.fr\\\/blogs\\\/nice\\\/2019\\\/10\\\/01\\\/rencontres-naturalistes-lpo-paca\\\/#breadcrumb\"},\"inLanguage\":\"fr-FR\",\"potentialAction\":[{\"@type\":\"ReadAction\",\"target\":[\"https:\\\/\\\/paca.lpo.fr\\\/blogs\\\/nice\\\/2019\\\/10\\\/01\\\/rencontres-naturalistes-lpo-paca\\\/\"]}]},{\"@type\":\"ImageObject\",\"inLanguage\":\"fr-FR\",\"@id\":\"https:\\\/\\\/paca.lpo.fr\\\/blogs\\\/nice\\\/2019\\\/10\\\/01\\\/rencontres-naturalistes-lpo-paca\\\/#primaryimage\",\"url\":\"https:\\\/\\\/paca.lpo.fr\\\/blogs\\\/nice\\\/files\\\/2019\\\/10\\\/img-20190928-113717.jpg\",\"contentUrl\":\"https:\\\/\\\/paca.lpo.fr\\\/blogs\\\/nice\\\/files\\\/2019\\\/10\\\/img-20190928-113717.jpg\",\"width\":936,\"height\":617},{\"@type\":\"BreadcrumbList\",\"@id\":\"https:\\\/\\\/paca.lpo.fr\\\/blogs\\\/nice\\\/2019\\\/10\\\/01\\\/rencontres-naturalistes-lpo-paca\\\/#breadcrumb\",\"itemListElement\":[{\"@type\":\"ListItem\",\"position\":1,\"name\":\"Accueil\",\"item\":\"https:\\\/\\\/paca.lpo.fr\\\/blogs\\\/nice\\\/\"},{\"@type\":\"ListItem\",\"position\":2,\"name\":\"Rencontres Naturalistes LPO PACA\"}]},{\"@type\":\"WebSite\",\"@id\":\"https:\\\/\\\/paca.lpo.fr\\\/blogs\\\/nice\\\/#website\",\"url\":\"https:\\\/\\\/paca.lpo.fr\\\/blogs\\\/nice\\\/\",\"name\":\"Groupe local Nice\",\"description\":\"Groupe local Nice\",\"publisher\":{\"@id\":\"https:\\\/\\\/paca.lpo.fr\\\/blogs\\\/nice\\\/#organization\"},\"potentialAction\":[{\"@type\":\"SearchAction\",\"target\":{\"@type\":\"EntryPoint\",\"urlTemplate\":\"https:\\\/\\\/paca.lpo.fr\\\/blogs\\\/nice\\\/?s={search_term_string}\"},\"query-input\":{\"@type\":\"PropertyValueSpecification\",\"valueRequired\":true,\"valueName\":\"search_term_string\"}}],\"inLanguage\":\"fr-FR\"},{\"@type\":\"Organization\",\"@id\":\"https:\\\/\\\/paca.lpo.fr\\\/blogs\\\/nice\\\/#organization\",\"name\":\"Groupe local Nice\",\"url\":\"https:\\\/\\\/paca.lpo.fr\\\/blogs\\\/nice\\\/\",\"logo\":{\"@type\":\"ImageObject\",\"inLanguage\":\"fr-FR\",\"@id\":\"https:\\\/\\\/paca.lpo.fr\\\/blogs\\\/nice\\\/#\\\/schema\\\/logo\\\/image\\\/\",\"url\":\"https:\\\/\\\/paca.lpo.fr\\\/blogs\\\/nice\\\/files\\\/2024\\\/01\\\/cropped-rvb-lpo-paca-logotype-signature-droite-mini-500.jpg\",\"contentUrl\":\"https:\\\/\\\/paca.lpo.fr\\\/blogs\\\/nice\\\/files\\\/2024\\\/01\\\/cropped-rvb-lpo-paca-logotype-signature-droite-mini-500.jpg\",\"width\":500,\"height\":210,\"caption\":\"Groupe local Nice\"},\"image\":{\"@id\":\"https:\\\/\\\/paca.lpo.fr\\\/blogs\\\/nice\\\/#\\\/schema\\\/logo\\\/image\\\/\"}},{\"@type\":\"Person\",\"@id\":\"https:\\\/\\\/paca.lpo.fr\\\/blogs\\\/nice\\\/#\\\/schema\\\/person\\\/1bda33335fb71e0b3552487db26a4c56\",\"name\":\"Groupe local Paillon-B\u00e9v\u00e9ra\",\"image\":{\"@type\":\"ImageObject\",\"inLanguage\":\"fr-FR\",\"@id\":\"https:\\\/\\\/secure.gravatar.com\\\/avatar\\\/b1ee285506e2cb880ec988990d360e255aecb31c77212741dace1023623610c2?s=96&d=mm&r=g\",\"url\":\"https:\\\/\\\/secure.gravatar.com\\\/avatar\\\/b1ee285506e2cb880ec988990d360e255aecb31c77212741dace1023623610c2?s=96&d=mm&r=g\",\"contentUrl\":\"https:\\\/\\\/secure.gravatar.com\\\/avatar\\\/b1ee285506e2cb880ec988990d360e255aecb31c77212741dace1023623610c2?s=96&d=mm&r=g\",\"caption\":\"Groupe local Paillon-B\u00e9v\u00e9ra\"},\"url\":\"https:\\\/\\\/paca.lpo.fr\\\/blogs\\\/nice\\\/author\\\/alpesmaritimesest\\\/\"}]}<\/script>\n<!-- \/ Yoast SEO plugin. -->","yoast_head_json":{"title":"Rencontres Naturalistes LPO PACA - Groupe local Nice","robots":{"index":"index","follow":"follow","max-snippet":"max-snippet:-1","max-image-preview":"max-image-preview:large","max-video-preview":"max-video-preview:-1"},"canonical":"https:\/\/paca.lpo.fr\/blogs\/nice\/2019\/10\/01\/rencontres-naturalistes-lpo-paca\/","og_locale":"fr_FR","og_type":"article","og_title":"Rencontres Naturalistes LPO PACA - Groupe local Nice","og_url":"https:\/\/paca.lpo.fr\/blogs\/nice\/2019\/10\/01\/rencontres-naturalistes-lpo-paca\/","og_site_name":"Groupe local Nice","article_published_time":"2019-10-01T08:36:18+00:00","article_modified_time":"2019-10-01T08:36:20+00:00","og_image":[{"width":936,"height":617,"url":"https:\/\/paca.lpo.fr\/blogs\/nice\/files\/2019\/10\/img-20190928-113717.jpg","type":"image\/jpeg"}],"author":"Groupe local Paillon-B\u00e9v\u00e9ra","twitter_card":"summary_large_image","twitter_misc":{"\u00c9crit par":"Groupe local Paillon-B\u00e9v\u00e9ra"},"schema":{"@context":"https:\/\/schema.org","@graph":[{"@type":"Article","@id":"https:\/\/paca.lpo.fr\/blogs\/nice\/2019\/10\/01\/rencontres-naturalistes-lpo-paca\/#article","isPartOf":{"@id":"https:\/\/paca.lpo.fr\/blogs\/nice\/2019\/10\/01\/rencontres-naturalistes-lpo-paca\/"},"author":{"name":"Groupe local Paillon-B\u00e9v\u00e9ra","@id":"https:\/\/paca.lpo.fr\/blogs\/nice\/#\/schema\/person\/1bda33335fb71e0b3552487db26a4c56"},"headline":"Rencontres Naturalistes LPO PACA","datePublished":"2019-10-01T08:36:18+00:00","dateModified":"2019-10-01T08:36:20+00:00","mainEntityOfPage":{"@id":"https:\/\/paca.lpo.fr\/blogs\/nice\/2019\/10\/01\/rencontres-naturalistes-lpo-paca\/"},"wordCount":92,"commentCount":0,"publisher":{"@id":"https:\/\/paca.lpo.fr\/blogs\/nice\/#organization"},"image":{"@id":"https:\/\/paca.lpo.fr\/blogs\/nice\/2019\/10\/01\/rencontres-naturalistes-lpo-paca\/#primaryimage"},"thumbnailUrl":"https:\/\/paca.lpo.fr\/blogs\/nice\/files\/2019\/10\/img-20190928-113717.jpg","articleSection":["Education \u00e0 l'environnement","Grands \u00e9v\u00e8nements","Protection de la biodiversit\u00e9"],"inLanguage":"fr-FR","potentialAction":[{"@type":"CommentAction","name":"Comment","target":["https:\/\/paca.lpo.fr\/blogs\/nice\/2019\/10\/01\/rencontres-naturalistes-lpo-paca\/#respond"]}]},{"@type":"WebPage","@id":"https:\/\/paca.lpo.fr\/blogs\/nice\/2019\/10\/01\/rencontres-naturalistes-lpo-paca\/","url":"https:\/\/paca.lpo.fr\/blogs\/nice\/2019\/10\/01\/rencontres-naturalistes-lpo-paca\/","name":"Rencontres Naturalistes LPO PACA - Groupe local Nice","isPartOf":{"@id":"https:\/\/paca.lpo.fr\/blogs\/nice\/#website"},"primaryImageOfPage":{"@id":"https:\/\/paca.lpo.fr\/blogs\/nice\/2019\/10\/01\/rencontres-naturalistes-lpo-paca\/#primaryimage"},"image":{"@id":"https:\/\/paca.lpo.fr\/blogs\/nice\/2019\/10\/01\/rencontres-naturalistes-lpo-paca\/#primaryimage"},"thumbnailUrl":"https:\/\/paca.lpo.fr\/blogs\/nice\/files\/2019\/10\/img-20190928-113717.jpg","datePublished":"2019-10-01T08:36:18+00:00","dateModified":"2019-10-01T08:36:20+00:00","breadcrumb":{"@id":"https:\/\/paca.lpo.fr\/blogs\/nice\/2019\/10\/01\/rencontres-naturalistes-lpo-paca\/#breadcrumb"},"inLanguage":"fr-FR","potentialAction":[{"@type":"ReadAction","target":["https:\/\/paca.lpo.fr\/blogs\/nice\/2019\/10\/01\/rencontres-naturalistes-lpo-paca\/"]}]},{"@type":"ImageObject","inLanguage":"fr-FR","@id":"https:\/\/paca.lpo.fr\/blogs\/nice\/2019\/10\/01\/rencontres-naturalistes-lpo-paca\/#primaryimage","url":"https:\/\/paca.lpo.fr\/blogs\/nice\/files\/2019\/10\/img-20190928-113717.jpg","contentUrl":"https:\/\/paca.lpo.fr\/blogs\/nice\/files\/2019\/10\/img-20190928-113717.jpg","width":936,"height":617},{"@type":"BreadcrumbList","@id":"https:\/\/paca.lpo.fr\/blogs\/nice\/2019\/10\/01\/rencontres-naturalistes-lpo-paca\/#breadcrumb","itemListElement":[{"@type":"ListItem","position":1,"name":"Accueil","item":"https:\/\/paca.lpo.fr\/blogs\/nice\/"},{"@type":"ListItem","position":2,"name":"Rencontres Naturalistes LPO PACA"}]},{"@type":"WebSite","@id":"https:\/\/paca.lpo.fr\/blogs\/nice\/#website","url":"https:\/\/paca.lpo.fr\/blogs\/nice\/","name":"Groupe local Nice","description":"Groupe local Nice","publisher":{"@id":"https:\/\/paca.lpo.fr\/blogs\/nice\/#organization"},"potentialAction":[{"@type":"SearchAction","target":{"@type":"EntryPoint","urlTemplate":"https:\/\/paca.lpo.fr\/blogs\/nice\/?s={search_term_string}"},"query-input":{"@type":"PropertyValueSpecification","valueRequired":true,"valueName":"search_term_string"}}],"inLanguage":"fr-FR"},{"@type":"Organization","@id":"https:\/\/paca.lpo.fr\/blogs\/nice\/#organization","name":"Groupe local Nice","url":"https:\/\/paca.lpo.fr\/blogs\/nice\/","logo":{"@type":"ImageObject","inLanguage":"fr-FR","@id":"https:\/\/paca.lpo.fr\/blogs\/nice\/#\/schema\/logo\/image\/","url":"https:\/\/paca.lpo.fr\/blogs\/nice\/files\/2024\/01\/cropped-rvb-lpo-paca-logotype-signature-droite-mini-500.jpg","contentUrl":"https:\/\/paca.lpo.fr\/blogs\/nice\/files\/2024\/01\/cropped-rvb-lpo-paca-logotype-signature-droite-mini-500.jpg","width":500,"height":210,"caption":"Groupe local Nice"},"image":{"@id":"https:\/\/paca.lpo.fr\/blogs\/nice\/#\/schema\/logo\/image\/"}},{"@type":"Person","@id":"https:\/\/paca.lpo.fr\/blogs\/nice\/#\/schema\/person\/1bda33335fb71e0b3552487db26a4c56","name":"Groupe local Paillon-B\u00e9v\u00e9ra","image":{"@type":"ImageObject","inLanguage":"fr-FR","@id":"https:\/\/secure.gravatar.com\/avatar\/b1ee285506e2cb880ec988990d360e255aecb31c77212741dace1023623610c2?s=96&d=mm&r=g","url":"https:\/\/secure.gravatar.com\/avatar\/b1ee285506e2cb880ec988990d360e255aecb31c77212741dace1023623610c2?s=96&d=mm&r=g","contentUrl":"https:\/\/secure.gravatar.com\/avatar\/b1ee285506e2cb880ec988990d360e255aecb31c77212741dace1023623610c2?s=96&d=mm&r=g","caption":"Groupe local Paillon-B\u00e9v\u00e9ra"},"url":"https:\/\/paca.lpo.fr\/blogs\/nice\/author\/alpesmaritimesest\/"}]}},"jetpack_featured_media_url":"https:\/\/paca.lpo.fr\/blogs\/nice\/files\/2019\/10\/img-20190928-113717.jpg","_links":{"self":[{"href":"https:\/\/paca.lpo.fr\/blogs\/nice\/wp-json\/wp\/v2\/posts\/2861","targetHints":{"allow":["GET"]}}],"collection":[{"href":"https:\/\/paca.lpo.fr\/blogs\/nice\/wp-json\/wp\/v2\/posts"}],"about":[{"href":"https:\/\/paca.lpo.fr\/blogs\/nice\/wp-json\/wp\/v2\/types\/post"}],"author":[{"embeddable":true,"href":"https:\/\/paca.lpo.fr\/blogs\/nice\/wp-json\/wp\/v2\/users\/15"}],"replies":[{"embeddable":true,"href":"https:\/\/paca.lpo.fr\/blogs\/nice\/wp-json\/wp\/v2\/comments?post=2861"}],"version-history":[{"count":1,"href":"https:\/\/paca.lpo.fr\/blogs\/nice\/wp-json\/wp\/v2\/posts\/2861\/revisions"}],"predecessor-version":[{"id":2866,"href":"https:\/\/paca.lpo.fr\/blogs\/nice\/wp-json\/wp\/v2\/posts\/2861\/revisions\/2866"}],"wp:featuredmedia":[{"embeddable":true,"href":"https:\/\/paca.lpo.fr\/blogs\/nice\/wp-json\/wp\/v2\/media\/2864"}],"wp:attachment":[{"href":"https:\/\/paca.lpo.fr\/blogs\/nice\/wp-json\/wp\/v2\/media?parent=2861"}],"wp:term":[{"taxonomy":"category","embeddable":true,"href":"https:\/\/paca.lpo.fr\/blogs\/nice\/wp-json\/wp\/v2\/categories?post=2861"},{"taxonomy":"post_tag","embeddable":true,"href":"https:\/\/paca.lpo.fr\/blogs\/nice\/wp-json\/wp\/v2\/tags?post=2861"}],"curies":[{"name":"wp","href":"https:\/\/api.w.org\/{rel}","templated":true}]}}