{"id":2874,"date":"2019-11-03T21:46:43","date_gmt":"2019-11-03T20:46:43","guid":{"rendered":"https:\/\/paca.lpo.fr\/blogs\/nice\/?p=2874"},"modified":"2019-11-03T22:01:43","modified_gmt":"2019-11-03T21:01:43","slug":"camp-de-migration-du-fort-de-la-revere-fermeture","status":"publish","type":"post","link":"https:\/\/paca.lpo.fr\/blogs\/nice\/2019\/11\/03\/camp-de-migration-du-fort-de-la-revere-fermeture\/","title":{"rendered":"Camp de migration du Fort de la Rev\u00e8re, fermeture"},"content":{"rendered":"\n<p>L&rsquo;alerte orange m\u00e9t\u00e9orologique pour ce dimanche&nbsp;3 novembre nous a oblig\u00e9 malheureusement \u00e0 annuler&nbsp;cette derni\u00e8re&nbsp;journ\u00e9e d&rsquo;animation au Fort de la Rev\u00e8re. Apr\u00e8s les pluies diluviennes de la nuit et la matin\u00e9e l&rsquo;\u00e9claircie de l&rsquo;apr\u00e8s-midi a encourag\u00e9 quelques habitu\u00e9s du site \u00e0 se retrouver \u00e0 l&rsquo;observatoire dans l&rsquo;espoir d&rsquo;observer les derniers oiseaux migrateurs. Malgr\u00e9 le vent froid l&rsquo;ambiance \u00e9tait tr\u00e8s conviviale. Quelques visiteurs sont pass\u00e9s et ont \u00e9t\u00e9 accueillis et renseign\u00e9s sur la migration. Les passereaux, les pigeons ramiers et autres migrateurs de novembre volent le matin et seuls les martinets p\u00e2les fendaient le ciel et luttaient contre le vent. Mais vers 16h30 enfin&nbsp;un petit&nbsp;groupe d&rsquo;une vingtaine de&nbsp;grues cendr\u00e9es a \u00e9t\u00e9 observ\u00e9 au loin en mer.<\/p>\n\n\n\n<figure class=\"wp-block-image\"><img loading=\"lazy\" decoding=\"async\" width=\"916\" height=\"685\" src=\"https:\/\/paca.lpo.fr\/blogs\/nice\/files\/2019\/11\/2019-11-03-1.jpg\" alt=\"\" class=\"wp-image-2875\" srcset=\"https:\/\/paca.lpo.fr\/blogs\/nice\/files\/2019\/11\/2019-11-03-1.jpg 916w, https:\/\/paca.lpo.fr\/blogs\/nice\/files\/2019\/11\/2019-11-03-1-480x359.jpg 480w, https:\/\/paca.lpo.fr\/blogs\/nice\/files\/2019\/11\/2019-11-03-1-768x574.jpg 768w, https:\/\/paca.lpo.fr\/blogs\/nice\/files\/2019\/11\/2019-11-03-1-700x523.jpg 700w\" sizes=\"auto, (max-width: 916px) 100vw, 916px\" \/><figcaption>Des visiteurs au camp de migration<br><\/figcaption><\/figure>\n\n\n\n\n\n<figure class=\"wp-block-image\"><img loading=\"lazy\" decoding=\"async\" width=\"918\" height=\"689\" src=\"https:\/\/paca.lpo.fr\/blogs\/nice\/files\/2019\/11\/2019-11-03-5.jpg\" alt=\"\" class=\"wp-image-2876\" srcset=\"https:\/\/paca.lpo.fr\/blogs\/nice\/files\/2019\/11\/2019-11-03-5.jpg 918w, https:\/\/paca.lpo.fr\/blogs\/nice\/files\/2019\/11\/2019-11-03-5-480x360.jpg 480w, https:\/\/paca.lpo.fr\/blogs\/nice\/files\/2019\/11\/2019-11-03-5-768x576.jpg 768w, https:\/\/paca.lpo.fr\/blogs\/nice\/files\/2019\/11\/2019-11-03-5-700x525.jpg 700w\" sizes=\"auto, (max-width: 918px) 100vw, 918px\" \/><figcaption>Les b\u00e9n\u00e9voles expliquent le ph\u00e9nom\u00e8ne de la migration<\/figcaption><\/figure>\n\n\n\n\n\n<figure class=\"wp-block-image\"><img loading=\"lazy\" decoding=\"async\" width=\"908\" height=\"586\" src=\"https:\/\/paca.lpo.fr\/blogs\/nice\/files\/2019\/11\/2019-11-03-4.jpg\" alt=\"\" class=\"wp-image-2877\" srcset=\"https:\/\/paca.lpo.fr\/blogs\/nice\/files\/2019\/11\/2019-11-03-4.jpg 908w, https:\/\/paca.lpo.fr\/blogs\/nice\/files\/2019\/11\/2019-11-03-4-480x310.jpg 480w, https:\/\/paca.lpo.fr\/blogs\/nice\/files\/2019\/11\/2019-11-03-4-768x496.jpg 768w, https:\/\/paca.lpo.fr\/blogs\/nice\/files\/2019\/11\/2019-11-03-4-700x452.jpg 700w\" sizes=\"auto, (max-width: 908px) 100vw, 908px\" \/><figcaption>Les sommets du Mercantour bien enneig\u00e9s, ici le Gelas<\/figcaption><\/figure>\n\n\n\n\n\n<figure class=\"wp-block-image\"><img loading=\"lazy\" decoding=\"async\" width=\"913\" height=\"547\" src=\"https:\/\/paca.lpo.fr\/blogs\/nice\/files\/2019\/11\/2019-11-03-2.jpg\" alt=\"\" class=\"wp-image-2878\" srcset=\"https:\/\/paca.lpo.fr\/blogs\/nice\/files\/2019\/11\/2019-11-03-2.jpg 913w, https:\/\/paca.lpo.fr\/blogs\/nice\/files\/2019\/11\/2019-11-03-2-480x288.jpg 480w, https:\/\/paca.lpo.fr\/blogs\/nice\/files\/2019\/11\/2019-11-03-2-768x460.jpg 768w, https:\/\/paca.lpo.fr\/blogs\/nice\/files\/2019\/11\/2019-11-03-2-700x419.jpg 700w\" sizes=\"auto, (max-width: 913px) 100vw, 913px\" \/><figcaption>Belles vues sur les montagnes depuis le camp de migration dans le PND Grande Corniche<\/figcaption><\/figure>\n","protected":false},"excerpt":{"rendered":"","protected":false},"author":15,"featured_media":2877,"comment_status":"open","ping_status":"open","sticky":false,"template":"","format":"standard","meta":{"footnotes":""},"categories":[1,3],"tags":[],"class_list":["post-2874","post","type-post","status-publish","format-standard","has-post-thumbnail","hentry","category-sorties-nature","category-vie-groupe"],"yoast_head":"<!-- This site is optimized with the Yoast SEO plugin v28.3 - https:\/\/yoast.com\/product\/yoast-seo-wordpress\/ -->\n<title>Camp de migration du Fort de la Rev\u00e8re, fermeture - Groupe local Nice<\/title>\n<meta name=\"robots\" content=\"index, follow, max-snippet:-1, max-image-preview:large, max-video-preview:-1\" \/>\n<link rel=\"canonical\" href=\"https:\/\/paca.lpo.fr\/blogs\/nice\/2019\/11\/03\/camp-de-migration-du-fort-de-la-revere-fermeture\/\" \/>\n<meta property=\"og:locale\" content=\"fr_FR\" \/>\n<meta property=\"og:type\" content=\"article\" \/>\n<meta property=\"og:title\" content=\"Camp de migration du Fort de la Rev\u00e8re, fermeture - Groupe local Nice\" \/>\n<meta property=\"og:url\" content=\"https:\/\/paca.lpo.fr\/blogs\/nice\/2019\/11\/03\/camp-de-migration-du-fort-de-la-revere-fermeture\/\" \/>\n<meta property=\"og:site_name\" content=\"Groupe local Nice\" \/>\n<meta property=\"article:published_time\" content=\"2019-11-03T20:46:43+00:00\" \/>\n<meta property=\"article:modified_time\" content=\"2019-11-03T21:01:43+00:00\" \/>\n<meta property=\"og:image\" content=\"https:\/\/paca.lpo.fr\/blogs\/nice\/files\/2019\/11\/2019-11-03-4.jpg\" \/>\n\t<meta property=\"og:image:width\" content=\"908\" \/>\n\t<meta property=\"og:image:height\" content=\"586\" \/>\n\t<meta property=\"og:image:type\" content=\"image\/jpeg\" \/>\n<meta name=\"author\" content=\"Groupe local Paillon-B\u00e9v\u00e9ra\" \/>\n<meta name=\"twitter:card\" content=\"summary_large_image\" \/>\n<meta name=\"twitter:label1\" content=\"\u00c9crit par\" \/>\n\t<meta name=\"twitter:data1\" content=\"Groupe local Paillon-B\u00e9v\u00e9ra\" \/>\n\t<meta name=\"twitter:label2\" content=\"Dur\u00e9e de lecture estim\u00e9e\" \/>\n\t<meta name=\"twitter:data2\" content=\"1 minute\" \/>\n<script type=\"application\/ld+json\" class=\"yoast-schema-graph\">{\"@context\":\"https:\\\/\\\/schema.org\",\"@graph\":[{\"@type\":\"Article\",\"@id\":\"https:\\\/\\\/paca.lpo.fr\\\/blogs\\\/nice\\\/2019\\\/11\\\/03\\\/camp-de-migration-du-fort-de-la-revere-fermeture\\\/#article\",\"isPartOf\":{\"@id\":\"https:\\\/\\\/paca.lpo.fr\\\/blogs\\\/nice\\\/2019\\\/11\\\/03\\\/camp-de-migration-du-fort-de-la-revere-fermeture\\\/\"},\"author\":{\"name\":\"Groupe local Paillon-B\u00e9v\u00e9ra\",\"@id\":\"https:\\\/\\\/paca.lpo.fr\\\/blogs\\\/nice\\\/#\\\/schema\\\/person\\\/1bda33335fb71e0b3552487db26a4c56\"},\"headline\":\"Camp de migration du Fort de la Rev\u00e8re, fermeture\",\"datePublished\":\"2019-11-03T20:46:43+00:00\",\"dateModified\":\"2019-11-03T21:01:43+00:00\",\"mainEntityOfPage\":{\"@id\":\"https:\\\/\\\/paca.lpo.fr\\\/blogs\\\/nice\\\/2019\\\/11\\\/03\\\/camp-de-migration-du-fort-de-la-revere-fermeture\\\/\"},\"wordCount\":198,\"commentCount\":0,\"publisher\":{\"@id\":\"https:\\\/\\\/paca.lpo.fr\\\/blogs\\\/nice\\\/#organization\"},\"image\":{\"@id\":\"https:\\\/\\\/paca.lpo.fr\\\/blogs\\\/nice\\\/2019\\\/11\\\/03\\\/camp-de-migration-du-fort-de-la-revere-fermeture\\\/#primaryimage\"},\"thumbnailUrl\":\"https:\\\/\\\/paca.lpo.fr\\\/blogs\\\/nice\\\/files\\\/2019\\\/11\\\/2019-11-03-4.jpg\",\"articleSection\":[\"grands \u00e9v\u00e8nements\",\"Vie du groupe\"],\"inLanguage\":\"fr-FR\",\"potentialAction\":[{\"@type\":\"CommentAction\",\"name\":\"Comment\",\"target\":[\"https:\\\/\\\/paca.lpo.fr\\\/blogs\\\/nice\\\/2019\\\/11\\\/03\\\/camp-de-migration-du-fort-de-la-revere-fermeture\\\/#respond\"]}]},{\"@type\":\"WebPage\",\"@id\":\"https:\\\/\\\/paca.lpo.fr\\\/blogs\\\/nice\\\/2019\\\/11\\\/03\\\/camp-de-migration-du-fort-de-la-revere-fermeture\\\/\",\"url\":\"https:\\\/\\\/paca.lpo.fr\\\/blogs\\\/nice\\\/2019\\\/11\\\/03\\\/camp-de-migration-du-fort-de-la-revere-fermeture\\\/\",\"name\":\"Camp de migration du Fort de la Rev\u00e8re, fermeture - Groupe local Nice\",\"isPartOf\":{\"@id\":\"https:\\\/\\\/paca.lpo.fr\\\/blogs\\\/nice\\\/#website\"},\"primaryImageOfPage\":{\"@id\":\"https:\\\/\\\/paca.lpo.fr\\\/blogs\\\/nice\\\/2019\\\/11\\\/03\\\/camp-de-migration-du-fort-de-la-revere-fermeture\\\/#primaryimage\"},\"image\":{\"@id\":\"https:\\\/\\\/paca.lpo.fr\\\/blogs\\\/nice\\\/2019\\\/11\\\/03\\\/camp-de-migration-du-fort-de-la-revere-fermeture\\\/#primaryimage\"},\"thumbnailUrl\":\"https:\\\/\\\/paca.lpo.fr\\\/blogs\\\/nice\\\/files\\\/2019\\\/11\\\/2019-11-03-4.jpg\",\"datePublished\":\"2019-11-03T20:46:43+00:00\",\"dateModified\":\"2019-11-03T21:01:43+00:00\",\"breadcrumb\":{\"@id\":\"https:\\\/\\\/paca.lpo.fr\\\/blogs\\\/nice\\\/2019\\\/11\\\/03\\\/camp-de-migration-du-fort-de-la-revere-fermeture\\\/#breadcrumb\"},\"inLanguage\":\"fr-FR\",\"potentialAction\":[{\"@type\":\"ReadAction\",\"target\":[\"https:\\\/\\\/paca.lpo.fr\\\/blogs\\\/nice\\\/2019\\\/11\\\/03\\\/camp-de-migration-du-fort-de-la-revere-fermeture\\\/\"]}]},{\"@type\":\"ImageObject\",\"inLanguage\":\"fr-FR\",\"@id\":\"https:\\\/\\\/paca.lpo.fr\\\/blogs\\\/nice\\\/2019\\\/11\\\/03\\\/camp-de-migration-du-fort-de-la-revere-fermeture\\\/#primaryimage\",\"url\":\"https:\\\/\\\/paca.lpo.fr\\\/blogs\\\/nice\\\/files\\\/2019\\\/11\\\/2019-11-03-4.jpg\",\"contentUrl\":\"https:\\\/\\\/paca.lpo.fr\\\/blogs\\\/nice\\\/files\\\/2019\\\/11\\\/2019-11-03-4.jpg\",\"width\":908,\"height\":586},{\"@type\":\"BreadcrumbList\",\"@id\":\"https:\\\/\\\/paca.lpo.fr\\\/blogs\\\/nice\\\/2019\\\/11\\\/03\\\/camp-de-migration-du-fort-de-la-revere-fermeture\\\/#breadcrumb\",\"itemListElement\":[{\"@type\":\"ListItem\",\"position\":1,\"name\":\"Accueil\",\"item\":\"https:\\\/\\\/paca.lpo.fr\\\/blogs\\\/nice\\\/\"},{\"@type\":\"ListItem\",\"position\":2,\"name\":\"Camp de migration du Fort de la Rev\u00e8re, fermeture\"}]},{\"@type\":\"WebSite\",\"@id\":\"https:\\\/\\\/paca.lpo.fr\\\/blogs\\\/nice\\\/#website\",\"url\":\"https:\\\/\\\/paca.lpo.fr\\\/blogs\\\/nice\\\/\",\"name\":\"Groupe local Nice\",\"description\":\"Groupe local Nice\",\"publisher\":{\"@id\":\"https:\\\/\\\/paca.lpo.fr\\\/blogs\\\/nice\\\/#organization\"},\"potentialAction\":[{\"@type\":\"SearchAction\",\"target\":{\"@type\":\"EntryPoint\",\"urlTemplate\":\"https:\\\/\\\/paca.lpo.fr\\\/blogs\\\/nice\\\/?s={search_term_string}\"},\"query-input\":{\"@type\":\"PropertyValueSpecification\",\"valueRequired\":true,\"valueName\":\"search_term_string\"}}],\"inLanguage\":\"fr-FR\"},{\"@type\":\"Organization\",\"@id\":\"https:\\\/\\\/paca.lpo.fr\\\/blogs\\\/nice\\\/#organization\",\"name\":\"Groupe local Nice\",\"url\":\"https:\\\/\\\/paca.lpo.fr\\\/blogs\\\/nice\\\/\",\"logo\":{\"@type\":\"ImageObject\",\"inLanguage\":\"fr-FR\",\"@id\":\"https:\\\/\\\/paca.lpo.fr\\\/blogs\\\/nice\\\/#\\\/schema\\\/logo\\\/image\\\/\",\"url\":\"https:\\\/\\\/paca.lpo.fr\\\/blogs\\\/nice\\\/files\\\/2024\\\/01\\\/cropped-rvb-lpo-paca-logotype-signature-droite-mini-500.jpg\",\"contentUrl\":\"https:\\\/\\\/paca.lpo.fr\\\/blogs\\\/nice\\\/files\\\/2024\\\/01\\\/cropped-rvb-lpo-paca-logotype-signature-droite-mini-500.jpg\",\"width\":500,\"height\":210,\"caption\":\"Groupe local Nice\"},\"image\":{\"@id\":\"https:\\\/\\\/paca.lpo.fr\\\/blogs\\\/nice\\\/#\\\/schema\\\/logo\\\/image\\\/\"}},{\"@type\":\"Person\",\"@id\":\"https:\\\/\\\/paca.lpo.fr\\\/blogs\\\/nice\\\/#\\\/schema\\\/person\\\/1bda33335fb71e0b3552487db26a4c56\",\"name\":\"Groupe local Paillon-B\u00e9v\u00e9ra\",\"image\":{\"@type\":\"ImageObject\",\"inLanguage\":\"fr-FR\",\"@id\":\"https:\\\/\\\/secure.gravatar.com\\\/avatar\\\/b1ee285506e2cb880ec988990d360e255aecb31c77212741dace1023623610c2?s=96&d=mm&r=g\",\"url\":\"https:\\\/\\\/secure.gravatar.com\\\/avatar\\\/b1ee285506e2cb880ec988990d360e255aecb31c77212741dace1023623610c2?s=96&d=mm&r=g\",\"contentUrl\":\"https:\\\/\\\/secure.gravatar.com\\\/avatar\\\/b1ee285506e2cb880ec988990d360e255aecb31c77212741dace1023623610c2?s=96&d=mm&r=g\",\"caption\":\"Groupe local Paillon-B\u00e9v\u00e9ra\"},\"url\":\"https:\\\/\\\/paca.lpo.fr\\\/blogs\\\/nice\\\/author\\\/alpesmaritimesest\\\/\"}]}<\/script>\n<!-- \/ Yoast SEO plugin. -->","yoast_head_json":{"title":"Camp de migration du Fort de la Rev\u00e8re, fermeture - Groupe local Nice","robots":{"index":"index","follow":"follow","max-snippet":"max-snippet:-1","max-image-preview":"max-image-preview:large","max-video-preview":"max-video-preview:-1"},"canonical":"https:\/\/paca.lpo.fr\/blogs\/nice\/2019\/11\/03\/camp-de-migration-du-fort-de-la-revere-fermeture\/","og_locale":"fr_FR","og_type":"article","og_title":"Camp de migration du Fort de la Rev\u00e8re, fermeture - Groupe local Nice","og_url":"https:\/\/paca.lpo.fr\/blogs\/nice\/2019\/11\/03\/camp-de-migration-du-fort-de-la-revere-fermeture\/","og_site_name":"Groupe local Nice","article_published_time":"2019-11-03T20:46:43+00:00","article_modified_time":"2019-11-03T21:01:43+00:00","og_image":[{"width":908,"height":586,"url":"https:\/\/paca.lpo.fr\/blogs\/nice\/files\/2019\/11\/2019-11-03-4.jpg","type":"image\/jpeg"}],"author":"Groupe local Paillon-B\u00e9v\u00e9ra","twitter_card":"summary_large_image","twitter_misc":{"\u00c9crit par":"Groupe local Paillon-B\u00e9v\u00e9ra","Dur\u00e9e de lecture estim\u00e9e":"1 minute"},"schema":{"@context":"https:\/\/schema.org","@graph":[{"@type":"Article","@id":"https:\/\/paca.lpo.fr\/blogs\/nice\/2019\/11\/03\/camp-de-migration-du-fort-de-la-revere-fermeture\/#article","isPartOf":{"@id":"https:\/\/paca.lpo.fr\/blogs\/nice\/2019\/11\/03\/camp-de-migration-du-fort-de-la-revere-fermeture\/"},"author":{"name":"Groupe local Paillon-B\u00e9v\u00e9ra","@id":"https:\/\/paca.lpo.fr\/blogs\/nice\/#\/schema\/person\/1bda33335fb71e0b3552487db26a4c56"},"headline":"Camp de migration du Fort de la Rev\u00e8re, fermeture","datePublished":"2019-11-03T20:46:43+00:00","dateModified":"2019-11-03T21:01:43+00:00","mainEntityOfPage":{"@id":"https:\/\/paca.lpo.fr\/blogs\/nice\/2019\/11\/03\/camp-de-migration-du-fort-de-la-revere-fermeture\/"},"wordCount":198,"commentCount":0,"publisher":{"@id":"https:\/\/paca.lpo.fr\/blogs\/nice\/#organization"},"image":{"@id":"https:\/\/paca.lpo.fr\/blogs\/nice\/2019\/11\/03\/camp-de-migration-du-fort-de-la-revere-fermeture\/#primaryimage"},"thumbnailUrl":"https:\/\/paca.lpo.fr\/blogs\/nice\/files\/2019\/11\/2019-11-03-4.jpg","articleSection":["grands \u00e9v\u00e8nements","Vie du groupe"],"inLanguage":"fr-FR","potentialAction":[{"@type":"CommentAction","name":"Comment","target":["https:\/\/paca.lpo.fr\/blogs\/nice\/2019\/11\/03\/camp-de-migration-du-fort-de-la-revere-fermeture\/#respond"]}]},{"@type":"WebPage","@id":"https:\/\/paca.lpo.fr\/blogs\/nice\/2019\/11\/03\/camp-de-migration-du-fort-de-la-revere-fermeture\/","url":"https:\/\/paca.lpo.fr\/blogs\/nice\/2019\/11\/03\/camp-de-migration-du-fort-de-la-revere-fermeture\/","name":"Camp de migration du Fort de la Rev\u00e8re, fermeture - Groupe local Nice","isPartOf":{"@id":"https:\/\/paca.lpo.fr\/blogs\/nice\/#website"},"primaryImageOfPage":{"@id":"https:\/\/paca.lpo.fr\/blogs\/nice\/2019\/11\/03\/camp-de-migration-du-fort-de-la-revere-fermeture\/#primaryimage"},"image":{"@id":"https:\/\/paca.lpo.fr\/blogs\/nice\/2019\/11\/03\/camp-de-migration-du-fort-de-la-revere-fermeture\/#primaryimage"},"thumbnailUrl":"https:\/\/paca.lpo.fr\/blogs\/nice\/files\/2019\/11\/2019-11-03-4.jpg","datePublished":"2019-11-03T20:46:43+00:00","dateModified":"2019-11-03T21:01:43+00:00","breadcrumb":{"@id":"https:\/\/paca.lpo.fr\/blogs\/nice\/2019\/11\/03\/camp-de-migration-du-fort-de-la-revere-fermeture\/#breadcrumb"},"inLanguage":"fr-FR","potentialAction":[{"@type":"ReadAction","target":["https:\/\/paca.lpo.fr\/blogs\/nice\/2019\/11\/03\/camp-de-migration-du-fort-de-la-revere-fermeture\/"]}]},{"@type":"ImageObject","inLanguage":"fr-FR","@id":"https:\/\/paca.lpo.fr\/blogs\/nice\/2019\/11\/03\/camp-de-migration-du-fort-de-la-revere-fermeture\/#primaryimage","url":"https:\/\/paca.lpo.fr\/blogs\/nice\/files\/2019\/11\/2019-11-03-4.jpg","contentUrl":"https:\/\/paca.lpo.fr\/blogs\/nice\/files\/2019\/11\/2019-11-03-4.jpg","width":908,"height":586},{"@type":"BreadcrumbList","@id":"https:\/\/paca.lpo.fr\/blogs\/nice\/2019\/11\/03\/camp-de-migration-du-fort-de-la-revere-fermeture\/#breadcrumb","itemListElement":[{"@type":"ListItem","position":1,"name":"Accueil","item":"https:\/\/paca.lpo.fr\/blogs\/nice\/"},{"@type":"ListItem","position":2,"name":"Camp de migration du Fort de la Rev\u00e8re, fermeture"}]},{"@type":"WebSite","@id":"https:\/\/paca.lpo.fr\/blogs\/nice\/#website","url":"https:\/\/paca.lpo.fr\/blogs\/nice\/","name":"Groupe local Nice","description":"Groupe local Nice","publisher":{"@id":"https:\/\/paca.lpo.fr\/blogs\/nice\/#organization"},"potentialAction":[{"@type":"SearchAction","target":{"@type":"EntryPoint","urlTemplate":"https:\/\/paca.lpo.fr\/blogs\/nice\/?s={search_term_string}"},"query-input":{"@type":"PropertyValueSpecification","valueRequired":true,"valueName":"search_term_string"}}],"inLanguage":"fr-FR"},{"@type":"Organization","@id":"https:\/\/paca.lpo.fr\/blogs\/nice\/#organization","name":"Groupe local Nice","url":"https:\/\/paca.lpo.fr\/blogs\/nice\/","logo":{"@type":"ImageObject","inLanguage":"fr-FR","@id":"https:\/\/paca.lpo.fr\/blogs\/nice\/#\/schema\/logo\/image\/","url":"https:\/\/paca.lpo.fr\/blogs\/nice\/files\/2024\/01\/cropped-rvb-lpo-paca-logotype-signature-droite-mini-500.jpg","contentUrl":"https:\/\/paca.lpo.fr\/blogs\/nice\/files\/2024\/01\/cropped-rvb-lpo-paca-logotype-signature-droite-mini-500.jpg","width":500,"height":210,"caption":"Groupe local Nice"},"image":{"@id":"https:\/\/paca.lpo.fr\/blogs\/nice\/#\/schema\/logo\/image\/"}},{"@type":"Person","@id":"https:\/\/paca.lpo.fr\/blogs\/nice\/#\/schema\/person\/1bda33335fb71e0b3552487db26a4c56","name":"Groupe local Paillon-B\u00e9v\u00e9ra","image":{"@type":"ImageObject","inLanguage":"fr-FR","@id":"https:\/\/secure.gravatar.com\/avatar\/b1ee285506e2cb880ec988990d360e255aecb31c77212741dace1023623610c2?s=96&d=mm&r=g","url":"https:\/\/secure.gravatar.com\/avatar\/b1ee285506e2cb880ec988990d360e255aecb31c77212741dace1023623610c2?s=96&d=mm&r=g","contentUrl":"https:\/\/secure.gravatar.com\/avatar\/b1ee285506e2cb880ec988990d360e255aecb31c77212741dace1023623610c2?s=96&d=mm&r=g","caption":"Groupe local Paillon-B\u00e9v\u00e9ra"},"url":"https:\/\/paca.lpo.fr\/blogs\/nice\/author\/alpesmaritimesest\/"}]}},"jetpack_featured_media_url":"https:\/\/paca.lpo.fr\/blogs\/nice\/files\/2019\/11\/2019-11-03-4.jpg","_links":{"self":[{"href":"https:\/\/paca.lpo.fr\/blogs\/nice\/wp-json\/wp\/v2\/posts\/2874","targetHints":{"allow":["GET"]}}],"collection":[{"href":"https:\/\/paca.lpo.fr\/blogs\/nice\/wp-json\/wp\/v2\/posts"}],"about":[{"href":"https:\/\/paca.lpo.fr\/blogs\/nice\/wp-json\/wp\/v2\/types\/post"}],"author":[{"embeddable":true,"href":"https:\/\/paca.lpo.fr\/blogs\/nice\/wp-json\/wp\/v2\/users\/15"}],"replies":[{"embeddable":true,"href":"https:\/\/paca.lpo.fr\/blogs\/nice\/wp-json\/wp\/v2\/comments?post=2874"}],"version-history":[{"count":4,"href":"https:\/\/paca.lpo.fr\/blogs\/nice\/wp-json\/wp\/v2\/posts\/2874\/revisions"}],"predecessor-version":[{"id":2882,"href":"https:\/\/paca.lpo.fr\/blogs\/nice\/wp-json\/wp\/v2\/posts\/2874\/revisions\/2882"}],"wp:featuredmedia":[{"embeddable":true,"href":"https:\/\/paca.lpo.fr\/blogs\/nice\/wp-json\/wp\/v2\/media\/2877"}],"wp:attachment":[{"href":"https:\/\/paca.lpo.fr\/blogs\/nice\/wp-json\/wp\/v2\/media?parent=2874"}],"wp:term":[{"taxonomy":"category","embeddable":true,"href":"https:\/\/paca.lpo.fr\/blogs\/nice\/wp-json\/wp\/v2\/categories?post=2874"},{"taxonomy":"post_tag","embeddable":true,"href":"https:\/\/paca.lpo.fr\/blogs\/nice\/wp-json\/wp\/v2\/tags?post=2874"}],"curies":[{"name":"wp","href":"https:\/\/api.w.org\/{rel}","templated":true}]}}