{"id":2911,"date":"2019-11-29T11:12:21","date_gmt":"2019-11-29T10:12:21","guid":{"rendered":"https:\/\/paca.lpo.fr\/blogs\/nice\/?p=2911"},"modified":"2019-11-29T11:13:49","modified_gmt":"2019-11-29T10:13:49","slug":"2eme-colloque-quel-avenir-pour-les-animaux-a-nice","status":"publish","type":"post","link":"https:\/\/paca.lpo.fr\/blogs\/nice\/2019\/11\/29\/2eme-colloque-quel-avenir-pour-les-animaux-a-nice\/","title":{"rendered":"2\u00e8me Colloque \u00ab\u00a0Quel avenir pour les animaux\u00a0\u00bb \u00e0 Nice"},"content":{"rendered":"\n<p>Le 2\u00e8me colloque d\u00e9di\u00e9 \u00e0 l&rsquo;animal dans la ville, organis\u00e9 par la ville de Nice, s&rsquo;est tenu les 28 et 29 novembre . Allain Bougrain Dubourg a fait une intervention tr\u00e8s appr\u00e9ci\u00e9e \u00ab\u00a0La biodiversit\u00e9, \u00e9tat des lieux et bien-\u00eatre animal\u00a0\u00bb.\u00a0 Allain, notre pr\u00e9sident national,\u00a0a \u00e9t\u00e9 tr\u00e8s applaudi\u00a0quand il a abord\u00e9 le sujet de la chasse qui continue en France sur des esp\u00e8ces en situation critique de conservation, donnant pour exemples le courlis cendr\u00e9 et la tourterelle des bois. La cruaut\u00e9 de la chasse \u00e0 la glu, les cirques,\u00a0l&rsquo;enfer des animaux d&rsquo;\u00e9levage, les zoos, et bien d&rsquo;autres sujets ont \u00e9t\u00e9 \u00e9voqu\u00e9s.<\/p>\n<p>H\u00e9l\u00e8ne Bovalis, Alan Hiroux et Yvonne Del\u00e9pine de la LPO PACA Alpes Maritimes ont particip\u00e9 \u00e0 la journ\u00e9e du 28 novembre.<\/p>\n<p>Un grand merci \u00e0 Madame H\u00e9l\u00e8ne Saliceti-Adroguer et l&rsquo;\u00e9quipe du service Animal dans la ville de Nice pour l&rsquo;organisation de ces journ\u00e9es.<\/p>\n<p>\u00a0<\/p>\n\n\n\n<figure class=\"wp-block-image size-large\"><img loading=\"lazy\" decoding=\"async\" width=\"887\" height=\"700\" src=\"https:\/\/paca.lpo.fr\/blogs\/nice\/files\/2019\/11\/blog1-1.jpg\" alt=\"\" class=\"wp-image-2913\" srcset=\"https:\/\/paca.lpo.fr\/blogs\/nice\/files\/2019\/11\/blog1-1.jpg 887w, https:\/\/paca.lpo.fr\/blogs\/nice\/files\/2019\/11\/blog1-1-480x379.jpg 480w, https:\/\/paca.lpo.fr\/blogs\/nice\/files\/2019\/11\/blog1-1-768x606.jpg 768w, https:\/\/paca.lpo.fr\/blogs\/nice\/files\/2019\/11\/blog1-1-700x552.jpg 700w\" sizes=\"auto, (max-width: 887px) 100vw, 887px\" \/><figcaption>Allocution de Monsieur Christian Estrosi, Maire de Nice<\/figcaption><\/figure>\n\n\n\n<figure class=\"wp-block-image size-large\"><img loading=\"lazy\" decoding=\"async\" width=\"735\" height=\"800\" src=\"https:\/\/paca.lpo.fr\/blogs\/nice\/files\/2019\/11\/blog2-1-735x800.jpg\" alt=\"\" class=\"wp-image-2914\" srcset=\"https:\/\/paca.lpo.fr\/blogs\/nice\/files\/2019\/11\/blog2-1-735x800.jpg 735w, https:\/\/paca.lpo.fr\/blogs\/nice\/files\/2019\/11\/blog2-1-441x480.jpg 441w, https:\/\/paca.lpo.fr\/blogs\/nice\/files\/2019\/11\/blog2-1-768x836.jpg 768w, https:\/\/paca.lpo.fr\/blogs\/nice\/files\/2019\/11\/blog2-1-700x762.jpg 700w, https:\/\/paca.lpo.fr\/blogs\/nice\/files\/2019\/11\/blog2-1.jpg 781w\" sizes=\"auto, (max-width: 735px) 100vw, 735px\" \/><\/figure>\n","protected":false},"excerpt":{"rendered":"","protected":false},"author":15,"featured_media":2912,"comment_status":"open","ping_status":"open","sticky":false,"template":"","format":"standard","meta":{"footnotes":""},"categories":[77,78],"tags":[],"class_list":["post-2911","post","type-post","status-publish","format-standard","has-post-thumbnail","hentry","category-grands-evenements","category-protection-de-la-biodiversite"],"yoast_head":"<!-- This site is optimized with the Yoast SEO plugin v28.3 - https:\/\/yoast.com\/product\/yoast-seo-wordpress\/ -->\n<title>2\u00e8me Colloque &quot;Quel avenir pour les animaux&quot; \u00e0 Nice - Groupe local Nice<\/title>\n<meta name=\"robots\" content=\"index, follow, max-snippet:-1, max-image-preview:large, max-video-preview:-1\" \/>\n<link rel=\"canonical\" href=\"https:\/\/paca.lpo.fr\/blogs\/nice\/2019\/11\/29\/2eme-colloque-quel-avenir-pour-les-animaux-a-nice\/\" \/>\n<meta property=\"og:locale\" content=\"fr_FR\" \/>\n<meta property=\"og:type\" content=\"article\" \/>\n<meta property=\"og:title\" content=\"2\u00e8me Colloque &quot;Quel avenir pour les animaux&quot; \u00e0 Nice - Groupe local Nice\" \/>\n<meta property=\"og:url\" content=\"https:\/\/paca.lpo.fr\/blogs\/nice\/2019\/11\/29\/2eme-colloque-quel-avenir-pour-les-animaux-a-nice\/\" \/>\n<meta property=\"og:site_name\" content=\"Groupe local Nice\" \/>\n<meta property=\"article:published_time\" content=\"2019-11-29T10:12:21+00:00\" \/>\n<meta property=\"article:modified_time\" content=\"2019-11-29T10:13:49+00:00\" \/>\n<meta property=\"og:image\" content=\"https:\/\/paca.lpo.fr\/blogs\/nice\/files\/2019\/11\/blogune.jpg\" \/>\n\t<meta property=\"og:image:width\" content=\"786\" \/>\n\t<meta property=\"og:image:height\" content=\"552\" \/>\n\t<meta property=\"og:image:type\" content=\"image\/jpeg\" \/>\n<meta name=\"author\" content=\"Groupe local Paillon-B\u00e9v\u00e9ra\" \/>\n<meta name=\"twitter:card\" content=\"summary_large_image\" \/>\n<meta name=\"twitter:label1\" content=\"\u00c9crit par\" \/>\n\t<meta name=\"twitter:data1\" content=\"Groupe local Paillon-B\u00e9v\u00e9ra\" \/>\n\t<meta name=\"twitter:label2\" content=\"Dur\u00e9e de lecture estim\u00e9e\" \/>\n\t<meta name=\"twitter:data2\" content=\"1 minute\" \/>\n<script type=\"application\/ld+json\" class=\"yoast-schema-graph\">{\"@context\":\"https:\\\/\\\/schema.org\",\"@graph\":[{\"@type\":\"Article\",\"@id\":\"https:\\\/\\\/paca.lpo.fr\\\/blogs\\\/nice\\\/2019\\\/11\\\/29\\\/2eme-colloque-quel-avenir-pour-les-animaux-a-nice\\\/#article\",\"isPartOf\":{\"@id\":\"https:\\\/\\\/paca.lpo.fr\\\/blogs\\\/nice\\\/2019\\\/11\\\/29\\\/2eme-colloque-quel-avenir-pour-les-animaux-a-nice\\\/\"},\"author\":{\"name\":\"Groupe local Paillon-B\u00e9v\u00e9ra\",\"@id\":\"https:\\\/\\\/paca.lpo.fr\\\/blogs\\\/nice\\\/#\\\/schema\\\/person\\\/1bda33335fb71e0b3552487db26a4c56\"},\"headline\":\"2\u00e8me Colloque \u00ab\u00a0Quel avenir pour les animaux\u00a0\u00bb \u00e0 Nice\",\"datePublished\":\"2019-11-29T10:12:21+00:00\",\"dateModified\":\"2019-11-29T10:13:49+00:00\",\"mainEntityOfPage\":{\"@id\":\"https:\\\/\\\/paca.lpo.fr\\\/blogs\\\/nice\\\/2019\\\/11\\\/29\\\/2eme-colloque-quel-avenir-pour-les-animaux-a-nice\\\/\"},\"wordCount\":177,\"commentCount\":0,\"publisher\":{\"@id\":\"https:\\\/\\\/paca.lpo.fr\\\/blogs\\\/nice\\\/#organization\"},\"image\":{\"@id\":\"https:\\\/\\\/paca.lpo.fr\\\/blogs\\\/nice\\\/2019\\\/11\\\/29\\\/2eme-colloque-quel-avenir-pour-les-animaux-a-nice\\\/#primaryimage\"},\"thumbnailUrl\":\"https:\\\/\\\/paca.lpo.fr\\\/blogs\\\/nice\\\/files\\\/2019\\\/11\\\/blogune.jpg\",\"articleSection\":[\"Grands \u00e9v\u00e8nements\",\"Protection de la biodiversit\u00e9\"],\"inLanguage\":\"fr-FR\",\"potentialAction\":[{\"@type\":\"CommentAction\",\"name\":\"Comment\",\"target\":[\"https:\\\/\\\/paca.lpo.fr\\\/blogs\\\/nice\\\/2019\\\/11\\\/29\\\/2eme-colloque-quel-avenir-pour-les-animaux-a-nice\\\/#respond\"]}]},{\"@type\":\"WebPage\",\"@id\":\"https:\\\/\\\/paca.lpo.fr\\\/blogs\\\/nice\\\/2019\\\/11\\\/29\\\/2eme-colloque-quel-avenir-pour-les-animaux-a-nice\\\/\",\"url\":\"https:\\\/\\\/paca.lpo.fr\\\/blogs\\\/nice\\\/2019\\\/11\\\/29\\\/2eme-colloque-quel-avenir-pour-les-animaux-a-nice\\\/\",\"name\":\"2\u00e8me Colloque \\\"Quel avenir pour les animaux\\\" \u00e0 Nice - Groupe local Nice\",\"isPartOf\":{\"@id\":\"https:\\\/\\\/paca.lpo.fr\\\/blogs\\\/nice\\\/#website\"},\"primaryImageOfPage\":{\"@id\":\"https:\\\/\\\/paca.lpo.fr\\\/blogs\\\/nice\\\/2019\\\/11\\\/29\\\/2eme-colloque-quel-avenir-pour-les-animaux-a-nice\\\/#primaryimage\"},\"image\":{\"@id\":\"https:\\\/\\\/paca.lpo.fr\\\/blogs\\\/nice\\\/2019\\\/11\\\/29\\\/2eme-colloque-quel-avenir-pour-les-animaux-a-nice\\\/#primaryimage\"},\"thumbnailUrl\":\"https:\\\/\\\/paca.lpo.fr\\\/blogs\\\/nice\\\/files\\\/2019\\\/11\\\/blogune.jpg\",\"datePublished\":\"2019-11-29T10:12:21+00:00\",\"dateModified\":\"2019-11-29T10:13:49+00:00\",\"breadcrumb\":{\"@id\":\"https:\\\/\\\/paca.lpo.fr\\\/blogs\\\/nice\\\/2019\\\/11\\\/29\\\/2eme-colloque-quel-avenir-pour-les-animaux-a-nice\\\/#breadcrumb\"},\"inLanguage\":\"fr-FR\",\"potentialAction\":[{\"@type\":\"ReadAction\",\"target\":[\"https:\\\/\\\/paca.lpo.fr\\\/blogs\\\/nice\\\/2019\\\/11\\\/29\\\/2eme-colloque-quel-avenir-pour-les-animaux-a-nice\\\/\"]}]},{\"@type\":\"ImageObject\",\"inLanguage\":\"fr-FR\",\"@id\":\"https:\\\/\\\/paca.lpo.fr\\\/blogs\\\/nice\\\/2019\\\/11\\\/29\\\/2eme-colloque-quel-avenir-pour-les-animaux-a-nice\\\/#primaryimage\",\"url\":\"https:\\\/\\\/paca.lpo.fr\\\/blogs\\\/nice\\\/files\\\/2019\\\/11\\\/blogune.jpg\",\"contentUrl\":\"https:\\\/\\\/paca.lpo.fr\\\/blogs\\\/nice\\\/files\\\/2019\\\/11\\\/blogune.jpg\",\"width\":786,\"height\":552},{\"@type\":\"BreadcrumbList\",\"@id\":\"https:\\\/\\\/paca.lpo.fr\\\/blogs\\\/nice\\\/2019\\\/11\\\/29\\\/2eme-colloque-quel-avenir-pour-les-animaux-a-nice\\\/#breadcrumb\",\"itemListElement\":[{\"@type\":\"ListItem\",\"position\":1,\"name\":\"Accueil\",\"item\":\"https:\\\/\\\/paca.lpo.fr\\\/blogs\\\/nice\\\/\"},{\"@type\":\"ListItem\",\"position\":2,\"name\":\"2\u00e8me Colloque \u00ab\u00a0Quel avenir pour les animaux\u00a0\u00bb \u00e0 Nice\"}]},{\"@type\":\"WebSite\",\"@id\":\"https:\\\/\\\/paca.lpo.fr\\\/blogs\\\/nice\\\/#website\",\"url\":\"https:\\\/\\\/paca.lpo.fr\\\/blogs\\\/nice\\\/\",\"name\":\"Groupe local Nice\",\"description\":\"Groupe local Nice\",\"publisher\":{\"@id\":\"https:\\\/\\\/paca.lpo.fr\\\/blogs\\\/nice\\\/#organization\"},\"potentialAction\":[{\"@type\":\"SearchAction\",\"target\":{\"@type\":\"EntryPoint\",\"urlTemplate\":\"https:\\\/\\\/paca.lpo.fr\\\/blogs\\\/nice\\\/?s={search_term_string}\"},\"query-input\":{\"@type\":\"PropertyValueSpecification\",\"valueRequired\":true,\"valueName\":\"search_term_string\"}}],\"inLanguage\":\"fr-FR\"},{\"@type\":\"Organization\",\"@id\":\"https:\\\/\\\/paca.lpo.fr\\\/blogs\\\/nice\\\/#organization\",\"name\":\"Groupe local Nice\",\"url\":\"https:\\\/\\\/paca.lpo.fr\\\/blogs\\\/nice\\\/\",\"logo\":{\"@type\":\"ImageObject\",\"inLanguage\":\"fr-FR\",\"@id\":\"https:\\\/\\\/paca.lpo.fr\\\/blogs\\\/nice\\\/#\\\/schema\\\/logo\\\/image\\\/\",\"url\":\"https:\\\/\\\/paca.lpo.fr\\\/blogs\\\/nice\\\/files\\\/2024\\\/01\\\/cropped-rvb-lpo-paca-logotype-signature-droite-mini-500.jpg\",\"contentUrl\":\"https:\\\/\\\/paca.lpo.fr\\\/blogs\\\/nice\\\/files\\\/2024\\\/01\\\/cropped-rvb-lpo-paca-logotype-signature-droite-mini-500.jpg\",\"width\":500,\"height\":210,\"caption\":\"Groupe local Nice\"},\"image\":{\"@id\":\"https:\\\/\\\/paca.lpo.fr\\\/blogs\\\/nice\\\/#\\\/schema\\\/logo\\\/image\\\/\"}},{\"@type\":\"Person\",\"@id\":\"https:\\\/\\\/paca.lpo.fr\\\/blogs\\\/nice\\\/#\\\/schema\\\/person\\\/1bda33335fb71e0b3552487db26a4c56\",\"name\":\"Groupe local Paillon-B\u00e9v\u00e9ra\",\"image\":{\"@type\":\"ImageObject\",\"inLanguage\":\"fr-FR\",\"@id\":\"https:\\\/\\\/secure.gravatar.com\\\/avatar\\\/b1ee285506e2cb880ec988990d360e255aecb31c77212741dace1023623610c2?s=96&d=mm&r=g\",\"url\":\"https:\\\/\\\/secure.gravatar.com\\\/avatar\\\/b1ee285506e2cb880ec988990d360e255aecb31c77212741dace1023623610c2?s=96&d=mm&r=g\",\"contentUrl\":\"https:\\\/\\\/secure.gravatar.com\\\/avatar\\\/b1ee285506e2cb880ec988990d360e255aecb31c77212741dace1023623610c2?s=96&d=mm&r=g\",\"caption\":\"Groupe local Paillon-B\u00e9v\u00e9ra\"},\"url\":\"https:\\\/\\\/paca.lpo.fr\\\/blogs\\\/nice\\\/author\\\/alpesmaritimesest\\\/\"}]}<\/script>\n<!-- \/ Yoast SEO plugin. -->","yoast_head_json":{"title":"2\u00e8me Colloque \"Quel avenir pour les animaux\" \u00e0 Nice - Groupe local Nice","robots":{"index":"index","follow":"follow","max-snippet":"max-snippet:-1","max-image-preview":"max-image-preview:large","max-video-preview":"max-video-preview:-1"},"canonical":"https:\/\/paca.lpo.fr\/blogs\/nice\/2019\/11\/29\/2eme-colloque-quel-avenir-pour-les-animaux-a-nice\/","og_locale":"fr_FR","og_type":"article","og_title":"2\u00e8me Colloque \"Quel avenir pour les animaux\" \u00e0 Nice - Groupe local Nice","og_url":"https:\/\/paca.lpo.fr\/blogs\/nice\/2019\/11\/29\/2eme-colloque-quel-avenir-pour-les-animaux-a-nice\/","og_site_name":"Groupe local Nice","article_published_time":"2019-11-29T10:12:21+00:00","article_modified_time":"2019-11-29T10:13:49+00:00","og_image":[{"width":786,"height":552,"url":"https:\/\/paca.lpo.fr\/blogs\/nice\/files\/2019\/11\/blogune.jpg","type":"image\/jpeg"}],"author":"Groupe local Paillon-B\u00e9v\u00e9ra","twitter_card":"summary_large_image","twitter_misc":{"\u00c9crit par":"Groupe local Paillon-B\u00e9v\u00e9ra","Dur\u00e9e de lecture estim\u00e9e":"1 minute"},"schema":{"@context":"https:\/\/schema.org","@graph":[{"@type":"Article","@id":"https:\/\/paca.lpo.fr\/blogs\/nice\/2019\/11\/29\/2eme-colloque-quel-avenir-pour-les-animaux-a-nice\/#article","isPartOf":{"@id":"https:\/\/paca.lpo.fr\/blogs\/nice\/2019\/11\/29\/2eme-colloque-quel-avenir-pour-les-animaux-a-nice\/"},"author":{"name":"Groupe local Paillon-B\u00e9v\u00e9ra","@id":"https:\/\/paca.lpo.fr\/blogs\/nice\/#\/schema\/person\/1bda33335fb71e0b3552487db26a4c56"},"headline":"2\u00e8me Colloque \u00ab\u00a0Quel avenir pour les animaux\u00a0\u00bb \u00e0 Nice","datePublished":"2019-11-29T10:12:21+00:00","dateModified":"2019-11-29T10:13:49+00:00","mainEntityOfPage":{"@id":"https:\/\/paca.lpo.fr\/blogs\/nice\/2019\/11\/29\/2eme-colloque-quel-avenir-pour-les-animaux-a-nice\/"},"wordCount":177,"commentCount":0,"publisher":{"@id":"https:\/\/paca.lpo.fr\/blogs\/nice\/#organization"},"image":{"@id":"https:\/\/paca.lpo.fr\/blogs\/nice\/2019\/11\/29\/2eme-colloque-quel-avenir-pour-les-animaux-a-nice\/#primaryimage"},"thumbnailUrl":"https:\/\/paca.lpo.fr\/blogs\/nice\/files\/2019\/11\/blogune.jpg","articleSection":["Grands \u00e9v\u00e8nements","Protection de la biodiversit\u00e9"],"inLanguage":"fr-FR","potentialAction":[{"@type":"CommentAction","name":"Comment","target":["https:\/\/paca.lpo.fr\/blogs\/nice\/2019\/11\/29\/2eme-colloque-quel-avenir-pour-les-animaux-a-nice\/#respond"]}]},{"@type":"WebPage","@id":"https:\/\/paca.lpo.fr\/blogs\/nice\/2019\/11\/29\/2eme-colloque-quel-avenir-pour-les-animaux-a-nice\/","url":"https:\/\/paca.lpo.fr\/blogs\/nice\/2019\/11\/29\/2eme-colloque-quel-avenir-pour-les-animaux-a-nice\/","name":"2\u00e8me Colloque \"Quel avenir pour les animaux\" \u00e0 Nice - Groupe local Nice","isPartOf":{"@id":"https:\/\/paca.lpo.fr\/blogs\/nice\/#website"},"primaryImageOfPage":{"@id":"https:\/\/paca.lpo.fr\/blogs\/nice\/2019\/11\/29\/2eme-colloque-quel-avenir-pour-les-animaux-a-nice\/#primaryimage"},"image":{"@id":"https:\/\/paca.lpo.fr\/blogs\/nice\/2019\/11\/29\/2eme-colloque-quel-avenir-pour-les-animaux-a-nice\/#primaryimage"},"thumbnailUrl":"https:\/\/paca.lpo.fr\/blogs\/nice\/files\/2019\/11\/blogune.jpg","datePublished":"2019-11-29T10:12:21+00:00","dateModified":"2019-11-29T10:13:49+00:00","breadcrumb":{"@id":"https:\/\/paca.lpo.fr\/blogs\/nice\/2019\/11\/29\/2eme-colloque-quel-avenir-pour-les-animaux-a-nice\/#breadcrumb"},"inLanguage":"fr-FR","potentialAction":[{"@type":"ReadAction","target":["https:\/\/paca.lpo.fr\/blogs\/nice\/2019\/11\/29\/2eme-colloque-quel-avenir-pour-les-animaux-a-nice\/"]}]},{"@type":"ImageObject","inLanguage":"fr-FR","@id":"https:\/\/paca.lpo.fr\/blogs\/nice\/2019\/11\/29\/2eme-colloque-quel-avenir-pour-les-animaux-a-nice\/#primaryimage","url":"https:\/\/paca.lpo.fr\/blogs\/nice\/files\/2019\/11\/blogune.jpg","contentUrl":"https:\/\/paca.lpo.fr\/blogs\/nice\/files\/2019\/11\/blogune.jpg","width":786,"height":552},{"@type":"BreadcrumbList","@id":"https:\/\/paca.lpo.fr\/blogs\/nice\/2019\/11\/29\/2eme-colloque-quel-avenir-pour-les-animaux-a-nice\/#breadcrumb","itemListElement":[{"@type":"ListItem","position":1,"name":"Accueil","item":"https:\/\/paca.lpo.fr\/blogs\/nice\/"},{"@type":"ListItem","position":2,"name":"2\u00e8me Colloque \u00ab\u00a0Quel avenir pour les animaux\u00a0\u00bb \u00e0 Nice"}]},{"@type":"WebSite","@id":"https:\/\/paca.lpo.fr\/blogs\/nice\/#website","url":"https:\/\/paca.lpo.fr\/blogs\/nice\/","name":"Groupe local Nice","description":"Groupe local Nice","publisher":{"@id":"https:\/\/paca.lpo.fr\/blogs\/nice\/#organization"},"potentialAction":[{"@type":"SearchAction","target":{"@type":"EntryPoint","urlTemplate":"https:\/\/paca.lpo.fr\/blogs\/nice\/?s={search_term_string}"},"query-input":{"@type":"PropertyValueSpecification","valueRequired":true,"valueName":"search_term_string"}}],"inLanguage":"fr-FR"},{"@type":"Organization","@id":"https:\/\/paca.lpo.fr\/blogs\/nice\/#organization","name":"Groupe local Nice","url":"https:\/\/paca.lpo.fr\/blogs\/nice\/","logo":{"@type":"ImageObject","inLanguage":"fr-FR","@id":"https:\/\/paca.lpo.fr\/blogs\/nice\/#\/schema\/logo\/image\/","url":"https:\/\/paca.lpo.fr\/blogs\/nice\/files\/2024\/01\/cropped-rvb-lpo-paca-logotype-signature-droite-mini-500.jpg","contentUrl":"https:\/\/paca.lpo.fr\/blogs\/nice\/files\/2024\/01\/cropped-rvb-lpo-paca-logotype-signature-droite-mini-500.jpg","width":500,"height":210,"caption":"Groupe local Nice"},"image":{"@id":"https:\/\/paca.lpo.fr\/blogs\/nice\/#\/schema\/logo\/image\/"}},{"@type":"Person","@id":"https:\/\/paca.lpo.fr\/blogs\/nice\/#\/schema\/person\/1bda33335fb71e0b3552487db26a4c56","name":"Groupe local Paillon-B\u00e9v\u00e9ra","image":{"@type":"ImageObject","inLanguage":"fr-FR","@id":"https:\/\/secure.gravatar.com\/avatar\/b1ee285506e2cb880ec988990d360e255aecb31c77212741dace1023623610c2?s=96&d=mm&r=g","url":"https:\/\/secure.gravatar.com\/avatar\/b1ee285506e2cb880ec988990d360e255aecb31c77212741dace1023623610c2?s=96&d=mm&r=g","contentUrl":"https:\/\/secure.gravatar.com\/avatar\/b1ee285506e2cb880ec988990d360e255aecb31c77212741dace1023623610c2?s=96&d=mm&r=g","caption":"Groupe local Paillon-B\u00e9v\u00e9ra"},"url":"https:\/\/paca.lpo.fr\/blogs\/nice\/author\/alpesmaritimesest\/"}]}},"jetpack_featured_media_url":"https:\/\/paca.lpo.fr\/blogs\/nice\/files\/2019\/11\/blogune.jpg","_links":{"self":[{"href":"https:\/\/paca.lpo.fr\/blogs\/nice\/wp-json\/wp\/v2\/posts\/2911","targetHints":{"allow":["GET"]}}],"collection":[{"href":"https:\/\/paca.lpo.fr\/blogs\/nice\/wp-json\/wp\/v2\/posts"}],"about":[{"href":"https:\/\/paca.lpo.fr\/blogs\/nice\/wp-json\/wp\/v2\/types\/post"}],"author":[{"embeddable":true,"href":"https:\/\/paca.lpo.fr\/blogs\/nice\/wp-json\/wp\/v2\/users\/15"}],"replies":[{"embeddable":true,"href":"https:\/\/paca.lpo.fr\/blogs\/nice\/wp-json\/wp\/v2\/comments?post=2911"}],"version-history":[{"count":3,"href":"https:\/\/paca.lpo.fr\/blogs\/nice\/wp-json\/wp\/v2\/posts\/2911\/revisions"}],"predecessor-version":[{"id":2917,"href":"https:\/\/paca.lpo.fr\/blogs\/nice\/wp-json\/wp\/v2\/posts\/2911\/revisions\/2917"}],"wp:featuredmedia":[{"embeddable":true,"href":"https:\/\/paca.lpo.fr\/blogs\/nice\/wp-json\/wp\/v2\/media\/2912"}],"wp:attachment":[{"href":"https:\/\/paca.lpo.fr\/blogs\/nice\/wp-json\/wp\/v2\/media?parent=2911"}],"wp:term":[{"taxonomy":"category","embeddable":true,"href":"https:\/\/paca.lpo.fr\/blogs\/nice\/wp-json\/wp\/v2\/categories?post=2911"},{"taxonomy":"post_tag","embeddable":true,"href":"https:\/\/paca.lpo.fr\/blogs\/nice\/wp-json\/wp\/v2\/tags?post=2911"}],"curies":[{"name":"wp","href":"https:\/\/api.w.org\/{rel}","templated":true}]}}