{"id":2930,"date":"2019-12-30T11:17:35","date_gmt":"2019-12-30T10:17:35","guid":{"rendered":"https:\/\/paca.lpo.fr\/blogs\/nice\/?p=2930"},"modified":"2019-12-30T11:19:37","modified_gmt":"2019-12-30T10:19:37","slug":"sortie-au-canal-de-gairaut-le-21-decembre","status":"publish","type":"post","link":"https:\/\/paca.lpo.fr\/blogs\/nice\/2019\/12\/30\/sortie-au-canal-de-gairaut-le-21-decembre\/","title":{"rendered":"Sortie au Canal de Gairaut  le 21 d\u00e9cembre"},"content":{"rendered":"\n<p>Le petit groupe de participants a bien profit\u00e9 de la belle vue sur Nice, d\u2019une matin\u00e9e ensoleill\u00e9e, et 17 esp\u00e8ces d\u2019oiseaux. Fauvettes, roitelets, pouillots, m\u00e9sanges, rougegorges, merles \u00e9taient bien au rendez-vous, ainsi qu\u2019une buse variable, un faucon cr\u00e9cerelle. Retrouvez toutes les observations sur www.faune-paca.org<\/p>\n\n\n\n<figure class=\"wp-block-image size-large\"><img loading=\"lazy\" decoding=\"async\" width=\"880\" height=\"660\" src=\"https:\/\/paca.lpo.fr\/blogs\/nice\/files\/2019\/12\/blogvue-sur-nice-depuis-le-canal-de-gairaut.jpg\" alt=\"\" class=\"wp-image-2931\" srcset=\"https:\/\/paca.lpo.fr\/blogs\/nice\/files\/2019\/12\/blogvue-sur-nice-depuis-le-canal-de-gairaut.jpg 880w, https:\/\/paca.lpo.fr\/blogs\/nice\/files\/2019\/12\/blogvue-sur-nice-depuis-le-canal-de-gairaut-480x360.jpg 480w, https:\/\/paca.lpo.fr\/blogs\/nice\/files\/2019\/12\/blogvue-sur-nice-depuis-le-canal-de-gairaut-768x576.jpg 768w, https:\/\/paca.lpo.fr\/blogs\/nice\/files\/2019\/12\/blogvue-sur-nice-depuis-le-canal-de-gairaut-700x525.jpg 700w\" sizes=\"auto, (max-width: 880px) 100vw, 880px\" \/><figcaption>Nice vue du Canal de Gairaut<\/figcaption><\/figure>\n\n\n\n<figure class=\"wp-block-gallery columns-2 is-cropped wp-block-gallery-1 is-layout-flex wp-block-gallery-is-layout-flex\"><ul class=\"blocks-gallery-grid\"><li class=\"blocks-gallery-item\"><figure><img loading=\"lazy\" decoding=\"async\" width=\"905\" height=\"787\" src=\"https:\/\/paca.lpo.fr\/blogs\/nice\/files\/2019\/12\/blogrougequeue-type-femelle.jpg\" alt=\"\" data-id=\"2932\" data-link=\"https:\/\/paca.lpo.fr\/blogs\/nice\/?attachment_id=2932\" class=\"wp-image-2932\" srcset=\"https:\/\/paca.lpo.fr\/blogs\/nice\/files\/2019\/12\/blogrougequeue-type-femelle.jpg 905w, https:\/\/paca.lpo.fr\/blogs\/nice\/files\/2019\/12\/blogrougequeue-type-femelle-480x417.jpg 480w, https:\/\/paca.lpo.fr\/blogs\/nice\/files\/2019\/12\/blogrougequeue-type-femelle-768x668.jpg 768w, https:\/\/paca.lpo.fr\/blogs\/nice\/files\/2019\/12\/blogrougequeue-type-femelle-700x609.jpg 700w\" sizes=\"auto, (max-width: 905px) 100vw, 905px\" \/><figcaption class=\"blocks-gallery-item__caption\">Des rougequeues noirs, m\u00e2les et femelles, ont \u00e9t\u00e9 observ\u00e9s<\/figcaption><\/figure><\/li><li class=\"blocks-gallery-item\"><figure><img loading=\"lazy\" decoding=\"async\" width=\"906\" height=\"734\" src=\"https:\/\/paca.lpo.fr\/blogs\/nice\/files\/2019\/12\/pigeon-ramier4.jpg\" alt=\"\" data-id=\"2933\" data-full-url=\"https:\/\/paca.lpo.fr\/blogs\/nice\/files\/2019\/12\/pigeon-ramier4.jpg\" data-link=\"https:\/\/paca.lpo.fr\/blogs\/nice\/?attachment_id=2933\" class=\"wp-image-2933\" srcset=\"https:\/\/paca.lpo.fr\/blogs\/nice\/files\/2019\/12\/pigeon-ramier4.jpg 906w, https:\/\/paca.lpo.fr\/blogs\/nice\/files\/2019\/12\/pigeon-ramier4-480x389.jpg 480w, https:\/\/paca.lpo.fr\/blogs\/nice\/files\/2019\/12\/pigeon-ramier4-768x622.jpg 768w, https:\/\/paca.lpo.fr\/blogs\/nice\/files\/2019\/12\/pigeon-ramier4-700x567.jpg 700w\" sizes=\"auto, (max-width: 906px) 100vw, 906px\" \/><figcaption class=\"blocks-gallery-item__caption\">Pigeon ramier au soleil<\/figcaption><\/figure><\/li><\/ul><\/figure>\n","protected":false},"excerpt":{"rendered":"","protected":false},"author":15,"featured_media":2934,"comment_status":"open","ping_status":"open","sticky":false,"template":"","format":"standard","meta":{"footnotes":""},"categories":[80],"tags":[],"class_list":["post-2930","post","type-post","status-publish","format-standard","has-post-thumbnail","hentry","category-sorties-nature-2"],"yoast_head":"<!-- This site is optimized with the Yoast SEO plugin v28.3 - https:\/\/yoast.com\/product\/yoast-seo-wordpress\/ -->\n<title>Sortie au Canal de Gairaut le 21 d\u00e9cembre - Groupe local Nice<\/title>\n<meta name=\"robots\" content=\"index, follow, max-snippet:-1, max-image-preview:large, max-video-preview:-1\" \/>\n<link rel=\"canonical\" href=\"https:\/\/paca.lpo.fr\/blogs\/nice\/2019\/12\/30\/sortie-au-canal-de-gairaut-le-21-decembre\/\" \/>\n<meta property=\"og:locale\" content=\"fr_FR\" \/>\n<meta property=\"og:type\" content=\"article\" \/>\n<meta property=\"og:title\" content=\"Sortie au Canal de Gairaut le 21 d\u00e9cembre - Groupe local Nice\" \/>\n<meta property=\"og:url\" content=\"https:\/\/paca.lpo.fr\/blogs\/nice\/2019\/12\/30\/sortie-au-canal-de-gairaut-le-21-decembre\/\" \/>\n<meta property=\"og:site_name\" content=\"Groupe local Nice\" \/>\n<meta property=\"article:published_time\" content=\"2019-12-30T10:17:35+00:00\" \/>\n<meta property=\"article:modified_time\" content=\"2019-12-30T10:19:37+00:00\" \/>\n<meta property=\"og:image\" content=\"https:\/\/paca.lpo.fr\/blogs\/nice\/files\/2019\/12\/blogunecanal-gairaut-21-12-2019.jpg\" \/>\n\t<meta property=\"og:image:width\" content=\"708\" \/>\n\t<meta property=\"og:image:height\" content=\"604\" \/>\n\t<meta property=\"og:image:type\" content=\"image\/jpeg\" \/>\n<meta name=\"author\" content=\"Groupe local Paillon-B\u00e9v\u00e9ra\" \/>\n<meta name=\"twitter:card\" content=\"summary_large_image\" \/>\n<meta name=\"twitter:label1\" content=\"\u00c9crit par\" \/>\n\t<meta name=\"twitter:data1\" content=\"Groupe local Paillon-B\u00e9v\u00e9ra\" \/>\n<script type=\"application\/ld+json\" class=\"yoast-schema-graph\">{\"@context\":\"https:\\\/\\\/schema.org\",\"@graph\":[{\"@type\":\"Article\",\"@id\":\"https:\\\/\\\/paca.lpo.fr\\\/blogs\\\/nice\\\/2019\\\/12\\\/30\\\/sortie-au-canal-de-gairaut-le-21-decembre\\\/#article\",\"isPartOf\":{\"@id\":\"https:\\\/\\\/paca.lpo.fr\\\/blogs\\\/nice\\\/2019\\\/12\\\/30\\\/sortie-au-canal-de-gairaut-le-21-decembre\\\/\"},\"author\":{\"name\":\"Groupe local Paillon-B\u00e9v\u00e9ra\",\"@id\":\"https:\\\/\\\/paca.lpo.fr\\\/blogs\\\/nice\\\/#\\\/schema\\\/person\\\/1bda33335fb71e0b3552487db26a4c56\"},\"headline\":\"Sortie au Canal de Gairaut le 21 d\u00e9cembre\",\"datePublished\":\"2019-12-30T10:17:35+00:00\",\"dateModified\":\"2019-12-30T10:19:37+00:00\",\"mainEntityOfPage\":{\"@id\":\"https:\\\/\\\/paca.lpo.fr\\\/blogs\\\/nice\\\/2019\\\/12\\\/30\\\/sortie-au-canal-de-gairaut-le-21-decembre\\\/\"},\"wordCount\":82,\"commentCount\":0,\"publisher\":{\"@id\":\"https:\\\/\\\/paca.lpo.fr\\\/blogs\\\/nice\\\/#organization\"},\"image\":{\"@id\":\"https:\\\/\\\/paca.lpo.fr\\\/blogs\\\/nice\\\/2019\\\/12\\\/30\\\/sortie-au-canal-de-gairaut-le-21-decembre\\\/#primaryimage\"},\"thumbnailUrl\":\"https:\\\/\\\/paca.lpo.fr\\\/blogs\\\/nice\\\/files\\\/2019\\\/12\\\/blogunecanal-gairaut-21-12-2019.jpg\",\"articleSection\":[\"Sorties nature\"],\"inLanguage\":\"fr-FR\",\"potentialAction\":[{\"@type\":\"CommentAction\",\"name\":\"Comment\",\"target\":[\"https:\\\/\\\/paca.lpo.fr\\\/blogs\\\/nice\\\/2019\\\/12\\\/30\\\/sortie-au-canal-de-gairaut-le-21-decembre\\\/#respond\"]}]},{\"@type\":\"WebPage\",\"@id\":\"https:\\\/\\\/paca.lpo.fr\\\/blogs\\\/nice\\\/2019\\\/12\\\/30\\\/sortie-au-canal-de-gairaut-le-21-decembre\\\/\",\"url\":\"https:\\\/\\\/paca.lpo.fr\\\/blogs\\\/nice\\\/2019\\\/12\\\/30\\\/sortie-au-canal-de-gairaut-le-21-decembre\\\/\",\"name\":\"Sortie au Canal de Gairaut le 21 d\u00e9cembre - Groupe local Nice\",\"isPartOf\":{\"@id\":\"https:\\\/\\\/paca.lpo.fr\\\/blogs\\\/nice\\\/#website\"},\"primaryImageOfPage\":{\"@id\":\"https:\\\/\\\/paca.lpo.fr\\\/blogs\\\/nice\\\/2019\\\/12\\\/30\\\/sortie-au-canal-de-gairaut-le-21-decembre\\\/#primaryimage\"},\"image\":{\"@id\":\"https:\\\/\\\/paca.lpo.fr\\\/blogs\\\/nice\\\/2019\\\/12\\\/30\\\/sortie-au-canal-de-gairaut-le-21-decembre\\\/#primaryimage\"},\"thumbnailUrl\":\"https:\\\/\\\/paca.lpo.fr\\\/blogs\\\/nice\\\/files\\\/2019\\\/12\\\/blogunecanal-gairaut-21-12-2019.jpg\",\"datePublished\":\"2019-12-30T10:17:35+00:00\",\"dateModified\":\"2019-12-30T10:19:37+00:00\",\"breadcrumb\":{\"@id\":\"https:\\\/\\\/paca.lpo.fr\\\/blogs\\\/nice\\\/2019\\\/12\\\/30\\\/sortie-au-canal-de-gairaut-le-21-decembre\\\/#breadcrumb\"},\"inLanguage\":\"fr-FR\",\"potentialAction\":[{\"@type\":\"ReadAction\",\"target\":[\"https:\\\/\\\/paca.lpo.fr\\\/blogs\\\/nice\\\/2019\\\/12\\\/30\\\/sortie-au-canal-de-gairaut-le-21-decembre\\\/\"]}]},{\"@type\":\"ImageObject\",\"inLanguage\":\"fr-FR\",\"@id\":\"https:\\\/\\\/paca.lpo.fr\\\/blogs\\\/nice\\\/2019\\\/12\\\/30\\\/sortie-au-canal-de-gairaut-le-21-decembre\\\/#primaryimage\",\"url\":\"https:\\\/\\\/paca.lpo.fr\\\/blogs\\\/nice\\\/files\\\/2019\\\/12\\\/blogunecanal-gairaut-21-12-2019.jpg\",\"contentUrl\":\"https:\\\/\\\/paca.lpo.fr\\\/blogs\\\/nice\\\/files\\\/2019\\\/12\\\/blogunecanal-gairaut-21-12-2019.jpg\",\"width\":708,\"height\":604},{\"@type\":\"BreadcrumbList\",\"@id\":\"https:\\\/\\\/paca.lpo.fr\\\/blogs\\\/nice\\\/2019\\\/12\\\/30\\\/sortie-au-canal-de-gairaut-le-21-decembre\\\/#breadcrumb\",\"itemListElement\":[{\"@type\":\"ListItem\",\"position\":1,\"name\":\"Accueil\",\"item\":\"https:\\\/\\\/paca.lpo.fr\\\/blogs\\\/nice\\\/\"},{\"@type\":\"ListItem\",\"position\":2,\"name\":\"Sortie au Canal de Gairaut le 21 d\u00e9cembre\"}]},{\"@type\":\"WebSite\",\"@id\":\"https:\\\/\\\/paca.lpo.fr\\\/blogs\\\/nice\\\/#website\",\"url\":\"https:\\\/\\\/paca.lpo.fr\\\/blogs\\\/nice\\\/\",\"name\":\"Groupe local Nice\",\"description\":\"Groupe local Nice\",\"publisher\":{\"@id\":\"https:\\\/\\\/paca.lpo.fr\\\/blogs\\\/nice\\\/#organization\"},\"potentialAction\":[{\"@type\":\"SearchAction\",\"target\":{\"@type\":\"EntryPoint\",\"urlTemplate\":\"https:\\\/\\\/paca.lpo.fr\\\/blogs\\\/nice\\\/?s={search_term_string}\"},\"query-input\":{\"@type\":\"PropertyValueSpecification\",\"valueRequired\":true,\"valueName\":\"search_term_string\"}}],\"inLanguage\":\"fr-FR\"},{\"@type\":\"Organization\",\"@id\":\"https:\\\/\\\/paca.lpo.fr\\\/blogs\\\/nice\\\/#organization\",\"name\":\"Groupe local Nice\",\"url\":\"https:\\\/\\\/paca.lpo.fr\\\/blogs\\\/nice\\\/\",\"logo\":{\"@type\":\"ImageObject\",\"inLanguage\":\"fr-FR\",\"@id\":\"https:\\\/\\\/paca.lpo.fr\\\/blogs\\\/nice\\\/#\\\/schema\\\/logo\\\/image\\\/\",\"url\":\"https:\\\/\\\/paca.lpo.fr\\\/blogs\\\/nice\\\/files\\\/2024\\\/01\\\/cropped-rvb-lpo-paca-logotype-signature-droite-mini-500.jpg\",\"contentUrl\":\"https:\\\/\\\/paca.lpo.fr\\\/blogs\\\/nice\\\/files\\\/2024\\\/01\\\/cropped-rvb-lpo-paca-logotype-signature-droite-mini-500.jpg\",\"width\":500,\"height\":210,\"caption\":\"Groupe local Nice\"},\"image\":{\"@id\":\"https:\\\/\\\/paca.lpo.fr\\\/blogs\\\/nice\\\/#\\\/schema\\\/logo\\\/image\\\/\"}},{\"@type\":\"Person\",\"@id\":\"https:\\\/\\\/paca.lpo.fr\\\/blogs\\\/nice\\\/#\\\/schema\\\/person\\\/1bda33335fb71e0b3552487db26a4c56\",\"name\":\"Groupe local Paillon-B\u00e9v\u00e9ra\",\"image\":{\"@type\":\"ImageObject\",\"inLanguage\":\"fr-FR\",\"@id\":\"https:\\\/\\\/secure.gravatar.com\\\/avatar\\\/b1ee285506e2cb880ec988990d360e255aecb31c77212741dace1023623610c2?s=96&d=mm&r=g\",\"url\":\"https:\\\/\\\/secure.gravatar.com\\\/avatar\\\/b1ee285506e2cb880ec988990d360e255aecb31c77212741dace1023623610c2?s=96&d=mm&r=g\",\"contentUrl\":\"https:\\\/\\\/secure.gravatar.com\\\/avatar\\\/b1ee285506e2cb880ec988990d360e255aecb31c77212741dace1023623610c2?s=96&d=mm&r=g\",\"caption\":\"Groupe local Paillon-B\u00e9v\u00e9ra\"},\"url\":\"https:\\\/\\\/paca.lpo.fr\\\/blogs\\\/nice\\\/author\\\/alpesmaritimesest\\\/\"}]}<\/script>\n<!-- \/ Yoast SEO plugin. -->","yoast_head_json":{"title":"Sortie au Canal de Gairaut le 21 d\u00e9cembre - Groupe local Nice","robots":{"index":"index","follow":"follow","max-snippet":"max-snippet:-1","max-image-preview":"max-image-preview:large","max-video-preview":"max-video-preview:-1"},"canonical":"https:\/\/paca.lpo.fr\/blogs\/nice\/2019\/12\/30\/sortie-au-canal-de-gairaut-le-21-decembre\/","og_locale":"fr_FR","og_type":"article","og_title":"Sortie au Canal de Gairaut le 21 d\u00e9cembre - Groupe local Nice","og_url":"https:\/\/paca.lpo.fr\/blogs\/nice\/2019\/12\/30\/sortie-au-canal-de-gairaut-le-21-decembre\/","og_site_name":"Groupe local Nice","article_published_time":"2019-12-30T10:17:35+00:00","article_modified_time":"2019-12-30T10:19:37+00:00","og_image":[{"width":708,"height":604,"url":"https:\/\/paca.lpo.fr\/blogs\/nice\/files\/2019\/12\/blogunecanal-gairaut-21-12-2019.jpg","type":"image\/jpeg"}],"author":"Groupe local Paillon-B\u00e9v\u00e9ra","twitter_card":"summary_large_image","twitter_misc":{"\u00c9crit par":"Groupe local Paillon-B\u00e9v\u00e9ra"},"schema":{"@context":"https:\/\/schema.org","@graph":[{"@type":"Article","@id":"https:\/\/paca.lpo.fr\/blogs\/nice\/2019\/12\/30\/sortie-au-canal-de-gairaut-le-21-decembre\/#article","isPartOf":{"@id":"https:\/\/paca.lpo.fr\/blogs\/nice\/2019\/12\/30\/sortie-au-canal-de-gairaut-le-21-decembre\/"},"author":{"name":"Groupe local Paillon-B\u00e9v\u00e9ra","@id":"https:\/\/paca.lpo.fr\/blogs\/nice\/#\/schema\/person\/1bda33335fb71e0b3552487db26a4c56"},"headline":"Sortie au Canal de Gairaut le 21 d\u00e9cembre","datePublished":"2019-12-30T10:17:35+00:00","dateModified":"2019-12-30T10:19:37+00:00","mainEntityOfPage":{"@id":"https:\/\/paca.lpo.fr\/blogs\/nice\/2019\/12\/30\/sortie-au-canal-de-gairaut-le-21-decembre\/"},"wordCount":82,"commentCount":0,"publisher":{"@id":"https:\/\/paca.lpo.fr\/blogs\/nice\/#organization"},"image":{"@id":"https:\/\/paca.lpo.fr\/blogs\/nice\/2019\/12\/30\/sortie-au-canal-de-gairaut-le-21-decembre\/#primaryimage"},"thumbnailUrl":"https:\/\/paca.lpo.fr\/blogs\/nice\/files\/2019\/12\/blogunecanal-gairaut-21-12-2019.jpg","articleSection":["Sorties nature"],"inLanguage":"fr-FR","potentialAction":[{"@type":"CommentAction","name":"Comment","target":["https:\/\/paca.lpo.fr\/blogs\/nice\/2019\/12\/30\/sortie-au-canal-de-gairaut-le-21-decembre\/#respond"]}]},{"@type":"WebPage","@id":"https:\/\/paca.lpo.fr\/blogs\/nice\/2019\/12\/30\/sortie-au-canal-de-gairaut-le-21-decembre\/","url":"https:\/\/paca.lpo.fr\/blogs\/nice\/2019\/12\/30\/sortie-au-canal-de-gairaut-le-21-decembre\/","name":"Sortie au Canal de Gairaut le 21 d\u00e9cembre - Groupe local Nice","isPartOf":{"@id":"https:\/\/paca.lpo.fr\/blogs\/nice\/#website"},"primaryImageOfPage":{"@id":"https:\/\/paca.lpo.fr\/blogs\/nice\/2019\/12\/30\/sortie-au-canal-de-gairaut-le-21-decembre\/#primaryimage"},"image":{"@id":"https:\/\/paca.lpo.fr\/blogs\/nice\/2019\/12\/30\/sortie-au-canal-de-gairaut-le-21-decembre\/#primaryimage"},"thumbnailUrl":"https:\/\/paca.lpo.fr\/blogs\/nice\/files\/2019\/12\/blogunecanal-gairaut-21-12-2019.jpg","datePublished":"2019-12-30T10:17:35+00:00","dateModified":"2019-12-30T10:19:37+00:00","breadcrumb":{"@id":"https:\/\/paca.lpo.fr\/blogs\/nice\/2019\/12\/30\/sortie-au-canal-de-gairaut-le-21-decembre\/#breadcrumb"},"inLanguage":"fr-FR","potentialAction":[{"@type":"ReadAction","target":["https:\/\/paca.lpo.fr\/blogs\/nice\/2019\/12\/30\/sortie-au-canal-de-gairaut-le-21-decembre\/"]}]},{"@type":"ImageObject","inLanguage":"fr-FR","@id":"https:\/\/paca.lpo.fr\/blogs\/nice\/2019\/12\/30\/sortie-au-canal-de-gairaut-le-21-decembre\/#primaryimage","url":"https:\/\/paca.lpo.fr\/blogs\/nice\/files\/2019\/12\/blogunecanal-gairaut-21-12-2019.jpg","contentUrl":"https:\/\/paca.lpo.fr\/blogs\/nice\/files\/2019\/12\/blogunecanal-gairaut-21-12-2019.jpg","width":708,"height":604},{"@type":"BreadcrumbList","@id":"https:\/\/paca.lpo.fr\/blogs\/nice\/2019\/12\/30\/sortie-au-canal-de-gairaut-le-21-decembre\/#breadcrumb","itemListElement":[{"@type":"ListItem","position":1,"name":"Accueil","item":"https:\/\/paca.lpo.fr\/blogs\/nice\/"},{"@type":"ListItem","position":2,"name":"Sortie au Canal de Gairaut le 21 d\u00e9cembre"}]},{"@type":"WebSite","@id":"https:\/\/paca.lpo.fr\/blogs\/nice\/#website","url":"https:\/\/paca.lpo.fr\/blogs\/nice\/","name":"Groupe local Nice","description":"Groupe local Nice","publisher":{"@id":"https:\/\/paca.lpo.fr\/blogs\/nice\/#organization"},"potentialAction":[{"@type":"SearchAction","target":{"@type":"EntryPoint","urlTemplate":"https:\/\/paca.lpo.fr\/blogs\/nice\/?s={search_term_string}"},"query-input":{"@type":"PropertyValueSpecification","valueRequired":true,"valueName":"search_term_string"}}],"inLanguage":"fr-FR"},{"@type":"Organization","@id":"https:\/\/paca.lpo.fr\/blogs\/nice\/#organization","name":"Groupe local Nice","url":"https:\/\/paca.lpo.fr\/blogs\/nice\/","logo":{"@type":"ImageObject","inLanguage":"fr-FR","@id":"https:\/\/paca.lpo.fr\/blogs\/nice\/#\/schema\/logo\/image\/","url":"https:\/\/paca.lpo.fr\/blogs\/nice\/files\/2024\/01\/cropped-rvb-lpo-paca-logotype-signature-droite-mini-500.jpg","contentUrl":"https:\/\/paca.lpo.fr\/blogs\/nice\/files\/2024\/01\/cropped-rvb-lpo-paca-logotype-signature-droite-mini-500.jpg","width":500,"height":210,"caption":"Groupe local Nice"},"image":{"@id":"https:\/\/paca.lpo.fr\/blogs\/nice\/#\/schema\/logo\/image\/"}},{"@type":"Person","@id":"https:\/\/paca.lpo.fr\/blogs\/nice\/#\/schema\/person\/1bda33335fb71e0b3552487db26a4c56","name":"Groupe local Paillon-B\u00e9v\u00e9ra","image":{"@type":"ImageObject","inLanguage":"fr-FR","@id":"https:\/\/secure.gravatar.com\/avatar\/b1ee285506e2cb880ec988990d360e255aecb31c77212741dace1023623610c2?s=96&d=mm&r=g","url":"https:\/\/secure.gravatar.com\/avatar\/b1ee285506e2cb880ec988990d360e255aecb31c77212741dace1023623610c2?s=96&d=mm&r=g","contentUrl":"https:\/\/secure.gravatar.com\/avatar\/b1ee285506e2cb880ec988990d360e255aecb31c77212741dace1023623610c2?s=96&d=mm&r=g","caption":"Groupe local Paillon-B\u00e9v\u00e9ra"},"url":"https:\/\/paca.lpo.fr\/blogs\/nice\/author\/alpesmaritimesest\/"}]}},"jetpack_featured_media_url":"https:\/\/paca.lpo.fr\/blogs\/nice\/files\/2019\/12\/blogunecanal-gairaut-21-12-2019.jpg","_links":{"self":[{"href":"https:\/\/paca.lpo.fr\/blogs\/nice\/wp-json\/wp\/v2\/posts\/2930","targetHints":{"allow":["GET"]}}],"collection":[{"href":"https:\/\/paca.lpo.fr\/blogs\/nice\/wp-json\/wp\/v2\/posts"}],"about":[{"href":"https:\/\/paca.lpo.fr\/blogs\/nice\/wp-json\/wp\/v2\/types\/post"}],"author":[{"embeddable":true,"href":"https:\/\/paca.lpo.fr\/blogs\/nice\/wp-json\/wp\/v2\/users\/15"}],"replies":[{"embeddable":true,"href":"https:\/\/paca.lpo.fr\/blogs\/nice\/wp-json\/wp\/v2\/comments?post=2930"}],"version-history":[{"count":3,"href":"https:\/\/paca.lpo.fr\/blogs\/nice\/wp-json\/wp\/v2\/posts\/2930\/revisions"}],"predecessor-version":[{"id":2937,"href":"https:\/\/paca.lpo.fr\/blogs\/nice\/wp-json\/wp\/v2\/posts\/2930\/revisions\/2937"}],"wp:featuredmedia":[{"embeddable":true,"href":"https:\/\/paca.lpo.fr\/blogs\/nice\/wp-json\/wp\/v2\/media\/2934"}],"wp:attachment":[{"href":"https:\/\/paca.lpo.fr\/blogs\/nice\/wp-json\/wp\/v2\/media?parent=2930"}],"wp:term":[{"taxonomy":"category","embeddable":true,"href":"https:\/\/paca.lpo.fr\/blogs\/nice\/wp-json\/wp\/v2\/categories?post=2930"},{"taxonomy":"post_tag","embeddable":true,"href":"https:\/\/paca.lpo.fr\/blogs\/nice\/wp-json\/wp\/v2\/tags?post=2930"}],"curies":[{"name":"wp","href":"https:\/\/api.w.org\/{rel}","templated":true}]}}