{"id":2940,"date":"2020-01-27T15:16:17","date_gmt":"2020-01-27T14:16:17","guid":{"rendered":"https:\/\/paca.lpo.fr\/blogs\/nice\/?p=2940"},"modified":"2020-01-27T15:16:59","modified_gmt":"2020-01-27T14:16:59","slug":"sortie-nature-au-mont-vial-2","status":"publish","type":"post","link":"https:\/\/paca.lpo.fr\/blogs\/nice\/2020\/01\/27\/sortie-nature-au-mont-vial-2\/","title":{"rendered":"Sortie nature au Mont Vial le 26 janvier 2020"},"content":{"rendered":"\n<p>Apr\u00e8s notre rendez-vous \u00e0 Carrefour Lingosti\u00e8re nous prenons la route et passons d&rsquo;abord au village de Gilette, prenons la route \u00e0 droite en sortant, et poursuivons notre chemin, manquant dans un premier temps, la petite route pour le Mont Vial sur la droite. Il faut dire que si l&rsquo;on ne connait pas l&rsquo;endroit, il n&rsquo;y a plus d&rsquo;indication pour savoir que c&rsquo;est cette route !!! Nous nous garons \u00e0 environs 300 m\u00e8tres de d\u00e9nivel\u00e9e du sommet pour notre randonn\u00e9e p\u00e9destre&#8230;Le soleil n&rsquo;est jamais bien loin et nous cheminons tranquillement. Le paysage s&rsquo;\u00e9tend de plus en plus sous nous \u00e0 mesure que nous prenons de l&rsquo;altitude. Les oiseaux se font malheureusement pour nous tr\u00e8s rare, \u00e0 part quelques M\u00e9sanges furtives et un Grand Corbeau visible pr\u00e8s du sommet&#8230; Dans l&rsquo;ensemble, les nuages de brumes ne nous ont gu\u00e8re g\u00ean\u00e9s, et il ne faisait pas froid&#8230; Certains ont profit\u00e9 de cet endroit pour faire quelques provisions de thym assez abondant tout le long du chemin&#8230;<\/p>\n<p>C&rsquo;\u00e9tait une promenade d&rsquo;hiver bien tranquille et tr\u00e8s agr\u00e9able. A bient\u00f4t, Bernard<\/p>\n<p>&nbsp;<\/p>\n\n\n\n<figure class=\"wp-block-image size-large\"><img loading=\"lazy\" decoding=\"async\" width=\"802\" height=\"527\" src=\"https:\/\/paca.lpo.fr\/blogs\/nice\/files\/2020\/01\/dsc04965.jpg\" alt=\"\" class=\"wp-image-2942\" srcset=\"https:\/\/paca.lpo.fr\/blogs\/nice\/files\/2020\/01\/dsc04965.jpg 802w, https:\/\/paca.lpo.fr\/blogs\/nice\/files\/2020\/01\/dsc04965-480x315.jpg 480w, https:\/\/paca.lpo.fr\/blogs\/nice\/files\/2020\/01\/dsc04965-768x505.jpg 768w, https:\/\/paca.lpo.fr\/blogs\/nice\/files\/2020\/01\/dsc04965-700x460.jpg 700w\" sizes=\"auto, (max-width: 802px) 100vw, 802px\" \/><\/figure>\n\n\n\n<figure class=\"wp-block-image size-large\"><img loading=\"lazy\" decoding=\"async\" width=\"718\" height=\"718\" src=\"https:\/\/paca.lpo.fr\/blogs\/nice\/files\/2020\/01\/agenda26jan.jpg\" alt=\"\" class=\"wp-image-2943\" srcset=\"https:\/\/paca.lpo.fr\/blogs\/nice\/files\/2020\/01\/agenda26jan.jpg 718w, https:\/\/paca.lpo.fr\/blogs\/nice\/files\/2020\/01\/agenda26jan-480x480.jpg 480w, https:\/\/paca.lpo.fr\/blogs\/nice\/files\/2020\/01\/agenda26jan-150x150.jpg 150w, https:\/\/paca.lpo.fr\/blogs\/nice\/files\/2020\/01\/agenda26jan-144x144.jpg 144w, https:\/\/paca.lpo.fr\/blogs\/nice\/files\/2020\/01\/agenda26jan-432x432.jpg 432w, https:\/\/paca.lpo.fr\/blogs\/nice\/files\/2020\/01\/agenda26jan-268x268.jpg 268w, https:\/\/paca.lpo.fr\/blogs\/nice\/files\/2020\/01\/agenda26jan-700x700.jpg 700w\" sizes=\"auto, (max-width: 718px) 100vw, 718px\" \/><figcaption>Grand corbeau<\/figcaption><\/figure>\n","protected":false},"excerpt":{"rendered":"","protected":false},"author":15,"featured_media":2941,"comment_status":"open","ping_status":"open","sticky":false,"template":"","format":"standard","meta":{"footnotes":""},"categories":[80],"tags":[],"class_list":["post-2940","post","type-post","status-publish","format-standard","has-post-thumbnail","hentry","category-sorties-nature-2"],"yoast_head":"<!-- This site is optimized with the Yoast SEO plugin v28.3 - https:\/\/yoast.com\/product\/yoast-seo-wordpress\/ -->\n<title>Sortie nature au Mont Vial le 26 janvier 2020 - Groupe local Nice<\/title>\n<meta name=\"robots\" content=\"index, follow, max-snippet:-1, max-image-preview:large, max-video-preview:-1\" \/>\n<link rel=\"canonical\" href=\"https:\/\/paca.lpo.fr\/blogs\/nice\/2020\/01\/27\/sortie-nature-au-mont-vial-2\/\" \/>\n<meta property=\"og:locale\" content=\"fr_FR\" \/>\n<meta property=\"og:type\" content=\"article\" \/>\n<meta property=\"og:title\" content=\"Sortie nature au Mont Vial le 26 janvier 2020 - Groupe local Nice\" \/>\n<meta property=\"og:url\" content=\"https:\/\/paca.lpo.fr\/blogs\/nice\/2020\/01\/27\/sortie-nature-au-mont-vial-2\/\" \/>\n<meta property=\"og:site_name\" content=\"Groupe local Nice\" \/>\n<meta property=\"article:published_time\" content=\"2020-01-27T14:16:17+00:00\" \/>\n<meta property=\"article:modified_time\" content=\"2020-01-27T14:16:59+00:00\" \/>\n<meta property=\"og:image\" content=\"https:\/\/paca.lpo.fr\/blogs\/nice\/files\/2020\/01\/blogunebl.jpg\" \/>\n\t<meta property=\"og:image:width\" content=\"809\" \/>\n\t<meta property=\"og:image:height\" content=\"557\" \/>\n\t<meta property=\"og:image:type\" content=\"image\/jpeg\" \/>\n<meta name=\"author\" content=\"Groupe local Paillon-B\u00e9v\u00e9ra\" \/>\n<meta name=\"twitter:card\" content=\"summary_large_image\" \/>\n<meta name=\"twitter:label1\" content=\"\u00c9crit par\" \/>\n\t<meta name=\"twitter:data1\" content=\"Groupe local Paillon-B\u00e9v\u00e9ra\" \/>\n\t<meta name=\"twitter:label2\" content=\"Dur\u00e9e de lecture estim\u00e9e\" \/>\n\t<meta name=\"twitter:data2\" content=\"1 minute\" \/>\n<script type=\"application\/ld+json\" class=\"yoast-schema-graph\">{\"@context\":\"https:\\\/\\\/schema.org\",\"@graph\":[{\"@type\":\"Article\",\"@id\":\"https:\\\/\\\/paca.lpo.fr\\\/blogs\\\/nice\\\/2020\\\/01\\\/27\\\/sortie-nature-au-mont-vial-2\\\/#article\",\"isPartOf\":{\"@id\":\"https:\\\/\\\/paca.lpo.fr\\\/blogs\\\/nice\\\/2020\\\/01\\\/27\\\/sortie-nature-au-mont-vial-2\\\/\"},\"author\":{\"name\":\"Groupe local Paillon-B\u00e9v\u00e9ra\",\"@id\":\"https:\\\/\\\/paca.lpo.fr\\\/blogs\\\/nice\\\/#\\\/schema\\\/person\\\/1bda33335fb71e0b3552487db26a4c56\"},\"headline\":\"Sortie nature au Mont Vial le 26 janvier 2020\",\"datePublished\":\"2020-01-27T14:16:17+00:00\",\"dateModified\":\"2020-01-27T14:16:59+00:00\",\"mainEntityOfPage\":{\"@id\":\"https:\\\/\\\/paca.lpo.fr\\\/blogs\\\/nice\\\/2020\\\/01\\\/27\\\/sortie-nature-au-mont-vial-2\\\/\"},\"wordCount\":207,\"commentCount\":0,\"publisher\":{\"@id\":\"https:\\\/\\\/paca.lpo.fr\\\/blogs\\\/nice\\\/#organization\"},\"image\":{\"@id\":\"https:\\\/\\\/paca.lpo.fr\\\/blogs\\\/nice\\\/2020\\\/01\\\/27\\\/sortie-nature-au-mont-vial-2\\\/#primaryimage\"},\"thumbnailUrl\":\"https:\\\/\\\/paca.lpo.fr\\\/blogs\\\/nice\\\/files\\\/2020\\\/01\\\/blogunebl.jpg\",\"articleSection\":[\"Sorties nature\"],\"inLanguage\":\"fr-FR\",\"potentialAction\":[{\"@type\":\"CommentAction\",\"name\":\"Comment\",\"target\":[\"https:\\\/\\\/paca.lpo.fr\\\/blogs\\\/nice\\\/2020\\\/01\\\/27\\\/sortie-nature-au-mont-vial-2\\\/#respond\"]}]},{\"@type\":\"WebPage\",\"@id\":\"https:\\\/\\\/paca.lpo.fr\\\/blogs\\\/nice\\\/2020\\\/01\\\/27\\\/sortie-nature-au-mont-vial-2\\\/\",\"url\":\"https:\\\/\\\/paca.lpo.fr\\\/blogs\\\/nice\\\/2020\\\/01\\\/27\\\/sortie-nature-au-mont-vial-2\\\/\",\"name\":\"Sortie nature au Mont Vial le 26 janvier 2020 - Groupe local Nice\",\"isPartOf\":{\"@id\":\"https:\\\/\\\/paca.lpo.fr\\\/blogs\\\/nice\\\/#website\"},\"primaryImageOfPage\":{\"@id\":\"https:\\\/\\\/paca.lpo.fr\\\/blogs\\\/nice\\\/2020\\\/01\\\/27\\\/sortie-nature-au-mont-vial-2\\\/#primaryimage\"},\"image\":{\"@id\":\"https:\\\/\\\/paca.lpo.fr\\\/blogs\\\/nice\\\/2020\\\/01\\\/27\\\/sortie-nature-au-mont-vial-2\\\/#primaryimage\"},\"thumbnailUrl\":\"https:\\\/\\\/paca.lpo.fr\\\/blogs\\\/nice\\\/files\\\/2020\\\/01\\\/blogunebl.jpg\",\"datePublished\":\"2020-01-27T14:16:17+00:00\",\"dateModified\":\"2020-01-27T14:16:59+00:00\",\"breadcrumb\":{\"@id\":\"https:\\\/\\\/paca.lpo.fr\\\/blogs\\\/nice\\\/2020\\\/01\\\/27\\\/sortie-nature-au-mont-vial-2\\\/#breadcrumb\"},\"inLanguage\":\"fr-FR\",\"potentialAction\":[{\"@type\":\"ReadAction\",\"target\":[\"https:\\\/\\\/paca.lpo.fr\\\/blogs\\\/nice\\\/2020\\\/01\\\/27\\\/sortie-nature-au-mont-vial-2\\\/\"]}]},{\"@type\":\"ImageObject\",\"inLanguage\":\"fr-FR\",\"@id\":\"https:\\\/\\\/paca.lpo.fr\\\/blogs\\\/nice\\\/2020\\\/01\\\/27\\\/sortie-nature-au-mont-vial-2\\\/#primaryimage\",\"url\":\"https:\\\/\\\/paca.lpo.fr\\\/blogs\\\/nice\\\/files\\\/2020\\\/01\\\/blogunebl.jpg\",\"contentUrl\":\"https:\\\/\\\/paca.lpo.fr\\\/blogs\\\/nice\\\/files\\\/2020\\\/01\\\/blogunebl.jpg\",\"width\":809,\"height\":557,\"caption\":\"Version 2\"},{\"@type\":\"BreadcrumbList\",\"@id\":\"https:\\\/\\\/paca.lpo.fr\\\/blogs\\\/nice\\\/2020\\\/01\\\/27\\\/sortie-nature-au-mont-vial-2\\\/#breadcrumb\",\"itemListElement\":[{\"@type\":\"ListItem\",\"position\":1,\"name\":\"Accueil\",\"item\":\"https:\\\/\\\/paca.lpo.fr\\\/blogs\\\/nice\\\/\"},{\"@type\":\"ListItem\",\"position\":2,\"name\":\"Sortie nature au Mont Vial le 26 janvier 2020\"}]},{\"@type\":\"WebSite\",\"@id\":\"https:\\\/\\\/paca.lpo.fr\\\/blogs\\\/nice\\\/#website\",\"url\":\"https:\\\/\\\/paca.lpo.fr\\\/blogs\\\/nice\\\/\",\"name\":\"Groupe local Nice\",\"description\":\"Groupe local Nice\",\"publisher\":{\"@id\":\"https:\\\/\\\/paca.lpo.fr\\\/blogs\\\/nice\\\/#organization\"},\"potentialAction\":[{\"@type\":\"SearchAction\",\"target\":{\"@type\":\"EntryPoint\",\"urlTemplate\":\"https:\\\/\\\/paca.lpo.fr\\\/blogs\\\/nice\\\/?s={search_term_string}\"},\"query-input\":{\"@type\":\"PropertyValueSpecification\",\"valueRequired\":true,\"valueName\":\"search_term_string\"}}],\"inLanguage\":\"fr-FR\"},{\"@type\":\"Organization\",\"@id\":\"https:\\\/\\\/paca.lpo.fr\\\/blogs\\\/nice\\\/#organization\",\"name\":\"Groupe local Nice\",\"url\":\"https:\\\/\\\/paca.lpo.fr\\\/blogs\\\/nice\\\/\",\"logo\":{\"@type\":\"ImageObject\",\"inLanguage\":\"fr-FR\",\"@id\":\"https:\\\/\\\/paca.lpo.fr\\\/blogs\\\/nice\\\/#\\\/schema\\\/logo\\\/image\\\/\",\"url\":\"https:\\\/\\\/paca.lpo.fr\\\/blogs\\\/nice\\\/files\\\/2024\\\/01\\\/cropped-rvb-lpo-paca-logotype-signature-droite-mini-500.jpg\",\"contentUrl\":\"https:\\\/\\\/paca.lpo.fr\\\/blogs\\\/nice\\\/files\\\/2024\\\/01\\\/cropped-rvb-lpo-paca-logotype-signature-droite-mini-500.jpg\",\"width\":500,\"height\":210,\"caption\":\"Groupe local Nice\"},\"image\":{\"@id\":\"https:\\\/\\\/paca.lpo.fr\\\/blogs\\\/nice\\\/#\\\/schema\\\/logo\\\/image\\\/\"}},{\"@type\":\"Person\",\"@id\":\"https:\\\/\\\/paca.lpo.fr\\\/blogs\\\/nice\\\/#\\\/schema\\\/person\\\/1bda33335fb71e0b3552487db26a4c56\",\"name\":\"Groupe local Paillon-B\u00e9v\u00e9ra\",\"image\":{\"@type\":\"ImageObject\",\"inLanguage\":\"fr-FR\",\"@id\":\"https:\\\/\\\/secure.gravatar.com\\\/avatar\\\/b1ee285506e2cb880ec988990d360e255aecb31c77212741dace1023623610c2?s=96&d=mm&r=g\",\"url\":\"https:\\\/\\\/secure.gravatar.com\\\/avatar\\\/b1ee285506e2cb880ec988990d360e255aecb31c77212741dace1023623610c2?s=96&d=mm&r=g\",\"contentUrl\":\"https:\\\/\\\/secure.gravatar.com\\\/avatar\\\/b1ee285506e2cb880ec988990d360e255aecb31c77212741dace1023623610c2?s=96&d=mm&r=g\",\"caption\":\"Groupe local Paillon-B\u00e9v\u00e9ra\"},\"url\":\"https:\\\/\\\/paca.lpo.fr\\\/blogs\\\/nice\\\/author\\\/alpesmaritimesest\\\/\"}]}<\/script>\n<!-- \/ Yoast SEO plugin. -->","yoast_head_json":{"title":"Sortie nature au Mont Vial le 26 janvier 2020 - Groupe local Nice","robots":{"index":"index","follow":"follow","max-snippet":"max-snippet:-1","max-image-preview":"max-image-preview:large","max-video-preview":"max-video-preview:-1"},"canonical":"https:\/\/paca.lpo.fr\/blogs\/nice\/2020\/01\/27\/sortie-nature-au-mont-vial-2\/","og_locale":"fr_FR","og_type":"article","og_title":"Sortie nature au Mont Vial le 26 janvier 2020 - Groupe local Nice","og_url":"https:\/\/paca.lpo.fr\/blogs\/nice\/2020\/01\/27\/sortie-nature-au-mont-vial-2\/","og_site_name":"Groupe local Nice","article_published_time":"2020-01-27T14:16:17+00:00","article_modified_time":"2020-01-27T14:16:59+00:00","og_image":[{"width":809,"height":557,"url":"https:\/\/paca.lpo.fr\/blogs\/nice\/files\/2020\/01\/blogunebl.jpg","type":"image\/jpeg"}],"author":"Groupe local Paillon-B\u00e9v\u00e9ra","twitter_card":"summary_large_image","twitter_misc":{"\u00c9crit par":"Groupe local Paillon-B\u00e9v\u00e9ra","Dur\u00e9e de lecture estim\u00e9e":"1 minute"},"schema":{"@context":"https:\/\/schema.org","@graph":[{"@type":"Article","@id":"https:\/\/paca.lpo.fr\/blogs\/nice\/2020\/01\/27\/sortie-nature-au-mont-vial-2\/#article","isPartOf":{"@id":"https:\/\/paca.lpo.fr\/blogs\/nice\/2020\/01\/27\/sortie-nature-au-mont-vial-2\/"},"author":{"name":"Groupe local Paillon-B\u00e9v\u00e9ra","@id":"https:\/\/paca.lpo.fr\/blogs\/nice\/#\/schema\/person\/1bda33335fb71e0b3552487db26a4c56"},"headline":"Sortie nature au Mont Vial le 26 janvier 2020","datePublished":"2020-01-27T14:16:17+00:00","dateModified":"2020-01-27T14:16:59+00:00","mainEntityOfPage":{"@id":"https:\/\/paca.lpo.fr\/blogs\/nice\/2020\/01\/27\/sortie-nature-au-mont-vial-2\/"},"wordCount":207,"commentCount":0,"publisher":{"@id":"https:\/\/paca.lpo.fr\/blogs\/nice\/#organization"},"image":{"@id":"https:\/\/paca.lpo.fr\/blogs\/nice\/2020\/01\/27\/sortie-nature-au-mont-vial-2\/#primaryimage"},"thumbnailUrl":"https:\/\/paca.lpo.fr\/blogs\/nice\/files\/2020\/01\/blogunebl.jpg","articleSection":["Sorties nature"],"inLanguage":"fr-FR","potentialAction":[{"@type":"CommentAction","name":"Comment","target":["https:\/\/paca.lpo.fr\/blogs\/nice\/2020\/01\/27\/sortie-nature-au-mont-vial-2\/#respond"]}]},{"@type":"WebPage","@id":"https:\/\/paca.lpo.fr\/blogs\/nice\/2020\/01\/27\/sortie-nature-au-mont-vial-2\/","url":"https:\/\/paca.lpo.fr\/blogs\/nice\/2020\/01\/27\/sortie-nature-au-mont-vial-2\/","name":"Sortie nature au Mont Vial le 26 janvier 2020 - Groupe local Nice","isPartOf":{"@id":"https:\/\/paca.lpo.fr\/blogs\/nice\/#website"},"primaryImageOfPage":{"@id":"https:\/\/paca.lpo.fr\/blogs\/nice\/2020\/01\/27\/sortie-nature-au-mont-vial-2\/#primaryimage"},"image":{"@id":"https:\/\/paca.lpo.fr\/blogs\/nice\/2020\/01\/27\/sortie-nature-au-mont-vial-2\/#primaryimage"},"thumbnailUrl":"https:\/\/paca.lpo.fr\/blogs\/nice\/files\/2020\/01\/blogunebl.jpg","datePublished":"2020-01-27T14:16:17+00:00","dateModified":"2020-01-27T14:16:59+00:00","breadcrumb":{"@id":"https:\/\/paca.lpo.fr\/blogs\/nice\/2020\/01\/27\/sortie-nature-au-mont-vial-2\/#breadcrumb"},"inLanguage":"fr-FR","potentialAction":[{"@type":"ReadAction","target":["https:\/\/paca.lpo.fr\/blogs\/nice\/2020\/01\/27\/sortie-nature-au-mont-vial-2\/"]}]},{"@type":"ImageObject","inLanguage":"fr-FR","@id":"https:\/\/paca.lpo.fr\/blogs\/nice\/2020\/01\/27\/sortie-nature-au-mont-vial-2\/#primaryimage","url":"https:\/\/paca.lpo.fr\/blogs\/nice\/files\/2020\/01\/blogunebl.jpg","contentUrl":"https:\/\/paca.lpo.fr\/blogs\/nice\/files\/2020\/01\/blogunebl.jpg","width":809,"height":557,"caption":"Version 2"},{"@type":"BreadcrumbList","@id":"https:\/\/paca.lpo.fr\/blogs\/nice\/2020\/01\/27\/sortie-nature-au-mont-vial-2\/#breadcrumb","itemListElement":[{"@type":"ListItem","position":1,"name":"Accueil","item":"https:\/\/paca.lpo.fr\/blogs\/nice\/"},{"@type":"ListItem","position":2,"name":"Sortie nature au Mont Vial le 26 janvier 2020"}]},{"@type":"WebSite","@id":"https:\/\/paca.lpo.fr\/blogs\/nice\/#website","url":"https:\/\/paca.lpo.fr\/blogs\/nice\/","name":"Groupe local Nice","description":"Groupe local Nice","publisher":{"@id":"https:\/\/paca.lpo.fr\/blogs\/nice\/#organization"},"potentialAction":[{"@type":"SearchAction","target":{"@type":"EntryPoint","urlTemplate":"https:\/\/paca.lpo.fr\/blogs\/nice\/?s={search_term_string}"},"query-input":{"@type":"PropertyValueSpecification","valueRequired":true,"valueName":"search_term_string"}}],"inLanguage":"fr-FR"},{"@type":"Organization","@id":"https:\/\/paca.lpo.fr\/blogs\/nice\/#organization","name":"Groupe local Nice","url":"https:\/\/paca.lpo.fr\/blogs\/nice\/","logo":{"@type":"ImageObject","inLanguage":"fr-FR","@id":"https:\/\/paca.lpo.fr\/blogs\/nice\/#\/schema\/logo\/image\/","url":"https:\/\/paca.lpo.fr\/blogs\/nice\/files\/2024\/01\/cropped-rvb-lpo-paca-logotype-signature-droite-mini-500.jpg","contentUrl":"https:\/\/paca.lpo.fr\/blogs\/nice\/files\/2024\/01\/cropped-rvb-lpo-paca-logotype-signature-droite-mini-500.jpg","width":500,"height":210,"caption":"Groupe local Nice"},"image":{"@id":"https:\/\/paca.lpo.fr\/blogs\/nice\/#\/schema\/logo\/image\/"}},{"@type":"Person","@id":"https:\/\/paca.lpo.fr\/blogs\/nice\/#\/schema\/person\/1bda33335fb71e0b3552487db26a4c56","name":"Groupe local Paillon-B\u00e9v\u00e9ra","image":{"@type":"ImageObject","inLanguage":"fr-FR","@id":"https:\/\/secure.gravatar.com\/avatar\/b1ee285506e2cb880ec988990d360e255aecb31c77212741dace1023623610c2?s=96&d=mm&r=g","url":"https:\/\/secure.gravatar.com\/avatar\/b1ee285506e2cb880ec988990d360e255aecb31c77212741dace1023623610c2?s=96&d=mm&r=g","contentUrl":"https:\/\/secure.gravatar.com\/avatar\/b1ee285506e2cb880ec988990d360e255aecb31c77212741dace1023623610c2?s=96&d=mm&r=g","caption":"Groupe local Paillon-B\u00e9v\u00e9ra"},"url":"https:\/\/paca.lpo.fr\/blogs\/nice\/author\/alpesmaritimesest\/"}]}},"jetpack_featured_media_url":"https:\/\/paca.lpo.fr\/blogs\/nice\/files\/2020\/01\/blogunebl.jpg","_links":{"self":[{"href":"https:\/\/paca.lpo.fr\/blogs\/nice\/wp-json\/wp\/v2\/posts\/2940","targetHints":{"allow":["GET"]}}],"collection":[{"href":"https:\/\/paca.lpo.fr\/blogs\/nice\/wp-json\/wp\/v2\/posts"}],"about":[{"href":"https:\/\/paca.lpo.fr\/blogs\/nice\/wp-json\/wp\/v2\/types\/post"}],"author":[{"embeddable":true,"href":"https:\/\/paca.lpo.fr\/blogs\/nice\/wp-json\/wp\/v2\/users\/15"}],"replies":[{"embeddable":true,"href":"https:\/\/paca.lpo.fr\/blogs\/nice\/wp-json\/wp\/v2\/comments?post=2940"}],"version-history":[{"count":2,"href":"https:\/\/paca.lpo.fr\/blogs\/nice\/wp-json\/wp\/v2\/posts\/2940\/revisions"}],"predecessor-version":[{"id":2946,"href":"https:\/\/paca.lpo.fr\/blogs\/nice\/wp-json\/wp\/v2\/posts\/2940\/revisions\/2946"}],"wp:featuredmedia":[{"embeddable":true,"href":"https:\/\/paca.lpo.fr\/blogs\/nice\/wp-json\/wp\/v2\/media\/2941"}],"wp:attachment":[{"href":"https:\/\/paca.lpo.fr\/blogs\/nice\/wp-json\/wp\/v2\/media?parent=2940"}],"wp:term":[{"taxonomy":"category","embeddable":true,"href":"https:\/\/paca.lpo.fr\/blogs\/nice\/wp-json\/wp\/v2\/categories?post=2940"},{"taxonomy":"post_tag","embeddable":true,"href":"https:\/\/paca.lpo.fr\/blogs\/nice\/wp-json\/wp\/v2\/tags?post=2940"}],"curies":[{"name":"wp","href":"https:\/\/api.w.org\/{rel}","templated":true}]}}