{"id":2947,"date":"2020-01-27T15:32:07","date_gmt":"2020-01-27T14:32:07","guid":{"rendered":"https:\/\/paca.lpo.fr\/blogs\/nice\/?p=2947"},"modified":"2020-01-29T17:45:58","modified_gmt":"2020-01-29T16:45:58","slug":"comptage-national-oiseaux-des-jardins-a-menton","status":"publish","type":"post","link":"https:\/\/paca.lpo.fr\/blogs\/nice\/2020\/01\/27\/comptage-national-oiseaux-des-jardins-a-menton\/","title":{"rendered":"Comptage national oiseaux des jardins \u00e0 Menton"},"content":{"rendered":"\n<p>Pour la 3\u00e8me ann\u00e9e cons\u00e9cutive les b\u00e9n\u00e9voles de la LPO PACA ont \u00e9t\u00e9 accueillis au jardin botanique exotique Val Rahmeh pour le comptage national des oiseaux des jardins. Avec l\u2019hiver tr\u00e8s doux moins d\u2019esp\u00e8ces hivernantes ont \u00e9t\u00e9 recens\u00e9es cette ann\u00e9e, mais tous les participants ont appr\u00e9ci\u00e9 la belle balade d\u2019observation au soleil dans un cadre magnifique. Situ\u00e9 \u00e0 Menton, le jardin botanique du Val Rahmeh, d&rsquo;une superficie de 15 000 m\u00b2, fait partie du Mus\u00e9um national d&rsquo;histoire naturelle.<\/p>\n\n\n\n<figure class=\"wp-block-image size-large\"><img loading=\"lazy\" decoding=\"async\" width=\"527\" height=\"702\" src=\"https:\/\/paca.lpo.fr\/blogs\/nice\/files\/2020\/01\/blog3-rotated-e1580135248323.jpg\" alt=\"\" class=\"wp-image-2951\" srcset=\"https:\/\/paca.lpo.fr\/blogs\/nice\/files\/2020\/01\/blog3-rotated-e1580135248323.jpg 527w, https:\/\/paca.lpo.fr\/blogs\/nice\/files\/2020\/01\/blog3-rotated-e1580135248323-360x480.jpg 360w\" sizes=\"auto, (max-width: 527px) 100vw, 527px\" \/><\/figure>\n\n\n\n<p class=\"wp-block-paragraph\">Compter les oiseaux des jardins ce weekend des 25 et 26 janvier, c&rsquo;\u00e9tait l&rsquo;invitation faite \u00e0 tous les amoureux de la nature par le Mus\u00e9um d\u2019Histoire Naturelle et la Ligue pour la Protection des oiseaux (LPO). Objectifs : suivre l&rsquo;\u00e9volution des populations et aider \u00e0 mettre en place des mesures de protection.<\/p>\n\n\n\n<div class=\"wp-block-image\"><figure class=\"aligncenter size-large\"><img loading=\"lazy\" decoding=\"async\" width=\"806\" height=\"604\" src=\"https:\/\/paca.lpo.fr\/blogs\/nice\/files\/2020\/01\/blog2.jpg\" alt=\"\" class=\"wp-image-2952\" srcset=\"https:\/\/paca.lpo.fr\/blogs\/nice\/files\/2020\/01\/blog2.jpg 806w, https:\/\/paca.lpo.fr\/blogs\/nice\/files\/2020\/01\/blog2-480x360.jpg 480w, https:\/\/paca.lpo.fr\/blogs\/nice\/files\/2020\/01\/blog2-768x576.jpg 768w, https:\/\/paca.lpo.fr\/blogs\/nice\/files\/2020\/01\/blog2-700x525.jpg 700w\" sizes=\"auto, (max-width: 806px) 100vw, 806px\" \/><figcaption>Echanges conviviaux sur la terrasse de la villa<\/figcaption><\/figure><\/div>\n\n\n\n<div class=\"wp-block-image\"><figure class=\"aligncenter size-large\"><img loading=\"lazy\" decoding=\"async\" width=\"804\" height=\"734\" src=\"https:\/\/paca.lpo.fr\/blogs\/nice\/files\/2020\/01\/blog.jpg\" alt=\"\" class=\"wp-image-2953\" srcset=\"https:\/\/paca.lpo.fr\/blogs\/nice\/files\/2020\/01\/blog.jpg 804w, https:\/\/paca.lpo.fr\/blogs\/nice\/files\/2020\/01\/blog-480x438.jpg 480w, https:\/\/paca.lpo.fr\/blogs\/nice\/files\/2020\/01\/blog-768x701.jpg 768w, https:\/\/paca.lpo.fr\/blogs\/nice\/files\/2020\/01\/blog-700x639.jpg 700w\" sizes=\"auto, (max-width: 804px) 100vw, 804px\" \/><figcaption>Rougegorge familier observ\u00e9 pr\u00e8s de la pi\u00e8ce d&rsquo;eau de Val Rahmeh<\/figcaption><\/figure><\/div>\n","protected":false},"excerpt":{"rendered":"<p>Compter les oiseaux des jardins ce weekend des 25 et 26 janvier, c&rsquo;\u00e9tait l&rsquo;invitation faite \u00e0 tous les amoureux de la nature par le Mus\u00e9um d\u2019Histoire Naturelle et la Ligue pour la Protection des oiseaux (LPO). Objectifs : suivre l&rsquo;\u00e9volution des populations et aider \u00e0 mettre en place des mesures de protection.<\/p>\n","protected":false},"author":15,"featured_media":2957,"comment_status":"open","ping_status":"open","sticky":false,"template":"","format":"standard","meta":{"footnotes":""},"categories":[77],"tags":[],"class_list":["post-2947","post","type-post","status-publish","format-standard","has-post-thumbnail","hentry","category-grands-evenements"],"yoast_head":"<!-- This site is optimized with the Yoast SEO plugin v28.3 - https:\/\/yoast.com\/product\/yoast-seo-wordpress\/ -->\n<title>Comptage national oiseaux des jardins \u00e0 Menton - Groupe local Nice<\/title>\n<meta name=\"robots\" content=\"index, follow, max-snippet:-1, max-image-preview:large, max-video-preview:-1\" \/>\n<link rel=\"canonical\" href=\"https:\/\/paca.lpo.fr\/blogs\/nice\/2020\/01\/27\/comptage-national-oiseaux-des-jardins-a-menton\/\" \/>\n<meta property=\"og:locale\" content=\"fr_FR\" \/>\n<meta property=\"og:type\" content=\"article\" \/>\n<meta property=\"og:title\" content=\"Comptage national oiseaux des jardins \u00e0 Menton - Groupe local Nice\" \/>\n<meta property=\"og:description\" content=\"Compter les oiseaux des jardins ce weekend des 25 et 26 janvier, c&rsquo;\u00e9tait l&rsquo;invitation faite \u00e0 tous les amoureux de la nature par le Mus\u00e9um d\u2019Histoire Naturelle et la Ligue pour la Protection des oiseaux (LPO). Objectifs : suivre l&rsquo;\u00e9volution des populations et aider \u00e0 mettre en place des mesures de protection.\" \/>\n<meta property=\"og:url\" content=\"https:\/\/paca.lpo.fr\/blogs\/nice\/2020\/01\/27\/comptage-national-oiseaux-des-jardins-a-menton\/\" \/>\n<meta property=\"og:site_name\" content=\"Groupe local Nice\" \/>\n<meta property=\"article:published_time\" content=\"2020-01-27T14:32:07+00:00\" \/>\n<meta property=\"article:modified_time\" content=\"2020-01-29T16:45:58+00:00\" \/>\n<meta property=\"og:image\" content=\"https:\/\/paca.lpo.fr\/blogs\/nice\/files\/2020\/01\/blogune.jpg\" \/>\n\t<meta property=\"og:image:width\" content=\"705\" \/>\n\t<meta property=\"og:image:height\" content=\"540\" \/>\n\t<meta property=\"og:image:type\" content=\"image\/jpeg\" \/>\n<meta name=\"author\" content=\"Groupe local Paillon-B\u00e9v\u00e9ra\" \/>\n<meta name=\"twitter:card\" content=\"summary_large_image\" \/>\n<meta name=\"twitter:label1\" content=\"\u00c9crit par\" \/>\n\t<meta name=\"twitter:data1\" content=\"Groupe local Paillon-B\u00e9v\u00e9ra\" \/>\n\t<meta name=\"twitter:label2\" content=\"Dur\u00e9e de lecture estim\u00e9e\" \/>\n\t<meta name=\"twitter:data2\" content=\"1 minute\" \/>\n<script type=\"application\/ld+json\" class=\"yoast-schema-graph\">{\"@context\":\"https:\\\/\\\/schema.org\",\"@graph\":[{\"@type\":\"Article\",\"@id\":\"https:\\\/\\\/paca.lpo.fr\\\/blogs\\\/nice\\\/2020\\\/01\\\/27\\\/comptage-national-oiseaux-des-jardins-a-menton\\\/#article\",\"isPartOf\":{\"@id\":\"https:\\\/\\\/paca.lpo.fr\\\/blogs\\\/nice\\\/2020\\\/01\\\/27\\\/comptage-national-oiseaux-des-jardins-a-menton\\\/\"},\"author\":{\"name\":\"Groupe local Paillon-B\u00e9v\u00e9ra\",\"@id\":\"https:\\\/\\\/paca.lpo.fr\\\/blogs\\\/nice\\\/#\\\/schema\\\/person\\\/1bda33335fb71e0b3552487db26a4c56\"},\"headline\":\"Comptage national oiseaux des jardins \u00e0 Menton\",\"datePublished\":\"2020-01-27T14:32:07+00:00\",\"dateModified\":\"2020-01-29T16:45:58+00:00\",\"mainEntityOfPage\":{\"@id\":\"https:\\\/\\\/paca.lpo.fr\\\/blogs\\\/nice\\\/2020\\\/01\\\/27\\\/comptage-national-oiseaux-des-jardins-a-menton\\\/\"},\"wordCount\":170,\"commentCount\":0,\"publisher\":{\"@id\":\"https:\\\/\\\/paca.lpo.fr\\\/blogs\\\/nice\\\/#organization\"},\"image\":{\"@id\":\"https:\\\/\\\/paca.lpo.fr\\\/blogs\\\/nice\\\/2020\\\/01\\\/27\\\/comptage-national-oiseaux-des-jardins-a-menton\\\/#primaryimage\"},\"thumbnailUrl\":\"https:\\\/\\\/paca.lpo.fr\\\/blogs\\\/nice\\\/files\\\/2020\\\/01\\\/blogune.jpg\",\"articleSection\":[\"Grands \u00e9v\u00e8nements\"],\"inLanguage\":\"fr-FR\",\"potentialAction\":[{\"@type\":\"CommentAction\",\"name\":\"Comment\",\"target\":[\"https:\\\/\\\/paca.lpo.fr\\\/blogs\\\/nice\\\/2020\\\/01\\\/27\\\/comptage-national-oiseaux-des-jardins-a-menton\\\/#respond\"]}]},{\"@type\":\"WebPage\",\"@id\":\"https:\\\/\\\/paca.lpo.fr\\\/blogs\\\/nice\\\/2020\\\/01\\\/27\\\/comptage-national-oiseaux-des-jardins-a-menton\\\/\",\"url\":\"https:\\\/\\\/paca.lpo.fr\\\/blogs\\\/nice\\\/2020\\\/01\\\/27\\\/comptage-national-oiseaux-des-jardins-a-menton\\\/\",\"name\":\"Comptage national oiseaux des jardins \u00e0 Menton - Groupe local Nice\",\"isPartOf\":{\"@id\":\"https:\\\/\\\/paca.lpo.fr\\\/blogs\\\/nice\\\/#website\"},\"primaryImageOfPage\":{\"@id\":\"https:\\\/\\\/paca.lpo.fr\\\/blogs\\\/nice\\\/2020\\\/01\\\/27\\\/comptage-national-oiseaux-des-jardins-a-menton\\\/#primaryimage\"},\"image\":{\"@id\":\"https:\\\/\\\/paca.lpo.fr\\\/blogs\\\/nice\\\/2020\\\/01\\\/27\\\/comptage-national-oiseaux-des-jardins-a-menton\\\/#primaryimage\"},\"thumbnailUrl\":\"https:\\\/\\\/paca.lpo.fr\\\/blogs\\\/nice\\\/files\\\/2020\\\/01\\\/blogune.jpg\",\"datePublished\":\"2020-01-27T14:32:07+00:00\",\"dateModified\":\"2020-01-29T16:45:58+00:00\",\"breadcrumb\":{\"@id\":\"https:\\\/\\\/paca.lpo.fr\\\/blogs\\\/nice\\\/2020\\\/01\\\/27\\\/comptage-national-oiseaux-des-jardins-a-menton\\\/#breadcrumb\"},\"inLanguage\":\"fr-FR\",\"potentialAction\":[{\"@type\":\"ReadAction\",\"target\":[\"https:\\\/\\\/paca.lpo.fr\\\/blogs\\\/nice\\\/2020\\\/01\\\/27\\\/comptage-national-oiseaux-des-jardins-a-menton\\\/\"]}]},{\"@type\":\"ImageObject\",\"inLanguage\":\"fr-FR\",\"@id\":\"https:\\\/\\\/paca.lpo.fr\\\/blogs\\\/nice\\\/2020\\\/01\\\/27\\\/comptage-national-oiseaux-des-jardins-a-menton\\\/#primaryimage\",\"url\":\"https:\\\/\\\/paca.lpo.fr\\\/blogs\\\/nice\\\/files\\\/2020\\\/01\\\/blogune.jpg\",\"contentUrl\":\"https:\\\/\\\/paca.lpo.fr\\\/blogs\\\/nice\\\/files\\\/2020\\\/01\\\/blogune.jpg\",\"width\":705,\"height\":540},{\"@type\":\"BreadcrumbList\",\"@id\":\"https:\\\/\\\/paca.lpo.fr\\\/blogs\\\/nice\\\/2020\\\/01\\\/27\\\/comptage-national-oiseaux-des-jardins-a-menton\\\/#breadcrumb\",\"itemListElement\":[{\"@type\":\"ListItem\",\"position\":1,\"name\":\"Accueil\",\"item\":\"https:\\\/\\\/paca.lpo.fr\\\/blogs\\\/nice\\\/\"},{\"@type\":\"ListItem\",\"position\":2,\"name\":\"Comptage national oiseaux des jardins \u00e0 Menton\"}]},{\"@type\":\"WebSite\",\"@id\":\"https:\\\/\\\/paca.lpo.fr\\\/blogs\\\/nice\\\/#website\",\"url\":\"https:\\\/\\\/paca.lpo.fr\\\/blogs\\\/nice\\\/\",\"name\":\"Groupe local Nice\",\"description\":\"Groupe local Nice\",\"publisher\":{\"@id\":\"https:\\\/\\\/paca.lpo.fr\\\/blogs\\\/nice\\\/#organization\"},\"potentialAction\":[{\"@type\":\"SearchAction\",\"target\":{\"@type\":\"EntryPoint\",\"urlTemplate\":\"https:\\\/\\\/paca.lpo.fr\\\/blogs\\\/nice\\\/?s={search_term_string}\"},\"query-input\":{\"@type\":\"PropertyValueSpecification\",\"valueRequired\":true,\"valueName\":\"search_term_string\"}}],\"inLanguage\":\"fr-FR\"},{\"@type\":\"Organization\",\"@id\":\"https:\\\/\\\/paca.lpo.fr\\\/blogs\\\/nice\\\/#organization\",\"name\":\"Groupe local Nice\",\"url\":\"https:\\\/\\\/paca.lpo.fr\\\/blogs\\\/nice\\\/\",\"logo\":{\"@type\":\"ImageObject\",\"inLanguage\":\"fr-FR\",\"@id\":\"https:\\\/\\\/paca.lpo.fr\\\/blogs\\\/nice\\\/#\\\/schema\\\/logo\\\/image\\\/\",\"url\":\"https:\\\/\\\/paca.lpo.fr\\\/blogs\\\/nice\\\/files\\\/2024\\\/01\\\/cropped-rvb-lpo-paca-logotype-signature-droite-mini-500.jpg\",\"contentUrl\":\"https:\\\/\\\/paca.lpo.fr\\\/blogs\\\/nice\\\/files\\\/2024\\\/01\\\/cropped-rvb-lpo-paca-logotype-signature-droite-mini-500.jpg\",\"width\":500,\"height\":210,\"caption\":\"Groupe local Nice\"},\"image\":{\"@id\":\"https:\\\/\\\/paca.lpo.fr\\\/blogs\\\/nice\\\/#\\\/schema\\\/logo\\\/image\\\/\"}},{\"@type\":\"Person\",\"@id\":\"https:\\\/\\\/paca.lpo.fr\\\/blogs\\\/nice\\\/#\\\/schema\\\/person\\\/1bda33335fb71e0b3552487db26a4c56\",\"name\":\"Groupe local Paillon-B\u00e9v\u00e9ra\",\"image\":{\"@type\":\"ImageObject\",\"inLanguage\":\"fr-FR\",\"@id\":\"https:\\\/\\\/secure.gravatar.com\\\/avatar\\\/b1ee285506e2cb880ec988990d360e255aecb31c77212741dace1023623610c2?s=96&d=mm&r=g\",\"url\":\"https:\\\/\\\/secure.gravatar.com\\\/avatar\\\/b1ee285506e2cb880ec988990d360e255aecb31c77212741dace1023623610c2?s=96&d=mm&r=g\",\"contentUrl\":\"https:\\\/\\\/secure.gravatar.com\\\/avatar\\\/b1ee285506e2cb880ec988990d360e255aecb31c77212741dace1023623610c2?s=96&d=mm&r=g\",\"caption\":\"Groupe local Paillon-B\u00e9v\u00e9ra\"},\"url\":\"https:\\\/\\\/paca.lpo.fr\\\/blogs\\\/nice\\\/author\\\/alpesmaritimesest\\\/\"}]}<\/script>\n<!-- \/ Yoast SEO plugin. -->","yoast_head_json":{"title":"Comptage national oiseaux des jardins \u00e0 Menton - Groupe local Nice","robots":{"index":"index","follow":"follow","max-snippet":"max-snippet:-1","max-image-preview":"max-image-preview:large","max-video-preview":"max-video-preview:-1"},"canonical":"https:\/\/paca.lpo.fr\/blogs\/nice\/2020\/01\/27\/comptage-national-oiseaux-des-jardins-a-menton\/","og_locale":"fr_FR","og_type":"article","og_title":"Comptage national oiseaux des jardins \u00e0 Menton - Groupe local Nice","og_description":"Compter les oiseaux des jardins ce weekend des 25 et 26 janvier, c&rsquo;\u00e9tait l&rsquo;invitation faite \u00e0 tous les amoureux de la nature par le Mus\u00e9um d\u2019Histoire Naturelle et la Ligue pour la Protection des oiseaux (LPO). Objectifs : suivre l&rsquo;\u00e9volution des populations et aider \u00e0 mettre en place des mesures de protection.","og_url":"https:\/\/paca.lpo.fr\/blogs\/nice\/2020\/01\/27\/comptage-national-oiseaux-des-jardins-a-menton\/","og_site_name":"Groupe local Nice","article_published_time":"2020-01-27T14:32:07+00:00","article_modified_time":"2020-01-29T16:45:58+00:00","og_image":[{"width":705,"height":540,"url":"https:\/\/paca.lpo.fr\/blogs\/nice\/files\/2020\/01\/blogune.jpg","type":"image\/jpeg"}],"author":"Groupe local Paillon-B\u00e9v\u00e9ra","twitter_card":"summary_large_image","twitter_misc":{"\u00c9crit par":"Groupe local Paillon-B\u00e9v\u00e9ra","Dur\u00e9e de lecture estim\u00e9e":"1 minute"},"schema":{"@context":"https:\/\/schema.org","@graph":[{"@type":"Article","@id":"https:\/\/paca.lpo.fr\/blogs\/nice\/2020\/01\/27\/comptage-national-oiseaux-des-jardins-a-menton\/#article","isPartOf":{"@id":"https:\/\/paca.lpo.fr\/blogs\/nice\/2020\/01\/27\/comptage-national-oiseaux-des-jardins-a-menton\/"},"author":{"name":"Groupe local Paillon-B\u00e9v\u00e9ra","@id":"https:\/\/paca.lpo.fr\/blogs\/nice\/#\/schema\/person\/1bda33335fb71e0b3552487db26a4c56"},"headline":"Comptage national oiseaux des jardins \u00e0 Menton","datePublished":"2020-01-27T14:32:07+00:00","dateModified":"2020-01-29T16:45:58+00:00","mainEntityOfPage":{"@id":"https:\/\/paca.lpo.fr\/blogs\/nice\/2020\/01\/27\/comptage-national-oiseaux-des-jardins-a-menton\/"},"wordCount":170,"commentCount":0,"publisher":{"@id":"https:\/\/paca.lpo.fr\/blogs\/nice\/#organization"},"image":{"@id":"https:\/\/paca.lpo.fr\/blogs\/nice\/2020\/01\/27\/comptage-national-oiseaux-des-jardins-a-menton\/#primaryimage"},"thumbnailUrl":"https:\/\/paca.lpo.fr\/blogs\/nice\/files\/2020\/01\/blogune.jpg","articleSection":["Grands \u00e9v\u00e8nements"],"inLanguage":"fr-FR","potentialAction":[{"@type":"CommentAction","name":"Comment","target":["https:\/\/paca.lpo.fr\/blogs\/nice\/2020\/01\/27\/comptage-national-oiseaux-des-jardins-a-menton\/#respond"]}]},{"@type":"WebPage","@id":"https:\/\/paca.lpo.fr\/blogs\/nice\/2020\/01\/27\/comptage-national-oiseaux-des-jardins-a-menton\/","url":"https:\/\/paca.lpo.fr\/blogs\/nice\/2020\/01\/27\/comptage-national-oiseaux-des-jardins-a-menton\/","name":"Comptage national oiseaux des jardins \u00e0 Menton - Groupe local Nice","isPartOf":{"@id":"https:\/\/paca.lpo.fr\/blogs\/nice\/#website"},"primaryImageOfPage":{"@id":"https:\/\/paca.lpo.fr\/blogs\/nice\/2020\/01\/27\/comptage-national-oiseaux-des-jardins-a-menton\/#primaryimage"},"image":{"@id":"https:\/\/paca.lpo.fr\/blogs\/nice\/2020\/01\/27\/comptage-national-oiseaux-des-jardins-a-menton\/#primaryimage"},"thumbnailUrl":"https:\/\/paca.lpo.fr\/blogs\/nice\/files\/2020\/01\/blogune.jpg","datePublished":"2020-01-27T14:32:07+00:00","dateModified":"2020-01-29T16:45:58+00:00","breadcrumb":{"@id":"https:\/\/paca.lpo.fr\/blogs\/nice\/2020\/01\/27\/comptage-national-oiseaux-des-jardins-a-menton\/#breadcrumb"},"inLanguage":"fr-FR","potentialAction":[{"@type":"ReadAction","target":["https:\/\/paca.lpo.fr\/blogs\/nice\/2020\/01\/27\/comptage-national-oiseaux-des-jardins-a-menton\/"]}]},{"@type":"ImageObject","inLanguage":"fr-FR","@id":"https:\/\/paca.lpo.fr\/blogs\/nice\/2020\/01\/27\/comptage-national-oiseaux-des-jardins-a-menton\/#primaryimage","url":"https:\/\/paca.lpo.fr\/blogs\/nice\/files\/2020\/01\/blogune.jpg","contentUrl":"https:\/\/paca.lpo.fr\/blogs\/nice\/files\/2020\/01\/blogune.jpg","width":705,"height":540},{"@type":"BreadcrumbList","@id":"https:\/\/paca.lpo.fr\/blogs\/nice\/2020\/01\/27\/comptage-national-oiseaux-des-jardins-a-menton\/#breadcrumb","itemListElement":[{"@type":"ListItem","position":1,"name":"Accueil","item":"https:\/\/paca.lpo.fr\/blogs\/nice\/"},{"@type":"ListItem","position":2,"name":"Comptage national oiseaux des jardins \u00e0 Menton"}]},{"@type":"WebSite","@id":"https:\/\/paca.lpo.fr\/blogs\/nice\/#website","url":"https:\/\/paca.lpo.fr\/blogs\/nice\/","name":"Groupe local Nice","description":"Groupe local Nice","publisher":{"@id":"https:\/\/paca.lpo.fr\/blogs\/nice\/#organization"},"potentialAction":[{"@type":"SearchAction","target":{"@type":"EntryPoint","urlTemplate":"https:\/\/paca.lpo.fr\/blogs\/nice\/?s={search_term_string}"},"query-input":{"@type":"PropertyValueSpecification","valueRequired":true,"valueName":"search_term_string"}}],"inLanguage":"fr-FR"},{"@type":"Organization","@id":"https:\/\/paca.lpo.fr\/blogs\/nice\/#organization","name":"Groupe local Nice","url":"https:\/\/paca.lpo.fr\/blogs\/nice\/","logo":{"@type":"ImageObject","inLanguage":"fr-FR","@id":"https:\/\/paca.lpo.fr\/blogs\/nice\/#\/schema\/logo\/image\/","url":"https:\/\/paca.lpo.fr\/blogs\/nice\/files\/2024\/01\/cropped-rvb-lpo-paca-logotype-signature-droite-mini-500.jpg","contentUrl":"https:\/\/paca.lpo.fr\/blogs\/nice\/files\/2024\/01\/cropped-rvb-lpo-paca-logotype-signature-droite-mini-500.jpg","width":500,"height":210,"caption":"Groupe local Nice"},"image":{"@id":"https:\/\/paca.lpo.fr\/blogs\/nice\/#\/schema\/logo\/image\/"}},{"@type":"Person","@id":"https:\/\/paca.lpo.fr\/blogs\/nice\/#\/schema\/person\/1bda33335fb71e0b3552487db26a4c56","name":"Groupe local Paillon-B\u00e9v\u00e9ra","image":{"@type":"ImageObject","inLanguage":"fr-FR","@id":"https:\/\/secure.gravatar.com\/avatar\/b1ee285506e2cb880ec988990d360e255aecb31c77212741dace1023623610c2?s=96&d=mm&r=g","url":"https:\/\/secure.gravatar.com\/avatar\/b1ee285506e2cb880ec988990d360e255aecb31c77212741dace1023623610c2?s=96&d=mm&r=g","contentUrl":"https:\/\/secure.gravatar.com\/avatar\/b1ee285506e2cb880ec988990d360e255aecb31c77212741dace1023623610c2?s=96&d=mm&r=g","caption":"Groupe local Paillon-B\u00e9v\u00e9ra"},"url":"https:\/\/paca.lpo.fr\/blogs\/nice\/author\/alpesmaritimesest\/"}]}},"jetpack_featured_media_url":"https:\/\/paca.lpo.fr\/blogs\/nice\/files\/2020\/01\/blogune.jpg","_links":{"self":[{"href":"https:\/\/paca.lpo.fr\/blogs\/nice\/wp-json\/wp\/v2\/posts\/2947","targetHints":{"allow":["GET"]}}],"collection":[{"href":"https:\/\/paca.lpo.fr\/blogs\/nice\/wp-json\/wp\/v2\/posts"}],"about":[{"href":"https:\/\/paca.lpo.fr\/blogs\/nice\/wp-json\/wp\/v2\/types\/post"}],"author":[{"embeddable":true,"href":"https:\/\/paca.lpo.fr\/blogs\/nice\/wp-json\/wp\/v2\/users\/15"}],"replies":[{"embeddable":true,"href":"https:\/\/paca.lpo.fr\/blogs\/nice\/wp-json\/wp\/v2\/comments?post=2947"}],"version-history":[{"count":2,"href":"https:\/\/paca.lpo.fr\/blogs\/nice\/wp-json\/wp\/v2\/posts\/2947\/revisions"}],"predecessor-version":[{"id":2964,"href":"https:\/\/paca.lpo.fr\/blogs\/nice\/wp-json\/wp\/v2\/posts\/2947\/revisions\/2964"}],"wp:featuredmedia":[{"embeddable":true,"href":"https:\/\/paca.lpo.fr\/blogs\/nice\/wp-json\/wp\/v2\/media\/2957"}],"wp:attachment":[{"href":"https:\/\/paca.lpo.fr\/blogs\/nice\/wp-json\/wp\/v2\/media?parent=2947"}],"wp:term":[{"taxonomy":"category","embeddable":true,"href":"https:\/\/paca.lpo.fr\/blogs\/nice\/wp-json\/wp\/v2\/categories?post=2947"},{"taxonomy":"post_tag","embeddable":true,"href":"https:\/\/paca.lpo.fr\/blogs\/nice\/wp-json\/wp\/v2\/tags?post=2947"}],"curies":[{"name":"wp","href":"https:\/\/api.w.org\/{rel}","templated":true}]}}