{"id":2996,"date":"2020-02-24T17:03:03","date_gmt":"2020-02-24T16:03:03","guid":{"rendered":"https:\/\/paca.lpo.fr\/blogs\/nice\/?p=2996"},"modified":"2020-02-24T17:03:05","modified_gmt":"2020-02-24T16:03:05","slug":"sortie-nature-au-mont-macaron-le-23-fevrier","status":"publish","type":"post","link":"https:\/\/paca.lpo.fr\/blogs\/nice\/2020\/02\/24\/sortie-nature-au-mont-macaron-le-23-fevrier\/","title":{"rendered":"Sortie nature au Mont Macaron le 23 f\u00e9vrier"},"content":{"rendered":"\n<p>Notre rendez-vous pour le rassemblement des participants se fait tranquillement sur la Parking d\u2019Auchan \u00e0 la Trinit\u00e9\u2026 De l\u00e0 nous nous rendons \u00e0 notre point de d\u00e9part p\u00e9destre, \u00e0 savoir le Col de Ch\u00e2teauneuf. Le premier oiseau vu d\u00e8s notre sortie des voitures, c\u2019est le Verdier d\u2019Europe, dont nous pouvons prendre la photo malgr\u00e9 une lumi\u00e8re encore faible\u2026 Poursuivant notre chemin nous sommes d\u2019abord tr\u00e8s g\u00ean\u00e9s par de nombreux drones, car cet endroit semble plaire aux habitants du lieu pour s\u2019y distraire\u2026 Un peu plus loin, avec un peu de calme, nous verrons des Pinsons des arbres, des Rouges Gorges, d\u2019abord entendus\u2026 un peu plus loin prenant la petite cr\u00eate, nous verrons aussi des Grands Corbeaux\u2026 Passent aussi des Hirondelles de rochers\u2026 Et encore chants de M\u00e9sanges Charbonni\u00e8res\u2026<br \/>Progressant jusqu\u2019\u00e0 un lieu qui nous semble possible pour prendre notre repas, nous nous restaurons paisiblement. Sur le chemin du retour nous voyons aussi des Craves \u00e0 Bec rouge, encore des Corbeaux\u2026 Nous profitons aussi de la beaut\u00e9 du paysage puisque nous avons une vue tr\u00e8s \u00e9tendue sur tout le massif du Mercantour.<br \/>Je crois que tout le monde \u00e9tait content de cette belle journ\u00e9e pass\u00e9e ensemble. A bient\u00f4t, Bernard.<\/p>\n\n\n\n<figure class=\"wp-block-image size-large\"><img loading=\"lazy\" decoding=\"async\" width=\"808\" height=\"614\" src=\"https:\/\/paca.lpo.fr\/blogs\/nice\/files\/2020\/02\/img-20200223-110732.jpg\" alt=\"\" class=\"wp-image-2998\" srcset=\"https:\/\/paca.lpo.fr\/blogs\/nice\/files\/2020\/02\/img-20200223-110732.jpg 808w, https:\/\/paca.lpo.fr\/blogs\/nice\/files\/2020\/02\/img-20200223-110732-480x365.jpg 480w, https:\/\/paca.lpo.fr\/blogs\/nice\/files\/2020\/02\/img-20200223-110732-768x584.jpg 768w\" sizes=\"auto, (max-width: 808px) 100vw, 808px\" \/><\/figure>\n\n\n\n<figure class=\"wp-block-image size-large\"><img loading=\"lazy\" decoding=\"async\" width=\"800\" height=\"600\" src=\"https:\/\/paca.lpo.fr\/blogs\/nice\/files\/2020\/02\/img-20200223-110756.jpg\" alt=\"\" class=\"wp-image-2999\" srcset=\"https:\/\/paca.lpo.fr\/blogs\/nice\/files\/2020\/02\/img-20200223-110756.jpg 800w, https:\/\/paca.lpo.fr\/blogs\/nice\/files\/2020\/02\/img-20200223-110756-480x360.jpg 480w, https:\/\/paca.lpo.fr\/blogs\/nice\/files\/2020\/02\/img-20200223-110756-768x576.jpg 768w\" sizes=\"auto, (max-width: 800px) 100vw, 800px\" \/><\/figure>\n\n\n\n<figure class=\"wp-block-image size-large\"><img loading=\"lazy\" decoding=\"async\" width=\"810\" height=\"608\" src=\"https:\/\/paca.lpo.fr\/blogs\/nice\/files\/2020\/02\/img-20200223-131202.jpg\" alt=\"\" class=\"wp-image-3000\" srcset=\"https:\/\/paca.lpo.fr\/blogs\/nice\/files\/2020\/02\/img-20200223-131202.jpg 810w, https:\/\/paca.lpo.fr\/blogs\/nice\/files\/2020\/02\/img-20200223-131202-480x360.jpg 480w, https:\/\/paca.lpo.fr\/blogs\/nice\/files\/2020\/02\/img-20200223-131202-768x576.jpg 768w\" sizes=\"auto, (max-width: 810px) 100vw, 810px\" \/><\/figure>\n","protected":false},"excerpt":{"rendered":"","protected":false},"author":15,"featured_media":2997,"comment_status":"open","ping_status":"open","sticky":false,"template":"","format":"standard","meta":{"footnotes":""},"categories":[80],"tags":[],"class_list":["post-2996","post","type-post","status-publish","format-standard","has-post-thumbnail","hentry","category-sorties-nature-2"],"yoast_head":"<!-- This site is optimized with the Yoast SEO plugin v28.3 - https:\/\/yoast.com\/product\/yoast-seo-wordpress\/ -->\n<title>Sortie nature au Mont Macaron le 23 f\u00e9vrier - Groupe local Nice<\/title>\n<meta name=\"robots\" content=\"index, follow, max-snippet:-1, max-image-preview:large, max-video-preview:-1\" \/>\n<link rel=\"canonical\" href=\"https:\/\/paca.lpo.fr\/blogs\/nice\/2020\/02\/24\/sortie-nature-au-mont-macaron-le-23-fevrier\/\" \/>\n<meta property=\"og:locale\" content=\"fr_FR\" \/>\n<meta property=\"og:type\" content=\"article\" \/>\n<meta property=\"og:title\" content=\"Sortie nature au Mont Macaron le 23 f\u00e9vrier - Groupe local Nice\" \/>\n<meta property=\"og:url\" content=\"https:\/\/paca.lpo.fr\/blogs\/nice\/2020\/02\/24\/sortie-nature-au-mont-macaron-le-23-fevrier\/\" \/>\n<meta property=\"og:site_name\" content=\"Groupe local Nice\" \/>\n<meta property=\"article:published_time\" content=\"2020-02-24T16:03:03+00:00\" \/>\n<meta property=\"article:modified_time\" content=\"2020-02-24T16:03:05+00:00\" \/>\n<meta property=\"og:image\" content=\"https:\/\/paca.lpo.fr\/blogs\/nice\/files\/2020\/02\/img-20200223-095131.jpg\" \/>\n\t<meta property=\"og:image:width\" content=\"808\" \/>\n\t<meta property=\"og:image:height\" content=\"606\" \/>\n\t<meta property=\"og:image:type\" content=\"image\/jpeg\" \/>\n<meta name=\"author\" content=\"Groupe local Paillon-B\u00e9v\u00e9ra\" \/>\n<meta name=\"twitter:card\" content=\"summary_large_image\" \/>\n<meta name=\"twitter:label1\" content=\"\u00c9crit par\" \/>\n\t<meta name=\"twitter:data1\" content=\"Groupe local Paillon-B\u00e9v\u00e9ra\" \/>\n\t<meta name=\"twitter:label2\" content=\"Dur\u00e9e de lecture estim\u00e9e\" \/>\n\t<meta name=\"twitter:data2\" content=\"1 minute\" \/>\n<script type=\"application\/ld+json\" class=\"yoast-schema-graph\">{\"@context\":\"https:\\\/\\\/schema.org\",\"@graph\":[{\"@type\":\"Article\",\"@id\":\"https:\\\/\\\/paca.lpo.fr\\\/blogs\\\/nice\\\/2020\\\/02\\\/24\\\/sortie-nature-au-mont-macaron-le-23-fevrier\\\/#article\",\"isPartOf\":{\"@id\":\"https:\\\/\\\/paca.lpo.fr\\\/blogs\\\/nice\\\/2020\\\/02\\\/24\\\/sortie-nature-au-mont-macaron-le-23-fevrier\\\/\"},\"author\":{\"name\":\"Groupe local Paillon-B\u00e9v\u00e9ra\",\"@id\":\"https:\\\/\\\/paca.lpo.fr\\\/blogs\\\/nice\\\/#\\\/schema\\\/person\\\/1bda33335fb71e0b3552487db26a4c56\"},\"headline\":\"Sortie nature au Mont Macaron le 23 f\u00e9vrier\",\"datePublished\":\"2020-02-24T16:03:03+00:00\",\"dateModified\":\"2020-02-24T16:03:05+00:00\",\"mainEntityOfPage\":{\"@id\":\"https:\\\/\\\/paca.lpo.fr\\\/blogs\\\/nice\\\/2020\\\/02\\\/24\\\/sortie-nature-au-mont-macaron-le-23-fevrier\\\/\"},\"wordCount\":223,\"commentCount\":0,\"publisher\":{\"@id\":\"https:\\\/\\\/paca.lpo.fr\\\/blogs\\\/nice\\\/#organization\"},\"image\":{\"@id\":\"https:\\\/\\\/paca.lpo.fr\\\/blogs\\\/nice\\\/2020\\\/02\\\/24\\\/sortie-nature-au-mont-macaron-le-23-fevrier\\\/#primaryimage\"},\"thumbnailUrl\":\"https:\\\/\\\/paca.lpo.fr\\\/blogs\\\/nice\\\/files\\\/2020\\\/02\\\/img-20200223-095131.jpg\",\"articleSection\":[\"Sorties nature\"],\"inLanguage\":\"fr-FR\",\"potentialAction\":[{\"@type\":\"CommentAction\",\"name\":\"Comment\",\"target\":[\"https:\\\/\\\/paca.lpo.fr\\\/blogs\\\/nice\\\/2020\\\/02\\\/24\\\/sortie-nature-au-mont-macaron-le-23-fevrier\\\/#respond\"]}]},{\"@type\":\"WebPage\",\"@id\":\"https:\\\/\\\/paca.lpo.fr\\\/blogs\\\/nice\\\/2020\\\/02\\\/24\\\/sortie-nature-au-mont-macaron-le-23-fevrier\\\/\",\"url\":\"https:\\\/\\\/paca.lpo.fr\\\/blogs\\\/nice\\\/2020\\\/02\\\/24\\\/sortie-nature-au-mont-macaron-le-23-fevrier\\\/\",\"name\":\"Sortie nature au Mont Macaron le 23 f\u00e9vrier - Groupe local Nice\",\"isPartOf\":{\"@id\":\"https:\\\/\\\/paca.lpo.fr\\\/blogs\\\/nice\\\/#website\"},\"primaryImageOfPage\":{\"@id\":\"https:\\\/\\\/paca.lpo.fr\\\/blogs\\\/nice\\\/2020\\\/02\\\/24\\\/sortie-nature-au-mont-macaron-le-23-fevrier\\\/#primaryimage\"},\"image\":{\"@id\":\"https:\\\/\\\/paca.lpo.fr\\\/blogs\\\/nice\\\/2020\\\/02\\\/24\\\/sortie-nature-au-mont-macaron-le-23-fevrier\\\/#primaryimage\"},\"thumbnailUrl\":\"https:\\\/\\\/paca.lpo.fr\\\/blogs\\\/nice\\\/files\\\/2020\\\/02\\\/img-20200223-095131.jpg\",\"datePublished\":\"2020-02-24T16:03:03+00:00\",\"dateModified\":\"2020-02-24T16:03:05+00:00\",\"breadcrumb\":{\"@id\":\"https:\\\/\\\/paca.lpo.fr\\\/blogs\\\/nice\\\/2020\\\/02\\\/24\\\/sortie-nature-au-mont-macaron-le-23-fevrier\\\/#breadcrumb\"},\"inLanguage\":\"fr-FR\",\"potentialAction\":[{\"@type\":\"ReadAction\",\"target\":[\"https:\\\/\\\/paca.lpo.fr\\\/blogs\\\/nice\\\/2020\\\/02\\\/24\\\/sortie-nature-au-mont-macaron-le-23-fevrier\\\/\"]}]},{\"@type\":\"ImageObject\",\"inLanguage\":\"fr-FR\",\"@id\":\"https:\\\/\\\/paca.lpo.fr\\\/blogs\\\/nice\\\/2020\\\/02\\\/24\\\/sortie-nature-au-mont-macaron-le-23-fevrier\\\/#primaryimage\",\"url\":\"https:\\\/\\\/paca.lpo.fr\\\/blogs\\\/nice\\\/files\\\/2020\\\/02\\\/img-20200223-095131.jpg\",\"contentUrl\":\"https:\\\/\\\/paca.lpo.fr\\\/blogs\\\/nice\\\/files\\\/2020\\\/02\\\/img-20200223-095131.jpg\",\"width\":808,\"height\":606},{\"@type\":\"BreadcrumbList\",\"@id\":\"https:\\\/\\\/paca.lpo.fr\\\/blogs\\\/nice\\\/2020\\\/02\\\/24\\\/sortie-nature-au-mont-macaron-le-23-fevrier\\\/#breadcrumb\",\"itemListElement\":[{\"@type\":\"ListItem\",\"position\":1,\"name\":\"Accueil\",\"item\":\"https:\\\/\\\/paca.lpo.fr\\\/blogs\\\/nice\\\/\"},{\"@type\":\"ListItem\",\"position\":2,\"name\":\"Sortie nature au Mont Macaron le 23 f\u00e9vrier\"}]},{\"@type\":\"WebSite\",\"@id\":\"https:\\\/\\\/paca.lpo.fr\\\/blogs\\\/nice\\\/#website\",\"url\":\"https:\\\/\\\/paca.lpo.fr\\\/blogs\\\/nice\\\/\",\"name\":\"Groupe local Nice\",\"description\":\"Groupe local Nice\",\"publisher\":{\"@id\":\"https:\\\/\\\/paca.lpo.fr\\\/blogs\\\/nice\\\/#organization\"},\"potentialAction\":[{\"@type\":\"SearchAction\",\"target\":{\"@type\":\"EntryPoint\",\"urlTemplate\":\"https:\\\/\\\/paca.lpo.fr\\\/blogs\\\/nice\\\/?s={search_term_string}\"},\"query-input\":{\"@type\":\"PropertyValueSpecification\",\"valueRequired\":true,\"valueName\":\"search_term_string\"}}],\"inLanguage\":\"fr-FR\"},{\"@type\":\"Organization\",\"@id\":\"https:\\\/\\\/paca.lpo.fr\\\/blogs\\\/nice\\\/#organization\",\"name\":\"Groupe local Nice\",\"url\":\"https:\\\/\\\/paca.lpo.fr\\\/blogs\\\/nice\\\/\",\"logo\":{\"@type\":\"ImageObject\",\"inLanguage\":\"fr-FR\",\"@id\":\"https:\\\/\\\/paca.lpo.fr\\\/blogs\\\/nice\\\/#\\\/schema\\\/logo\\\/image\\\/\",\"url\":\"https:\\\/\\\/paca.lpo.fr\\\/blogs\\\/nice\\\/files\\\/2024\\\/01\\\/cropped-rvb-lpo-paca-logotype-signature-droite-mini-500.jpg\",\"contentUrl\":\"https:\\\/\\\/paca.lpo.fr\\\/blogs\\\/nice\\\/files\\\/2024\\\/01\\\/cropped-rvb-lpo-paca-logotype-signature-droite-mini-500.jpg\",\"width\":500,\"height\":210,\"caption\":\"Groupe local Nice\"},\"image\":{\"@id\":\"https:\\\/\\\/paca.lpo.fr\\\/blogs\\\/nice\\\/#\\\/schema\\\/logo\\\/image\\\/\"}},{\"@type\":\"Person\",\"@id\":\"https:\\\/\\\/paca.lpo.fr\\\/blogs\\\/nice\\\/#\\\/schema\\\/person\\\/1bda33335fb71e0b3552487db26a4c56\",\"name\":\"Groupe local Paillon-B\u00e9v\u00e9ra\",\"image\":{\"@type\":\"ImageObject\",\"inLanguage\":\"fr-FR\",\"@id\":\"https:\\\/\\\/secure.gravatar.com\\\/avatar\\\/b1ee285506e2cb880ec988990d360e255aecb31c77212741dace1023623610c2?s=96&d=mm&r=g\",\"url\":\"https:\\\/\\\/secure.gravatar.com\\\/avatar\\\/b1ee285506e2cb880ec988990d360e255aecb31c77212741dace1023623610c2?s=96&d=mm&r=g\",\"contentUrl\":\"https:\\\/\\\/secure.gravatar.com\\\/avatar\\\/b1ee285506e2cb880ec988990d360e255aecb31c77212741dace1023623610c2?s=96&d=mm&r=g\",\"caption\":\"Groupe local Paillon-B\u00e9v\u00e9ra\"},\"url\":\"https:\\\/\\\/paca.lpo.fr\\\/blogs\\\/nice\\\/author\\\/alpesmaritimesest\\\/\"}]}<\/script>\n<!-- \/ Yoast SEO plugin. -->","yoast_head_json":{"title":"Sortie nature au Mont Macaron le 23 f\u00e9vrier - Groupe local Nice","robots":{"index":"index","follow":"follow","max-snippet":"max-snippet:-1","max-image-preview":"max-image-preview:large","max-video-preview":"max-video-preview:-1"},"canonical":"https:\/\/paca.lpo.fr\/blogs\/nice\/2020\/02\/24\/sortie-nature-au-mont-macaron-le-23-fevrier\/","og_locale":"fr_FR","og_type":"article","og_title":"Sortie nature au Mont Macaron le 23 f\u00e9vrier - Groupe local Nice","og_url":"https:\/\/paca.lpo.fr\/blogs\/nice\/2020\/02\/24\/sortie-nature-au-mont-macaron-le-23-fevrier\/","og_site_name":"Groupe local Nice","article_published_time":"2020-02-24T16:03:03+00:00","article_modified_time":"2020-02-24T16:03:05+00:00","og_image":[{"width":808,"height":606,"url":"https:\/\/paca.lpo.fr\/blogs\/nice\/files\/2020\/02\/img-20200223-095131.jpg","type":"image\/jpeg"}],"author":"Groupe local Paillon-B\u00e9v\u00e9ra","twitter_card":"summary_large_image","twitter_misc":{"\u00c9crit par":"Groupe local Paillon-B\u00e9v\u00e9ra","Dur\u00e9e de lecture estim\u00e9e":"1 minute"},"schema":{"@context":"https:\/\/schema.org","@graph":[{"@type":"Article","@id":"https:\/\/paca.lpo.fr\/blogs\/nice\/2020\/02\/24\/sortie-nature-au-mont-macaron-le-23-fevrier\/#article","isPartOf":{"@id":"https:\/\/paca.lpo.fr\/blogs\/nice\/2020\/02\/24\/sortie-nature-au-mont-macaron-le-23-fevrier\/"},"author":{"name":"Groupe local Paillon-B\u00e9v\u00e9ra","@id":"https:\/\/paca.lpo.fr\/blogs\/nice\/#\/schema\/person\/1bda33335fb71e0b3552487db26a4c56"},"headline":"Sortie nature au Mont Macaron le 23 f\u00e9vrier","datePublished":"2020-02-24T16:03:03+00:00","dateModified":"2020-02-24T16:03:05+00:00","mainEntityOfPage":{"@id":"https:\/\/paca.lpo.fr\/blogs\/nice\/2020\/02\/24\/sortie-nature-au-mont-macaron-le-23-fevrier\/"},"wordCount":223,"commentCount":0,"publisher":{"@id":"https:\/\/paca.lpo.fr\/blogs\/nice\/#organization"},"image":{"@id":"https:\/\/paca.lpo.fr\/blogs\/nice\/2020\/02\/24\/sortie-nature-au-mont-macaron-le-23-fevrier\/#primaryimage"},"thumbnailUrl":"https:\/\/paca.lpo.fr\/blogs\/nice\/files\/2020\/02\/img-20200223-095131.jpg","articleSection":["Sorties nature"],"inLanguage":"fr-FR","potentialAction":[{"@type":"CommentAction","name":"Comment","target":["https:\/\/paca.lpo.fr\/blogs\/nice\/2020\/02\/24\/sortie-nature-au-mont-macaron-le-23-fevrier\/#respond"]}]},{"@type":"WebPage","@id":"https:\/\/paca.lpo.fr\/blogs\/nice\/2020\/02\/24\/sortie-nature-au-mont-macaron-le-23-fevrier\/","url":"https:\/\/paca.lpo.fr\/blogs\/nice\/2020\/02\/24\/sortie-nature-au-mont-macaron-le-23-fevrier\/","name":"Sortie nature au Mont Macaron le 23 f\u00e9vrier - Groupe local Nice","isPartOf":{"@id":"https:\/\/paca.lpo.fr\/blogs\/nice\/#website"},"primaryImageOfPage":{"@id":"https:\/\/paca.lpo.fr\/blogs\/nice\/2020\/02\/24\/sortie-nature-au-mont-macaron-le-23-fevrier\/#primaryimage"},"image":{"@id":"https:\/\/paca.lpo.fr\/blogs\/nice\/2020\/02\/24\/sortie-nature-au-mont-macaron-le-23-fevrier\/#primaryimage"},"thumbnailUrl":"https:\/\/paca.lpo.fr\/blogs\/nice\/files\/2020\/02\/img-20200223-095131.jpg","datePublished":"2020-02-24T16:03:03+00:00","dateModified":"2020-02-24T16:03:05+00:00","breadcrumb":{"@id":"https:\/\/paca.lpo.fr\/blogs\/nice\/2020\/02\/24\/sortie-nature-au-mont-macaron-le-23-fevrier\/#breadcrumb"},"inLanguage":"fr-FR","potentialAction":[{"@type":"ReadAction","target":["https:\/\/paca.lpo.fr\/blogs\/nice\/2020\/02\/24\/sortie-nature-au-mont-macaron-le-23-fevrier\/"]}]},{"@type":"ImageObject","inLanguage":"fr-FR","@id":"https:\/\/paca.lpo.fr\/blogs\/nice\/2020\/02\/24\/sortie-nature-au-mont-macaron-le-23-fevrier\/#primaryimage","url":"https:\/\/paca.lpo.fr\/blogs\/nice\/files\/2020\/02\/img-20200223-095131.jpg","contentUrl":"https:\/\/paca.lpo.fr\/blogs\/nice\/files\/2020\/02\/img-20200223-095131.jpg","width":808,"height":606},{"@type":"BreadcrumbList","@id":"https:\/\/paca.lpo.fr\/blogs\/nice\/2020\/02\/24\/sortie-nature-au-mont-macaron-le-23-fevrier\/#breadcrumb","itemListElement":[{"@type":"ListItem","position":1,"name":"Accueil","item":"https:\/\/paca.lpo.fr\/blogs\/nice\/"},{"@type":"ListItem","position":2,"name":"Sortie nature au Mont Macaron le 23 f\u00e9vrier"}]},{"@type":"WebSite","@id":"https:\/\/paca.lpo.fr\/blogs\/nice\/#website","url":"https:\/\/paca.lpo.fr\/blogs\/nice\/","name":"Groupe local Nice","description":"Groupe local Nice","publisher":{"@id":"https:\/\/paca.lpo.fr\/blogs\/nice\/#organization"},"potentialAction":[{"@type":"SearchAction","target":{"@type":"EntryPoint","urlTemplate":"https:\/\/paca.lpo.fr\/blogs\/nice\/?s={search_term_string}"},"query-input":{"@type":"PropertyValueSpecification","valueRequired":true,"valueName":"search_term_string"}}],"inLanguage":"fr-FR"},{"@type":"Organization","@id":"https:\/\/paca.lpo.fr\/blogs\/nice\/#organization","name":"Groupe local Nice","url":"https:\/\/paca.lpo.fr\/blogs\/nice\/","logo":{"@type":"ImageObject","inLanguage":"fr-FR","@id":"https:\/\/paca.lpo.fr\/blogs\/nice\/#\/schema\/logo\/image\/","url":"https:\/\/paca.lpo.fr\/blogs\/nice\/files\/2024\/01\/cropped-rvb-lpo-paca-logotype-signature-droite-mini-500.jpg","contentUrl":"https:\/\/paca.lpo.fr\/blogs\/nice\/files\/2024\/01\/cropped-rvb-lpo-paca-logotype-signature-droite-mini-500.jpg","width":500,"height":210,"caption":"Groupe local Nice"},"image":{"@id":"https:\/\/paca.lpo.fr\/blogs\/nice\/#\/schema\/logo\/image\/"}},{"@type":"Person","@id":"https:\/\/paca.lpo.fr\/blogs\/nice\/#\/schema\/person\/1bda33335fb71e0b3552487db26a4c56","name":"Groupe local Paillon-B\u00e9v\u00e9ra","image":{"@type":"ImageObject","inLanguage":"fr-FR","@id":"https:\/\/secure.gravatar.com\/avatar\/b1ee285506e2cb880ec988990d360e255aecb31c77212741dace1023623610c2?s=96&d=mm&r=g","url":"https:\/\/secure.gravatar.com\/avatar\/b1ee285506e2cb880ec988990d360e255aecb31c77212741dace1023623610c2?s=96&d=mm&r=g","contentUrl":"https:\/\/secure.gravatar.com\/avatar\/b1ee285506e2cb880ec988990d360e255aecb31c77212741dace1023623610c2?s=96&d=mm&r=g","caption":"Groupe local Paillon-B\u00e9v\u00e9ra"},"url":"https:\/\/paca.lpo.fr\/blogs\/nice\/author\/alpesmaritimesest\/"}]}},"jetpack_featured_media_url":"https:\/\/paca.lpo.fr\/blogs\/nice\/files\/2020\/02\/img-20200223-095131.jpg","_links":{"self":[{"href":"https:\/\/paca.lpo.fr\/blogs\/nice\/wp-json\/wp\/v2\/posts\/2996","targetHints":{"allow":["GET"]}}],"collection":[{"href":"https:\/\/paca.lpo.fr\/blogs\/nice\/wp-json\/wp\/v2\/posts"}],"about":[{"href":"https:\/\/paca.lpo.fr\/blogs\/nice\/wp-json\/wp\/v2\/types\/post"}],"author":[{"embeddable":true,"href":"https:\/\/paca.lpo.fr\/blogs\/nice\/wp-json\/wp\/v2\/users\/15"}],"replies":[{"embeddable":true,"href":"https:\/\/paca.lpo.fr\/blogs\/nice\/wp-json\/wp\/v2\/comments?post=2996"}],"version-history":[{"count":1,"href":"https:\/\/paca.lpo.fr\/blogs\/nice\/wp-json\/wp\/v2\/posts\/2996\/revisions"}],"predecessor-version":[{"id":3001,"href":"https:\/\/paca.lpo.fr\/blogs\/nice\/wp-json\/wp\/v2\/posts\/2996\/revisions\/3001"}],"wp:featuredmedia":[{"embeddable":true,"href":"https:\/\/paca.lpo.fr\/blogs\/nice\/wp-json\/wp\/v2\/media\/2997"}],"wp:attachment":[{"href":"https:\/\/paca.lpo.fr\/blogs\/nice\/wp-json\/wp\/v2\/media?parent=2996"}],"wp:term":[{"taxonomy":"category","embeddable":true,"href":"https:\/\/paca.lpo.fr\/blogs\/nice\/wp-json\/wp\/v2\/categories?post=2996"},{"taxonomy":"post_tag","embeddable":true,"href":"https:\/\/paca.lpo.fr\/blogs\/nice\/wp-json\/wp\/v2\/tags?post=2996"}],"curies":[{"name":"wp","href":"https:\/\/api.w.org\/{rel}","templated":true}]}}