{"id":3018,"date":"2020-03-16T15:14:06","date_gmt":"2020-03-16T14:14:06","guid":{"rendered":"https:\/\/paca.lpo.fr\/blogs\/nice\/?p=3018"},"modified":"2020-03-16T15:17:27","modified_gmt":"2020-03-16T14:17:27","slug":"sortie-dobservation-a-chateauneuf-de-villevieille-le-11-mars","status":"publish","type":"post","link":"https:\/\/paca.lpo.fr\/blogs\/nice\/2020\/03\/16\/sortie-dobservation-a-chateauneuf-de-villevieille-le-11-mars\/","title":{"rendered":"Sortie d\u2019observation \u00e0 Ch\u00e2teauneuf de Villevieille le 11 mars"},"content":{"rendered":"\n<p>Cette sortie r\u00e9serv\u00e9e aux r\u00e9sidents du foyer de vie pour adultes en situation de handicap \u00e0 L&rsquo;Escar\u00e8ne \u00e0 \u00e9t\u00e9 avanc\u00e9e pour profiter du retour d\u2019Afrique des Circa\u00e8tes Jean-le-Blanc. Sur le chemin qui part des ruines de Ch\u00e2teauneuf de Villevieille les participants ont pu observer des Fauvettes M\u00e9lanoc\u00e9phales, Rougequeues Noirs, M\u00e9sanges, Pinsons, Corneilles, Grands Corbeaux, Craves \u00e0 Bec Rouge, et 2 aigles royaux nous ont survol\u00e9s \u00e0 plusieurs reprises, souvent assez pr\u00e8s.<\/p>\n\n\n\n<figure class=\"wp-block-image size-large\"><img loading=\"lazy\" decoding=\"async\" width=\"960\" height=\"694\" src=\"https:\/\/paca.lpo.fr\/blogs\/nice\/files\/2020\/03\/aigle-960x694.jpg\" alt=\"\" class=\"wp-image-3019\" srcset=\"https:\/\/paca.lpo.fr\/blogs\/nice\/files\/2020\/03\/aigle-960x694.jpg 960w, https:\/\/paca.lpo.fr\/blogs\/nice\/files\/2020\/03\/aigle-480x347.jpg 480w, https:\/\/paca.lpo.fr\/blogs\/nice\/files\/2020\/03\/aigle-768x555.jpg 768w, https:\/\/paca.lpo.fr\/blogs\/nice\/files\/2020\/03\/aigle.jpg 1000w\" sizes=\"auto, (max-width: 960px) 100vw, 960px\" \/><\/figure>\n\n\n\n<p>Les circa\u00e8tes migrateurs n\u2019ont pas \u00e9t\u00e9 nombreux, avec seulement 2 observ\u00e9s.<\/p>\n<p>A l\u2019arriv\u00e9e au Mont Macaron tout le monde a partag\u00e9 un pique-nique au soleil et admir\u00e9 la belle vue \u00e0 360\u00b0.<\/p>\n\n\n\n<figure class=\"wp-block-image size-large\"><img loading=\"lazy\" decoding=\"async\" width=\"929\" height=\"696\" src=\"https:\/\/paca.lpo.fr\/blogs\/nice\/files\/2020\/03\/img-20200311-123841.jpg\" alt=\"\" class=\"wp-image-3020\" srcset=\"https:\/\/paca.lpo.fr\/blogs\/nice\/files\/2020\/03\/img-20200311-123841.jpg 929w, https:\/\/paca.lpo.fr\/blogs\/nice\/files\/2020\/03\/img-20200311-123841-480x360.jpg 480w, https:\/\/paca.lpo.fr\/blogs\/nice\/files\/2020\/03\/img-20200311-123841-768x575.jpg 768w\" sizes=\"auto, (max-width: 929px) 100vw, 929px\" \/><\/figure>\n\n\n\n<figure class=\"wp-block-image size-large\"><img loading=\"lazy\" decoding=\"async\" width=\"951\" height=\"713\" src=\"https:\/\/paca.lpo.fr\/blogs\/nice\/files\/2020\/03\/img-20200311-123804.jpg\" alt=\"\" class=\"wp-image-3023\" srcset=\"https:\/\/paca.lpo.fr\/blogs\/nice\/files\/2020\/03\/img-20200311-123804.jpg 951w, https:\/\/paca.lpo.fr\/blogs\/nice\/files\/2020\/03\/img-20200311-123804-480x360.jpg 480w, https:\/\/paca.lpo.fr\/blogs\/nice\/files\/2020\/03\/img-20200311-123804-768x576.jpg 768w\" sizes=\"auto, (max-width: 951px) 100vw, 951px\" \/><\/figure>\n","protected":false},"excerpt":{"rendered":"","protected":false},"author":15,"featured_media":3021,"comment_status":"open","ping_status":"open","sticky":false,"template":"","format":"standard","meta":{"footnotes":""},"categories":[80],"tags":[],"class_list":["post-3018","post","type-post","status-publish","format-standard","has-post-thumbnail","hentry","category-sorties-nature-2"],"yoast_head":"<!-- This site is optimized with the Yoast SEO plugin v28.3 - https:\/\/yoast.com\/product\/yoast-seo-wordpress\/ -->\n<title>Sortie d\u2019observation \u00e0 Ch\u00e2teauneuf de Villevieille le 11 mars - Groupe local Nice<\/title>\n<meta name=\"robots\" content=\"index, follow, max-snippet:-1, max-image-preview:large, max-video-preview:-1\" \/>\n<link rel=\"canonical\" href=\"https:\/\/paca.lpo.fr\/blogs\/nice\/2020\/03\/16\/sortie-dobservation-a-chateauneuf-de-villevieille-le-11-mars\/\" \/>\n<meta property=\"og:locale\" content=\"fr_FR\" \/>\n<meta property=\"og:type\" content=\"article\" \/>\n<meta property=\"og:title\" content=\"Sortie d\u2019observation \u00e0 Ch\u00e2teauneuf de Villevieille le 11 mars - Groupe local Nice\" \/>\n<meta property=\"og:url\" content=\"https:\/\/paca.lpo.fr\/blogs\/nice\/2020\/03\/16\/sortie-dobservation-a-chateauneuf-de-villevieille-le-11-mars\/\" \/>\n<meta property=\"og:site_name\" content=\"Groupe local Nice\" \/>\n<meta property=\"article:published_time\" content=\"2020-03-16T14:14:06+00:00\" \/>\n<meta property=\"article:modified_time\" content=\"2020-03-16T14:17:27+00:00\" \/>\n<meta property=\"og:image\" content=\"https:\/\/paca.lpo.fr\/blogs\/nice\/files\/2020\/03\/dsc-3053.jpg\" \/>\n\t<meta property=\"og:image:width\" content=\"914\" \/>\n\t<meta property=\"og:image:height\" content=\"609\" \/>\n\t<meta property=\"og:image:type\" content=\"image\/jpeg\" \/>\n<meta name=\"author\" content=\"Groupe local Paillon-B\u00e9v\u00e9ra\" \/>\n<meta name=\"twitter:card\" content=\"summary_large_image\" \/>\n<meta name=\"twitter:label1\" content=\"\u00c9crit par\" \/>\n\t<meta name=\"twitter:data1\" content=\"Groupe local Paillon-B\u00e9v\u00e9ra\" \/>\n\t<meta name=\"twitter:label2\" content=\"Dur\u00e9e de lecture estim\u00e9e\" \/>\n\t<meta name=\"twitter:data2\" content=\"1 minute\" \/>\n<script type=\"application\/ld+json\" class=\"yoast-schema-graph\">{\"@context\":\"https:\\\/\\\/schema.org\",\"@graph\":[{\"@type\":\"Article\",\"@id\":\"https:\\\/\\\/paca.lpo.fr\\\/blogs\\\/nice\\\/2020\\\/03\\\/16\\\/sortie-dobservation-a-chateauneuf-de-villevieille-le-11-mars\\\/#article\",\"isPartOf\":{\"@id\":\"https:\\\/\\\/paca.lpo.fr\\\/blogs\\\/nice\\\/2020\\\/03\\\/16\\\/sortie-dobservation-a-chateauneuf-de-villevieille-le-11-mars\\\/\"},\"author\":{\"name\":\"Groupe local Paillon-B\u00e9v\u00e9ra\",\"@id\":\"https:\\\/\\\/paca.lpo.fr\\\/blogs\\\/nice\\\/#\\\/schema\\\/person\\\/1bda33335fb71e0b3552487db26a4c56\"},\"headline\":\"Sortie d\u2019observation \u00e0 Ch\u00e2teauneuf de Villevieille le 11 mars\",\"datePublished\":\"2020-03-16T14:14:06+00:00\",\"dateModified\":\"2020-03-16T14:17:27+00:00\",\"mainEntityOfPage\":{\"@id\":\"https:\\\/\\\/paca.lpo.fr\\\/blogs\\\/nice\\\/2020\\\/03\\\/16\\\/sortie-dobservation-a-chateauneuf-de-villevieille-le-11-mars\\\/\"},\"wordCount\":123,\"commentCount\":0,\"publisher\":{\"@id\":\"https:\\\/\\\/paca.lpo.fr\\\/blogs\\\/nice\\\/#organization\"},\"image\":{\"@id\":\"https:\\\/\\\/paca.lpo.fr\\\/blogs\\\/nice\\\/2020\\\/03\\\/16\\\/sortie-dobservation-a-chateauneuf-de-villevieille-le-11-mars\\\/#primaryimage\"},\"thumbnailUrl\":\"https:\\\/\\\/paca.lpo.fr\\\/blogs\\\/nice\\\/files\\\/2020\\\/03\\\/dsc-3053.jpg\",\"articleSection\":[\"Sorties nature\"],\"inLanguage\":\"fr-FR\",\"potentialAction\":[{\"@type\":\"CommentAction\",\"name\":\"Comment\",\"target\":[\"https:\\\/\\\/paca.lpo.fr\\\/blogs\\\/nice\\\/2020\\\/03\\\/16\\\/sortie-dobservation-a-chateauneuf-de-villevieille-le-11-mars\\\/#respond\"]}]},{\"@type\":\"WebPage\",\"@id\":\"https:\\\/\\\/paca.lpo.fr\\\/blogs\\\/nice\\\/2020\\\/03\\\/16\\\/sortie-dobservation-a-chateauneuf-de-villevieille-le-11-mars\\\/\",\"url\":\"https:\\\/\\\/paca.lpo.fr\\\/blogs\\\/nice\\\/2020\\\/03\\\/16\\\/sortie-dobservation-a-chateauneuf-de-villevieille-le-11-mars\\\/\",\"name\":\"Sortie d\u2019observation \u00e0 Ch\u00e2teauneuf de Villevieille le 11 mars - Groupe local Nice\",\"isPartOf\":{\"@id\":\"https:\\\/\\\/paca.lpo.fr\\\/blogs\\\/nice\\\/#website\"},\"primaryImageOfPage\":{\"@id\":\"https:\\\/\\\/paca.lpo.fr\\\/blogs\\\/nice\\\/2020\\\/03\\\/16\\\/sortie-dobservation-a-chateauneuf-de-villevieille-le-11-mars\\\/#primaryimage\"},\"image\":{\"@id\":\"https:\\\/\\\/paca.lpo.fr\\\/blogs\\\/nice\\\/2020\\\/03\\\/16\\\/sortie-dobservation-a-chateauneuf-de-villevieille-le-11-mars\\\/#primaryimage\"},\"thumbnailUrl\":\"https:\\\/\\\/paca.lpo.fr\\\/blogs\\\/nice\\\/files\\\/2020\\\/03\\\/dsc-3053.jpg\",\"datePublished\":\"2020-03-16T14:14:06+00:00\",\"dateModified\":\"2020-03-16T14:17:27+00:00\",\"breadcrumb\":{\"@id\":\"https:\\\/\\\/paca.lpo.fr\\\/blogs\\\/nice\\\/2020\\\/03\\\/16\\\/sortie-dobservation-a-chateauneuf-de-villevieille-le-11-mars\\\/#breadcrumb\"},\"inLanguage\":\"fr-FR\",\"potentialAction\":[{\"@type\":\"ReadAction\",\"target\":[\"https:\\\/\\\/paca.lpo.fr\\\/blogs\\\/nice\\\/2020\\\/03\\\/16\\\/sortie-dobservation-a-chateauneuf-de-villevieille-le-11-mars\\\/\"]}]},{\"@type\":\"ImageObject\",\"inLanguage\":\"fr-FR\",\"@id\":\"https:\\\/\\\/paca.lpo.fr\\\/blogs\\\/nice\\\/2020\\\/03\\\/16\\\/sortie-dobservation-a-chateauneuf-de-villevieille-le-11-mars\\\/#primaryimage\",\"url\":\"https:\\\/\\\/paca.lpo.fr\\\/blogs\\\/nice\\\/files\\\/2020\\\/03\\\/dsc-3053.jpg\",\"contentUrl\":\"https:\\\/\\\/paca.lpo.fr\\\/blogs\\\/nice\\\/files\\\/2020\\\/03\\\/dsc-3053.jpg\",\"width\":914,\"height\":609},{\"@type\":\"BreadcrumbList\",\"@id\":\"https:\\\/\\\/paca.lpo.fr\\\/blogs\\\/nice\\\/2020\\\/03\\\/16\\\/sortie-dobservation-a-chateauneuf-de-villevieille-le-11-mars\\\/#breadcrumb\",\"itemListElement\":[{\"@type\":\"ListItem\",\"position\":1,\"name\":\"Accueil\",\"item\":\"https:\\\/\\\/paca.lpo.fr\\\/blogs\\\/nice\\\/\"},{\"@type\":\"ListItem\",\"position\":2,\"name\":\"Sortie d\u2019observation \u00e0 Ch\u00e2teauneuf de Villevieille le 11 mars\"}]},{\"@type\":\"WebSite\",\"@id\":\"https:\\\/\\\/paca.lpo.fr\\\/blogs\\\/nice\\\/#website\",\"url\":\"https:\\\/\\\/paca.lpo.fr\\\/blogs\\\/nice\\\/\",\"name\":\"Groupe local Nice\",\"description\":\"Groupe local Nice\",\"publisher\":{\"@id\":\"https:\\\/\\\/paca.lpo.fr\\\/blogs\\\/nice\\\/#organization\"},\"potentialAction\":[{\"@type\":\"SearchAction\",\"target\":{\"@type\":\"EntryPoint\",\"urlTemplate\":\"https:\\\/\\\/paca.lpo.fr\\\/blogs\\\/nice\\\/?s={search_term_string}\"},\"query-input\":{\"@type\":\"PropertyValueSpecification\",\"valueRequired\":true,\"valueName\":\"search_term_string\"}}],\"inLanguage\":\"fr-FR\"},{\"@type\":\"Organization\",\"@id\":\"https:\\\/\\\/paca.lpo.fr\\\/blogs\\\/nice\\\/#organization\",\"name\":\"Groupe local Nice\",\"url\":\"https:\\\/\\\/paca.lpo.fr\\\/blogs\\\/nice\\\/\",\"logo\":{\"@type\":\"ImageObject\",\"inLanguage\":\"fr-FR\",\"@id\":\"https:\\\/\\\/paca.lpo.fr\\\/blogs\\\/nice\\\/#\\\/schema\\\/logo\\\/image\\\/\",\"url\":\"https:\\\/\\\/paca.lpo.fr\\\/blogs\\\/nice\\\/files\\\/2024\\\/01\\\/cropped-rvb-lpo-paca-logotype-signature-droite-mini-500.jpg\",\"contentUrl\":\"https:\\\/\\\/paca.lpo.fr\\\/blogs\\\/nice\\\/files\\\/2024\\\/01\\\/cropped-rvb-lpo-paca-logotype-signature-droite-mini-500.jpg\",\"width\":500,\"height\":210,\"caption\":\"Groupe local Nice\"},\"image\":{\"@id\":\"https:\\\/\\\/paca.lpo.fr\\\/blogs\\\/nice\\\/#\\\/schema\\\/logo\\\/image\\\/\"}},{\"@type\":\"Person\",\"@id\":\"https:\\\/\\\/paca.lpo.fr\\\/blogs\\\/nice\\\/#\\\/schema\\\/person\\\/1bda33335fb71e0b3552487db26a4c56\",\"name\":\"Groupe local Paillon-B\u00e9v\u00e9ra\",\"image\":{\"@type\":\"ImageObject\",\"inLanguage\":\"fr-FR\",\"@id\":\"https:\\\/\\\/secure.gravatar.com\\\/avatar\\\/b1ee285506e2cb880ec988990d360e255aecb31c77212741dace1023623610c2?s=96&d=mm&r=g\",\"url\":\"https:\\\/\\\/secure.gravatar.com\\\/avatar\\\/b1ee285506e2cb880ec988990d360e255aecb31c77212741dace1023623610c2?s=96&d=mm&r=g\",\"contentUrl\":\"https:\\\/\\\/secure.gravatar.com\\\/avatar\\\/b1ee285506e2cb880ec988990d360e255aecb31c77212741dace1023623610c2?s=96&d=mm&r=g\",\"caption\":\"Groupe local Paillon-B\u00e9v\u00e9ra\"},\"url\":\"https:\\\/\\\/paca.lpo.fr\\\/blogs\\\/nice\\\/author\\\/alpesmaritimesest\\\/\"}]}<\/script>\n<!-- \/ Yoast SEO plugin. -->","yoast_head_json":{"title":"Sortie d\u2019observation \u00e0 Ch\u00e2teauneuf de Villevieille le 11 mars - Groupe local Nice","robots":{"index":"index","follow":"follow","max-snippet":"max-snippet:-1","max-image-preview":"max-image-preview:large","max-video-preview":"max-video-preview:-1"},"canonical":"https:\/\/paca.lpo.fr\/blogs\/nice\/2020\/03\/16\/sortie-dobservation-a-chateauneuf-de-villevieille-le-11-mars\/","og_locale":"fr_FR","og_type":"article","og_title":"Sortie d\u2019observation \u00e0 Ch\u00e2teauneuf de Villevieille le 11 mars - Groupe local Nice","og_url":"https:\/\/paca.lpo.fr\/blogs\/nice\/2020\/03\/16\/sortie-dobservation-a-chateauneuf-de-villevieille-le-11-mars\/","og_site_name":"Groupe local Nice","article_published_time":"2020-03-16T14:14:06+00:00","article_modified_time":"2020-03-16T14:17:27+00:00","og_image":[{"width":914,"height":609,"url":"https:\/\/paca.lpo.fr\/blogs\/nice\/files\/2020\/03\/dsc-3053.jpg","type":"image\/jpeg"}],"author":"Groupe local Paillon-B\u00e9v\u00e9ra","twitter_card":"summary_large_image","twitter_misc":{"\u00c9crit par":"Groupe local Paillon-B\u00e9v\u00e9ra","Dur\u00e9e de lecture estim\u00e9e":"1 minute"},"schema":{"@context":"https:\/\/schema.org","@graph":[{"@type":"Article","@id":"https:\/\/paca.lpo.fr\/blogs\/nice\/2020\/03\/16\/sortie-dobservation-a-chateauneuf-de-villevieille-le-11-mars\/#article","isPartOf":{"@id":"https:\/\/paca.lpo.fr\/blogs\/nice\/2020\/03\/16\/sortie-dobservation-a-chateauneuf-de-villevieille-le-11-mars\/"},"author":{"name":"Groupe local Paillon-B\u00e9v\u00e9ra","@id":"https:\/\/paca.lpo.fr\/blogs\/nice\/#\/schema\/person\/1bda33335fb71e0b3552487db26a4c56"},"headline":"Sortie d\u2019observation \u00e0 Ch\u00e2teauneuf de Villevieille le 11 mars","datePublished":"2020-03-16T14:14:06+00:00","dateModified":"2020-03-16T14:17:27+00:00","mainEntityOfPage":{"@id":"https:\/\/paca.lpo.fr\/blogs\/nice\/2020\/03\/16\/sortie-dobservation-a-chateauneuf-de-villevieille-le-11-mars\/"},"wordCount":123,"commentCount":0,"publisher":{"@id":"https:\/\/paca.lpo.fr\/blogs\/nice\/#organization"},"image":{"@id":"https:\/\/paca.lpo.fr\/blogs\/nice\/2020\/03\/16\/sortie-dobservation-a-chateauneuf-de-villevieille-le-11-mars\/#primaryimage"},"thumbnailUrl":"https:\/\/paca.lpo.fr\/blogs\/nice\/files\/2020\/03\/dsc-3053.jpg","articleSection":["Sorties nature"],"inLanguage":"fr-FR","potentialAction":[{"@type":"CommentAction","name":"Comment","target":["https:\/\/paca.lpo.fr\/blogs\/nice\/2020\/03\/16\/sortie-dobservation-a-chateauneuf-de-villevieille-le-11-mars\/#respond"]}]},{"@type":"WebPage","@id":"https:\/\/paca.lpo.fr\/blogs\/nice\/2020\/03\/16\/sortie-dobservation-a-chateauneuf-de-villevieille-le-11-mars\/","url":"https:\/\/paca.lpo.fr\/blogs\/nice\/2020\/03\/16\/sortie-dobservation-a-chateauneuf-de-villevieille-le-11-mars\/","name":"Sortie d\u2019observation \u00e0 Ch\u00e2teauneuf de Villevieille le 11 mars - Groupe local Nice","isPartOf":{"@id":"https:\/\/paca.lpo.fr\/blogs\/nice\/#website"},"primaryImageOfPage":{"@id":"https:\/\/paca.lpo.fr\/blogs\/nice\/2020\/03\/16\/sortie-dobservation-a-chateauneuf-de-villevieille-le-11-mars\/#primaryimage"},"image":{"@id":"https:\/\/paca.lpo.fr\/blogs\/nice\/2020\/03\/16\/sortie-dobservation-a-chateauneuf-de-villevieille-le-11-mars\/#primaryimage"},"thumbnailUrl":"https:\/\/paca.lpo.fr\/blogs\/nice\/files\/2020\/03\/dsc-3053.jpg","datePublished":"2020-03-16T14:14:06+00:00","dateModified":"2020-03-16T14:17:27+00:00","breadcrumb":{"@id":"https:\/\/paca.lpo.fr\/blogs\/nice\/2020\/03\/16\/sortie-dobservation-a-chateauneuf-de-villevieille-le-11-mars\/#breadcrumb"},"inLanguage":"fr-FR","potentialAction":[{"@type":"ReadAction","target":["https:\/\/paca.lpo.fr\/blogs\/nice\/2020\/03\/16\/sortie-dobservation-a-chateauneuf-de-villevieille-le-11-mars\/"]}]},{"@type":"ImageObject","inLanguage":"fr-FR","@id":"https:\/\/paca.lpo.fr\/blogs\/nice\/2020\/03\/16\/sortie-dobservation-a-chateauneuf-de-villevieille-le-11-mars\/#primaryimage","url":"https:\/\/paca.lpo.fr\/blogs\/nice\/files\/2020\/03\/dsc-3053.jpg","contentUrl":"https:\/\/paca.lpo.fr\/blogs\/nice\/files\/2020\/03\/dsc-3053.jpg","width":914,"height":609},{"@type":"BreadcrumbList","@id":"https:\/\/paca.lpo.fr\/blogs\/nice\/2020\/03\/16\/sortie-dobservation-a-chateauneuf-de-villevieille-le-11-mars\/#breadcrumb","itemListElement":[{"@type":"ListItem","position":1,"name":"Accueil","item":"https:\/\/paca.lpo.fr\/blogs\/nice\/"},{"@type":"ListItem","position":2,"name":"Sortie d\u2019observation \u00e0 Ch\u00e2teauneuf de Villevieille le 11 mars"}]},{"@type":"WebSite","@id":"https:\/\/paca.lpo.fr\/blogs\/nice\/#website","url":"https:\/\/paca.lpo.fr\/blogs\/nice\/","name":"Groupe local Nice","description":"Groupe local Nice","publisher":{"@id":"https:\/\/paca.lpo.fr\/blogs\/nice\/#organization"},"potentialAction":[{"@type":"SearchAction","target":{"@type":"EntryPoint","urlTemplate":"https:\/\/paca.lpo.fr\/blogs\/nice\/?s={search_term_string}"},"query-input":{"@type":"PropertyValueSpecification","valueRequired":true,"valueName":"search_term_string"}}],"inLanguage":"fr-FR"},{"@type":"Organization","@id":"https:\/\/paca.lpo.fr\/blogs\/nice\/#organization","name":"Groupe local Nice","url":"https:\/\/paca.lpo.fr\/blogs\/nice\/","logo":{"@type":"ImageObject","inLanguage":"fr-FR","@id":"https:\/\/paca.lpo.fr\/blogs\/nice\/#\/schema\/logo\/image\/","url":"https:\/\/paca.lpo.fr\/blogs\/nice\/files\/2024\/01\/cropped-rvb-lpo-paca-logotype-signature-droite-mini-500.jpg","contentUrl":"https:\/\/paca.lpo.fr\/blogs\/nice\/files\/2024\/01\/cropped-rvb-lpo-paca-logotype-signature-droite-mini-500.jpg","width":500,"height":210,"caption":"Groupe local Nice"},"image":{"@id":"https:\/\/paca.lpo.fr\/blogs\/nice\/#\/schema\/logo\/image\/"}},{"@type":"Person","@id":"https:\/\/paca.lpo.fr\/blogs\/nice\/#\/schema\/person\/1bda33335fb71e0b3552487db26a4c56","name":"Groupe local Paillon-B\u00e9v\u00e9ra","image":{"@type":"ImageObject","inLanguage":"fr-FR","@id":"https:\/\/secure.gravatar.com\/avatar\/b1ee285506e2cb880ec988990d360e255aecb31c77212741dace1023623610c2?s=96&d=mm&r=g","url":"https:\/\/secure.gravatar.com\/avatar\/b1ee285506e2cb880ec988990d360e255aecb31c77212741dace1023623610c2?s=96&d=mm&r=g","contentUrl":"https:\/\/secure.gravatar.com\/avatar\/b1ee285506e2cb880ec988990d360e255aecb31c77212741dace1023623610c2?s=96&d=mm&r=g","caption":"Groupe local Paillon-B\u00e9v\u00e9ra"},"url":"https:\/\/paca.lpo.fr\/blogs\/nice\/author\/alpesmaritimesest\/"}]}},"jetpack_featured_media_url":"https:\/\/paca.lpo.fr\/blogs\/nice\/files\/2020\/03\/dsc-3053.jpg","_links":{"self":[{"href":"https:\/\/paca.lpo.fr\/blogs\/nice\/wp-json\/wp\/v2\/posts\/3018","targetHints":{"allow":["GET"]}}],"collection":[{"href":"https:\/\/paca.lpo.fr\/blogs\/nice\/wp-json\/wp\/v2\/posts"}],"about":[{"href":"https:\/\/paca.lpo.fr\/blogs\/nice\/wp-json\/wp\/v2\/types\/post"}],"author":[{"embeddable":true,"href":"https:\/\/paca.lpo.fr\/blogs\/nice\/wp-json\/wp\/v2\/users\/15"}],"replies":[{"embeddable":true,"href":"https:\/\/paca.lpo.fr\/blogs\/nice\/wp-json\/wp\/v2\/comments?post=3018"}],"version-history":[{"count":2,"href":"https:\/\/paca.lpo.fr\/blogs\/nice\/wp-json\/wp\/v2\/posts\/3018\/revisions"}],"predecessor-version":[{"id":3024,"href":"https:\/\/paca.lpo.fr\/blogs\/nice\/wp-json\/wp\/v2\/posts\/3018\/revisions\/3024"}],"wp:featuredmedia":[{"embeddable":true,"href":"https:\/\/paca.lpo.fr\/blogs\/nice\/wp-json\/wp\/v2\/media\/3021"}],"wp:attachment":[{"href":"https:\/\/paca.lpo.fr\/blogs\/nice\/wp-json\/wp\/v2\/media?parent=3018"}],"wp:term":[{"taxonomy":"category","embeddable":true,"href":"https:\/\/paca.lpo.fr\/blogs\/nice\/wp-json\/wp\/v2\/categories?post=3018"},{"taxonomy":"post_tag","embeddable":true,"href":"https:\/\/paca.lpo.fr\/blogs\/nice\/wp-json\/wp\/v2\/tags?post=3018"}],"curies":[{"name":"wp","href":"https:\/\/api.w.org\/{rel}","templated":true}]}}