{"id":3095,"date":"2020-08-18T08:28:36","date_gmt":"2020-08-18T07:28:36","guid":{"rendered":"https:\/\/paca.lpo.fr\/blogs\/nice\/?p=3095"},"modified":"2020-08-18T08:28:38","modified_gmt":"2020-08-18T07:28:38","slug":"comptages-des-nids-dhirondelles-et-martinets","status":"publish","type":"post","link":"https:\/\/paca.lpo.fr\/blogs\/nice\/2020\/08\/18\/comptages-des-nids-dhirondelles-et-martinets\/","title":{"rendered":"Comptages des nids d&rsquo;hirondelles et martinets"},"content":{"rendered":"\n<p>Comme en 2019 les nids de martinets ont \u00e9t\u00e9 recens\u00e9s dans la ville Nice, mais seulement une petite partie, puisqu\u2019il y a environ 530 sites de nidification sur la commune, 320 de martinets noirs et 210 de martinets p\u00e2les. Les 2 petites colonies de La Turbie sont \u00e9galement recens\u00e9es. Quant aux hirondelles, les b\u00e9n\u00e9voles ont prospect\u00e9 \u00e0 Sospel, o\u00f9 on trouve les 3 esp\u00e8ces, de fen\u00eatre, rustiques et rochers. Les nids d\u2019hirondelles de fen\u00eatre de Drap ont \u00e9t\u00e9 compt\u00e9s et photographi\u00e9s.<\/p>\n<p>Il est tr\u00e8s utile de recenser et photographier les nids pour pouvoir prouver leur existence en cas de destruction mal intentionn\u00e9e. Malheureusement nous en avons eu la preuve puisque fin juillet et d\u00e9but ao\u00fbt des destructions d\u00e9lib\u00e9r\u00e9es de nids contenant des poussins ont \u00e9t\u00e9 signal\u00e9es \u00e0 Sospel. L\u2019Office Fran\u00e7ais de la Biodiversit\u00e9 est intervenu pour mettre fin \u00e0 ces destructions d\u2019esp\u00e8ces prot\u00e9g\u00e9es, et les b\u00e9n\u00e9voles ont pris en charge les petits rescap\u00e9s pour le centre de sauvegarde de la faune sauvage de la LPO PACA.<\/p>\n<p>\u00a0<\/p>\n\n\n\n<figure class=\"wp-block-image size-large\"><img loading=\"lazy\" decoding=\"async\" width=\"802\" height=\"800\" src=\"https:\/\/paca.lpo.fr\/blogs\/nice\/files\/2020\/08\/z.ydsospel3-802x800.jpg\" alt=\"\" class=\"wp-image-3097\" srcset=\"https:\/\/paca.lpo.fr\/blogs\/nice\/files\/2020\/08\/z.ydsospel3-802x800.jpg 802w, https:\/\/paca.lpo.fr\/blogs\/nice\/files\/2020\/08\/z.ydsospel3-480x480.jpg 480w, https:\/\/paca.lpo.fr\/blogs\/nice\/files\/2020\/08\/z.ydsospel3-150x150.jpg 150w, https:\/\/paca.lpo.fr\/blogs\/nice\/files\/2020\/08\/z.ydsospel3-768x766.jpg 768w, https:\/\/paca.lpo.fr\/blogs\/nice\/files\/2020\/08\/z.ydsospel3-144x144.jpg 144w, https:\/\/paca.lpo.fr\/blogs\/nice\/files\/2020\/08\/z.ydsospel3.jpg 882w\" sizes=\"auto, (max-width: 802px) 100vw, 802px\" \/><figcaption>Hirondelle rustique \u00e0 Sospel o\u00f9 elles sont nombreuses<\/figcaption><\/figure>\n\n\n\n<figure class=\"wp-block-image size-large\"><img loading=\"lazy\" decoding=\"async\" width=\"894\" height=\"690\" src=\"https:\/\/paca.lpo.fr\/blogs\/nice\/files\/2020\/08\/z.ydsospel2.jpg\" alt=\"\" class=\"wp-image-3098\" srcset=\"https:\/\/paca.lpo.fr\/blogs\/nice\/files\/2020\/08\/z.ydsospel2.jpg 894w, https:\/\/paca.lpo.fr\/blogs\/nice\/files\/2020\/08\/z.ydsospel2-480x370.jpg 480w, https:\/\/paca.lpo.fr\/blogs\/nice\/files\/2020\/08\/z.ydsospel2-768x593.jpg 768w\" sizes=\"auto, (max-width: 894px) 100vw, 894px\" \/><figcaption>Jeunes hirondelles de fen\u00eatre au nid sous une toiture \u00e0 Sospel<\/figcaption><\/figure>\n\n\n\n<figure class=\"wp-block-image size-large\"><img loading=\"lazy\" decoding=\"async\" width=\"960\" height=\"756\" src=\"https:\/\/paca.lpo.fr\/blogs\/nice\/files\/2020\/08\/z.sospel-960x756.jpg\" alt=\"\" class=\"wp-image-3099\" srcset=\"https:\/\/paca.lpo.fr\/blogs\/nice\/files\/2020\/08\/z.sospel-960x756.jpg 960w, https:\/\/paca.lpo.fr\/blogs\/nice\/files\/2020\/08\/z.sospel-480x378.jpg 480w, https:\/\/paca.lpo.fr\/blogs\/nice\/files\/2020\/08\/z.sospel-768x605.jpg 768w, https:\/\/paca.lpo.fr\/blogs\/nice\/files\/2020\/08\/z.sospel.jpg 1000w\" sizes=\"auto, (max-width: 960px) 100vw, 960px\" \/><figcaption>Sauvegardons les hirondelles en prot\u00e9geant leurs nids. Esp\u00e8ce prot\u00e9g\u00e9e.<\/figcaption><\/figure>\n","protected":false},"excerpt":{"rendered":"","protected":false},"author":15,"featured_media":3096,"comment_status":"open","ping_status":"open","sticky":false,"template":"","format":"standard","meta":{"footnotes":""},"categories":[78,3],"tags":[],"class_list":["post-3095","post","type-post","status-publish","format-standard","has-post-thumbnail","hentry","category-protection-de-la-biodiversite","category-vie-groupe"],"yoast_head":"<!-- This site is optimized with the Yoast SEO plugin v28.3 - https:\/\/yoast.com\/product\/yoast-seo-wordpress\/ -->\n<title>Comptages des nids d&#039;hirondelles et martinets - Groupe local Nice<\/title>\n<meta name=\"robots\" content=\"index, follow, max-snippet:-1, max-image-preview:large, max-video-preview:-1\" \/>\n<link rel=\"canonical\" href=\"https:\/\/paca.lpo.fr\/blogs\/nice\/2020\/08\/18\/comptages-des-nids-dhirondelles-et-martinets\/\" \/>\n<meta property=\"og:locale\" content=\"fr_FR\" \/>\n<meta property=\"og:type\" content=\"article\" \/>\n<meta property=\"og:title\" content=\"Comptages des nids d&#039;hirondelles et martinets - Groupe local Nice\" \/>\n<meta property=\"og:url\" content=\"https:\/\/paca.lpo.fr\/blogs\/nice\/2020\/08\/18\/comptages-des-nids-dhirondelles-et-martinets\/\" \/>\n<meta property=\"og:site_name\" content=\"Groupe local Nice\" \/>\n<meta property=\"article:published_time\" content=\"2020-08-18T07:28:36+00:00\" \/>\n<meta property=\"article:modified_time\" content=\"2020-08-18T07:28:38+00:00\" \/>\n<meta property=\"og:image\" content=\"https:\/\/paca.lpo.fr\/blogs\/nice\/files\/2020\/08\/dsc-4843-copie.jpg\" \/>\n\t<meta property=\"og:image:width\" content=\"1000\" \/>\n\t<meta property=\"og:image:height\" content=\"785\" \/>\n\t<meta property=\"og:image:type\" content=\"image\/jpeg\" \/>\n<meta name=\"author\" content=\"Groupe local Paillon-B\u00e9v\u00e9ra\" \/>\n<meta name=\"twitter:card\" content=\"summary_large_image\" \/>\n<meta name=\"twitter:label1\" content=\"\u00c9crit par\" \/>\n\t<meta name=\"twitter:data1\" content=\"Groupe local Paillon-B\u00e9v\u00e9ra\" \/>\n\t<meta name=\"twitter:label2\" content=\"Dur\u00e9e de lecture estim\u00e9e\" \/>\n\t<meta name=\"twitter:data2\" content=\"1 minute\" \/>\n<script type=\"application\/ld+json\" class=\"yoast-schema-graph\">{\"@context\":\"https:\\\/\\\/schema.org\",\"@graph\":[{\"@type\":\"Article\",\"@id\":\"https:\\\/\\\/paca.lpo.fr\\\/blogs\\\/nice\\\/2020\\\/08\\\/18\\\/comptages-des-nids-dhirondelles-et-martinets\\\/#article\",\"isPartOf\":{\"@id\":\"https:\\\/\\\/paca.lpo.fr\\\/blogs\\\/nice\\\/2020\\\/08\\\/18\\\/comptages-des-nids-dhirondelles-et-martinets\\\/\"},\"author\":{\"name\":\"Groupe local Paillon-B\u00e9v\u00e9ra\",\"@id\":\"https:\\\/\\\/paca.lpo.fr\\\/blogs\\\/nice\\\/#\\\/schema\\\/person\\\/1bda33335fb71e0b3552487db26a4c56\"},\"headline\":\"Comptages des nids d&rsquo;hirondelles et martinets\",\"datePublished\":\"2020-08-18T07:28:36+00:00\",\"dateModified\":\"2020-08-18T07:28:38+00:00\",\"mainEntityOfPage\":{\"@id\":\"https:\\\/\\\/paca.lpo.fr\\\/blogs\\\/nice\\\/2020\\\/08\\\/18\\\/comptages-des-nids-dhirondelles-et-martinets\\\/\"},\"wordCount\":224,\"commentCount\":0,\"publisher\":{\"@id\":\"https:\\\/\\\/paca.lpo.fr\\\/blogs\\\/nice\\\/#organization\"},\"image\":{\"@id\":\"https:\\\/\\\/paca.lpo.fr\\\/blogs\\\/nice\\\/2020\\\/08\\\/18\\\/comptages-des-nids-dhirondelles-et-martinets\\\/#primaryimage\"},\"thumbnailUrl\":\"https:\\\/\\\/paca.lpo.fr\\\/blogs\\\/nice\\\/files\\\/2020\\\/08\\\/dsc-4843-copie.jpg\",\"articleSection\":[\"Protection de la biodiversit\u00e9\",\"Vie du groupe\"],\"inLanguage\":\"fr-FR\",\"potentialAction\":[{\"@type\":\"CommentAction\",\"name\":\"Comment\",\"target\":[\"https:\\\/\\\/paca.lpo.fr\\\/blogs\\\/nice\\\/2020\\\/08\\\/18\\\/comptages-des-nids-dhirondelles-et-martinets\\\/#respond\"]}]},{\"@type\":\"WebPage\",\"@id\":\"https:\\\/\\\/paca.lpo.fr\\\/blogs\\\/nice\\\/2020\\\/08\\\/18\\\/comptages-des-nids-dhirondelles-et-martinets\\\/\",\"url\":\"https:\\\/\\\/paca.lpo.fr\\\/blogs\\\/nice\\\/2020\\\/08\\\/18\\\/comptages-des-nids-dhirondelles-et-martinets\\\/\",\"name\":\"Comptages des nids d'hirondelles et martinets - Groupe local Nice\",\"isPartOf\":{\"@id\":\"https:\\\/\\\/paca.lpo.fr\\\/blogs\\\/nice\\\/#website\"},\"primaryImageOfPage\":{\"@id\":\"https:\\\/\\\/paca.lpo.fr\\\/blogs\\\/nice\\\/2020\\\/08\\\/18\\\/comptages-des-nids-dhirondelles-et-martinets\\\/#primaryimage\"},\"image\":{\"@id\":\"https:\\\/\\\/paca.lpo.fr\\\/blogs\\\/nice\\\/2020\\\/08\\\/18\\\/comptages-des-nids-dhirondelles-et-martinets\\\/#primaryimage\"},\"thumbnailUrl\":\"https:\\\/\\\/paca.lpo.fr\\\/blogs\\\/nice\\\/files\\\/2020\\\/08\\\/dsc-4843-copie.jpg\",\"datePublished\":\"2020-08-18T07:28:36+00:00\",\"dateModified\":\"2020-08-18T07:28:38+00:00\",\"breadcrumb\":{\"@id\":\"https:\\\/\\\/paca.lpo.fr\\\/blogs\\\/nice\\\/2020\\\/08\\\/18\\\/comptages-des-nids-dhirondelles-et-martinets\\\/#breadcrumb\"},\"inLanguage\":\"fr-FR\",\"potentialAction\":[{\"@type\":\"ReadAction\",\"target\":[\"https:\\\/\\\/paca.lpo.fr\\\/blogs\\\/nice\\\/2020\\\/08\\\/18\\\/comptages-des-nids-dhirondelles-et-martinets\\\/\"]}]},{\"@type\":\"ImageObject\",\"inLanguage\":\"fr-FR\",\"@id\":\"https:\\\/\\\/paca.lpo.fr\\\/blogs\\\/nice\\\/2020\\\/08\\\/18\\\/comptages-des-nids-dhirondelles-et-martinets\\\/#primaryimage\",\"url\":\"https:\\\/\\\/paca.lpo.fr\\\/blogs\\\/nice\\\/files\\\/2020\\\/08\\\/dsc-4843-copie.jpg\",\"contentUrl\":\"https:\\\/\\\/paca.lpo.fr\\\/blogs\\\/nice\\\/files\\\/2020\\\/08\\\/dsc-4843-copie.jpg\",\"width\":1000,\"height\":785},{\"@type\":\"BreadcrumbList\",\"@id\":\"https:\\\/\\\/paca.lpo.fr\\\/blogs\\\/nice\\\/2020\\\/08\\\/18\\\/comptages-des-nids-dhirondelles-et-martinets\\\/#breadcrumb\",\"itemListElement\":[{\"@type\":\"ListItem\",\"position\":1,\"name\":\"Accueil\",\"item\":\"https:\\\/\\\/paca.lpo.fr\\\/blogs\\\/nice\\\/\"},{\"@type\":\"ListItem\",\"position\":2,\"name\":\"Comptages des nids d&rsquo;hirondelles et martinets\"}]},{\"@type\":\"WebSite\",\"@id\":\"https:\\\/\\\/paca.lpo.fr\\\/blogs\\\/nice\\\/#website\",\"url\":\"https:\\\/\\\/paca.lpo.fr\\\/blogs\\\/nice\\\/\",\"name\":\"Groupe local Nice\",\"description\":\"Groupe local Nice\",\"publisher\":{\"@id\":\"https:\\\/\\\/paca.lpo.fr\\\/blogs\\\/nice\\\/#organization\"},\"potentialAction\":[{\"@type\":\"SearchAction\",\"target\":{\"@type\":\"EntryPoint\",\"urlTemplate\":\"https:\\\/\\\/paca.lpo.fr\\\/blogs\\\/nice\\\/?s={search_term_string}\"},\"query-input\":{\"@type\":\"PropertyValueSpecification\",\"valueRequired\":true,\"valueName\":\"search_term_string\"}}],\"inLanguage\":\"fr-FR\"},{\"@type\":\"Organization\",\"@id\":\"https:\\\/\\\/paca.lpo.fr\\\/blogs\\\/nice\\\/#organization\",\"name\":\"Groupe local Nice\",\"url\":\"https:\\\/\\\/paca.lpo.fr\\\/blogs\\\/nice\\\/\",\"logo\":{\"@type\":\"ImageObject\",\"inLanguage\":\"fr-FR\",\"@id\":\"https:\\\/\\\/paca.lpo.fr\\\/blogs\\\/nice\\\/#\\\/schema\\\/logo\\\/image\\\/\",\"url\":\"https:\\\/\\\/paca.lpo.fr\\\/blogs\\\/nice\\\/files\\\/2024\\\/01\\\/cropped-rvb-lpo-paca-logotype-signature-droite-mini-500.jpg\",\"contentUrl\":\"https:\\\/\\\/paca.lpo.fr\\\/blogs\\\/nice\\\/files\\\/2024\\\/01\\\/cropped-rvb-lpo-paca-logotype-signature-droite-mini-500.jpg\",\"width\":500,\"height\":210,\"caption\":\"Groupe local Nice\"},\"image\":{\"@id\":\"https:\\\/\\\/paca.lpo.fr\\\/blogs\\\/nice\\\/#\\\/schema\\\/logo\\\/image\\\/\"}},{\"@type\":\"Person\",\"@id\":\"https:\\\/\\\/paca.lpo.fr\\\/blogs\\\/nice\\\/#\\\/schema\\\/person\\\/1bda33335fb71e0b3552487db26a4c56\",\"name\":\"Groupe local Paillon-B\u00e9v\u00e9ra\",\"image\":{\"@type\":\"ImageObject\",\"inLanguage\":\"fr-FR\",\"@id\":\"https:\\\/\\\/secure.gravatar.com\\\/avatar\\\/b1ee285506e2cb880ec988990d360e255aecb31c77212741dace1023623610c2?s=96&d=mm&r=g\",\"url\":\"https:\\\/\\\/secure.gravatar.com\\\/avatar\\\/b1ee285506e2cb880ec988990d360e255aecb31c77212741dace1023623610c2?s=96&d=mm&r=g\",\"contentUrl\":\"https:\\\/\\\/secure.gravatar.com\\\/avatar\\\/b1ee285506e2cb880ec988990d360e255aecb31c77212741dace1023623610c2?s=96&d=mm&r=g\",\"caption\":\"Groupe local Paillon-B\u00e9v\u00e9ra\"},\"url\":\"https:\\\/\\\/paca.lpo.fr\\\/blogs\\\/nice\\\/author\\\/alpesmaritimesest\\\/\"}]}<\/script>\n<!-- \/ Yoast SEO plugin. -->","yoast_head_json":{"title":"Comptages des nids d'hirondelles et martinets - Groupe local Nice","robots":{"index":"index","follow":"follow","max-snippet":"max-snippet:-1","max-image-preview":"max-image-preview:large","max-video-preview":"max-video-preview:-1"},"canonical":"https:\/\/paca.lpo.fr\/blogs\/nice\/2020\/08\/18\/comptages-des-nids-dhirondelles-et-martinets\/","og_locale":"fr_FR","og_type":"article","og_title":"Comptages des nids d'hirondelles et martinets - Groupe local Nice","og_url":"https:\/\/paca.lpo.fr\/blogs\/nice\/2020\/08\/18\/comptages-des-nids-dhirondelles-et-martinets\/","og_site_name":"Groupe local Nice","article_published_time":"2020-08-18T07:28:36+00:00","article_modified_time":"2020-08-18T07:28:38+00:00","og_image":[{"width":1000,"height":785,"url":"https:\/\/paca.lpo.fr\/blogs\/nice\/files\/2020\/08\/dsc-4843-copie.jpg","type":"image\/jpeg"}],"author":"Groupe local Paillon-B\u00e9v\u00e9ra","twitter_card":"summary_large_image","twitter_misc":{"\u00c9crit par":"Groupe local Paillon-B\u00e9v\u00e9ra","Dur\u00e9e de lecture estim\u00e9e":"1 minute"},"schema":{"@context":"https:\/\/schema.org","@graph":[{"@type":"Article","@id":"https:\/\/paca.lpo.fr\/blogs\/nice\/2020\/08\/18\/comptages-des-nids-dhirondelles-et-martinets\/#article","isPartOf":{"@id":"https:\/\/paca.lpo.fr\/blogs\/nice\/2020\/08\/18\/comptages-des-nids-dhirondelles-et-martinets\/"},"author":{"name":"Groupe local Paillon-B\u00e9v\u00e9ra","@id":"https:\/\/paca.lpo.fr\/blogs\/nice\/#\/schema\/person\/1bda33335fb71e0b3552487db26a4c56"},"headline":"Comptages des nids d&rsquo;hirondelles et martinets","datePublished":"2020-08-18T07:28:36+00:00","dateModified":"2020-08-18T07:28:38+00:00","mainEntityOfPage":{"@id":"https:\/\/paca.lpo.fr\/blogs\/nice\/2020\/08\/18\/comptages-des-nids-dhirondelles-et-martinets\/"},"wordCount":224,"commentCount":0,"publisher":{"@id":"https:\/\/paca.lpo.fr\/blogs\/nice\/#organization"},"image":{"@id":"https:\/\/paca.lpo.fr\/blogs\/nice\/2020\/08\/18\/comptages-des-nids-dhirondelles-et-martinets\/#primaryimage"},"thumbnailUrl":"https:\/\/paca.lpo.fr\/blogs\/nice\/files\/2020\/08\/dsc-4843-copie.jpg","articleSection":["Protection de la biodiversit\u00e9","Vie du groupe"],"inLanguage":"fr-FR","potentialAction":[{"@type":"CommentAction","name":"Comment","target":["https:\/\/paca.lpo.fr\/blogs\/nice\/2020\/08\/18\/comptages-des-nids-dhirondelles-et-martinets\/#respond"]}]},{"@type":"WebPage","@id":"https:\/\/paca.lpo.fr\/blogs\/nice\/2020\/08\/18\/comptages-des-nids-dhirondelles-et-martinets\/","url":"https:\/\/paca.lpo.fr\/blogs\/nice\/2020\/08\/18\/comptages-des-nids-dhirondelles-et-martinets\/","name":"Comptages des nids d'hirondelles et martinets - Groupe local Nice","isPartOf":{"@id":"https:\/\/paca.lpo.fr\/blogs\/nice\/#website"},"primaryImageOfPage":{"@id":"https:\/\/paca.lpo.fr\/blogs\/nice\/2020\/08\/18\/comptages-des-nids-dhirondelles-et-martinets\/#primaryimage"},"image":{"@id":"https:\/\/paca.lpo.fr\/blogs\/nice\/2020\/08\/18\/comptages-des-nids-dhirondelles-et-martinets\/#primaryimage"},"thumbnailUrl":"https:\/\/paca.lpo.fr\/blogs\/nice\/files\/2020\/08\/dsc-4843-copie.jpg","datePublished":"2020-08-18T07:28:36+00:00","dateModified":"2020-08-18T07:28:38+00:00","breadcrumb":{"@id":"https:\/\/paca.lpo.fr\/blogs\/nice\/2020\/08\/18\/comptages-des-nids-dhirondelles-et-martinets\/#breadcrumb"},"inLanguage":"fr-FR","potentialAction":[{"@type":"ReadAction","target":["https:\/\/paca.lpo.fr\/blogs\/nice\/2020\/08\/18\/comptages-des-nids-dhirondelles-et-martinets\/"]}]},{"@type":"ImageObject","inLanguage":"fr-FR","@id":"https:\/\/paca.lpo.fr\/blogs\/nice\/2020\/08\/18\/comptages-des-nids-dhirondelles-et-martinets\/#primaryimage","url":"https:\/\/paca.lpo.fr\/blogs\/nice\/files\/2020\/08\/dsc-4843-copie.jpg","contentUrl":"https:\/\/paca.lpo.fr\/blogs\/nice\/files\/2020\/08\/dsc-4843-copie.jpg","width":1000,"height":785},{"@type":"BreadcrumbList","@id":"https:\/\/paca.lpo.fr\/blogs\/nice\/2020\/08\/18\/comptages-des-nids-dhirondelles-et-martinets\/#breadcrumb","itemListElement":[{"@type":"ListItem","position":1,"name":"Accueil","item":"https:\/\/paca.lpo.fr\/blogs\/nice\/"},{"@type":"ListItem","position":2,"name":"Comptages des nids d&rsquo;hirondelles et martinets"}]},{"@type":"WebSite","@id":"https:\/\/paca.lpo.fr\/blogs\/nice\/#website","url":"https:\/\/paca.lpo.fr\/blogs\/nice\/","name":"Groupe local Nice","description":"Groupe local Nice","publisher":{"@id":"https:\/\/paca.lpo.fr\/blogs\/nice\/#organization"},"potentialAction":[{"@type":"SearchAction","target":{"@type":"EntryPoint","urlTemplate":"https:\/\/paca.lpo.fr\/blogs\/nice\/?s={search_term_string}"},"query-input":{"@type":"PropertyValueSpecification","valueRequired":true,"valueName":"search_term_string"}}],"inLanguage":"fr-FR"},{"@type":"Organization","@id":"https:\/\/paca.lpo.fr\/blogs\/nice\/#organization","name":"Groupe local Nice","url":"https:\/\/paca.lpo.fr\/blogs\/nice\/","logo":{"@type":"ImageObject","inLanguage":"fr-FR","@id":"https:\/\/paca.lpo.fr\/blogs\/nice\/#\/schema\/logo\/image\/","url":"https:\/\/paca.lpo.fr\/blogs\/nice\/files\/2024\/01\/cropped-rvb-lpo-paca-logotype-signature-droite-mini-500.jpg","contentUrl":"https:\/\/paca.lpo.fr\/blogs\/nice\/files\/2024\/01\/cropped-rvb-lpo-paca-logotype-signature-droite-mini-500.jpg","width":500,"height":210,"caption":"Groupe local Nice"},"image":{"@id":"https:\/\/paca.lpo.fr\/blogs\/nice\/#\/schema\/logo\/image\/"}},{"@type":"Person","@id":"https:\/\/paca.lpo.fr\/blogs\/nice\/#\/schema\/person\/1bda33335fb71e0b3552487db26a4c56","name":"Groupe local Paillon-B\u00e9v\u00e9ra","image":{"@type":"ImageObject","inLanguage":"fr-FR","@id":"https:\/\/secure.gravatar.com\/avatar\/b1ee285506e2cb880ec988990d360e255aecb31c77212741dace1023623610c2?s=96&d=mm&r=g","url":"https:\/\/secure.gravatar.com\/avatar\/b1ee285506e2cb880ec988990d360e255aecb31c77212741dace1023623610c2?s=96&d=mm&r=g","contentUrl":"https:\/\/secure.gravatar.com\/avatar\/b1ee285506e2cb880ec988990d360e255aecb31c77212741dace1023623610c2?s=96&d=mm&r=g","caption":"Groupe local Paillon-B\u00e9v\u00e9ra"},"url":"https:\/\/paca.lpo.fr\/blogs\/nice\/author\/alpesmaritimesest\/"}]}},"jetpack_featured_media_url":"https:\/\/paca.lpo.fr\/blogs\/nice\/files\/2020\/08\/dsc-4843-copie.jpg","_links":{"self":[{"href":"https:\/\/paca.lpo.fr\/blogs\/nice\/wp-json\/wp\/v2\/posts\/3095","targetHints":{"allow":["GET"]}}],"collection":[{"href":"https:\/\/paca.lpo.fr\/blogs\/nice\/wp-json\/wp\/v2\/posts"}],"about":[{"href":"https:\/\/paca.lpo.fr\/blogs\/nice\/wp-json\/wp\/v2\/types\/post"}],"author":[{"embeddable":true,"href":"https:\/\/paca.lpo.fr\/blogs\/nice\/wp-json\/wp\/v2\/users\/15"}],"replies":[{"embeddable":true,"href":"https:\/\/paca.lpo.fr\/blogs\/nice\/wp-json\/wp\/v2\/comments?post=3095"}],"version-history":[{"count":1,"href":"https:\/\/paca.lpo.fr\/blogs\/nice\/wp-json\/wp\/v2\/posts\/3095\/revisions"}],"predecessor-version":[{"id":3100,"href":"https:\/\/paca.lpo.fr\/blogs\/nice\/wp-json\/wp\/v2\/posts\/3095\/revisions\/3100"}],"wp:featuredmedia":[{"embeddable":true,"href":"https:\/\/paca.lpo.fr\/blogs\/nice\/wp-json\/wp\/v2\/media\/3096"}],"wp:attachment":[{"href":"https:\/\/paca.lpo.fr\/blogs\/nice\/wp-json\/wp\/v2\/media?parent=3095"}],"wp:term":[{"taxonomy":"category","embeddable":true,"href":"https:\/\/paca.lpo.fr\/blogs\/nice\/wp-json\/wp\/v2\/categories?post=3095"},{"taxonomy":"post_tag","embeddable":true,"href":"https:\/\/paca.lpo.fr\/blogs\/nice\/wp-json\/wp\/v2\/tags?post=3095"}],"curies":[{"name":"wp","href":"https:\/\/api.w.org\/{rel}","templated":true}]}}