{"id":3126,"date":"2020-09-15T14:43:07","date_gmt":"2020-09-15T13:43:07","guid":{"rendered":"https:\/\/paca.lpo.fr\/blogs\/nice\/?p=3126"},"modified":"2020-09-15T14:43:09","modified_gmt":"2020-09-15T13:43:09","slug":"camp-de-migration-du-fort-de-la-revere-11","status":"publish","type":"post","link":"https:\/\/paca.lpo.fr\/blogs\/nice\/2020\/09\/15\/camp-de-migration-du-fort-de-la-revere-11\/","title":{"rendered":"Camp de migration du Fort de la Rev\u00e8re"},"content":{"rendered":"\n<p>Deuxi\u00e8me journ\u00e9e de suivi de la migration postnuptiale et accueil du public au camp de migration du Fort de la Rev\u00e8re ce dimanche 13 septembre.<\/p>\n<p>Une belle journ\u00e9e (trop) chaude, ensoleill\u00e9e et riche en observations, avec notamment le passage de 62 Bondr\u00e9es apivores. Les spotteurs ont pu observer \u00e9galement des aigles bott\u00e9s, cigognes blanches, balbuzards p\u00eacheurs et bien d\u2019autres esp\u00e8ces. Toutes les donn\u00e9es du jour sont visibles sur <a href=\"http:\/\/www.faune-paca.org\">www.faune-paca.org<\/a><\/p>\n<p>Nous avons eu le plaisir d\u2019une visite d\u2019Amine Flitti, co-Directeur de la LPO PACA et son \u00e9pouse.<\/p>\n<p><strong>Prochaine animation<\/strong>\u00a0: Les Circa\u00e8tes Jean-le-Blanc, le dimanche 20 septembre de 8h \u00e0 17h.<\/p>\n\n\n\n<figure class=\"wp-block-image size-large\"><img loading=\"lazy\" decoding=\"async\" width=\"917\" height=\"687\" src=\"https:\/\/paca.lpo.fr\/blogs\/nice\/files\/2020\/09\/img-20200913-094220.jpg\" alt=\"\" class=\"wp-image-3129\" srcset=\"https:\/\/paca.lpo.fr\/blogs\/nice\/files\/2020\/09\/img-20200913-094220.jpg 917w, https:\/\/paca.lpo.fr\/blogs\/nice\/files\/2020\/09\/img-20200913-094220-480x360.jpg 480w, https:\/\/paca.lpo.fr\/blogs\/nice\/files\/2020\/09\/img-20200913-094220-768x575.jpg 768w\" sizes=\"auto, (max-width: 917px) 100vw, 917px\" \/><\/figure>\n\n\n\n<figure class=\"wp-block-image size-large\"><img loading=\"lazy\" decoding=\"async\" width=\"908\" height=\"800\" src=\"https:\/\/paca.lpo.fr\/blogs\/nice\/files\/2020\/09\/dsc-5181-908x800.jpg\" alt=\"\" class=\"wp-image-3127\" srcset=\"https:\/\/paca.lpo.fr\/blogs\/nice\/files\/2020\/09\/dsc-5181-908x800.jpg 908w, https:\/\/paca.lpo.fr\/blogs\/nice\/files\/2020\/09\/dsc-5181-480x423.jpg 480w, https:\/\/paca.lpo.fr\/blogs\/nice\/files\/2020\/09\/dsc-5181-768x677.jpg 768w, https:\/\/paca.lpo.fr\/blogs\/nice\/files\/2020\/09\/dsc-5181.jpg 1000w\" sizes=\"auto, (max-width: 908px) 100vw, 908px\" \/><figcaption>Bondr\u00e9e Apivore en migration au camp de migration du Fort de la Rev\u00e8re<\/figcaption><\/figure>\n\n\n\n\n\n<figure class=\"wp-block-image size-large\"><img loading=\"lazy\" decoding=\"async\" width=\"903\" height=\"675\" src=\"https:\/\/paca.lpo.fr\/blogs\/nice\/files\/2020\/09\/img-20200913-093912.jpg\" alt=\"\" class=\"wp-image-3130\" srcset=\"https:\/\/paca.lpo.fr\/blogs\/nice\/files\/2020\/09\/img-20200913-093912.jpg 903w, https:\/\/paca.lpo.fr\/blogs\/nice\/files\/2020\/09\/img-20200913-093912-480x359.jpg 480w, https:\/\/paca.lpo.fr\/blogs\/nice\/files\/2020\/09\/img-20200913-093912-768x574.jpg 768w\" sizes=\"auto, (max-width: 903px) 100vw, 903px\" \/><\/figure>\n\n\n\n<figure class=\"wp-block-image size-large\"><img loading=\"lazy\" decoding=\"async\" width=\"906\" height=\"679\" src=\"https:\/\/paca.lpo.fr\/blogs\/nice\/files\/2020\/09\/img-20200913-094148.jpg\" alt=\"\" class=\"wp-image-3131\" srcset=\"https:\/\/paca.lpo.fr\/blogs\/nice\/files\/2020\/09\/img-20200913-094148.jpg 906w, https:\/\/paca.lpo.fr\/blogs\/nice\/files\/2020\/09\/img-20200913-094148-480x360.jpg 480w, https:\/\/paca.lpo.fr\/blogs\/nice\/files\/2020\/09\/img-20200913-094148-768x576.jpg 768w\" sizes=\"auto, (max-width: 906px) 100vw, 906px\" \/><\/figure>\n\n\n\n<figure class=\"wp-block-gallery columns-0 is-cropped wp-block-gallery-1 is-layout-flex wp-block-gallery-is-layout-flex\"><ul class=\"blocks-gallery-grid\"><\/ul><\/figure>\n","protected":false},"excerpt":{"rendered":"","protected":false},"author":15,"featured_media":3128,"comment_status":"open","ping_status":"open","sticky":false,"template":"","format":"standard","meta":{"footnotes":""},"categories":[79,77],"tags":[],"class_list":["post-3126","post","type-post","status-publish","format-standard","has-post-thumbnail","hentry","category-education-a-lenvironnement","category-grands-evenements"],"yoast_head":"<!-- This site is optimized with the Yoast SEO plugin v28.3 - https:\/\/yoast.com\/product\/yoast-seo-wordpress\/ -->\n<title>Camp de migration du Fort de la Rev\u00e8re - Groupe local Nice<\/title>\n<meta name=\"robots\" content=\"index, follow, max-snippet:-1, max-image-preview:large, max-video-preview:-1\" \/>\n<link rel=\"canonical\" href=\"https:\/\/paca.lpo.fr\/blogs\/nice\/2020\/09\/15\/camp-de-migration-du-fort-de-la-revere-11\/\" \/>\n<meta property=\"og:locale\" content=\"fr_FR\" \/>\n<meta property=\"og:type\" content=\"article\" \/>\n<meta property=\"og:title\" content=\"Camp de migration du Fort de la Rev\u00e8re - Groupe local Nice\" \/>\n<meta property=\"og:url\" content=\"https:\/\/paca.lpo.fr\/blogs\/nice\/2020\/09\/15\/camp-de-migration-du-fort-de-la-revere-11\/\" \/>\n<meta property=\"og:site_name\" content=\"Groupe local Nice\" \/>\n<meta property=\"article:published_time\" content=\"2020-09-15T13:43:07+00:00\" \/>\n<meta property=\"article:modified_time\" content=\"2020-09-15T13:43:09+00:00\" \/>\n<meta property=\"og:image\" content=\"https:\/\/paca.lpo.fr\/blogs\/nice\/files\/2020\/09\/dsc-5191.jpg\" \/>\n\t<meta property=\"og:image:width\" content=\"1000\" \/>\n\t<meta property=\"og:image:height\" content=\"878\" \/>\n\t<meta property=\"og:image:type\" content=\"image\/jpeg\" \/>\n<meta name=\"author\" content=\"Groupe local Paillon-B\u00e9v\u00e9ra\" \/>\n<meta name=\"twitter:card\" content=\"summary_large_image\" \/>\n<meta name=\"twitter:label1\" content=\"\u00c9crit par\" \/>\n\t<meta name=\"twitter:data1\" content=\"Groupe local Paillon-B\u00e9v\u00e9ra\" \/>\n\t<meta name=\"twitter:label2\" content=\"Dur\u00e9e de lecture estim\u00e9e\" \/>\n\t<meta name=\"twitter:data2\" content=\"1 minute\" \/>\n<script type=\"application\/ld+json\" class=\"yoast-schema-graph\">{\"@context\":\"https:\\\/\\\/schema.org\",\"@graph\":[{\"@type\":\"Article\",\"@id\":\"https:\\\/\\\/paca.lpo.fr\\\/blogs\\\/nice\\\/2020\\\/09\\\/15\\\/camp-de-migration-du-fort-de-la-revere-11\\\/#article\",\"isPartOf\":{\"@id\":\"https:\\\/\\\/paca.lpo.fr\\\/blogs\\\/nice\\\/2020\\\/09\\\/15\\\/camp-de-migration-du-fort-de-la-revere-11\\\/\"},\"author\":{\"name\":\"Groupe local Paillon-B\u00e9v\u00e9ra\",\"@id\":\"https:\\\/\\\/paca.lpo.fr\\\/blogs\\\/nice\\\/#\\\/schema\\\/person\\\/1bda33335fb71e0b3552487db26a4c56\"},\"headline\":\"Camp de migration du Fort de la Rev\u00e8re\",\"datePublished\":\"2020-09-15T13:43:07+00:00\",\"dateModified\":\"2020-09-15T13:43:09+00:00\",\"mainEntityOfPage\":{\"@id\":\"https:\\\/\\\/paca.lpo.fr\\\/blogs\\\/nice\\\/2020\\\/09\\\/15\\\/camp-de-migration-du-fort-de-la-revere-11\\\/\"},\"wordCount\":135,\"commentCount\":0,\"publisher\":{\"@id\":\"https:\\\/\\\/paca.lpo.fr\\\/blogs\\\/nice\\\/#organization\"},\"image\":{\"@id\":\"https:\\\/\\\/paca.lpo.fr\\\/blogs\\\/nice\\\/2020\\\/09\\\/15\\\/camp-de-migration-du-fort-de-la-revere-11\\\/#primaryimage\"},\"thumbnailUrl\":\"https:\\\/\\\/paca.lpo.fr\\\/blogs\\\/nice\\\/files\\\/2020\\\/09\\\/dsc-5191.jpg\",\"articleSection\":[\"Education \u00e0 l'environnement\",\"Grands \u00e9v\u00e8nements\"],\"inLanguage\":\"fr-FR\",\"potentialAction\":[{\"@type\":\"CommentAction\",\"name\":\"Comment\",\"target\":[\"https:\\\/\\\/paca.lpo.fr\\\/blogs\\\/nice\\\/2020\\\/09\\\/15\\\/camp-de-migration-du-fort-de-la-revere-11\\\/#respond\"]}]},{\"@type\":\"WebPage\",\"@id\":\"https:\\\/\\\/paca.lpo.fr\\\/blogs\\\/nice\\\/2020\\\/09\\\/15\\\/camp-de-migration-du-fort-de-la-revere-11\\\/\",\"url\":\"https:\\\/\\\/paca.lpo.fr\\\/blogs\\\/nice\\\/2020\\\/09\\\/15\\\/camp-de-migration-du-fort-de-la-revere-11\\\/\",\"name\":\"Camp de migration du Fort de la Rev\u00e8re - Groupe local Nice\",\"isPartOf\":{\"@id\":\"https:\\\/\\\/paca.lpo.fr\\\/blogs\\\/nice\\\/#website\"},\"primaryImageOfPage\":{\"@id\":\"https:\\\/\\\/paca.lpo.fr\\\/blogs\\\/nice\\\/2020\\\/09\\\/15\\\/camp-de-migration-du-fort-de-la-revere-11\\\/#primaryimage\"},\"image\":{\"@id\":\"https:\\\/\\\/paca.lpo.fr\\\/blogs\\\/nice\\\/2020\\\/09\\\/15\\\/camp-de-migration-du-fort-de-la-revere-11\\\/#primaryimage\"},\"thumbnailUrl\":\"https:\\\/\\\/paca.lpo.fr\\\/blogs\\\/nice\\\/files\\\/2020\\\/09\\\/dsc-5191.jpg\",\"datePublished\":\"2020-09-15T13:43:07+00:00\",\"dateModified\":\"2020-09-15T13:43:09+00:00\",\"breadcrumb\":{\"@id\":\"https:\\\/\\\/paca.lpo.fr\\\/blogs\\\/nice\\\/2020\\\/09\\\/15\\\/camp-de-migration-du-fort-de-la-revere-11\\\/#breadcrumb\"},\"inLanguage\":\"fr-FR\",\"potentialAction\":[{\"@type\":\"ReadAction\",\"target\":[\"https:\\\/\\\/paca.lpo.fr\\\/blogs\\\/nice\\\/2020\\\/09\\\/15\\\/camp-de-migration-du-fort-de-la-revere-11\\\/\"]}]},{\"@type\":\"ImageObject\",\"inLanguage\":\"fr-FR\",\"@id\":\"https:\\\/\\\/paca.lpo.fr\\\/blogs\\\/nice\\\/2020\\\/09\\\/15\\\/camp-de-migration-du-fort-de-la-revere-11\\\/#primaryimage\",\"url\":\"https:\\\/\\\/paca.lpo.fr\\\/blogs\\\/nice\\\/files\\\/2020\\\/09\\\/dsc-5191.jpg\",\"contentUrl\":\"https:\\\/\\\/paca.lpo.fr\\\/blogs\\\/nice\\\/files\\\/2020\\\/09\\\/dsc-5191.jpg\",\"width\":1000,\"height\":878},{\"@type\":\"BreadcrumbList\",\"@id\":\"https:\\\/\\\/paca.lpo.fr\\\/blogs\\\/nice\\\/2020\\\/09\\\/15\\\/camp-de-migration-du-fort-de-la-revere-11\\\/#breadcrumb\",\"itemListElement\":[{\"@type\":\"ListItem\",\"position\":1,\"name\":\"Accueil\",\"item\":\"https:\\\/\\\/paca.lpo.fr\\\/blogs\\\/nice\\\/\"},{\"@type\":\"ListItem\",\"position\":2,\"name\":\"Camp de migration du Fort de la Rev\u00e8re\"}]},{\"@type\":\"WebSite\",\"@id\":\"https:\\\/\\\/paca.lpo.fr\\\/blogs\\\/nice\\\/#website\",\"url\":\"https:\\\/\\\/paca.lpo.fr\\\/blogs\\\/nice\\\/\",\"name\":\"Groupe local Nice\",\"description\":\"Groupe local Nice\",\"publisher\":{\"@id\":\"https:\\\/\\\/paca.lpo.fr\\\/blogs\\\/nice\\\/#organization\"},\"potentialAction\":[{\"@type\":\"SearchAction\",\"target\":{\"@type\":\"EntryPoint\",\"urlTemplate\":\"https:\\\/\\\/paca.lpo.fr\\\/blogs\\\/nice\\\/?s={search_term_string}\"},\"query-input\":{\"@type\":\"PropertyValueSpecification\",\"valueRequired\":true,\"valueName\":\"search_term_string\"}}],\"inLanguage\":\"fr-FR\"},{\"@type\":\"Organization\",\"@id\":\"https:\\\/\\\/paca.lpo.fr\\\/blogs\\\/nice\\\/#organization\",\"name\":\"Groupe local Nice\",\"url\":\"https:\\\/\\\/paca.lpo.fr\\\/blogs\\\/nice\\\/\",\"logo\":{\"@type\":\"ImageObject\",\"inLanguage\":\"fr-FR\",\"@id\":\"https:\\\/\\\/paca.lpo.fr\\\/blogs\\\/nice\\\/#\\\/schema\\\/logo\\\/image\\\/\",\"url\":\"https:\\\/\\\/paca.lpo.fr\\\/blogs\\\/nice\\\/files\\\/2024\\\/01\\\/cropped-rvb-lpo-paca-logotype-signature-droite-mini-500.jpg\",\"contentUrl\":\"https:\\\/\\\/paca.lpo.fr\\\/blogs\\\/nice\\\/files\\\/2024\\\/01\\\/cropped-rvb-lpo-paca-logotype-signature-droite-mini-500.jpg\",\"width\":500,\"height\":210,\"caption\":\"Groupe local Nice\"},\"image\":{\"@id\":\"https:\\\/\\\/paca.lpo.fr\\\/blogs\\\/nice\\\/#\\\/schema\\\/logo\\\/image\\\/\"}},{\"@type\":\"Person\",\"@id\":\"https:\\\/\\\/paca.lpo.fr\\\/blogs\\\/nice\\\/#\\\/schema\\\/person\\\/1bda33335fb71e0b3552487db26a4c56\",\"name\":\"Groupe local Paillon-B\u00e9v\u00e9ra\",\"image\":{\"@type\":\"ImageObject\",\"inLanguage\":\"fr-FR\",\"@id\":\"https:\\\/\\\/secure.gravatar.com\\\/avatar\\\/b1ee285506e2cb880ec988990d360e255aecb31c77212741dace1023623610c2?s=96&d=mm&r=g\",\"url\":\"https:\\\/\\\/secure.gravatar.com\\\/avatar\\\/b1ee285506e2cb880ec988990d360e255aecb31c77212741dace1023623610c2?s=96&d=mm&r=g\",\"contentUrl\":\"https:\\\/\\\/secure.gravatar.com\\\/avatar\\\/b1ee285506e2cb880ec988990d360e255aecb31c77212741dace1023623610c2?s=96&d=mm&r=g\",\"caption\":\"Groupe local Paillon-B\u00e9v\u00e9ra\"},\"url\":\"https:\\\/\\\/paca.lpo.fr\\\/blogs\\\/nice\\\/author\\\/alpesmaritimesest\\\/\"}]}<\/script>\n<!-- \/ Yoast SEO plugin. -->","yoast_head_json":{"title":"Camp de migration du Fort de la Rev\u00e8re - Groupe local Nice","robots":{"index":"index","follow":"follow","max-snippet":"max-snippet:-1","max-image-preview":"max-image-preview:large","max-video-preview":"max-video-preview:-1"},"canonical":"https:\/\/paca.lpo.fr\/blogs\/nice\/2020\/09\/15\/camp-de-migration-du-fort-de-la-revere-11\/","og_locale":"fr_FR","og_type":"article","og_title":"Camp de migration du Fort de la Rev\u00e8re - Groupe local Nice","og_url":"https:\/\/paca.lpo.fr\/blogs\/nice\/2020\/09\/15\/camp-de-migration-du-fort-de-la-revere-11\/","og_site_name":"Groupe local Nice","article_published_time":"2020-09-15T13:43:07+00:00","article_modified_time":"2020-09-15T13:43:09+00:00","og_image":[{"width":1000,"height":878,"url":"https:\/\/paca.lpo.fr\/blogs\/nice\/files\/2020\/09\/dsc-5191.jpg","type":"image\/jpeg"}],"author":"Groupe local Paillon-B\u00e9v\u00e9ra","twitter_card":"summary_large_image","twitter_misc":{"\u00c9crit par":"Groupe local Paillon-B\u00e9v\u00e9ra","Dur\u00e9e de lecture estim\u00e9e":"1 minute"},"schema":{"@context":"https:\/\/schema.org","@graph":[{"@type":"Article","@id":"https:\/\/paca.lpo.fr\/blogs\/nice\/2020\/09\/15\/camp-de-migration-du-fort-de-la-revere-11\/#article","isPartOf":{"@id":"https:\/\/paca.lpo.fr\/blogs\/nice\/2020\/09\/15\/camp-de-migration-du-fort-de-la-revere-11\/"},"author":{"name":"Groupe local Paillon-B\u00e9v\u00e9ra","@id":"https:\/\/paca.lpo.fr\/blogs\/nice\/#\/schema\/person\/1bda33335fb71e0b3552487db26a4c56"},"headline":"Camp de migration du Fort de la Rev\u00e8re","datePublished":"2020-09-15T13:43:07+00:00","dateModified":"2020-09-15T13:43:09+00:00","mainEntityOfPage":{"@id":"https:\/\/paca.lpo.fr\/blogs\/nice\/2020\/09\/15\/camp-de-migration-du-fort-de-la-revere-11\/"},"wordCount":135,"commentCount":0,"publisher":{"@id":"https:\/\/paca.lpo.fr\/blogs\/nice\/#organization"},"image":{"@id":"https:\/\/paca.lpo.fr\/blogs\/nice\/2020\/09\/15\/camp-de-migration-du-fort-de-la-revere-11\/#primaryimage"},"thumbnailUrl":"https:\/\/paca.lpo.fr\/blogs\/nice\/files\/2020\/09\/dsc-5191.jpg","articleSection":["Education \u00e0 l'environnement","Grands \u00e9v\u00e8nements"],"inLanguage":"fr-FR","potentialAction":[{"@type":"CommentAction","name":"Comment","target":["https:\/\/paca.lpo.fr\/blogs\/nice\/2020\/09\/15\/camp-de-migration-du-fort-de-la-revere-11\/#respond"]}]},{"@type":"WebPage","@id":"https:\/\/paca.lpo.fr\/blogs\/nice\/2020\/09\/15\/camp-de-migration-du-fort-de-la-revere-11\/","url":"https:\/\/paca.lpo.fr\/blogs\/nice\/2020\/09\/15\/camp-de-migration-du-fort-de-la-revere-11\/","name":"Camp de migration du Fort de la Rev\u00e8re - Groupe local Nice","isPartOf":{"@id":"https:\/\/paca.lpo.fr\/blogs\/nice\/#website"},"primaryImageOfPage":{"@id":"https:\/\/paca.lpo.fr\/blogs\/nice\/2020\/09\/15\/camp-de-migration-du-fort-de-la-revere-11\/#primaryimage"},"image":{"@id":"https:\/\/paca.lpo.fr\/blogs\/nice\/2020\/09\/15\/camp-de-migration-du-fort-de-la-revere-11\/#primaryimage"},"thumbnailUrl":"https:\/\/paca.lpo.fr\/blogs\/nice\/files\/2020\/09\/dsc-5191.jpg","datePublished":"2020-09-15T13:43:07+00:00","dateModified":"2020-09-15T13:43:09+00:00","breadcrumb":{"@id":"https:\/\/paca.lpo.fr\/blogs\/nice\/2020\/09\/15\/camp-de-migration-du-fort-de-la-revere-11\/#breadcrumb"},"inLanguage":"fr-FR","potentialAction":[{"@type":"ReadAction","target":["https:\/\/paca.lpo.fr\/blogs\/nice\/2020\/09\/15\/camp-de-migration-du-fort-de-la-revere-11\/"]}]},{"@type":"ImageObject","inLanguage":"fr-FR","@id":"https:\/\/paca.lpo.fr\/blogs\/nice\/2020\/09\/15\/camp-de-migration-du-fort-de-la-revere-11\/#primaryimage","url":"https:\/\/paca.lpo.fr\/blogs\/nice\/files\/2020\/09\/dsc-5191.jpg","contentUrl":"https:\/\/paca.lpo.fr\/blogs\/nice\/files\/2020\/09\/dsc-5191.jpg","width":1000,"height":878},{"@type":"BreadcrumbList","@id":"https:\/\/paca.lpo.fr\/blogs\/nice\/2020\/09\/15\/camp-de-migration-du-fort-de-la-revere-11\/#breadcrumb","itemListElement":[{"@type":"ListItem","position":1,"name":"Accueil","item":"https:\/\/paca.lpo.fr\/blogs\/nice\/"},{"@type":"ListItem","position":2,"name":"Camp de migration du Fort de la Rev\u00e8re"}]},{"@type":"WebSite","@id":"https:\/\/paca.lpo.fr\/blogs\/nice\/#website","url":"https:\/\/paca.lpo.fr\/blogs\/nice\/","name":"Groupe local Nice","description":"Groupe local Nice","publisher":{"@id":"https:\/\/paca.lpo.fr\/blogs\/nice\/#organization"},"potentialAction":[{"@type":"SearchAction","target":{"@type":"EntryPoint","urlTemplate":"https:\/\/paca.lpo.fr\/blogs\/nice\/?s={search_term_string}"},"query-input":{"@type":"PropertyValueSpecification","valueRequired":true,"valueName":"search_term_string"}}],"inLanguage":"fr-FR"},{"@type":"Organization","@id":"https:\/\/paca.lpo.fr\/blogs\/nice\/#organization","name":"Groupe local Nice","url":"https:\/\/paca.lpo.fr\/blogs\/nice\/","logo":{"@type":"ImageObject","inLanguage":"fr-FR","@id":"https:\/\/paca.lpo.fr\/blogs\/nice\/#\/schema\/logo\/image\/","url":"https:\/\/paca.lpo.fr\/blogs\/nice\/files\/2024\/01\/cropped-rvb-lpo-paca-logotype-signature-droite-mini-500.jpg","contentUrl":"https:\/\/paca.lpo.fr\/blogs\/nice\/files\/2024\/01\/cropped-rvb-lpo-paca-logotype-signature-droite-mini-500.jpg","width":500,"height":210,"caption":"Groupe local Nice"},"image":{"@id":"https:\/\/paca.lpo.fr\/blogs\/nice\/#\/schema\/logo\/image\/"}},{"@type":"Person","@id":"https:\/\/paca.lpo.fr\/blogs\/nice\/#\/schema\/person\/1bda33335fb71e0b3552487db26a4c56","name":"Groupe local Paillon-B\u00e9v\u00e9ra","image":{"@type":"ImageObject","inLanguage":"fr-FR","@id":"https:\/\/secure.gravatar.com\/avatar\/b1ee285506e2cb880ec988990d360e255aecb31c77212741dace1023623610c2?s=96&d=mm&r=g","url":"https:\/\/secure.gravatar.com\/avatar\/b1ee285506e2cb880ec988990d360e255aecb31c77212741dace1023623610c2?s=96&d=mm&r=g","contentUrl":"https:\/\/secure.gravatar.com\/avatar\/b1ee285506e2cb880ec988990d360e255aecb31c77212741dace1023623610c2?s=96&d=mm&r=g","caption":"Groupe local Paillon-B\u00e9v\u00e9ra"},"url":"https:\/\/paca.lpo.fr\/blogs\/nice\/author\/alpesmaritimesest\/"}]}},"jetpack_featured_media_url":"https:\/\/paca.lpo.fr\/blogs\/nice\/files\/2020\/09\/dsc-5191.jpg","_links":{"self":[{"href":"https:\/\/paca.lpo.fr\/blogs\/nice\/wp-json\/wp\/v2\/posts\/3126","targetHints":{"allow":["GET"]}}],"collection":[{"href":"https:\/\/paca.lpo.fr\/blogs\/nice\/wp-json\/wp\/v2\/posts"}],"about":[{"href":"https:\/\/paca.lpo.fr\/blogs\/nice\/wp-json\/wp\/v2\/types\/post"}],"author":[{"embeddable":true,"href":"https:\/\/paca.lpo.fr\/blogs\/nice\/wp-json\/wp\/v2\/users\/15"}],"replies":[{"embeddable":true,"href":"https:\/\/paca.lpo.fr\/blogs\/nice\/wp-json\/wp\/v2\/comments?post=3126"}],"version-history":[{"count":1,"href":"https:\/\/paca.lpo.fr\/blogs\/nice\/wp-json\/wp\/v2\/posts\/3126\/revisions"}],"predecessor-version":[{"id":3132,"href":"https:\/\/paca.lpo.fr\/blogs\/nice\/wp-json\/wp\/v2\/posts\/3126\/revisions\/3132"}],"wp:featuredmedia":[{"embeddable":true,"href":"https:\/\/paca.lpo.fr\/blogs\/nice\/wp-json\/wp\/v2\/media\/3128"}],"wp:attachment":[{"href":"https:\/\/paca.lpo.fr\/blogs\/nice\/wp-json\/wp\/v2\/media?parent=3126"}],"wp:term":[{"taxonomy":"category","embeddable":true,"href":"https:\/\/paca.lpo.fr\/blogs\/nice\/wp-json\/wp\/v2\/categories?post=3126"},{"taxonomy":"post_tag","embeddable":true,"href":"https:\/\/paca.lpo.fr\/blogs\/nice\/wp-json\/wp\/v2\/tags?post=3126"}],"curies":[{"name":"wp","href":"https:\/\/api.w.org\/{rel}","templated":true}]}}