{"id":3145,"date":"2020-09-28T10:26:40","date_gmt":"2020-09-28T09:26:40","guid":{"rendered":"https:\/\/paca.lpo.fr\/blogs\/nice\/?p=3145"},"modified":"2020-09-28T10:55:58","modified_gmt":"2020-09-28T09:55:58","slug":"camp-de-migration-du-fort-de-la-revere-12","status":"publish","type":"post","link":"https:\/\/paca.lpo.fr\/blogs\/nice\/2020\/09\/28\/camp-de-migration-du-fort-de-la-revere-12\/","title":{"rendered":"Camp de migration du Fort de la Rev\u00e8re"},"content":{"rendered":"\n<p>Beaucoup de vent pour ce 4<sup>\u00e8me<\/sup> dimanche d\u2019observation des oiseaux migrateurs, mais aussi du soleil, et le public a pu observer des Circa\u00e8tes, Milans royaux, Bondr\u00e9es apivores, Busards des roseaux et Aigles bott\u00e9s entre autres.<\/p>\n<p>Nous avons eu le plaisir d&rsquo;accueillir nos amis du Groupe Local Grande Drac\u00e9nie ce 27 septembre.<\/p>\n<p><span style=\"font-size: inherit\">En ces temps de reprise inqui\u00e9tante de l&rsquo;\u00e9pid\u00e9mie <\/span><strong style=\"font-size: inherit\">de Coronavirus<\/strong><span style=\"font-size: inherit\"> nous devons nous conformer aux consignes sanitaires \u00e9manant du Conseil D\u00e9partemental des Alpes Maritimes, nous demandant de restreindre notre capacit\u00e9 d\u2019accueil \u00e0 <\/span><strong style=\"font-size: inherit\">10 personnes pr\u00e9sentes en simultan\u00e9 au poste d\u2019observation<\/strong><span style=\"font-size: inherit\">. Les gestes barri\u00e8res habituels restent de rigueur, distanciation d\u2019un m\u00e8tre minimum entre les personnes et port du masque quand la distanciation n\u2019est pas possible.<\/span><\/p>\n<p><a href=\"https:\/\/www.departement06.fr\/les-parcs\/parc-de-la-grande-corniche-2115.html\">https:\/\/www.departement06.fr\/les-parcs\/parc-de-la-grande-corniche-2115.html<\/a><\/p>\n<p>Nous avons pu cr\u00e9er deux zones, d\u00e9limit\u00e9es par rubalise, permettant l\u2019acc\u00e8s aux\u00a0 ornithologues et \u00ab spotteurs \u00bb d\u2019une part, et d\u2019accueillir le public \u00e0 l\u2019observatoire. Nous demandons aux visiteurs de respecter ces mesures, sans lesquelles le camp de migration ne pourrait pas \u00eatre maintenu. Merci de votre compr\u00e9hension.<\/p>\n\n\n\n<figure class=\"wp-block-image size-large\"><img loading=\"lazy\" decoding=\"async\" width=\"960\" height=\"720\" src=\"https:\/\/paca.lpo.fr\/blogs\/nice\/files\/2020\/09\/img-20200927-114050-960x720.jpg\" alt=\"\" class=\"wp-image-3146\" srcset=\"https:\/\/paca.lpo.fr\/blogs\/nice\/files\/2020\/09\/img-20200927-114050-960x720.jpg 960w, https:\/\/paca.lpo.fr\/blogs\/nice\/files\/2020\/09\/img-20200927-114050-480x360.jpg 480w, https:\/\/paca.lpo.fr\/blogs\/nice\/files\/2020\/09\/img-20200927-114050-768x576.jpg 768w, https:\/\/paca.lpo.fr\/blogs\/nice\/files\/2020\/09\/img-20200927-114050.jpg 968w\" sizes=\"auto, (max-width: 960px) 100vw, 960px\" \/><\/figure>\n\n\n\n<figure class=\"wp-block-image size-large\"><img loading=\"lazy\" decoding=\"async\" width=\"960\" height=\"720\" src=\"https:\/\/paca.lpo.fr\/blogs\/nice\/files\/2020\/09\/img-20200927-115257-960x720.jpg\" alt=\"\" class=\"wp-image-3147\" srcset=\"https:\/\/paca.lpo.fr\/blogs\/nice\/files\/2020\/09\/img-20200927-115257-960x720.jpg 960w, https:\/\/paca.lpo.fr\/blogs\/nice\/files\/2020\/09\/img-20200927-115257-480x360.jpg 480w, https:\/\/paca.lpo.fr\/blogs\/nice\/files\/2020\/09\/img-20200927-115257-768x576.jpg 768w, https:\/\/paca.lpo.fr\/blogs\/nice\/files\/2020\/09\/img-20200927-115257.jpg 968w\" sizes=\"auto, (max-width: 960px) 100vw, 960px\" \/><\/figure>\n","protected":false},"excerpt":{"rendered":"","protected":false},"author":15,"featured_media":3148,"comment_status":"open","ping_status":"open","sticky":false,"template":"","format":"standard","meta":{"footnotes":""},"categories":[79,77],"tags":[],"class_list":["post-3145","post","type-post","status-publish","format-standard","has-post-thumbnail","hentry","category-education-a-lenvironnement","category-grands-evenements"],"yoast_head":"<!-- This site is optimized with the Yoast SEO plugin v28.3 - https:\/\/yoast.com\/product\/yoast-seo-wordpress\/ -->\n<title>Camp de migration du Fort de la Rev\u00e8re - Groupe local Nice<\/title>\n<meta name=\"robots\" content=\"index, follow, max-snippet:-1, max-image-preview:large, max-video-preview:-1\" \/>\n<link rel=\"canonical\" href=\"https:\/\/paca.lpo.fr\/blogs\/nice\/2020\/09\/28\/camp-de-migration-du-fort-de-la-revere-12\/\" \/>\n<meta property=\"og:locale\" content=\"fr_FR\" \/>\n<meta property=\"og:type\" content=\"article\" \/>\n<meta property=\"og:title\" content=\"Camp de migration du Fort de la Rev\u00e8re - Groupe local Nice\" \/>\n<meta property=\"og:url\" content=\"https:\/\/paca.lpo.fr\/blogs\/nice\/2020\/09\/28\/camp-de-migration-du-fort-de-la-revere-12\/\" \/>\n<meta property=\"og:site_name\" content=\"Groupe local Nice\" \/>\n<meta property=\"article:published_time\" content=\"2020-09-28T09:26:40+00:00\" \/>\n<meta property=\"article:modified_time\" content=\"2020-09-28T09:55:58+00:00\" \/>\n<meta property=\"og:image\" content=\"https:\/\/paca.lpo.fr\/blogs\/nice\/files\/2020\/09\/img-20200927-115428.jpg\" \/>\n\t<meta property=\"og:image:width\" content=\"968\" \/>\n\t<meta property=\"og:image:height\" content=\"726\" \/>\n\t<meta property=\"og:image:type\" content=\"image\/jpeg\" \/>\n<meta name=\"author\" content=\"Groupe local Paillon-B\u00e9v\u00e9ra\" \/>\n<meta name=\"twitter:card\" content=\"summary_large_image\" \/>\n<meta name=\"twitter:label1\" content=\"\u00c9crit par\" \/>\n\t<meta name=\"twitter:data1\" content=\"Groupe local Paillon-B\u00e9v\u00e9ra\" \/>\n\t<meta name=\"twitter:label2\" content=\"Dur\u00e9e de lecture estim\u00e9e\" \/>\n\t<meta name=\"twitter:data2\" content=\"1 minute\" \/>\n<script type=\"application\/ld+json\" class=\"yoast-schema-graph\">{\"@context\":\"https:\\\/\\\/schema.org\",\"@graph\":[{\"@type\":\"Article\",\"@id\":\"https:\\\/\\\/paca.lpo.fr\\\/blogs\\\/nice\\\/2020\\\/09\\\/28\\\/camp-de-migration-du-fort-de-la-revere-12\\\/#article\",\"isPartOf\":{\"@id\":\"https:\\\/\\\/paca.lpo.fr\\\/blogs\\\/nice\\\/2020\\\/09\\\/28\\\/camp-de-migration-du-fort-de-la-revere-12\\\/\"},\"author\":{\"name\":\"Groupe local Paillon-B\u00e9v\u00e9ra\",\"@id\":\"https:\\\/\\\/paca.lpo.fr\\\/blogs\\\/nice\\\/#\\\/schema\\\/person\\\/1bda33335fb71e0b3552487db26a4c56\"},\"headline\":\"Camp de migration du Fort de la Rev\u00e8re\",\"datePublished\":\"2020-09-28T09:26:40+00:00\",\"dateModified\":\"2020-09-28T09:55:58+00:00\",\"mainEntityOfPage\":{\"@id\":\"https:\\\/\\\/paca.lpo.fr\\\/blogs\\\/nice\\\/2020\\\/09\\\/28\\\/camp-de-migration-du-fort-de-la-revere-12\\\/\"},\"wordCount\":199,\"commentCount\":0,\"publisher\":{\"@id\":\"https:\\\/\\\/paca.lpo.fr\\\/blogs\\\/nice\\\/#organization\"},\"image\":{\"@id\":\"https:\\\/\\\/paca.lpo.fr\\\/blogs\\\/nice\\\/2020\\\/09\\\/28\\\/camp-de-migration-du-fort-de-la-revere-12\\\/#primaryimage\"},\"thumbnailUrl\":\"https:\\\/\\\/paca.lpo.fr\\\/blogs\\\/nice\\\/files\\\/2020\\\/09\\\/img-20200927-115428.jpg\",\"articleSection\":[\"Education \u00e0 l'environnement\",\"Grands \u00e9v\u00e8nements\"],\"inLanguage\":\"fr-FR\",\"potentialAction\":[{\"@type\":\"CommentAction\",\"name\":\"Comment\",\"target\":[\"https:\\\/\\\/paca.lpo.fr\\\/blogs\\\/nice\\\/2020\\\/09\\\/28\\\/camp-de-migration-du-fort-de-la-revere-12\\\/#respond\"]}]},{\"@type\":\"WebPage\",\"@id\":\"https:\\\/\\\/paca.lpo.fr\\\/blogs\\\/nice\\\/2020\\\/09\\\/28\\\/camp-de-migration-du-fort-de-la-revere-12\\\/\",\"url\":\"https:\\\/\\\/paca.lpo.fr\\\/blogs\\\/nice\\\/2020\\\/09\\\/28\\\/camp-de-migration-du-fort-de-la-revere-12\\\/\",\"name\":\"Camp de migration du Fort de la Rev\u00e8re - Groupe local Nice\",\"isPartOf\":{\"@id\":\"https:\\\/\\\/paca.lpo.fr\\\/blogs\\\/nice\\\/#website\"},\"primaryImageOfPage\":{\"@id\":\"https:\\\/\\\/paca.lpo.fr\\\/blogs\\\/nice\\\/2020\\\/09\\\/28\\\/camp-de-migration-du-fort-de-la-revere-12\\\/#primaryimage\"},\"image\":{\"@id\":\"https:\\\/\\\/paca.lpo.fr\\\/blogs\\\/nice\\\/2020\\\/09\\\/28\\\/camp-de-migration-du-fort-de-la-revere-12\\\/#primaryimage\"},\"thumbnailUrl\":\"https:\\\/\\\/paca.lpo.fr\\\/blogs\\\/nice\\\/files\\\/2020\\\/09\\\/img-20200927-115428.jpg\",\"datePublished\":\"2020-09-28T09:26:40+00:00\",\"dateModified\":\"2020-09-28T09:55:58+00:00\",\"breadcrumb\":{\"@id\":\"https:\\\/\\\/paca.lpo.fr\\\/blogs\\\/nice\\\/2020\\\/09\\\/28\\\/camp-de-migration-du-fort-de-la-revere-12\\\/#breadcrumb\"},\"inLanguage\":\"fr-FR\",\"potentialAction\":[{\"@type\":\"ReadAction\",\"target\":[\"https:\\\/\\\/paca.lpo.fr\\\/blogs\\\/nice\\\/2020\\\/09\\\/28\\\/camp-de-migration-du-fort-de-la-revere-12\\\/\"]}]},{\"@type\":\"ImageObject\",\"inLanguage\":\"fr-FR\",\"@id\":\"https:\\\/\\\/paca.lpo.fr\\\/blogs\\\/nice\\\/2020\\\/09\\\/28\\\/camp-de-migration-du-fort-de-la-revere-12\\\/#primaryimage\",\"url\":\"https:\\\/\\\/paca.lpo.fr\\\/blogs\\\/nice\\\/files\\\/2020\\\/09\\\/img-20200927-115428.jpg\",\"contentUrl\":\"https:\\\/\\\/paca.lpo.fr\\\/blogs\\\/nice\\\/files\\\/2020\\\/09\\\/img-20200927-115428.jpg\",\"width\":968,\"height\":726},{\"@type\":\"BreadcrumbList\",\"@id\":\"https:\\\/\\\/paca.lpo.fr\\\/blogs\\\/nice\\\/2020\\\/09\\\/28\\\/camp-de-migration-du-fort-de-la-revere-12\\\/#breadcrumb\",\"itemListElement\":[{\"@type\":\"ListItem\",\"position\":1,\"name\":\"Accueil\",\"item\":\"https:\\\/\\\/paca.lpo.fr\\\/blogs\\\/nice\\\/\"},{\"@type\":\"ListItem\",\"position\":2,\"name\":\"Camp de migration du Fort de la Rev\u00e8re\"}]},{\"@type\":\"WebSite\",\"@id\":\"https:\\\/\\\/paca.lpo.fr\\\/blogs\\\/nice\\\/#website\",\"url\":\"https:\\\/\\\/paca.lpo.fr\\\/blogs\\\/nice\\\/\",\"name\":\"Groupe local Nice\",\"description\":\"Groupe local Nice\",\"publisher\":{\"@id\":\"https:\\\/\\\/paca.lpo.fr\\\/blogs\\\/nice\\\/#organization\"},\"potentialAction\":[{\"@type\":\"SearchAction\",\"target\":{\"@type\":\"EntryPoint\",\"urlTemplate\":\"https:\\\/\\\/paca.lpo.fr\\\/blogs\\\/nice\\\/?s={search_term_string}\"},\"query-input\":{\"@type\":\"PropertyValueSpecification\",\"valueRequired\":true,\"valueName\":\"search_term_string\"}}],\"inLanguage\":\"fr-FR\"},{\"@type\":\"Organization\",\"@id\":\"https:\\\/\\\/paca.lpo.fr\\\/blogs\\\/nice\\\/#organization\",\"name\":\"Groupe local Nice\",\"url\":\"https:\\\/\\\/paca.lpo.fr\\\/blogs\\\/nice\\\/\",\"logo\":{\"@type\":\"ImageObject\",\"inLanguage\":\"fr-FR\",\"@id\":\"https:\\\/\\\/paca.lpo.fr\\\/blogs\\\/nice\\\/#\\\/schema\\\/logo\\\/image\\\/\",\"url\":\"https:\\\/\\\/paca.lpo.fr\\\/blogs\\\/nice\\\/files\\\/2024\\\/01\\\/cropped-rvb-lpo-paca-logotype-signature-droite-mini-500.jpg\",\"contentUrl\":\"https:\\\/\\\/paca.lpo.fr\\\/blogs\\\/nice\\\/files\\\/2024\\\/01\\\/cropped-rvb-lpo-paca-logotype-signature-droite-mini-500.jpg\",\"width\":500,\"height\":210,\"caption\":\"Groupe local Nice\"},\"image\":{\"@id\":\"https:\\\/\\\/paca.lpo.fr\\\/blogs\\\/nice\\\/#\\\/schema\\\/logo\\\/image\\\/\"}},{\"@type\":\"Person\",\"@id\":\"https:\\\/\\\/paca.lpo.fr\\\/blogs\\\/nice\\\/#\\\/schema\\\/person\\\/1bda33335fb71e0b3552487db26a4c56\",\"name\":\"Groupe local Paillon-B\u00e9v\u00e9ra\",\"image\":{\"@type\":\"ImageObject\",\"inLanguage\":\"fr-FR\",\"@id\":\"https:\\\/\\\/secure.gravatar.com\\\/avatar\\\/b1ee285506e2cb880ec988990d360e255aecb31c77212741dace1023623610c2?s=96&d=mm&r=g\",\"url\":\"https:\\\/\\\/secure.gravatar.com\\\/avatar\\\/b1ee285506e2cb880ec988990d360e255aecb31c77212741dace1023623610c2?s=96&d=mm&r=g\",\"contentUrl\":\"https:\\\/\\\/secure.gravatar.com\\\/avatar\\\/b1ee285506e2cb880ec988990d360e255aecb31c77212741dace1023623610c2?s=96&d=mm&r=g\",\"caption\":\"Groupe local Paillon-B\u00e9v\u00e9ra\"},\"url\":\"https:\\\/\\\/paca.lpo.fr\\\/blogs\\\/nice\\\/author\\\/alpesmaritimesest\\\/\"}]}<\/script>\n<!-- \/ Yoast SEO plugin. -->","yoast_head_json":{"title":"Camp de migration du Fort de la Rev\u00e8re - Groupe local Nice","robots":{"index":"index","follow":"follow","max-snippet":"max-snippet:-1","max-image-preview":"max-image-preview:large","max-video-preview":"max-video-preview:-1"},"canonical":"https:\/\/paca.lpo.fr\/blogs\/nice\/2020\/09\/28\/camp-de-migration-du-fort-de-la-revere-12\/","og_locale":"fr_FR","og_type":"article","og_title":"Camp de migration du Fort de la Rev\u00e8re - Groupe local Nice","og_url":"https:\/\/paca.lpo.fr\/blogs\/nice\/2020\/09\/28\/camp-de-migration-du-fort-de-la-revere-12\/","og_site_name":"Groupe local Nice","article_published_time":"2020-09-28T09:26:40+00:00","article_modified_time":"2020-09-28T09:55:58+00:00","og_image":[{"width":968,"height":726,"url":"https:\/\/paca.lpo.fr\/blogs\/nice\/files\/2020\/09\/img-20200927-115428.jpg","type":"image\/jpeg"}],"author":"Groupe local Paillon-B\u00e9v\u00e9ra","twitter_card":"summary_large_image","twitter_misc":{"\u00c9crit par":"Groupe local Paillon-B\u00e9v\u00e9ra","Dur\u00e9e de lecture estim\u00e9e":"1 minute"},"schema":{"@context":"https:\/\/schema.org","@graph":[{"@type":"Article","@id":"https:\/\/paca.lpo.fr\/blogs\/nice\/2020\/09\/28\/camp-de-migration-du-fort-de-la-revere-12\/#article","isPartOf":{"@id":"https:\/\/paca.lpo.fr\/blogs\/nice\/2020\/09\/28\/camp-de-migration-du-fort-de-la-revere-12\/"},"author":{"name":"Groupe local Paillon-B\u00e9v\u00e9ra","@id":"https:\/\/paca.lpo.fr\/blogs\/nice\/#\/schema\/person\/1bda33335fb71e0b3552487db26a4c56"},"headline":"Camp de migration du Fort de la Rev\u00e8re","datePublished":"2020-09-28T09:26:40+00:00","dateModified":"2020-09-28T09:55:58+00:00","mainEntityOfPage":{"@id":"https:\/\/paca.lpo.fr\/blogs\/nice\/2020\/09\/28\/camp-de-migration-du-fort-de-la-revere-12\/"},"wordCount":199,"commentCount":0,"publisher":{"@id":"https:\/\/paca.lpo.fr\/blogs\/nice\/#organization"},"image":{"@id":"https:\/\/paca.lpo.fr\/blogs\/nice\/2020\/09\/28\/camp-de-migration-du-fort-de-la-revere-12\/#primaryimage"},"thumbnailUrl":"https:\/\/paca.lpo.fr\/blogs\/nice\/files\/2020\/09\/img-20200927-115428.jpg","articleSection":["Education \u00e0 l'environnement","Grands \u00e9v\u00e8nements"],"inLanguage":"fr-FR","potentialAction":[{"@type":"CommentAction","name":"Comment","target":["https:\/\/paca.lpo.fr\/blogs\/nice\/2020\/09\/28\/camp-de-migration-du-fort-de-la-revere-12\/#respond"]}]},{"@type":"WebPage","@id":"https:\/\/paca.lpo.fr\/blogs\/nice\/2020\/09\/28\/camp-de-migration-du-fort-de-la-revere-12\/","url":"https:\/\/paca.lpo.fr\/blogs\/nice\/2020\/09\/28\/camp-de-migration-du-fort-de-la-revere-12\/","name":"Camp de migration du Fort de la Rev\u00e8re - Groupe local Nice","isPartOf":{"@id":"https:\/\/paca.lpo.fr\/blogs\/nice\/#website"},"primaryImageOfPage":{"@id":"https:\/\/paca.lpo.fr\/blogs\/nice\/2020\/09\/28\/camp-de-migration-du-fort-de-la-revere-12\/#primaryimage"},"image":{"@id":"https:\/\/paca.lpo.fr\/blogs\/nice\/2020\/09\/28\/camp-de-migration-du-fort-de-la-revere-12\/#primaryimage"},"thumbnailUrl":"https:\/\/paca.lpo.fr\/blogs\/nice\/files\/2020\/09\/img-20200927-115428.jpg","datePublished":"2020-09-28T09:26:40+00:00","dateModified":"2020-09-28T09:55:58+00:00","breadcrumb":{"@id":"https:\/\/paca.lpo.fr\/blogs\/nice\/2020\/09\/28\/camp-de-migration-du-fort-de-la-revere-12\/#breadcrumb"},"inLanguage":"fr-FR","potentialAction":[{"@type":"ReadAction","target":["https:\/\/paca.lpo.fr\/blogs\/nice\/2020\/09\/28\/camp-de-migration-du-fort-de-la-revere-12\/"]}]},{"@type":"ImageObject","inLanguage":"fr-FR","@id":"https:\/\/paca.lpo.fr\/blogs\/nice\/2020\/09\/28\/camp-de-migration-du-fort-de-la-revere-12\/#primaryimage","url":"https:\/\/paca.lpo.fr\/blogs\/nice\/files\/2020\/09\/img-20200927-115428.jpg","contentUrl":"https:\/\/paca.lpo.fr\/blogs\/nice\/files\/2020\/09\/img-20200927-115428.jpg","width":968,"height":726},{"@type":"BreadcrumbList","@id":"https:\/\/paca.lpo.fr\/blogs\/nice\/2020\/09\/28\/camp-de-migration-du-fort-de-la-revere-12\/#breadcrumb","itemListElement":[{"@type":"ListItem","position":1,"name":"Accueil","item":"https:\/\/paca.lpo.fr\/blogs\/nice\/"},{"@type":"ListItem","position":2,"name":"Camp de migration du Fort de la Rev\u00e8re"}]},{"@type":"WebSite","@id":"https:\/\/paca.lpo.fr\/blogs\/nice\/#website","url":"https:\/\/paca.lpo.fr\/blogs\/nice\/","name":"Groupe local Nice","description":"Groupe local Nice","publisher":{"@id":"https:\/\/paca.lpo.fr\/blogs\/nice\/#organization"},"potentialAction":[{"@type":"SearchAction","target":{"@type":"EntryPoint","urlTemplate":"https:\/\/paca.lpo.fr\/blogs\/nice\/?s={search_term_string}"},"query-input":{"@type":"PropertyValueSpecification","valueRequired":true,"valueName":"search_term_string"}}],"inLanguage":"fr-FR"},{"@type":"Organization","@id":"https:\/\/paca.lpo.fr\/blogs\/nice\/#organization","name":"Groupe local Nice","url":"https:\/\/paca.lpo.fr\/blogs\/nice\/","logo":{"@type":"ImageObject","inLanguage":"fr-FR","@id":"https:\/\/paca.lpo.fr\/blogs\/nice\/#\/schema\/logo\/image\/","url":"https:\/\/paca.lpo.fr\/blogs\/nice\/files\/2024\/01\/cropped-rvb-lpo-paca-logotype-signature-droite-mini-500.jpg","contentUrl":"https:\/\/paca.lpo.fr\/blogs\/nice\/files\/2024\/01\/cropped-rvb-lpo-paca-logotype-signature-droite-mini-500.jpg","width":500,"height":210,"caption":"Groupe local Nice"},"image":{"@id":"https:\/\/paca.lpo.fr\/blogs\/nice\/#\/schema\/logo\/image\/"}},{"@type":"Person","@id":"https:\/\/paca.lpo.fr\/blogs\/nice\/#\/schema\/person\/1bda33335fb71e0b3552487db26a4c56","name":"Groupe local Paillon-B\u00e9v\u00e9ra","image":{"@type":"ImageObject","inLanguage":"fr-FR","@id":"https:\/\/secure.gravatar.com\/avatar\/b1ee285506e2cb880ec988990d360e255aecb31c77212741dace1023623610c2?s=96&d=mm&r=g","url":"https:\/\/secure.gravatar.com\/avatar\/b1ee285506e2cb880ec988990d360e255aecb31c77212741dace1023623610c2?s=96&d=mm&r=g","contentUrl":"https:\/\/secure.gravatar.com\/avatar\/b1ee285506e2cb880ec988990d360e255aecb31c77212741dace1023623610c2?s=96&d=mm&r=g","caption":"Groupe local Paillon-B\u00e9v\u00e9ra"},"url":"https:\/\/paca.lpo.fr\/blogs\/nice\/author\/alpesmaritimesest\/"}]}},"jetpack_featured_media_url":"https:\/\/paca.lpo.fr\/blogs\/nice\/files\/2020\/09\/img-20200927-115428.jpg","_links":{"self":[{"href":"https:\/\/paca.lpo.fr\/blogs\/nice\/wp-json\/wp\/v2\/posts\/3145","targetHints":{"allow":["GET"]}}],"collection":[{"href":"https:\/\/paca.lpo.fr\/blogs\/nice\/wp-json\/wp\/v2\/posts"}],"about":[{"href":"https:\/\/paca.lpo.fr\/blogs\/nice\/wp-json\/wp\/v2\/types\/post"}],"author":[{"embeddable":true,"href":"https:\/\/paca.lpo.fr\/blogs\/nice\/wp-json\/wp\/v2\/users\/15"}],"replies":[{"embeddable":true,"href":"https:\/\/paca.lpo.fr\/blogs\/nice\/wp-json\/wp\/v2\/comments?post=3145"}],"version-history":[{"count":3,"href":"https:\/\/paca.lpo.fr\/blogs\/nice\/wp-json\/wp\/v2\/posts\/3145\/revisions"}],"predecessor-version":[{"id":3151,"href":"https:\/\/paca.lpo.fr\/blogs\/nice\/wp-json\/wp\/v2\/posts\/3145\/revisions\/3151"}],"wp:featuredmedia":[{"embeddable":true,"href":"https:\/\/paca.lpo.fr\/blogs\/nice\/wp-json\/wp\/v2\/media\/3148"}],"wp:attachment":[{"href":"https:\/\/paca.lpo.fr\/blogs\/nice\/wp-json\/wp\/v2\/media?parent=3145"}],"wp:term":[{"taxonomy":"category","embeddable":true,"href":"https:\/\/paca.lpo.fr\/blogs\/nice\/wp-json\/wp\/v2\/categories?post=3145"},{"taxonomy":"post_tag","embeddable":true,"href":"https:\/\/paca.lpo.fr\/blogs\/nice\/wp-json\/wp\/v2\/tags?post=3145"}],"curies":[{"name":"wp","href":"https:\/\/api.w.org\/{rel}","templated":true}]}}