{"id":3189,"date":"2021-01-15T15:45:53","date_gmt":"2021-01-15T14:45:53","guid":{"rendered":"https:\/\/paca.lpo.fr\/blogs\/nice\/?p=3189"},"modified":"2021-01-15T15:45:53","modified_gmt":"2021-01-15T14:45:53","slug":"nos-sorties-nature","status":"publish","type":"post","link":"https:\/\/paca.lpo.fr\/blogs\/nice\/2021\/01\/15\/nos-sorties-nature\/","title":{"rendered":"Nos sorties nature"},"content":{"rendered":"\n<p class=\"wp-block-paragraph\">En raison des incertitudes li\u00e9es \u00e0 la situation sanitaire actuelle le Groupe Local Littoral Ni\u00e7ois et Mentonnais ne diffusera pas son agenda habituel de sorties pour le premier trimestre. Mais nous avons h\u00e2te de vous retrouver lors de balades d\u2019observation, et pour les quelques mois \u00e0 venir nous essayerons, en fonction de l\u2019\u00e9volution des mesures de pr\u00e9vention, de proposer quelques sorties.<\/p>\n\n\n\n<p class=\"wp-block-paragraph\">La <strong>balade naturaliste \u00ab\u00a0les oiseaux de Peira Cava\u00a0\u00bb<\/strong> est d\u00e9j\u00e0 compl\u00e8te, quelques heures seulement apr\u00e8s l\u2019annonce sur notre Actu 06 le 14 janvier\u00a0! Nous sommes d\u00e9sol\u00e9s de vous d\u00e9cevoir, mais nos animateurs ont des consignes strictes pour pouvoir accueillir les visiteurs en toute s\u00e9curit\u00e9 dans le respect des mesures sanitaires li\u00e9es \u00e0 la Covid-19 et le nombre de participants est tr\u00e8s limit\u00e9. Il est toutefois possible de vous inscrire sur la liste d\u2019attente pour cette sortie\u00a0:<\/p>\n\n\n\n<p class=\"wp-block-paragraph\"><strong><em>Samedi 30 Janvier, de 10h \u00e0 15h<\/em><\/strong><em> : Partez \u00e0 la d\u00e9couverte des oiseaux d&rsquo;altitude en hiver ! Cette sortie nature est ouverte \u00e0 tous, afin d&rsquo;observer les buses, les grands corbeaux et les passereaux de nos montagnes. Nous nous baladerons jusqu&rsquo;\u00e0 la table d&rsquo;orientation, o\u00f9 la vue sur les Alpes est splendide.\u00a0Participation : 3\u20ac par personne<\/em><\/p>\n\n\n\n<p class=\"wp-block-paragraph\"><strong><em>RENSEIGNEMENTS et RESERVATION : <\/em><\/strong><em><a href=\"mailto:annefalentin@wanadoo.fr\"><strong>annefalentin@wanadoo.fr<\/strong><\/a><\/em><strong><em><\/em><\/strong><\/p>\n\n\n\n<p class=\"wp-block-paragraph\"><strong>Samedi 13 f\u00e9vrier<\/strong>, sous r\u00e9serves de nouvelles mesures sanitaires li\u00e9es \u00e0 la Covid, nous proposerons une balade d\u2019observation \u00e0 l\u2019occasion des Journ\u00e9es Mondiales des Zones Humides&nbsp;: \u00ab\u00a0<strong>Sortie au bord des bras du Paillon de l&rsquo;Escar\u00e8ne\u00a0\u00bb<\/strong><\/p>\n\n\n\n<p class=\"wp-block-paragraph\"><strong>Mi-mars<\/strong> nous pr\u00e9voyons, si possible, une journ\u00e9e d\u2019observation des oiseaux migrateurs <strong>\u00ab&nbsp;Le Retour d\u2019Afrique&nbsp;\u00bb <\/strong>(la date et le lieu seront communiqu\u00e9s plus tard)<\/p>\n\n\n\n<p class=\"wp-block-paragraph\"><strong>En avril<\/strong>, si tout va bien, nous partirons \u00e0 la d\u00e9couverte des oiseaux de Beuil-les-Launes.<\/p>\n\n\n\n<p class=\"wp-block-paragraph\">Nos salari\u00e9s proposent \u00e9galement des sorties et autres \u00e9v\u00e8nements sur tout le d\u00e9partement. Si vous souhaitez \u00eatre inform\u00e9s chaque mois des \u00e9v\u00e8nements qui sont propos\u00e9s dans notre d\u00e9partement, inscrivez-vous pour recevoir notre actualit\u00e9 06\u00a0<a href=\"https:\/\/paca.lpo.fr\/association-protection-nature-lpo-paca\/notre-action-en-paca\/alpes-maritimes\">https:\/\/paca.lpo.fr\/association-protection-nature-lpo-paca\/notre-action-en-paca\/alpes-maritimes<\/a><\/p>\n\n\n\n<p class=\"wp-block-paragraph\">MERCI DE VOTRE COMPEHENSION<\/p>\n","protected":false},"excerpt":{"rendered":"<p>En raison des incertitudes li\u00e9es \u00e0 la situation sanitaire actuelle le Groupe Local Littoral Ni\u00e7ois et Mentonnais ne diffusera pas son agenda habituel de sorties pour le premier trimestre. Mais nous avons h\u00e2te de vous retrouver lors de balades d\u2019observation, et pour les quelques mois \u00e0 venir nous essayerons, en fonction de l\u2019\u00e9volution des mesures [&hellip;]<\/p>\n","protected":false},"author":15,"featured_media":0,"comment_status":"open","ping_status":"open","sticky":false,"template":"","format":"standard","meta":{"footnotes":""},"categories":[1],"tags":[],"class_list":["post-3189","post","type-post","status-publish","format-standard","hentry","category-sorties-nature"],"yoast_head":"<!-- This site is optimized with the Yoast SEO plugin v28.3 - https:\/\/yoast.com\/product\/yoast-seo-wordpress\/ -->\n<title>Nos sorties nature - Groupe local Nice<\/title>\n<meta name=\"robots\" content=\"index, follow, max-snippet:-1, max-image-preview:large, max-video-preview:-1\" \/>\n<link rel=\"canonical\" href=\"https:\/\/paca.lpo.fr\/blogs\/nice\/2021\/01\/15\/nos-sorties-nature\/\" \/>\n<meta property=\"og:locale\" content=\"fr_FR\" \/>\n<meta property=\"og:type\" content=\"article\" \/>\n<meta property=\"og:title\" content=\"Nos sorties nature - Groupe local Nice\" \/>\n<meta property=\"og:description\" content=\"En raison des incertitudes li\u00e9es \u00e0 la situation sanitaire actuelle le Groupe Local Littoral Ni\u00e7ois et Mentonnais ne diffusera pas son agenda habituel de sorties pour le premier trimestre. Mais nous avons h\u00e2te de vous retrouver lors de balades d\u2019observation, et pour les quelques mois \u00e0 venir nous essayerons, en fonction de l\u2019\u00e9volution des mesures [&hellip;]\" \/>\n<meta property=\"og:url\" content=\"https:\/\/paca.lpo.fr\/blogs\/nice\/2021\/01\/15\/nos-sorties-nature\/\" \/>\n<meta property=\"og:site_name\" content=\"Groupe local Nice\" \/>\n<meta property=\"article:published_time\" content=\"2021-01-15T14:45:53+00:00\" \/>\n<meta name=\"author\" content=\"Groupe local Paillon-B\u00e9v\u00e9ra\" \/>\n<meta name=\"twitter:card\" content=\"summary_large_image\" \/>\n<meta name=\"twitter:label1\" content=\"\u00c9crit par\" \/>\n\t<meta name=\"twitter:data1\" content=\"Groupe local Paillon-B\u00e9v\u00e9ra\" \/>\n\t<meta name=\"twitter:label2\" content=\"Dur\u00e9e de lecture estim\u00e9e\" \/>\n\t<meta name=\"twitter:data2\" content=\"2 minutes\" \/>\n<script type=\"application\/ld+json\" class=\"yoast-schema-graph\">{\"@context\":\"https:\\\/\\\/schema.org\",\"@graph\":[{\"@type\":\"Article\",\"@id\":\"https:\\\/\\\/paca.lpo.fr\\\/blogs\\\/nice\\\/2021\\\/01\\\/15\\\/nos-sorties-nature\\\/#article\",\"isPartOf\":{\"@id\":\"https:\\\/\\\/paca.lpo.fr\\\/blogs\\\/nice\\\/2021\\\/01\\\/15\\\/nos-sorties-nature\\\/\"},\"author\":{\"name\":\"Groupe local Paillon-B\u00e9v\u00e9ra\",\"@id\":\"https:\\\/\\\/paca.lpo.fr\\\/blogs\\\/nice\\\/#\\\/schema\\\/person\\\/1bda33335fb71e0b3552487db26a4c56\"},\"headline\":\"Nos sorties nature\",\"datePublished\":\"2021-01-15T14:45:53+00:00\",\"mainEntityOfPage\":{\"@id\":\"https:\\\/\\\/paca.lpo.fr\\\/blogs\\\/nice\\\/2021\\\/01\\\/15\\\/nos-sorties-nature\\\/\"},\"wordCount\":349,\"commentCount\":0,\"publisher\":{\"@id\":\"https:\\\/\\\/paca.lpo.fr\\\/blogs\\\/nice\\\/#organization\"},\"articleSection\":[\"grands \u00e9v\u00e8nements\"],\"inLanguage\":\"fr-FR\",\"potentialAction\":[{\"@type\":\"CommentAction\",\"name\":\"Comment\",\"target\":[\"https:\\\/\\\/paca.lpo.fr\\\/blogs\\\/nice\\\/2021\\\/01\\\/15\\\/nos-sorties-nature\\\/#respond\"]}]},{\"@type\":\"WebPage\",\"@id\":\"https:\\\/\\\/paca.lpo.fr\\\/blogs\\\/nice\\\/2021\\\/01\\\/15\\\/nos-sorties-nature\\\/\",\"url\":\"https:\\\/\\\/paca.lpo.fr\\\/blogs\\\/nice\\\/2021\\\/01\\\/15\\\/nos-sorties-nature\\\/\",\"name\":\"Nos sorties nature - Groupe local Nice\",\"isPartOf\":{\"@id\":\"https:\\\/\\\/paca.lpo.fr\\\/blogs\\\/nice\\\/#website\"},\"datePublished\":\"2021-01-15T14:45:53+00:00\",\"breadcrumb\":{\"@id\":\"https:\\\/\\\/paca.lpo.fr\\\/blogs\\\/nice\\\/2021\\\/01\\\/15\\\/nos-sorties-nature\\\/#breadcrumb\"},\"inLanguage\":\"fr-FR\",\"potentialAction\":[{\"@type\":\"ReadAction\",\"target\":[\"https:\\\/\\\/paca.lpo.fr\\\/blogs\\\/nice\\\/2021\\\/01\\\/15\\\/nos-sorties-nature\\\/\"]}]},{\"@type\":\"BreadcrumbList\",\"@id\":\"https:\\\/\\\/paca.lpo.fr\\\/blogs\\\/nice\\\/2021\\\/01\\\/15\\\/nos-sorties-nature\\\/#breadcrumb\",\"itemListElement\":[{\"@type\":\"ListItem\",\"position\":1,\"name\":\"Accueil\",\"item\":\"https:\\\/\\\/paca.lpo.fr\\\/blogs\\\/nice\\\/\"},{\"@type\":\"ListItem\",\"position\":2,\"name\":\"Nos sorties nature\"}]},{\"@type\":\"WebSite\",\"@id\":\"https:\\\/\\\/paca.lpo.fr\\\/blogs\\\/nice\\\/#website\",\"url\":\"https:\\\/\\\/paca.lpo.fr\\\/blogs\\\/nice\\\/\",\"name\":\"Groupe local Nice\",\"description\":\"Groupe local Nice\",\"publisher\":{\"@id\":\"https:\\\/\\\/paca.lpo.fr\\\/blogs\\\/nice\\\/#organization\"},\"potentialAction\":[{\"@type\":\"SearchAction\",\"target\":{\"@type\":\"EntryPoint\",\"urlTemplate\":\"https:\\\/\\\/paca.lpo.fr\\\/blogs\\\/nice\\\/?s={search_term_string}\"},\"query-input\":{\"@type\":\"PropertyValueSpecification\",\"valueRequired\":true,\"valueName\":\"search_term_string\"}}],\"inLanguage\":\"fr-FR\"},{\"@type\":\"Organization\",\"@id\":\"https:\\\/\\\/paca.lpo.fr\\\/blogs\\\/nice\\\/#organization\",\"name\":\"Groupe local Nice\",\"url\":\"https:\\\/\\\/paca.lpo.fr\\\/blogs\\\/nice\\\/\",\"logo\":{\"@type\":\"ImageObject\",\"inLanguage\":\"fr-FR\",\"@id\":\"https:\\\/\\\/paca.lpo.fr\\\/blogs\\\/nice\\\/#\\\/schema\\\/logo\\\/image\\\/\",\"url\":\"https:\\\/\\\/paca.lpo.fr\\\/blogs\\\/nice\\\/files\\\/2024\\\/01\\\/cropped-rvb-lpo-paca-logotype-signature-droite-mini-500.jpg\",\"contentUrl\":\"https:\\\/\\\/paca.lpo.fr\\\/blogs\\\/nice\\\/files\\\/2024\\\/01\\\/cropped-rvb-lpo-paca-logotype-signature-droite-mini-500.jpg\",\"width\":500,\"height\":210,\"caption\":\"Groupe local Nice\"},\"image\":{\"@id\":\"https:\\\/\\\/paca.lpo.fr\\\/blogs\\\/nice\\\/#\\\/schema\\\/logo\\\/image\\\/\"}},{\"@type\":\"Person\",\"@id\":\"https:\\\/\\\/paca.lpo.fr\\\/blogs\\\/nice\\\/#\\\/schema\\\/person\\\/1bda33335fb71e0b3552487db26a4c56\",\"name\":\"Groupe local Paillon-B\u00e9v\u00e9ra\",\"image\":{\"@type\":\"ImageObject\",\"inLanguage\":\"fr-FR\",\"@id\":\"https:\\\/\\\/secure.gravatar.com\\\/avatar\\\/b1ee285506e2cb880ec988990d360e255aecb31c77212741dace1023623610c2?s=96&d=mm&r=g\",\"url\":\"https:\\\/\\\/secure.gravatar.com\\\/avatar\\\/b1ee285506e2cb880ec988990d360e255aecb31c77212741dace1023623610c2?s=96&d=mm&r=g\",\"contentUrl\":\"https:\\\/\\\/secure.gravatar.com\\\/avatar\\\/b1ee285506e2cb880ec988990d360e255aecb31c77212741dace1023623610c2?s=96&d=mm&r=g\",\"caption\":\"Groupe local Paillon-B\u00e9v\u00e9ra\"},\"url\":\"https:\\\/\\\/paca.lpo.fr\\\/blogs\\\/nice\\\/author\\\/alpesmaritimesest\\\/\"}]}<\/script>\n<!-- \/ Yoast SEO plugin. -->","yoast_head_json":{"title":"Nos sorties nature - Groupe local Nice","robots":{"index":"index","follow":"follow","max-snippet":"max-snippet:-1","max-image-preview":"max-image-preview:large","max-video-preview":"max-video-preview:-1"},"canonical":"https:\/\/paca.lpo.fr\/blogs\/nice\/2021\/01\/15\/nos-sorties-nature\/","og_locale":"fr_FR","og_type":"article","og_title":"Nos sorties nature - Groupe local Nice","og_description":"En raison des incertitudes li\u00e9es \u00e0 la situation sanitaire actuelle le Groupe Local Littoral Ni\u00e7ois et Mentonnais ne diffusera pas son agenda habituel de sorties pour le premier trimestre. Mais nous avons h\u00e2te de vous retrouver lors de balades d\u2019observation, et pour les quelques mois \u00e0 venir nous essayerons, en fonction de l\u2019\u00e9volution des mesures [&hellip;]","og_url":"https:\/\/paca.lpo.fr\/blogs\/nice\/2021\/01\/15\/nos-sorties-nature\/","og_site_name":"Groupe local Nice","article_published_time":"2021-01-15T14:45:53+00:00","author":"Groupe local Paillon-B\u00e9v\u00e9ra","twitter_card":"summary_large_image","twitter_misc":{"\u00c9crit par":"Groupe local Paillon-B\u00e9v\u00e9ra","Dur\u00e9e de lecture estim\u00e9e":"2 minutes"},"schema":{"@context":"https:\/\/schema.org","@graph":[{"@type":"Article","@id":"https:\/\/paca.lpo.fr\/blogs\/nice\/2021\/01\/15\/nos-sorties-nature\/#article","isPartOf":{"@id":"https:\/\/paca.lpo.fr\/blogs\/nice\/2021\/01\/15\/nos-sorties-nature\/"},"author":{"name":"Groupe local Paillon-B\u00e9v\u00e9ra","@id":"https:\/\/paca.lpo.fr\/blogs\/nice\/#\/schema\/person\/1bda33335fb71e0b3552487db26a4c56"},"headline":"Nos sorties nature","datePublished":"2021-01-15T14:45:53+00:00","mainEntityOfPage":{"@id":"https:\/\/paca.lpo.fr\/blogs\/nice\/2021\/01\/15\/nos-sorties-nature\/"},"wordCount":349,"commentCount":0,"publisher":{"@id":"https:\/\/paca.lpo.fr\/blogs\/nice\/#organization"},"articleSection":["grands \u00e9v\u00e8nements"],"inLanguage":"fr-FR","potentialAction":[{"@type":"CommentAction","name":"Comment","target":["https:\/\/paca.lpo.fr\/blogs\/nice\/2021\/01\/15\/nos-sorties-nature\/#respond"]}]},{"@type":"WebPage","@id":"https:\/\/paca.lpo.fr\/blogs\/nice\/2021\/01\/15\/nos-sorties-nature\/","url":"https:\/\/paca.lpo.fr\/blogs\/nice\/2021\/01\/15\/nos-sorties-nature\/","name":"Nos sorties nature - Groupe local Nice","isPartOf":{"@id":"https:\/\/paca.lpo.fr\/blogs\/nice\/#website"},"datePublished":"2021-01-15T14:45:53+00:00","breadcrumb":{"@id":"https:\/\/paca.lpo.fr\/blogs\/nice\/2021\/01\/15\/nos-sorties-nature\/#breadcrumb"},"inLanguage":"fr-FR","potentialAction":[{"@type":"ReadAction","target":["https:\/\/paca.lpo.fr\/blogs\/nice\/2021\/01\/15\/nos-sorties-nature\/"]}]},{"@type":"BreadcrumbList","@id":"https:\/\/paca.lpo.fr\/blogs\/nice\/2021\/01\/15\/nos-sorties-nature\/#breadcrumb","itemListElement":[{"@type":"ListItem","position":1,"name":"Accueil","item":"https:\/\/paca.lpo.fr\/blogs\/nice\/"},{"@type":"ListItem","position":2,"name":"Nos sorties nature"}]},{"@type":"WebSite","@id":"https:\/\/paca.lpo.fr\/blogs\/nice\/#website","url":"https:\/\/paca.lpo.fr\/blogs\/nice\/","name":"Groupe local Nice","description":"Groupe local Nice","publisher":{"@id":"https:\/\/paca.lpo.fr\/blogs\/nice\/#organization"},"potentialAction":[{"@type":"SearchAction","target":{"@type":"EntryPoint","urlTemplate":"https:\/\/paca.lpo.fr\/blogs\/nice\/?s={search_term_string}"},"query-input":{"@type":"PropertyValueSpecification","valueRequired":true,"valueName":"search_term_string"}}],"inLanguage":"fr-FR"},{"@type":"Organization","@id":"https:\/\/paca.lpo.fr\/blogs\/nice\/#organization","name":"Groupe local Nice","url":"https:\/\/paca.lpo.fr\/blogs\/nice\/","logo":{"@type":"ImageObject","inLanguage":"fr-FR","@id":"https:\/\/paca.lpo.fr\/blogs\/nice\/#\/schema\/logo\/image\/","url":"https:\/\/paca.lpo.fr\/blogs\/nice\/files\/2024\/01\/cropped-rvb-lpo-paca-logotype-signature-droite-mini-500.jpg","contentUrl":"https:\/\/paca.lpo.fr\/blogs\/nice\/files\/2024\/01\/cropped-rvb-lpo-paca-logotype-signature-droite-mini-500.jpg","width":500,"height":210,"caption":"Groupe local Nice"},"image":{"@id":"https:\/\/paca.lpo.fr\/blogs\/nice\/#\/schema\/logo\/image\/"}},{"@type":"Person","@id":"https:\/\/paca.lpo.fr\/blogs\/nice\/#\/schema\/person\/1bda33335fb71e0b3552487db26a4c56","name":"Groupe local Paillon-B\u00e9v\u00e9ra","image":{"@type":"ImageObject","inLanguage":"fr-FR","@id":"https:\/\/secure.gravatar.com\/avatar\/b1ee285506e2cb880ec988990d360e255aecb31c77212741dace1023623610c2?s=96&d=mm&r=g","url":"https:\/\/secure.gravatar.com\/avatar\/b1ee285506e2cb880ec988990d360e255aecb31c77212741dace1023623610c2?s=96&d=mm&r=g","contentUrl":"https:\/\/secure.gravatar.com\/avatar\/b1ee285506e2cb880ec988990d360e255aecb31c77212741dace1023623610c2?s=96&d=mm&r=g","caption":"Groupe local Paillon-B\u00e9v\u00e9ra"},"url":"https:\/\/paca.lpo.fr\/blogs\/nice\/author\/alpesmaritimesest\/"}]}},"jetpack_featured_media_url":"","_links":{"self":[{"href":"https:\/\/paca.lpo.fr\/blogs\/nice\/wp-json\/wp\/v2\/posts\/3189","targetHints":{"allow":["GET"]}}],"collection":[{"href":"https:\/\/paca.lpo.fr\/blogs\/nice\/wp-json\/wp\/v2\/posts"}],"about":[{"href":"https:\/\/paca.lpo.fr\/blogs\/nice\/wp-json\/wp\/v2\/types\/post"}],"author":[{"embeddable":true,"href":"https:\/\/paca.lpo.fr\/blogs\/nice\/wp-json\/wp\/v2\/users\/15"}],"replies":[{"embeddable":true,"href":"https:\/\/paca.lpo.fr\/blogs\/nice\/wp-json\/wp\/v2\/comments?post=3189"}],"version-history":[{"count":1,"href":"https:\/\/paca.lpo.fr\/blogs\/nice\/wp-json\/wp\/v2\/posts\/3189\/revisions"}],"predecessor-version":[{"id":3190,"href":"https:\/\/paca.lpo.fr\/blogs\/nice\/wp-json\/wp\/v2\/posts\/3189\/revisions\/3190"}],"wp:attachment":[{"href":"https:\/\/paca.lpo.fr\/blogs\/nice\/wp-json\/wp\/v2\/media?parent=3189"}],"wp:term":[{"taxonomy":"category","embeddable":true,"href":"https:\/\/paca.lpo.fr\/blogs\/nice\/wp-json\/wp\/v2\/categories?post=3189"},{"taxonomy":"post_tag","embeddable":true,"href":"https:\/\/paca.lpo.fr\/blogs\/nice\/wp-json\/wp\/v2\/tags?post=3189"}],"curies":[{"name":"wp","href":"https:\/\/api.w.org\/{rel}","templated":true}]}}