{"id":3193,"date":"2021-02-02T15:58:07","date_gmt":"2021-02-02T14:58:07","guid":{"rendered":"https:\/\/paca.lpo.fr\/blogs\/nice\/?p=3193"},"modified":"2021-02-02T15:58:52","modified_gmt":"2021-02-02T14:58:52","slug":"le-lycee-pierre-et-marie-curie-devient-refuge-lpo","status":"publish","type":"post","link":"https:\/\/paca.lpo.fr\/blogs\/nice\/2021\/02\/02\/le-lycee-pierre-et-marie-curie-devient-refuge-lpo\/","title":{"rendered":"Le lyc\u00e9e Pierre et Marie Curie devient Refuge LPO"},"content":{"rendered":"\n<p class=\"wp-block-paragraph\">Depuis la rentr\u00e9e 2019, des \u00e9l\u00e8ves \u00e9lus sont \u00e9co-d\u00e9l\u00e9gu\u00e9s au sein de cet \u00e9tablissement mentonnais et ont pour objectif de mettre en place des projets respectueux du d\u00e9veloppement durable (tri du papier, gestion des d\u00e9chets avec venue de la communaut\u00e9 d&rsquo;agglom\u00e9ration de Menton, ramassage des d\u00e9chets autour du lyc\u00e9e, etc.) Un jardin partag\u00e9 est actuellement en construction et sera agr\u00e9ment\u00e9 d&rsquo;une ruche et d&rsquo;une fontaine. &nbsp;Le lyc\u00e9e loue des \u00e2nes pour nettoyer le jardin, qui devient Refuge LPO.&nbsp;<\/p>\n\n\n\n<p class=\"wp-block-paragraph\">Apr\u00e8s avoir fabriqu\u00e9 des mangeoires pour les oiseaux en poterie, les \u00e9l\u00e8ves souhaitent construire des nichoirs en bois et ont sollicit\u00e9 les conseils de la LPO. &nbsp;Lara, Patrick,Sarah et Yvonne ont pass\u00e9 l\u2019apr\u00e8s-midi du 22 janvier au lyc\u00e9e.<\/p>\n\n\n\n<figure class=\"wp-block-image size-large\"><img loading=\"lazy\" decoding=\"async\" width=\"600\" height=\"800\" src=\"https:\/\/paca.lpo.fr\/blogs\/nice\/files\/2021\/02\/img-20210122-135747-600x800.jpg\" alt=\"\" class=\"wp-image-3195\" srcset=\"https:\/\/paca.lpo.fr\/blogs\/nice\/files\/2021\/02\/img-20210122-135747-600x800.jpg 600w, https:\/\/paca.lpo.fr\/blogs\/nice\/files\/2021\/02\/img-20210122-135747-360x480.jpg 360w, https:\/\/paca.lpo.fr\/blogs\/nice\/files\/2021\/02\/img-20210122-135747.jpg 698w\" sizes=\"auto, (max-width: 600px) 100vw, 600px\" \/><\/figure>\n\n\n\n<p class=\"wp-block-paragraph\">Tour du jardin (sous la pluie)&nbsp; pour identifier les emplacements des nichoirs et d\u00e9terminer le nombre et le type \u00e0 fabriquer.<\/p>\n\n\n\n<figure class=\"wp-block-image size-large\"><img loading=\"lazy\" decoding=\"async\" width=\"734\" height=\"800\" src=\"https:\/\/paca.lpo.fr\/blogs\/nice\/files\/2021\/02\/img-20210122-150109-734x800.jpg\" alt=\"\" class=\"wp-image-3196\" srcset=\"https:\/\/paca.lpo.fr\/blogs\/nice\/files\/2021\/02\/img-20210122-150109-734x800.jpg 734w, https:\/\/paca.lpo.fr\/blogs\/nice\/files\/2021\/02\/img-20210122-150109-440x480.jpg 440w, https:\/\/paca.lpo.fr\/blogs\/nice\/files\/2021\/02\/img-20210122-150109-768x837.jpg 768w, https:\/\/paca.lpo.fr\/blogs\/nice\/files\/2021\/02\/img-20210122-150109.jpg 855w\" sizes=\"auto, (max-width: 734px) 100vw, 734px\" \/><figcaption>Diaporama : les oiseaux de Menton, pourquoi des nichoirs, les diff\u00e9rents types de nichoir, r\u00e8gles \u00e0 respecter, le Refuge LPO et comment am\u00e9nager un jardin favorable \u00e0 la biodiversite.<\/figcaption><\/figure>\n","protected":false},"excerpt":{"rendered":"<p>Depuis la rentr\u00e9e 2019, des \u00e9l\u00e8ves \u00e9lus sont \u00e9co-d\u00e9l\u00e9gu\u00e9s au sein de cet \u00e9tablissement mentonnais et ont pour objectif de mettre en place des projets respectueux du d\u00e9veloppement durable (tri du papier, gestion des d\u00e9chets avec venue de la communaut\u00e9 d&rsquo;agglom\u00e9ration de Menton, ramassage des d\u00e9chets autour du lyc\u00e9e, etc.) Un jardin partag\u00e9 est actuellement [&hellip;]<\/p>\n","protected":false},"author":15,"featured_media":3194,"comment_status":"open","ping_status":"open","sticky":false,"template":"","format":"standard","meta":{"footnotes":""},"categories":[81,3],"tags":[],"class_list":["post-3193","post","type-post","status-publish","format-standard","has-post-thumbnail","hentry","category-refuges-lpo","category-vie-groupe"],"yoast_head":"<!-- This site is optimized with the Yoast SEO plugin v28.3 - https:\/\/yoast.com\/product\/yoast-seo-wordpress\/ -->\n<title>Le lyc\u00e9e Pierre et Marie Curie devient Refuge LPO - Groupe local Nice<\/title>\n<meta name=\"robots\" content=\"index, follow, max-snippet:-1, max-image-preview:large, max-video-preview:-1\" \/>\n<link rel=\"canonical\" href=\"https:\/\/paca.lpo.fr\/blogs\/nice\/2021\/02\/02\/le-lycee-pierre-et-marie-curie-devient-refuge-lpo\/\" \/>\n<meta property=\"og:locale\" content=\"fr_FR\" \/>\n<meta property=\"og:type\" content=\"article\" \/>\n<meta property=\"og:title\" content=\"Le lyc\u00e9e Pierre et Marie Curie devient Refuge LPO - Groupe local Nice\" \/>\n<meta property=\"og:description\" content=\"Depuis la rentr\u00e9e 2019, des \u00e9l\u00e8ves \u00e9lus sont \u00e9co-d\u00e9l\u00e9gu\u00e9s au sein de cet \u00e9tablissement mentonnais et ont pour objectif de mettre en place des projets respectueux du d\u00e9veloppement durable (tri du papier, gestion des d\u00e9chets avec venue de la communaut\u00e9 d&rsquo;agglom\u00e9ration de Menton, ramassage des d\u00e9chets autour du lyc\u00e9e, etc.) Un jardin partag\u00e9 est actuellement [&hellip;]\" \/>\n<meta property=\"og:url\" content=\"https:\/\/paca.lpo.fr\/blogs\/nice\/2021\/02\/02\/le-lycee-pierre-et-marie-curie-devient-refuge-lpo\/\" \/>\n<meta property=\"og:site_name\" content=\"Groupe local Nice\" \/>\n<meta property=\"article:published_time\" content=\"2021-02-02T14:58:07+00:00\" \/>\n<meta property=\"article:modified_time\" content=\"2021-02-02T14:58:52+00:00\" \/>\n<meta property=\"og:image\" content=\"https:\/\/paca.lpo.fr\/blogs\/nice\/files\/2021\/02\/img-20210122-150133.jpg\" \/>\n\t<meta property=\"og:image:width\" content=\"943\" \/>\n\t<meta property=\"og:image:height\" content=\"823\" \/>\n\t<meta property=\"og:image:type\" content=\"image\/jpeg\" \/>\n<meta name=\"author\" content=\"Groupe local Paillon-B\u00e9v\u00e9ra\" \/>\n<meta name=\"twitter:card\" content=\"summary_large_image\" \/>\n<meta name=\"twitter:label1\" content=\"\u00c9crit par\" \/>\n\t<meta name=\"twitter:data1\" content=\"Groupe local Paillon-B\u00e9v\u00e9ra\" \/>\n\t<meta name=\"twitter:label2\" content=\"Dur\u00e9e de lecture estim\u00e9e\" \/>\n\t<meta name=\"twitter:data2\" content=\"1 minute\" \/>\n<script type=\"application\/ld+json\" class=\"yoast-schema-graph\">{\"@context\":\"https:\\\/\\\/schema.org\",\"@graph\":[{\"@type\":\"Article\",\"@id\":\"https:\\\/\\\/paca.lpo.fr\\\/blogs\\\/nice\\\/2021\\\/02\\\/02\\\/le-lycee-pierre-et-marie-curie-devient-refuge-lpo\\\/#article\",\"isPartOf\":{\"@id\":\"https:\\\/\\\/paca.lpo.fr\\\/blogs\\\/nice\\\/2021\\\/02\\\/02\\\/le-lycee-pierre-et-marie-curie-devient-refuge-lpo\\\/\"},\"author\":{\"name\":\"Groupe local Paillon-B\u00e9v\u00e9ra\",\"@id\":\"https:\\\/\\\/paca.lpo.fr\\\/blogs\\\/nice\\\/#\\\/schema\\\/person\\\/1bda33335fb71e0b3552487db26a4c56\"},\"headline\":\"Le lyc\u00e9e Pierre et Marie Curie devient Refuge LPO\",\"datePublished\":\"2021-02-02T14:58:07+00:00\",\"dateModified\":\"2021-02-02T14:58:52+00:00\",\"mainEntityOfPage\":{\"@id\":\"https:\\\/\\\/paca.lpo.fr\\\/blogs\\\/nice\\\/2021\\\/02\\\/02\\\/le-lycee-pierre-et-marie-curie-devient-refuge-lpo\\\/\"},\"wordCount\":199,\"commentCount\":0,\"publisher\":{\"@id\":\"https:\\\/\\\/paca.lpo.fr\\\/blogs\\\/nice\\\/#organization\"},\"image\":{\"@id\":\"https:\\\/\\\/paca.lpo.fr\\\/blogs\\\/nice\\\/2021\\\/02\\\/02\\\/le-lycee-pierre-et-marie-curie-devient-refuge-lpo\\\/#primaryimage\"},\"thumbnailUrl\":\"https:\\\/\\\/paca.lpo.fr\\\/blogs\\\/nice\\\/files\\\/2021\\\/02\\\/img-20210122-150133.jpg\",\"articleSection\":[\"Refuges LPO\",\"Vie du groupe\"],\"inLanguage\":\"fr-FR\",\"potentialAction\":[{\"@type\":\"CommentAction\",\"name\":\"Comment\",\"target\":[\"https:\\\/\\\/paca.lpo.fr\\\/blogs\\\/nice\\\/2021\\\/02\\\/02\\\/le-lycee-pierre-et-marie-curie-devient-refuge-lpo\\\/#respond\"]}]},{\"@type\":\"WebPage\",\"@id\":\"https:\\\/\\\/paca.lpo.fr\\\/blogs\\\/nice\\\/2021\\\/02\\\/02\\\/le-lycee-pierre-et-marie-curie-devient-refuge-lpo\\\/\",\"url\":\"https:\\\/\\\/paca.lpo.fr\\\/blogs\\\/nice\\\/2021\\\/02\\\/02\\\/le-lycee-pierre-et-marie-curie-devient-refuge-lpo\\\/\",\"name\":\"Le lyc\u00e9e Pierre et Marie Curie devient Refuge LPO - Groupe local Nice\",\"isPartOf\":{\"@id\":\"https:\\\/\\\/paca.lpo.fr\\\/blogs\\\/nice\\\/#website\"},\"primaryImageOfPage\":{\"@id\":\"https:\\\/\\\/paca.lpo.fr\\\/blogs\\\/nice\\\/2021\\\/02\\\/02\\\/le-lycee-pierre-et-marie-curie-devient-refuge-lpo\\\/#primaryimage\"},\"image\":{\"@id\":\"https:\\\/\\\/paca.lpo.fr\\\/blogs\\\/nice\\\/2021\\\/02\\\/02\\\/le-lycee-pierre-et-marie-curie-devient-refuge-lpo\\\/#primaryimage\"},\"thumbnailUrl\":\"https:\\\/\\\/paca.lpo.fr\\\/blogs\\\/nice\\\/files\\\/2021\\\/02\\\/img-20210122-150133.jpg\",\"datePublished\":\"2021-02-02T14:58:07+00:00\",\"dateModified\":\"2021-02-02T14:58:52+00:00\",\"breadcrumb\":{\"@id\":\"https:\\\/\\\/paca.lpo.fr\\\/blogs\\\/nice\\\/2021\\\/02\\\/02\\\/le-lycee-pierre-et-marie-curie-devient-refuge-lpo\\\/#breadcrumb\"},\"inLanguage\":\"fr-FR\",\"potentialAction\":[{\"@type\":\"ReadAction\",\"target\":[\"https:\\\/\\\/paca.lpo.fr\\\/blogs\\\/nice\\\/2021\\\/02\\\/02\\\/le-lycee-pierre-et-marie-curie-devient-refuge-lpo\\\/\"]}]},{\"@type\":\"ImageObject\",\"inLanguage\":\"fr-FR\",\"@id\":\"https:\\\/\\\/paca.lpo.fr\\\/blogs\\\/nice\\\/2021\\\/02\\\/02\\\/le-lycee-pierre-et-marie-curie-devient-refuge-lpo\\\/#primaryimage\",\"url\":\"https:\\\/\\\/paca.lpo.fr\\\/blogs\\\/nice\\\/files\\\/2021\\\/02\\\/img-20210122-150133.jpg\",\"contentUrl\":\"https:\\\/\\\/paca.lpo.fr\\\/blogs\\\/nice\\\/files\\\/2021\\\/02\\\/img-20210122-150133.jpg\",\"width\":943,\"height\":823},{\"@type\":\"BreadcrumbList\",\"@id\":\"https:\\\/\\\/paca.lpo.fr\\\/blogs\\\/nice\\\/2021\\\/02\\\/02\\\/le-lycee-pierre-et-marie-curie-devient-refuge-lpo\\\/#breadcrumb\",\"itemListElement\":[{\"@type\":\"ListItem\",\"position\":1,\"name\":\"Accueil\",\"item\":\"https:\\\/\\\/paca.lpo.fr\\\/blogs\\\/nice\\\/\"},{\"@type\":\"ListItem\",\"position\":2,\"name\":\"Le lyc\u00e9e Pierre et Marie Curie devient Refuge LPO\"}]},{\"@type\":\"WebSite\",\"@id\":\"https:\\\/\\\/paca.lpo.fr\\\/blogs\\\/nice\\\/#website\",\"url\":\"https:\\\/\\\/paca.lpo.fr\\\/blogs\\\/nice\\\/\",\"name\":\"Groupe local Nice\",\"description\":\"Groupe local Nice\",\"publisher\":{\"@id\":\"https:\\\/\\\/paca.lpo.fr\\\/blogs\\\/nice\\\/#organization\"},\"potentialAction\":[{\"@type\":\"SearchAction\",\"target\":{\"@type\":\"EntryPoint\",\"urlTemplate\":\"https:\\\/\\\/paca.lpo.fr\\\/blogs\\\/nice\\\/?s={search_term_string}\"},\"query-input\":{\"@type\":\"PropertyValueSpecification\",\"valueRequired\":true,\"valueName\":\"search_term_string\"}}],\"inLanguage\":\"fr-FR\"},{\"@type\":\"Organization\",\"@id\":\"https:\\\/\\\/paca.lpo.fr\\\/blogs\\\/nice\\\/#organization\",\"name\":\"Groupe local Nice\",\"url\":\"https:\\\/\\\/paca.lpo.fr\\\/blogs\\\/nice\\\/\",\"logo\":{\"@type\":\"ImageObject\",\"inLanguage\":\"fr-FR\",\"@id\":\"https:\\\/\\\/paca.lpo.fr\\\/blogs\\\/nice\\\/#\\\/schema\\\/logo\\\/image\\\/\",\"url\":\"https:\\\/\\\/paca.lpo.fr\\\/blogs\\\/nice\\\/files\\\/2024\\\/01\\\/cropped-rvb-lpo-paca-logotype-signature-droite-mini-500.jpg\",\"contentUrl\":\"https:\\\/\\\/paca.lpo.fr\\\/blogs\\\/nice\\\/files\\\/2024\\\/01\\\/cropped-rvb-lpo-paca-logotype-signature-droite-mini-500.jpg\",\"width\":500,\"height\":210,\"caption\":\"Groupe local Nice\"},\"image\":{\"@id\":\"https:\\\/\\\/paca.lpo.fr\\\/blogs\\\/nice\\\/#\\\/schema\\\/logo\\\/image\\\/\"}},{\"@type\":\"Person\",\"@id\":\"https:\\\/\\\/paca.lpo.fr\\\/blogs\\\/nice\\\/#\\\/schema\\\/person\\\/1bda33335fb71e0b3552487db26a4c56\",\"name\":\"Groupe local Paillon-B\u00e9v\u00e9ra\",\"image\":{\"@type\":\"ImageObject\",\"inLanguage\":\"fr-FR\",\"@id\":\"https:\\\/\\\/secure.gravatar.com\\\/avatar\\\/b1ee285506e2cb880ec988990d360e255aecb31c77212741dace1023623610c2?s=96&d=mm&r=g\",\"url\":\"https:\\\/\\\/secure.gravatar.com\\\/avatar\\\/b1ee285506e2cb880ec988990d360e255aecb31c77212741dace1023623610c2?s=96&d=mm&r=g\",\"contentUrl\":\"https:\\\/\\\/secure.gravatar.com\\\/avatar\\\/b1ee285506e2cb880ec988990d360e255aecb31c77212741dace1023623610c2?s=96&d=mm&r=g\",\"caption\":\"Groupe local Paillon-B\u00e9v\u00e9ra\"},\"url\":\"https:\\\/\\\/paca.lpo.fr\\\/blogs\\\/nice\\\/author\\\/alpesmaritimesest\\\/\"}]}<\/script>\n<!-- \/ Yoast SEO plugin. -->","yoast_head_json":{"title":"Le lyc\u00e9e Pierre et Marie Curie devient Refuge LPO - Groupe local Nice","robots":{"index":"index","follow":"follow","max-snippet":"max-snippet:-1","max-image-preview":"max-image-preview:large","max-video-preview":"max-video-preview:-1"},"canonical":"https:\/\/paca.lpo.fr\/blogs\/nice\/2021\/02\/02\/le-lycee-pierre-et-marie-curie-devient-refuge-lpo\/","og_locale":"fr_FR","og_type":"article","og_title":"Le lyc\u00e9e Pierre et Marie Curie devient Refuge LPO - Groupe local Nice","og_description":"Depuis la rentr\u00e9e 2019, des \u00e9l\u00e8ves \u00e9lus sont \u00e9co-d\u00e9l\u00e9gu\u00e9s au sein de cet \u00e9tablissement mentonnais et ont pour objectif de mettre en place des projets respectueux du d\u00e9veloppement durable (tri du papier, gestion des d\u00e9chets avec venue de la communaut\u00e9 d&rsquo;agglom\u00e9ration de Menton, ramassage des d\u00e9chets autour du lyc\u00e9e, etc.) Un jardin partag\u00e9 est actuellement [&hellip;]","og_url":"https:\/\/paca.lpo.fr\/blogs\/nice\/2021\/02\/02\/le-lycee-pierre-et-marie-curie-devient-refuge-lpo\/","og_site_name":"Groupe local Nice","article_published_time":"2021-02-02T14:58:07+00:00","article_modified_time":"2021-02-02T14:58:52+00:00","og_image":[{"width":943,"height":823,"url":"https:\/\/paca.lpo.fr\/blogs\/nice\/files\/2021\/02\/img-20210122-150133.jpg","type":"image\/jpeg"}],"author":"Groupe local Paillon-B\u00e9v\u00e9ra","twitter_card":"summary_large_image","twitter_misc":{"\u00c9crit par":"Groupe local Paillon-B\u00e9v\u00e9ra","Dur\u00e9e de lecture estim\u00e9e":"1 minute"},"schema":{"@context":"https:\/\/schema.org","@graph":[{"@type":"Article","@id":"https:\/\/paca.lpo.fr\/blogs\/nice\/2021\/02\/02\/le-lycee-pierre-et-marie-curie-devient-refuge-lpo\/#article","isPartOf":{"@id":"https:\/\/paca.lpo.fr\/blogs\/nice\/2021\/02\/02\/le-lycee-pierre-et-marie-curie-devient-refuge-lpo\/"},"author":{"name":"Groupe local Paillon-B\u00e9v\u00e9ra","@id":"https:\/\/paca.lpo.fr\/blogs\/nice\/#\/schema\/person\/1bda33335fb71e0b3552487db26a4c56"},"headline":"Le lyc\u00e9e Pierre et Marie Curie devient Refuge LPO","datePublished":"2021-02-02T14:58:07+00:00","dateModified":"2021-02-02T14:58:52+00:00","mainEntityOfPage":{"@id":"https:\/\/paca.lpo.fr\/blogs\/nice\/2021\/02\/02\/le-lycee-pierre-et-marie-curie-devient-refuge-lpo\/"},"wordCount":199,"commentCount":0,"publisher":{"@id":"https:\/\/paca.lpo.fr\/blogs\/nice\/#organization"},"image":{"@id":"https:\/\/paca.lpo.fr\/blogs\/nice\/2021\/02\/02\/le-lycee-pierre-et-marie-curie-devient-refuge-lpo\/#primaryimage"},"thumbnailUrl":"https:\/\/paca.lpo.fr\/blogs\/nice\/files\/2021\/02\/img-20210122-150133.jpg","articleSection":["Refuges LPO","Vie du groupe"],"inLanguage":"fr-FR","potentialAction":[{"@type":"CommentAction","name":"Comment","target":["https:\/\/paca.lpo.fr\/blogs\/nice\/2021\/02\/02\/le-lycee-pierre-et-marie-curie-devient-refuge-lpo\/#respond"]}]},{"@type":"WebPage","@id":"https:\/\/paca.lpo.fr\/blogs\/nice\/2021\/02\/02\/le-lycee-pierre-et-marie-curie-devient-refuge-lpo\/","url":"https:\/\/paca.lpo.fr\/blogs\/nice\/2021\/02\/02\/le-lycee-pierre-et-marie-curie-devient-refuge-lpo\/","name":"Le lyc\u00e9e Pierre et Marie Curie devient Refuge LPO - Groupe local Nice","isPartOf":{"@id":"https:\/\/paca.lpo.fr\/blogs\/nice\/#website"},"primaryImageOfPage":{"@id":"https:\/\/paca.lpo.fr\/blogs\/nice\/2021\/02\/02\/le-lycee-pierre-et-marie-curie-devient-refuge-lpo\/#primaryimage"},"image":{"@id":"https:\/\/paca.lpo.fr\/blogs\/nice\/2021\/02\/02\/le-lycee-pierre-et-marie-curie-devient-refuge-lpo\/#primaryimage"},"thumbnailUrl":"https:\/\/paca.lpo.fr\/blogs\/nice\/files\/2021\/02\/img-20210122-150133.jpg","datePublished":"2021-02-02T14:58:07+00:00","dateModified":"2021-02-02T14:58:52+00:00","breadcrumb":{"@id":"https:\/\/paca.lpo.fr\/blogs\/nice\/2021\/02\/02\/le-lycee-pierre-et-marie-curie-devient-refuge-lpo\/#breadcrumb"},"inLanguage":"fr-FR","potentialAction":[{"@type":"ReadAction","target":["https:\/\/paca.lpo.fr\/blogs\/nice\/2021\/02\/02\/le-lycee-pierre-et-marie-curie-devient-refuge-lpo\/"]}]},{"@type":"ImageObject","inLanguage":"fr-FR","@id":"https:\/\/paca.lpo.fr\/blogs\/nice\/2021\/02\/02\/le-lycee-pierre-et-marie-curie-devient-refuge-lpo\/#primaryimage","url":"https:\/\/paca.lpo.fr\/blogs\/nice\/files\/2021\/02\/img-20210122-150133.jpg","contentUrl":"https:\/\/paca.lpo.fr\/blogs\/nice\/files\/2021\/02\/img-20210122-150133.jpg","width":943,"height":823},{"@type":"BreadcrumbList","@id":"https:\/\/paca.lpo.fr\/blogs\/nice\/2021\/02\/02\/le-lycee-pierre-et-marie-curie-devient-refuge-lpo\/#breadcrumb","itemListElement":[{"@type":"ListItem","position":1,"name":"Accueil","item":"https:\/\/paca.lpo.fr\/blogs\/nice\/"},{"@type":"ListItem","position":2,"name":"Le lyc\u00e9e Pierre et Marie Curie devient Refuge LPO"}]},{"@type":"WebSite","@id":"https:\/\/paca.lpo.fr\/blogs\/nice\/#website","url":"https:\/\/paca.lpo.fr\/blogs\/nice\/","name":"Groupe local Nice","description":"Groupe local Nice","publisher":{"@id":"https:\/\/paca.lpo.fr\/blogs\/nice\/#organization"},"potentialAction":[{"@type":"SearchAction","target":{"@type":"EntryPoint","urlTemplate":"https:\/\/paca.lpo.fr\/blogs\/nice\/?s={search_term_string}"},"query-input":{"@type":"PropertyValueSpecification","valueRequired":true,"valueName":"search_term_string"}}],"inLanguage":"fr-FR"},{"@type":"Organization","@id":"https:\/\/paca.lpo.fr\/blogs\/nice\/#organization","name":"Groupe local Nice","url":"https:\/\/paca.lpo.fr\/blogs\/nice\/","logo":{"@type":"ImageObject","inLanguage":"fr-FR","@id":"https:\/\/paca.lpo.fr\/blogs\/nice\/#\/schema\/logo\/image\/","url":"https:\/\/paca.lpo.fr\/blogs\/nice\/files\/2024\/01\/cropped-rvb-lpo-paca-logotype-signature-droite-mini-500.jpg","contentUrl":"https:\/\/paca.lpo.fr\/blogs\/nice\/files\/2024\/01\/cropped-rvb-lpo-paca-logotype-signature-droite-mini-500.jpg","width":500,"height":210,"caption":"Groupe local Nice"},"image":{"@id":"https:\/\/paca.lpo.fr\/blogs\/nice\/#\/schema\/logo\/image\/"}},{"@type":"Person","@id":"https:\/\/paca.lpo.fr\/blogs\/nice\/#\/schema\/person\/1bda33335fb71e0b3552487db26a4c56","name":"Groupe local Paillon-B\u00e9v\u00e9ra","image":{"@type":"ImageObject","inLanguage":"fr-FR","@id":"https:\/\/secure.gravatar.com\/avatar\/b1ee285506e2cb880ec988990d360e255aecb31c77212741dace1023623610c2?s=96&d=mm&r=g","url":"https:\/\/secure.gravatar.com\/avatar\/b1ee285506e2cb880ec988990d360e255aecb31c77212741dace1023623610c2?s=96&d=mm&r=g","contentUrl":"https:\/\/secure.gravatar.com\/avatar\/b1ee285506e2cb880ec988990d360e255aecb31c77212741dace1023623610c2?s=96&d=mm&r=g","caption":"Groupe local Paillon-B\u00e9v\u00e9ra"},"url":"https:\/\/paca.lpo.fr\/blogs\/nice\/author\/alpesmaritimesest\/"}]}},"jetpack_featured_media_url":"https:\/\/paca.lpo.fr\/blogs\/nice\/files\/2021\/02\/img-20210122-150133.jpg","_links":{"self":[{"href":"https:\/\/paca.lpo.fr\/blogs\/nice\/wp-json\/wp\/v2\/posts\/3193","targetHints":{"allow":["GET"]}}],"collection":[{"href":"https:\/\/paca.lpo.fr\/blogs\/nice\/wp-json\/wp\/v2\/posts"}],"about":[{"href":"https:\/\/paca.lpo.fr\/blogs\/nice\/wp-json\/wp\/v2\/types\/post"}],"author":[{"embeddable":true,"href":"https:\/\/paca.lpo.fr\/blogs\/nice\/wp-json\/wp\/v2\/users\/15"}],"replies":[{"embeddable":true,"href":"https:\/\/paca.lpo.fr\/blogs\/nice\/wp-json\/wp\/v2\/comments?post=3193"}],"version-history":[{"count":2,"href":"https:\/\/paca.lpo.fr\/blogs\/nice\/wp-json\/wp\/v2\/posts\/3193\/revisions"}],"predecessor-version":[{"id":3198,"href":"https:\/\/paca.lpo.fr\/blogs\/nice\/wp-json\/wp\/v2\/posts\/3193\/revisions\/3198"}],"wp:featuredmedia":[{"embeddable":true,"href":"https:\/\/paca.lpo.fr\/blogs\/nice\/wp-json\/wp\/v2\/media\/3194"}],"wp:attachment":[{"href":"https:\/\/paca.lpo.fr\/blogs\/nice\/wp-json\/wp\/v2\/media?parent=3193"}],"wp:term":[{"taxonomy":"category","embeddable":true,"href":"https:\/\/paca.lpo.fr\/blogs\/nice\/wp-json\/wp\/v2\/categories?post=3193"},{"taxonomy":"post_tag","embeddable":true,"href":"https:\/\/paca.lpo.fr\/blogs\/nice\/wp-json\/wp\/v2\/tags?post=3193"}],"curies":[{"name":"wp","href":"https:\/\/api.w.org\/{rel}","templated":true}]}}