{"id":3200,"date":"2021-02-03T09:41:07","date_gmt":"2021-02-03T08:41:07","guid":{"rendered":"https:\/\/paca.lpo.fr\/blogs\/nice\/?p=3200"},"modified":"2021-02-06T08:50:14","modified_gmt":"2021-02-06T07:50:14","slug":"actions-en-faveur-des-oiseaux-du-parc-de-la-colline-du-chateau-nice","status":"publish","type":"post","link":"https:\/\/paca.lpo.fr\/blogs\/nice\/2021\/02\/03\/actions-en-faveur-des-oiseaux-du-parc-de-la-colline-du-chateau-nice\/","title":{"rendered":"Actions en faveur des oiseaux du Parc de la Colline du Ch\u00e2teau, Nice"},"content":{"rendered":"\n<p class=\"wp-block-paragraph\">Les jeudi 28 et vendredi 29 janvier 2021, quinze nichoirs pour oiseaux ont \u00e9t\u00e9 install\u00e9s par la LPO 06 dans le Parc de la Colline du Ch\u00e2teau \u00e0 Nice, dans le cadre des 11\u00e8mes Troph\u00e9es de l&rsquo;Environnement. Ce projet qui a pour but de favoriser la biodiversit\u00e9 du parc est n\u00e9 de la volont\u00e9 de la Fondation Ulrich Rampp.\u00a0<\/p>\n\n\n\n<p class=\"wp-block-paragraph\">Situ\u00e9e dans un milieu tr\u00e8s urbanis\u00e9, la Colline du Ch\u00e2teau repr\u00e9sente un refuge important pour toutes ces esp\u00e8ces avifaunistiques qui y trouvent des lieux pour se nourrir, se reposer, se reproduire, et les nouveaux nichoirs vont offrir davantage de possibilit\u00e9s.&nbsp;Les M\u00e9sanges, Serins Cini et autres petites esp\u00e8ces ne vont pas tarder \u00e0 inspecter ces beaux nichoirs.<\/p>\n\n\n\n<div class=\"wp-block-image\"><figure class=\"aligncenter size-large\"><img loading=\"lazy\" decoding=\"async\" width=\"674\" height=\"800\" src=\"https:\/\/paca.lpo.fr\/blogs\/nice\/files\/2021\/02\/chateau-1-674x800.jpg\" alt=\"\" class=\"wp-image-3205\" srcset=\"https:\/\/paca.lpo.fr\/blogs\/nice\/files\/2021\/02\/chateau-1-674x800.jpg 674w, https:\/\/paca.lpo.fr\/blogs\/nice\/files\/2021\/02\/chateau-1-405x480.jpg 405w, https:\/\/paca.lpo.fr\/blogs\/nice\/files\/2021\/02\/chateau-1.jpg 767w\" sizes=\"auto, (max-width: 674px) 100vw, 674px\" \/><figcaption>Pr\u00e9paration des nichoirs pour la pose<\/figcaption><\/figure><\/div>\n\n\n\n<div class=\"wp-block-image\"><figure class=\"aligncenter size-large\"><img loading=\"lazy\" decoding=\"async\" width=\"903\" height=\"600\" src=\"https:\/\/paca.lpo.fr\/blogs\/nice\/files\/2021\/02\/chateau-2.jpg\" alt=\"\" class=\"wp-image-3202\" srcset=\"https:\/\/paca.lpo.fr\/blogs\/nice\/files\/2021\/02\/chateau-2.jpg 903w, https:\/\/paca.lpo.fr\/blogs\/nice\/files\/2021\/02\/chateau-2-480x319.jpg 480w, https:\/\/paca.lpo.fr\/blogs\/nice\/files\/2021\/02\/chateau-2-768x510.jpg 768w\" sizes=\"auto, (max-width: 903px) 100vw, 903px\" \/><figcaption>Un joli nichoir en bois pour Petit Duc Scops ou Huppe Fasci\u00e9e<\/figcaption><\/figure><\/div>\n\n\n\n<div class=\"wp-block-image\"><figure class=\"aligncenter size-large\"><img loading=\"lazy\" decoding=\"async\" width=\"600\" height=\"800\" src=\"https:\/\/paca.lpo.fr\/blogs\/nice\/files\/2021\/02\/chateau-6-600x800.jpg\" alt=\"\" class=\"wp-image-3203\" srcset=\"https:\/\/paca.lpo.fr\/blogs\/nice\/files\/2021\/02\/chateau-6-600x800.jpg 600w, https:\/\/paca.lpo.fr\/blogs\/nice\/files\/2021\/02\/chateau-6-360x480.jpg 360w, https:\/\/paca.lpo.fr\/blogs\/nice\/files\/2021\/02\/chateau-6.jpg 707w\" sizes=\"auto, (max-width: 600px) 100vw, 600px\" \/><figcaption>Travaux acrobatiques pour la pose des nichoirs<\/figcaption><\/figure><\/div>\n\n\n\n<figure class=\"wp-block-image size-large\"><img loading=\"lazy\" decoding=\"async\" width=\"600\" height=\"800\" src=\"https:\/\/paca.lpo.fr\/blogs\/nice\/files\/2021\/02\/chateau-4-600x800.jpg\" alt=\"\" class=\"wp-image-3204\" srcset=\"https:\/\/paca.lpo.fr\/blogs\/nice\/files\/2021\/02\/chateau-4-600x800.jpg 600w, https:\/\/paca.lpo.fr\/blogs\/nice\/files\/2021\/02\/chateau-4-360x480.jpg 360w, https:\/\/paca.lpo.fr\/blogs\/nice\/files\/2021\/02\/chateau-4.jpg 691w\" sizes=\"auto, (max-width: 600px) 100vw, 600px\" \/><\/figure>\n\n\n\n<figure class=\"wp-block-image size-large\"><img loading=\"lazy\" decoding=\"async\" width=\"816\" height=\"800\" src=\"https:\/\/paca.lpo.fr\/blogs\/nice\/files\/2021\/02\/chateau-3-816x800.jpg\" alt=\"\" class=\"wp-image-3206\" srcset=\"https:\/\/paca.lpo.fr\/blogs\/nice\/files\/2021\/02\/chateau-3-816x800.jpg 816w, https:\/\/paca.lpo.fr\/blogs\/nice\/files\/2021\/02\/chateau-3-480x470.jpg 480w, https:\/\/paca.lpo.fr\/blogs\/nice\/files\/2021\/02\/chateau-3-768x753.jpg 768w, https:\/\/paca.lpo.fr\/blogs\/nice\/files\/2021\/02\/chateau-3.jpg 997w\" sizes=\"auto, (max-width: 816px) 100vw, 816px\" \/><figcaption>Une jolie Bergeronnette des Ruisseaux surveille les op\u00e9rations de notre v\u00e9hicule!<\/figcaption><\/figure>\n","protected":false},"excerpt":{"rendered":"<p>Les jeudi 28 et vendredi 29 janvier 2021, quinze nichoirs pour oiseaux ont \u00e9t\u00e9 install\u00e9s par la LPO 06 dans le Parc de la Colline du Ch\u00e2teau \u00e0 Nice, dans le cadre des 11\u00e8mes Troph\u00e9es de l&rsquo;Environnement. Ce projet qui a pour but de favoriser la biodiversit\u00e9 du parc est n\u00e9 de la volont\u00e9 de [&hellip;]<\/p>\n","protected":false},"author":15,"featured_media":3201,"comment_status":"open","ping_status":"open","sticky":false,"template":"","format":"standard","meta":{"footnotes":""},"categories":[77,78],"tags":[],"class_list":["post-3200","post","type-post","status-publish","format-standard","has-post-thumbnail","hentry","category-grands-evenements","category-protection-de-la-biodiversite"],"yoast_head":"<!-- This site is optimized with the Yoast SEO plugin v28.3 - https:\/\/yoast.com\/product\/yoast-seo-wordpress\/ -->\n<title>Actions en faveur des oiseaux du Parc de la Colline du Ch\u00e2teau, Nice - Groupe local Nice<\/title>\n<meta name=\"robots\" content=\"index, follow, max-snippet:-1, max-image-preview:large, max-video-preview:-1\" \/>\n<link rel=\"canonical\" href=\"https:\/\/paca.lpo.fr\/blogs\/nice\/2021\/02\/03\/actions-en-faveur-des-oiseaux-du-parc-de-la-colline-du-chateau-nice\/\" \/>\n<meta property=\"og:locale\" content=\"fr_FR\" \/>\n<meta property=\"og:type\" content=\"article\" \/>\n<meta property=\"og:title\" content=\"Actions en faveur des oiseaux du Parc de la Colline du Ch\u00e2teau, Nice - Groupe local Nice\" \/>\n<meta property=\"og:description\" content=\"Les jeudi 28 et vendredi 29 janvier 2021, quinze nichoirs pour oiseaux ont \u00e9t\u00e9 install\u00e9s par la LPO 06 dans le Parc de la Colline du Ch\u00e2teau \u00e0 Nice, dans le cadre des 11\u00e8mes Troph\u00e9es de l&rsquo;Environnement. Ce projet qui a pour but de favoriser la biodiversit\u00e9 du parc est n\u00e9 de la volont\u00e9 de [&hellip;]\" \/>\n<meta property=\"og:url\" content=\"https:\/\/paca.lpo.fr\/blogs\/nice\/2021\/02\/03\/actions-en-faveur-des-oiseaux-du-parc-de-la-colline-du-chateau-nice\/\" \/>\n<meta property=\"og:site_name\" content=\"Groupe local Nice\" \/>\n<meta property=\"article:published_time\" content=\"2021-02-03T08:41:07+00:00\" \/>\n<meta property=\"article:modified_time\" content=\"2021-02-06T07:50:14+00:00\" \/>\n<meta property=\"og:image\" content=\"https:\/\/paca.lpo.fr\/blogs\/nice\/files\/2021\/02\/chateau-5.jpg\" \/>\n\t<meta property=\"og:image:width\" content=\"922\" \/>\n\t<meta property=\"og:image:height\" content=\"691\" \/>\n\t<meta property=\"og:image:type\" content=\"image\/jpeg\" \/>\n<meta name=\"author\" content=\"Groupe local Paillon-B\u00e9v\u00e9ra\" \/>\n<meta name=\"twitter:card\" content=\"summary_large_image\" \/>\n<meta name=\"twitter:label1\" content=\"\u00c9crit par\" \/>\n\t<meta name=\"twitter:data1\" content=\"Groupe local Paillon-B\u00e9v\u00e9ra\" \/>\n\t<meta name=\"twitter:label2\" content=\"Dur\u00e9e de lecture estim\u00e9e\" \/>\n\t<meta name=\"twitter:data2\" content=\"1 minute\" \/>\n<script type=\"application\/ld+json\" class=\"yoast-schema-graph\">{\"@context\":\"https:\\\/\\\/schema.org\",\"@graph\":[{\"@type\":\"Article\",\"@id\":\"https:\\\/\\\/paca.lpo.fr\\\/blogs\\\/nice\\\/2021\\\/02\\\/03\\\/actions-en-faveur-des-oiseaux-du-parc-de-la-colline-du-chateau-nice\\\/#article\",\"isPartOf\":{\"@id\":\"https:\\\/\\\/paca.lpo.fr\\\/blogs\\\/nice\\\/2021\\\/02\\\/03\\\/actions-en-faveur-des-oiseaux-du-parc-de-la-colline-du-chateau-nice\\\/\"},\"author\":{\"name\":\"Groupe local Paillon-B\u00e9v\u00e9ra\",\"@id\":\"https:\\\/\\\/paca.lpo.fr\\\/blogs\\\/nice\\\/#\\\/schema\\\/person\\\/1bda33335fb71e0b3552487db26a4c56\"},\"headline\":\"Actions en faveur des oiseaux du Parc de la Colline du Ch\u00e2teau, Nice\",\"datePublished\":\"2021-02-03T08:41:07+00:00\",\"dateModified\":\"2021-02-06T07:50:14+00:00\",\"mainEntityOfPage\":{\"@id\":\"https:\\\/\\\/paca.lpo.fr\\\/blogs\\\/nice\\\/2021\\\/02\\\/03\\\/actions-en-faveur-des-oiseaux-du-parc-de-la-colline-du-chateau-nice\\\/\"},\"wordCount\":177,\"commentCount\":0,\"publisher\":{\"@id\":\"https:\\\/\\\/paca.lpo.fr\\\/blogs\\\/nice\\\/#organization\"},\"image\":{\"@id\":\"https:\\\/\\\/paca.lpo.fr\\\/blogs\\\/nice\\\/2021\\\/02\\\/03\\\/actions-en-faveur-des-oiseaux-du-parc-de-la-colline-du-chateau-nice\\\/#primaryimage\"},\"thumbnailUrl\":\"https:\\\/\\\/paca.lpo.fr\\\/blogs\\\/nice\\\/files\\\/2021\\\/02\\\/chateau-5.jpg\",\"articleSection\":[\"Grands \u00e9v\u00e8nements\",\"Protection de la biodiversit\u00e9\"],\"inLanguage\":\"fr-FR\",\"potentialAction\":[{\"@type\":\"CommentAction\",\"name\":\"Comment\",\"target\":[\"https:\\\/\\\/paca.lpo.fr\\\/blogs\\\/nice\\\/2021\\\/02\\\/03\\\/actions-en-faveur-des-oiseaux-du-parc-de-la-colline-du-chateau-nice\\\/#respond\"]}]},{\"@type\":\"WebPage\",\"@id\":\"https:\\\/\\\/paca.lpo.fr\\\/blogs\\\/nice\\\/2021\\\/02\\\/03\\\/actions-en-faveur-des-oiseaux-du-parc-de-la-colline-du-chateau-nice\\\/\",\"url\":\"https:\\\/\\\/paca.lpo.fr\\\/blogs\\\/nice\\\/2021\\\/02\\\/03\\\/actions-en-faveur-des-oiseaux-du-parc-de-la-colline-du-chateau-nice\\\/\",\"name\":\"Actions en faveur des oiseaux du Parc de la Colline du Ch\u00e2teau, Nice - Groupe local Nice\",\"isPartOf\":{\"@id\":\"https:\\\/\\\/paca.lpo.fr\\\/blogs\\\/nice\\\/#website\"},\"primaryImageOfPage\":{\"@id\":\"https:\\\/\\\/paca.lpo.fr\\\/blogs\\\/nice\\\/2021\\\/02\\\/03\\\/actions-en-faveur-des-oiseaux-du-parc-de-la-colline-du-chateau-nice\\\/#primaryimage\"},\"image\":{\"@id\":\"https:\\\/\\\/paca.lpo.fr\\\/blogs\\\/nice\\\/2021\\\/02\\\/03\\\/actions-en-faveur-des-oiseaux-du-parc-de-la-colline-du-chateau-nice\\\/#primaryimage\"},\"thumbnailUrl\":\"https:\\\/\\\/paca.lpo.fr\\\/blogs\\\/nice\\\/files\\\/2021\\\/02\\\/chateau-5.jpg\",\"datePublished\":\"2021-02-03T08:41:07+00:00\",\"dateModified\":\"2021-02-06T07:50:14+00:00\",\"breadcrumb\":{\"@id\":\"https:\\\/\\\/paca.lpo.fr\\\/blogs\\\/nice\\\/2021\\\/02\\\/03\\\/actions-en-faveur-des-oiseaux-du-parc-de-la-colline-du-chateau-nice\\\/#breadcrumb\"},\"inLanguage\":\"fr-FR\",\"potentialAction\":[{\"@type\":\"ReadAction\",\"target\":[\"https:\\\/\\\/paca.lpo.fr\\\/blogs\\\/nice\\\/2021\\\/02\\\/03\\\/actions-en-faveur-des-oiseaux-du-parc-de-la-colline-du-chateau-nice\\\/\"]}]},{\"@type\":\"ImageObject\",\"inLanguage\":\"fr-FR\",\"@id\":\"https:\\\/\\\/paca.lpo.fr\\\/blogs\\\/nice\\\/2021\\\/02\\\/03\\\/actions-en-faveur-des-oiseaux-du-parc-de-la-colline-du-chateau-nice\\\/#primaryimage\",\"url\":\"https:\\\/\\\/paca.lpo.fr\\\/blogs\\\/nice\\\/files\\\/2021\\\/02\\\/chateau-5.jpg\",\"contentUrl\":\"https:\\\/\\\/paca.lpo.fr\\\/blogs\\\/nice\\\/files\\\/2021\\\/02\\\/chateau-5.jpg\",\"width\":922,\"height\":691},{\"@type\":\"BreadcrumbList\",\"@id\":\"https:\\\/\\\/paca.lpo.fr\\\/blogs\\\/nice\\\/2021\\\/02\\\/03\\\/actions-en-faveur-des-oiseaux-du-parc-de-la-colline-du-chateau-nice\\\/#breadcrumb\",\"itemListElement\":[{\"@type\":\"ListItem\",\"position\":1,\"name\":\"Accueil\",\"item\":\"https:\\\/\\\/paca.lpo.fr\\\/blogs\\\/nice\\\/\"},{\"@type\":\"ListItem\",\"position\":2,\"name\":\"Actions en faveur des oiseaux du Parc de la Colline du Ch\u00e2teau, Nice\"}]},{\"@type\":\"WebSite\",\"@id\":\"https:\\\/\\\/paca.lpo.fr\\\/blogs\\\/nice\\\/#website\",\"url\":\"https:\\\/\\\/paca.lpo.fr\\\/blogs\\\/nice\\\/\",\"name\":\"Groupe local Nice\",\"description\":\"Groupe local Nice\",\"publisher\":{\"@id\":\"https:\\\/\\\/paca.lpo.fr\\\/blogs\\\/nice\\\/#organization\"},\"potentialAction\":[{\"@type\":\"SearchAction\",\"target\":{\"@type\":\"EntryPoint\",\"urlTemplate\":\"https:\\\/\\\/paca.lpo.fr\\\/blogs\\\/nice\\\/?s={search_term_string}\"},\"query-input\":{\"@type\":\"PropertyValueSpecification\",\"valueRequired\":true,\"valueName\":\"search_term_string\"}}],\"inLanguage\":\"fr-FR\"},{\"@type\":\"Organization\",\"@id\":\"https:\\\/\\\/paca.lpo.fr\\\/blogs\\\/nice\\\/#organization\",\"name\":\"Groupe local Nice\",\"url\":\"https:\\\/\\\/paca.lpo.fr\\\/blogs\\\/nice\\\/\",\"logo\":{\"@type\":\"ImageObject\",\"inLanguage\":\"fr-FR\",\"@id\":\"https:\\\/\\\/paca.lpo.fr\\\/blogs\\\/nice\\\/#\\\/schema\\\/logo\\\/image\\\/\",\"url\":\"https:\\\/\\\/paca.lpo.fr\\\/blogs\\\/nice\\\/files\\\/2024\\\/01\\\/cropped-rvb-lpo-paca-logotype-signature-droite-mini-500.jpg\",\"contentUrl\":\"https:\\\/\\\/paca.lpo.fr\\\/blogs\\\/nice\\\/files\\\/2024\\\/01\\\/cropped-rvb-lpo-paca-logotype-signature-droite-mini-500.jpg\",\"width\":500,\"height\":210,\"caption\":\"Groupe local Nice\"},\"image\":{\"@id\":\"https:\\\/\\\/paca.lpo.fr\\\/blogs\\\/nice\\\/#\\\/schema\\\/logo\\\/image\\\/\"}},{\"@type\":\"Person\",\"@id\":\"https:\\\/\\\/paca.lpo.fr\\\/blogs\\\/nice\\\/#\\\/schema\\\/person\\\/1bda33335fb71e0b3552487db26a4c56\",\"name\":\"Groupe local Paillon-B\u00e9v\u00e9ra\",\"image\":{\"@type\":\"ImageObject\",\"inLanguage\":\"fr-FR\",\"@id\":\"https:\\\/\\\/secure.gravatar.com\\\/avatar\\\/b1ee285506e2cb880ec988990d360e255aecb31c77212741dace1023623610c2?s=96&d=mm&r=g\",\"url\":\"https:\\\/\\\/secure.gravatar.com\\\/avatar\\\/b1ee285506e2cb880ec988990d360e255aecb31c77212741dace1023623610c2?s=96&d=mm&r=g\",\"contentUrl\":\"https:\\\/\\\/secure.gravatar.com\\\/avatar\\\/b1ee285506e2cb880ec988990d360e255aecb31c77212741dace1023623610c2?s=96&d=mm&r=g\",\"caption\":\"Groupe local Paillon-B\u00e9v\u00e9ra\"},\"url\":\"https:\\\/\\\/paca.lpo.fr\\\/blogs\\\/nice\\\/author\\\/alpesmaritimesest\\\/\"}]}<\/script>\n<!-- \/ Yoast SEO plugin. -->","yoast_head_json":{"title":"Actions en faveur des oiseaux du Parc de la Colline du Ch\u00e2teau, Nice - Groupe local Nice","robots":{"index":"index","follow":"follow","max-snippet":"max-snippet:-1","max-image-preview":"max-image-preview:large","max-video-preview":"max-video-preview:-1"},"canonical":"https:\/\/paca.lpo.fr\/blogs\/nice\/2021\/02\/03\/actions-en-faveur-des-oiseaux-du-parc-de-la-colline-du-chateau-nice\/","og_locale":"fr_FR","og_type":"article","og_title":"Actions en faveur des oiseaux du Parc de la Colline du Ch\u00e2teau, Nice - Groupe local Nice","og_description":"Les jeudi 28 et vendredi 29 janvier 2021, quinze nichoirs pour oiseaux ont \u00e9t\u00e9 install\u00e9s par la LPO 06 dans le Parc de la Colline du Ch\u00e2teau \u00e0 Nice, dans le cadre des 11\u00e8mes Troph\u00e9es de l&rsquo;Environnement. Ce projet qui a pour but de favoriser la biodiversit\u00e9 du parc est n\u00e9 de la volont\u00e9 de [&hellip;]","og_url":"https:\/\/paca.lpo.fr\/blogs\/nice\/2021\/02\/03\/actions-en-faveur-des-oiseaux-du-parc-de-la-colline-du-chateau-nice\/","og_site_name":"Groupe local Nice","article_published_time":"2021-02-03T08:41:07+00:00","article_modified_time":"2021-02-06T07:50:14+00:00","og_image":[{"width":922,"height":691,"url":"https:\/\/paca.lpo.fr\/blogs\/nice\/files\/2021\/02\/chateau-5.jpg","type":"image\/jpeg"}],"author":"Groupe local Paillon-B\u00e9v\u00e9ra","twitter_card":"summary_large_image","twitter_misc":{"\u00c9crit par":"Groupe local Paillon-B\u00e9v\u00e9ra","Dur\u00e9e de lecture estim\u00e9e":"1 minute"},"schema":{"@context":"https:\/\/schema.org","@graph":[{"@type":"Article","@id":"https:\/\/paca.lpo.fr\/blogs\/nice\/2021\/02\/03\/actions-en-faveur-des-oiseaux-du-parc-de-la-colline-du-chateau-nice\/#article","isPartOf":{"@id":"https:\/\/paca.lpo.fr\/blogs\/nice\/2021\/02\/03\/actions-en-faveur-des-oiseaux-du-parc-de-la-colline-du-chateau-nice\/"},"author":{"name":"Groupe local Paillon-B\u00e9v\u00e9ra","@id":"https:\/\/paca.lpo.fr\/blogs\/nice\/#\/schema\/person\/1bda33335fb71e0b3552487db26a4c56"},"headline":"Actions en faveur des oiseaux du Parc de la Colline du Ch\u00e2teau, Nice","datePublished":"2021-02-03T08:41:07+00:00","dateModified":"2021-02-06T07:50:14+00:00","mainEntityOfPage":{"@id":"https:\/\/paca.lpo.fr\/blogs\/nice\/2021\/02\/03\/actions-en-faveur-des-oiseaux-du-parc-de-la-colline-du-chateau-nice\/"},"wordCount":177,"commentCount":0,"publisher":{"@id":"https:\/\/paca.lpo.fr\/blogs\/nice\/#organization"},"image":{"@id":"https:\/\/paca.lpo.fr\/blogs\/nice\/2021\/02\/03\/actions-en-faveur-des-oiseaux-du-parc-de-la-colline-du-chateau-nice\/#primaryimage"},"thumbnailUrl":"https:\/\/paca.lpo.fr\/blogs\/nice\/files\/2021\/02\/chateau-5.jpg","articleSection":["Grands \u00e9v\u00e8nements","Protection de la biodiversit\u00e9"],"inLanguage":"fr-FR","potentialAction":[{"@type":"CommentAction","name":"Comment","target":["https:\/\/paca.lpo.fr\/blogs\/nice\/2021\/02\/03\/actions-en-faveur-des-oiseaux-du-parc-de-la-colline-du-chateau-nice\/#respond"]}]},{"@type":"WebPage","@id":"https:\/\/paca.lpo.fr\/blogs\/nice\/2021\/02\/03\/actions-en-faveur-des-oiseaux-du-parc-de-la-colline-du-chateau-nice\/","url":"https:\/\/paca.lpo.fr\/blogs\/nice\/2021\/02\/03\/actions-en-faveur-des-oiseaux-du-parc-de-la-colline-du-chateau-nice\/","name":"Actions en faveur des oiseaux du Parc de la Colline du Ch\u00e2teau, Nice - Groupe local Nice","isPartOf":{"@id":"https:\/\/paca.lpo.fr\/blogs\/nice\/#website"},"primaryImageOfPage":{"@id":"https:\/\/paca.lpo.fr\/blogs\/nice\/2021\/02\/03\/actions-en-faveur-des-oiseaux-du-parc-de-la-colline-du-chateau-nice\/#primaryimage"},"image":{"@id":"https:\/\/paca.lpo.fr\/blogs\/nice\/2021\/02\/03\/actions-en-faveur-des-oiseaux-du-parc-de-la-colline-du-chateau-nice\/#primaryimage"},"thumbnailUrl":"https:\/\/paca.lpo.fr\/blogs\/nice\/files\/2021\/02\/chateau-5.jpg","datePublished":"2021-02-03T08:41:07+00:00","dateModified":"2021-02-06T07:50:14+00:00","breadcrumb":{"@id":"https:\/\/paca.lpo.fr\/blogs\/nice\/2021\/02\/03\/actions-en-faveur-des-oiseaux-du-parc-de-la-colline-du-chateau-nice\/#breadcrumb"},"inLanguage":"fr-FR","potentialAction":[{"@type":"ReadAction","target":["https:\/\/paca.lpo.fr\/blogs\/nice\/2021\/02\/03\/actions-en-faveur-des-oiseaux-du-parc-de-la-colline-du-chateau-nice\/"]}]},{"@type":"ImageObject","inLanguage":"fr-FR","@id":"https:\/\/paca.lpo.fr\/blogs\/nice\/2021\/02\/03\/actions-en-faveur-des-oiseaux-du-parc-de-la-colline-du-chateau-nice\/#primaryimage","url":"https:\/\/paca.lpo.fr\/blogs\/nice\/files\/2021\/02\/chateau-5.jpg","contentUrl":"https:\/\/paca.lpo.fr\/blogs\/nice\/files\/2021\/02\/chateau-5.jpg","width":922,"height":691},{"@type":"BreadcrumbList","@id":"https:\/\/paca.lpo.fr\/blogs\/nice\/2021\/02\/03\/actions-en-faveur-des-oiseaux-du-parc-de-la-colline-du-chateau-nice\/#breadcrumb","itemListElement":[{"@type":"ListItem","position":1,"name":"Accueil","item":"https:\/\/paca.lpo.fr\/blogs\/nice\/"},{"@type":"ListItem","position":2,"name":"Actions en faveur des oiseaux du Parc de la Colline du Ch\u00e2teau, Nice"}]},{"@type":"WebSite","@id":"https:\/\/paca.lpo.fr\/blogs\/nice\/#website","url":"https:\/\/paca.lpo.fr\/blogs\/nice\/","name":"Groupe local Nice","description":"Groupe local Nice","publisher":{"@id":"https:\/\/paca.lpo.fr\/blogs\/nice\/#organization"},"potentialAction":[{"@type":"SearchAction","target":{"@type":"EntryPoint","urlTemplate":"https:\/\/paca.lpo.fr\/blogs\/nice\/?s={search_term_string}"},"query-input":{"@type":"PropertyValueSpecification","valueRequired":true,"valueName":"search_term_string"}}],"inLanguage":"fr-FR"},{"@type":"Organization","@id":"https:\/\/paca.lpo.fr\/blogs\/nice\/#organization","name":"Groupe local Nice","url":"https:\/\/paca.lpo.fr\/blogs\/nice\/","logo":{"@type":"ImageObject","inLanguage":"fr-FR","@id":"https:\/\/paca.lpo.fr\/blogs\/nice\/#\/schema\/logo\/image\/","url":"https:\/\/paca.lpo.fr\/blogs\/nice\/files\/2024\/01\/cropped-rvb-lpo-paca-logotype-signature-droite-mini-500.jpg","contentUrl":"https:\/\/paca.lpo.fr\/blogs\/nice\/files\/2024\/01\/cropped-rvb-lpo-paca-logotype-signature-droite-mini-500.jpg","width":500,"height":210,"caption":"Groupe local Nice"},"image":{"@id":"https:\/\/paca.lpo.fr\/blogs\/nice\/#\/schema\/logo\/image\/"}},{"@type":"Person","@id":"https:\/\/paca.lpo.fr\/blogs\/nice\/#\/schema\/person\/1bda33335fb71e0b3552487db26a4c56","name":"Groupe local Paillon-B\u00e9v\u00e9ra","image":{"@type":"ImageObject","inLanguage":"fr-FR","@id":"https:\/\/secure.gravatar.com\/avatar\/b1ee285506e2cb880ec988990d360e255aecb31c77212741dace1023623610c2?s=96&d=mm&r=g","url":"https:\/\/secure.gravatar.com\/avatar\/b1ee285506e2cb880ec988990d360e255aecb31c77212741dace1023623610c2?s=96&d=mm&r=g","contentUrl":"https:\/\/secure.gravatar.com\/avatar\/b1ee285506e2cb880ec988990d360e255aecb31c77212741dace1023623610c2?s=96&d=mm&r=g","caption":"Groupe local Paillon-B\u00e9v\u00e9ra"},"url":"https:\/\/paca.lpo.fr\/blogs\/nice\/author\/alpesmaritimesest\/"}]}},"jetpack_featured_media_url":"https:\/\/paca.lpo.fr\/blogs\/nice\/files\/2021\/02\/chateau-5.jpg","_links":{"self":[{"href":"https:\/\/paca.lpo.fr\/blogs\/nice\/wp-json\/wp\/v2\/posts\/3200","targetHints":{"allow":["GET"]}}],"collection":[{"href":"https:\/\/paca.lpo.fr\/blogs\/nice\/wp-json\/wp\/v2\/posts"}],"about":[{"href":"https:\/\/paca.lpo.fr\/blogs\/nice\/wp-json\/wp\/v2\/types\/post"}],"author":[{"embeddable":true,"href":"https:\/\/paca.lpo.fr\/blogs\/nice\/wp-json\/wp\/v2\/users\/15"}],"replies":[{"embeddable":true,"href":"https:\/\/paca.lpo.fr\/blogs\/nice\/wp-json\/wp\/v2\/comments?post=3200"}],"version-history":[{"count":2,"href":"https:\/\/paca.lpo.fr\/blogs\/nice\/wp-json\/wp\/v2\/posts\/3200\/revisions"}],"predecessor-version":[{"id":3225,"href":"https:\/\/paca.lpo.fr\/blogs\/nice\/wp-json\/wp\/v2\/posts\/3200\/revisions\/3225"}],"wp:featuredmedia":[{"embeddable":true,"href":"https:\/\/paca.lpo.fr\/blogs\/nice\/wp-json\/wp\/v2\/media\/3201"}],"wp:attachment":[{"href":"https:\/\/paca.lpo.fr\/blogs\/nice\/wp-json\/wp\/v2\/media?parent=3200"}],"wp:term":[{"taxonomy":"category","embeddable":true,"href":"https:\/\/paca.lpo.fr\/blogs\/nice\/wp-json\/wp\/v2\/categories?post=3200"},{"taxonomy":"post_tag","embeddable":true,"href":"https:\/\/paca.lpo.fr\/blogs\/nice\/wp-json\/wp\/v2\/tags?post=3200"}],"curies":[{"name":"wp","href":"https:\/\/api.w.org\/{rel}","templated":true}]}}