{"id":3208,"date":"2021-02-04T14:11:48","date_gmt":"2021-02-04T13:11:48","guid":{"rendered":"https:\/\/paca.lpo.fr\/blogs\/nice\/?p=3208"},"modified":"2021-02-06T08:48:31","modified_gmt":"2021-02-06T07:48:31","slug":"sortie-nature-a-peira-cava-le-30-janvier","status":"publish","type":"post","link":"https:\/\/paca.lpo.fr\/blogs\/nice\/2021\/02\/04\/sortie-nature-a-peira-cava-le-30-janvier\/","title":{"rendered":"Sortie nature \u00e0 Peira Cava le 30 janvier"},"content":{"rendered":"\n<p class=\"wp-block-paragraph\">Quel plaisir de retrouver nos amis et amoureux de la nature pour cette balade d\u2019observation \u00e0 Peira Cava. Nous \u00e9tions deux groupes de 6 personnes, le maximum possible avec les restrictions Covid, et nous avons eu une pens\u00e9e triste pour les personnes qui n\u2019ont pas pu avoir de place.<\/p>\n\n\n\n<figure class=\"wp-block-image size-large\"><img loading=\"lazy\" decoding=\"async\" width=\"609\" height=\"800\" src=\"https:\/\/paca.lpo.fr\/blogs\/nice\/files\/2021\/02\/peirac-1-609x800.jpg\" alt=\"\" class=\"wp-image-3212\" srcset=\"https:\/\/paca.lpo.fr\/blogs\/nice\/files\/2021\/02\/peirac-1-609x800.jpg 609w, https:\/\/paca.lpo.fr\/blogs\/nice\/files\/2021\/02\/peirac-1-365x480.jpg 365w, https:\/\/paca.lpo.fr\/blogs\/nice\/files\/2021\/02\/peirac-1.jpg 717w\" sizes=\"auto, (max-width: 609px) 100vw, 609px\" \/><\/figure>\n\n\n\n<p class=\"wp-block-paragraph\">Une belle journ\u00e9e ensoleill\u00e9e qui a permis de profiter de magnifiques vues sur les Alpes. Au moins 23 esp\u00e8ces d\u2019oiseaux contact\u00e9s, avec en vedettes du jour des groupes de Tarins des Aulnes qui gazouillaient dans les branchages, et les Becs crois\u00e9s des sapins, dans les for\u00eats mais aussi sur les murs d\u2019un b\u00e2timent du village&nbsp;!<\/p>\n\n\n\n<figure class=\"wp-block-image size-large\"><img loading=\"lazy\" decoding=\"async\" width=\"895\" height=\"800\" src=\"https:\/\/paca.lpo.fr\/blogs\/nice\/files\/2021\/02\/peirac-4-895x800.jpg\" alt=\"\" class=\"wp-image-3209\" srcset=\"https:\/\/paca.lpo.fr\/blogs\/nice\/files\/2021\/02\/peirac-4-895x800.jpg 895w, https:\/\/paca.lpo.fr\/blogs\/nice\/files\/2021\/02\/peirac-4-480x429.jpg 480w, https:\/\/paca.lpo.fr\/blogs\/nice\/files\/2021\/02\/peirac-4-768x686.jpg 768w, https:\/\/paca.lpo.fr\/blogs\/nice\/files\/2021\/02\/peirac-4.jpg 920w\" sizes=\"auto, (max-width: 895px) 100vw, 895px\" \/><\/figure>\n\n\n\n<div class=\"wp-block-image\"><figure class=\"aligncenter size-large\"><img loading=\"lazy\" decoding=\"async\" width=\"910\" height=\"789\" src=\"https:\/\/paca.lpo.fr\/blogs\/nice\/files\/2021\/02\/peirac-5.jpg\" alt=\"\" class=\"wp-image-3210\" srcset=\"https:\/\/paca.lpo.fr\/blogs\/nice\/files\/2021\/02\/peirac-5.jpg 910w, https:\/\/paca.lpo.fr\/blogs\/nice\/files\/2021\/02\/peirac-5-480x416.jpg 480w, https:\/\/paca.lpo.fr\/blogs\/nice\/files\/2021\/02\/peirac-5-768x666.jpg 768w\" sizes=\"auto, (max-width: 910px) 100vw, 910px\" \/><figcaption>Becs crois\u00e9s des sapins, m\u00e2le et femelle<\/figcaption><\/figure><\/div>\n\n\n\n<p class=\"wp-block-paragraph\">Deux Aigles royaux, dont un qui nous a survol\u00e9 de tr\u00e8s pr\u00e8s. <\/p>\n\n\n\n<figure class=\"wp-block-image size-large\"><img loading=\"lazy\" decoding=\"async\" width=\"921\" height=\"759\" src=\"https:\/\/paca.lpo.fr\/blogs\/nice\/files\/2021\/02\/peirac-6.jpg\" alt=\"\" class=\"wp-image-3211\" srcset=\"https:\/\/paca.lpo.fr\/blogs\/nice\/files\/2021\/02\/peirac-6.jpg 921w, https:\/\/paca.lpo.fr\/blogs\/nice\/files\/2021\/02\/peirac-6-480x396.jpg 480w, https:\/\/paca.lpo.fr\/blogs\/nice\/files\/2021\/02\/peirac-6-768x633.jpg 768w\" sizes=\"auto, (max-width: 921px) 100vw, 921px\" \/><\/figure>\n","protected":false},"excerpt":{"rendered":"<p>Quel plaisir de retrouver nos amis et amoureux de la nature pour cette balade d\u2019observation \u00e0 Peira Cava. Nous \u00e9tions deux groupes de 6 personnes, le maximum possible avec les restrictions Covid, et nous avons eu une pens\u00e9e triste pour les personnes qui n\u2019ont pas pu avoir de place. Une belle journ\u00e9e ensoleill\u00e9e qui a [&hellip;]<\/p>\n","protected":false},"author":15,"featured_media":3213,"comment_status":"open","ping_status":"open","sticky":false,"template":"","format":"standard","meta":{"footnotes":""},"categories":[80],"tags":[],"class_list":["post-3208","post","type-post","status-publish","format-standard","has-post-thumbnail","hentry","category-sorties-nature-2"],"yoast_head":"<!-- This site is optimized with the Yoast SEO plugin v28.3 - https:\/\/yoast.com\/product\/yoast-seo-wordpress\/ -->\n<title>Sortie nature \u00e0 Peira Cava le 30 janvier - Groupe local Nice<\/title>\n<meta name=\"robots\" content=\"index, follow, max-snippet:-1, max-image-preview:large, max-video-preview:-1\" \/>\n<link rel=\"canonical\" href=\"https:\/\/paca.lpo.fr\/blogs\/nice\/2021\/02\/04\/sortie-nature-a-peira-cava-le-30-janvier\/\" \/>\n<meta property=\"og:locale\" content=\"fr_FR\" \/>\n<meta property=\"og:type\" content=\"article\" \/>\n<meta property=\"og:title\" content=\"Sortie nature \u00e0 Peira Cava le 30 janvier - Groupe local Nice\" \/>\n<meta property=\"og:description\" content=\"Quel plaisir de retrouver nos amis et amoureux de la nature pour cette balade d\u2019observation \u00e0 Peira Cava. Nous \u00e9tions deux groupes de 6 personnes, le maximum possible avec les restrictions Covid, et nous avons eu une pens\u00e9e triste pour les personnes qui n\u2019ont pas pu avoir de place. Une belle journ\u00e9e ensoleill\u00e9e qui a [&hellip;]\" \/>\n<meta property=\"og:url\" content=\"https:\/\/paca.lpo.fr\/blogs\/nice\/2021\/02\/04\/sortie-nature-a-peira-cava-le-30-janvier\/\" \/>\n<meta property=\"og:site_name\" content=\"Groupe local Nice\" \/>\n<meta property=\"article:published_time\" content=\"2021-02-04T13:11:48+00:00\" \/>\n<meta property=\"article:modified_time\" content=\"2021-02-06T07:48:31+00:00\" \/>\n<meta property=\"og:image\" content=\"https:\/\/paca.lpo.fr\/blogs\/nice\/files\/2021\/02\/peirac-2.jpg\" \/>\n\t<meta property=\"og:image:width\" content=\"925\" \/>\n\t<meta property=\"og:image:height\" content=\"616\" \/>\n\t<meta property=\"og:image:type\" content=\"image\/jpeg\" \/>\n<meta name=\"author\" content=\"Groupe local Paillon-B\u00e9v\u00e9ra\" \/>\n<meta name=\"twitter:card\" content=\"summary_large_image\" \/>\n<meta name=\"twitter:label1\" content=\"\u00c9crit par\" \/>\n\t<meta name=\"twitter:data1\" content=\"Groupe local Paillon-B\u00e9v\u00e9ra\" \/>\n\t<meta name=\"twitter:label2\" content=\"Dur\u00e9e de lecture estim\u00e9e\" \/>\n\t<meta name=\"twitter:data2\" content=\"1 minute\" \/>\n<script type=\"application\/ld+json\" class=\"yoast-schema-graph\">{\"@context\":\"https:\\\/\\\/schema.org\",\"@graph\":[{\"@type\":\"Article\",\"@id\":\"https:\\\/\\\/paca.lpo.fr\\\/blogs\\\/nice\\\/2021\\\/02\\\/04\\\/sortie-nature-a-peira-cava-le-30-janvier\\\/#article\",\"isPartOf\":{\"@id\":\"https:\\\/\\\/paca.lpo.fr\\\/blogs\\\/nice\\\/2021\\\/02\\\/04\\\/sortie-nature-a-peira-cava-le-30-janvier\\\/\"},\"author\":{\"name\":\"Groupe local Paillon-B\u00e9v\u00e9ra\",\"@id\":\"https:\\\/\\\/paca.lpo.fr\\\/blogs\\\/nice\\\/#\\\/schema\\\/person\\\/1bda33335fb71e0b3552487db26a4c56\"},\"headline\":\"Sortie nature \u00e0 Peira Cava le 30 janvier\",\"datePublished\":\"2021-02-04T13:11:48+00:00\",\"dateModified\":\"2021-02-06T07:48:31+00:00\",\"mainEntityOfPage\":{\"@id\":\"https:\\\/\\\/paca.lpo.fr\\\/blogs\\\/nice\\\/2021\\\/02\\\/04\\\/sortie-nature-a-peira-cava-le-30-janvier\\\/\"},\"wordCount\":143,\"commentCount\":0,\"publisher\":{\"@id\":\"https:\\\/\\\/paca.lpo.fr\\\/blogs\\\/nice\\\/#organization\"},\"image\":{\"@id\":\"https:\\\/\\\/paca.lpo.fr\\\/blogs\\\/nice\\\/2021\\\/02\\\/04\\\/sortie-nature-a-peira-cava-le-30-janvier\\\/#primaryimage\"},\"thumbnailUrl\":\"https:\\\/\\\/paca.lpo.fr\\\/blogs\\\/nice\\\/files\\\/2021\\\/02\\\/peirac-2.jpg\",\"articleSection\":[\"Sorties nature\"],\"inLanguage\":\"fr-FR\",\"potentialAction\":[{\"@type\":\"CommentAction\",\"name\":\"Comment\",\"target\":[\"https:\\\/\\\/paca.lpo.fr\\\/blogs\\\/nice\\\/2021\\\/02\\\/04\\\/sortie-nature-a-peira-cava-le-30-janvier\\\/#respond\"]}]},{\"@type\":\"WebPage\",\"@id\":\"https:\\\/\\\/paca.lpo.fr\\\/blogs\\\/nice\\\/2021\\\/02\\\/04\\\/sortie-nature-a-peira-cava-le-30-janvier\\\/\",\"url\":\"https:\\\/\\\/paca.lpo.fr\\\/blogs\\\/nice\\\/2021\\\/02\\\/04\\\/sortie-nature-a-peira-cava-le-30-janvier\\\/\",\"name\":\"Sortie nature \u00e0 Peira Cava le 30 janvier - Groupe local Nice\",\"isPartOf\":{\"@id\":\"https:\\\/\\\/paca.lpo.fr\\\/blogs\\\/nice\\\/#website\"},\"primaryImageOfPage\":{\"@id\":\"https:\\\/\\\/paca.lpo.fr\\\/blogs\\\/nice\\\/2021\\\/02\\\/04\\\/sortie-nature-a-peira-cava-le-30-janvier\\\/#primaryimage\"},\"image\":{\"@id\":\"https:\\\/\\\/paca.lpo.fr\\\/blogs\\\/nice\\\/2021\\\/02\\\/04\\\/sortie-nature-a-peira-cava-le-30-janvier\\\/#primaryimage\"},\"thumbnailUrl\":\"https:\\\/\\\/paca.lpo.fr\\\/blogs\\\/nice\\\/files\\\/2021\\\/02\\\/peirac-2.jpg\",\"datePublished\":\"2021-02-04T13:11:48+00:00\",\"dateModified\":\"2021-02-06T07:48:31+00:00\",\"breadcrumb\":{\"@id\":\"https:\\\/\\\/paca.lpo.fr\\\/blogs\\\/nice\\\/2021\\\/02\\\/04\\\/sortie-nature-a-peira-cava-le-30-janvier\\\/#breadcrumb\"},\"inLanguage\":\"fr-FR\",\"potentialAction\":[{\"@type\":\"ReadAction\",\"target\":[\"https:\\\/\\\/paca.lpo.fr\\\/blogs\\\/nice\\\/2021\\\/02\\\/04\\\/sortie-nature-a-peira-cava-le-30-janvier\\\/\"]}]},{\"@type\":\"ImageObject\",\"inLanguage\":\"fr-FR\",\"@id\":\"https:\\\/\\\/paca.lpo.fr\\\/blogs\\\/nice\\\/2021\\\/02\\\/04\\\/sortie-nature-a-peira-cava-le-30-janvier\\\/#primaryimage\",\"url\":\"https:\\\/\\\/paca.lpo.fr\\\/blogs\\\/nice\\\/files\\\/2021\\\/02\\\/peirac-2.jpg\",\"contentUrl\":\"https:\\\/\\\/paca.lpo.fr\\\/blogs\\\/nice\\\/files\\\/2021\\\/02\\\/peirac-2.jpg\",\"width\":925,\"height\":616},{\"@type\":\"BreadcrumbList\",\"@id\":\"https:\\\/\\\/paca.lpo.fr\\\/blogs\\\/nice\\\/2021\\\/02\\\/04\\\/sortie-nature-a-peira-cava-le-30-janvier\\\/#breadcrumb\",\"itemListElement\":[{\"@type\":\"ListItem\",\"position\":1,\"name\":\"Accueil\",\"item\":\"https:\\\/\\\/paca.lpo.fr\\\/blogs\\\/nice\\\/\"},{\"@type\":\"ListItem\",\"position\":2,\"name\":\"Sortie nature \u00e0 Peira Cava le 30 janvier\"}]},{\"@type\":\"WebSite\",\"@id\":\"https:\\\/\\\/paca.lpo.fr\\\/blogs\\\/nice\\\/#website\",\"url\":\"https:\\\/\\\/paca.lpo.fr\\\/blogs\\\/nice\\\/\",\"name\":\"Groupe local Nice\",\"description\":\"Groupe local Nice\",\"publisher\":{\"@id\":\"https:\\\/\\\/paca.lpo.fr\\\/blogs\\\/nice\\\/#organization\"},\"potentialAction\":[{\"@type\":\"SearchAction\",\"target\":{\"@type\":\"EntryPoint\",\"urlTemplate\":\"https:\\\/\\\/paca.lpo.fr\\\/blogs\\\/nice\\\/?s={search_term_string}\"},\"query-input\":{\"@type\":\"PropertyValueSpecification\",\"valueRequired\":true,\"valueName\":\"search_term_string\"}}],\"inLanguage\":\"fr-FR\"},{\"@type\":\"Organization\",\"@id\":\"https:\\\/\\\/paca.lpo.fr\\\/blogs\\\/nice\\\/#organization\",\"name\":\"Groupe local Nice\",\"url\":\"https:\\\/\\\/paca.lpo.fr\\\/blogs\\\/nice\\\/\",\"logo\":{\"@type\":\"ImageObject\",\"inLanguage\":\"fr-FR\",\"@id\":\"https:\\\/\\\/paca.lpo.fr\\\/blogs\\\/nice\\\/#\\\/schema\\\/logo\\\/image\\\/\",\"url\":\"https:\\\/\\\/paca.lpo.fr\\\/blogs\\\/nice\\\/files\\\/2024\\\/01\\\/cropped-rvb-lpo-paca-logotype-signature-droite-mini-500.jpg\",\"contentUrl\":\"https:\\\/\\\/paca.lpo.fr\\\/blogs\\\/nice\\\/files\\\/2024\\\/01\\\/cropped-rvb-lpo-paca-logotype-signature-droite-mini-500.jpg\",\"width\":500,\"height\":210,\"caption\":\"Groupe local Nice\"},\"image\":{\"@id\":\"https:\\\/\\\/paca.lpo.fr\\\/blogs\\\/nice\\\/#\\\/schema\\\/logo\\\/image\\\/\"}},{\"@type\":\"Person\",\"@id\":\"https:\\\/\\\/paca.lpo.fr\\\/blogs\\\/nice\\\/#\\\/schema\\\/person\\\/1bda33335fb71e0b3552487db26a4c56\",\"name\":\"Groupe local Paillon-B\u00e9v\u00e9ra\",\"image\":{\"@type\":\"ImageObject\",\"inLanguage\":\"fr-FR\",\"@id\":\"https:\\\/\\\/secure.gravatar.com\\\/avatar\\\/b1ee285506e2cb880ec988990d360e255aecb31c77212741dace1023623610c2?s=96&d=mm&r=g\",\"url\":\"https:\\\/\\\/secure.gravatar.com\\\/avatar\\\/b1ee285506e2cb880ec988990d360e255aecb31c77212741dace1023623610c2?s=96&d=mm&r=g\",\"contentUrl\":\"https:\\\/\\\/secure.gravatar.com\\\/avatar\\\/b1ee285506e2cb880ec988990d360e255aecb31c77212741dace1023623610c2?s=96&d=mm&r=g\",\"caption\":\"Groupe local Paillon-B\u00e9v\u00e9ra\"},\"url\":\"https:\\\/\\\/paca.lpo.fr\\\/blogs\\\/nice\\\/author\\\/alpesmaritimesest\\\/\"}]}<\/script>\n<!-- \/ Yoast SEO plugin. -->","yoast_head_json":{"title":"Sortie nature \u00e0 Peira Cava le 30 janvier - Groupe local Nice","robots":{"index":"index","follow":"follow","max-snippet":"max-snippet:-1","max-image-preview":"max-image-preview:large","max-video-preview":"max-video-preview:-1"},"canonical":"https:\/\/paca.lpo.fr\/blogs\/nice\/2021\/02\/04\/sortie-nature-a-peira-cava-le-30-janvier\/","og_locale":"fr_FR","og_type":"article","og_title":"Sortie nature \u00e0 Peira Cava le 30 janvier - Groupe local Nice","og_description":"Quel plaisir de retrouver nos amis et amoureux de la nature pour cette balade d\u2019observation \u00e0 Peira Cava. Nous \u00e9tions deux groupes de 6 personnes, le maximum possible avec les restrictions Covid, et nous avons eu une pens\u00e9e triste pour les personnes qui n\u2019ont pas pu avoir de place. Une belle journ\u00e9e ensoleill\u00e9e qui a [&hellip;]","og_url":"https:\/\/paca.lpo.fr\/blogs\/nice\/2021\/02\/04\/sortie-nature-a-peira-cava-le-30-janvier\/","og_site_name":"Groupe local Nice","article_published_time":"2021-02-04T13:11:48+00:00","article_modified_time":"2021-02-06T07:48:31+00:00","og_image":[{"width":925,"height":616,"url":"https:\/\/paca.lpo.fr\/blogs\/nice\/files\/2021\/02\/peirac-2.jpg","type":"image\/jpeg"}],"author":"Groupe local Paillon-B\u00e9v\u00e9ra","twitter_card":"summary_large_image","twitter_misc":{"\u00c9crit par":"Groupe local Paillon-B\u00e9v\u00e9ra","Dur\u00e9e de lecture estim\u00e9e":"1 minute"},"schema":{"@context":"https:\/\/schema.org","@graph":[{"@type":"Article","@id":"https:\/\/paca.lpo.fr\/blogs\/nice\/2021\/02\/04\/sortie-nature-a-peira-cava-le-30-janvier\/#article","isPartOf":{"@id":"https:\/\/paca.lpo.fr\/blogs\/nice\/2021\/02\/04\/sortie-nature-a-peira-cava-le-30-janvier\/"},"author":{"name":"Groupe local Paillon-B\u00e9v\u00e9ra","@id":"https:\/\/paca.lpo.fr\/blogs\/nice\/#\/schema\/person\/1bda33335fb71e0b3552487db26a4c56"},"headline":"Sortie nature \u00e0 Peira Cava le 30 janvier","datePublished":"2021-02-04T13:11:48+00:00","dateModified":"2021-02-06T07:48:31+00:00","mainEntityOfPage":{"@id":"https:\/\/paca.lpo.fr\/blogs\/nice\/2021\/02\/04\/sortie-nature-a-peira-cava-le-30-janvier\/"},"wordCount":143,"commentCount":0,"publisher":{"@id":"https:\/\/paca.lpo.fr\/blogs\/nice\/#organization"},"image":{"@id":"https:\/\/paca.lpo.fr\/blogs\/nice\/2021\/02\/04\/sortie-nature-a-peira-cava-le-30-janvier\/#primaryimage"},"thumbnailUrl":"https:\/\/paca.lpo.fr\/blogs\/nice\/files\/2021\/02\/peirac-2.jpg","articleSection":["Sorties nature"],"inLanguage":"fr-FR","potentialAction":[{"@type":"CommentAction","name":"Comment","target":["https:\/\/paca.lpo.fr\/blogs\/nice\/2021\/02\/04\/sortie-nature-a-peira-cava-le-30-janvier\/#respond"]}]},{"@type":"WebPage","@id":"https:\/\/paca.lpo.fr\/blogs\/nice\/2021\/02\/04\/sortie-nature-a-peira-cava-le-30-janvier\/","url":"https:\/\/paca.lpo.fr\/blogs\/nice\/2021\/02\/04\/sortie-nature-a-peira-cava-le-30-janvier\/","name":"Sortie nature \u00e0 Peira Cava le 30 janvier - Groupe local Nice","isPartOf":{"@id":"https:\/\/paca.lpo.fr\/blogs\/nice\/#website"},"primaryImageOfPage":{"@id":"https:\/\/paca.lpo.fr\/blogs\/nice\/2021\/02\/04\/sortie-nature-a-peira-cava-le-30-janvier\/#primaryimage"},"image":{"@id":"https:\/\/paca.lpo.fr\/blogs\/nice\/2021\/02\/04\/sortie-nature-a-peira-cava-le-30-janvier\/#primaryimage"},"thumbnailUrl":"https:\/\/paca.lpo.fr\/blogs\/nice\/files\/2021\/02\/peirac-2.jpg","datePublished":"2021-02-04T13:11:48+00:00","dateModified":"2021-02-06T07:48:31+00:00","breadcrumb":{"@id":"https:\/\/paca.lpo.fr\/blogs\/nice\/2021\/02\/04\/sortie-nature-a-peira-cava-le-30-janvier\/#breadcrumb"},"inLanguage":"fr-FR","potentialAction":[{"@type":"ReadAction","target":["https:\/\/paca.lpo.fr\/blogs\/nice\/2021\/02\/04\/sortie-nature-a-peira-cava-le-30-janvier\/"]}]},{"@type":"ImageObject","inLanguage":"fr-FR","@id":"https:\/\/paca.lpo.fr\/blogs\/nice\/2021\/02\/04\/sortie-nature-a-peira-cava-le-30-janvier\/#primaryimage","url":"https:\/\/paca.lpo.fr\/blogs\/nice\/files\/2021\/02\/peirac-2.jpg","contentUrl":"https:\/\/paca.lpo.fr\/blogs\/nice\/files\/2021\/02\/peirac-2.jpg","width":925,"height":616},{"@type":"BreadcrumbList","@id":"https:\/\/paca.lpo.fr\/blogs\/nice\/2021\/02\/04\/sortie-nature-a-peira-cava-le-30-janvier\/#breadcrumb","itemListElement":[{"@type":"ListItem","position":1,"name":"Accueil","item":"https:\/\/paca.lpo.fr\/blogs\/nice\/"},{"@type":"ListItem","position":2,"name":"Sortie nature \u00e0 Peira Cava le 30 janvier"}]},{"@type":"WebSite","@id":"https:\/\/paca.lpo.fr\/blogs\/nice\/#website","url":"https:\/\/paca.lpo.fr\/blogs\/nice\/","name":"Groupe local Nice","description":"Groupe local Nice","publisher":{"@id":"https:\/\/paca.lpo.fr\/blogs\/nice\/#organization"},"potentialAction":[{"@type":"SearchAction","target":{"@type":"EntryPoint","urlTemplate":"https:\/\/paca.lpo.fr\/blogs\/nice\/?s={search_term_string}"},"query-input":{"@type":"PropertyValueSpecification","valueRequired":true,"valueName":"search_term_string"}}],"inLanguage":"fr-FR"},{"@type":"Organization","@id":"https:\/\/paca.lpo.fr\/blogs\/nice\/#organization","name":"Groupe local Nice","url":"https:\/\/paca.lpo.fr\/blogs\/nice\/","logo":{"@type":"ImageObject","inLanguage":"fr-FR","@id":"https:\/\/paca.lpo.fr\/blogs\/nice\/#\/schema\/logo\/image\/","url":"https:\/\/paca.lpo.fr\/blogs\/nice\/files\/2024\/01\/cropped-rvb-lpo-paca-logotype-signature-droite-mini-500.jpg","contentUrl":"https:\/\/paca.lpo.fr\/blogs\/nice\/files\/2024\/01\/cropped-rvb-lpo-paca-logotype-signature-droite-mini-500.jpg","width":500,"height":210,"caption":"Groupe local Nice"},"image":{"@id":"https:\/\/paca.lpo.fr\/blogs\/nice\/#\/schema\/logo\/image\/"}},{"@type":"Person","@id":"https:\/\/paca.lpo.fr\/blogs\/nice\/#\/schema\/person\/1bda33335fb71e0b3552487db26a4c56","name":"Groupe local Paillon-B\u00e9v\u00e9ra","image":{"@type":"ImageObject","inLanguage":"fr-FR","@id":"https:\/\/secure.gravatar.com\/avatar\/b1ee285506e2cb880ec988990d360e255aecb31c77212741dace1023623610c2?s=96&d=mm&r=g","url":"https:\/\/secure.gravatar.com\/avatar\/b1ee285506e2cb880ec988990d360e255aecb31c77212741dace1023623610c2?s=96&d=mm&r=g","contentUrl":"https:\/\/secure.gravatar.com\/avatar\/b1ee285506e2cb880ec988990d360e255aecb31c77212741dace1023623610c2?s=96&d=mm&r=g","caption":"Groupe local Paillon-B\u00e9v\u00e9ra"},"url":"https:\/\/paca.lpo.fr\/blogs\/nice\/author\/alpesmaritimesest\/"}]}},"jetpack_featured_media_url":"https:\/\/paca.lpo.fr\/blogs\/nice\/files\/2021\/02\/peirac-2.jpg","_links":{"self":[{"href":"https:\/\/paca.lpo.fr\/blogs\/nice\/wp-json\/wp\/v2\/posts\/3208","targetHints":{"allow":["GET"]}}],"collection":[{"href":"https:\/\/paca.lpo.fr\/blogs\/nice\/wp-json\/wp\/v2\/posts"}],"about":[{"href":"https:\/\/paca.lpo.fr\/blogs\/nice\/wp-json\/wp\/v2\/types\/post"}],"author":[{"embeddable":true,"href":"https:\/\/paca.lpo.fr\/blogs\/nice\/wp-json\/wp\/v2\/users\/15"}],"replies":[{"embeddable":true,"href":"https:\/\/paca.lpo.fr\/blogs\/nice\/wp-json\/wp\/v2\/comments?post=3208"}],"version-history":[{"count":2,"href":"https:\/\/paca.lpo.fr\/blogs\/nice\/wp-json\/wp\/v2\/posts\/3208\/revisions"}],"predecessor-version":[{"id":3223,"href":"https:\/\/paca.lpo.fr\/blogs\/nice\/wp-json\/wp\/v2\/posts\/3208\/revisions\/3223"}],"wp:featuredmedia":[{"embeddable":true,"href":"https:\/\/paca.lpo.fr\/blogs\/nice\/wp-json\/wp\/v2\/media\/3213"}],"wp:attachment":[{"href":"https:\/\/paca.lpo.fr\/blogs\/nice\/wp-json\/wp\/v2\/media?parent=3208"}],"wp:term":[{"taxonomy":"category","embeddable":true,"href":"https:\/\/paca.lpo.fr\/blogs\/nice\/wp-json\/wp\/v2\/categories?post=3208"},{"taxonomy":"post_tag","embeddable":true,"href":"https:\/\/paca.lpo.fr\/blogs\/nice\/wp-json\/wp\/v2\/tags?post=3208"}],"curies":[{"name":"wp","href":"https:\/\/api.w.org\/{rel}","templated":true}]}}