{"id":3228,"date":"2021-02-15T11:48:36","date_gmt":"2021-02-15T10:48:36","guid":{"rendered":"https:\/\/paca.lpo.fr\/blogs\/nice\/?p=3228"},"modified":"2021-02-15T12:31:03","modified_gmt":"2021-02-15T11:31:03","slug":"parc-de-la-colline-du-chateau-nice","status":"publish","type":"post","link":"https:\/\/paca.lpo.fr\/blogs\/nice\/2021\/02\/15\/parc-de-la-colline-du-chateau-nice\/","title":{"rendered":"Parc de la Colline du Ch\u00e2teau, Nice"},"content":{"rendered":"\n<p class=\"wp-block-paragraph\">Ce vendredi 5 f\u00e9vrier a eu lieu l&rsquo;inauguration officielle qui cloture le projet de pose de nichoirs dans le cadre des Troph\u00e9es de l&rsquo;Environnement de la Ville de Nice. Monsieur Ulrich Rampp, initiateur de ce beau projet, nous propose un joli r\u00e9sum\u00e9 en images. Voir vid\u00e9o en bas de page.<\/p>\n\n\n\n<figure class=\"wp-block-gallery columns-2 is-cropped wp-block-gallery-1 is-layout-flex wp-block-gallery-is-layout-flex\"><ul class=\"blocks-gallery-grid\"><li class=\"blocks-gallery-item\"><figure><img loading=\"lazy\" decoding=\"async\" width=\"371\" height=\"494\" src=\"https:\/\/paca.lpo.fr\/blogs\/nice\/files\/2021\/02\/img-20210205-120827.jpg\" alt=\"\" data-id=\"3229\" data-link=\"https:\/\/paca.lpo.fr\/blogs\/nice\/?attachment_id=3229\" class=\"wp-image-3229\" srcset=\"https:\/\/paca.lpo.fr\/blogs\/nice\/files\/2021\/02\/img-20210205-120827.jpg 371w, https:\/\/paca.lpo.fr\/blogs\/nice\/files\/2021\/02\/img-20210205-120827-360x480.jpg 360w\" sizes=\"auto, (max-width: 371px) 100vw, 371px\" \/><\/figure><\/li><li class=\"blocks-gallery-item\"><figure><img loading=\"lazy\" decoding=\"async\" width=\"372\" height=\"490\" src=\"https:\/\/paca.lpo.fr\/blogs\/nice\/files\/2021\/02\/img-20210205-120625.jpg\" alt=\"\" data-id=\"3230\" data-full-url=\"https:\/\/paca.lpo.fr\/blogs\/nice\/files\/2021\/02\/img-20210205-120625.jpg\" data-link=\"https:\/\/paca.lpo.fr\/blogs\/nice\/?attachment_id=3230\" class=\"wp-image-3230\" srcset=\"https:\/\/paca.lpo.fr\/blogs\/nice\/files\/2021\/02\/img-20210205-120625.jpg 372w, https:\/\/paca.lpo.fr\/blogs\/nice\/files\/2021\/02\/img-20210205-120625-364x480.jpg 364w\" sizes=\"auto, (max-width: 372px) 100vw, 372px\" \/><\/figure><\/li><\/ul><figcaption class=\"blocks-gallery-caption\">Pose d&rsquo;un dernier nichoir \u00e0 m\u00e9sange en pr\u00e9sence de Monsieur Christian Estrosi et d&rsquo;autres personnalit\u00e9s de la ville de Nice, sous l&rsquo;oeil de FR3 Nice C\u00f4te d&rsquo;Azur.<\/figcaption><\/figure>\n\n\n\n<figure class=\"wp-block-image size-large\"><img loading=\"lazy\" decoding=\"async\" width=\"903\" height=\"677\" src=\"https:\/\/paca.lpo.fr\/blogs\/nice\/files\/2021\/02\/img-20210205-120747.jpg\" alt=\"\" class=\"wp-image-3231\" srcset=\"https:\/\/paca.lpo.fr\/blogs\/nice\/files\/2021\/02\/img-20210205-120747.jpg 903w, https:\/\/paca.lpo.fr\/blogs\/nice\/files\/2021\/02\/img-20210205-120747-480x360.jpg 480w, https:\/\/paca.lpo.fr\/blogs\/nice\/files\/2021\/02\/img-20210205-120747-768x576.jpg 768w\" sizes=\"auto, (max-width: 903px) 100vw, 903px\" \/><figcaption>Benjamin Salvarelli fait un r\u00e9sum\u00e9 du projet et explique les diff\u00e9rents nichoirs pos\u00e9s.<\/figcaption><\/figure>\n\n\n\n<figure class=\"wp-block-image size-large\"><img loading=\"lazy\" decoding=\"async\" width=\"911\" height=\"684\" src=\"https:\/\/paca.lpo.fr\/blogs\/nice\/files\/2021\/02\/img-20210205-120847.jpg\" alt=\"\" class=\"wp-image-3232\" srcset=\"https:\/\/paca.lpo.fr\/blogs\/nice\/files\/2021\/02\/img-20210205-120847.jpg 911w, https:\/\/paca.lpo.fr\/blogs\/nice\/files\/2021\/02\/img-20210205-120847-480x360.jpg 480w, https:\/\/paca.lpo.fr\/blogs\/nice\/files\/2021\/02\/img-20210205-120847-768x577.jpg 768w\" sizes=\"auto, (max-width: 911px) 100vw, 911px\" \/><figcaption>Alan Hiroux pr\u00e9sente \u00e0 Monsieur Estrosi un exemplaire du rapport de diagnostic.<\/figcaption><\/figure>\n\n\n\n<figure class=\"wp-block-image size-large\"><img loading=\"lazy\" decoding=\"async\" width=\"913\" height=\"684\" src=\"https:\/\/paca.lpo.fr\/blogs\/nice\/files\/2021\/02\/img-20210205-121123.jpg\" alt=\"\" class=\"wp-image-3233\" srcset=\"https:\/\/paca.lpo.fr\/blogs\/nice\/files\/2021\/02\/img-20210205-121123.jpg 913w, https:\/\/paca.lpo.fr\/blogs\/nice\/files\/2021\/02\/img-20210205-121123-480x360.jpg 480w, https:\/\/paca.lpo.fr\/blogs\/nice\/files\/2021\/02\/img-20210205-121123-768x575.jpg 768w\" sizes=\"auto, (max-width: 913px) 100vw, 913px\" \/><\/figure>\n\n\n\n<p class=\"wp-block-paragraph\">Remerciements \u00e0 Monsieur Ulrich Rampp et son \u00e9pouse pour la vid\u00e9o. <\/p>\n\n\n\n<figure class=\"wp-block-embed is-type-video is-provider-youtube wp-block-embed-youtube wp-embed-aspect-16-9 wp-has-aspect-ratio\"><div class=\"wp-block-embed__wrapper\">\n<iframe loading=\"lazy\" title=\"REENCHANTER LA VILLE DE NICE\" width=\"580\" height=\"326\" src=\"https:\/\/www.youtube.com\/embed\/TLlr85h5HVg?feature=oembed\" frameborder=\"0\" allow=\"accelerometer; autoplay; clipboard-write; encrypted-media; gyroscope; picture-in-picture; web-share\" referrerpolicy=\"strict-origin-when-cross-origin\" allowfullscreen><\/iframe>\n<\/div><\/figure>\n","protected":false},"excerpt":{"rendered":"<p>Ce vendredi 5 f\u00e9vrier a eu lieu l&rsquo;inauguration officielle qui cloture le projet de pose de nichoirs dans le cadre des Troph\u00e9es de l&rsquo;Environnement de la Ville de Nice. Monsieur Ulrich Rampp, initiateur de ce beau projet, nous propose un joli r\u00e9sum\u00e9 en images. Voir vid\u00e9o en bas de page. Remerciements \u00e0 Monsieur Ulrich Rampp [&hellip;]<\/p>\n","protected":false},"author":15,"featured_media":3234,"comment_status":"open","ping_status":"open","sticky":false,"template":"","format":"standard","meta":{"footnotes":""},"categories":[77,78],"tags":[],"class_list":["post-3228","post","type-post","status-publish","format-standard","has-post-thumbnail","hentry","category-grands-evenements","category-protection-de-la-biodiversite"],"yoast_head":"<!-- This site is optimized with the Yoast SEO plugin v28.3 - https:\/\/yoast.com\/product\/yoast-seo-wordpress\/ -->\n<title>Parc de la Colline du Ch\u00e2teau, Nice - Groupe local Nice<\/title>\n<meta name=\"robots\" content=\"index, follow, max-snippet:-1, max-image-preview:large, max-video-preview:-1\" \/>\n<link rel=\"canonical\" href=\"https:\/\/paca.lpo.fr\/blogs\/nice\/2021\/02\/15\/parc-de-la-colline-du-chateau-nice\/\" \/>\n<meta property=\"og:locale\" content=\"fr_FR\" \/>\n<meta property=\"og:type\" content=\"article\" \/>\n<meta property=\"og:title\" content=\"Parc de la Colline du Ch\u00e2teau, Nice - Groupe local Nice\" \/>\n<meta property=\"og:description\" content=\"Ce vendredi 5 f\u00e9vrier a eu lieu l&rsquo;inauguration officielle qui cloture le projet de pose de nichoirs dans le cadre des Troph\u00e9es de l&rsquo;Environnement de la Ville de Nice. Monsieur Ulrich Rampp, initiateur de ce beau projet, nous propose un joli r\u00e9sum\u00e9 en images. Voir vid\u00e9o en bas de page. Remerciements \u00e0 Monsieur Ulrich Rampp [&hellip;]\" \/>\n<meta property=\"og:url\" content=\"https:\/\/paca.lpo.fr\/blogs\/nice\/2021\/02\/15\/parc-de-la-colline-du-chateau-nice\/\" \/>\n<meta property=\"og:site_name\" content=\"Groupe local Nice\" \/>\n<meta property=\"article:published_time\" content=\"2021-02-15T10:48:36+00:00\" \/>\n<meta property=\"article:modified_time\" content=\"2021-02-15T11:31:03+00:00\" \/>\n<meta property=\"og:image\" content=\"https:\/\/paca.lpo.fr\/blogs\/nice\/files\/2021\/02\/img-20210205-120534.jpg\" \/>\n\t<meta property=\"og:image:width\" content=\"911\" \/>\n\t<meta property=\"og:image:height\" content=\"684\" \/>\n\t<meta property=\"og:image:type\" content=\"image\/jpeg\" \/>\n<meta name=\"author\" content=\"Groupe local Paillon-B\u00e9v\u00e9ra\" \/>\n<meta name=\"twitter:card\" content=\"summary_large_image\" \/>\n<meta name=\"twitter:label1\" content=\"\u00c9crit par\" \/>\n\t<meta name=\"twitter:data1\" content=\"Groupe local Paillon-B\u00e9v\u00e9ra\" \/>\n\t<meta name=\"twitter:label2\" content=\"Dur\u00e9e de lecture estim\u00e9e\" \/>\n\t<meta name=\"twitter:data2\" content=\"1 minute\" \/>\n<script type=\"application\/ld+json\" class=\"yoast-schema-graph\">{\"@context\":\"https:\\\/\\\/schema.org\",\"@graph\":[{\"@type\":\"Article\",\"@id\":\"https:\\\/\\\/paca.lpo.fr\\\/blogs\\\/nice\\\/2021\\\/02\\\/15\\\/parc-de-la-colline-du-chateau-nice\\\/#article\",\"isPartOf\":{\"@id\":\"https:\\\/\\\/paca.lpo.fr\\\/blogs\\\/nice\\\/2021\\\/02\\\/15\\\/parc-de-la-colline-du-chateau-nice\\\/\"},\"author\":{\"name\":\"Groupe local Paillon-B\u00e9v\u00e9ra\",\"@id\":\"https:\\\/\\\/paca.lpo.fr\\\/blogs\\\/nice\\\/#\\\/schema\\\/person\\\/1bda33335fb71e0b3552487db26a4c56\"},\"headline\":\"Parc de la Colline du Ch\u00e2teau, Nice\",\"datePublished\":\"2021-02-15T10:48:36+00:00\",\"dateModified\":\"2021-02-15T11:31:03+00:00\",\"mainEntityOfPage\":{\"@id\":\"https:\\\/\\\/paca.lpo.fr\\\/blogs\\\/nice\\\/2021\\\/02\\\/15\\\/parc-de-la-colline-du-chateau-nice\\\/\"},\"wordCount\":142,\"commentCount\":0,\"publisher\":{\"@id\":\"https:\\\/\\\/paca.lpo.fr\\\/blogs\\\/nice\\\/#organization\"},\"image\":{\"@id\":\"https:\\\/\\\/paca.lpo.fr\\\/blogs\\\/nice\\\/2021\\\/02\\\/15\\\/parc-de-la-colline-du-chateau-nice\\\/#primaryimage\"},\"thumbnailUrl\":\"https:\\\/\\\/paca.lpo.fr\\\/blogs\\\/nice\\\/files\\\/2021\\\/02\\\/img-20210205-120534.jpg\",\"articleSection\":[\"Grands \u00e9v\u00e8nements\",\"Protection de la biodiversit\u00e9\"],\"inLanguage\":\"fr-FR\",\"potentialAction\":[{\"@type\":\"CommentAction\",\"name\":\"Comment\",\"target\":[\"https:\\\/\\\/paca.lpo.fr\\\/blogs\\\/nice\\\/2021\\\/02\\\/15\\\/parc-de-la-colline-du-chateau-nice\\\/#respond\"]}]},{\"@type\":\"WebPage\",\"@id\":\"https:\\\/\\\/paca.lpo.fr\\\/blogs\\\/nice\\\/2021\\\/02\\\/15\\\/parc-de-la-colline-du-chateau-nice\\\/\",\"url\":\"https:\\\/\\\/paca.lpo.fr\\\/blogs\\\/nice\\\/2021\\\/02\\\/15\\\/parc-de-la-colline-du-chateau-nice\\\/\",\"name\":\"Parc de la Colline du Ch\u00e2teau, Nice - Groupe local Nice\",\"isPartOf\":{\"@id\":\"https:\\\/\\\/paca.lpo.fr\\\/blogs\\\/nice\\\/#website\"},\"primaryImageOfPage\":{\"@id\":\"https:\\\/\\\/paca.lpo.fr\\\/blogs\\\/nice\\\/2021\\\/02\\\/15\\\/parc-de-la-colline-du-chateau-nice\\\/#primaryimage\"},\"image\":{\"@id\":\"https:\\\/\\\/paca.lpo.fr\\\/blogs\\\/nice\\\/2021\\\/02\\\/15\\\/parc-de-la-colline-du-chateau-nice\\\/#primaryimage\"},\"thumbnailUrl\":\"https:\\\/\\\/paca.lpo.fr\\\/blogs\\\/nice\\\/files\\\/2021\\\/02\\\/img-20210205-120534.jpg\",\"datePublished\":\"2021-02-15T10:48:36+00:00\",\"dateModified\":\"2021-02-15T11:31:03+00:00\",\"breadcrumb\":{\"@id\":\"https:\\\/\\\/paca.lpo.fr\\\/blogs\\\/nice\\\/2021\\\/02\\\/15\\\/parc-de-la-colline-du-chateau-nice\\\/#breadcrumb\"},\"inLanguage\":\"fr-FR\",\"potentialAction\":[{\"@type\":\"ReadAction\",\"target\":[\"https:\\\/\\\/paca.lpo.fr\\\/blogs\\\/nice\\\/2021\\\/02\\\/15\\\/parc-de-la-colline-du-chateau-nice\\\/\"]}]},{\"@type\":\"ImageObject\",\"inLanguage\":\"fr-FR\",\"@id\":\"https:\\\/\\\/paca.lpo.fr\\\/blogs\\\/nice\\\/2021\\\/02\\\/15\\\/parc-de-la-colline-du-chateau-nice\\\/#primaryimage\",\"url\":\"https:\\\/\\\/paca.lpo.fr\\\/blogs\\\/nice\\\/files\\\/2021\\\/02\\\/img-20210205-120534.jpg\",\"contentUrl\":\"https:\\\/\\\/paca.lpo.fr\\\/blogs\\\/nice\\\/files\\\/2021\\\/02\\\/img-20210205-120534.jpg\",\"width\":911,\"height\":684},{\"@type\":\"BreadcrumbList\",\"@id\":\"https:\\\/\\\/paca.lpo.fr\\\/blogs\\\/nice\\\/2021\\\/02\\\/15\\\/parc-de-la-colline-du-chateau-nice\\\/#breadcrumb\",\"itemListElement\":[{\"@type\":\"ListItem\",\"position\":1,\"name\":\"Accueil\",\"item\":\"https:\\\/\\\/paca.lpo.fr\\\/blogs\\\/nice\\\/\"},{\"@type\":\"ListItem\",\"position\":2,\"name\":\"Parc de la Colline du Ch\u00e2teau, Nice\"}]},{\"@type\":\"WebSite\",\"@id\":\"https:\\\/\\\/paca.lpo.fr\\\/blogs\\\/nice\\\/#website\",\"url\":\"https:\\\/\\\/paca.lpo.fr\\\/blogs\\\/nice\\\/\",\"name\":\"Groupe local Nice\",\"description\":\"Groupe local Nice\",\"publisher\":{\"@id\":\"https:\\\/\\\/paca.lpo.fr\\\/blogs\\\/nice\\\/#organization\"},\"potentialAction\":[{\"@type\":\"SearchAction\",\"target\":{\"@type\":\"EntryPoint\",\"urlTemplate\":\"https:\\\/\\\/paca.lpo.fr\\\/blogs\\\/nice\\\/?s={search_term_string}\"},\"query-input\":{\"@type\":\"PropertyValueSpecification\",\"valueRequired\":true,\"valueName\":\"search_term_string\"}}],\"inLanguage\":\"fr-FR\"},{\"@type\":\"Organization\",\"@id\":\"https:\\\/\\\/paca.lpo.fr\\\/blogs\\\/nice\\\/#organization\",\"name\":\"Groupe local Nice\",\"url\":\"https:\\\/\\\/paca.lpo.fr\\\/blogs\\\/nice\\\/\",\"logo\":{\"@type\":\"ImageObject\",\"inLanguage\":\"fr-FR\",\"@id\":\"https:\\\/\\\/paca.lpo.fr\\\/blogs\\\/nice\\\/#\\\/schema\\\/logo\\\/image\\\/\",\"url\":\"https:\\\/\\\/paca.lpo.fr\\\/blogs\\\/nice\\\/files\\\/2024\\\/01\\\/cropped-rvb-lpo-paca-logotype-signature-droite-mini-500.jpg\",\"contentUrl\":\"https:\\\/\\\/paca.lpo.fr\\\/blogs\\\/nice\\\/files\\\/2024\\\/01\\\/cropped-rvb-lpo-paca-logotype-signature-droite-mini-500.jpg\",\"width\":500,\"height\":210,\"caption\":\"Groupe local Nice\"},\"image\":{\"@id\":\"https:\\\/\\\/paca.lpo.fr\\\/blogs\\\/nice\\\/#\\\/schema\\\/logo\\\/image\\\/\"}},{\"@type\":\"Person\",\"@id\":\"https:\\\/\\\/paca.lpo.fr\\\/blogs\\\/nice\\\/#\\\/schema\\\/person\\\/1bda33335fb71e0b3552487db26a4c56\",\"name\":\"Groupe local Paillon-B\u00e9v\u00e9ra\",\"image\":{\"@type\":\"ImageObject\",\"inLanguage\":\"fr-FR\",\"@id\":\"https:\\\/\\\/secure.gravatar.com\\\/avatar\\\/b1ee285506e2cb880ec988990d360e255aecb31c77212741dace1023623610c2?s=96&d=mm&r=g\",\"url\":\"https:\\\/\\\/secure.gravatar.com\\\/avatar\\\/b1ee285506e2cb880ec988990d360e255aecb31c77212741dace1023623610c2?s=96&d=mm&r=g\",\"contentUrl\":\"https:\\\/\\\/secure.gravatar.com\\\/avatar\\\/b1ee285506e2cb880ec988990d360e255aecb31c77212741dace1023623610c2?s=96&d=mm&r=g\",\"caption\":\"Groupe local Paillon-B\u00e9v\u00e9ra\"},\"url\":\"https:\\\/\\\/paca.lpo.fr\\\/blogs\\\/nice\\\/author\\\/alpesmaritimesest\\\/\"}]}<\/script>\n<!-- \/ Yoast SEO plugin. -->","yoast_head_json":{"title":"Parc de la Colline du Ch\u00e2teau, Nice - Groupe local Nice","robots":{"index":"index","follow":"follow","max-snippet":"max-snippet:-1","max-image-preview":"max-image-preview:large","max-video-preview":"max-video-preview:-1"},"canonical":"https:\/\/paca.lpo.fr\/blogs\/nice\/2021\/02\/15\/parc-de-la-colline-du-chateau-nice\/","og_locale":"fr_FR","og_type":"article","og_title":"Parc de la Colline du Ch\u00e2teau, Nice - Groupe local Nice","og_description":"Ce vendredi 5 f\u00e9vrier a eu lieu l&rsquo;inauguration officielle qui cloture le projet de pose de nichoirs dans le cadre des Troph\u00e9es de l&rsquo;Environnement de la Ville de Nice. Monsieur Ulrich Rampp, initiateur de ce beau projet, nous propose un joli r\u00e9sum\u00e9 en images. Voir vid\u00e9o en bas de page. Remerciements \u00e0 Monsieur Ulrich Rampp [&hellip;]","og_url":"https:\/\/paca.lpo.fr\/blogs\/nice\/2021\/02\/15\/parc-de-la-colline-du-chateau-nice\/","og_site_name":"Groupe local Nice","article_published_time":"2021-02-15T10:48:36+00:00","article_modified_time":"2021-02-15T11:31:03+00:00","og_image":[{"width":911,"height":684,"url":"https:\/\/paca.lpo.fr\/blogs\/nice\/files\/2021\/02\/img-20210205-120534.jpg","type":"image\/jpeg"}],"author":"Groupe local Paillon-B\u00e9v\u00e9ra","twitter_card":"summary_large_image","twitter_misc":{"\u00c9crit par":"Groupe local Paillon-B\u00e9v\u00e9ra","Dur\u00e9e de lecture estim\u00e9e":"1 minute"},"schema":{"@context":"https:\/\/schema.org","@graph":[{"@type":"Article","@id":"https:\/\/paca.lpo.fr\/blogs\/nice\/2021\/02\/15\/parc-de-la-colline-du-chateau-nice\/#article","isPartOf":{"@id":"https:\/\/paca.lpo.fr\/blogs\/nice\/2021\/02\/15\/parc-de-la-colline-du-chateau-nice\/"},"author":{"name":"Groupe local Paillon-B\u00e9v\u00e9ra","@id":"https:\/\/paca.lpo.fr\/blogs\/nice\/#\/schema\/person\/1bda33335fb71e0b3552487db26a4c56"},"headline":"Parc de la Colline du Ch\u00e2teau, Nice","datePublished":"2021-02-15T10:48:36+00:00","dateModified":"2021-02-15T11:31:03+00:00","mainEntityOfPage":{"@id":"https:\/\/paca.lpo.fr\/blogs\/nice\/2021\/02\/15\/parc-de-la-colline-du-chateau-nice\/"},"wordCount":142,"commentCount":0,"publisher":{"@id":"https:\/\/paca.lpo.fr\/blogs\/nice\/#organization"},"image":{"@id":"https:\/\/paca.lpo.fr\/blogs\/nice\/2021\/02\/15\/parc-de-la-colline-du-chateau-nice\/#primaryimage"},"thumbnailUrl":"https:\/\/paca.lpo.fr\/blogs\/nice\/files\/2021\/02\/img-20210205-120534.jpg","articleSection":["Grands \u00e9v\u00e8nements","Protection de la biodiversit\u00e9"],"inLanguage":"fr-FR","potentialAction":[{"@type":"CommentAction","name":"Comment","target":["https:\/\/paca.lpo.fr\/blogs\/nice\/2021\/02\/15\/parc-de-la-colline-du-chateau-nice\/#respond"]}]},{"@type":"WebPage","@id":"https:\/\/paca.lpo.fr\/blogs\/nice\/2021\/02\/15\/parc-de-la-colline-du-chateau-nice\/","url":"https:\/\/paca.lpo.fr\/blogs\/nice\/2021\/02\/15\/parc-de-la-colline-du-chateau-nice\/","name":"Parc de la Colline du Ch\u00e2teau, Nice - Groupe local Nice","isPartOf":{"@id":"https:\/\/paca.lpo.fr\/blogs\/nice\/#website"},"primaryImageOfPage":{"@id":"https:\/\/paca.lpo.fr\/blogs\/nice\/2021\/02\/15\/parc-de-la-colline-du-chateau-nice\/#primaryimage"},"image":{"@id":"https:\/\/paca.lpo.fr\/blogs\/nice\/2021\/02\/15\/parc-de-la-colline-du-chateau-nice\/#primaryimage"},"thumbnailUrl":"https:\/\/paca.lpo.fr\/blogs\/nice\/files\/2021\/02\/img-20210205-120534.jpg","datePublished":"2021-02-15T10:48:36+00:00","dateModified":"2021-02-15T11:31:03+00:00","breadcrumb":{"@id":"https:\/\/paca.lpo.fr\/blogs\/nice\/2021\/02\/15\/parc-de-la-colline-du-chateau-nice\/#breadcrumb"},"inLanguage":"fr-FR","potentialAction":[{"@type":"ReadAction","target":["https:\/\/paca.lpo.fr\/blogs\/nice\/2021\/02\/15\/parc-de-la-colline-du-chateau-nice\/"]}]},{"@type":"ImageObject","inLanguage":"fr-FR","@id":"https:\/\/paca.lpo.fr\/blogs\/nice\/2021\/02\/15\/parc-de-la-colline-du-chateau-nice\/#primaryimage","url":"https:\/\/paca.lpo.fr\/blogs\/nice\/files\/2021\/02\/img-20210205-120534.jpg","contentUrl":"https:\/\/paca.lpo.fr\/blogs\/nice\/files\/2021\/02\/img-20210205-120534.jpg","width":911,"height":684},{"@type":"BreadcrumbList","@id":"https:\/\/paca.lpo.fr\/blogs\/nice\/2021\/02\/15\/parc-de-la-colline-du-chateau-nice\/#breadcrumb","itemListElement":[{"@type":"ListItem","position":1,"name":"Accueil","item":"https:\/\/paca.lpo.fr\/blogs\/nice\/"},{"@type":"ListItem","position":2,"name":"Parc de la Colline du Ch\u00e2teau, Nice"}]},{"@type":"WebSite","@id":"https:\/\/paca.lpo.fr\/blogs\/nice\/#website","url":"https:\/\/paca.lpo.fr\/blogs\/nice\/","name":"Groupe local Nice","description":"Groupe local Nice","publisher":{"@id":"https:\/\/paca.lpo.fr\/blogs\/nice\/#organization"},"potentialAction":[{"@type":"SearchAction","target":{"@type":"EntryPoint","urlTemplate":"https:\/\/paca.lpo.fr\/blogs\/nice\/?s={search_term_string}"},"query-input":{"@type":"PropertyValueSpecification","valueRequired":true,"valueName":"search_term_string"}}],"inLanguage":"fr-FR"},{"@type":"Organization","@id":"https:\/\/paca.lpo.fr\/blogs\/nice\/#organization","name":"Groupe local Nice","url":"https:\/\/paca.lpo.fr\/blogs\/nice\/","logo":{"@type":"ImageObject","inLanguage":"fr-FR","@id":"https:\/\/paca.lpo.fr\/blogs\/nice\/#\/schema\/logo\/image\/","url":"https:\/\/paca.lpo.fr\/blogs\/nice\/files\/2024\/01\/cropped-rvb-lpo-paca-logotype-signature-droite-mini-500.jpg","contentUrl":"https:\/\/paca.lpo.fr\/blogs\/nice\/files\/2024\/01\/cropped-rvb-lpo-paca-logotype-signature-droite-mini-500.jpg","width":500,"height":210,"caption":"Groupe local Nice"},"image":{"@id":"https:\/\/paca.lpo.fr\/blogs\/nice\/#\/schema\/logo\/image\/"}},{"@type":"Person","@id":"https:\/\/paca.lpo.fr\/blogs\/nice\/#\/schema\/person\/1bda33335fb71e0b3552487db26a4c56","name":"Groupe local Paillon-B\u00e9v\u00e9ra","image":{"@type":"ImageObject","inLanguage":"fr-FR","@id":"https:\/\/secure.gravatar.com\/avatar\/b1ee285506e2cb880ec988990d360e255aecb31c77212741dace1023623610c2?s=96&d=mm&r=g","url":"https:\/\/secure.gravatar.com\/avatar\/b1ee285506e2cb880ec988990d360e255aecb31c77212741dace1023623610c2?s=96&d=mm&r=g","contentUrl":"https:\/\/secure.gravatar.com\/avatar\/b1ee285506e2cb880ec988990d360e255aecb31c77212741dace1023623610c2?s=96&d=mm&r=g","caption":"Groupe local Paillon-B\u00e9v\u00e9ra"},"url":"https:\/\/paca.lpo.fr\/blogs\/nice\/author\/alpesmaritimesest\/"}]}},"jetpack_featured_media_url":"https:\/\/paca.lpo.fr\/blogs\/nice\/files\/2021\/02\/img-20210205-120534.jpg","_links":{"self":[{"href":"https:\/\/paca.lpo.fr\/blogs\/nice\/wp-json\/wp\/v2\/posts\/3228","targetHints":{"allow":["GET"]}}],"collection":[{"href":"https:\/\/paca.lpo.fr\/blogs\/nice\/wp-json\/wp\/v2\/posts"}],"about":[{"href":"https:\/\/paca.lpo.fr\/blogs\/nice\/wp-json\/wp\/v2\/types\/post"}],"author":[{"embeddable":true,"href":"https:\/\/paca.lpo.fr\/blogs\/nice\/wp-json\/wp\/v2\/users\/15"}],"replies":[{"embeddable":true,"href":"https:\/\/paca.lpo.fr\/blogs\/nice\/wp-json\/wp\/v2\/comments?post=3228"}],"version-history":[{"count":2,"href":"https:\/\/paca.lpo.fr\/blogs\/nice\/wp-json\/wp\/v2\/posts\/3228\/revisions"}],"predecessor-version":[{"id":3237,"href":"https:\/\/paca.lpo.fr\/blogs\/nice\/wp-json\/wp\/v2\/posts\/3228\/revisions\/3237"}],"wp:featuredmedia":[{"embeddable":true,"href":"https:\/\/paca.lpo.fr\/blogs\/nice\/wp-json\/wp\/v2\/media\/3234"}],"wp:attachment":[{"href":"https:\/\/paca.lpo.fr\/blogs\/nice\/wp-json\/wp\/v2\/media?parent=3228"}],"wp:term":[{"taxonomy":"category","embeddable":true,"href":"https:\/\/paca.lpo.fr\/blogs\/nice\/wp-json\/wp\/v2\/categories?post=3228"},{"taxonomy":"post_tag","embeddable":true,"href":"https:\/\/paca.lpo.fr\/blogs\/nice\/wp-json\/wp\/v2\/tags?post=3228"}],"curies":[{"name":"wp","href":"https:\/\/api.w.org\/{rel}","templated":true}]}}