{"id":3238,"date":"2021-02-16T17:21:47","date_gmt":"2021-02-16T16:21:47","guid":{"rendered":"https:\/\/paca.lpo.fr\/blogs\/nice\/?p=3238"},"modified":"2021-02-16T18:32:12","modified_gmt":"2021-02-16T17:32:12","slug":"journee-mondiale-des-zones-humides-3","status":"publish","type":"post","link":"https:\/\/paca.lpo.fr\/blogs\/nice\/2021\/02\/16\/journee-mondiale-des-zones-humides-3\/","title":{"rendered":"Journ\u00e9e Mondiale des Zones Humides"},"content":{"rendered":"\n<p class=\"wp-block-paragraph\">Depuis plusieurs ann\u00e9es, la LPO PACA s\u2019implique pour faire conna\u00eetre l\u2019importance des zones humides dans l\u2019\u00e9cologie mondiale et la pr\u00e9servation des ressources en eau, notamment \u00e0 l\u2019occasion de la Journ\u00e9e Mondiale des Zones Humides c\u00e9l\u00e9br\u00e9e en f\u00e9vrier chaque ann\u00e9e. Le th\u00e8me de l\u2019\u00e9dition 2021 met l\u2019accent sur l\u2019eau&nbsp;: \u00ab&nbsp;Les zones humides et l\u2019eau \u00bb.<\/p>\n\n\n\n<figure class=\"wp-block-image size-large\"><img loading=\"lazy\" decoding=\"async\" width=\"600\" height=\"800\" src=\"https:\/\/paca.lpo.fr\/blogs\/nice\/files\/2021\/02\/img-20210213-094405-600x800.jpg\" alt=\"\" class=\"wp-image-3239\" srcset=\"https:\/\/paca.lpo.fr\/blogs\/nice\/files\/2021\/02\/img-20210213-094405-600x800.jpg 600w, https:\/\/paca.lpo.fr\/blogs\/nice\/files\/2021\/02\/img-20210213-094405-360x480.jpg 360w, https:\/\/paca.lpo.fr\/blogs\/nice\/files\/2021\/02\/img-20210213-094405.jpg 682w\" sizes=\"auto, (max-width: 600px) 100vw, 600px\" \/><\/figure>\n\n\n\n<p class=\"wp-block-paragraph\">Notre sortie a eu lieu le samedi 13 f\u00e9vrier, et pour l\u2019eau les 12 participants ont \u00e9t\u00e9 bien servis\u00a0! Quelques \u00a0averses ont un peu \u00e9court\u00e9 la journ\u00e9e mais la balade depuis Tou\u00ebt de l\u2019Escar\u00e8ne le long du ruisseau Redebraus, qui se jette dans le fleuve Paillon, a \u00e9t\u00e9 appr\u00e9ci\u00e9e de tous. C\u2019est un tr\u00e8s joli cours d\u2019eau avec des launes, des chutes,  de belles vues sur les montagnes, et une v\u00e9g\u00e9tation luxuriante.<\/p>\n\n\n\n<figure class=\"wp-block-image size-large\"><img loading=\"lazy\" decoding=\"async\" width=\"928\" height=\"695\" src=\"https:\/\/paca.lpo.fr\/blogs\/nice\/files\/2021\/02\/img-20210213-113357.jpg\" alt=\"\" class=\"wp-image-3240\" srcset=\"https:\/\/paca.lpo.fr\/blogs\/nice\/files\/2021\/02\/img-20210213-113357.jpg 928w, https:\/\/paca.lpo.fr\/blogs\/nice\/files\/2021\/02\/img-20210213-113357-480x359.jpg 480w, https:\/\/paca.lpo.fr\/blogs\/nice\/files\/2021\/02\/img-20210213-113357-768x575.jpg 768w\" sizes=\"auto, (max-width: 928px) 100vw, 928px\" \/><\/figure>\n\n\n\n<figure class=\"wp-block-image size-large\"><img loading=\"lazy\" decoding=\"async\" width=\"600\" height=\"800\" src=\"https:\/\/paca.lpo.fr\/blogs\/nice\/files\/2021\/02\/img-20210213-101834-600x800.jpg\" alt=\"\" class=\"wp-image-3241\" srcset=\"https:\/\/paca.lpo.fr\/blogs\/nice\/files\/2021\/02\/img-20210213-101834-600x800.jpg 600w, https:\/\/paca.lpo.fr\/blogs\/nice\/files\/2021\/02\/img-20210213-101834-360x480.jpg 360w, https:\/\/paca.lpo.fr\/blogs\/nice\/files\/2021\/02\/img-20210213-101834.jpg 682w\" sizes=\"auto, (max-width: 600px) 100vw, 600px\" \/><\/figure>\n\n\n\n<figure class=\"wp-block-image size-large\"><img loading=\"lazy\" decoding=\"async\" width=\"608\" height=\"800\" src=\"https:\/\/paca.lpo.fr\/blogs\/nice\/files\/2021\/02\/img-20210213-120836-608x800.jpg\" alt=\"\" class=\"wp-image-3242\" srcset=\"https:\/\/paca.lpo.fr\/blogs\/nice\/files\/2021\/02\/img-20210213-120836-608x800.jpg 608w, https:\/\/paca.lpo.fr\/blogs\/nice\/files\/2021\/02\/img-20210213-120836-365x480.jpg 365w, https:\/\/paca.lpo.fr\/blogs\/nice\/files\/2021\/02\/img-20210213-120836.jpg 695w\" sizes=\"auto, (max-width: 608px) 100vw, 608px\" \/><\/figure>\n","protected":false},"excerpt":{"rendered":"<p>Depuis plusieurs ann\u00e9es, la LPO PACA s\u2019implique pour faire conna\u00eetre l\u2019importance des zones humides dans l\u2019\u00e9cologie mondiale et la pr\u00e9servation des ressources en eau, notamment \u00e0 l\u2019occasion de la Journ\u00e9e Mondiale des Zones Humides c\u00e9l\u00e9br\u00e9e en f\u00e9vrier chaque ann\u00e9e. Le th\u00e8me de l\u2019\u00e9dition 2021 met l\u2019accent sur l\u2019eau&nbsp;: \u00ab&nbsp;Les zones humides et l\u2019eau \u00bb. Notre [&hellip;]<\/p>\n","protected":false},"author":15,"featured_media":3243,"comment_status":"open","ping_status":"open","sticky":false,"template":"","format":"standard","meta":{"footnotes":""},"categories":[77,80],"tags":[],"class_list":["post-3238","post","type-post","status-publish","format-standard","has-post-thumbnail","hentry","category-grands-evenements","category-sorties-nature-2"],"yoast_head":"<!-- This site is optimized with the Yoast SEO plugin v28.3 - https:\/\/yoast.com\/product\/yoast-seo-wordpress\/ -->\n<title>Journ\u00e9e Mondiale des Zones Humides - Groupe local Nice<\/title>\n<meta name=\"robots\" content=\"index, follow, max-snippet:-1, max-image-preview:large, max-video-preview:-1\" \/>\n<link rel=\"canonical\" href=\"https:\/\/paca.lpo.fr\/blogs\/nice\/2021\/02\/16\/journee-mondiale-des-zones-humides-3\/\" \/>\n<meta property=\"og:locale\" content=\"fr_FR\" \/>\n<meta property=\"og:type\" content=\"article\" \/>\n<meta property=\"og:title\" content=\"Journ\u00e9e Mondiale des Zones Humides - Groupe local Nice\" \/>\n<meta property=\"og:description\" content=\"Depuis plusieurs ann\u00e9es, la LPO PACA s\u2019implique pour faire conna\u00eetre l\u2019importance des zones humides dans l\u2019\u00e9cologie mondiale et la pr\u00e9servation des ressources en eau, notamment \u00e0 l\u2019occasion de la Journ\u00e9e Mondiale des Zones Humides c\u00e9l\u00e9br\u00e9e en f\u00e9vrier chaque ann\u00e9e. Le th\u00e8me de l\u2019\u00e9dition 2021 met l\u2019accent sur l\u2019eau&nbsp;: \u00ab&nbsp;Les zones humides et l\u2019eau \u00bb. Notre [&hellip;]\" \/>\n<meta property=\"og:url\" content=\"https:\/\/paca.lpo.fr\/blogs\/nice\/2021\/02\/16\/journee-mondiale-des-zones-humides-3\/\" \/>\n<meta property=\"og:site_name\" content=\"Groupe local Nice\" \/>\n<meta property=\"article:published_time\" content=\"2021-02-16T16:21:47+00:00\" \/>\n<meta property=\"article:modified_time\" content=\"2021-02-16T17:32:12+00:00\" \/>\n<meta property=\"og:image\" content=\"https:\/\/paca.lpo.fr\/blogs\/nice\/files\/2021\/02\/img-20210213-103000.jpg\" \/>\n\t<meta property=\"og:image:width\" content=\"922\" \/>\n\t<meta property=\"og:image:height\" content=\"683\" \/>\n\t<meta property=\"og:image:type\" content=\"image\/jpeg\" \/>\n<meta name=\"author\" content=\"Groupe local Paillon-B\u00e9v\u00e9ra\" \/>\n<meta name=\"twitter:card\" content=\"summary_large_image\" \/>\n<meta name=\"twitter:label1\" content=\"\u00c9crit par\" \/>\n\t<meta name=\"twitter:data1\" content=\"Groupe local Paillon-B\u00e9v\u00e9ra\" \/>\n\t<meta name=\"twitter:label2\" content=\"Dur\u00e9e de lecture estim\u00e9e\" \/>\n\t<meta name=\"twitter:data2\" content=\"1 minute\" \/>\n<script type=\"application\/ld+json\" class=\"yoast-schema-graph\">{\"@context\":\"https:\\\/\\\/schema.org\",\"@graph\":[{\"@type\":\"Article\",\"@id\":\"https:\\\/\\\/paca.lpo.fr\\\/blogs\\\/nice\\\/2021\\\/02\\\/16\\\/journee-mondiale-des-zones-humides-3\\\/#article\",\"isPartOf\":{\"@id\":\"https:\\\/\\\/paca.lpo.fr\\\/blogs\\\/nice\\\/2021\\\/02\\\/16\\\/journee-mondiale-des-zones-humides-3\\\/\"},\"author\":{\"name\":\"Groupe local Paillon-B\u00e9v\u00e9ra\",\"@id\":\"https:\\\/\\\/paca.lpo.fr\\\/blogs\\\/nice\\\/#\\\/schema\\\/person\\\/1bda33335fb71e0b3552487db26a4c56\"},\"headline\":\"Journ\u00e9e Mondiale des Zones Humides\",\"datePublished\":\"2021-02-16T16:21:47+00:00\",\"dateModified\":\"2021-02-16T17:32:12+00:00\",\"mainEntityOfPage\":{\"@id\":\"https:\\\/\\\/paca.lpo.fr\\\/blogs\\\/nice\\\/2021\\\/02\\\/16\\\/journee-mondiale-des-zones-humides-3\\\/\"},\"wordCount\":160,\"commentCount\":0,\"publisher\":{\"@id\":\"https:\\\/\\\/paca.lpo.fr\\\/blogs\\\/nice\\\/#organization\"},\"image\":{\"@id\":\"https:\\\/\\\/paca.lpo.fr\\\/blogs\\\/nice\\\/2021\\\/02\\\/16\\\/journee-mondiale-des-zones-humides-3\\\/#primaryimage\"},\"thumbnailUrl\":\"https:\\\/\\\/paca.lpo.fr\\\/blogs\\\/nice\\\/files\\\/2021\\\/02\\\/img-20210213-103000.jpg\",\"articleSection\":[\"Grands \u00e9v\u00e8nements\",\"Sorties nature\"],\"inLanguage\":\"fr-FR\",\"potentialAction\":[{\"@type\":\"CommentAction\",\"name\":\"Comment\",\"target\":[\"https:\\\/\\\/paca.lpo.fr\\\/blogs\\\/nice\\\/2021\\\/02\\\/16\\\/journee-mondiale-des-zones-humides-3\\\/#respond\"]}]},{\"@type\":\"WebPage\",\"@id\":\"https:\\\/\\\/paca.lpo.fr\\\/blogs\\\/nice\\\/2021\\\/02\\\/16\\\/journee-mondiale-des-zones-humides-3\\\/\",\"url\":\"https:\\\/\\\/paca.lpo.fr\\\/blogs\\\/nice\\\/2021\\\/02\\\/16\\\/journee-mondiale-des-zones-humides-3\\\/\",\"name\":\"Journ\u00e9e Mondiale des Zones Humides - Groupe local Nice\",\"isPartOf\":{\"@id\":\"https:\\\/\\\/paca.lpo.fr\\\/blogs\\\/nice\\\/#website\"},\"primaryImageOfPage\":{\"@id\":\"https:\\\/\\\/paca.lpo.fr\\\/blogs\\\/nice\\\/2021\\\/02\\\/16\\\/journee-mondiale-des-zones-humides-3\\\/#primaryimage\"},\"image\":{\"@id\":\"https:\\\/\\\/paca.lpo.fr\\\/blogs\\\/nice\\\/2021\\\/02\\\/16\\\/journee-mondiale-des-zones-humides-3\\\/#primaryimage\"},\"thumbnailUrl\":\"https:\\\/\\\/paca.lpo.fr\\\/blogs\\\/nice\\\/files\\\/2021\\\/02\\\/img-20210213-103000.jpg\",\"datePublished\":\"2021-02-16T16:21:47+00:00\",\"dateModified\":\"2021-02-16T17:32:12+00:00\",\"breadcrumb\":{\"@id\":\"https:\\\/\\\/paca.lpo.fr\\\/blogs\\\/nice\\\/2021\\\/02\\\/16\\\/journee-mondiale-des-zones-humides-3\\\/#breadcrumb\"},\"inLanguage\":\"fr-FR\",\"potentialAction\":[{\"@type\":\"ReadAction\",\"target\":[\"https:\\\/\\\/paca.lpo.fr\\\/blogs\\\/nice\\\/2021\\\/02\\\/16\\\/journee-mondiale-des-zones-humides-3\\\/\"]}]},{\"@type\":\"ImageObject\",\"inLanguage\":\"fr-FR\",\"@id\":\"https:\\\/\\\/paca.lpo.fr\\\/blogs\\\/nice\\\/2021\\\/02\\\/16\\\/journee-mondiale-des-zones-humides-3\\\/#primaryimage\",\"url\":\"https:\\\/\\\/paca.lpo.fr\\\/blogs\\\/nice\\\/files\\\/2021\\\/02\\\/img-20210213-103000.jpg\",\"contentUrl\":\"https:\\\/\\\/paca.lpo.fr\\\/blogs\\\/nice\\\/files\\\/2021\\\/02\\\/img-20210213-103000.jpg\",\"width\":922,\"height\":683},{\"@type\":\"BreadcrumbList\",\"@id\":\"https:\\\/\\\/paca.lpo.fr\\\/blogs\\\/nice\\\/2021\\\/02\\\/16\\\/journee-mondiale-des-zones-humides-3\\\/#breadcrumb\",\"itemListElement\":[{\"@type\":\"ListItem\",\"position\":1,\"name\":\"Accueil\",\"item\":\"https:\\\/\\\/paca.lpo.fr\\\/blogs\\\/nice\\\/\"},{\"@type\":\"ListItem\",\"position\":2,\"name\":\"Journ\u00e9e Mondiale des Zones Humides\"}]},{\"@type\":\"WebSite\",\"@id\":\"https:\\\/\\\/paca.lpo.fr\\\/blogs\\\/nice\\\/#website\",\"url\":\"https:\\\/\\\/paca.lpo.fr\\\/blogs\\\/nice\\\/\",\"name\":\"Groupe local Nice\",\"description\":\"Groupe local Nice\",\"publisher\":{\"@id\":\"https:\\\/\\\/paca.lpo.fr\\\/blogs\\\/nice\\\/#organization\"},\"potentialAction\":[{\"@type\":\"SearchAction\",\"target\":{\"@type\":\"EntryPoint\",\"urlTemplate\":\"https:\\\/\\\/paca.lpo.fr\\\/blogs\\\/nice\\\/?s={search_term_string}\"},\"query-input\":{\"@type\":\"PropertyValueSpecification\",\"valueRequired\":true,\"valueName\":\"search_term_string\"}}],\"inLanguage\":\"fr-FR\"},{\"@type\":\"Organization\",\"@id\":\"https:\\\/\\\/paca.lpo.fr\\\/blogs\\\/nice\\\/#organization\",\"name\":\"Groupe local Nice\",\"url\":\"https:\\\/\\\/paca.lpo.fr\\\/blogs\\\/nice\\\/\",\"logo\":{\"@type\":\"ImageObject\",\"inLanguage\":\"fr-FR\",\"@id\":\"https:\\\/\\\/paca.lpo.fr\\\/blogs\\\/nice\\\/#\\\/schema\\\/logo\\\/image\\\/\",\"url\":\"https:\\\/\\\/paca.lpo.fr\\\/blogs\\\/nice\\\/files\\\/2024\\\/01\\\/cropped-rvb-lpo-paca-logotype-signature-droite-mini-500.jpg\",\"contentUrl\":\"https:\\\/\\\/paca.lpo.fr\\\/blogs\\\/nice\\\/files\\\/2024\\\/01\\\/cropped-rvb-lpo-paca-logotype-signature-droite-mini-500.jpg\",\"width\":500,\"height\":210,\"caption\":\"Groupe local Nice\"},\"image\":{\"@id\":\"https:\\\/\\\/paca.lpo.fr\\\/blogs\\\/nice\\\/#\\\/schema\\\/logo\\\/image\\\/\"}},{\"@type\":\"Person\",\"@id\":\"https:\\\/\\\/paca.lpo.fr\\\/blogs\\\/nice\\\/#\\\/schema\\\/person\\\/1bda33335fb71e0b3552487db26a4c56\",\"name\":\"Groupe local Paillon-B\u00e9v\u00e9ra\",\"image\":{\"@type\":\"ImageObject\",\"inLanguage\":\"fr-FR\",\"@id\":\"https:\\\/\\\/secure.gravatar.com\\\/avatar\\\/b1ee285506e2cb880ec988990d360e255aecb31c77212741dace1023623610c2?s=96&d=mm&r=g\",\"url\":\"https:\\\/\\\/secure.gravatar.com\\\/avatar\\\/b1ee285506e2cb880ec988990d360e255aecb31c77212741dace1023623610c2?s=96&d=mm&r=g\",\"contentUrl\":\"https:\\\/\\\/secure.gravatar.com\\\/avatar\\\/b1ee285506e2cb880ec988990d360e255aecb31c77212741dace1023623610c2?s=96&d=mm&r=g\",\"caption\":\"Groupe local Paillon-B\u00e9v\u00e9ra\"},\"url\":\"https:\\\/\\\/paca.lpo.fr\\\/blogs\\\/nice\\\/author\\\/alpesmaritimesest\\\/\"}]}<\/script>\n<!-- \/ Yoast SEO plugin. -->","yoast_head_json":{"title":"Journ\u00e9e Mondiale des Zones Humides - Groupe local Nice","robots":{"index":"index","follow":"follow","max-snippet":"max-snippet:-1","max-image-preview":"max-image-preview:large","max-video-preview":"max-video-preview:-1"},"canonical":"https:\/\/paca.lpo.fr\/blogs\/nice\/2021\/02\/16\/journee-mondiale-des-zones-humides-3\/","og_locale":"fr_FR","og_type":"article","og_title":"Journ\u00e9e Mondiale des Zones Humides - Groupe local Nice","og_description":"Depuis plusieurs ann\u00e9es, la LPO PACA s\u2019implique pour faire conna\u00eetre l\u2019importance des zones humides dans l\u2019\u00e9cologie mondiale et la pr\u00e9servation des ressources en eau, notamment \u00e0 l\u2019occasion de la Journ\u00e9e Mondiale des Zones Humides c\u00e9l\u00e9br\u00e9e en f\u00e9vrier chaque ann\u00e9e. Le th\u00e8me de l\u2019\u00e9dition 2021 met l\u2019accent sur l\u2019eau&nbsp;: \u00ab&nbsp;Les zones humides et l\u2019eau \u00bb. Notre [&hellip;]","og_url":"https:\/\/paca.lpo.fr\/blogs\/nice\/2021\/02\/16\/journee-mondiale-des-zones-humides-3\/","og_site_name":"Groupe local Nice","article_published_time":"2021-02-16T16:21:47+00:00","article_modified_time":"2021-02-16T17:32:12+00:00","og_image":[{"width":922,"height":683,"url":"https:\/\/paca.lpo.fr\/blogs\/nice\/files\/2021\/02\/img-20210213-103000.jpg","type":"image\/jpeg"}],"author":"Groupe local Paillon-B\u00e9v\u00e9ra","twitter_card":"summary_large_image","twitter_misc":{"\u00c9crit par":"Groupe local Paillon-B\u00e9v\u00e9ra","Dur\u00e9e de lecture estim\u00e9e":"1 minute"},"schema":{"@context":"https:\/\/schema.org","@graph":[{"@type":"Article","@id":"https:\/\/paca.lpo.fr\/blogs\/nice\/2021\/02\/16\/journee-mondiale-des-zones-humides-3\/#article","isPartOf":{"@id":"https:\/\/paca.lpo.fr\/blogs\/nice\/2021\/02\/16\/journee-mondiale-des-zones-humides-3\/"},"author":{"name":"Groupe local Paillon-B\u00e9v\u00e9ra","@id":"https:\/\/paca.lpo.fr\/blogs\/nice\/#\/schema\/person\/1bda33335fb71e0b3552487db26a4c56"},"headline":"Journ\u00e9e Mondiale des Zones Humides","datePublished":"2021-02-16T16:21:47+00:00","dateModified":"2021-02-16T17:32:12+00:00","mainEntityOfPage":{"@id":"https:\/\/paca.lpo.fr\/blogs\/nice\/2021\/02\/16\/journee-mondiale-des-zones-humides-3\/"},"wordCount":160,"commentCount":0,"publisher":{"@id":"https:\/\/paca.lpo.fr\/blogs\/nice\/#organization"},"image":{"@id":"https:\/\/paca.lpo.fr\/blogs\/nice\/2021\/02\/16\/journee-mondiale-des-zones-humides-3\/#primaryimage"},"thumbnailUrl":"https:\/\/paca.lpo.fr\/blogs\/nice\/files\/2021\/02\/img-20210213-103000.jpg","articleSection":["Grands \u00e9v\u00e8nements","Sorties nature"],"inLanguage":"fr-FR","potentialAction":[{"@type":"CommentAction","name":"Comment","target":["https:\/\/paca.lpo.fr\/blogs\/nice\/2021\/02\/16\/journee-mondiale-des-zones-humides-3\/#respond"]}]},{"@type":"WebPage","@id":"https:\/\/paca.lpo.fr\/blogs\/nice\/2021\/02\/16\/journee-mondiale-des-zones-humides-3\/","url":"https:\/\/paca.lpo.fr\/blogs\/nice\/2021\/02\/16\/journee-mondiale-des-zones-humides-3\/","name":"Journ\u00e9e Mondiale des Zones Humides - Groupe local Nice","isPartOf":{"@id":"https:\/\/paca.lpo.fr\/blogs\/nice\/#website"},"primaryImageOfPage":{"@id":"https:\/\/paca.lpo.fr\/blogs\/nice\/2021\/02\/16\/journee-mondiale-des-zones-humides-3\/#primaryimage"},"image":{"@id":"https:\/\/paca.lpo.fr\/blogs\/nice\/2021\/02\/16\/journee-mondiale-des-zones-humides-3\/#primaryimage"},"thumbnailUrl":"https:\/\/paca.lpo.fr\/blogs\/nice\/files\/2021\/02\/img-20210213-103000.jpg","datePublished":"2021-02-16T16:21:47+00:00","dateModified":"2021-02-16T17:32:12+00:00","breadcrumb":{"@id":"https:\/\/paca.lpo.fr\/blogs\/nice\/2021\/02\/16\/journee-mondiale-des-zones-humides-3\/#breadcrumb"},"inLanguage":"fr-FR","potentialAction":[{"@type":"ReadAction","target":["https:\/\/paca.lpo.fr\/blogs\/nice\/2021\/02\/16\/journee-mondiale-des-zones-humides-3\/"]}]},{"@type":"ImageObject","inLanguage":"fr-FR","@id":"https:\/\/paca.lpo.fr\/blogs\/nice\/2021\/02\/16\/journee-mondiale-des-zones-humides-3\/#primaryimage","url":"https:\/\/paca.lpo.fr\/blogs\/nice\/files\/2021\/02\/img-20210213-103000.jpg","contentUrl":"https:\/\/paca.lpo.fr\/blogs\/nice\/files\/2021\/02\/img-20210213-103000.jpg","width":922,"height":683},{"@type":"BreadcrumbList","@id":"https:\/\/paca.lpo.fr\/blogs\/nice\/2021\/02\/16\/journee-mondiale-des-zones-humides-3\/#breadcrumb","itemListElement":[{"@type":"ListItem","position":1,"name":"Accueil","item":"https:\/\/paca.lpo.fr\/blogs\/nice\/"},{"@type":"ListItem","position":2,"name":"Journ\u00e9e Mondiale des Zones Humides"}]},{"@type":"WebSite","@id":"https:\/\/paca.lpo.fr\/blogs\/nice\/#website","url":"https:\/\/paca.lpo.fr\/blogs\/nice\/","name":"Groupe local Nice","description":"Groupe local Nice","publisher":{"@id":"https:\/\/paca.lpo.fr\/blogs\/nice\/#organization"},"potentialAction":[{"@type":"SearchAction","target":{"@type":"EntryPoint","urlTemplate":"https:\/\/paca.lpo.fr\/blogs\/nice\/?s={search_term_string}"},"query-input":{"@type":"PropertyValueSpecification","valueRequired":true,"valueName":"search_term_string"}}],"inLanguage":"fr-FR"},{"@type":"Organization","@id":"https:\/\/paca.lpo.fr\/blogs\/nice\/#organization","name":"Groupe local Nice","url":"https:\/\/paca.lpo.fr\/blogs\/nice\/","logo":{"@type":"ImageObject","inLanguage":"fr-FR","@id":"https:\/\/paca.lpo.fr\/blogs\/nice\/#\/schema\/logo\/image\/","url":"https:\/\/paca.lpo.fr\/blogs\/nice\/files\/2024\/01\/cropped-rvb-lpo-paca-logotype-signature-droite-mini-500.jpg","contentUrl":"https:\/\/paca.lpo.fr\/blogs\/nice\/files\/2024\/01\/cropped-rvb-lpo-paca-logotype-signature-droite-mini-500.jpg","width":500,"height":210,"caption":"Groupe local Nice"},"image":{"@id":"https:\/\/paca.lpo.fr\/blogs\/nice\/#\/schema\/logo\/image\/"}},{"@type":"Person","@id":"https:\/\/paca.lpo.fr\/blogs\/nice\/#\/schema\/person\/1bda33335fb71e0b3552487db26a4c56","name":"Groupe local Paillon-B\u00e9v\u00e9ra","image":{"@type":"ImageObject","inLanguage":"fr-FR","@id":"https:\/\/secure.gravatar.com\/avatar\/b1ee285506e2cb880ec988990d360e255aecb31c77212741dace1023623610c2?s=96&d=mm&r=g","url":"https:\/\/secure.gravatar.com\/avatar\/b1ee285506e2cb880ec988990d360e255aecb31c77212741dace1023623610c2?s=96&d=mm&r=g","contentUrl":"https:\/\/secure.gravatar.com\/avatar\/b1ee285506e2cb880ec988990d360e255aecb31c77212741dace1023623610c2?s=96&d=mm&r=g","caption":"Groupe local Paillon-B\u00e9v\u00e9ra"},"url":"https:\/\/paca.lpo.fr\/blogs\/nice\/author\/alpesmaritimesest\/"}]}},"jetpack_featured_media_url":"https:\/\/paca.lpo.fr\/blogs\/nice\/files\/2021\/02\/img-20210213-103000.jpg","_links":{"self":[{"href":"https:\/\/paca.lpo.fr\/blogs\/nice\/wp-json\/wp\/v2\/posts\/3238","targetHints":{"allow":["GET"]}}],"collection":[{"href":"https:\/\/paca.lpo.fr\/blogs\/nice\/wp-json\/wp\/v2\/posts"}],"about":[{"href":"https:\/\/paca.lpo.fr\/blogs\/nice\/wp-json\/wp\/v2\/types\/post"}],"author":[{"embeddable":true,"href":"https:\/\/paca.lpo.fr\/blogs\/nice\/wp-json\/wp\/v2\/users\/15"}],"replies":[{"embeddable":true,"href":"https:\/\/paca.lpo.fr\/blogs\/nice\/wp-json\/wp\/v2\/comments?post=3238"}],"version-history":[{"count":2,"href":"https:\/\/paca.lpo.fr\/blogs\/nice\/wp-json\/wp\/v2\/posts\/3238\/revisions"}],"predecessor-version":[{"id":3245,"href":"https:\/\/paca.lpo.fr\/blogs\/nice\/wp-json\/wp\/v2\/posts\/3238\/revisions\/3245"}],"wp:featuredmedia":[{"embeddable":true,"href":"https:\/\/paca.lpo.fr\/blogs\/nice\/wp-json\/wp\/v2\/media\/3243"}],"wp:attachment":[{"href":"https:\/\/paca.lpo.fr\/blogs\/nice\/wp-json\/wp\/v2\/media?parent=3238"}],"wp:term":[{"taxonomy":"category","embeddable":true,"href":"https:\/\/paca.lpo.fr\/blogs\/nice\/wp-json\/wp\/v2\/categories?post=3238"},{"taxonomy":"post_tag","embeddable":true,"href":"https:\/\/paca.lpo.fr\/blogs\/nice\/wp-json\/wp\/v2\/tags?post=3238"}],"curies":[{"name":"wp","href":"https:\/\/api.w.org\/{rel}","templated":true}]}}