{"id":3249,"date":"2021-03-04T18:06:22","date_gmt":"2021-03-04T17:06:22","guid":{"rendered":"https:\/\/paca.lpo.fr\/blogs\/nice\/?p=3249"},"modified":"2021-03-04T18:13:52","modified_gmt":"2021-03-04T17:13:52","slug":"nuit-de-la-chouette-a-beausoleil","status":"publish","type":"post","link":"https:\/\/paca.lpo.fr\/blogs\/nice\/2021\/03\/04\/nuit-de-la-chouette-a-beausoleil\/","title":{"rendered":"Nuit de la Chouette \u00e0 Beausoleil"},"content":{"rendered":"\n<p class=\"wp-block-paragraph\">Une petite animation l&rsquo;apr\u00e8s-midi pour quatre enfants (Covid oblige) dans la jolie for\u00eat de Grima \u00e0 Beausoleil. Apr\u00e8s avoir tout appris sur les rapaces nocturnes \u00e0 l&rsquo;aide du diaporama de cette 14\u00e8me Nuit de la Chouette, les enfants ont pu toucher de vraies plumes et ont beaucoup aim\u00e9 ouvrir et analyser les contenus de v\u00e9ritables pelotes de rejection. La for\u00eat de Grima abrite des hiboux grand-duc et petit-duc, ainsi que des chev\u00eaches d&rsquo;Ath\u00e9na et les participants ont pu \u00e9couter leurs chants et cris enregistr\u00e9s. Chaque enfant est parti avec des affiches et le d\u00e9pliant \u00ab\u00a0Rapaces Nocturnes\u00a0\u00bb.<\/p>\n\n\n\n<figure class=\"wp-block-image size-large\"><img loading=\"lazy\" decoding=\"async\" width=\"737\" height=\"800\" src=\"https:\/\/paca.lpo.fr\/blogs\/nice\/files\/2021\/03\/img-20210303-142833-737x800.jpg\" alt=\"\" class=\"wp-image-3250\" srcset=\"https:\/\/paca.lpo.fr\/blogs\/nice\/files\/2021\/03\/img-20210303-142833-737x800.jpg 737w, https:\/\/paca.lpo.fr\/blogs\/nice\/files\/2021\/03\/img-20210303-142833-442x480.jpg 442w, https:\/\/paca.lpo.fr\/blogs\/nice\/files\/2021\/03\/img-20210303-142833-768x834.jpg 768w, https:\/\/paca.lpo.fr\/blogs\/nice\/files\/2021\/03\/img-20210303-142833.jpg 830w\" sizes=\"auto, (max-width: 737px) 100vw, 737px\" \/><\/figure>\n\n\n\n<figure class=\"wp-block-image size-large\"><img loading=\"lazy\" decoding=\"async\" width=\"727\" height=\"800\" src=\"https:\/\/paca.lpo.fr\/blogs\/nice\/files\/2021\/03\/img-20210303-151625-727x800.jpg\" alt=\"\" class=\"wp-image-3251\" srcset=\"https:\/\/paca.lpo.fr\/blogs\/nice\/files\/2021\/03\/img-20210303-151625-727x800.jpg 727w, https:\/\/paca.lpo.fr\/blogs\/nice\/files\/2021\/03\/img-20210303-151625-436x480.jpg 436w, https:\/\/paca.lpo.fr\/blogs\/nice\/files\/2021\/03\/img-20210303-151625-768x846.jpg 768w, https:\/\/paca.lpo.fr\/blogs\/nice\/files\/2021\/03\/img-20210303-151625.jpg 811w\" sizes=\"auto, (max-width: 727px) 100vw, 727px\" \/><\/figure>\n\n\n\n<figure class=\"wp-block-image size-large\"><img loading=\"lazy\" decoding=\"async\" width=\"839\" height=\"800\" src=\"https:\/\/paca.lpo.fr\/blogs\/nice\/files\/2021\/03\/img-20210303-155018-839x800.jpg\" alt=\"\" class=\"wp-image-3252\" srcset=\"https:\/\/paca.lpo.fr\/blogs\/nice\/files\/2021\/03\/img-20210303-155018-839x800.jpg 839w, https:\/\/paca.lpo.fr\/blogs\/nice\/files\/2021\/03\/img-20210303-155018-480x458.jpg 480w, https:\/\/paca.lpo.fr\/blogs\/nice\/files\/2021\/03\/img-20210303-155018-768x732.jpg 768w, https:\/\/paca.lpo.fr\/blogs\/nice\/files\/2021\/03\/img-20210303-155018.jpg 906w\" sizes=\"auto, (max-width: 839px) 100vw, 839px\" \/><figcaption>Comme toujours lors des ateliers pelotes de rejection, au bout d&rsquo;un certain temps les parents ne r\u00e9sistent pas \u00e0 l&rsquo;envie de \u00ab\u00a0mettre la main \u00e0 la p\u00e2te\u00a0\u00bb aussi!<\/figcaption><\/figure>\n","protected":false},"excerpt":{"rendered":"<p>Une petite animation l&rsquo;apr\u00e8s-midi pour quatre enfants (Covid oblige) dans la jolie for\u00eat de Grima \u00e0 Beausoleil. Apr\u00e8s avoir tout appris sur les rapaces nocturnes \u00e0 l&rsquo;aide du diaporama de cette 14\u00e8me Nuit de la Chouette, les enfants ont pu toucher de vraies plumes et ont beaucoup aim\u00e9 ouvrir et analyser les contenus de v\u00e9ritables [&hellip;]<\/p>\n","protected":false},"author":15,"featured_media":3255,"comment_status":"open","ping_status":"open","sticky":false,"template":"","format":"standard","meta":{"footnotes":""},"categories":[79,77],"tags":[],"class_list":["post-3249","post","type-post","status-publish","format-standard","has-post-thumbnail","hentry","category-education-a-lenvironnement","category-grands-evenements"],"yoast_head":"<!-- This site is optimized with the Yoast SEO plugin v28.3 - https:\/\/yoast.com\/product\/yoast-seo-wordpress\/ -->\n<title>Nuit de la Chouette \u00e0 Beausoleil - Groupe local Nice<\/title>\n<meta name=\"robots\" content=\"index, follow, max-snippet:-1, max-image-preview:large, max-video-preview:-1\" \/>\n<link rel=\"canonical\" href=\"https:\/\/paca.lpo.fr\/blogs\/nice\/2021\/03\/04\/nuit-de-la-chouette-a-beausoleil\/\" \/>\n<meta property=\"og:locale\" content=\"fr_FR\" \/>\n<meta property=\"og:type\" content=\"article\" \/>\n<meta property=\"og:title\" content=\"Nuit de la Chouette \u00e0 Beausoleil - Groupe local Nice\" \/>\n<meta property=\"og:description\" content=\"Une petite animation l&rsquo;apr\u00e8s-midi pour quatre enfants (Covid oblige) dans la jolie for\u00eat de Grima \u00e0 Beausoleil. Apr\u00e8s avoir tout appris sur les rapaces nocturnes \u00e0 l&rsquo;aide du diaporama de cette 14\u00e8me Nuit de la Chouette, les enfants ont pu toucher de vraies plumes et ont beaucoup aim\u00e9 ouvrir et analyser les contenus de v\u00e9ritables [&hellip;]\" \/>\n<meta property=\"og:url\" content=\"https:\/\/paca.lpo.fr\/blogs\/nice\/2021\/03\/04\/nuit-de-la-chouette-a-beausoleil\/\" \/>\n<meta property=\"og:site_name\" content=\"Groupe local Nice\" \/>\n<meta property=\"article:published_time\" content=\"2021-03-04T17:06:22+00:00\" \/>\n<meta property=\"article:modified_time\" content=\"2021-03-04T17:13:52+00:00\" \/>\n<meta property=\"og:image\" content=\"https:\/\/paca.lpo.fr\/blogs\/nice\/files\/2021\/03\/fbevenement2021.jpg\" \/>\n\t<meta property=\"og:image:width\" content=\"936\" \/>\n\t<meta property=\"og:image:height\" content=\"490\" \/>\n\t<meta property=\"og:image:type\" content=\"image\/jpeg\" \/>\n<meta name=\"author\" content=\"Groupe local Paillon-B\u00e9v\u00e9ra\" \/>\n<meta name=\"twitter:card\" content=\"summary_large_image\" \/>\n<meta name=\"twitter:label1\" content=\"\u00c9crit par\" \/>\n\t<meta name=\"twitter:data1\" content=\"Groupe local Paillon-B\u00e9v\u00e9ra\" \/>\n\t<meta name=\"twitter:label2\" content=\"Dur\u00e9e de lecture estim\u00e9e\" \/>\n\t<meta name=\"twitter:data2\" content=\"1 minute\" \/>\n<script type=\"application\/ld+json\" class=\"yoast-schema-graph\">{\"@context\":\"https:\\\/\\\/schema.org\",\"@graph\":[{\"@type\":\"Article\",\"@id\":\"https:\\\/\\\/paca.lpo.fr\\\/blogs\\\/nice\\\/2021\\\/03\\\/04\\\/nuit-de-la-chouette-a-beausoleil\\\/#article\",\"isPartOf\":{\"@id\":\"https:\\\/\\\/paca.lpo.fr\\\/blogs\\\/nice\\\/2021\\\/03\\\/04\\\/nuit-de-la-chouette-a-beausoleil\\\/\"},\"author\":{\"name\":\"Groupe local Paillon-B\u00e9v\u00e9ra\",\"@id\":\"https:\\\/\\\/paca.lpo.fr\\\/blogs\\\/nice\\\/#\\\/schema\\\/person\\\/1bda33335fb71e0b3552487db26a4c56\"},\"headline\":\"Nuit de la Chouette \u00e0 Beausoleil\",\"datePublished\":\"2021-03-04T17:06:22+00:00\",\"dateModified\":\"2021-03-04T17:13:52+00:00\",\"mainEntityOfPage\":{\"@id\":\"https:\\\/\\\/paca.lpo.fr\\\/blogs\\\/nice\\\/2021\\\/03\\\/04\\\/nuit-de-la-chouette-a-beausoleil\\\/\"},\"wordCount\":141,\"commentCount\":0,\"publisher\":{\"@id\":\"https:\\\/\\\/paca.lpo.fr\\\/blogs\\\/nice\\\/#organization\"},\"image\":{\"@id\":\"https:\\\/\\\/paca.lpo.fr\\\/blogs\\\/nice\\\/2021\\\/03\\\/04\\\/nuit-de-la-chouette-a-beausoleil\\\/#primaryimage\"},\"thumbnailUrl\":\"https:\\\/\\\/paca.lpo.fr\\\/blogs\\\/nice\\\/files\\\/2021\\\/03\\\/fbevenement2021.jpg\",\"articleSection\":[\"Education \u00e0 l'environnement\",\"Grands \u00e9v\u00e8nements\"],\"inLanguage\":\"fr-FR\",\"potentialAction\":[{\"@type\":\"CommentAction\",\"name\":\"Comment\",\"target\":[\"https:\\\/\\\/paca.lpo.fr\\\/blogs\\\/nice\\\/2021\\\/03\\\/04\\\/nuit-de-la-chouette-a-beausoleil\\\/#respond\"]}]},{\"@type\":\"WebPage\",\"@id\":\"https:\\\/\\\/paca.lpo.fr\\\/blogs\\\/nice\\\/2021\\\/03\\\/04\\\/nuit-de-la-chouette-a-beausoleil\\\/\",\"url\":\"https:\\\/\\\/paca.lpo.fr\\\/blogs\\\/nice\\\/2021\\\/03\\\/04\\\/nuit-de-la-chouette-a-beausoleil\\\/\",\"name\":\"Nuit de la Chouette \u00e0 Beausoleil - Groupe local Nice\",\"isPartOf\":{\"@id\":\"https:\\\/\\\/paca.lpo.fr\\\/blogs\\\/nice\\\/#website\"},\"primaryImageOfPage\":{\"@id\":\"https:\\\/\\\/paca.lpo.fr\\\/blogs\\\/nice\\\/2021\\\/03\\\/04\\\/nuit-de-la-chouette-a-beausoleil\\\/#primaryimage\"},\"image\":{\"@id\":\"https:\\\/\\\/paca.lpo.fr\\\/blogs\\\/nice\\\/2021\\\/03\\\/04\\\/nuit-de-la-chouette-a-beausoleil\\\/#primaryimage\"},\"thumbnailUrl\":\"https:\\\/\\\/paca.lpo.fr\\\/blogs\\\/nice\\\/files\\\/2021\\\/03\\\/fbevenement2021.jpg\",\"datePublished\":\"2021-03-04T17:06:22+00:00\",\"dateModified\":\"2021-03-04T17:13:52+00:00\",\"breadcrumb\":{\"@id\":\"https:\\\/\\\/paca.lpo.fr\\\/blogs\\\/nice\\\/2021\\\/03\\\/04\\\/nuit-de-la-chouette-a-beausoleil\\\/#breadcrumb\"},\"inLanguage\":\"fr-FR\",\"potentialAction\":[{\"@type\":\"ReadAction\",\"target\":[\"https:\\\/\\\/paca.lpo.fr\\\/blogs\\\/nice\\\/2021\\\/03\\\/04\\\/nuit-de-la-chouette-a-beausoleil\\\/\"]}]},{\"@type\":\"ImageObject\",\"inLanguage\":\"fr-FR\",\"@id\":\"https:\\\/\\\/paca.lpo.fr\\\/blogs\\\/nice\\\/2021\\\/03\\\/04\\\/nuit-de-la-chouette-a-beausoleil\\\/#primaryimage\",\"url\":\"https:\\\/\\\/paca.lpo.fr\\\/blogs\\\/nice\\\/files\\\/2021\\\/03\\\/fbevenement2021.jpg\",\"contentUrl\":\"https:\\\/\\\/paca.lpo.fr\\\/blogs\\\/nice\\\/files\\\/2021\\\/03\\\/fbevenement2021.jpg\",\"width\":936,\"height\":490},{\"@type\":\"BreadcrumbList\",\"@id\":\"https:\\\/\\\/paca.lpo.fr\\\/blogs\\\/nice\\\/2021\\\/03\\\/04\\\/nuit-de-la-chouette-a-beausoleil\\\/#breadcrumb\",\"itemListElement\":[{\"@type\":\"ListItem\",\"position\":1,\"name\":\"Accueil\",\"item\":\"https:\\\/\\\/paca.lpo.fr\\\/blogs\\\/nice\\\/\"},{\"@type\":\"ListItem\",\"position\":2,\"name\":\"Nuit de la Chouette \u00e0 Beausoleil\"}]},{\"@type\":\"WebSite\",\"@id\":\"https:\\\/\\\/paca.lpo.fr\\\/blogs\\\/nice\\\/#website\",\"url\":\"https:\\\/\\\/paca.lpo.fr\\\/blogs\\\/nice\\\/\",\"name\":\"Groupe local Nice\",\"description\":\"Groupe local Nice\",\"publisher\":{\"@id\":\"https:\\\/\\\/paca.lpo.fr\\\/blogs\\\/nice\\\/#organization\"},\"potentialAction\":[{\"@type\":\"SearchAction\",\"target\":{\"@type\":\"EntryPoint\",\"urlTemplate\":\"https:\\\/\\\/paca.lpo.fr\\\/blogs\\\/nice\\\/?s={search_term_string}\"},\"query-input\":{\"@type\":\"PropertyValueSpecification\",\"valueRequired\":true,\"valueName\":\"search_term_string\"}}],\"inLanguage\":\"fr-FR\"},{\"@type\":\"Organization\",\"@id\":\"https:\\\/\\\/paca.lpo.fr\\\/blogs\\\/nice\\\/#organization\",\"name\":\"Groupe local Nice\",\"url\":\"https:\\\/\\\/paca.lpo.fr\\\/blogs\\\/nice\\\/\",\"logo\":{\"@type\":\"ImageObject\",\"inLanguage\":\"fr-FR\",\"@id\":\"https:\\\/\\\/paca.lpo.fr\\\/blogs\\\/nice\\\/#\\\/schema\\\/logo\\\/image\\\/\",\"url\":\"https:\\\/\\\/paca.lpo.fr\\\/blogs\\\/nice\\\/files\\\/2024\\\/01\\\/cropped-rvb-lpo-paca-logotype-signature-droite-mini-500.jpg\",\"contentUrl\":\"https:\\\/\\\/paca.lpo.fr\\\/blogs\\\/nice\\\/files\\\/2024\\\/01\\\/cropped-rvb-lpo-paca-logotype-signature-droite-mini-500.jpg\",\"width\":500,\"height\":210,\"caption\":\"Groupe local Nice\"},\"image\":{\"@id\":\"https:\\\/\\\/paca.lpo.fr\\\/blogs\\\/nice\\\/#\\\/schema\\\/logo\\\/image\\\/\"}},{\"@type\":\"Person\",\"@id\":\"https:\\\/\\\/paca.lpo.fr\\\/blogs\\\/nice\\\/#\\\/schema\\\/person\\\/1bda33335fb71e0b3552487db26a4c56\",\"name\":\"Groupe local Paillon-B\u00e9v\u00e9ra\",\"image\":{\"@type\":\"ImageObject\",\"inLanguage\":\"fr-FR\",\"@id\":\"https:\\\/\\\/secure.gravatar.com\\\/avatar\\\/b1ee285506e2cb880ec988990d360e255aecb31c77212741dace1023623610c2?s=96&d=mm&r=g\",\"url\":\"https:\\\/\\\/secure.gravatar.com\\\/avatar\\\/b1ee285506e2cb880ec988990d360e255aecb31c77212741dace1023623610c2?s=96&d=mm&r=g\",\"contentUrl\":\"https:\\\/\\\/secure.gravatar.com\\\/avatar\\\/b1ee285506e2cb880ec988990d360e255aecb31c77212741dace1023623610c2?s=96&d=mm&r=g\",\"caption\":\"Groupe local Paillon-B\u00e9v\u00e9ra\"},\"url\":\"https:\\\/\\\/paca.lpo.fr\\\/blogs\\\/nice\\\/author\\\/alpesmaritimesest\\\/\"}]}<\/script>\n<!-- \/ Yoast SEO plugin. -->","yoast_head_json":{"title":"Nuit de la Chouette \u00e0 Beausoleil - Groupe local Nice","robots":{"index":"index","follow":"follow","max-snippet":"max-snippet:-1","max-image-preview":"max-image-preview:large","max-video-preview":"max-video-preview:-1"},"canonical":"https:\/\/paca.lpo.fr\/blogs\/nice\/2021\/03\/04\/nuit-de-la-chouette-a-beausoleil\/","og_locale":"fr_FR","og_type":"article","og_title":"Nuit de la Chouette \u00e0 Beausoleil - Groupe local Nice","og_description":"Une petite animation l&rsquo;apr\u00e8s-midi pour quatre enfants (Covid oblige) dans la jolie for\u00eat de Grima \u00e0 Beausoleil. Apr\u00e8s avoir tout appris sur les rapaces nocturnes \u00e0 l&rsquo;aide du diaporama de cette 14\u00e8me Nuit de la Chouette, les enfants ont pu toucher de vraies plumes et ont beaucoup aim\u00e9 ouvrir et analyser les contenus de v\u00e9ritables [&hellip;]","og_url":"https:\/\/paca.lpo.fr\/blogs\/nice\/2021\/03\/04\/nuit-de-la-chouette-a-beausoleil\/","og_site_name":"Groupe local Nice","article_published_time":"2021-03-04T17:06:22+00:00","article_modified_time":"2021-03-04T17:13:52+00:00","og_image":[{"width":936,"height":490,"url":"https:\/\/paca.lpo.fr\/blogs\/nice\/files\/2021\/03\/fbevenement2021.jpg","type":"image\/jpeg"}],"author":"Groupe local Paillon-B\u00e9v\u00e9ra","twitter_card":"summary_large_image","twitter_misc":{"\u00c9crit par":"Groupe local Paillon-B\u00e9v\u00e9ra","Dur\u00e9e de lecture estim\u00e9e":"1 minute"},"schema":{"@context":"https:\/\/schema.org","@graph":[{"@type":"Article","@id":"https:\/\/paca.lpo.fr\/blogs\/nice\/2021\/03\/04\/nuit-de-la-chouette-a-beausoleil\/#article","isPartOf":{"@id":"https:\/\/paca.lpo.fr\/blogs\/nice\/2021\/03\/04\/nuit-de-la-chouette-a-beausoleil\/"},"author":{"name":"Groupe local Paillon-B\u00e9v\u00e9ra","@id":"https:\/\/paca.lpo.fr\/blogs\/nice\/#\/schema\/person\/1bda33335fb71e0b3552487db26a4c56"},"headline":"Nuit de la Chouette \u00e0 Beausoleil","datePublished":"2021-03-04T17:06:22+00:00","dateModified":"2021-03-04T17:13:52+00:00","mainEntityOfPage":{"@id":"https:\/\/paca.lpo.fr\/blogs\/nice\/2021\/03\/04\/nuit-de-la-chouette-a-beausoleil\/"},"wordCount":141,"commentCount":0,"publisher":{"@id":"https:\/\/paca.lpo.fr\/blogs\/nice\/#organization"},"image":{"@id":"https:\/\/paca.lpo.fr\/blogs\/nice\/2021\/03\/04\/nuit-de-la-chouette-a-beausoleil\/#primaryimage"},"thumbnailUrl":"https:\/\/paca.lpo.fr\/blogs\/nice\/files\/2021\/03\/fbevenement2021.jpg","articleSection":["Education \u00e0 l'environnement","Grands \u00e9v\u00e8nements"],"inLanguage":"fr-FR","potentialAction":[{"@type":"CommentAction","name":"Comment","target":["https:\/\/paca.lpo.fr\/blogs\/nice\/2021\/03\/04\/nuit-de-la-chouette-a-beausoleil\/#respond"]}]},{"@type":"WebPage","@id":"https:\/\/paca.lpo.fr\/blogs\/nice\/2021\/03\/04\/nuit-de-la-chouette-a-beausoleil\/","url":"https:\/\/paca.lpo.fr\/blogs\/nice\/2021\/03\/04\/nuit-de-la-chouette-a-beausoleil\/","name":"Nuit de la Chouette \u00e0 Beausoleil - Groupe local Nice","isPartOf":{"@id":"https:\/\/paca.lpo.fr\/blogs\/nice\/#website"},"primaryImageOfPage":{"@id":"https:\/\/paca.lpo.fr\/blogs\/nice\/2021\/03\/04\/nuit-de-la-chouette-a-beausoleil\/#primaryimage"},"image":{"@id":"https:\/\/paca.lpo.fr\/blogs\/nice\/2021\/03\/04\/nuit-de-la-chouette-a-beausoleil\/#primaryimage"},"thumbnailUrl":"https:\/\/paca.lpo.fr\/blogs\/nice\/files\/2021\/03\/fbevenement2021.jpg","datePublished":"2021-03-04T17:06:22+00:00","dateModified":"2021-03-04T17:13:52+00:00","breadcrumb":{"@id":"https:\/\/paca.lpo.fr\/blogs\/nice\/2021\/03\/04\/nuit-de-la-chouette-a-beausoleil\/#breadcrumb"},"inLanguage":"fr-FR","potentialAction":[{"@type":"ReadAction","target":["https:\/\/paca.lpo.fr\/blogs\/nice\/2021\/03\/04\/nuit-de-la-chouette-a-beausoleil\/"]}]},{"@type":"ImageObject","inLanguage":"fr-FR","@id":"https:\/\/paca.lpo.fr\/blogs\/nice\/2021\/03\/04\/nuit-de-la-chouette-a-beausoleil\/#primaryimage","url":"https:\/\/paca.lpo.fr\/blogs\/nice\/files\/2021\/03\/fbevenement2021.jpg","contentUrl":"https:\/\/paca.lpo.fr\/blogs\/nice\/files\/2021\/03\/fbevenement2021.jpg","width":936,"height":490},{"@type":"BreadcrumbList","@id":"https:\/\/paca.lpo.fr\/blogs\/nice\/2021\/03\/04\/nuit-de-la-chouette-a-beausoleil\/#breadcrumb","itemListElement":[{"@type":"ListItem","position":1,"name":"Accueil","item":"https:\/\/paca.lpo.fr\/blogs\/nice\/"},{"@type":"ListItem","position":2,"name":"Nuit de la Chouette \u00e0 Beausoleil"}]},{"@type":"WebSite","@id":"https:\/\/paca.lpo.fr\/blogs\/nice\/#website","url":"https:\/\/paca.lpo.fr\/blogs\/nice\/","name":"Groupe local Nice","description":"Groupe local Nice","publisher":{"@id":"https:\/\/paca.lpo.fr\/blogs\/nice\/#organization"},"potentialAction":[{"@type":"SearchAction","target":{"@type":"EntryPoint","urlTemplate":"https:\/\/paca.lpo.fr\/blogs\/nice\/?s={search_term_string}"},"query-input":{"@type":"PropertyValueSpecification","valueRequired":true,"valueName":"search_term_string"}}],"inLanguage":"fr-FR"},{"@type":"Organization","@id":"https:\/\/paca.lpo.fr\/blogs\/nice\/#organization","name":"Groupe local Nice","url":"https:\/\/paca.lpo.fr\/blogs\/nice\/","logo":{"@type":"ImageObject","inLanguage":"fr-FR","@id":"https:\/\/paca.lpo.fr\/blogs\/nice\/#\/schema\/logo\/image\/","url":"https:\/\/paca.lpo.fr\/blogs\/nice\/files\/2024\/01\/cropped-rvb-lpo-paca-logotype-signature-droite-mini-500.jpg","contentUrl":"https:\/\/paca.lpo.fr\/blogs\/nice\/files\/2024\/01\/cropped-rvb-lpo-paca-logotype-signature-droite-mini-500.jpg","width":500,"height":210,"caption":"Groupe local Nice"},"image":{"@id":"https:\/\/paca.lpo.fr\/blogs\/nice\/#\/schema\/logo\/image\/"}},{"@type":"Person","@id":"https:\/\/paca.lpo.fr\/blogs\/nice\/#\/schema\/person\/1bda33335fb71e0b3552487db26a4c56","name":"Groupe local Paillon-B\u00e9v\u00e9ra","image":{"@type":"ImageObject","inLanguage":"fr-FR","@id":"https:\/\/secure.gravatar.com\/avatar\/b1ee285506e2cb880ec988990d360e255aecb31c77212741dace1023623610c2?s=96&d=mm&r=g","url":"https:\/\/secure.gravatar.com\/avatar\/b1ee285506e2cb880ec988990d360e255aecb31c77212741dace1023623610c2?s=96&d=mm&r=g","contentUrl":"https:\/\/secure.gravatar.com\/avatar\/b1ee285506e2cb880ec988990d360e255aecb31c77212741dace1023623610c2?s=96&d=mm&r=g","caption":"Groupe local Paillon-B\u00e9v\u00e9ra"},"url":"https:\/\/paca.lpo.fr\/blogs\/nice\/author\/alpesmaritimesest\/"}]}},"jetpack_featured_media_url":"https:\/\/paca.lpo.fr\/blogs\/nice\/files\/2021\/03\/fbevenement2021.jpg","_links":{"self":[{"href":"https:\/\/paca.lpo.fr\/blogs\/nice\/wp-json\/wp\/v2\/posts\/3249","targetHints":{"allow":["GET"]}}],"collection":[{"href":"https:\/\/paca.lpo.fr\/blogs\/nice\/wp-json\/wp\/v2\/posts"}],"about":[{"href":"https:\/\/paca.lpo.fr\/blogs\/nice\/wp-json\/wp\/v2\/types\/post"}],"author":[{"embeddable":true,"href":"https:\/\/paca.lpo.fr\/blogs\/nice\/wp-json\/wp\/v2\/users\/15"}],"replies":[{"embeddable":true,"href":"https:\/\/paca.lpo.fr\/blogs\/nice\/wp-json\/wp\/v2\/comments?post=3249"}],"version-history":[{"count":4,"href":"https:\/\/paca.lpo.fr\/blogs\/nice\/wp-json\/wp\/v2\/posts\/3249\/revisions"}],"predecessor-version":[{"id":3258,"href":"https:\/\/paca.lpo.fr\/blogs\/nice\/wp-json\/wp\/v2\/posts\/3249\/revisions\/3258"}],"wp:featuredmedia":[{"embeddable":true,"href":"https:\/\/paca.lpo.fr\/blogs\/nice\/wp-json\/wp\/v2\/media\/3255"}],"wp:attachment":[{"href":"https:\/\/paca.lpo.fr\/blogs\/nice\/wp-json\/wp\/v2\/media?parent=3249"}],"wp:term":[{"taxonomy":"category","embeddable":true,"href":"https:\/\/paca.lpo.fr\/blogs\/nice\/wp-json\/wp\/v2\/categories?post=3249"},{"taxonomy":"post_tag","embeddable":true,"href":"https:\/\/paca.lpo.fr\/blogs\/nice\/wp-json\/wp\/v2\/tags?post=3249"}],"curies":[{"name":"wp","href":"https:\/\/api.w.org\/{rel}","templated":true}]}}