{"id":3260,"date":"2021-03-20T16:46:33","date_gmt":"2021-03-20T15:46:33","guid":{"rendered":"https:\/\/paca.lpo.fr\/blogs\/nice\/?p=3260"},"modified":"2021-03-20T16:46:33","modified_gmt":"2021-03-20T15:46:33","slug":"sortie-migration-prenuptiale","status":"publish","type":"post","link":"https:\/\/paca.lpo.fr\/blogs\/nice\/2021\/03\/20\/sortie-migration-prenuptiale\/","title":{"rendered":"Sortie migration pr\u00e9nuptiale"},"content":{"rendered":"\n<p class=\"wp-block-paragraph\">Pour le retour d&rsquo;Afrique des circa\u00e8tes Jean-le-Blanc une journ\u00e9e d&rsquo;observation \u00e9tait pr\u00e9vue samedi 13 mars. A l&rsquo;annonce du confinement en weekend un changement de derni\u00e8re minute a permis \u00e0 un tout petit groupe de faire un mini \u00ab\u00a0camp de migration\u00a0\u00bb sur les pentes du Mont Chauve \u00e0 Falicon. Malgr\u00e9 de beaux passages les jours pr\u00e9c\u00e9dents et suivants, les vents forts ce vendredi ont d\u00fb d\u00e9courager les oiseaux migrateurs. Seulement 6 circa\u00e8tes observ\u00e9s le matin en migration, mais buses, faucons cr\u00e9cerelles, fauvettes, m\u00e9sanges, pouillots v\u00e9loces et d&rsquo;autres passereaux ont pu \u00eatre observ\u00e9s, et un aigle bott\u00e9 est pass\u00e9 en migration vers l&rsquo;ouest.<\/p>\n\n\n\n<figure class=\"wp-block-image size-large\"><img loading=\"lazy\" decoding=\"async\" width=\"935\" height=\"702\" src=\"https:\/\/paca.lpo.fr\/blogs\/nice\/files\/2021\/03\/migr-1.jpg\" alt=\"\" class=\"wp-image-3261\" srcset=\"https:\/\/paca.lpo.fr\/blogs\/nice\/files\/2021\/03\/migr-1.jpg 935w, https:\/\/paca.lpo.fr\/blogs\/nice\/files\/2021\/03\/migr-1-480x360.jpg 480w, https:\/\/paca.lpo.fr\/blogs\/nice\/files\/2021\/03\/migr-1-768x577.jpg 768w\" sizes=\"auto, (max-width: 935px) 100vw, 935px\" \/><\/figure>\n\n\n\n<figure class=\"wp-block-image size-large\"><img loading=\"lazy\" decoding=\"async\" width=\"906\" height=\"696\" src=\"https:\/\/paca.lpo.fr\/blogs\/nice\/files\/2021\/03\/migr-2.jpg\" alt=\"\" class=\"wp-image-3262\" srcset=\"https:\/\/paca.lpo.fr\/blogs\/nice\/files\/2021\/03\/migr-2.jpg 906w, https:\/\/paca.lpo.fr\/blogs\/nice\/files\/2021\/03\/migr-2-480x369.jpg 480w, https:\/\/paca.lpo.fr\/blogs\/nice\/files\/2021\/03\/migr-2-768x590.jpg 768w\" sizes=\"auto, (max-width: 906px) 100vw, 906px\" \/><\/figure>\n\n\n\n<figure class=\"wp-block-image size-large\"><img loading=\"lazy\" decoding=\"async\" width=\"909\" height=\"578\" src=\"https:\/\/paca.lpo.fr\/blogs\/nice\/files\/2021\/03\/migr-3.jpg\" alt=\"\" class=\"wp-image-3263\" srcset=\"https:\/\/paca.lpo.fr\/blogs\/nice\/files\/2021\/03\/migr-3.jpg 909w, https:\/\/paca.lpo.fr\/blogs\/nice\/files\/2021\/03\/migr-3-480x305.jpg 480w, https:\/\/paca.lpo.fr\/blogs\/nice\/files\/2021\/03\/migr-3-768x488.jpg 768w\" sizes=\"auto, (max-width: 909px) 100vw, 909px\" \/><figcaption>Les ruines de Ch\u00e2teauneuf de Villevieille \u00e0 l&rsquo;Est. Notre poste d&rsquo;observation offre une vue d\u00e9gag\u00e9e \u00e0 360\u00b0<\/figcaption><\/figure>\n","protected":false},"excerpt":{"rendered":"<p>Pour le retour d&rsquo;Afrique des circa\u00e8tes Jean-le-Blanc une journ\u00e9e d&rsquo;observation \u00e9tait pr\u00e9vue samedi 13 mars. A l&rsquo;annonce du confinement en weekend un changement de derni\u00e8re minute a permis \u00e0 un tout petit groupe de faire un mini \u00ab\u00a0camp de migration\u00a0\u00bb sur les pentes du Mont Chauve \u00e0 Falicon. Malgr\u00e9 de beaux passages les jours pr\u00e9c\u00e9dents [&hellip;]<\/p>\n","protected":false},"author":15,"featured_media":3264,"comment_status":"open","ping_status":"open","sticky":false,"template":"","format":"standard","meta":{"footnotes":""},"categories":[80],"tags":[],"class_list":["post-3260","post","type-post","status-publish","format-standard","has-post-thumbnail","hentry","category-sorties-nature-2"],"yoast_head":"<!-- This site is optimized with the Yoast SEO plugin v28.3 - https:\/\/yoast.com\/product\/yoast-seo-wordpress\/ -->\n<title>Sortie migration pr\u00e9nuptiale - Groupe local Nice<\/title>\n<meta name=\"robots\" content=\"index, follow, max-snippet:-1, max-image-preview:large, max-video-preview:-1\" \/>\n<link rel=\"canonical\" href=\"https:\/\/paca.lpo.fr\/blogs\/nice\/2021\/03\/20\/sortie-migration-prenuptiale\/\" \/>\n<meta property=\"og:locale\" content=\"fr_FR\" \/>\n<meta property=\"og:type\" content=\"article\" \/>\n<meta property=\"og:title\" content=\"Sortie migration pr\u00e9nuptiale - Groupe local Nice\" \/>\n<meta property=\"og:description\" content=\"Pour le retour d&rsquo;Afrique des circa\u00e8tes Jean-le-Blanc une journ\u00e9e d&rsquo;observation \u00e9tait pr\u00e9vue samedi 13 mars. A l&rsquo;annonce du confinement en weekend un changement de derni\u00e8re minute a permis \u00e0 un tout petit groupe de faire un mini \u00ab\u00a0camp de migration\u00a0\u00bb sur les pentes du Mont Chauve \u00e0 Falicon. Malgr\u00e9 de beaux passages les jours pr\u00e9c\u00e9dents [&hellip;]\" \/>\n<meta property=\"og:url\" content=\"https:\/\/paca.lpo.fr\/blogs\/nice\/2021\/03\/20\/sortie-migration-prenuptiale\/\" \/>\n<meta property=\"og:site_name\" content=\"Groupe local Nice\" \/>\n<meta property=\"article:published_time\" content=\"2021-03-20T15:46:33+00:00\" \/>\n<meta property=\"og:image\" content=\"https:\/\/paca.lpo.fr\/blogs\/nice\/files\/2021\/03\/migr-une.jpg\" \/>\n\t<meta property=\"og:image:width\" content=\"894\" \/>\n\t<meta property=\"og:image:height\" content=\"647\" \/>\n\t<meta property=\"og:image:type\" content=\"image\/jpeg\" \/>\n<meta name=\"author\" content=\"Groupe local Paillon-B\u00e9v\u00e9ra\" \/>\n<meta name=\"twitter:card\" content=\"summary_large_image\" \/>\n<meta name=\"twitter:label1\" content=\"\u00c9crit par\" \/>\n\t<meta name=\"twitter:data1\" content=\"Groupe local Paillon-B\u00e9v\u00e9ra\" \/>\n\t<meta name=\"twitter:label2\" content=\"Dur\u00e9e de lecture estim\u00e9e\" \/>\n\t<meta name=\"twitter:data2\" content=\"1 minute\" \/>\n<script type=\"application\/ld+json\" class=\"yoast-schema-graph\">{\"@context\":\"https:\\\/\\\/schema.org\",\"@graph\":[{\"@type\":\"Article\",\"@id\":\"https:\\\/\\\/paca.lpo.fr\\\/blogs\\\/nice\\\/2021\\\/03\\\/20\\\/sortie-migration-prenuptiale\\\/#article\",\"isPartOf\":{\"@id\":\"https:\\\/\\\/paca.lpo.fr\\\/blogs\\\/nice\\\/2021\\\/03\\\/20\\\/sortie-migration-prenuptiale\\\/\"},\"author\":{\"name\":\"Groupe local Paillon-B\u00e9v\u00e9ra\",\"@id\":\"https:\\\/\\\/paca.lpo.fr\\\/blogs\\\/nice\\\/#\\\/schema\\\/person\\\/1bda33335fb71e0b3552487db26a4c56\"},\"headline\":\"Sortie migration pr\u00e9nuptiale\",\"datePublished\":\"2021-03-20T15:46:33+00:00\",\"mainEntityOfPage\":{\"@id\":\"https:\\\/\\\/paca.lpo.fr\\\/blogs\\\/nice\\\/2021\\\/03\\\/20\\\/sortie-migration-prenuptiale\\\/\"},\"wordCount\":138,\"commentCount\":0,\"publisher\":{\"@id\":\"https:\\\/\\\/paca.lpo.fr\\\/blogs\\\/nice\\\/#organization\"},\"image\":{\"@id\":\"https:\\\/\\\/paca.lpo.fr\\\/blogs\\\/nice\\\/2021\\\/03\\\/20\\\/sortie-migration-prenuptiale\\\/#primaryimage\"},\"thumbnailUrl\":\"https:\\\/\\\/paca.lpo.fr\\\/blogs\\\/nice\\\/files\\\/2021\\\/03\\\/migr-une.jpg\",\"articleSection\":[\"Sorties nature\"],\"inLanguage\":\"fr-FR\",\"potentialAction\":[{\"@type\":\"CommentAction\",\"name\":\"Comment\",\"target\":[\"https:\\\/\\\/paca.lpo.fr\\\/blogs\\\/nice\\\/2021\\\/03\\\/20\\\/sortie-migration-prenuptiale\\\/#respond\"]}]},{\"@type\":\"WebPage\",\"@id\":\"https:\\\/\\\/paca.lpo.fr\\\/blogs\\\/nice\\\/2021\\\/03\\\/20\\\/sortie-migration-prenuptiale\\\/\",\"url\":\"https:\\\/\\\/paca.lpo.fr\\\/blogs\\\/nice\\\/2021\\\/03\\\/20\\\/sortie-migration-prenuptiale\\\/\",\"name\":\"Sortie migration pr\u00e9nuptiale - Groupe local Nice\",\"isPartOf\":{\"@id\":\"https:\\\/\\\/paca.lpo.fr\\\/blogs\\\/nice\\\/#website\"},\"primaryImageOfPage\":{\"@id\":\"https:\\\/\\\/paca.lpo.fr\\\/blogs\\\/nice\\\/2021\\\/03\\\/20\\\/sortie-migration-prenuptiale\\\/#primaryimage\"},\"image\":{\"@id\":\"https:\\\/\\\/paca.lpo.fr\\\/blogs\\\/nice\\\/2021\\\/03\\\/20\\\/sortie-migration-prenuptiale\\\/#primaryimage\"},\"thumbnailUrl\":\"https:\\\/\\\/paca.lpo.fr\\\/blogs\\\/nice\\\/files\\\/2021\\\/03\\\/migr-une.jpg\",\"datePublished\":\"2021-03-20T15:46:33+00:00\",\"breadcrumb\":{\"@id\":\"https:\\\/\\\/paca.lpo.fr\\\/blogs\\\/nice\\\/2021\\\/03\\\/20\\\/sortie-migration-prenuptiale\\\/#breadcrumb\"},\"inLanguage\":\"fr-FR\",\"potentialAction\":[{\"@type\":\"ReadAction\",\"target\":[\"https:\\\/\\\/paca.lpo.fr\\\/blogs\\\/nice\\\/2021\\\/03\\\/20\\\/sortie-migration-prenuptiale\\\/\"]}]},{\"@type\":\"ImageObject\",\"inLanguage\":\"fr-FR\",\"@id\":\"https:\\\/\\\/paca.lpo.fr\\\/blogs\\\/nice\\\/2021\\\/03\\\/20\\\/sortie-migration-prenuptiale\\\/#primaryimage\",\"url\":\"https:\\\/\\\/paca.lpo.fr\\\/blogs\\\/nice\\\/files\\\/2021\\\/03\\\/migr-une.jpg\",\"contentUrl\":\"https:\\\/\\\/paca.lpo.fr\\\/blogs\\\/nice\\\/files\\\/2021\\\/03\\\/migr-une.jpg\",\"width\":894,\"height\":647},{\"@type\":\"BreadcrumbList\",\"@id\":\"https:\\\/\\\/paca.lpo.fr\\\/blogs\\\/nice\\\/2021\\\/03\\\/20\\\/sortie-migration-prenuptiale\\\/#breadcrumb\",\"itemListElement\":[{\"@type\":\"ListItem\",\"position\":1,\"name\":\"Accueil\",\"item\":\"https:\\\/\\\/paca.lpo.fr\\\/blogs\\\/nice\\\/\"},{\"@type\":\"ListItem\",\"position\":2,\"name\":\"Sortie migration pr\u00e9nuptiale\"}]},{\"@type\":\"WebSite\",\"@id\":\"https:\\\/\\\/paca.lpo.fr\\\/blogs\\\/nice\\\/#website\",\"url\":\"https:\\\/\\\/paca.lpo.fr\\\/blogs\\\/nice\\\/\",\"name\":\"Groupe local Nice\",\"description\":\"Groupe local Nice\",\"publisher\":{\"@id\":\"https:\\\/\\\/paca.lpo.fr\\\/blogs\\\/nice\\\/#organization\"},\"potentialAction\":[{\"@type\":\"SearchAction\",\"target\":{\"@type\":\"EntryPoint\",\"urlTemplate\":\"https:\\\/\\\/paca.lpo.fr\\\/blogs\\\/nice\\\/?s={search_term_string}\"},\"query-input\":{\"@type\":\"PropertyValueSpecification\",\"valueRequired\":true,\"valueName\":\"search_term_string\"}}],\"inLanguage\":\"fr-FR\"},{\"@type\":\"Organization\",\"@id\":\"https:\\\/\\\/paca.lpo.fr\\\/blogs\\\/nice\\\/#organization\",\"name\":\"Groupe local Nice\",\"url\":\"https:\\\/\\\/paca.lpo.fr\\\/blogs\\\/nice\\\/\",\"logo\":{\"@type\":\"ImageObject\",\"inLanguage\":\"fr-FR\",\"@id\":\"https:\\\/\\\/paca.lpo.fr\\\/blogs\\\/nice\\\/#\\\/schema\\\/logo\\\/image\\\/\",\"url\":\"https:\\\/\\\/paca.lpo.fr\\\/blogs\\\/nice\\\/files\\\/2024\\\/01\\\/cropped-rvb-lpo-paca-logotype-signature-droite-mini-500.jpg\",\"contentUrl\":\"https:\\\/\\\/paca.lpo.fr\\\/blogs\\\/nice\\\/files\\\/2024\\\/01\\\/cropped-rvb-lpo-paca-logotype-signature-droite-mini-500.jpg\",\"width\":500,\"height\":210,\"caption\":\"Groupe local Nice\"},\"image\":{\"@id\":\"https:\\\/\\\/paca.lpo.fr\\\/blogs\\\/nice\\\/#\\\/schema\\\/logo\\\/image\\\/\"}},{\"@type\":\"Person\",\"@id\":\"https:\\\/\\\/paca.lpo.fr\\\/blogs\\\/nice\\\/#\\\/schema\\\/person\\\/1bda33335fb71e0b3552487db26a4c56\",\"name\":\"Groupe local Paillon-B\u00e9v\u00e9ra\",\"image\":{\"@type\":\"ImageObject\",\"inLanguage\":\"fr-FR\",\"@id\":\"https:\\\/\\\/secure.gravatar.com\\\/avatar\\\/b1ee285506e2cb880ec988990d360e255aecb31c77212741dace1023623610c2?s=96&d=mm&r=g\",\"url\":\"https:\\\/\\\/secure.gravatar.com\\\/avatar\\\/b1ee285506e2cb880ec988990d360e255aecb31c77212741dace1023623610c2?s=96&d=mm&r=g\",\"contentUrl\":\"https:\\\/\\\/secure.gravatar.com\\\/avatar\\\/b1ee285506e2cb880ec988990d360e255aecb31c77212741dace1023623610c2?s=96&d=mm&r=g\",\"caption\":\"Groupe local Paillon-B\u00e9v\u00e9ra\"},\"url\":\"https:\\\/\\\/paca.lpo.fr\\\/blogs\\\/nice\\\/author\\\/alpesmaritimesest\\\/\"}]}<\/script>\n<!-- \/ Yoast SEO plugin. -->","yoast_head_json":{"title":"Sortie migration pr\u00e9nuptiale - Groupe local Nice","robots":{"index":"index","follow":"follow","max-snippet":"max-snippet:-1","max-image-preview":"max-image-preview:large","max-video-preview":"max-video-preview:-1"},"canonical":"https:\/\/paca.lpo.fr\/blogs\/nice\/2021\/03\/20\/sortie-migration-prenuptiale\/","og_locale":"fr_FR","og_type":"article","og_title":"Sortie migration pr\u00e9nuptiale - Groupe local Nice","og_description":"Pour le retour d&rsquo;Afrique des circa\u00e8tes Jean-le-Blanc une journ\u00e9e d&rsquo;observation \u00e9tait pr\u00e9vue samedi 13 mars. A l&rsquo;annonce du confinement en weekend un changement de derni\u00e8re minute a permis \u00e0 un tout petit groupe de faire un mini \u00ab\u00a0camp de migration\u00a0\u00bb sur les pentes du Mont Chauve \u00e0 Falicon. Malgr\u00e9 de beaux passages les jours pr\u00e9c\u00e9dents [&hellip;]","og_url":"https:\/\/paca.lpo.fr\/blogs\/nice\/2021\/03\/20\/sortie-migration-prenuptiale\/","og_site_name":"Groupe local Nice","article_published_time":"2021-03-20T15:46:33+00:00","og_image":[{"width":894,"height":647,"url":"https:\/\/paca.lpo.fr\/blogs\/nice\/files\/2021\/03\/migr-une.jpg","type":"image\/jpeg"}],"author":"Groupe local Paillon-B\u00e9v\u00e9ra","twitter_card":"summary_large_image","twitter_misc":{"\u00c9crit par":"Groupe local Paillon-B\u00e9v\u00e9ra","Dur\u00e9e de lecture estim\u00e9e":"1 minute"},"schema":{"@context":"https:\/\/schema.org","@graph":[{"@type":"Article","@id":"https:\/\/paca.lpo.fr\/blogs\/nice\/2021\/03\/20\/sortie-migration-prenuptiale\/#article","isPartOf":{"@id":"https:\/\/paca.lpo.fr\/blogs\/nice\/2021\/03\/20\/sortie-migration-prenuptiale\/"},"author":{"name":"Groupe local Paillon-B\u00e9v\u00e9ra","@id":"https:\/\/paca.lpo.fr\/blogs\/nice\/#\/schema\/person\/1bda33335fb71e0b3552487db26a4c56"},"headline":"Sortie migration pr\u00e9nuptiale","datePublished":"2021-03-20T15:46:33+00:00","mainEntityOfPage":{"@id":"https:\/\/paca.lpo.fr\/blogs\/nice\/2021\/03\/20\/sortie-migration-prenuptiale\/"},"wordCount":138,"commentCount":0,"publisher":{"@id":"https:\/\/paca.lpo.fr\/blogs\/nice\/#organization"},"image":{"@id":"https:\/\/paca.lpo.fr\/blogs\/nice\/2021\/03\/20\/sortie-migration-prenuptiale\/#primaryimage"},"thumbnailUrl":"https:\/\/paca.lpo.fr\/blogs\/nice\/files\/2021\/03\/migr-une.jpg","articleSection":["Sorties nature"],"inLanguage":"fr-FR","potentialAction":[{"@type":"CommentAction","name":"Comment","target":["https:\/\/paca.lpo.fr\/blogs\/nice\/2021\/03\/20\/sortie-migration-prenuptiale\/#respond"]}]},{"@type":"WebPage","@id":"https:\/\/paca.lpo.fr\/blogs\/nice\/2021\/03\/20\/sortie-migration-prenuptiale\/","url":"https:\/\/paca.lpo.fr\/blogs\/nice\/2021\/03\/20\/sortie-migration-prenuptiale\/","name":"Sortie migration pr\u00e9nuptiale - Groupe local Nice","isPartOf":{"@id":"https:\/\/paca.lpo.fr\/blogs\/nice\/#website"},"primaryImageOfPage":{"@id":"https:\/\/paca.lpo.fr\/blogs\/nice\/2021\/03\/20\/sortie-migration-prenuptiale\/#primaryimage"},"image":{"@id":"https:\/\/paca.lpo.fr\/blogs\/nice\/2021\/03\/20\/sortie-migration-prenuptiale\/#primaryimage"},"thumbnailUrl":"https:\/\/paca.lpo.fr\/blogs\/nice\/files\/2021\/03\/migr-une.jpg","datePublished":"2021-03-20T15:46:33+00:00","breadcrumb":{"@id":"https:\/\/paca.lpo.fr\/blogs\/nice\/2021\/03\/20\/sortie-migration-prenuptiale\/#breadcrumb"},"inLanguage":"fr-FR","potentialAction":[{"@type":"ReadAction","target":["https:\/\/paca.lpo.fr\/blogs\/nice\/2021\/03\/20\/sortie-migration-prenuptiale\/"]}]},{"@type":"ImageObject","inLanguage":"fr-FR","@id":"https:\/\/paca.lpo.fr\/blogs\/nice\/2021\/03\/20\/sortie-migration-prenuptiale\/#primaryimage","url":"https:\/\/paca.lpo.fr\/blogs\/nice\/files\/2021\/03\/migr-une.jpg","contentUrl":"https:\/\/paca.lpo.fr\/blogs\/nice\/files\/2021\/03\/migr-une.jpg","width":894,"height":647},{"@type":"BreadcrumbList","@id":"https:\/\/paca.lpo.fr\/blogs\/nice\/2021\/03\/20\/sortie-migration-prenuptiale\/#breadcrumb","itemListElement":[{"@type":"ListItem","position":1,"name":"Accueil","item":"https:\/\/paca.lpo.fr\/blogs\/nice\/"},{"@type":"ListItem","position":2,"name":"Sortie migration pr\u00e9nuptiale"}]},{"@type":"WebSite","@id":"https:\/\/paca.lpo.fr\/blogs\/nice\/#website","url":"https:\/\/paca.lpo.fr\/blogs\/nice\/","name":"Groupe local Nice","description":"Groupe local Nice","publisher":{"@id":"https:\/\/paca.lpo.fr\/blogs\/nice\/#organization"},"potentialAction":[{"@type":"SearchAction","target":{"@type":"EntryPoint","urlTemplate":"https:\/\/paca.lpo.fr\/blogs\/nice\/?s={search_term_string}"},"query-input":{"@type":"PropertyValueSpecification","valueRequired":true,"valueName":"search_term_string"}}],"inLanguage":"fr-FR"},{"@type":"Organization","@id":"https:\/\/paca.lpo.fr\/blogs\/nice\/#organization","name":"Groupe local Nice","url":"https:\/\/paca.lpo.fr\/blogs\/nice\/","logo":{"@type":"ImageObject","inLanguage":"fr-FR","@id":"https:\/\/paca.lpo.fr\/blogs\/nice\/#\/schema\/logo\/image\/","url":"https:\/\/paca.lpo.fr\/blogs\/nice\/files\/2024\/01\/cropped-rvb-lpo-paca-logotype-signature-droite-mini-500.jpg","contentUrl":"https:\/\/paca.lpo.fr\/blogs\/nice\/files\/2024\/01\/cropped-rvb-lpo-paca-logotype-signature-droite-mini-500.jpg","width":500,"height":210,"caption":"Groupe local Nice"},"image":{"@id":"https:\/\/paca.lpo.fr\/blogs\/nice\/#\/schema\/logo\/image\/"}},{"@type":"Person","@id":"https:\/\/paca.lpo.fr\/blogs\/nice\/#\/schema\/person\/1bda33335fb71e0b3552487db26a4c56","name":"Groupe local Paillon-B\u00e9v\u00e9ra","image":{"@type":"ImageObject","inLanguage":"fr-FR","@id":"https:\/\/secure.gravatar.com\/avatar\/b1ee285506e2cb880ec988990d360e255aecb31c77212741dace1023623610c2?s=96&d=mm&r=g","url":"https:\/\/secure.gravatar.com\/avatar\/b1ee285506e2cb880ec988990d360e255aecb31c77212741dace1023623610c2?s=96&d=mm&r=g","contentUrl":"https:\/\/secure.gravatar.com\/avatar\/b1ee285506e2cb880ec988990d360e255aecb31c77212741dace1023623610c2?s=96&d=mm&r=g","caption":"Groupe local Paillon-B\u00e9v\u00e9ra"},"url":"https:\/\/paca.lpo.fr\/blogs\/nice\/author\/alpesmaritimesest\/"}]}},"jetpack_featured_media_url":"https:\/\/paca.lpo.fr\/blogs\/nice\/files\/2021\/03\/migr-une.jpg","_links":{"self":[{"href":"https:\/\/paca.lpo.fr\/blogs\/nice\/wp-json\/wp\/v2\/posts\/3260","targetHints":{"allow":["GET"]}}],"collection":[{"href":"https:\/\/paca.lpo.fr\/blogs\/nice\/wp-json\/wp\/v2\/posts"}],"about":[{"href":"https:\/\/paca.lpo.fr\/blogs\/nice\/wp-json\/wp\/v2\/types\/post"}],"author":[{"embeddable":true,"href":"https:\/\/paca.lpo.fr\/blogs\/nice\/wp-json\/wp\/v2\/users\/15"}],"replies":[{"embeddable":true,"href":"https:\/\/paca.lpo.fr\/blogs\/nice\/wp-json\/wp\/v2\/comments?post=3260"}],"version-history":[{"count":1,"href":"https:\/\/paca.lpo.fr\/blogs\/nice\/wp-json\/wp\/v2\/posts\/3260\/revisions"}],"predecessor-version":[{"id":3265,"href":"https:\/\/paca.lpo.fr\/blogs\/nice\/wp-json\/wp\/v2\/posts\/3260\/revisions\/3265"}],"wp:featuredmedia":[{"embeddable":true,"href":"https:\/\/paca.lpo.fr\/blogs\/nice\/wp-json\/wp\/v2\/media\/3264"}],"wp:attachment":[{"href":"https:\/\/paca.lpo.fr\/blogs\/nice\/wp-json\/wp\/v2\/media?parent=3260"}],"wp:term":[{"taxonomy":"category","embeddable":true,"href":"https:\/\/paca.lpo.fr\/blogs\/nice\/wp-json\/wp\/v2\/categories?post=3260"},{"taxonomy":"post_tag","embeddable":true,"href":"https:\/\/paca.lpo.fr\/blogs\/nice\/wp-json\/wp\/v2\/tags?post=3260"}],"curies":[{"name":"wp","href":"https:\/\/api.w.org\/{rel}","templated":true}]}}