{"id":3266,"date":"2021-03-20T17:05:12","date_gmt":"2021-03-20T16:05:12","guid":{"rendered":"https:\/\/paca.lpo.fr\/blogs\/nice\/?p=3266"},"modified":"2021-03-20T17:05:13","modified_gmt":"2021-03-20T16:05:13","slug":"journee-du-recyclage-et-de-lecologie-lycee-estienne-dorves-nice","status":"publish","type":"post","link":"https:\/\/paca.lpo.fr\/blogs\/nice\/2021\/03\/20\/journee-du-recyclage-et-de-lecologie-lycee-estienne-dorves-nice\/","title":{"rendered":"Journ\u00e9e du recyclage et de l&rsquo;\u00e9cologie Lyc\u00e9e Estienne d&rsquo;Orves, Nice"},"content":{"rendered":"\n<p class=\"wp-block-paragraph\">Ce jeudi 18 mars trois b\u00e9n\u00e9voles ont tenu un stand LPO dans la cour, \u00e0 l&rsquo;invitation de la CPE qui s&rsquo;occupe des actions \u00e9cologiste.<\/p>\n\n\n\n<figure class=\"wp-block-image size-large\"><img loading=\"lazy\" decoding=\"async\" width=\"908\" height=\"638\" src=\"https:\/\/paca.lpo.fr\/blogs\/nice\/files\/2021\/03\/orves-1.jpg\" alt=\"\" class=\"wp-image-3267\" srcset=\"https:\/\/paca.lpo.fr\/blogs\/nice\/files\/2021\/03\/orves-1.jpg 908w, https:\/\/paca.lpo.fr\/blogs\/nice\/files\/2021\/03\/orves-1-480x337.jpg 480w, https:\/\/paca.lpo.fr\/blogs\/nice\/files\/2021\/03\/orves-1-768x540.jpg 768w\" sizes=\"auto, (max-width: 908px) 100vw, 908px\" \/><\/figure>\n\n\n\n<figure class=\"wp-block-image size-large\"><img loading=\"lazy\" decoding=\"async\" width=\"917\" height=\"599\" src=\"https:\/\/paca.lpo.fr\/blogs\/nice\/files\/2021\/03\/orves-3.jpg\" alt=\"\" class=\"wp-image-3268\" srcset=\"https:\/\/paca.lpo.fr\/blogs\/nice\/files\/2021\/03\/orves-3.jpg 917w, https:\/\/paca.lpo.fr\/blogs\/nice\/files\/2021\/03\/orves-3-480x314.jpg 480w, https:\/\/paca.lpo.fr\/blogs\/nice\/files\/2021\/03\/orves-3-768x502.jpg 768w\" sizes=\"auto, (max-width: 917px) 100vw, 917px\" \/><figcaption>Un public nombreux et tr\u00e8s int\u00e9ress\u00e9 par les oiseaux et les actions de la LPO PACA<\/figcaption><\/figure>\n\n\n\n<figure class=\"wp-block-image size-large\"><img loading=\"lazy\" decoding=\"async\" width=\"932\" height=\"674\" src=\"https:\/\/paca.lpo.fr\/blogs\/nice\/files\/2021\/03\/orves-4-1.jpg\" alt=\"\" class=\"wp-image-3270\" srcset=\"https:\/\/paca.lpo.fr\/blogs\/nice\/files\/2021\/03\/orves-4-1.jpg 932w, https:\/\/paca.lpo.fr\/blogs\/nice\/files\/2021\/03\/orves-4-1-480x347.jpg 480w, https:\/\/paca.lpo.fr\/blogs\/nice\/files\/2021\/03\/orves-4-1-768x555.jpg 768w\" sizes=\"auto, (max-width: 932px) 100vw, 932px\" \/><\/figure>\n\n\n\n<figure class=\"wp-block-image size-large\"><img loading=\"lazy\" decoding=\"async\" width=\"913\" height=\"590\" src=\"https:\/\/paca.lpo.fr\/blogs\/nice\/files\/2021\/03\/orves-10.jpg\" alt=\"\" class=\"wp-image-3272\" srcset=\"https:\/\/paca.lpo.fr\/blogs\/nice\/files\/2021\/03\/orves-10.jpg 913w, https:\/\/paca.lpo.fr\/blogs\/nice\/files\/2021\/03\/orves-10-480x310.jpg 480w, https:\/\/paca.lpo.fr\/blogs\/nice\/files\/2021\/03\/orves-10-768x496.jpg 768w\" sizes=\"auto, (max-width: 913px) 100vw, 913px\" \/><\/figure>\n\n\n\n<p class=\"wp-block-paragraph\">\u00a0<\/p>\n","protected":false},"excerpt":{"rendered":"<p>Ce jeudi 18 mars trois b\u00e9n\u00e9voles ont tenu un stand LPO dans la cour, \u00e0 l&rsquo;invitation de la CPE qui s&rsquo;occupe des actions \u00e9cologiste. \u00a0<\/p>\n","protected":false},"author":15,"featured_media":3273,"comment_status":"open","ping_status":"open","sticky":false,"template":"","format":"standard","meta":{"footnotes":""},"categories":[79,3],"tags":[],"class_list":["post-3266","post","type-post","status-publish","format-standard","has-post-thumbnail","hentry","category-education-a-lenvironnement","category-vie-groupe"],"yoast_head":"<!-- This site is optimized with the Yoast SEO plugin v28.3 - https:\/\/yoast.com\/product\/yoast-seo-wordpress\/ -->\n<title>Journ\u00e9e du recyclage et de l&#039;\u00e9cologie Lyc\u00e9e Estienne d&#039;Orves, Nice - Groupe local Nice<\/title>\n<meta name=\"robots\" content=\"index, follow, max-snippet:-1, max-image-preview:large, max-video-preview:-1\" \/>\n<link rel=\"canonical\" href=\"https:\/\/paca.lpo.fr\/blogs\/nice\/2021\/03\/20\/journee-du-recyclage-et-de-lecologie-lycee-estienne-dorves-nice\/\" \/>\n<meta property=\"og:locale\" content=\"fr_FR\" \/>\n<meta property=\"og:type\" content=\"article\" \/>\n<meta property=\"og:title\" content=\"Journ\u00e9e du recyclage et de l&#039;\u00e9cologie Lyc\u00e9e Estienne d&#039;Orves, Nice - Groupe local Nice\" \/>\n<meta property=\"og:description\" content=\"Ce jeudi 18 mars trois b\u00e9n\u00e9voles ont tenu un stand LPO dans la cour, \u00e0 l&rsquo;invitation de la CPE qui s&rsquo;occupe des actions \u00e9cologiste. \u00a0\" \/>\n<meta property=\"og:url\" content=\"https:\/\/paca.lpo.fr\/blogs\/nice\/2021\/03\/20\/journee-du-recyclage-et-de-lecologie-lycee-estienne-dorves-nice\/\" \/>\n<meta property=\"og:site_name\" content=\"Groupe local Nice\" \/>\n<meta property=\"article:published_time\" content=\"2021-03-20T16:05:12+00:00\" \/>\n<meta property=\"article:modified_time\" content=\"2021-03-20T16:05:13+00:00\" \/>\n<meta property=\"og:image\" content=\"https:\/\/paca.lpo.fr\/blogs\/nice\/files\/2021\/03\/orves-8-1.jpg\" \/>\n\t<meta property=\"og:image:width\" content=\"928\" \/>\n\t<meta property=\"og:image:height\" content=\"553\" \/>\n\t<meta property=\"og:image:type\" content=\"image\/jpeg\" \/>\n<meta name=\"author\" content=\"Groupe local Paillon-B\u00e9v\u00e9ra\" \/>\n<meta name=\"twitter:card\" content=\"summary_large_image\" \/>\n<meta name=\"twitter:label1\" content=\"\u00c9crit par\" \/>\n\t<meta name=\"twitter:data1\" content=\"Groupe local Paillon-B\u00e9v\u00e9ra\" \/>\n<script type=\"application\/ld+json\" class=\"yoast-schema-graph\">{\"@context\":\"https:\\\/\\\/schema.org\",\"@graph\":[{\"@type\":\"Article\",\"@id\":\"https:\\\/\\\/paca.lpo.fr\\\/blogs\\\/nice\\\/2021\\\/03\\\/20\\\/journee-du-recyclage-et-de-lecologie-lycee-estienne-dorves-nice\\\/#article\",\"isPartOf\":{\"@id\":\"https:\\\/\\\/paca.lpo.fr\\\/blogs\\\/nice\\\/2021\\\/03\\\/20\\\/journee-du-recyclage-et-de-lecologie-lycee-estienne-dorves-nice\\\/\"},\"author\":{\"name\":\"Groupe local Paillon-B\u00e9v\u00e9ra\",\"@id\":\"https:\\\/\\\/paca.lpo.fr\\\/blogs\\\/nice\\\/#\\\/schema\\\/person\\\/1bda33335fb71e0b3552487db26a4c56\"},\"headline\":\"Journ\u00e9e du recyclage et de l&rsquo;\u00e9cologie Lyc\u00e9e Estienne d&rsquo;Orves, Nice\",\"datePublished\":\"2021-03-20T16:05:12+00:00\",\"dateModified\":\"2021-03-20T16:05:13+00:00\",\"mainEntityOfPage\":{\"@id\":\"https:\\\/\\\/paca.lpo.fr\\\/blogs\\\/nice\\\/2021\\\/03\\\/20\\\/journee-du-recyclage-et-de-lecologie-lycee-estienne-dorves-nice\\\/\"},\"wordCount\":58,\"commentCount\":0,\"publisher\":{\"@id\":\"https:\\\/\\\/paca.lpo.fr\\\/blogs\\\/nice\\\/#organization\"},\"image\":{\"@id\":\"https:\\\/\\\/paca.lpo.fr\\\/blogs\\\/nice\\\/2021\\\/03\\\/20\\\/journee-du-recyclage-et-de-lecologie-lycee-estienne-dorves-nice\\\/#primaryimage\"},\"thumbnailUrl\":\"https:\\\/\\\/paca.lpo.fr\\\/blogs\\\/nice\\\/files\\\/2021\\\/03\\\/orves-8-1.jpg\",\"articleSection\":[\"Education \u00e0 l'environnement\",\"Vie du groupe\"],\"inLanguage\":\"fr-FR\",\"potentialAction\":[{\"@type\":\"CommentAction\",\"name\":\"Comment\",\"target\":[\"https:\\\/\\\/paca.lpo.fr\\\/blogs\\\/nice\\\/2021\\\/03\\\/20\\\/journee-du-recyclage-et-de-lecologie-lycee-estienne-dorves-nice\\\/#respond\"]}]},{\"@type\":\"WebPage\",\"@id\":\"https:\\\/\\\/paca.lpo.fr\\\/blogs\\\/nice\\\/2021\\\/03\\\/20\\\/journee-du-recyclage-et-de-lecologie-lycee-estienne-dorves-nice\\\/\",\"url\":\"https:\\\/\\\/paca.lpo.fr\\\/blogs\\\/nice\\\/2021\\\/03\\\/20\\\/journee-du-recyclage-et-de-lecologie-lycee-estienne-dorves-nice\\\/\",\"name\":\"Journ\u00e9e du recyclage et de l'\u00e9cologie Lyc\u00e9e Estienne d'Orves, Nice - Groupe local Nice\",\"isPartOf\":{\"@id\":\"https:\\\/\\\/paca.lpo.fr\\\/blogs\\\/nice\\\/#website\"},\"primaryImageOfPage\":{\"@id\":\"https:\\\/\\\/paca.lpo.fr\\\/blogs\\\/nice\\\/2021\\\/03\\\/20\\\/journee-du-recyclage-et-de-lecologie-lycee-estienne-dorves-nice\\\/#primaryimage\"},\"image\":{\"@id\":\"https:\\\/\\\/paca.lpo.fr\\\/blogs\\\/nice\\\/2021\\\/03\\\/20\\\/journee-du-recyclage-et-de-lecologie-lycee-estienne-dorves-nice\\\/#primaryimage\"},\"thumbnailUrl\":\"https:\\\/\\\/paca.lpo.fr\\\/blogs\\\/nice\\\/files\\\/2021\\\/03\\\/orves-8-1.jpg\",\"datePublished\":\"2021-03-20T16:05:12+00:00\",\"dateModified\":\"2021-03-20T16:05:13+00:00\",\"breadcrumb\":{\"@id\":\"https:\\\/\\\/paca.lpo.fr\\\/blogs\\\/nice\\\/2021\\\/03\\\/20\\\/journee-du-recyclage-et-de-lecologie-lycee-estienne-dorves-nice\\\/#breadcrumb\"},\"inLanguage\":\"fr-FR\",\"potentialAction\":[{\"@type\":\"ReadAction\",\"target\":[\"https:\\\/\\\/paca.lpo.fr\\\/blogs\\\/nice\\\/2021\\\/03\\\/20\\\/journee-du-recyclage-et-de-lecologie-lycee-estienne-dorves-nice\\\/\"]}]},{\"@type\":\"ImageObject\",\"inLanguage\":\"fr-FR\",\"@id\":\"https:\\\/\\\/paca.lpo.fr\\\/blogs\\\/nice\\\/2021\\\/03\\\/20\\\/journee-du-recyclage-et-de-lecologie-lycee-estienne-dorves-nice\\\/#primaryimage\",\"url\":\"https:\\\/\\\/paca.lpo.fr\\\/blogs\\\/nice\\\/files\\\/2021\\\/03\\\/orves-8-1.jpg\",\"contentUrl\":\"https:\\\/\\\/paca.lpo.fr\\\/blogs\\\/nice\\\/files\\\/2021\\\/03\\\/orves-8-1.jpg\",\"width\":928,\"height\":553},{\"@type\":\"BreadcrumbList\",\"@id\":\"https:\\\/\\\/paca.lpo.fr\\\/blogs\\\/nice\\\/2021\\\/03\\\/20\\\/journee-du-recyclage-et-de-lecologie-lycee-estienne-dorves-nice\\\/#breadcrumb\",\"itemListElement\":[{\"@type\":\"ListItem\",\"position\":1,\"name\":\"Accueil\",\"item\":\"https:\\\/\\\/paca.lpo.fr\\\/blogs\\\/nice\\\/\"},{\"@type\":\"ListItem\",\"position\":2,\"name\":\"Journ\u00e9e du recyclage et de l&rsquo;\u00e9cologie Lyc\u00e9e Estienne d&rsquo;Orves, Nice\"}]},{\"@type\":\"WebSite\",\"@id\":\"https:\\\/\\\/paca.lpo.fr\\\/blogs\\\/nice\\\/#website\",\"url\":\"https:\\\/\\\/paca.lpo.fr\\\/blogs\\\/nice\\\/\",\"name\":\"Groupe local Nice\",\"description\":\"Groupe local Nice\",\"publisher\":{\"@id\":\"https:\\\/\\\/paca.lpo.fr\\\/blogs\\\/nice\\\/#organization\"},\"potentialAction\":[{\"@type\":\"SearchAction\",\"target\":{\"@type\":\"EntryPoint\",\"urlTemplate\":\"https:\\\/\\\/paca.lpo.fr\\\/blogs\\\/nice\\\/?s={search_term_string}\"},\"query-input\":{\"@type\":\"PropertyValueSpecification\",\"valueRequired\":true,\"valueName\":\"search_term_string\"}}],\"inLanguage\":\"fr-FR\"},{\"@type\":\"Organization\",\"@id\":\"https:\\\/\\\/paca.lpo.fr\\\/blogs\\\/nice\\\/#organization\",\"name\":\"Groupe local Nice\",\"url\":\"https:\\\/\\\/paca.lpo.fr\\\/blogs\\\/nice\\\/\",\"logo\":{\"@type\":\"ImageObject\",\"inLanguage\":\"fr-FR\",\"@id\":\"https:\\\/\\\/paca.lpo.fr\\\/blogs\\\/nice\\\/#\\\/schema\\\/logo\\\/image\\\/\",\"url\":\"https:\\\/\\\/paca.lpo.fr\\\/blogs\\\/nice\\\/files\\\/2024\\\/01\\\/cropped-rvb-lpo-paca-logotype-signature-droite-mini-500.jpg\",\"contentUrl\":\"https:\\\/\\\/paca.lpo.fr\\\/blogs\\\/nice\\\/files\\\/2024\\\/01\\\/cropped-rvb-lpo-paca-logotype-signature-droite-mini-500.jpg\",\"width\":500,\"height\":210,\"caption\":\"Groupe local Nice\"},\"image\":{\"@id\":\"https:\\\/\\\/paca.lpo.fr\\\/blogs\\\/nice\\\/#\\\/schema\\\/logo\\\/image\\\/\"}},{\"@type\":\"Person\",\"@id\":\"https:\\\/\\\/paca.lpo.fr\\\/blogs\\\/nice\\\/#\\\/schema\\\/person\\\/1bda33335fb71e0b3552487db26a4c56\",\"name\":\"Groupe local Paillon-B\u00e9v\u00e9ra\",\"image\":{\"@type\":\"ImageObject\",\"inLanguage\":\"fr-FR\",\"@id\":\"https:\\\/\\\/secure.gravatar.com\\\/avatar\\\/b1ee285506e2cb880ec988990d360e255aecb31c77212741dace1023623610c2?s=96&d=mm&r=g\",\"url\":\"https:\\\/\\\/secure.gravatar.com\\\/avatar\\\/b1ee285506e2cb880ec988990d360e255aecb31c77212741dace1023623610c2?s=96&d=mm&r=g\",\"contentUrl\":\"https:\\\/\\\/secure.gravatar.com\\\/avatar\\\/b1ee285506e2cb880ec988990d360e255aecb31c77212741dace1023623610c2?s=96&d=mm&r=g\",\"caption\":\"Groupe local Paillon-B\u00e9v\u00e9ra\"},\"url\":\"https:\\\/\\\/paca.lpo.fr\\\/blogs\\\/nice\\\/author\\\/alpesmaritimesest\\\/\"}]}<\/script>\n<!-- \/ Yoast SEO plugin. -->","yoast_head_json":{"title":"Journ\u00e9e du recyclage et de l'\u00e9cologie Lyc\u00e9e Estienne d'Orves, Nice - Groupe local Nice","robots":{"index":"index","follow":"follow","max-snippet":"max-snippet:-1","max-image-preview":"max-image-preview:large","max-video-preview":"max-video-preview:-1"},"canonical":"https:\/\/paca.lpo.fr\/blogs\/nice\/2021\/03\/20\/journee-du-recyclage-et-de-lecologie-lycee-estienne-dorves-nice\/","og_locale":"fr_FR","og_type":"article","og_title":"Journ\u00e9e du recyclage et de l'\u00e9cologie Lyc\u00e9e Estienne d'Orves, Nice - Groupe local Nice","og_description":"Ce jeudi 18 mars trois b\u00e9n\u00e9voles ont tenu un stand LPO dans la cour, \u00e0 l&rsquo;invitation de la CPE qui s&rsquo;occupe des actions \u00e9cologiste. \u00a0","og_url":"https:\/\/paca.lpo.fr\/blogs\/nice\/2021\/03\/20\/journee-du-recyclage-et-de-lecologie-lycee-estienne-dorves-nice\/","og_site_name":"Groupe local Nice","article_published_time":"2021-03-20T16:05:12+00:00","article_modified_time":"2021-03-20T16:05:13+00:00","og_image":[{"width":928,"height":553,"url":"https:\/\/paca.lpo.fr\/blogs\/nice\/files\/2021\/03\/orves-8-1.jpg","type":"image\/jpeg"}],"author":"Groupe local Paillon-B\u00e9v\u00e9ra","twitter_card":"summary_large_image","twitter_misc":{"\u00c9crit par":"Groupe local Paillon-B\u00e9v\u00e9ra"},"schema":{"@context":"https:\/\/schema.org","@graph":[{"@type":"Article","@id":"https:\/\/paca.lpo.fr\/blogs\/nice\/2021\/03\/20\/journee-du-recyclage-et-de-lecologie-lycee-estienne-dorves-nice\/#article","isPartOf":{"@id":"https:\/\/paca.lpo.fr\/blogs\/nice\/2021\/03\/20\/journee-du-recyclage-et-de-lecologie-lycee-estienne-dorves-nice\/"},"author":{"name":"Groupe local Paillon-B\u00e9v\u00e9ra","@id":"https:\/\/paca.lpo.fr\/blogs\/nice\/#\/schema\/person\/1bda33335fb71e0b3552487db26a4c56"},"headline":"Journ\u00e9e du recyclage et de l&rsquo;\u00e9cologie Lyc\u00e9e Estienne d&rsquo;Orves, Nice","datePublished":"2021-03-20T16:05:12+00:00","dateModified":"2021-03-20T16:05:13+00:00","mainEntityOfPage":{"@id":"https:\/\/paca.lpo.fr\/blogs\/nice\/2021\/03\/20\/journee-du-recyclage-et-de-lecologie-lycee-estienne-dorves-nice\/"},"wordCount":58,"commentCount":0,"publisher":{"@id":"https:\/\/paca.lpo.fr\/blogs\/nice\/#organization"},"image":{"@id":"https:\/\/paca.lpo.fr\/blogs\/nice\/2021\/03\/20\/journee-du-recyclage-et-de-lecologie-lycee-estienne-dorves-nice\/#primaryimage"},"thumbnailUrl":"https:\/\/paca.lpo.fr\/blogs\/nice\/files\/2021\/03\/orves-8-1.jpg","articleSection":["Education \u00e0 l'environnement","Vie du groupe"],"inLanguage":"fr-FR","potentialAction":[{"@type":"CommentAction","name":"Comment","target":["https:\/\/paca.lpo.fr\/blogs\/nice\/2021\/03\/20\/journee-du-recyclage-et-de-lecologie-lycee-estienne-dorves-nice\/#respond"]}]},{"@type":"WebPage","@id":"https:\/\/paca.lpo.fr\/blogs\/nice\/2021\/03\/20\/journee-du-recyclage-et-de-lecologie-lycee-estienne-dorves-nice\/","url":"https:\/\/paca.lpo.fr\/blogs\/nice\/2021\/03\/20\/journee-du-recyclage-et-de-lecologie-lycee-estienne-dorves-nice\/","name":"Journ\u00e9e du recyclage et de l'\u00e9cologie Lyc\u00e9e Estienne d'Orves, Nice - Groupe local Nice","isPartOf":{"@id":"https:\/\/paca.lpo.fr\/blogs\/nice\/#website"},"primaryImageOfPage":{"@id":"https:\/\/paca.lpo.fr\/blogs\/nice\/2021\/03\/20\/journee-du-recyclage-et-de-lecologie-lycee-estienne-dorves-nice\/#primaryimage"},"image":{"@id":"https:\/\/paca.lpo.fr\/blogs\/nice\/2021\/03\/20\/journee-du-recyclage-et-de-lecologie-lycee-estienne-dorves-nice\/#primaryimage"},"thumbnailUrl":"https:\/\/paca.lpo.fr\/blogs\/nice\/files\/2021\/03\/orves-8-1.jpg","datePublished":"2021-03-20T16:05:12+00:00","dateModified":"2021-03-20T16:05:13+00:00","breadcrumb":{"@id":"https:\/\/paca.lpo.fr\/blogs\/nice\/2021\/03\/20\/journee-du-recyclage-et-de-lecologie-lycee-estienne-dorves-nice\/#breadcrumb"},"inLanguage":"fr-FR","potentialAction":[{"@type":"ReadAction","target":["https:\/\/paca.lpo.fr\/blogs\/nice\/2021\/03\/20\/journee-du-recyclage-et-de-lecologie-lycee-estienne-dorves-nice\/"]}]},{"@type":"ImageObject","inLanguage":"fr-FR","@id":"https:\/\/paca.lpo.fr\/blogs\/nice\/2021\/03\/20\/journee-du-recyclage-et-de-lecologie-lycee-estienne-dorves-nice\/#primaryimage","url":"https:\/\/paca.lpo.fr\/blogs\/nice\/files\/2021\/03\/orves-8-1.jpg","contentUrl":"https:\/\/paca.lpo.fr\/blogs\/nice\/files\/2021\/03\/orves-8-1.jpg","width":928,"height":553},{"@type":"BreadcrumbList","@id":"https:\/\/paca.lpo.fr\/blogs\/nice\/2021\/03\/20\/journee-du-recyclage-et-de-lecologie-lycee-estienne-dorves-nice\/#breadcrumb","itemListElement":[{"@type":"ListItem","position":1,"name":"Accueil","item":"https:\/\/paca.lpo.fr\/blogs\/nice\/"},{"@type":"ListItem","position":2,"name":"Journ\u00e9e du recyclage et de l&rsquo;\u00e9cologie Lyc\u00e9e Estienne d&rsquo;Orves, Nice"}]},{"@type":"WebSite","@id":"https:\/\/paca.lpo.fr\/blogs\/nice\/#website","url":"https:\/\/paca.lpo.fr\/blogs\/nice\/","name":"Groupe local Nice","description":"Groupe local Nice","publisher":{"@id":"https:\/\/paca.lpo.fr\/blogs\/nice\/#organization"},"potentialAction":[{"@type":"SearchAction","target":{"@type":"EntryPoint","urlTemplate":"https:\/\/paca.lpo.fr\/blogs\/nice\/?s={search_term_string}"},"query-input":{"@type":"PropertyValueSpecification","valueRequired":true,"valueName":"search_term_string"}}],"inLanguage":"fr-FR"},{"@type":"Organization","@id":"https:\/\/paca.lpo.fr\/blogs\/nice\/#organization","name":"Groupe local Nice","url":"https:\/\/paca.lpo.fr\/blogs\/nice\/","logo":{"@type":"ImageObject","inLanguage":"fr-FR","@id":"https:\/\/paca.lpo.fr\/blogs\/nice\/#\/schema\/logo\/image\/","url":"https:\/\/paca.lpo.fr\/blogs\/nice\/files\/2024\/01\/cropped-rvb-lpo-paca-logotype-signature-droite-mini-500.jpg","contentUrl":"https:\/\/paca.lpo.fr\/blogs\/nice\/files\/2024\/01\/cropped-rvb-lpo-paca-logotype-signature-droite-mini-500.jpg","width":500,"height":210,"caption":"Groupe local Nice"},"image":{"@id":"https:\/\/paca.lpo.fr\/blogs\/nice\/#\/schema\/logo\/image\/"}},{"@type":"Person","@id":"https:\/\/paca.lpo.fr\/blogs\/nice\/#\/schema\/person\/1bda33335fb71e0b3552487db26a4c56","name":"Groupe local Paillon-B\u00e9v\u00e9ra","image":{"@type":"ImageObject","inLanguage":"fr-FR","@id":"https:\/\/secure.gravatar.com\/avatar\/b1ee285506e2cb880ec988990d360e255aecb31c77212741dace1023623610c2?s=96&d=mm&r=g","url":"https:\/\/secure.gravatar.com\/avatar\/b1ee285506e2cb880ec988990d360e255aecb31c77212741dace1023623610c2?s=96&d=mm&r=g","contentUrl":"https:\/\/secure.gravatar.com\/avatar\/b1ee285506e2cb880ec988990d360e255aecb31c77212741dace1023623610c2?s=96&d=mm&r=g","caption":"Groupe local Paillon-B\u00e9v\u00e9ra"},"url":"https:\/\/paca.lpo.fr\/blogs\/nice\/author\/alpesmaritimesest\/"}]}},"jetpack_featured_media_url":"https:\/\/paca.lpo.fr\/blogs\/nice\/files\/2021\/03\/orves-8-1.jpg","_links":{"self":[{"href":"https:\/\/paca.lpo.fr\/blogs\/nice\/wp-json\/wp\/v2\/posts\/3266","targetHints":{"allow":["GET"]}}],"collection":[{"href":"https:\/\/paca.lpo.fr\/blogs\/nice\/wp-json\/wp\/v2\/posts"}],"about":[{"href":"https:\/\/paca.lpo.fr\/blogs\/nice\/wp-json\/wp\/v2\/types\/post"}],"author":[{"embeddable":true,"href":"https:\/\/paca.lpo.fr\/blogs\/nice\/wp-json\/wp\/v2\/users\/15"}],"replies":[{"embeddable":true,"href":"https:\/\/paca.lpo.fr\/blogs\/nice\/wp-json\/wp\/v2\/comments?post=3266"}],"version-history":[{"count":1,"href":"https:\/\/paca.lpo.fr\/blogs\/nice\/wp-json\/wp\/v2\/posts\/3266\/revisions"}],"predecessor-version":[{"id":3274,"href":"https:\/\/paca.lpo.fr\/blogs\/nice\/wp-json\/wp\/v2\/posts\/3266\/revisions\/3274"}],"wp:featuredmedia":[{"embeddable":true,"href":"https:\/\/paca.lpo.fr\/blogs\/nice\/wp-json\/wp\/v2\/media\/3273"}],"wp:attachment":[{"href":"https:\/\/paca.lpo.fr\/blogs\/nice\/wp-json\/wp\/v2\/media?parent=3266"}],"wp:term":[{"taxonomy":"category","embeddable":true,"href":"https:\/\/paca.lpo.fr\/blogs\/nice\/wp-json\/wp\/v2\/categories?post=3266"},{"taxonomy":"post_tag","embeddable":true,"href":"https:\/\/paca.lpo.fr\/blogs\/nice\/wp-json\/wp\/v2\/tags?post=3266"}],"curies":[{"name":"wp","href":"https:\/\/api.w.org\/{rel}","templated":true}]}}