{"id":3277,"date":"2021-03-28T18:36:36","date_gmt":"2021-03-28T17:36:36","guid":{"rendered":"https:\/\/paca.lpo.fr\/blogs\/nice\/?p=3277"},"modified":"2021-03-28T18:36:37","modified_gmt":"2021-03-28T17:36:37","slug":"la-lpo-paca-au-lycee-pierre-marie-curie-menton","status":"publish","type":"post","link":"https:\/\/paca.lpo.fr\/blogs\/nice\/2021\/03\/28\/la-lpo-paca-au-lycee-pierre-marie-curie-menton\/","title":{"rendered":"La LPO PACA au Lyc\u00e9e Pierre &amp; Marie Curie, Menton"},"content":{"rendered":"\n<p class=\"wp-block-paragraph\">Animation ce 26 mars pour quelques \u00e9l\u00e8ves de ce\u00a0lyc\u00e9e situ\u00e9 dans les hauteurs de Menton, devenu tout r\u00e9cemment\u00a0Refuge LPO. Apr\u00e8s une activit\u00e9 pour apprendre \u00e0 d\u00e9crire et observer\u00a0les oiseaux et une distribution d&rsquo;images des esp\u00e8ces pouvant \u00eatre observ\u00e9es autour de l&rsquo;\u00e9tablissement, le groupe est parti pour une balade d&rsquo;observations sur un joli chemin \u00e0 travers bois. <\/p>\n\n\n\n<figure class=\"wp-block-image size-large\"><img loading=\"lazy\" decoding=\"async\" width=\"639\" height=\"800\" src=\"https:\/\/paca.lpo.fr\/blogs\/nice\/files\/2021\/03\/img-20210326-103031-639x800.jpg\" alt=\"\" class=\"wp-image-3279\" srcset=\"https:\/\/paca.lpo.fr\/blogs\/nice\/files\/2021\/03\/img-20210326-103031-639x800.jpg 639w, https:\/\/paca.lpo.fr\/blogs\/nice\/files\/2021\/03\/img-20210326-103031-384x480.jpg 384w, https:\/\/paca.lpo.fr\/blogs\/nice\/files\/2021\/03\/img-20210326-103031.jpg 716w\" sizes=\"auto, (max-width: 639px) 100vw, 639px\" \/><\/figure>\n\n\n\n<p class=\"wp-block-paragraph\">Parmi les esp\u00e8ces contact\u00e9es, Buses variables, Bergeronnette grise, M\u00e9sanges bleu et charbonni\u00e8res, Corneilles, et un joli Rougequeue noir m\u00e2le.<\/p>\n\n\n\n<figure class=\"wp-block-image size-large\"><img loading=\"lazy\" decoding=\"async\" width=\"894\" height=\"710\" src=\"https:\/\/paca.lpo.fr\/blogs\/nice\/files\/2021\/03\/fprqn-3.jpg\" alt=\"\" class=\"wp-image-3278\" srcset=\"https:\/\/paca.lpo.fr\/blogs\/nice\/files\/2021\/03\/fprqn-3.jpg 894w, https:\/\/paca.lpo.fr\/blogs\/nice\/files\/2021\/03\/fprqn-3-480x381.jpg 480w, https:\/\/paca.lpo.fr\/blogs\/nice\/files\/2021\/03\/fprqn-3-768x610.jpg 768w\" sizes=\"auto, (max-width: 894px) 100vw, 894px\" \/><\/figure>\n\n\n\n<p class=\"wp-block-paragraph\">La sortie \u00ab\u00a0oiseaux des jardins\u00a0\u00bb s&rsquo;est transform\u00e9e un peu en sortie migration, puisque de nombreux Circa\u00e8tes Jean-Le-Blanc et Busards des Roseaux traversaient le ciel d&rsquo;ouest en est. Un Aigle bott\u00e9 a aussi \u00e9t\u00e9 observ\u00e9.<\/p>\n","protected":false},"excerpt":{"rendered":"<p>Animation ce 26 mars pour quelques \u00e9l\u00e8ves de ce\u00a0lyc\u00e9e situ\u00e9 dans les hauteurs de Menton, devenu tout r\u00e9cemment\u00a0Refuge LPO. Apr\u00e8s une activit\u00e9 pour apprendre \u00e0 d\u00e9crire et observer\u00a0les oiseaux et une distribution d&rsquo;images des esp\u00e8ces pouvant \u00eatre observ\u00e9es autour de l&rsquo;\u00e9tablissement, le groupe est parti pour une balade d&rsquo;observations sur un joli chemin \u00e0 travers [&hellip;]<\/p>\n","protected":false},"author":15,"featured_media":3280,"comment_status":"open","ping_status":"open","sticky":false,"template":"","format":"standard","meta":{"footnotes":""},"categories":[79],"tags":[],"class_list":["post-3277","post","type-post","status-publish","format-standard","has-post-thumbnail","hentry","category-education-a-lenvironnement"],"yoast_head":"<!-- This site is optimized with the Yoast SEO plugin v28.3 - https:\/\/yoast.com\/product\/yoast-seo-wordpress\/ -->\n<title>La LPO PACA au Lyc\u00e9e Pierre &amp; Marie Curie, Menton - Groupe local Nice<\/title>\n<meta name=\"robots\" content=\"index, follow, max-snippet:-1, max-image-preview:large, max-video-preview:-1\" \/>\n<link rel=\"canonical\" href=\"https:\/\/paca.lpo.fr\/blogs\/nice\/2021\/03\/28\/la-lpo-paca-au-lycee-pierre-marie-curie-menton\/\" \/>\n<meta property=\"og:locale\" content=\"fr_FR\" \/>\n<meta property=\"og:type\" content=\"article\" \/>\n<meta property=\"og:title\" content=\"La LPO PACA au Lyc\u00e9e Pierre &amp; Marie Curie, Menton - Groupe local Nice\" \/>\n<meta property=\"og:description\" content=\"Animation ce 26 mars pour quelques \u00e9l\u00e8ves de ce\u00a0lyc\u00e9e situ\u00e9 dans les hauteurs de Menton, devenu tout r\u00e9cemment\u00a0Refuge LPO. Apr\u00e8s une activit\u00e9 pour apprendre \u00e0 d\u00e9crire et observer\u00a0les oiseaux et une distribution d&rsquo;images des esp\u00e8ces pouvant \u00eatre observ\u00e9es autour de l&rsquo;\u00e9tablissement, le groupe est parti pour une balade d&rsquo;observations sur un joli chemin \u00e0 travers [&hellip;]\" \/>\n<meta property=\"og:url\" content=\"https:\/\/paca.lpo.fr\/blogs\/nice\/2021\/03\/28\/la-lpo-paca-au-lycee-pierre-marie-curie-menton\/\" \/>\n<meta property=\"og:site_name\" content=\"Groupe local Nice\" \/>\n<meta property=\"article:published_time\" content=\"2021-03-28T17:36:36+00:00\" \/>\n<meta property=\"article:modified_time\" content=\"2021-03-28T17:36:37+00:00\" \/>\n<meta property=\"og:image\" content=\"https:\/\/paca.lpo.fr\/blogs\/nice\/files\/2021\/03\/img-20210326-104144.jpg\" \/>\n\t<meta property=\"og:image:width\" content=\"894\" \/>\n\t<meta property=\"og:image:height\" content=\"679\" \/>\n\t<meta property=\"og:image:type\" content=\"image\/jpeg\" \/>\n<meta name=\"author\" content=\"Groupe local Paillon-B\u00e9v\u00e9ra\" \/>\n<meta name=\"twitter:card\" content=\"summary_large_image\" \/>\n<meta name=\"twitter:label1\" content=\"\u00c9crit par\" \/>\n\t<meta name=\"twitter:data1\" content=\"Groupe local Paillon-B\u00e9v\u00e9ra\" \/>\n\t<meta name=\"twitter:label2\" content=\"Dur\u00e9e de lecture estim\u00e9e\" \/>\n\t<meta name=\"twitter:data2\" content=\"1 minute\" \/>\n<script type=\"application\/ld+json\" class=\"yoast-schema-graph\">{\"@context\":\"https:\\\/\\\/schema.org\",\"@graph\":[{\"@type\":\"Article\",\"@id\":\"https:\\\/\\\/paca.lpo.fr\\\/blogs\\\/nice\\\/2021\\\/03\\\/28\\\/la-lpo-paca-au-lycee-pierre-marie-curie-menton\\\/#article\",\"isPartOf\":{\"@id\":\"https:\\\/\\\/paca.lpo.fr\\\/blogs\\\/nice\\\/2021\\\/03\\\/28\\\/la-lpo-paca-au-lycee-pierre-marie-curie-menton\\\/\"},\"author\":{\"name\":\"Groupe local Paillon-B\u00e9v\u00e9ra\",\"@id\":\"https:\\\/\\\/paca.lpo.fr\\\/blogs\\\/nice\\\/#\\\/schema\\\/person\\\/1bda33335fb71e0b3552487db26a4c56\"},\"headline\":\"La LPO PACA au Lyc\u00e9e Pierre &amp; Marie Curie, Menton\",\"datePublished\":\"2021-03-28T17:36:36+00:00\",\"dateModified\":\"2021-03-28T17:36:37+00:00\",\"mainEntityOfPage\":{\"@id\":\"https:\\\/\\\/paca.lpo.fr\\\/blogs\\\/nice\\\/2021\\\/03\\\/28\\\/la-lpo-paca-au-lycee-pierre-marie-curie-menton\\\/\"},\"wordCount\":139,\"commentCount\":0,\"publisher\":{\"@id\":\"https:\\\/\\\/paca.lpo.fr\\\/blogs\\\/nice\\\/#organization\"},\"image\":{\"@id\":\"https:\\\/\\\/paca.lpo.fr\\\/blogs\\\/nice\\\/2021\\\/03\\\/28\\\/la-lpo-paca-au-lycee-pierre-marie-curie-menton\\\/#primaryimage\"},\"thumbnailUrl\":\"https:\\\/\\\/paca.lpo.fr\\\/blogs\\\/nice\\\/files\\\/2021\\\/03\\\/img-20210326-104144.jpg\",\"articleSection\":[\"Education \u00e0 l'environnement\"],\"inLanguage\":\"fr-FR\",\"potentialAction\":[{\"@type\":\"CommentAction\",\"name\":\"Comment\",\"target\":[\"https:\\\/\\\/paca.lpo.fr\\\/blogs\\\/nice\\\/2021\\\/03\\\/28\\\/la-lpo-paca-au-lycee-pierre-marie-curie-menton\\\/#respond\"]}]},{\"@type\":\"WebPage\",\"@id\":\"https:\\\/\\\/paca.lpo.fr\\\/blogs\\\/nice\\\/2021\\\/03\\\/28\\\/la-lpo-paca-au-lycee-pierre-marie-curie-menton\\\/\",\"url\":\"https:\\\/\\\/paca.lpo.fr\\\/blogs\\\/nice\\\/2021\\\/03\\\/28\\\/la-lpo-paca-au-lycee-pierre-marie-curie-menton\\\/\",\"name\":\"La LPO PACA au Lyc\u00e9e Pierre &amp; Marie Curie, Menton - Groupe local Nice\",\"isPartOf\":{\"@id\":\"https:\\\/\\\/paca.lpo.fr\\\/blogs\\\/nice\\\/#website\"},\"primaryImageOfPage\":{\"@id\":\"https:\\\/\\\/paca.lpo.fr\\\/blogs\\\/nice\\\/2021\\\/03\\\/28\\\/la-lpo-paca-au-lycee-pierre-marie-curie-menton\\\/#primaryimage\"},\"image\":{\"@id\":\"https:\\\/\\\/paca.lpo.fr\\\/blogs\\\/nice\\\/2021\\\/03\\\/28\\\/la-lpo-paca-au-lycee-pierre-marie-curie-menton\\\/#primaryimage\"},\"thumbnailUrl\":\"https:\\\/\\\/paca.lpo.fr\\\/blogs\\\/nice\\\/files\\\/2021\\\/03\\\/img-20210326-104144.jpg\",\"datePublished\":\"2021-03-28T17:36:36+00:00\",\"dateModified\":\"2021-03-28T17:36:37+00:00\",\"breadcrumb\":{\"@id\":\"https:\\\/\\\/paca.lpo.fr\\\/blogs\\\/nice\\\/2021\\\/03\\\/28\\\/la-lpo-paca-au-lycee-pierre-marie-curie-menton\\\/#breadcrumb\"},\"inLanguage\":\"fr-FR\",\"potentialAction\":[{\"@type\":\"ReadAction\",\"target\":[\"https:\\\/\\\/paca.lpo.fr\\\/blogs\\\/nice\\\/2021\\\/03\\\/28\\\/la-lpo-paca-au-lycee-pierre-marie-curie-menton\\\/\"]}]},{\"@type\":\"ImageObject\",\"inLanguage\":\"fr-FR\",\"@id\":\"https:\\\/\\\/paca.lpo.fr\\\/blogs\\\/nice\\\/2021\\\/03\\\/28\\\/la-lpo-paca-au-lycee-pierre-marie-curie-menton\\\/#primaryimage\",\"url\":\"https:\\\/\\\/paca.lpo.fr\\\/blogs\\\/nice\\\/files\\\/2021\\\/03\\\/img-20210326-104144.jpg\",\"contentUrl\":\"https:\\\/\\\/paca.lpo.fr\\\/blogs\\\/nice\\\/files\\\/2021\\\/03\\\/img-20210326-104144.jpg\",\"width\":894,\"height\":679},{\"@type\":\"BreadcrumbList\",\"@id\":\"https:\\\/\\\/paca.lpo.fr\\\/blogs\\\/nice\\\/2021\\\/03\\\/28\\\/la-lpo-paca-au-lycee-pierre-marie-curie-menton\\\/#breadcrumb\",\"itemListElement\":[{\"@type\":\"ListItem\",\"position\":1,\"name\":\"Accueil\",\"item\":\"https:\\\/\\\/paca.lpo.fr\\\/blogs\\\/nice\\\/\"},{\"@type\":\"ListItem\",\"position\":2,\"name\":\"La LPO PACA au Lyc\u00e9e Pierre &amp; Marie Curie, Menton\"}]},{\"@type\":\"WebSite\",\"@id\":\"https:\\\/\\\/paca.lpo.fr\\\/blogs\\\/nice\\\/#website\",\"url\":\"https:\\\/\\\/paca.lpo.fr\\\/blogs\\\/nice\\\/\",\"name\":\"Groupe local Nice\",\"description\":\"Groupe local Nice\",\"publisher\":{\"@id\":\"https:\\\/\\\/paca.lpo.fr\\\/blogs\\\/nice\\\/#organization\"},\"potentialAction\":[{\"@type\":\"SearchAction\",\"target\":{\"@type\":\"EntryPoint\",\"urlTemplate\":\"https:\\\/\\\/paca.lpo.fr\\\/blogs\\\/nice\\\/?s={search_term_string}\"},\"query-input\":{\"@type\":\"PropertyValueSpecification\",\"valueRequired\":true,\"valueName\":\"search_term_string\"}}],\"inLanguage\":\"fr-FR\"},{\"@type\":\"Organization\",\"@id\":\"https:\\\/\\\/paca.lpo.fr\\\/blogs\\\/nice\\\/#organization\",\"name\":\"Groupe local Nice\",\"url\":\"https:\\\/\\\/paca.lpo.fr\\\/blogs\\\/nice\\\/\",\"logo\":{\"@type\":\"ImageObject\",\"inLanguage\":\"fr-FR\",\"@id\":\"https:\\\/\\\/paca.lpo.fr\\\/blogs\\\/nice\\\/#\\\/schema\\\/logo\\\/image\\\/\",\"url\":\"https:\\\/\\\/paca.lpo.fr\\\/blogs\\\/nice\\\/files\\\/2024\\\/01\\\/cropped-rvb-lpo-paca-logotype-signature-droite-mini-500.jpg\",\"contentUrl\":\"https:\\\/\\\/paca.lpo.fr\\\/blogs\\\/nice\\\/files\\\/2024\\\/01\\\/cropped-rvb-lpo-paca-logotype-signature-droite-mini-500.jpg\",\"width\":500,\"height\":210,\"caption\":\"Groupe local Nice\"},\"image\":{\"@id\":\"https:\\\/\\\/paca.lpo.fr\\\/blogs\\\/nice\\\/#\\\/schema\\\/logo\\\/image\\\/\"}},{\"@type\":\"Person\",\"@id\":\"https:\\\/\\\/paca.lpo.fr\\\/blogs\\\/nice\\\/#\\\/schema\\\/person\\\/1bda33335fb71e0b3552487db26a4c56\",\"name\":\"Groupe local Paillon-B\u00e9v\u00e9ra\",\"image\":{\"@type\":\"ImageObject\",\"inLanguage\":\"fr-FR\",\"@id\":\"https:\\\/\\\/secure.gravatar.com\\\/avatar\\\/b1ee285506e2cb880ec988990d360e255aecb31c77212741dace1023623610c2?s=96&d=mm&r=g\",\"url\":\"https:\\\/\\\/secure.gravatar.com\\\/avatar\\\/b1ee285506e2cb880ec988990d360e255aecb31c77212741dace1023623610c2?s=96&d=mm&r=g\",\"contentUrl\":\"https:\\\/\\\/secure.gravatar.com\\\/avatar\\\/b1ee285506e2cb880ec988990d360e255aecb31c77212741dace1023623610c2?s=96&d=mm&r=g\",\"caption\":\"Groupe local Paillon-B\u00e9v\u00e9ra\"},\"url\":\"https:\\\/\\\/paca.lpo.fr\\\/blogs\\\/nice\\\/author\\\/alpesmaritimesest\\\/\"}]}<\/script>\n<!-- \/ Yoast SEO plugin. -->","yoast_head_json":{"title":"La LPO PACA au Lyc\u00e9e Pierre &amp; Marie Curie, Menton - Groupe local Nice","robots":{"index":"index","follow":"follow","max-snippet":"max-snippet:-1","max-image-preview":"max-image-preview:large","max-video-preview":"max-video-preview:-1"},"canonical":"https:\/\/paca.lpo.fr\/blogs\/nice\/2021\/03\/28\/la-lpo-paca-au-lycee-pierre-marie-curie-menton\/","og_locale":"fr_FR","og_type":"article","og_title":"La LPO PACA au Lyc\u00e9e Pierre &amp; Marie Curie, Menton - Groupe local Nice","og_description":"Animation ce 26 mars pour quelques \u00e9l\u00e8ves de ce\u00a0lyc\u00e9e situ\u00e9 dans les hauteurs de Menton, devenu tout r\u00e9cemment\u00a0Refuge LPO. Apr\u00e8s une activit\u00e9 pour apprendre \u00e0 d\u00e9crire et observer\u00a0les oiseaux et une distribution d&rsquo;images des esp\u00e8ces pouvant \u00eatre observ\u00e9es autour de l&rsquo;\u00e9tablissement, le groupe est parti pour une balade d&rsquo;observations sur un joli chemin \u00e0 travers [&hellip;]","og_url":"https:\/\/paca.lpo.fr\/blogs\/nice\/2021\/03\/28\/la-lpo-paca-au-lycee-pierre-marie-curie-menton\/","og_site_name":"Groupe local Nice","article_published_time":"2021-03-28T17:36:36+00:00","article_modified_time":"2021-03-28T17:36:37+00:00","og_image":[{"width":894,"height":679,"url":"https:\/\/paca.lpo.fr\/blogs\/nice\/files\/2021\/03\/img-20210326-104144.jpg","type":"image\/jpeg"}],"author":"Groupe local Paillon-B\u00e9v\u00e9ra","twitter_card":"summary_large_image","twitter_misc":{"\u00c9crit par":"Groupe local Paillon-B\u00e9v\u00e9ra","Dur\u00e9e de lecture estim\u00e9e":"1 minute"},"schema":{"@context":"https:\/\/schema.org","@graph":[{"@type":"Article","@id":"https:\/\/paca.lpo.fr\/blogs\/nice\/2021\/03\/28\/la-lpo-paca-au-lycee-pierre-marie-curie-menton\/#article","isPartOf":{"@id":"https:\/\/paca.lpo.fr\/blogs\/nice\/2021\/03\/28\/la-lpo-paca-au-lycee-pierre-marie-curie-menton\/"},"author":{"name":"Groupe local Paillon-B\u00e9v\u00e9ra","@id":"https:\/\/paca.lpo.fr\/blogs\/nice\/#\/schema\/person\/1bda33335fb71e0b3552487db26a4c56"},"headline":"La LPO PACA au Lyc\u00e9e Pierre &amp; Marie Curie, Menton","datePublished":"2021-03-28T17:36:36+00:00","dateModified":"2021-03-28T17:36:37+00:00","mainEntityOfPage":{"@id":"https:\/\/paca.lpo.fr\/blogs\/nice\/2021\/03\/28\/la-lpo-paca-au-lycee-pierre-marie-curie-menton\/"},"wordCount":139,"commentCount":0,"publisher":{"@id":"https:\/\/paca.lpo.fr\/blogs\/nice\/#organization"},"image":{"@id":"https:\/\/paca.lpo.fr\/blogs\/nice\/2021\/03\/28\/la-lpo-paca-au-lycee-pierre-marie-curie-menton\/#primaryimage"},"thumbnailUrl":"https:\/\/paca.lpo.fr\/blogs\/nice\/files\/2021\/03\/img-20210326-104144.jpg","articleSection":["Education \u00e0 l'environnement"],"inLanguage":"fr-FR","potentialAction":[{"@type":"CommentAction","name":"Comment","target":["https:\/\/paca.lpo.fr\/blogs\/nice\/2021\/03\/28\/la-lpo-paca-au-lycee-pierre-marie-curie-menton\/#respond"]}]},{"@type":"WebPage","@id":"https:\/\/paca.lpo.fr\/blogs\/nice\/2021\/03\/28\/la-lpo-paca-au-lycee-pierre-marie-curie-menton\/","url":"https:\/\/paca.lpo.fr\/blogs\/nice\/2021\/03\/28\/la-lpo-paca-au-lycee-pierre-marie-curie-menton\/","name":"La LPO PACA au Lyc\u00e9e Pierre &amp; Marie Curie, Menton - Groupe local Nice","isPartOf":{"@id":"https:\/\/paca.lpo.fr\/blogs\/nice\/#website"},"primaryImageOfPage":{"@id":"https:\/\/paca.lpo.fr\/blogs\/nice\/2021\/03\/28\/la-lpo-paca-au-lycee-pierre-marie-curie-menton\/#primaryimage"},"image":{"@id":"https:\/\/paca.lpo.fr\/blogs\/nice\/2021\/03\/28\/la-lpo-paca-au-lycee-pierre-marie-curie-menton\/#primaryimage"},"thumbnailUrl":"https:\/\/paca.lpo.fr\/blogs\/nice\/files\/2021\/03\/img-20210326-104144.jpg","datePublished":"2021-03-28T17:36:36+00:00","dateModified":"2021-03-28T17:36:37+00:00","breadcrumb":{"@id":"https:\/\/paca.lpo.fr\/blogs\/nice\/2021\/03\/28\/la-lpo-paca-au-lycee-pierre-marie-curie-menton\/#breadcrumb"},"inLanguage":"fr-FR","potentialAction":[{"@type":"ReadAction","target":["https:\/\/paca.lpo.fr\/blogs\/nice\/2021\/03\/28\/la-lpo-paca-au-lycee-pierre-marie-curie-menton\/"]}]},{"@type":"ImageObject","inLanguage":"fr-FR","@id":"https:\/\/paca.lpo.fr\/blogs\/nice\/2021\/03\/28\/la-lpo-paca-au-lycee-pierre-marie-curie-menton\/#primaryimage","url":"https:\/\/paca.lpo.fr\/blogs\/nice\/files\/2021\/03\/img-20210326-104144.jpg","contentUrl":"https:\/\/paca.lpo.fr\/blogs\/nice\/files\/2021\/03\/img-20210326-104144.jpg","width":894,"height":679},{"@type":"BreadcrumbList","@id":"https:\/\/paca.lpo.fr\/blogs\/nice\/2021\/03\/28\/la-lpo-paca-au-lycee-pierre-marie-curie-menton\/#breadcrumb","itemListElement":[{"@type":"ListItem","position":1,"name":"Accueil","item":"https:\/\/paca.lpo.fr\/blogs\/nice\/"},{"@type":"ListItem","position":2,"name":"La LPO PACA au Lyc\u00e9e Pierre &amp; Marie Curie, Menton"}]},{"@type":"WebSite","@id":"https:\/\/paca.lpo.fr\/blogs\/nice\/#website","url":"https:\/\/paca.lpo.fr\/blogs\/nice\/","name":"Groupe local Nice","description":"Groupe local Nice","publisher":{"@id":"https:\/\/paca.lpo.fr\/blogs\/nice\/#organization"},"potentialAction":[{"@type":"SearchAction","target":{"@type":"EntryPoint","urlTemplate":"https:\/\/paca.lpo.fr\/blogs\/nice\/?s={search_term_string}"},"query-input":{"@type":"PropertyValueSpecification","valueRequired":true,"valueName":"search_term_string"}}],"inLanguage":"fr-FR"},{"@type":"Organization","@id":"https:\/\/paca.lpo.fr\/blogs\/nice\/#organization","name":"Groupe local Nice","url":"https:\/\/paca.lpo.fr\/blogs\/nice\/","logo":{"@type":"ImageObject","inLanguage":"fr-FR","@id":"https:\/\/paca.lpo.fr\/blogs\/nice\/#\/schema\/logo\/image\/","url":"https:\/\/paca.lpo.fr\/blogs\/nice\/files\/2024\/01\/cropped-rvb-lpo-paca-logotype-signature-droite-mini-500.jpg","contentUrl":"https:\/\/paca.lpo.fr\/blogs\/nice\/files\/2024\/01\/cropped-rvb-lpo-paca-logotype-signature-droite-mini-500.jpg","width":500,"height":210,"caption":"Groupe local Nice"},"image":{"@id":"https:\/\/paca.lpo.fr\/blogs\/nice\/#\/schema\/logo\/image\/"}},{"@type":"Person","@id":"https:\/\/paca.lpo.fr\/blogs\/nice\/#\/schema\/person\/1bda33335fb71e0b3552487db26a4c56","name":"Groupe local Paillon-B\u00e9v\u00e9ra","image":{"@type":"ImageObject","inLanguage":"fr-FR","@id":"https:\/\/secure.gravatar.com\/avatar\/b1ee285506e2cb880ec988990d360e255aecb31c77212741dace1023623610c2?s=96&d=mm&r=g","url":"https:\/\/secure.gravatar.com\/avatar\/b1ee285506e2cb880ec988990d360e255aecb31c77212741dace1023623610c2?s=96&d=mm&r=g","contentUrl":"https:\/\/secure.gravatar.com\/avatar\/b1ee285506e2cb880ec988990d360e255aecb31c77212741dace1023623610c2?s=96&d=mm&r=g","caption":"Groupe local Paillon-B\u00e9v\u00e9ra"},"url":"https:\/\/paca.lpo.fr\/blogs\/nice\/author\/alpesmaritimesest\/"}]}},"jetpack_featured_media_url":"https:\/\/paca.lpo.fr\/blogs\/nice\/files\/2021\/03\/img-20210326-104144.jpg","_links":{"self":[{"href":"https:\/\/paca.lpo.fr\/blogs\/nice\/wp-json\/wp\/v2\/posts\/3277","targetHints":{"allow":["GET"]}}],"collection":[{"href":"https:\/\/paca.lpo.fr\/blogs\/nice\/wp-json\/wp\/v2\/posts"}],"about":[{"href":"https:\/\/paca.lpo.fr\/blogs\/nice\/wp-json\/wp\/v2\/types\/post"}],"author":[{"embeddable":true,"href":"https:\/\/paca.lpo.fr\/blogs\/nice\/wp-json\/wp\/v2\/users\/15"}],"replies":[{"embeddable":true,"href":"https:\/\/paca.lpo.fr\/blogs\/nice\/wp-json\/wp\/v2\/comments?post=3277"}],"version-history":[{"count":1,"href":"https:\/\/paca.lpo.fr\/blogs\/nice\/wp-json\/wp\/v2\/posts\/3277\/revisions"}],"predecessor-version":[{"id":3281,"href":"https:\/\/paca.lpo.fr\/blogs\/nice\/wp-json\/wp\/v2\/posts\/3277\/revisions\/3281"}],"wp:featuredmedia":[{"embeddable":true,"href":"https:\/\/paca.lpo.fr\/blogs\/nice\/wp-json\/wp\/v2\/media\/3280"}],"wp:attachment":[{"href":"https:\/\/paca.lpo.fr\/blogs\/nice\/wp-json\/wp\/v2\/media?parent=3277"}],"wp:term":[{"taxonomy":"category","embeddable":true,"href":"https:\/\/paca.lpo.fr\/blogs\/nice\/wp-json\/wp\/v2\/categories?post=3277"},{"taxonomy":"post_tag","embeddable":true,"href":"https:\/\/paca.lpo.fr\/blogs\/nice\/wp-json\/wp\/v2\/tags?post=3277"}],"curies":[{"name":"wp","href":"https:\/\/api.w.org\/{rel}","templated":true}]}}