{"id":3336,"date":"2021-06-05T15:14:28","date_gmt":"2021-06-05T14:14:28","guid":{"rendered":"https:\/\/paca.lpo.fr\/blogs\/nice\/?p=3336"},"modified":"2021-06-05T15:29:43","modified_gmt":"2021-06-05T14:29:43","slug":"linstitution-stanislas-devient-refuge-lpo","status":"publish","type":"post","link":"https:\/\/paca.lpo.fr\/blogs\/nice\/2021\/06\/05\/linstitution-stanislas-devient-refuge-lpo\/","title":{"rendered":"L&rsquo;Institution Stanislas devient Refuge LPO"},"content":{"rendered":"\n<p>A cette occasion nos b\u00e9n\u00e9voles Sarah et Yvonne ont pass\u00e9 la matin\u00e9e avec les \u00e9l\u00e8ves pour observer les oiseaux dans les jolis jardins autour de la belle b\u00e2tisse Belle Epoque, ancienne demeure d\u2019une comtesse polonaise, et animer un diaporama sur les oiseaux de Nice.<\/p>\n<p>Une trentaine d\u2019\u00e9l\u00e8ves de 6<sup>\u00e8me<\/sup> a particip\u00e9 au comptage des oiseaux dans le jardin, martinets, tourterelles, go\u00e9lands, m\u00e9sanges\u2026 et le groupe a d\u00e9couvert un nid de pigeon ramier et un autre de merle noir, dans un m\u00eame arbre du jardin.<\/p>\n\n\n\n<figure class=\"wp-block-image size-large\"><img loading=\"lazy\" decoding=\"async\" width=\"912\" height=\"684\" src=\"https:\/\/paca.lpo.fr\/blogs\/nice\/files\/2021\/06\/img-2946.jpg\" alt=\"\" class=\"wp-image-3337\" srcset=\"https:\/\/paca.lpo.fr\/blogs\/nice\/files\/2021\/06\/img-2946.jpg 912w, https:\/\/paca.lpo.fr\/blogs\/nice\/files\/2021\/06\/img-2946-480x360.jpg 480w, https:\/\/paca.lpo.fr\/blogs\/nice\/files\/2021\/06\/img-2946-768x576.jpg 768w\" sizes=\"auto, (max-width: 912px) 100vw, 912px\" \/><\/figure>\n\n\n\n\n\n<div class=\"wp-block-image\"><figure class=\"aligncenter size-large\"><img loading=\"lazy\" decoding=\"async\" width=\"798\" height=\"800\" src=\"https:\/\/paca.lpo.fr\/blogs\/nice\/files\/2021\/06\/img-2960-798x800.jpg\" alt=\"\" class=\"wp-image-3338\" srcset=\"https:\/\/paca.lpo.fr\/blogs\/nice\/files\/2021\/06\/img-2960-798x800.jpg 798w, https:\/\/paca.lpo.fr\/blogs\/nice\/files\/2021\/06\/img-2960-480x480.jpg 480w, https:\/\/paca.lpo.fr\/blogs\/nice\/files\/2021\/06\/img-2960-150x150.jpg 150w, https:\/\/paca.lpo.fr\/blogs\/nice\/files\/2021\/06\/img-2960-768x770.jpg 768w, https:\/\/paca.lpo.fr\/blogs\/nice\/files\/2021\/06\/img-2960-144x144.jpg 144w, https:\/\/paca.lpo.fr\/blogs\/nice\/files\/2021\/06\/img-2960.jpg 900w\" sizes=\"auto, (max-width: 798px) 100vw, 798px\" \/><figcaption>Retour en classse pour un diaporama sur les oiseaux de Nice.<\/figcaption><\/figure><\/div>\n\n\n\n<figure class=\"wp-block-image size-large\"><img loading=\"lazy\" decoding=\"async\" width=\"656\" height=\"800\" src=\"https:\/\/paca.lpo.fr\/blogs\/nice\/files\/2021\/06\/img-20210603-094410-656x800.jpg\" alt=\"\" class=\"wp-image-3339\" srcset=\"https:\/\/paca.lpo.fr\/blogs\/nice\/files\/2021\/06\/img-20210603-094410-656x800.jpg 656w, https:\/\/paca.lpo.fr\/blogs\/nice\/files\/2021\/06\/img-20210603-094410-394x480.jpg 394w, https:\/\/paca.lpo.fr\/blogs\/nice\/files\/2021\/06\/img-20210603-094410.jpg 739w\" sizes=\"auto, (max-width: 656px) 100vw, 656px\" \/><figcaption>Les \u00e9l\u00e8ves d\u00e9couvrent les oiseaux de Nice et les esp\u00e8ces embl\u00e9matiques, et abordent le probl\u00e8me du d\u00e9clin de la biodiversit\u00e9.<\/figcaption><\/figure>\n\n\n\n<figure class=\"wp-block-image size-large\"><img loading=\"lazy\" decoding=\"async\" width=\"600\" height=\"800\" src=\"https:\/\/paca.lpo.fr\/blogs\/nice\/files\/2021\/06\/img-20210603-101853-600x800.jpg\" alt=\"\" class=\"wp-image-3341\" srcset=\"https:\/\/paca.lpo.fr\/blogs\/nice\/files\/2021\/06\/img-20210603-101853-600x800.jpg 600w, https:\/\/paca.lpo.fr\/blogs\/nice\/files\/2021\/06\/img-20210603-101853-360x480.jpg 360w, https:\/\/paca.lpo.fr\/blogs\/nice\/files\/2021\/06\/img-20210603-101853.jpg 657w\" sizes=\"auto, (max-width: 600px) 100vw, 600px\" \/><figcaption>Un tr\u00e8s bel arbre aux oiseaux tr\u00f4ne \u00e0 l&rsquo;entr\u00e9e de l&rsquo;\u00e9tablissement. Bravo aux \u00e9l\u00e8ves.<\/figcaption><\/figure>\n\n\n\n<p class=\"wp-block-paragraph\">Un grand merci aux \u00e9l\u00e8ves pour le tr\u00e8s beau livre de po\u00e8mes illustr\u00e9s sur le th\u00e8me des oiseaux offert aux b\u00e9n\u00e9voles.<\/p>\n\n\n","protected":false},"excerpt":{"rendered":"<p>Un grand merci aux \u00e9l\u00e8ves pour le tr\u00e8s beau livre de po\u00e8mes illustr\u00e9s sur le th\u00e8me des oiseaux offert aux b\u00e9n\u00e9voles.<\/p>\n","protected":false},"author":15,"featured_media":3340,"comment_status":"open","ping_status":"open","sticky":false,"template":"","format":"standard","meta":{"footnotes":""},"categories":[79,81],"tags":[],"class_list":["post-3336","post","type-post","status-publish","format-standard","has-post-thumbnail","hentry","category-education-a-lenvironnement","category-refuges-lpo"],"yoast_head":"<!-- This site is optimized with the Yoast SEO plugin v28.3 - https:\/\/yoast.com\/product\/yoast-seo-wordpress\/ -->\n<title>L&#039;Institution Stanislas devient Refuge LPO - Groupe local Nice<\/title>\n<meta name=\"robots\" content=\"index, follow, max-snippet:-1, max-image-preview:large, max-video-preview:-1\" \/>\n<link rel=\"canonical\" href=\"https:\/\/paca.lpo.fr\/blogs\/nice\/2021\/06\/05\/linstitution-stanislas-devient-refuge-lpo\/\" \/>\n<meta property=\"og:locale\" content=\"fr_FR\" \/>\n<meta property=\"og:type\" content=\"article\" \/>\n<meta property=\"og:title\" content=\"L&#039;Institution Stanislas devient Refuge LPO - Groupe local Nice\" \/>\n<meta property=\"og:description\" content=\"Un grand merci aux \u00e9l\u00e8ves pour le tr\u00e8s beau livre de po\u00e8mes illustr\u00e9s sur le th\u00e8me des oiseaux offert aux b\u00e9n\u00e9voles.\" \/>\n<meta property=\"og:url\" content=\"https:\/\/paca.lpo.fr\/blogs\/nice\/2021\/06\/05\/linstitution-stanislas-devient-refuge-lpo\/\" \/>\n<meta property=\"og:site_name\" content=\"Groupe local Nice\" \/>\n<meta property=\"article:published_time\" content=\"2021-06-05T14:14:28+00:00\" \/>\n<meta property=\"article:modified_time\" content=\"2021-06-05T14:29:43+00:00\" \/>\n<meta property=\"og:image\" content=\"https:\/\/paca.lpo.fr\/blogs\/nice\/files\/2021\/06\/img-20210603-093514.jpg\" \/>\n\t<meta property=\"og:image:width\" content=\"909\" \/>\n\t<meta property=\"og:image:height\" content=\"586\" \/>\n\t<meta property=\"og:image:type\" content=\"image\/jpeg\" \/>\n<meta name=\"author\" content=\"Groupe local Paillon-B\u00e9v\u00e9ra\" \/>\n<meta name=\"twitter:card\" content=\"summary_large_image\" \/>\n<meta name=\"twitter:label1\" content=\"\u00c9crit par\" \/>\n\t<meta name=\"twitter:data1\" content=\"Groupe local Paillon-B\u00e9v\u00e9ra\" \/>\n\t<meta name=\"twitter:label2\" content=\"Dur\u00e9e de lecture estim\u00e9e\" \/>\n\t<meta name=\"twitter:data2\" content=\"1 minute\" \/>\n<script type=\"application\/ld+json\" class=\"yoast-schema-graph\">{\"@context\":\"https:\\\/\\\/schema.org\",\"@graph\":[{\"@type\":\"Article\",\"@id\":\"https:\\\/\\\/paca.lpo.fr\\\/blogs\\\/nice\\\/2021\\\/06\\\/05\\\/linstitution-stanislas-devient-refuge-lpo\\\/#article\",\"isPartOf\":{\"@id\":\"https:\\\/\\\/paca.lpo.fr\\\/blogs\\\/nice\\\/2021\\\/06\\\/05\\\/linstitution-stanislas-devient-refuge-lpo\\\/\"},\"author\":{\"name\":\"Groupe local Paillon-B\u00e9v\u00e9ra\",\"@id\":\"https:\\\/\\\/paca.lpo.fr\\\/blogs\\\/nice\\\/#\\\/schema\\\/person\\\/1bda33335fb71e0b3552487db26a4c56\"},\"headline\":\"L&rsquo;Institution Stanislas devient Refuge LPO\",\"datePublished\":\"2021-06-05T14:14:28+00:00\",\"dateModified\":\"2021-06-05T14:29:43+00:00\",\"mainEntityOfPage\":{\"@id\":\"https:\\\/\\\/paca.lpo.fr\\\/blogs\\\/nice\\\/2021\\\/06\\\/05\\\/linstitution-stanislas-devient-refuge-lpo\\\/\"},\"wordCount\":186,\"commentCount\":0,\"publisher\":{\"@id\":\"https:\\\/\\\/paca.lpo.fr\\\/blogs\\\/nice\\\/#organization\"},\"image\":{\"@id\":\"https:\\\/\\\/paca.lpo.fr\\\/blogs\\\/nice\\\/2021\\\/06\\\/05\\\/linstitution-stanislas-devient-refuge-lpo\\\/#primaryimage\"},\"thumbnailUrl\":\"https:\\\/\\\/paca.lpo.fr\\\/blogs\\\/nice\\\/files\\\/2021\\\/06\\\/img-20210603-093514.jpg\",\"articleSection\":[\"Education \u00e0 l'environnement\",\"Refuges LPO\"],\"inLanguage\":\"fr-FR\",\"potentialAction\":[{\"@type\":\"CommentAction\",\"name\":\"Comment\",\"target\":[\"https:\\\/\\\/paca.lpo.fr\\\/blogs\\\/nice\\\/2021\\\/06\\\/05\\\/linstitution-stanislas-devient-refuge-lpo\\\/#respond\"]}]},{\"@type\":\"WebPage\",\"@id\":\"https:\\\/\\\/paca.lpo.fr\\\/blogs\\\/nice\\\/2021\\\/06\\\/05\\\/linstitution-stanislas-devient-refuge-lpo\\\/\",\"url\":\"https:\\\/\\\/paca.lpo.fr\\\/blogs\\\/nice\\\/2021\\\/06\\\/05\\\/linstitution-stanislas-devient-refuge-lpo\\\/\",\"name\":\"L'Institution Stanislas devient Refuge LPO - Groupe local Nice\",\"isPartOf\":{\"@id\":\"https:\\\/\\\/paca.lpo.fr\\\/blogs\\\/nice\\\/#website\"},\"primaryImageOfPage\":{\"@id\":\"https:\\\/\\\/paca.lpo.fr\\\/blogs\\\/nice\\\/2021\\\/06\\\/05\\\/linstitution-stanislas-devient-refuge-lpo\\\/#primaryimage\"},\"image\":{\"@id\":\"https:\\\/\\\/paca.lpo.fr\\\/blogs\\\/nice\\\/2021\\\/06\\\/05\\\/linstitution-stanislas-devient-refuge-lpo\\\/#primaryimage\"},\"thumbnailUrl\":\"https:\\\/\\\/paca.lpo.fr\\\/blogs\\\/nice\\\/files\\\/2021\\\/06\\\/img-20210603-093514.jpg\",\"datePublished\":\"2021-06-05T14:14:28+00:00\",\"dateModified\":\"2021-06-05T14:29:43+00:00\",\"breadcrumb\":{\"@id\":\"https:\\\/\\\/paca.lpo.fr\\\/blogs\\\/nice\\\/2021\\\/06\\\/05\\\/linstitution-stanislas-devient-refuge-lpo\\\/#breadcrumb\"},\"inLanguage\":\"fr-FR\",\"potentialAction\":[{\"@type\":\"ReadAction\",\"target\":[\"https:\\\/\\\/paca.lpo.fr\\\/blogs\\\/nice\\\/2021\\\/06\\\/05\\\/linstitution-stanislas-devient-refuge-lpo\\\/\"]}]},{\"@type\":\"ImageObject\",\"inLanguage\":\"fr-FR\",\"@id\":\"https:\\\/\\\/paca.lpo.fr\\\/blogs\\\/nice\\\/2021\\\/06\\\/05\\\/linstitution-stanislas-devient-refuge-lpo\\\/#primaryimage\",\"url\":\"https:\\\/\\\/paca.lpo.fr\\\/blogs\\\/nice\\\/files\\\/2021\\\/06\\\/img-20210603-093514.jpg\",\"contentUrl\":\"https:\\\/\\\/paca.lpo.fr\\\/blogs\\\/nice\\\/files\\\/2021\\\/06\\\/img-20210603-093514.jpg\",\"width\":909,\"height\":586},{\"@type\":\"BreadcrumbList\",\"@id\":\"https:\\\/\\\/paca.lpo.fr\\\/blogs\\\/nice\\\/2021\\\/06\\\/05\\\/linstitution-stanislas-devient-refuge-lpo\\\/#breadcrumb\",\"itemListElement\":[{\"@type\":\"ListItem\",\"position\":1,\"name\":\"Accueil\",\"item\":\"https:\\\/\\\/paca.lpo.fr\\\/blogs\\\/nice\\\/\"},{\"@type\":\"ListItem\",\"position\":2,\"name\":\"L&rsquo;Institution Stanislas devient Refuge LPO\"}]},{\"@type\":\"WebSite\",\"@id\":\"https:\\\/\\\/paca.lpo.fr\\\/blogs\\\/nice\\\/#website\",\"url\":\"https:\\\/\\\/paca.lpo.fr\\\/blogs\\\/nice\\\/\",\"name\":\"Groupe local Nice\",\"description\":\"Groupe local Nice\",\"publisher\":{\"@id\":\"https:\\\/\\\/paca.lpo.fr\\\/blogs\\\/nice\\\/#organization\"},\"potentialAction\":[{\"@type\":\"SearchAction\",\"target\":{\"@type\":\"EntryPoint\",\"urlTemplate\":\"https:\\\/\\\/paca.lpo.fr\\\/blogs\\\/nice\\\/?s={search_term_string}\"},\"query-input\":{\"@type\":\"PropertyValueSpecification\",\"valueRequired\":true,\"valueName\":\"search_term_string\"}}],\"inLanguage\":\"fr-FR\"},{\"@type\":\"Organization\",\"@id\":\"https:\\\/\\\/paca.lpo.fr\\\/blogs\\\/nice\\\/#organization\",\"name\":\"Groupe local Nice\",\"url\":\"https:\\\/\\\/paca.lpo.fr\\\/blogs\\\/nice\\\/\",\"logo\":{\"@type\":\"ImageObject\",\"inLanguage\":\"fr-FR\",\"@id\":\"https:\\\/\\\/paca.lpo.fr\\\/blogs\\\/nice\\\/#\\\/schema\\\/logo\\\/image\\\/\",\"url\":\"https:\\\/\\\/paca.lpo.fr\\\/blogs\\\/nice\\\/files\\\/2024\\\/01\\\/cropped-rvb-lpo-paca-logotype-signature-droite-mini-500.jpg\",\"contentUrl\":\"https:\\\/\\\/paca.lpo.fr\\\/blogs\\\/nice\\\/files\\\/2024\\\/01\\\/cropped-rvb-lpo-paca-logotype-signature-droite-mini-500.jpg\",\"width\":500,\"height\":210,\"caption\":\"Groupe local Nice\"},\"image\":{\"@id\":\"https:\\\/\\\/paca.lpo.fr\\\/blogs\\\/nice\\\/#\\\/schema\\\/logo\\\/image\\\/\"}},{\"@type\":\"Person\",\"@id\":\"https:\\\/\\\/paca.lpo.fr\\\/blogs\\\/nice\\\/#\\\/schema\\\/person\\\/1bda33335fb71e0b3552487db26a4c56\",\"name\":\"Groupe local Paillon-B\u00e9v\u00e9ra\",\"image\":{\"@type\":\"ImageObject\",\"inLanguage\":\"fr-FR\",\"@id\":\"https:\\\/\\\/secure.gravatar.com\\\/avatar\\\/b1ee285506e2cb880ec988990d360e255aecb31c77212741dace1023623610c2?s=96&d=mm&r=g\",\"url\":\"https:\\\/\\\/secure.gravatar.com\\\/avatar\\\/b1ee285506e2cb880ec988990d360e255aecb31c77212741dace1023623610c2?s=96&d=mm&r=g\",\"contentUrl\":\"https:\\\/\\\/secure.gravatar.com\\\/avatar\\\/b1ee285506e2cb880ec988990d360e255aecb31c77212741dace1023623610c2?s=96&d=mm&r=g\",\"caption\":\"Groupe local Paillon-B\u00e9v\u00e9ra\"},\"url\":\"https:\\\/\\\/paca.lpo.fr\\\/blogs\\\/nice\\\/author\\\/alpesmaritimesest\\\/\"}]}<\/script>\n<!-- \/ Yoast SEO plugin. -->","yoast_head_json":{"title":"L'Institution Stanislas devient Refuge LPO - Groupe local Nice","robots":{"index":"index","follow":"follow","max-snippet":"max-snippet:-1","max-image-preview":"max-image-preview:large","max-video-preview":"max-video-preview:-1"},"canonical":"https:\/\/paca.lpo.fr\/blogs\/nice\/2021\/06\/05\/linstitution-stanislas-devient-refuge-lpo\/","og_locale":"fr_FR","og_type":"article","og_title":"L'Institution Stanislas devient Refuge LPO - Groupe local Nice","og_description":"Un grand merci aux \u00e9l\u00e8ves pour le tr\u00e8s beau livre de po\u00e8mes illustr\u00e9s sur le th\u00e8me des oiseaux offert aux b\u00e9n\u00e9voles.","og_url":"https:\/\/paca.lpo.fr\/blogs\/nice\/2021\/06\/05\/linstitution-stanislas-devient-refuge-lpo\/","og_site_name":"Groupe local Nice","article_published_time":"2021-06-05T14:14:28+00:00","article_modified_time":"2021-06-05T14:29:43+00:00","og_image":[{"width":909,"height":586,"url":"https:\/\/paca.lpo.fr\/blogs\/nice\/files\/2021\/06\/img-20210603-093514.jpg","type":"image\/jpeg"}],"author":"Groupe local Paillon-B\u00e9v\u00e9ra","twitter_card":"summary_large_image","twitter_misc":{"\u00c9crit par":"Groupe local Paillon-B\u00e9v\u00e9ra","Dur\u00e9e de lecture estim\u00e9e":"1 minute"},"schema":{"@context":"https:\/\/schema.org","@graph":[{"@type":"Article","@id":"https:\/\/paca.lpo.fr\/blogs\/nice\/2021\/06\/05\/linstitution-stanislas-devient-refuge-lpo\/#article","isPartOf":{"@id":"https:\/\/paca.lpo.fr\/blogs\/nice\/2021\/06\/05\/linstitution-stanislas-devient-refuge-lpo\/"},"author":{"name":"Groupe local Paillon-B\u00e9v\u00e9ra","@id":"https:\/\/paca.lpo.fr\/blogs\/nice\/#\/schema\/person\/1bda33335fb71e0b3552487db26a4c56"},"headline":"L&rsquo;Institution Stanislas devient Refuge LPO","datePublished":"2021-06-05T14:14:28+00:00","dateModified":"2021-06-05T14:29:43+00:00","mainEntityOfPage":{"@id":"https:\/\/paca.lpo.fr\/blogs\/nice\/2021\/06\/05\/linstitution-stanislas-devient-refuge-lpo\/"},"wordCount":186,"commentCount":0,"publisher":{"@id":"https:\/\/paca.lpo.fr\/blogs\/nice\/#organization"},"image":{"@id":"https:\/\/paca.lpo.fr\/blogs\/nice\/2021\/06\/05\/linstitution-stanislas-devient-refuge-lpo\/#primaryimage"},"thumbnailUrl":"https:\/\/paca.lpo.fr\/blogs\/nice\/files\/2021\/06\/img-20210603-093514.jpg","articleSection":["Education \u00e0 l'environnement","Refuges LPO"],"inLanguage":"fr-FR","potentialAction":[{"@type":"CommentAction","name":"Comment","target":["https:\/\/paca.lpo.fr\/blogs\/nice\/2021\/06\/05\/linstitution-stanislas-devient-refuge-lpo\/#respond"]}]},{"@type":"WebPage","@id":"https:\/\/paca.lpo.fr\/blogs\/nice\/2021\/06\/05\/linstitution-stanislas-devient-refuge-lpo\/","url":"https:\/\/paca.lpo.fr\/blogs\/nice\/2021\/06\/05\/linstitution-stanislas-devient-refuge-lpo\/","name":"L'Institution Stanislas devient Refuge LPO - Groupe local Nice","isPartOf":{"@id":"https:\/\/paca.lpo.fr\/blogs\/nice\/#website"},"primaryImageOfPage":{"@id":"https:\/\/paca.lpo.fr\/blogs\/nice\/2021\/06\/05\/linstitution-stanislas-devient-refuge-lpo\/#primaryimage"},"image":{"@id":"https:\/\/paca.lpo.fr\/blogs\/nice\/2021\/06\/05\/linstitution-stanislas-devient-refuge-lpo\/#primaryimage"},"thumbnailUrl":"https:\/\/paca.lpo.fr\/blogs\/nice\/files\/2021\/06\/img-20210603-093514.jpg","datePublished":"2021-06-05T14:14:28+00:00","dateModified":"2021-06-05T14:29:43+00:00","breadcrumb":{"@id":"https:\/\/paca.lpo.fr\/blogs\/nice\/2021\/06\/05\/linstitution-stanislas-devient-refuge-lpo\/#breadcrumb"},"inLanguage":"fr-FR","potentialAction":[{"@type":"ReadAction","target":["https:\/\/paca.lpo.fr\/blogs\/nice\/2021\/06\/05\/linstitution-stanislas-devient-refuge-lpo\/"]}]},{"@type":"ImageObject","inLanguage":"fr-FR","@id":"https:\/\/paca.lpo.fr\/blogs\/nice\/2021\/06\/05\/linstitution-stanislas-devient-refuge-lpo\/#primaryimage","url":"https:\/\/paca.lpo.fr\/blogs\/nice\/files\/2021\/06\/img-20210603-093514.jpg","contentUrl":"https:\/\/paca.lpo.fr\/blogs\/nice\/files\/2021\/06\/img-20210603-093514.jpg","width":909,"height":586},{"@type":"BreadcrumbList","@id":"https:\/\/paca.lpo.fr\/blogs\/nice\/2021\/06\/05\/linstitution-stanislas-devient-refuge-lpo\/#breadcrumb","itemListElement":[{"@type":"ListItem","position":1,"name":"Accueil","item":"https:\/\/paca.lpo.fr\/blogs\/nice\/"},{"@type":"ListItem","position":2,"name":"L&rsquo;Institution Stanislas devient Refuge LPO"}]},{"@type":"WebSite","@id":"https:\/\/paca.lpo.fr\/blogs\/nice\/#website","url":"https:\/\/paca.lpo.fr\/blogs\/nice\/","name":"Groupe local Nice","description":"Groupe local Nice","publisher":{"@id":"https:\/\/paca.lpo.fr\/blogs\/nice\/#organization"},"potentialAction":[{"@type":"SearchAction","target":{"@type":"EntryPoint","urlTemplate":"https:\/\/paca.lpo.fr\/blogs\/nice\/?s={search_term_string}"},"query-input":{"@type":"PropertyValueSpecification","valueRequired":true,"valueName":"search_term_string"}}],"inLanguage":"fr-FR"},{"@type":"Organization","@id":"https:\/\/paca.lpo.fr\/blogs\/nice\/#organization","name":"Groupe local Nice","url":"https:\/\/paca.lpo.fr\/blogs\/nice\/","logo":{"@type":"ImageObject","inLanguage":"fr-FR","@id":"https:\/\/paca.lpo.fr\/blogs\/nice\/#\/schema\/logo\/image\/","url":"https:\/\/paca.lpo.fr\/blogs\/nice\/files\/2024\/01\/cropped-rvb-lpo-paca-logotype-signature-droite-mini-500.jpg","contentUrl":"https:\/\/paca.lpo.fr\/blogs\/nice\/files\/2024\/01\/cropped-rvb-lpo-paca-logotype-signature-droite-mini-500.jpg","width":500,"height":210,"caption":"Groupe local Nice"},"image":{"@id":"https:\/\/paca.lpo.fr\/blogs\/nice\/#\/schema\/logo\/image\/"}},{"@type":"Person","@id":"https:\/\/paca.lpo.fr\/blogs\/nice\/#\/schema\/person\/1bda33335fb71e0b3552487db26a4c56","name":"Groupe local Paillon-B\u00e9v\u00e9ra","image":{"@type":"ImageObject","inLanguage":"fr-FR","@id":"https:\/\/secure.gravatar.com\/avatar\/b1ee285506e2cb880ec988990d360e255aecb31c77212741dace1023623610c2?s=96&d=mm&r=g","url":"https:\/\/secure.gravatar.com\/avatar\/b1ee285506e2cb880ec988990d360e255aecb31c77212741dace1023623610c2?s=96&d=mm&r=g","contentUrl":"https:\/\/secure.gravatar.com\/avatar\/b1ee285506e2cb880ec988990d360e255aecb31c77212741dace1023623610c2?s=96&d=mm&r=g","caption":"Groupe local Paillon-B\u00e9v\u00e9ra"},"url":"https:\/\/paca.lpo.fr\/blogs\/nice\/author\/alpesmaritimesest\/"}]}},"jetpack_featured_media_url":"https:\/\/paca.lpo.fr\/blogs\/nice\/files\/2021\/06\/img-20210603-093514.jpg","_links":{"self":[{"href":"https:\/\/paca.lpo.fr\/blogs\/nice\/wp-json\/wp\/v2\/posts\/3336","targetHints":{"allow":["GET"]}}],"collection":[{"href":"https:\/\/paca.lpo.fr\/blogs\/nice\/wp-json\/wp\/v2\/posts"}],"about":[{"href":"https:\/\/paca.lpo.fr\/blogs\/nice\/wp-json\/wp\/v2\/types\/post"}],"author":[{"embeddable":true,"href":"https:\/\/paca.lpo.fr\/blogs\/nice\/wp-json\/wp\/v2\/users\/15"}],"replies":[{"embeddable":true,"href":"https:\/\/paca.lpo.fr\/blogs\/nice\/wp-json\/wp\/v2\/comments?post=3336"}],"version-history":[{"count":2,"href":"https:\/\/paca.lpo.fr\/blogs\/nice\/wp-json\/wp\/v2\/posts\/3336\/revisions"}],"predecessor-version":[{"id":3352,"href":"https:\/\/paca.lpo.fr\/blogs\/nice\/wp-json\/wp\/v2\/posts\/3336\/revisions\/3352"}],"wp:featuredmedia":[{"embeddable":true,"href":"https:\/\/paca.lpo.fr\/blogs\/nice\/wp-json\/wp\/v2\/media\/3340"}],"wp:attachment":[{"href":"https:\/\/paca.lpo.fr\/blogs\/nice\/wp-json\/wp\/v2\/media?parent=3336"}],"wp:term":[{"taxonomy":"category","embeddable":true,"href":"https:\/\/paca.lpo.fr\/blogs\/nice\/wp-json\/wp\/v2\/categories?post=3336"},{"taxonomy":"post_tag","embeddable":true,"href":"https:\/\/paca.lpo.fr\/blogs\/nice\/wp-json\/wp\/v2\/tags?post=3336"}],"curies":[{"name":"wp","href":"https:\/\/api.w.org\/{rel}","templated":true}]}}