{"id":3453,"date":"2024-02-09T12:32:19","date_gmt":"2024-02-09T11:32:19","guid":{"rendered":"https:\/\/paca.lpo.fr\/blogs\/nice\/?p=3453"},"modified":"2024-02-09T13:32:43","modified_gmt":"2024-02-09T12:32:43","slug":"comptage-des-oiseaux-de-jardins","status":"publish","type":"post","link":"https:\/\/paca.lpo.fr\/blogs\/nice\/2024\/02\/09\/comptage-des-oiseaux-de-jardins\/","title":{"rendered":"Comptage des oiseaux de jardins"},"content":{"rendered":"\n<p class=\"wp-block-paragraph\">Dans le cadre de l&rsquo;op\u00e9ration nationale de comptage des oiseaux des jardins, notre groupe local s&rsquo;est rendu dans un jardin priv\u00e9 d&rsquo;une copropri\u00e9t\u00e9, dans le quartier du Piol \u00e0 Nice, le samedi 27 janvier dernier.<\/p>\n\n\n\n<p class=\"wp-block-paragraph\">Le conseil syndical des copropri\u00e9taires a \u00e9t\u00e9 invit\u00e9 \u00e0 participer \u00e0 cette action. Ils ont \u00e9t\u00e9 tr\u00e8s enthousiastes et souhaitent qu&rsquo;on prochain comptage, l&rsquo;ensemble des copropri\u00e9taires soient associ\u00e9s \u00e0 une sensibilisation sur la protection de la diversit\u00e9.<\/p>\n\n\n\n<figure class=\"wp-block-gallery has-nested-images columns-default is-cropped wp-block-gallery-1 is-layout-flex wp-block-gallery-is-layout-flex\">\n<figure class=\"wp-block-image size-large\"><img loading=\"lazy\" decoding=\"async\" width=\"1024\" height=\"768\" data-id=\"3454\" src=\"https:\/\/paca.lpo.fr\/blogs\/nice\/files\/2024\/02\/20240127-110302.jpg\" alt=\"\" class=\"wp-image-3454\" srcset=\"https:\/\/paca.lpo.fr\/blogs\/nice\/files\/2024\/02\/20240127-110302.jpg 1024w, https:\/\/paca.lpo.fr\/blogs\/nice\/files\/2024\/02\/20240127-110302-768x576.jpg 768w\" sizes=\"auto, (max-width: 1024px) 100vw, 1024px\" \/><\/figure>\n<\/figure>\n","protected":false},"excerpt":{"rendered":"<p>Comptage des oiseaux des jardins <\/p>\n","protected":false},"author":163,"featured_media":3463,"comment_status":"open","ping_status":"open","sticky":false,"template":"","format":"standard","meta":{"footnotes":""},"categories":[1],"tags":[],"class_list":["post-3453","post","type-post","status-publish","format-standard","has-post-thumbnail","hentry","category-sorties-nature"],"yoast_head":"<!-- This site is optimized with the Yoast SEO plugin v28.3 - https:\/\/yoast.com\/product\/yoast-seo-wordpress\/ -->\n<title>Comptage des oiseaux de jardins - Groupe local Nice<\/title>\n<meta name=\"robots\" content=\"index, follow, max-snippet:-1, max-image-preview:large, max-video-preview:-1\" \/>\n<link rel=\"canonical\" href=\"https:\/\/paca.lpo.fr\/blogs\/nice\/2024\/02\/09\/comptage-des-oiseaux-de-jardins\/\" \/>\n<meta property=\"og:locale\" content=\"fr_FR\" \/>\n<meta property=\"og:type\" content=\"article\" \/>\n<meta property=\"og:title\" content=\"Comptage des oiseaux de jardins - Groupe local Nice\" \/>\n<meta property=\"og:description\" content=\"Comptage des oiseaux des jardins\" \/>\n<meta property=\"og:url\" content=\"https:\/\/paca.lpo.fr\/blogs\/nice\/2024\/02\/09\/comptage-des-oiseaux-de-jardins\/\" \/>\n<meta property=\"og:site_name\" content=\"Groupe local Nice\" \/>\n<meta property=\"article:published_time\" content=\"2024-02-09T11:32:19+00:00\" \/>\n<meta property=\"article:modified_time\" content=\"2024-02-09T12:32:43+00:00\" \/>\n<meta property=\"og:image\" content=\"https:\/\/paca.lpo.fr\/blogs\/nice\/files\/2024\/02\/20240127-110302-1.jpg\" \/>\n\t<meta property=\"og:image:width\" content=\"1024\" \/>\n\t<meta property=\"og:image:height\" content=\"768\" \/>\n\t<meta property=\"og:image:type\" content=\"image\/jpeg\" \/>\n<meta name=\"author\" content=\"nice\" \/>\n<meta name=\"twitter:card\" content=\"summary_large_image\" \/>\n<meta name=\"twitter:label1\" content=\"\u00c9crit par\" \/>\n\t<meta name=\"twitter:data1\" content=\"nice\" \/>\n<script type=\"application\/ld+json\" class=\"yoast-schema-graph\">{\"@context\":\"https:\\\/\\\/schema.org\",\"@graph\":[{\"@type\":\"Article\",\"@id\":\"https:\\\/\\\/paca.lpo.fr\\\/blogs\\\/nice\\\/2024\\\/02\\\/09\\\/comptage-des-oiseaux-de-jardins\\\/#article\",\"isPartOf\":{\"@id\":\"https:\\\/\\\/paca.lpo.fr\\\/blogs\\\/nice\\\/2024\\\/02\\\/09\\\/comptage-des-oiseaux-de-jardins\\\/\"},\"author\":{\"name\":\"nice\",\"@id\":\"https:\\\/\\\/paca.lpo.fr\\\/blogs\\\/nice\\\/#\\\/schema\\\/person\\\/5b4b5747f73df769c4877a517d33b8c9\"},\"headline\":\"Comptage des oiseaux de jardins\",\"datePublished\":\"2024-02-09T11:32:19+00:00\",\"dateModified\":\"2024-02-09T12:32:43+00:00\",\"mainEntityOfPage\":{\"@id\":\"https:\\\/\\\/paca.lpo.fr\\\/blogs\\\/nice\\\/2024\\\/02\\\/09\\\/comptage-des-oiseaux-de-jardins\\\/\"},\"wordCount\":83,\"commentCount\":0,\"publisher\":{\"@id\":\"https:\\\/\\\/paca.lpo.fr\\\/blogs\\\/nice\\\/#organization\"},\"image\":{\"@id\":\"https:\\\/\\\/paca.lpo.fr\\\/blogs\\\/nice\\\/2024\\\/02\\\/09\\\/comptage-des-oiseaux-de-jardins\\\/#primaryimage\"},\"thumbnailUrl\":\"https:\\\/\\\/paca.lpo.fr\\\/blogs\\\/nice\\\/files\\\/2024\\\/02\\\/20240127-110302-1.jpg\",\"articleSection\":[\"grands \u00e9v\u00e8nements\"],\"inLanguage\":\"fr-FR\",\"potentialAction\":[{\"@type\":\"CommentAction\",\"name\":\"Comment\",\"target\":[\"https:\\\/\\\/paca.lpo.fr\\\/blogs\\\/nice\\\/2024\\\/02\\\/09\\\/comptage-des-oiseaux-de-jardins\\\/#respond\"]}]},{\"@type\":\"WebPage\",\"@id\":\"https:\\\/\\\/paca.lpo.fr\\\/blogs\\\/nice\\\/2024\\\/02\\\/09\\\/comptage-des-oiseaux-de-jardins\\\/\",\"url\":\"https:\\\/\\\/paca.lpo.fr\\\/blogs\\\/nice\\\/2024\\\/02\\\/09\\\/comptage-des-oiseaux-de-jardins\\\/\",\"name\":\"Comptage des oiseaux de jardins - Groupe local Nice\",\"isPartOf\":{\"@id\":\"https:\\\/\\\/paca.lpo.fr\\\/blogs\\\/nice\\\/#website\"},\"primaryImageOfPage\":{\"@id\":\"https:\\\/\\\/paca.lpo.fr\\\/blogs\\\/nice\\\/2024\\\/02\\\/09\\\/comptage-des-oiseaux-de-jardins\\\/#primaryimage\"},\"image\":{\"@id\":\"https:\\\/\\\/paca.lpo.fr\\\/blogs\\\/nice\\\/2024\\\/02\\\/09\\\/comptage-des-oiseaux-de-jardins\\\/#primaryimage\"},\"thumbnailUrl\":\"https:\\\/\\\/paca.lpo.fr\\\/blogs\\\/nice\\\/files\\\/2024\\\/02\\\/20240127-110302-1.jpg\",\"datePublished\":\"2024-02-09T11:32:19+00:00\",\"dateModified\":\"2024-02-09T12:32:43+00:00\",\"breadcrumb\":{\"@id\":\"https:\\\/\\\/paca.lpo.fr\\\/blogs\\\/nice\\\/2024\\\/02\\\/09\\\/comptage-des-oiseaux-de-jardins\\\/#breadcrumb\"},\"inLanguage\":\"fr-FR\",\"potentialAction\":[{\"@type\":\"ReadAction\",\"target\":[\"https:\\\/\\\/paca.lpo.fr\\\/blogs\\\/nice\\\/2024\\\/02\\\/09\\\/comptage-des-oiseaux-de-jardins\\\/\"]}]},{\"@type\":\"ImageObject\",\"inLanguage\":\"fr-FR\",\"@id\":\"https:\\\/\\\/paca.lpo.fr\\\/blogs\\\/nice\\\/2024\\\/02\\\/09\\\/comptage-des-oiseaux-de-jardins\\\/#primaryimage\",\"url\":\"https:\\\/\\\/paca.lpo.fr\\\/blogs\\\/nice\\\/files\\\/2024\\\/02\\\/20240127-110302-1.jpg\",\"contentUrl\":\"https:\\\/\\\/paca.lpo.fr\\\/blogs\\\/nice\\\/files\\\/2024\\\/02\\\/20240127-110302-1.jpg\",\"width\":1024,\"height\":768},{\"@type\":\"BreadcrumbList\",\"@id\":\"https:\\\/\\\/paca.lpo.fr\\\/blogs\\\/nice\\\/2024\\\/02\\\/09\\\/comptage-des-oiseaux-de-jardins\\\/#breadcrumb\",\"itemListElement\":[{\"@type\":\"ListItem\",\"position\":1,\"name\":\"Accueil\",\"item\":\"https:\\\/\\\/paca.lpo.fr\\\/blogs\\\/nice\\\/\"},{\"@type\":\"ListItem\",\"position\":2,\"name\":\"Comptage des oiseaux de jardins\"}]},{\"@type\":\"WebSite\",\"@id\":\"https:\\\/\\\/paca.lpo.fr\\\/blogs\\\/nice\\\/#website\",\"url\":\"https:\\\/\\\/paca.lpo.fr\\\/blogs\\\/nice\\\/\",\"name\":\"Groupe local Nice\",\"description\":\"Groupe local Nice\",\"publisher\":{\"@id\":\"https:\\\/\\\/paca.lpo.fr\\\/blogs\\\/nice\\\/#organization\"},\"potentialAction\":[{\"@type\":\"SearchAction\",\"target\":{\"@type\":\"EntryPoint\",\"urlTemplate\":\"https:\\\/\\\/paca.lpo.fr\\\/blogs\\\/nice\\\/?s={search_term_string}\"},\"query-input\":{\"@type\":\"PropertyValueSpecification\",\"valueRequired\":true,\"valueName\":\"search_term_string\"}}],\"inLanguage\":\"fr-FR\"},{\"@type\":\"Organization\",\"@id\":\"https:\\\/\\\/paca.lpo.fr\\\/blogs\\\/nice\\\/#organization\",\"name\":\"Groupe local Nice\",\"url\":\"https:\\\/\\\/paca.lpo.fr\\\/blogs\\\/nice\\\/\",\"logo\":{\"@type\":\"ImageObject\",\"inLanguage\":\"fr-FR\",\"@id\":\"https:\\\/\\\/paca.lpo.fr\\\/blogs\\\/nice\\\/#\\\/schema\\\/logo\\\/image\\\/\",\"url\":\"https:\\\/\\\/paca.lpo.fr\\\/blogs\\\/nice\\\/files\\\/2024\\\/01\\\/cropped-rvb-lpo-paca-logotype-signature-droite-mini-500.jpg\",\"contentUrl\":\"https:\\\/\\\/paca.lpo.fr\\\/blogs\\\/nice\\\/files\\\/2024\\\/01\\\/cropped-rvb-lpo-paca-logotype-signature-droite-mini-500.jpg\",\"width\":500,\"height\":210,\"caption\":\"Groupe local Nice\"},\"image\":{\"@id\":\"https:\\\/\\\/paca.lpo.fr\\\/blogs\\\/nice\\\/#\\\/schema\\\/logo\\\/image\\\/\"}},{\"@type\":\"Person\",\"@id\":\"https:\\\/\\\/paca.lpo.fr\\\/blogs\\\/nice\\\/#\\\/schema\\\/person\\\/5b4b5747f73df769c4877a517d33b8c9\",\"name\":\"nice\",\"image\":{\"@type\":\"ImageObject\",\"inLanguage\":\"fr-FR\",\"@id\":\"https:\\\/\\\/secure.gravatar.com\\\/avatar\\\/ff46d3d1343c0038bda275a11bfdbb58aefa8da35aace5e21a97c7737582e8bd?s=96&d=mm&r=g\",\"url\":\"https:\\\/\\\/secure.gravatar.com\\\/avatar\\\/ff46d3d1343c0038bda275a11bfdbb58aefa8da35aace5e21a97c7737582e8bd?s=96&d=mm&r=g\",\"contentUrl\":\"https:\\\/\\\/secure.gravatar.com\\\/avatar\\\/ff46d3d1343c0038bda275a11bfdbb58aefa8da35aace5e21a97c7737582e8bd?s=96&d=mm&r=g\",\"caption\":\"nice\"},\"url\":\"https:\\\/\\\/paca.lpo.fr\\\/blogs\\\/nice\\\/author\\\/nice\\\/\"}]}<\/script>\n<!-- \/ Yoast SEO plugin. -->","yoast_head_json":{"title":"Comptage des oiseaux de jardins - Groupe local Nice","robots":{"index":"index","follow":"follow","max-snippet":"max-snippet:-1","max-image-preview":"max-image-preview:large","max-video-preview":"max-video-preview:-1"},"canonical":"https:\/\/paca.lpo.fr\/blogs\/nice\/2024\/02\/09\/comptage-des-oiseaux-de-jardins\/","og_locale":"fr_FR","og_type":"article","og_title":"Comptage des oiseaux de jardins - Groupe local Nice","og_description":"Comptage des oiseaux des jardins","og_url":"https:\/\/paca.lpo.fr\/blogs\/nice\/2024\/02\/09\/comptage-des-oiseaux-de-jardins\/","og_site_name":"Groupe local Nice","article_published_time":"2024-02-09T11:32:19+00:00","article_modified_time":"2024-02-09T12:32:43+00:00","og_image":[{"width":1024,"height":768,"url":"https:\/\/paca.lpo.fr\/blogs\/nice\/files\/2024\/02\/20240127-110302-1.jpg","type":"image\/jpeg"}],"author":"nice","twitter_card":"summary_large_image","twitter_misc":{"\u00c9crit par":"nice"},"schema":{"@context":"https:\/\/schema.org","@graph":[{"@type":"Article","@id":"https:\/\/paca.lpo.fr\/blogs\/nice\/2024\/02\/09\/comptage-des-oiseaux-de-jardins\/#article","isPartOf":{"@id":"https:\/\/paca.lpo.fr\/blogs\/nice\/2024\/02\/09\/comptage-des-oiseaux-de-jardins\/"},"author":{"name":"nice","@id":"https:\/\/paca.lpo.fr\/blogs\/nice\/#\/schema\/person\/5b4b5747f73df769c4877a517d33b8c9"},"headline":"Comptage des oiseaux de jardins","datePublished":"2024-02-09T11:32:19+00:00","dateModified":"2024-02-09T12:32:43+00:00","mainEntityOfPage":{"@id":"https:\/\/paca.lpo.fr\/blogs\/nice\/2024\/02\/09\/comptage-des-oiseaux-de-jardins\/"},"wordCount":83,"commentCount":0,"publisher":{"@id":"https:\/\/paca.lpo.fr\/blogs\/nice\/#organization"},"image":{"@id":"https:\/\/paca.lpo.fr\/blogs\/nice\/2024\/02\/09\/comptage-des-oiseaux-de-jardins\/#primaryimage"},"thumbnailUrl":"https:\/\/paca.lpo.fr\/blogs\/nice\/files\/2024\/02\/20240127-110302-1.jpg","articleSection":["grands \u00e9v\u00e8nements"],"inLanguage":"fr-FR","potentialAction":[{"@type":"CommentAction","name":"Comment","target":["https:\/\/paca.lpo.fr\/blogs\/nice\/2024\/02\/09\/comptage-des-oiseaux-de-jardins\/#respond"]}]},{"@type":"WebPage","@id":"https:\/\/paca.lpo.fr\/blogs\/nice\/2024\/02\/09\/comptage-des-oiseaux-de-jardins\/","url":"https:\/\/paca.lpo.fr\/blogs\/nice\/2024\/02\/09\/comptage-des-oiseaux-de-jardins\/","name":"Comptage des oiseaux de jardins - Groupe local Nice","isPartOf":{"@id":"https:\/\/paca.lpo.fr\/blogs\/nice\/#website"},"primaryImageOfPage":{"@id":"https:\/\/paca.lpo.fr\/blogs\/nice\/2024\/02\/09\/comptage-des-oiseaux-de-jardins\/#primaryimage"},"image":{"@id":"https:\/\/paca.lpo.fr\/blogs\/nice\/2024\/02\/09\/comptage-des-oiseaux-de-jardins\/#primaryimage"},"thumbnailUrl":"https:\/\/paca.lpo.fr\/blogs\/nice\/files\/2024\/02\/20240127-110302-1.jpg","datePublished":"2024-02-09T11:32:19+00:00","dateModified":"2024-02-09T12:32:43+00:00","breadcrumb":{"@id":"https:\/\/paca.lpo.fr\/blogs\/nice\/2024\/02\/09\/comptage-des-oiseaux-de-jardins\/#breadcrumb"},"inLanguage":"fr-FR","potentialAction":[{"@type":"ReadAction","target":["https:\/\/paca.lpo.fr\/blogs\/nice\/2024\/02\/09\/comptage-des-oiseaux-de-jardins\/"]}]},{"@type":"ImageObject","inLanguage":"fr-FR","@id":"https:\/\/paca.lpo.fr\/blogs\/nice\/2024\/02\/09\/comptage-des-oiseaux-de-jardins\/#primaryimage","url":"https:\/\/paca.lpo.fr\/blogs\/nice\/files\/2024\/02\/20240127-110302-1.jpg","contentUrl":"https:\/\/paca.lpo.fr\/blogs\/nice\/files\/2024\/02\/20240127-110302-1.jpg","width":1024,"height":768},{"@type":"BreadcrumbList","@id":"https:\/\/paca.lpo.fr\/blogs\/nice\/2024\/02\/09\/comptage-des-oiseaux-de-jardins\/#breadcrumb","itemListElement":[{"@type":"ListItem","position":1,"name":"Accueil","item":"https:\/\/paca.lpo.fr\/blogs\/nice\/"},{"@type":"ListItem","position":2,"name":"Comptage des oiseaux de jardins"}]},{"@type":"WebSite","@id":"https:\/\/paca.lpo.fr\/blogs\/nice\/#website","url":"https:\/\/paca.lpo.fr\/blogs\/nice\/","name":"Groupe local Nice","description":"Groupe local Nice","publisher":{"@id":"https:\/\/paca.lpo.fr\/blogs\/nice\/#organization"},"potentialAction":[{"@type":"SearchAction","target":{"@type":"EntryPoint","urlTemplate":"https:\/\/paca.lpo.fr\/blogs\/nice\/?s={search_term_string}"},"query-input":{"@type":"PropertyValueSpecification","valueRequired":true,"valueName":"search_term_string"}}],"inLanguage":"fr-FR"},{"@type":"Organization","@id":"https:\/\/paca.lpo.fr\/blogs\/nice\/#organization","name":"Groupe local Nice","url":"https:\/\/paca.lpo.fr\/blogs\/nice\/","logo":{"@type":"ImageObject","inLanguage":"fr-FR","@id":"https:\/\/paca.lpo.fr\/blogs\/nice\/#\/schema\/logo\/image\/","url":"https:\/\/paca.lpo.fr\/blogs\/nice\/files\/2024\/01\/cropped-rvb-lpo-paca-logotype-signature-droite-mini-500.jpg","contentUrl":"https:\/\/paca.lpo.fr\/blogs\/nice\/files\/2024\/01\/cropped-rvb-lpo-paca-logotype-signature-droite-mini-500.jpg","width":500,"height":210,"caption":"Groupe local Nice"},"image":{"@id":"https:\/\/paca.lpo.fr\/blogs\/nice\/#\/schema\/logo\/image\/"}},{"@type":"Person","@id":"https:\/\/paca.lpo.fr\/blogs\/nice\/#\/schema\/person\/5b4b5747f73df769c4877a517d33b8c9","name":"nice","image":{"@type":"ImageObject","inLanguage":"fr-FR","@id":"https:\/\/secure.gravatar.com\/avatar\/ff46d3d1343c0038bda275a11bfdbb58aefa8da35aace5e21a97c7737582e8bd?s=96&d=mm&r=g","url":"https:\/\/secure.gravatar.com\/avatar\/ff46d3d1343c0038bda275a11bfdbb58aefa8da35aace5e21a97c7737582e8bd?s=96&d=mm&r=g","contentUrl":"https:\/\/secure.gravatar.com\/avatar\/ff46d3d1343c0038bda275a11bfdbb58aefa8da35aace5e21a97c7737582e8bd?s=96&d=mm&r=g","caption":"nice"},"url":"https:\/\/paca.lpo.fr\/blogs\/nice\/author\/nice\/"}]}},"jetpack_featured_media_url":"https:\/\/paca.lpo.fr\/blogs\/nice\/files\/2024\/02\/20240127-110302-1.jpg","_links":{"self":[{"href":"https:\/\/paca.lpo.fr\/blogs\/nice\/wp-json\/wp\/v2\/posts\/3453","targetHints":{"allow":["GET"]}}],"collection":[{"href":"https:\/\/paca.lpo.fr\/blogs\/nice\/wp-json\/wp\/v2\/posts"}],"about":[{"href":"https:\/\/paca.lpo.fr\/blogs\/nice\/wp-json\/wp\/v2\/types\/post"}],"author":[{"embeddable":true,"href":"https:\/\/paca.lpo.fr\/blogs\/nice\/wp-json\/wp\/v2\/users\/163"}],"replies":[{"embeddable":true,"href":"https:\/\/paca.lpo.fr\/blogs\/nice\/wp-json\/wp\/v2\/comments?post=3453"}],"version-history":[{"count":2,"href":"https:\/\/paca.lpo.fr\/blogs\/nice\/wp-json\/wp\/v2\/posts\/3453\/revisions"}],"predecessor-version":[{"id":3464,"href":"https:\/\/paca.lpo.fr\/blogs\/nice\/wp-json\/wp\/v2\/posts\/3453\/revisions\/3464"}],"wp:featuredmedia":[{"embeddable":true,"href":"https:\/\/paca.lpo.fr\/blogs\/nice\/wp-json\/wp\/v2\/media\/3463"}],"wp:attachment":[{"href":"https:\/\/paca.lpo.fr\/blogs\/nice\/wp-json\/wp\/v2\/media?parent=3453"}],"wp:term":[{"taxonomy":"category","embeddable":true,"href":"https:\/\/paca.lpo.fr\/blogs\/nice\/wp-json\/wp\/v2\/categories?post=3453"},{"taxonomy":"post_tag","embeddable":true,"href":"https:\/\/paca.lpo.fr\/blogs\/nice\/wp-json\/wp\/v2\/tags?post=3453"}],"curies":[{"name":"wp","href":"https:\/\/api.w.org\/{rel}","templated":true}]}}