{"id":3468,"date":"2024-03-28T15:39:47","date_gmt":"2024-03-28T14:39:47","guid":{"rendered":"https:\/\/paca.lpo.fr\/blogs\/nice\/?p=3468"},"modified":"2024-03-28T15:39:48","modified_gmt":"2024-03-28T14:39:48","slug":"sortie-nature-du-23-03-24-au-parc-de-vaugrenier","status":"publish","type":"post","link":"https:\/\/paca.lpo.fr\/blogs\/nice\/2024\/03\/28\/sortie-nature-du-23-03-24-au-parc-de-vaugrenier\/","title":{"rendered":"Sortie Nature du 23.03.24 au Parc de Vaugrenier"},"content":{"rendered":"\n<figure class=\"wp-block-image size-full\"><img loading=\"lazy\" decoding=\"async\" width=\"1024\" height=\"768\" src=\"https:\/\/paca.lpo.fr\/blogs\/nice\/files\/2024\/03\/gl-lpo-nice.jpg\" alt=\"\" class=\"wp-image-3469\" srcset=\"https:\/\/paca.lpo.fr\/blogs\/nice\/files\/2024\/03\/gl-lpo-nice.jpg 1024w, https:\/\/paca.lpo.fr\/blogs\/nice\/files\/2024\/03\/gl-lpo-nice-768x576.jpg 768w\" sizes=\"auto, (max-width: 1024px) 100vw, 1024px\" \/><\/figure>\n\n\n\n<p class=\"wp-block-paragraph\">Samedi 23 mars 2024, par une magnifique journ\u00e9e ensoleill\u00e9e, l&rsquo;ensemble des b\u00e9n\u00e9voles du Groupe Local de Nice se sont retrouv\u00e9s pour une sortie nature au parc d\u00e9partemental de Vaugrenier \u00e0 Villeneuve Loubet.<\/p>\n\n\n\n<p class=\"wp-block-paragraph\">Le th\u00e8me \u00e9tait la reconnaissance des oiseaux par leurs chants. Notre guide pour cette matin\u00e9e :  <strong>Patrick Richard<\/strong>, du groupe local Paillon-B\u00e9v\u00e9ra, que nous remercions chaleureusement d&rsquo;avoir pris le temps de partager ses connaissances avec nous. <\/p>\n\n\n\n<p class=\"wp-block-paragraph\">Merci \u00e9galement \u00e0 <strong>Mich\u00e8le<\/strong> <strong>Durieux<\/strong> pour les photos d&rsquo;oiseaux.<\/p>\n\n\n\n<p class=\"wp-block-paragraph\">Au cours de cette d\u00e9ambulation, munis de nos jumelles et oreilles grandes ouvertes, nous avons pu voir et entendre de nombreuses esp\u00e8ces d&rsquo;oiseaux, dont voici la liste \u00e9tablie par Patrick Richard : <\/p>\n\n\n\n<p class=\"wp-block-paragraph\" style=\"font-size:14px\">L\u00e9gende :<\/p>\n\n\n\n<p class=\"wp-block-paragraph\" style=\"font-size:14px\">E = entendue<\/p>\n\n\n\n<p class=\"wp-block-paragraph\" style=\"font-size:14px\">V= vue<\/p>\n\n\n\n<p class=\"wp-block-paragraph\" style=\"font-size:14px\">M= migratrice: l&rsquo;esp\u00e8ce fait une halte migratoire \u00e0 Vaugrenier de quelques jours ou plus puis repart rejoindre ses quartiers de nidification plus au Nord.<\/p>\n\n\n\n<p class=\"wp-block-paragraph\" style=\"font-size:14px\">S= s\u00e9dentaire&nbsp;<\/p>\n\n\n\n<p class=\"wp-block-paragraph\" style=\"font-size:14px\">N= esp\u00e8ce nicheuse \u00e0 Vaugrenier&nbsp;<\/p>\n\n\n\n<p class=\"wp-block-paragraph\">Gr\u00e8be castagneux\/Little Grebe: V,S,N<\/p>\n\n\n\n<p class=\"wp-block-paragraph\">Grand Cormoran\/Great Cormorant:V,M<\/p>\n\n\n\n<p class=\"wp-block-paragraph\">H\u00e9ron cendr\u00e9\/Grey Heron:S,N<\/p>\n\n\n\n<p class=\"wp-block-paragraph\">Aigrette garzette\/Little Egret:V,S<\/p>\n\n\n\n<p class=\"wp-block-paragraph\">Canard colvert\/Mallard:V,E,S,N<\/p>\n\n\n\n<p class=\"wp-block-paragraph\">Canard souchet\/Shoveler:V,M<\/p>\n\n\n\n<p class=\"wp-block-paragraph\">Marouette ponctu\u00e9e\/Spotted Crake:V,M; en France, elle niche dans le centre et le Nord.<\/p>\n\n\n\n<p class=\"wp-block-paragraph\">Gallinule poule d&rsquo;eau\/Moorhen:V,E,S,N<\/p>\n\n\n\n<p class=\"wp-block-paragraph\">Foulque macroule\/Coot:V,S,N<\/p>\n\n\n\n<p class=\"wp-block-paragraph\">Chevalier sylvain\/Wood Sandpiper:V,M<\/p>\n\n\n\n<p class=\"wp-block-paragraph\">Pigeon ramier\/Wood Pigeon:V,E,S,N<\/p>\n\n\n\n<p class=\"wp-block-paragraph\">Pic vert\/Green Woodpecker :E,S,N<\/p>\n\n\n\n<p class=\"wp-block-paragraph\">Pic \u00e9peiche\/Great Spotted Woodpecker :E,S,N<\/p>\n\n\n\n<p class=\"wp-block-paragraph\">Hirondelle rustique\/Swallow :V,M<\/p>\n\n\n\n<p class=\"wp-block-paragraph\">Rougegorge familier\/Robin:E,S,N<\/p>\n\n\n\n<p class=\"wp-block-paragraph\">Bouscarle de Cetti\/Cetti&rsquo;s Warbler:V,E,S,N<\/p>\n\n\n\n<p class=\"wp-block-paragraph\">Fauvette \u00e0 t\u00eate noire\/Blackcap:V,E,S,N<\/p>\n\n\n\n<p class=\"wp-block-paragraph\">Pouillot v\u00e9loce\/Chiffchaff :V,E,S,N<\/p>\n\n\n\n<p class=\"wp-block-paragraph\">M\u00e9sange bleue\/Blue Tit:V,E,S,N<\/p>\n\n\n\n<p class=\"wp-block-paragraph\">Sittelle torchepot\/Nuthatch :V,E,S,N<\/p>\n\n\n\n<p class=\"wp-block-paragraph\">Pie bavarde\/Magpie :V,E,S,N<\/p>\n\n\n\n<p class=\"wp-block-paragraph\">Choucas des tours\/Jackdaw:V,E,S,N<\/p>\n\n\n\n<p class=\"wp-block-paragraph\">Corneille noire\/Carrion Crow:V,S,N<\/p>\n\n\n\n<p class=\"wp-block-paragraph\">Pinson des arbres\/Chaffinch:E,S,N<\/p>\n\n\n\n<p class=\"wp-block-paragraph\">Perruche: esp\u00e8ce exotique invasive:V,E,S,N<\/p>\n\n\n\n<figure class=\"wp-block-image size-full\"><img loading=\"lazy\" decoding=\"async\" width=\"1024\" height=\"768\" src=\"https:\/\/paca.lpo.fr\/blogs\/nice\/files\/2024\/03\/vaugrenier-heron-cendre2.jpg\" alt=\"h\u00e9ron cendr\u00e9\" class=\"wp-image-3473\" srcset=\"https:\/\/paca.lpo.fr\/blogs\/nice\/files\/2024\/03\/vaugrenier-heron-cendre2.jpg 1024w, https:\/\/paca.lpo.fr\/blogs\/nice\/files\/2024\/03\/vaugrenier-heron-cendre2-768x576.jpg 768w\" sizes=\"auto, (max-width: 1024px) 100vw, 1024px\" \/><\/figure>\n\n\n\n<figure class=\"wp-block-gallery has-nested-images columns-default is-cropped wp-block-gallery-1 is-layout-flex wp-block-gallery-is-layout-flex\">\n<figure class=\"wp-block-image size-large\"><img loading=\"lazy\" decoding=\"async\" width=\"1024\" height=\"667\" data-id=\"3474\" src=\"https:\/\/paca.lpo.fr\/blogs\/nice\/files\/2024\/03\/vaugrenier-gallinule-pouledeau-1.jpg\" alt=\"\" class=\"wp-image-3474\" srcset=\"https:\/\/paca.lpo.fr\/blogs\/nice\/files\/2024\/03\/vaugrenier-gallinule-pouledeau-1.jpg 1024w, https:\/\/paca.lpo.fr\/blogs\/nice\/files\/2024\/03\/vaugrenier-gallinule-pouledeau-1-768x500.jpg 768w\" sizes=\"auto, (max-width: 1024px) 100vw, 1024px\" \/><\/figure>\n<\/figure>\n\n\n\n<figure class=\"wp-block-image size-full\"><img loading=\"lazy\" decoding=\"async\" width=\"1024\" height=\"768\" src=\"https:\/\/paca.lpo.fr\/blogs\/nice\/files\/2024\/03\/vaugrenier-envol-1.jpg\" alt=\"\" class=\"wp-image-3475\" srcset=\"https:\/\/paca.lpo.fr\/blogs\/nice\/files\/2024\/03\/vaugrenier-envol-1.jpg 1024w, https:\/\/paca.lpo.fr\/blogs\/nice\/files\/2024\/03\/vaugrenier-envol-1-768x576.jpg 768w\" sizes=\"auto, (max-width: 1024px) 100vw, 1024px\" \/><\/figure>\n","protected":false},"excerpt":{"rendered":"<p>Samedi 23 mars 2024, par une magnifique journ\u00e9e ensoleill\u00e9e, l&rsquo;ensemble des b\u00e9n\u00e9voles du Groupe Local de Nice se sont retrouv\u00e9s pour une sortie nature au parc d\u00e9partemental de Vaugrenier \u00e0 Villeneuve Loubet. Le th\u00e8me \u00e9tait la reconnaissance des oiseaux par leurs chants. Notre guide pour cette matin\u00e9e : Patrick Richard, du groupe local Paillon-B\u00e9v\u00e9ra, que [&hellip;]<\/p>\n","protected":false},"author":163,"featured_media":0,"comment_status":"open","ping_status":"open","sticky":false,"template":"","format":"standard","meta":{"footnotes":""},"categories":[80],"tags":[],"class_list":["post-3468","post","type-post","status-publish","format-standard","hentry","category-sorties-nature-2"],"yoast_head":"<!-- This site is optimized with the Yoast SEO plugin v28.3 - https:\/\/yoast.com\/product\/yoast-seo-wordpress\/ -->\n<title>Sortie Nature du 23.03.24 au Parc de Vaugrenier - Groupe local Nice<\/title>\n<meta name=\"robots\" content=\"index, follow, max-snippet:-1, max-image-preview:large, max-video-preview:-1\" \/>\n<link rel=\"canonical\" href=\"https:\/\/paca.lpo.fr\/blogs\/nice\/2024\/03\/28\/sortie-nature-du-23-03-24-au-parc-de-vaugrenier\/\" \/>\n<meta property=\"og:locale\" content=\"fr_FR\" \/>\n<meta property=\"og:type\" content=\"article\" \/>\n<meta property=\"og:title\" content=\"Sortie Nature du 23.03.24 au Parc de Vaugrenier - Groupe local Nice\" \/>\n<meta property=\"og:description\" content=\"Samedi 23 mars 2024, par une magnifique journ\u00e9e ensoleill\u00e9e, l&rsquo;ensemble des b\u00e9n\u00e9voles du Groupe Local de Nice se sont retrouv\u00e9s pour une sortie nature au parc d\u00e9partemental de Vaugrenier \u00e0 Villeneuve Loubet. Le th\u00e8me \u00e9tait la reconnaissance des oiseaux par leurs chants. Notre guide pour cette matin\u00e9e : Patrick Richard, du groupe local Paillon-B\u00e9v\u00e9ra, que [&hellip;]\" \/>\n<meta property=\"og:url\" content=\"https:\/\/paca.lpo.fr\/blogs\/nice\/2024\/03\/28\/sortie-nature-du-23-03-24-au-parc-de-vaugrenier\/\" \/>\n<meta property=\"og:site_name\" content=\"Groupe local Nice\" \/>\n<meta property=\"article:published_time\" content=\"2024-03-28T14:39:47+00:00\" \/>\n<meta property=\"article:modified_time\" content=\"2024-03-28T14:39:48+00:00\" \/>\n<meta property=\"og:image\" content=\"https:\/\/paca.lpo.fr\/blogs\/nice\/files\/2024\/03\/gl-lpo-nice.jpg\" \/>\n<meta name=\"author\" content=\"nice\" \/>\n<meta name=\"twitter:card\" content=\"summary_large_image\" \/>\n<meta name=\"twitter:label1\" content=\"\u00c9crit par\" \/>\n\t<meta name=\"twitter:data1\" content=\"nice\" \/>\n\t<meta name=\"twitter:label2\" content=\"Dur\u00e9e de lecture estim\u00e9e\" \/>\n\t<meta name=\"twitter:data2\" content=\"2 minutes\" \/>\n<script type=\"application\/ld+json\" class=\"yoast-schema-graph\">{\"@context\":\"https:\\\/\\\/schema.org\",\"@graph\":[{\"@type\":\"Article\",\"@id\":\"https:\\\/\\\/paca.lpo.fr\\\/blogs\\\/nice\\\/2024\\\/03\\\/28\\\/sortie-nature-du-23-03-24-au-parc-de-vaugrenier\\\/#article\",\"isPartOf\":{\"@id\":\"https:\\\/\\\/paca.lpo.fr\\\/blogs\\\/nice\\\/2024\\\/03\\\/28\\\/sortie-nature-du-23-03-24-au-parc-de-vaugrenier\\\/\"},\"author\":{\"name\":\"nice\",\"@id\":\"https:\\\/\\\/paca.lpo.fr\\\/blogs\\\/nice\\\/#\\\/schema\\\/person\\\/5b4b5747f73df769c4877a517d33b8c9\"},\"headline\":\"Sortie Nature du 23.03.24 au Parc de Vaugrenier\",\"datePublished\":\"2024-03-28T14:39:47+00:00\",\"dateModified\":\"2024-03-28T14:39:48+00:00\",\"mainEntityOfPage\":{\"@id\":\"https:\\\/\\\/paca.lpo.fr\\\/blogs\\\/nice\\\/2024\\\/03\\\/28\\\/sortie-nature-du-23-03-24-au-parc-de-vaugrenier\\\/\"},\"wordCount\":360,\"commentCount\":0,\"publisher\":{\"@id\":\"https:\\\/\\\/paca.lpo.fr\\\/blogs\\\/nice\\\/#organization\"},\"image\":{\"@id\":\"https:\\\/\\\/paca.lpo.fr\\\/blogs\\\/nice\\\/2024\\\/03\\\/28\\\/sortie-nature-du-23-03-24-au-parc-de-vaugrenier\\\/#primaryimage\"},\"thumbnailUrl\":\"https:\\\/\\\/paca.lpo.fr\\\/blogs\\\/nice\\\/files\\\/2024\\\/03\\\/gl-lpo-nice.jpg\",\"articleSection\":[\"Sorties nature\"],\"inLanguage\":\"fr-FR\",\"potentialAction\":[{\"@type\":\"CommentAction\",\"name\":\"Comment\",\"target\":[\"https:\\\/\\\/paca.lpo.fr\\\/blogs\\\/nice\\\/2024\\\/03\\\/28\\\/sortie-nature-du-23-03-24-au-parc-de-vaugrenier\\\/#respond\"]}]},{\"@type\":\"WebPage\",\"@id\":\"https:\\\/\\\/paca.lpo.fr\\\/blogs\\\/nice\\\/2024\\\/03\\\/28\\\/sortie-nature-du-23-03-24-au-parc-de-vaugrenier\\\/\",\"url\":\"https:\\\/\\\/paca.lpo.fr\\\/blogs\\\/nice\\\/2024\\\/03\\\/28\\\/sortie-nature-du-23-03-24-au-parc-de-vaugrenier\\\/\",\"name\":\"Sortie Nature du 23.03.24 au Parc de Vaugrenier - Groupe local Nice\",\"isPartOf\":{\"@id\":\"https:\\\/\\\/paca.lpo.fr\\\/blogs\\\/nice\\\/#website\"},\"primaryImageOfPage\":{\"@id\":\"https:\\\/\\\/paca.lpo.fr\\\/blogs\\\/nice\\\/2024\\\/03\\\/28\\\/sortie-nature-du-23-03-24-au-parc-de-vaugrenier\\\/#primaryimage\"},\"image\":{\"@id\":\"https:\\\/\\\/paca.lpo.fr\\\/blogs\\\/nice\\\/2024\\\/03\\\/28\\\/sortie-nature-du-23-03-24-au-parc-de-vaugrenier\\\/#primaryimage\"},\"thumbnailUrl\":\"https:\\\/\\\/paca.lpo.fr\\\/blogs\\\/nice\\\/files\\\/2024\\\/03\\\/gl-lpo-nice.jpg\",\"datePublished\":\"2024-03-28T14:39:47+00:00\",\"dateModified\":\"2024-03-28T14:39:48+00:00\",\"breadcrumb\":{\"@id\":\"https:\\\/\\\/paca.lpo.fr\\\/blogs\\\/nice\\\/2024\\\/03\\\/28\\\/sortie-nature-du-23-03-24-au-parc-de-vaugrenier\\\/#breadcrumb\"},\"inLanguage\":\"fr-FR\",\"potentialAction\":[{\"@type\":\"ReadAction\",\"target\":[\"https:\\\/\\\/paca.lpo.fr\\\/blogs\\\/nice\\\/2024\\\/03\\\/28\\\/sortie-nature-du-23-03-24-au-parc-de-vaugrenier\\\/\"]}]},{\"@type\":\"ImageObject\",\"inLanguage\":\"fr-FR\",\"@id\":\"https:\\\/\\\/paca.lpo.fr\\\/blogs\\\/nice\\\/2024\\\/03\\\/28\\\/sortie-nature-du-23-03-24-au-parc-de-vaugrenier\\\/#primaryimage\",\"url\":\"https:\\\/\\\/paca.lpo.fr\\\/blogs\\\/nice\\\/files\\\/2024\\\/03\\\/gl-lpo-nice.jpg\",\"contentUrl\":\"https:\\\/\\\/paca.lpo.fr\\\/blogs\\\/nice\\\/files\\\/2024\\\/03\\\/gl-lpo-nice.jpg\",\"width\":1024,\"height\":768},{\"@type\":\"BreadcrumbList\",\"@id\":\"https:\\\/\\\/paca.lpo.fr\\\/blogs\\\/nice\\\/2024\\\/03\\\/28\\\/sortie-nature-du-23-03-24-au-parc-de-vaugrenier\\\/#breadcrumb\",\"itemListElement\":[{\"@type\":\"ListItem\",\"position\":1,\"name\":\"Accueil\",\"item\":\"https:\\\/\\\/paca.lpo.fr\\\/blogs\\\/nice\\\/\"},{\"@type\":\"ListItem\",\"position\":2,\"name\":\"Sortie Nature du 23.03.24 au Parc de Vaugrenier\"}]},{\"@type\":\"WebSite\",\"@id\":\"https:\\\/\\\/paca.lpo.fr\\\/blogs\\\/nice\\\/#website\",\"url\":\"https:\\\/\\\/paca.lpo.fr\\\/blogs\\\/nice\\\/\",\"name\":\"Groupe local Nice\",\"description\":\"Groupe local Nice\",\"publisher\":{\"@id\":\"https:\\\/\\\/paca.lpo.fr\\\/blogs\\\/nice\\\/#organization\"},\"potentialAction\":[{\"@type\":\"SearchAction\",\"target\":{\"@type\":\"EntryPoint\",\"urlTemplate\":\"https:\\\/\\\/paca.lpo.fr\\\/blogs\\\/nice\\\/?s={search_term_string}\"},\"query-input\":{\"@type\":\"PropertyValueSpecification\",\"valueRequired\":true,\"valueName\":\"search_term_string\"}}],\"inLanguage\":\"fr-FR\"},{\"@type\":\"Organization\",\"@id\":\"https:\\\/\\\/paca.lpo.fr\\\/blogs\\\/nice\\\/#organization\",\"name\":\"Groupe local Nice\",\"url\":\"https:\\\/\\\/paca.lpo.fr\\\/blogs\\\/nice\\\/\",\"logo\":{\"@type\":\"ImageObject\",\"inLanguage\":\"fr-FR\",\"@id\":\"https:\\\/\\\/paca.lpo.fr\\\/blogs\\\/nice\\\/#\\\/schema\\\/logo\\\/image\\\/\",\"url\":\"https:\\\/\\\/paca.lpo.fr\\\/blogs\\\/nice\\\/files\\\/2024\\\/01\\\/cropped-rvb-lpo-paca-logotype-signature-droite-mini-500.jpg\",\"contentUrl\":\"https:\\\/\\\/paca.lpo.fr\\\/blogs\\\/nice\\\/files\\\/2024\\\/01\\\/cropped-rvb-lpo-paca-logotype-signature-droite-mini-500.jpg\",\"width\":500,\"height\":210,\"caption\":\"Groupe local Nice\"},\"image\":{\"@id\":\"https:\\\/\\\/paca.lpo.fr\\\/blogs\\\/nice\\\/#\\\/schema\\\/logo\\\/image\\\/\"}},{\"@type\":\"Person\",\"@id\":\"https:\\\/\\\/paca.lpo.fr\\\/blogs\\\/nice\\\/#\\\/schema\\\/person\\\/5b4b5747f73df769c4877a517d33b8c9\",\"name\":\"nice\",\"image\":{\"@type\":\"ImageObject\",\"inLanguage\":\"fr-FR\",\"@id\":\"https:\\\/\\\/secure.gravatar.com\\\/avatar\\\/ff46d3d1343c0038bda275a11bfdbb58aefa8da35aace5e21a97c7737582e8bd?s=96&d=mm&r=g\",\"url\":\"https:\\\/\\\/secure.gravatar.com\\\/avatar\\\/ff46d3d1343c0038bda275a11bfdbb58aefa8da35aace5e21a97c7737582e8bd?s=96&d=mm&r=g\",\"contentUrl\":\"https:\\\/\\\/secure.gravatar.com\\\/avatar\\\/ff46d3d1343c0038bda275a11bfdbb58aefa8da35aace5e21a97c7737582e8bd?s=96&d=mm&r=g\",\"caption\":\"nice\"},\"url\":\"https:\\\/\\\/paca.lpo.fr\\\/blogs\\\/nice\\\/author\\\/nice\\\/\"}]}<\/script>\n<!-- \/ Yoast SEO plugin. -->","yoast_head_json":{"title":"Sortie Nature du 23.03.24 au Parc de Vaugrenier - Groupe local Nice","robots":{"index":"index","follow":"follow","max-snippet":"max-snippet:-1","max-image-preview":"max-image-preview:large","max-video-preview":"max-video-preview:-1"},"canonical":"https:\/\/paca.lpo.fr\/blogs\/nice\/2024\/03\/28\/sortie-nature-du-23-03-24-au-parc-de-vaugrenier\/","og_locale":"fr_FR","og_type":"article","og_title":"Sortie Nature du 23.03.24 au Parc de Vaugrenier - Groupe local Nice","og_description":"Samedi 23 mars 2024, par une magnifique journ\u00e9e ensoleill\u00e9e, l&rsquo;ensemble des b\u00e9n\u00e9voles du Groupe Local de Nice se sont retrouv\u00e9s pour une sortie nature au parc d\u00e9partemental de Vaugrenier \u00e0 Villeneuve Loubet. Le th\u00e8me \u00e9tait la reconnaissance des oiseaux par leurs chants. Notre guide pour cette matin\u00e9e : Patrick Richard, du groupe local Paillon-B\u00e9v\u00e9ra, que [&hellip;]","og_url":"https:\/\/paca.lpo.fr\/blogs\/nice\/2024\/03\/28\/sortie-nature-du-23-03-24-au-parc-de-vaugrenier\/","og_site_name":"Groupe local Nice","article_published_time":"2024-03-28T14:39:47+00:00","article_modified_time":"2024-03-28T14:39:48+00:00","og_image":[{"url":"https:\/\/paca.lpo.fr\/blogs\/nice\/files\/2024\/03\/gl-lpo-nice.jpg","type":"","width":"","height":""}],"author":"nice","twitter_card":"summary_large_image","twitter_misc":{"\u00c9crit par":"nice","Dur\u00e9e de lecture estim\u00e9e":"2 minutes"},"schema":{"@context":"https:\/\/schema.org","@graph":[{"@type":"Article","@id":"https:\/\/paca.lpo.fr\/blogs\/nice\/2024\/03\/28\/sortie-nature-du-23-03-24-au-parc-de-vaugrenier\/#article","isPartOf":{"@id":"https:\/\/paca.lpo.fr\/blogs\/nice\/2024\/03\/28\/sortie-nature-du-23-03-24-au-parc-de-vaugrenier\/"},"author":{"name":"nice","@id":"https:\/\/paca.lpo.fr\/blogs\/nice\/#\/schema\/person\/5b4b5747f73df769c4877a517d33b8c9"},"headline":"Sortie Nature du 23.03.24 au Parc de Vaugrenier","datePublished":"2024-03-28T14:39:47+00:00","dateModified":"2024-03-28T14:39:48+00:00","mainEntityOfPage":{"@id":"https:\/\/paca.lpo.fr\/blogs\/nice\/2024\/03\/28\/sortie-nature-du-23-03-24-au-parc-de-vaugrenier\/"},"wordCount":360,"commentCount":0,"publisher":{"@id":"https:\/\/paca.lpo.fr\/blogs\/nice\/#organization"},"image":{"@id":"https:\/\/paca.lpo.fr\/blogs\/nice\/2024\/03\/28\/sortie-nature-du-23-03-24-au-parc-de-vaugrenier\/#primaryimage"},"thumbnailUrl":"https:\/\/paca.lpo.fr\/blogs\/nice\/files\/2024\/03\/gl-lpo-nice.jpg","articleSection":["Sorties nature"],"inLanguage":"fr-FR","potentialAction":[{"@type":"CommentAction","name":"Comment","target":["https:\/\/paca.lpo.fr\/blogs\/nice\/2024\/03\/28\/sortie-nature-du-23-03-24-au-parc-de-vaugrenier\/#respond"]}]},{"@type":"WebPage","@id":"https:\/\/paca.lpo.fr\/blogs\/nice\/2024\/03\/28\/sortie-nature-du-23-03-24-au-parc-de-vaugrenier\/","url":"https:\/\/paca.lpo.fr\/blogs\/nice\/2024\/03\/28\/sortie-nature-du-23-03-24-au-parc-de-vaugrenier\/","name":"Sortie Nature du 23.03.24 au Parc de Vaugrenier - Groupe local Nice","isPartOf":{"@id":"https:\/\/paca.lpo.fr\/blogs\/nice\/#website"},"primaryImageOfPage":{"@id":"https:\/\/paca.lpo.fr\/blogs\/nice\/2024\/03\/28\/sortie-nature-du-23-03-24-au-parc-de-vaugrenier\/#primaryimage"},"image":{"@id":"https:\/\/paca.lpo.fr\/blogs\/nice\/2024\/03\/28\/sortie-nature-du-23-03-24-au-parc-de-vaugrenier\/#primaryimage"},"thumbnailUrl":"https:\/\/paca.lpo.fr\/blogs\/nice\/files\/2024\/03\/gl-lpo-nice.jpg","datePublished":"2024-03-28T14:39:47+00:00","dateModified":"2024-03-28T14:39:48+00:00","breadcrumb":{"@id":"https:\/\/paca.lpo.fr\/blogs\/nice\/2024\/03\/28\/sortie-nature-du-23-03-24-au-parc-de-vaugrenier\/#breadcrumb"},"inLanguage":"fr-FR","potentialAction":[{"@type":"ReadAction","target":["https:\/\/paca.lpo.fr\/blogs\/nice\/2024\/03\/28\/sortie-nature-du-23-03-24-au-parc-de-vaugrenier\/"]}]},{"@type":"ImageObject","inLanguage":"fr-FR","@id":"https:\/\/paca.lpo.fr\/blogs\/nice\/2024\/03\/28\/sortie-nature-du-23-03-24-au-parc-de-vaugrenier\/#primaryimage","url":"https:\/\/paca.lpo.fr\/blogs\/nice\/files\/2024\/03\/gl-lpo-nice.jpg","contentUrl":"https:\/\/paca.lpo.fr\/blogs\/nice\/files\/2024\/03\/gl-lpo-nice.jpg","width":1024,"height":768},{"@type":"BreadcrumbList","@id":"https:\/\/paca.lpo.fr\/blogs\/nice\/2024\/03\/28\/sortie-nature-du-23-03-24-au-parc-de-vaugrenier\/#breadcrumb","itemListElement":[{"@type":"ListItem","position":1,"name":"Accueil","item":"https:\/\/paca.lpo.fr\/blogs\/nice\/"},{"@type":"ListItem","position":2,"name":"Sortie Nature du 23.03.24 au Parc de Vaugrenier"}]},{"@type":"WebSite","@id":"https:\/\/paca.lpo.fr\/blogs\/nice\/#website","url":"https:\/\/paca.lpo.fr\/blogs\/nice\/","name":"Groupe local Nice","description":"Groupe local Nice","publisher":{"@id":"https:\/\/paca.lpo.fr\/blogs\/nice\/#organization"},"potentialAction":[{"@type":"SearchAction","target":{"@type":"EntryPoint","urlTemplate":"https:\/\/paca.lpo.fr\/blogs\/nice\/?s={search_term_string}"},"query-input":{"@type":"PropertyValueSpecification","valueRequired":true,"valueName":"search_term_string"}}],"inLanguage":"fr-FR"},{"@type":"Organization","@id":"https:\/\/paca.lpo.fr\/blogs\/nice\/#organization","name":"Groupe local Nice","url":"https:\/\/paca.lpo.fr\/blogs\/nice\/","logo":{"@type":"ImageObject","inLanguage":"fr-FR","@id":"https:\/\/paca.lpo.fr\/blogs\/nice\/#\/schema\/logo\/image\/","url":"https:\/\/paca.lpo.fr\/blogs\/nice\/files\/2024\/01\/cropped-rvb-lpo-paca-logotype-signature-droite-mini-500.jpg","contentUrl":"https:\/\/paca.lpo.fr\/blogs\/nice\/files\/2024\/01\/cropped-rvb-lpo-paca-logotype-signature-droite-mini-500.jpg","width":500,"height":210,"caption":"Groupe local Nice"},"image":{"@id":"https:\/\/paca.lpo.fr\/blogs\/nice\/#\/schema\/logo\/image\/"}},{"@type":"Person","@id":"https:\/\/paca.lpo.fr\/blogs\/nice\/#\/schema\/person\/5b4b5747f73df769c4877a517d33b8c9","name":"nice","image":{"@type":"ImageObject","inLanguage":"fr-FR","@id":"https:\/\/secure.gravatar.com\/avatar\/ff46d3d1343c0038bda275a11bfdbb58aefa8da35aace5e21a97c7737582e8bd?s=96&d=mm&r=g","url":"https:\/\/secure.gravatar.com\/avatar\/ff46d3d1343c0038bda275a11bfdbb58aefa8da35aace5e21a97c7737582e8bd?s=96&d=mm&r=g","contentUrl":"https:\/\/secure.gravatar.com\/avatar\/ff46d3d1343c0038bda275a11bfdbb58aefa8da35aace5e21a97c7737582e8bd?s=96&d=mm&r=g","caption":"nice"},"url":"https:\/\/paca.lpo.fr\/blogs\/nice\/author\/nice\/"}]}},"jetpack_featured_media_url":"","_links":{"self":[{"href":"https:\/\/paca.lpo.fr\/blogs\/nice\/wp-json\/wp\/v2\/posts\/3468","targetHints":{"allow":["GET"]}}],"collection":[{"href":"https:\/\/paca.lpo.fr\/blogs\/nice\/wp-json\/wp\/v2\/posts"}],"about":[{"href":"https:\/\/paca.lpo.fr\/blogs\/nice\/wp-json\/wp\/v2\/types\/post"}],"author":[{"embeddable":true,"href":"https:\/\/paca.lpo.fr\/blogs\/nice\/wp-json\/wp\/v2\/users\/163"}],"replies":[{"embeddable":true,"href":"https:\/\/paca.lpo.fr\/blogs\/nice\/wp-json\/wp\/v2\/comments?post=3468"}],"version-history":[{"count":1,"href":"https:\/\/paca.lpo.fr\/blogs\/nice\/wp-json\/wp\/v2\/posts\/3468\/revisions"}],"predecessor-version":[{"id":3476,"href":"https:\/\/paca.lpo.fr\/blogs\/nice\/wp-json\/wp\/v2\/posts\/3468\/revisions\/3476"}],"wp:attachment":[{"href":"https:\/\/paca.lpo.fr\/blogs\/nice\/wp-json\/wp\/v2\/media?parent=3468"}],"wp:term":[{"taxonomy":"category","embeddable":true,"href":"https:\/\/paca.lpo.fr\/blogs\/nice\/wp-json\/wp\/v2\/categories?post=3468"},{"taxonomy":"post_tag","embeddable":true,"href":"https:\/\/paca.lpo.fr\/blogs\/nice\/wp-json\/wp\/v2\/tags?post=3468"}],"curies":[{"name":"wp","href":"https:\/\/api.w.org\/{rel}","templated":true}]}}