{"id":3478,"date":"2024-04-27T12:24:43","date_gmt":"2024-04-27T11:24:43","guid":{"rendered":"https:\/\/paca.lpo.fr\/blogs\/nice\/?p=3478"},"modified":"2024-04-27T12:58:38","modified_gmt":"2024-04-27T11:58:38","slug":"installation-dun-nichoir-a-moineaux","status":"publish","type":"post","link":"https:\/\/paca.lpo.fr\/blogs\/nice\/2024\/04\/27\/installation-dun-nichoir-a-moineaux\/","title":{"rendered":"Installation d&rsquo;un nichoir \u00e0 moineaux"},"content":{"rendered":"\n<figure class=\"wp-block-gallery has-nested-images columns-default is-cropped wp-block-gallery-1 is-layout-flex wp-block-gallery-is-layout-flex\">\n<figure class=\"wp-block-image size-full\"><img loading=\"lazy\" decoding=\"async\" width=\"768\" height=\"1024\" data-id=\"3480\" src=\"https:\/\/paca.lpo.fr\/blogs\/nice\/files\/2024\/04\/20240415-151941.jpg\" alt=\"\" class=\"wp-image-3480\" srcset=\"https:\/\/paca.lpo.fr\/blogs\/nice\/files\/2024\/04\/20240415-151941.jpg 768w, https:\/\/paca.lpo.fr\/blogs\/nice\/files\/2024\/04\/20240415-151941-576x768.jpg 576w\" sizes=\"auto, (max-width: 768px) 100vw, 768px\" \/><\/figure>\n<\/figure>\n\n\n\n<p class=\"wp-block-paragraph\">Le groupe local des b\u00e9n\u00e9voles de Nice a pris l&rsquo;initiative d&rsquo;installer un nichoir \u00e0 moineaux, dans le jardin municipal Notre Dame, en accord avec les services de la Mairie de Nice.<\/p>\n\n\n\n<p class=\"wp-block-paragraph\">En effet, les travaux engendr\u00e9s par la r\u00e9habilitation de logements sociaux \u00e0 proximit\u00e9 ont amen\u00e9 \u00e0 la destruction partielle de quelques habitats de moineaux pr\u00e9sents sur cette zone.<\/p>\n\n\n\n<p class=\"wp-block-paragraph\">Nous tenons \u00e0 remercier une nouvelle fois Patrick pour l&rsquo;installation en hauteur.<\/p>\n\n\n\n<p class=\"wp-block-paragraph\">Nice, Jardin Notre Dame, le 15.04.24<\/p>\n\n\n\n<figure class=\"wp-block-image size-full\"><img loading=\"lazy\" decoding=\"async\" width=\"1024\" height=\"768\" src=\"https:\/\/paca.lpo.fr\/blogs\/nice\/files\/2024\/04\/20240415-150034-1.jpg\" alt=\"\" class=\"wp-image-3481\" srcset=\"https:\/\/paca.lpo.fr\/blogs\/nice\/files\/2024\/04\/20240415-150034-1.jpg 1024w, https:\/\/paca.lpo.fr\/blogs\/nice\/files\/2024\/04\/20240415-150034-1-768x576.jpg 768w\" sizes=\"auto, (max-width: 1024px) 100vw, 1024px\" \/><\/figure>\n\n\n\n<figure class=\"wp-block-image size-full\"><img loading=\"lazy\" decoding=\"async\" width=\"768\" height=\"1024\" src=\"https:\/\/paca.lpo.fr\/blogs\/nice\/files\/2024\/04\/20240423-111732.jpg\" alt=\"\" class=\"wp-image-3482\" srcset=\"https:\/\/paca.lpo.fr\/blogs\/nice\/files\/2024\/04\/20240423-111732.jpg 768w, https:\/\/paca.lpo.fr\/blogs\/nice\/files\/2024\/04\/20240423-111732-576x768.jpg 576w\" sizes=\"auto, (max-width: 768px) 100vw, 768px\" \/><\/figure>\n","protected":false},"excerpt":{"rendered":"<p>Le groupe local des b\u00e9n\u00e9voles de Nice a pris l&rsquo;initiative d&rsquo;installer un nichoir \u00e0 moineaux, dans le jardin municipal Notre Dame, en accord avec les services de la Mairie de Nice. En effet, les travaux engendr\u00e9s par la r\u00e9habilitation de logements sociaux \u00e0 proximit\u00e9 ont amen\u00e9 \u00e0 la destruction partielle de quelques habitats de moineaux [&hellip;]<\/p>\n","protected":false},"author":163,"featured_media":0,"comment_status":"open","ping_status":"open","sticky":false,"template":"","format":"standard","meta":{"footnotes":""},"categories":[78],"tags":[],"class_list":["post-3478","post","type-post","status-publish","format-standard","hentry","category-protection-de-la-biodiversite"],"yoast_head":"<!-- This site is optimized with the Yoast SEO plugin v28.3 - https:\/\/yoast.com\/product\/yoast-seo-wordpress\/ -->\n<title>Installation d&#039;un nichoir \u00e0 moineaux - Groupe local Nice<\/title>\n<meta name=\"robots\" content=\"index, follow, max-snippet:-1, max-image-preview:large, max-video-preview:-1\" \/>\n<link rel=\"canonical\" href=\"https:\/\/paca.lpo.fr\/blogs\/nice\/2024\/04\/27\/installation-dun-nichoir-a-moineaux\/\" \/>\n<meta property=\"og:locale\" content=\"fr_FR\" \/>\n<meta property=\"og:type\" content=\"article\" \/>\n<meta property=\"og:title\" content=\"Installation d&#039;un nichoir \u00e0 moineaux - Groupe local Nice\" \/>\n<meta property=\"og:description\" content=\"Le groupe local des b\u00e9n\u00e9voles de Nice a pris l&rsquo;initiative d&rsquo;installer un nichoir \u00e0 moineaux, dans le jardin municipal Notre Dame, en accord avec les services de la Mairie de Nice. En effet, les travaux engendr\u00e9s par la r\u00e9habilitation de logements sociaux \u00e0 proximit\u00e9 ont amen\u00e9 \u00e0 la destruction partielle de quelques habitats de moineaux [&hellip;]\" \/>\n<meta property=\"og:url\" content=\"https:\/\/paca.lpo.fr\/blogs\/nice\/2024\/04\/27\/installation-dun-nichoir-a-moineaux\/\" \/>\n<meta property=\"og:site_name\" content=\"Groupe local Nice\" \/>\n<meta property=\"article:published_time\" content=\"2024-04-27T11:24:43+00:00\" \/>\n<meta property=\"article:modified_time\" content=\"2024-04-27T11:58:38+00:00\" \/>\n<meta property=\"og:image\" content=\"https:\/\/paca.lpo.fr\/blogs\/nice\/files\/2024\/04\/20240415-151941.jpg\" \/>\n<meta name=\"author\" content=\"nice\" \/>\n<meta name=\"twitter:card\" content=\"summary_large_image\" \/>\n<meta name=\"twitter:label1\" content=\"\u00c9crit par\" \/>\n\t<meta name=\"twitter:data1\" content=\"nice\" \/>\n<script type=\"application\/ld+json\" class=\"yoast-schema-graph\">{\"@context\":\"https:\\\/\\\/schema.org\",\"@graph\":[{\"@type\":\"Article\",\"@id\":\"https:\\\/\\\/paca.lpo.fr\\\/blogs\\\/nice\\\/2024\\\/04\\\/27\\\/installation-dun-nichoir-a-moineaux\\\/#article\",\"isPartOf\":{\"@id\":\"https:\\\/\\\/paca.lpo.fr\\\/blogs\\\/nice\\\/2024\\\/04\\\/27\\\/installation-dun-nichoir-a-moineaux\\\/\"},\"author\":{\"name\":\"nice\",\"@id\":\"https:\\\/\\\/paca.lpo.fr\\\/blogs\\\/nice\\\/#\\\/schema\\\/person\\\/5b4b5747f73df769c4877a517d33b8c9\"},\"headline\":\"Installation d&rsquo;un nichoir \u00e0 moineaux\",\"datePublished\":\"2024-04-27T11:24:43+00:00\",\"dateModified\":\"2024-04-27T11:58:38+00:00\",\"mainEntityOfPage\":{\"@id\":\"https:\\\/\\\/paca.lpo.fr\\\/blogs\\\/nice\\\/2024\\\/04\\\/27\\\/installation-dun-nichoir-a-moineaux\\\/\"},\"wordCount\":85,\"commentCount\":0,\"publisher\":{\"@id\":\"https:\\\/\\\/paca.lpo.fr\\\/blogs\\\/nice\\\/#organization\"},\"image\":{\"@id\":\"https:\\\/\\\/paca.lpo.fr\\\/blogs\\\/nice\\\/2024\\\/04\\\/27\\\/installation-dun-nichoir-a-moineaux\\\/#primaryimage\"},\"thumbnailUrl\":\"https:\\\/\\\/paca.lpo.fr\\\/blogs\\\/nice\\\/files\\\/2024\\\/04\\\/20240415-151941.jpg\",\"articleSection\":[\"Protection de la biodiversit\u00e9\"],\"inLanguage\":\"fr-FR\",\"potentialAction\":[{\"@type\":\"CommentAction\",\"name\":\"Comment\",\"target\":[\"https:\\\/\\\/paca.lpo.fr\\\/blogs\\\/nice\\\/2024\\\/04\\\/27\\\/installation-dun-nichoir-a-moineaux\\\/#respond\"]}]},{\"@type\":\"WebPage\",\"@id\":\"https:\\\/\\\/paca.lpo.fr\\\/blogs\\\/nice\\\/2024\\\/04\\\/27\\\/installation-dun-nichoir-a-moineaux\\\/\",\"url\":\"https:\\\/\\\/paca.lpo.fr\\\/blogs\\\/nice\\\/2024\\\/04\\\/27\\\/installation-dun-nichoir-a-moineaux\\\/\",\"name\":\"Installation d'un nichoir \u00e0 moineaux - Groupe local Nice\",\"isPartOf\":{\"@id\":\"https:\\\/\\\/paca.lpo.fr\\\/blogs\\\/nice\\\/#website\"},\"primaryImageOfPage\":{\"@id\":\"https:\\\/\\\/paca.lpo.fr\\\/blogs\\\/nice\\\/2024\\\/04\\\/27\\\/installation-dun-nichoir-a-moineaux\\\/#primaryimage\"},\"image\":{\"@id\":\"https:\\\/\\\/paca.lpo.fr\\\/blogs\\\/nice\\\/2024\\\/04\\\/27\\\/installation-dun-nichoir-a-moineaux\\\/#primaryimage\"},\"thumbnailUrl\":\"https:\\\/\\\/paca.lpo.fr\\\/blogs\\\/nice\\\/files\\\/2024\\\/04\\\/20240415-151941.jpg\",\"datePublished\":\"2024-04-27T11:24:43+00:00\",\"dateModified\":\"2024-04-27T11:58:38+00:00\",\"breadcrumb\":{\"@id\":\"https:\\\/\\\/paca.lpo.fr\\\/blogs\\\/nice\\\/2024\\\/04\\\/27\\\/installation-dun-nichoir-a-moineaux\\\/#breadcrumb\"},\"inLanguage\":\"fr-FR\",\"potentialAction\":[{\"@type\":\"ReadAction\",\"target\":[\"https:\\\/\\\/paca.lpo.fr\\\/blogs\\\/nice\\\/2024\\\/04\\\/27\\\/installation-dun-nichoir-a-moineaux\\\/\"]}]},{\"@type\":\"ImageObject\",\"inLanguage\":\"fr-FR\",\"@id\":\"https:\\\/\\\/paca.lpo.fr\\\/blogs\\\/nice\\\/2024\\\/04\\\/27\\\/installation-dun-nichoir-a-moineaux\\\/#primaryimage\",\"url\":\"https:\\\/\\\/paca.lpo.fr\\\/blogs\\\/nice\\\/files\\\/2024\\\/04\\\/20240415-151941.jpg\",\"contentUrl\":\"https:\\\/\\\/paca.lpo.fr\\\/blogs\\\/nice\\\/files\\\/2024\\\/04\\\/20240415-151941.jpg\",\"width\":768,\"height\":1024},{\"@type\":\"BreadcrumbList\",\"@id\":\"https:\\\/\\\/paca.lpo.fr\\\/blogs\\\/nice\\\/2024\\\/04\\\/27\\\/installation-dun-nichoir-a-moineaux\\\/#breadcrumb\",\"itemListElement\":[{\"@type\":\"ListItem\",\"position\":1,\"name\":\"Accueil\",\"item\":\"https:\\\/\\\/paca.lpo.fr\\\/blogs\\\/nice\\\/\"},{\"@type\":\"ListItem\",\"position\":2,\"name\":\"Installation d&rsquo;un nichoir \u00e0 moineaux\"}]},{\"@type\":\"WebSite\",\"@id\":\"https:\\\/\\\/paca.lpo.fr\\\/blogs\\\/nice\\\/#website\",\"url\":\"https:\\\/\\\/paca.lpo.fr\\\/blogs\\\/nice\\\/\",\"name\":\"Groupe local Nice\",\"description\":\"Groupe local Nice\",\"publisher\":{\"@id\":\"https:\\\/\\\/paca.lpo.fr\\\/blogs\\\/nice\\\/#organization\"},\"potentialAction\":[{\"@type\":\"SearchAction\",\"target\":{\"@type\":\"EntryPoint\",\"urlTemplate\":\"https:\\\/\\\/paca.lpo.fr\\\/blogs\\\/nice\\\/?s={search_term_string}\"},\"query-input\":{\"@type\":\"PropertyValueSpecification\",\"valueRequired\":true,\"valueName\":\"search_term_string\"}}],\"inLanguage\":\"fr-FR\"},{\"@type\":\"Organization\",\"@id\":\"https:\\\/\\\/paca.lpo.fr\\\/blogs\\\/nice\\\/#organization\",\"name\":\"Groupe local Nice\",\"url\":\"https:\\\/\\\/paca.lpo.fr\\\/blogs\\\/nice\\\/\",\"logo\":{\"@type\":\"ImageObject\",\"inLanguage\":\"fr-FR\",\"@id\":\"https:\\\/\\\/paca.lpo.fr\\\/blogs\\\/nice\\\/#\\\/schema\\\/logo\\\/image\\\/\",\"url\":\"https:\\\/\\\/paca.lpo.fr\\\/blogs\\\/nice\\\/files\\\/2024\\\/01\\\/cropped-rvb-lpo-paca-logotype-signature-droite-mini-500.jpg\",\"contentUrl\":\"https:\\\/\\\/paca.lpo.fr\\\/blogs\\\/nice\\\/files\\\/2024\\\/01\\\/cropped-rvb-lpo-paca-logotype-signature-droite-mini-500.jpg\",\"width\":500,\"height\":210,\"caption\":\"Groupe local Nice\"},\"image\":{\"@id\":\"https:\\\/\\\/paca.lpo.fr\\\/blogs\\\/nice\\\/#\\\/schema\\\/logo\\\/image\\\/\"}},{\"@type\":\"Person\",\"@id\":\"https:\\\/\\\/paca.lpo.fr\\\/blogs\\\/nice\\\/#\\\/schema\\\/person\\\/5b4b5747f73df769c4877a517d33b8c9\",\"name\":\"nice\",\"image\":{\"@type\":\"ImageObject\",\"inLanguage\":\"fr-FR\",\"@id\":\"https:\\\/\\\/secure.gravatar.com\\\/avatar\\\/ff46d3d1343c0038bda275a11bfdbb58aefa8da35aace5e21a97c7737582e8bd?s=96&d=mm&r=g\",\"url\":\"https:\\\/\\\/secure.gravatar.com\\\/avatar\\\/ff46d3d1343c0038bda275a11bfdbb58aefa8da35aace5e21a97c7737582e8bd?s=96&d=mm&r=g\",\"contentUrl\":\"https:\\\/\\\/secure.gravatar.com\\\/avatar\\\/ff46d3d1343c0038bda275a11bfdbb58aefa8da35aace5e21a97c7737582e8bd?s=96&d=mm&r=g\",\"caption\":\"nice\"},\"url\":\"https:\\\/\\\/paca.lpo.fr\\\/blogs\\\/nice\\\/author\\\/nice\\\/\"}]}<\/script>\n<!-- \/ Yoast SEO plugin. -->","yoast_head_json":{"title":"Installation d'un nichoir \u00e0 moineaux - Groupe local Nice","robots":{"index":"index","follow":"follow","max-snippet":"max-snippet:-1","max-image-preview":"max-image-preview:large","max-video-preview":"max-video-preview:-1"},"canonical":"https:\/\/paca.lpo.fr\/blogs\/nice\/2024\/04\/27\/installation-dun-nichoir-a-moineaux\/","og_locale":"fr_FR","og_type":"article","og_title":"Installation d'un nichoir \u00e0 moineaux - Groupe local Nice","og_description":"Le groupe local des b\u00e9n\u00e9voles de Nice a pris l&rsquo;initiative d&rsquo;installer un nichoir \u00e0 moineaux, dans le jardin municipal Notre Dame, en accord avec les services de la Mairie de Nice. En effet, les travaux engendr\u00e9s par la r\u00e9habilitation de logements sociaux \u00e0 proximit\u00e9 ont amen\u00e9 \u00e0 la destruction partielle de quelques habitats de moineaux [&hellip;]","og_url":"https:\/\/paca.lpo.fr\/blogs\/nice\/2024\/04\/27\/installation-dun-nichoir-a-moineaux\/","og_site_name":"Groupe local Nice","article_published_time":"2024-04-27T11:24:43+00:00","article_modified_time":"2024-04-27T11:58:38+00:00","og_image":[{"url":"https:\/\/paca.lpo.fr\/blogs\/nice\/files\/2024\/04\/20240415-151941.jpg","type":"","width":"","height":""}],"author":"nice","twitter_card":"summary_large_image","twitter_misc":{"\u00c9crit par":"nice"},"schema":{"@context":"https:\/\/schema.org","@graph":[{"@type":"Article","@id":"https:\/\/paca.lpo.fr\/blogs\/nice\/2024\/04\/27\/installation-dun-nichoir-a-moineaux\/#article","isPartOf":{"@id":"https:\/\/paca.lpo.fr\/blogs\/nice\/2024\/04\/27\/installation-dun-nichoir-a-moineaux\/"},"author":{"name":"nice","@id":"https:\/\/paca.lpo.fr\/blogs\/nice\/#\/schema\/person\/5b4b5747f73df769c4877a517d33b8c9"},"headline":"Installation d&rsquo;un nichoir \u00e0 moineaux","datePublished":"2024-04-27T11:24:43+00:00","dateModified":"2024-04-27T11:58:38+00:00","mainEntityOfPage":{"@id":"https:\/\/paca.lpo.fr\/blogs\/nice\/2024\/04\/27\/installation-dun-nichoir-a-moineaux\/"},"wordCount":85,"commentCount":0,"publisher":{"@id":"https:\/\/paca.lpo.fr\/blogs\/nice\/#organization"},"image":{"@id":"https:\/\/paca.lpo.fr\/blogs\/nice\/2024\/04\/27\/installation-dun-nichoir-a-moineaux\/#primaryimage"},"thumbnailUrl":"https:\/\/paca.lpo.fr\/blogs\/nice\/files\/2024\/04\/20240415-151941.jpg","articleSection":["Protection de la biodiversit\u00e9"],"inLanguage":"fr-FR","potentialAction":[{"@type":"CommentAction","name":"Comment","target":["https:\/\/paca.lpo.fr\/blogs\/nice\/2024\/04\/27\/installation-dun-nichoir-a-moineaux\/#respond"]}]},{"@type":"WebPage","@id":"https:\/\/paca.lpo.fr\/blogs\/nice\/2024\/04\/27\/installation-dun-nichoir-a-moineaux\/","url":"https:\/\/paca.lpo.fr\/blogs\/nice\/2024\/04\/27\/installation-dun-nichoir-a-moineaux\/","name":"Installation d'un nichoir \u00e0 moineaux - Groupe local Nice","isPartOf":{"@id":"https:\/\/paca.lpo.fr\/blogs\/nice\/#website"},"primaryImageOfPage":{"@id":"https:\/\/paca.lpo.fr\/blogs\/nice\/2024\/04\/27\/installation-dun-nichoir-a-moineaux\/#primaryimage"},"image":{"@id":"https:\/\/paca.lpo.fr\/blogs\/nice\/2024\/04\/27\/installation-dun-nichoir-a-moineaux\/#primaryimage"},"thumbnailUrl":"https:\/\/paca.lpo.fr\/blogs\/nice\/files\/2024\/04\/20240415-151941.jpg","datePublished":"2024-04-27T11:24:43+00:00","dateModified":"2024-04-27T11:58:38+00:00","breadcrumb":{"@id":"https:\/\/paca.lpo.fr\/blogs\/nice\/2024\/04\/27\/installation-dun-nichoir-a-moineaux\/#breadcrumb"},"inLanguage":"fr-FR","potentialAction":[{"@type":"ReadAction","target":["https:\/\/paca.lpo.fr\/blogs\/nice\/2024\/04\/27\/installation-dun-nichoir-a-moineaux\/"]}]},{"@type":"ImageObject","inLanguage":"fr-FR","@id":"https:\/\/paca.lpo.fr\/blogs\/nice\/2024\/04\/27\/installation-dun-nichoir-a-moineaux\/#primaryimage","url":"https:\/\/paca.lpo.fr\/blogs\/nice\/files\/2024\/04\/20240415-151941.jpg","contentUrl":"https:\/\/paca.lpo.fr\/blogs\/nice\/files\/2024\/04\/20240415-151941.jpg","width":768,"height":1024},{"@type":"BreadcrumbList","@id":"https:\/\/paca.lpo.fr\/blogs\/nice\/2024\/04\/27\/installation-dun-nichoir-a-moineaux\/#breadcrumb","itemListElement":[{"@type":"ListItem","position":1,"name":"Accueil","item":"https:\/\/paca.lpo.fr\/blogs\/nice\/"},{"@type":"ListItem","position":2,"name":"Installation d&rsquo;un nichoir \u00e0 moineaux"}]},{"@type":"WebSite","@id":"https:\/\/paca.lpo.fr\/blogs\/nice\/#website","url":"https:\/\/paca.lpo.fr\/blogs\/nice\/","name":"Groupe local Nice","description":"Groupe local Nice","publisher":{"@id":"https:\/\/paca.lpo.fr\/blogs\/nice\/#organization"},"potentialAction":[{"@type":"SearchAction","target":{"@type":"EntryPoint","urlTemplate":"https:\/\/paca.lpo.fr\/blogs\/nice\/?s={search_term_string}"},"query-input":{"@type":"PropertyValueSpecification","valueRequired":true,"valueName":"search_term_string"}}],"inLanguage":"fr-FR"},{"@type":"Organization","@id":"https:\/\/paca.lpo.fr\/blogs\/nice\/#organization","name":"Groupe local Nice","url":"https:\/\/paca.lpo.fr\/blogs\/nice\/","logo":{"@type":"ImageObject","inLanguage":"fr-FR","@id":"https:\/\/paca.lpo.fr\/blogs\/nice\/#\/schema\/logo\/image\/","url":"https:\/\/paca.lpo.fr\/blogs\/nice\/files\/2024\/01\/cropped-rvb-lpo-paca-logotype-signature-droite-mini-500.jpg","contentUrl":"https:\/\/paca.lpo.fr\/blogs\/nice\/files\/2024\/01\/cropped-rvb-lpo-paca-logotype-signature-droite-mini-500.jpg","width":500,"height":210,"caption":"Groupe local Nice"},"image":{"@id":"https:\/\/paca.lpo.fr\/blogs\/nice\/#\/schema\/logo\/image\/"}},{"@type":"Person","@id":"https:\/\/paca.lpo.fr\/blogs\/nice\/#\/schema\/person\/5b4b5747f73df769c4877a517d33b8c9","name":"nice","image":{"@type":"ImageObject","inLanguage":"fr-FR","@id":"https:\/\/secure.gravatar.com\/avatar\/ff46d3d1343c0038bda275a11bfdbb58aefa8da35aace5e21a97c7737582e8bd?s=96&d=mm&r=g","url":"https:\/\/secure.gravatar.com\/avatar\/ff46d3d1343c0038bda275a11bfdbb58aefa8da35aace5e21a97c7737582e8bd?s=96&d=mm&r=g","contentUrl":"https:\/\/secure.gravatar.com\/avatar\/ff46d3d1343c0038bda275a11bfdbb58aefa8da35aace5e21a97c7737582e8bd?s=96&d=mm&r=g","caption":"nice"},"url":"https:\/\/paca.lpo.fr\/blogs\/nice\/author\/nice\/"}]}},"jetpack_featured_media_url":"","_links":{"self":[{"href":"https:\/\/paca.lpo.fr\/blogs\/nice\/wp-json\/wp\/v2\/posts\/3478","targetHints":{"allow":["GET"]}}],"collection":[{"href":"https:\/\/paca.lpo.fr\/blogs\/nice\/wp-json\/wp\/v2\/posts"}],"about":[{"href":"https:\/\/paca.lpo.fr\/blogs\/nice\/wp-json\/wp\/v2\/types\/post"}],"author":[{"embeddable":true,"href":"https:\/\/paca.lpo.fr\/blogs\/nice\/wp-json\/wp\/v2\/users\/163"}],"replies":[{"embeddable":true,"href":"https:\/\/paca.lpo.fr\/blogs\/nice\/wp-json\/wp\/v2\/comments?post=3478"}],"version-history":[{"count":3,"href":"https:\/\/paca.lpo.fr\/blogs\/nice\/wp-json\/wp\/v2\/posts\/3478\/revisions"}],"predecessor-version":[{"id":3487,"href":"https:\/\/paca.lpo.fr\/blogs\/nice\/wp-json\/wp\/v2\/posts\/3478\/revisions\/3487"}],"wp:attachment":[{"href":"https:\/\/paca.lpo.fr\/blogs\/nice\/wp-json\/wp\/v2\/media?parent=3478"}],"wp:term":[{"taxonomy":"category","embeddable":true,"href":"https:\/\/paca.lpo.fr\/blogs\/nice\/wp-json\/wp\/v2\/categories?post=3478"},{"taxonomy":"post_tag","embeddable":true,"href":"https:\/\/paca.lpo.fr\/blogs\/nice\/wp-json\/wp\/v2\/tags?post=3478"}],"curies":[{"name":"wp","href":"https:\/\/api.w.org\/{rel}","templated":true}]}}