{"id":426,"date":"2012-10-15T16:25:35","date_gmt":"2012-10-15T15:25:35","guid":{"rendered":"https:\/\/paca.lpo.fr\/blogs\/nice\/?p=426"},"modified":"2014-10-07T15:31:54","modified_gmt":"2014-10-07T14:31:54","slug":"mise-en-refuge-a-villefranche-sur-mer-2","status":"publish","type":"post","link":"https:\/\/paca.lpo.fr\/blogs\/nice\/2012\/10\/15\/mise-en-refuge-a-villefranche-sur-mer-2\/","title":{"rendered":"Mise en refuge \u00e0 Villefranche-sur-Mer"},"content":{"rendered":"<p><span style=\"color: #000000;\"><strong><a href=\"https:\/\/paca.lpo.fr\/blogs\/nice\/2012\/10\/15\/mise-en-refuge-a-villefranche-sur-mer-2\/10-14-014-4\/\" rel=\"attachment wp-att-431\"><img loading=\"lazy\" decoding=\"async\" class=\"alignleft size-full wp-image-431\" src=\"https:\/\/paca.lpo.fr\/blogs\/nice\/files\/2012\/10\/10-14-0143.jpg\" alt=\"\" width=\"800\" height=\"534\" srcset=\"https:\/\/paca.lpo.fr\/blogs\/nice\/files\/2012\/10\/10-14-0143.jpg 800w, https:\/\/paca.lpo.fr\/blogs\/nice\/files\/2012\/10\/10-14-0143-480x320.jpg 480w\" sizes=\"auto, (max-width: 800px) 100vw, 800px\" \/><\/a><a href=\"https:\/\/paca.lpo.fr\/blogs\/nice\/2012\/10\/15\/mise-en-refuge-a-villefranche-sur-mer-2\/10-14-018-3\/\" rel=\"attachment wp-att-432\"><img loading=\"lazy\" decoding=\"async\" class=\"alignleft size-full wp-image-432\" src=\"https:\/\/paca.lpo.fr\/blogs\/nice\/files\/2012\/10\/10-14-0182.jpg\" alt=\"\" width=\"800\" height=\"534\" srcset=\"https:\/\/paca.lpo.fr\/blogs\/nice\/files\/2012\/10\/10-14-0182.jpg 800w, https:\/\/paca.lpo.fr\/blogs\/nice\/files\/2012\/10\/10-14-0182-480x320.jpg 480w\" sizes=\"auto, (max-width: 800px) 100vw, 800px\" \/><\/a>Voici quelques photos de la petite f\u00eate du 14 octobre au parc \u00a0l&rsquo;\u00e9glise ND de France dans le beau cadre du Col de Villefranche, au pied du\u00a0<\/strong><strong>parc naturel du Mont Boron (pr\u00e8s de Nice). Pr\u00e8s de 3000m2 de nature prot\u00e9g\u00e9e\u00a0et environ 45 personnes sensibilis\u00e9es et renseign\u00e9es. Les enfants, tr\u00e8s \u00a0<\/strong><strong>sages, int\u00e9ress\u00e9s et attentifs, ont jou\u00e9 \u00e0 \u00ab\u00a0chacun&#8230;\u00a0\u00bb, le jeux des jumelles\u00a0et d&rsquo;autres, et Colette a fait la promotion d&rsquo;Oiseau Mag Junior. Deux\u00a0<\/strong><strong>nichoirs LPO ont \u00e9t\u00e9 pos\u00e9s tout pr\u00e8s de l&rsquo;h\u00f4tel \u00e0 insectes construit par les\u00a0b\u00e9n\u00e9voles du quartier qui ont organis\u00e9 cette f\u00eate conviviale.<\/strong><\/span><\/p>\n<p><span style=\"color: #000000;\"><strong>Yvonne<\/strong><\/span><\/p>\n<p><a href=\"https:\/\/paca.lpo.fr\/blogs\/nice\/2012\/10\/15\/mise-en-refuge-a-villefranche-sur-mer-2\/10-14-009-3\/\" rel=\"attachment wp-att-427\"><img loading=\"lazy\" decoding=\"async\" class=\"alignleft size-full wp-image-427\" src=\"https:\/\/paca.lpo.fr\/blogs\/nice\/files\/2012\/10\/10-14-0092.jpg\" alt=\"\" width=\"800\" height=\"534\" srcset=\"https:\/\/paca.lpo.fr\/blogs\/nice\/files\/2012\/10\/10-14-0092.jpg 800w, https:\/\/paca.lpo.fr\/blogs\/nice\/files\/2012\/10\/10-14-0092-480x320.jpg 480w\" sizes=\"auto, (max-width: 800px) 100vw, 800px\" \/><\/a><a href=\"https:\/\/paca.lpo.fr\/blogs\/nice\/2012\/10\/15\/mise-en-refuge-a-villefranche-sur-mer-2\/10-14-012-5\/\" rel=\"attachment wp-att-428\"><img loading=\"lazy\" decoding=\"async\" class=\"alignleft size-full wp-image-428\" src=\"https:\/\/paca.lpo.fr\/blogs\/nice\/files\/2012\/10\/10-14-0124.jpg\" alt=\"\" width=\"800\" height=\"534\" srcset=\"https:\/\/paca.lpo.fr\/blogs\/nice\/files\/2012\/10\/10-14-0124.jpg 800w, https:\/\/paca.lpo.fr\/blogs\/nice\/files\/2012\/10\/10-14-0124-480x320.jpg 480w\" sizes=\"auto, (max-width: 800px) 100vw, 800px\" \/><\/a><\/p>\n","protected":false},"excerpt":{"rendered":"<p>Voici quelques photos de la petite f\u00eate du 14 octobre au parc \u00a0l&rsquo;\u00e9glise ND de France dans le beau cadre du Col de Villefranche, au pied du\u00a0parc naturel du Mont Boron (pr\u00e8s de Nice). Pr\u00e8s de 3000m2 de nature prot\u00e9g\u00e9e\u00a0et environ 45 personnes sensibilis\u00e9es et renseign\u00e9es. Les enfants, tr\u00e8s \u00a0sages, int\u00e9ress\u00e9s et attentifs, ont jou\u00e9 [&hellip;]<\/p>\n","protected":false},"author":15,"featured_media":431,"comment_status":"open","ping_status":"open","sticky":false,"template":"","format":"standard","meta":{"footnotes":""},"categories":[1],"tags":[],"class_list":["post-426","post","type-post","status-publish","format-standard","has-post-thumbnail","hentry","category-sorties-nature"],"yoast_head":"<!-- This site is optimized with the Yoast SEO plugin v28.3 - https:\/\/yoast.com\/product\/yoast-seo-wordpress\/ -->\n<title>Mise en refuge \u00e0 Villefranche-sur-Mer - Groupe local Nice<\/title>\n<meta name=\"robots\" content=\"index, follow, max-snippet:-1, max-image-preview:large, max-video-preview:-1\" \/>\n<link rel=\"canonical\" href=\"https:\/\/paca.lpo.fr\/blogs\/nice\/2012\/10\/15\/mise-en-refuge-a-villefranche-sur-mer-2\/\" \/>\n<meta property=\"og:locale\" content=\"fr_FR\" \/>\n<meta property=\"og:type\" content=\"article\" \/>\n<meta property=\"og:title\" content=\"Mise en refuge \u00e0 Villefranche-sur-Mer - Groupe local Nice\" \/>\n<meta property=\"og:description\" content=\"Voici quelques photos de la petite f\u00eate du 14 octobre au parc \u00a0l&rsquo;\u00e9glise ND de France dans le beau cadre du Col de Villefranche, au pied du\u00a0parc naturel du Mont Boron (pr\u00e8s de Nice). Pr\u00e8s de 3000m2 de nature prot\u00e9g\u00e9e\u00a0et environ 45 personnes sensibilis\u00e9es et renseign\u00e9es. Les enfants, tr\u00e8s \u00a0sages, int\u00e9ress\u00e9s et attentifs, ont jou\u00e9 [&hellip;]\" \/>\n<meta property=\"og:url\" content=\"https:\/\/paca.lpo.fr\/blogs\/nice\/2012\/10\/15\/mise-en-refuge-a-villefranche-sur-mer-2\/\" \/>\n<meta property=\"og:site_name\" content=\"Groupe local Nice\" \/>\n<meta property=\"article:published_time\" content=\"2012-10-15T15:25:35+00:00\" \/>\n<meta property=\"article:modified_time\" content=\"2014-10-07T14:31:54+00:00\" \/>\n<meta property=\"og:image\" content=\"https:\/\/paca.lpo.fr\/blogs\/nice\/files\/2012\/10\/10-14-0143.jpg\" \/>\n\t<meta property=\"og:image:width\" content=\"800\" \/>\n\t<meta property=\"og:image:height\" content=\"534\" \/>\n\t<meta property=\"og:image:type\" content=\"image\/jpeg\" \/>\n<meta name=\"author\" content=\"Groupe local Paillon-B\u00e9v\u00e9ra\" \/>\n<meta name=\"twitter:card\" content=\"summary_large_image\" \/>\n<meta name=\"twitter:label1\" content=\"\u00c9crit par\" \/>\n\t<meta name=\"twitter:data1\" content=\"Groupe local Paillon-B\u00e9v\u00e9ra\" \/>\n\t<meta name=\"twitter:label2\" content=\"Dur\u00e9e de lecture estim\u00e9e\" \/>\n\t<meta name=\"twitter:data2\" content=\"1 minute\" \/>\n<script type=\"application\/ld+json\" class=\"yoast-schema-graph\">{\"@context\":\"https:\\\/\\\/schema.org\",\"@graph\":[{\"@type\":\"Article\",\"@id\":\"https:\\\/\\\/paca.lpo.fr\\\/blogs\\\/nice\\\/2012\\\/10\\\/15\\\/mise-en-refuge-a-villefranche-sur-mer-2\\\/#article\",\"isPartOf\":{\"@id\":\"https:\\\/\\\/paca.lpo.fr\\\/blogs\\\/nice\\\/2012\\\/10\\\/15\\\/mise-en-refuge-a-villefranche-sur-mer-2\\\/\"},\"author\":{\"name\":\"Groupe local Paillon-B\u00e9v\u00e9ra\",\"@id\":\"https:\\\/\\\/paca.lpo.fr\\\/blogs\\\/nice\\\/#\\\/schema\\\/person\\\/1bda33335fb71e0b3552487db26a4c56\"},\"headline\":\"Mise en refuge \u00e0 Villefranche-sur-Mer\",\"datePublished\":\"2012-10-15T15:25:35+00:00\",\"dateModified\":\"2014-10-07T14:31:54+00:00\",\"mainEntityOfPage\":{\"@id\":\"https:\\\/\\\/paca.lpo.fr\\\/blogs\\\/nice\\\/2012\\\/10\\\/15\\\/mise-en-refuge-a-villefranche-sur-mer-2\\\/\"},\"wordCount\":119,\"commentCount\":0,\"publisher\":{\"@id\":\"https:\\\/\\\/paca.lpo.fr\\\/blogs\\\/nice\\\/#organization\"},\"image\":{\"@id\":\"https:\\\/\\\/paca.lpo.fr\\\/blogs\\\/nice\\\/2012\\\/10\\\/15\\\/mise-en-refuge-a-villefranche-sur-mer-2\\\/#primaryimage\"},\"thumbnailUrl\":\"https:\\\/\\\/paca.lpo.fr\\\/blogs\\\/nice\\\/files\\\/2012\\\/10\\\/10-14-0143.jpg\",\"articleSection\":[\"grands \u00e9v\u00e8nements\"],\"inLanguage\":\"fr-FR\",\"potentialAction\":[{\"@type\":\"CommentAction\",\"name\":\"Comment\",\"target\":[\"https:\\\/\\\/paca.lpo.fr\\\/blogs\\\/nice\\\/2012\\\/10\\\/15\\\/mise-en-refuge-a-villefranche-sur-mer-2\\\/#respond\"]}]},{\"@type\":\"WebPage\",\"@id\":\"https:\\\/\\\/paca.lpo.fr\\\/blogs\\\/nice\\\/2012\\\/10\\\/15\\\/mise-en-refuge-a-villefranche-sur-mer-2\\\/\",\"url\":\"https:\\\/\\\/paca.lpo.fr\\\/blogs\\\/nice\\\/2012\\\/10\\\/15\\\/mise-en-refuge-a-villefranche-sur-mer-2\\\/\",\"name\":\"Mise en refuge \u00e0 Villefranche-sur-Mer - Groupe local Nice\",\"isPartOf\":{\"@id\":\"https:\\\/\\\/paca.lpo.fr\\\/blogs\\\/nice\\\/#website\"},\"primaryImageOfPage\":{\"@id\":\"https:\\\/\\\/paca.lpo.fr\\\/blogs\\\/nice\\\/2012\\\/10\\\/15\\\/mise-en-refuge-a-villefranche-sur-mer-2\\\/#primaryimage\"},\"image\":{\"@id\":\"https:\\\/\\\/paca.lpo.fr\\\/blogs\\\/nice\\\/2012\\\/10\\\/15\\\/mise-en-refuge-a-villefranche-sur-mer-2\\\/#primaryimage\"},\"thumbnailUrl\":\"https:\\\/\\\/paca.lpo.fr\\\/blogs\\\/nice\\\/files\\\/2012\\\/10\\\/10-14-0143.jpg\",\"datePublished\":\"2012-10-15T15:25:35+00:00\",\"dateModified\":\"2014-10-07T14:31:54+00:00\",\"breadcrumb\":{\"@id\":\"https:\\\/\\\/paca.lpo.fr\\\/blogs\\\/nice\\\/2012\\\/10\\\/15\\\/mise-en-refuge-a-villefranche-sur-mer-2\\\/#breadcrumb\"},\"inLanguage\":\"fr-FR\",\"potentialAction\":[{\"@type\":\"ReadAction\",\"target\":[\"https:\\\/\\\/paca.lpo.fr\\\/blogs\\\/nice\\\/2012\\\/10\\\/15\\\/mise-en-refuge-a-villefranche-sur-mer-2\\\/\"]}]},{\"@type\":\"ImageObject\",\"inLanguage\":\"fr-FR\",\"@id\":\"https:\\\/\\\/paca.lpo.fr\\\/blogs\\\/nice\\\/2012\\\/10\\\/15\\\/mise-en-refuge-a-villefranche-sur-mer-2\\\/#primaryimage\",\"url\":\"https:\\\/\\\/paca.lpo.fr\\\/blogs\\\/nice\\\/files\\\/2012\\\/10\\\/10-14-0143.jpg\",\"contentUrl\":\"https:\\\/\\\/paca.lpo.fr\\\/blogs\\\/nice\\\/files\\\/2012\\\/10\\\/10-14-0143.jpg\",\"width\":\"800\",\"height\":\"534\"},{\"@type\":\"BreadcrumbList\",\"@id\":\"https:\\\/\\\/paca.lpo.fr\\\/blogs\\\/nice\\\/2012\\\/10\\\/15\\\/mise-en-refuge-a-villefranche-sur-mer-2\\\/#breadcrumb\",\"itemListElement\":[{\"@type\":\"ListItem\",\"position\":1,\"name\":\"Accueil\",\"item\":\"https:\\\/\\\/paca.lpo.fr\\\/blogs\\\/nice\\\/\"},{\"@type\":\"ListItem\",\"position\":2,\"name\":\"Mise en refuge \u00e0 Villefranche-sur-Mer\"}]},{\"@type\":\"WebSite\",\"@id\":\"https:\\\/\\\/paca.lpo.fr\\\/blogs\\\/nice\\\/#website\",\"url\":\"https:\\\/\\\/paca.lpo.fr\\\/blogs\\\/nice\\\/\",\"name\":\"Groupe local Nice\",\"description\":\"Groupe local Nice\",\"publisher\":{\"@id\":\"https:\\\/\\\/paca.lpo.fr\\\/blogs\\\/nice\\\/#organization\"},\"potentialAction\":[{\"@type\":\"SearchAction\",\"target\":{\"@type\":\"EntryPoint\",\"urlTemplate\":\"https:\\\/\\\/paca.lpo.fr\\\/blogs\\\/nice\\\/?s={search_term_string}\"},\"query-input\":{\"@type\":\"PropertyValueSpecification\",\"valueRequired\":true,\"valueName\":\"search_term_string\"}}],\"inLanguage\":\"fr-FR\"},{\"@type\":\"Organization\",\"@id\":\"https:\\\/\\\/paca.lpo.fr\\\/blogs\\\/nice\\\/#organization\",\"name\":\"Groupe local Nice\",\"url\":\"https:\\\/\\\/paca.lpo.fr\\\/blogs\\\/nice\\\/\",\"logo\":{\"@type\":\"ImageObject\",\"inLanguage\":\"fr-FR\",\"@id\":\"https:\\\/\\\/paca.lpo.fr\\\/blogs\\\/nice\\\/#\\\/schema\\\/logo\\\/image\\\/\",\"url\":\"https:\\\/\\\/paca.lpo.fr\\\/blogs\\\/nice\\\/files\\\/2024\\\/01\\\/cropped-rvb-lpo-paca-logotype-signature-droite-mini-500.jpg\",\"contentUrl\":\"https:\\\/\\\/paca.lpo.fr\\\/blogs\\\/nice\\\/files\\\/2024\\\/01\\\/cropped-rvb-lpo-paca-logotype-signature-droite-mini-500.jpg\",\"width\":500,\"height\":210,\"caption\":\"Groupe local Nice\"},\"image\":{\"@id\":\"https:\\\/\\\/paca.lpo.fr\\\/blogs\\\/nice\\\/#\\\/schema\\\/logo\\\/image\\\/\"}},{\"@type\":\"Person\",\"@id\":\"https:\\\/\\\/paca.lpo.fr\\\/blogs\\\/nice\\\/#\\\/schema\\\/person\\\/1bda33335fb71e0b3552487db26a4c56\",\"name\":\"Groupe local Paillon-B\u00e9v\u00e9ra\",\"image\":{\"@type\":\"ImageObject\",\"inLanguage\":\"fr-FR\",\"@id\":\"https:\\\/\\\/secure.gravatar.com\\\/avatar\\\/b1ee285506e2cb880ec988990d360e255aecb31c77212741dace1023623610c2?s=96&d=mm&r=g\",\"url\":\"https:\\\/\\\/secure.gravatar.com\\\/avatar\\\/b1ee285506e2cb880ec988990d360e255aecb31c77212741dace1023623610c2?s=96&d=mm&r=g\",\"contentUrl\":\"https:\\\/\\\/secure.gravatar.com\\\/avatar\\\/b1ee285506e2cb880ec988990d360e255aecb31c77212741dace1023623610c2?s=96&d=mm&r=g\",\"caption\":\"Groupe local Paillon-B\u00e9v\u00e9ra\"},\"url\":\"https:\\\/\\\/paca.lpo.fr\\\/blogs\\\/nice\\\/author\\\/alpesmaritimesest\\\/\"}]}<\/script>\n<!-- \/ Yoast SEO plugin. -->","yoast_head_json":{"title":"Mise en refuge \u00e0 Villefranche-sur-Mer - Groupe local Nice","robots":{"index":"index","follow":"follow","max-snippet":"max-snippet:-1","max-image-preview":"max-image-preview:large","max-video-preview":"max-video-preview:-1"},"canonical":"https:\/\/paca.lpo.fr\/blogs\/nice\/2012\/10\/15\/mise-en-refuge-a-villefranche-sur-mer-2\/","og_locale":"fr_FR","og_type":"article","og_title":"Mise en refuge \u00e0 Villefranche-sur-Mer - Groupe local Nice","og_description":"Voici quelques photos de la petite f\u00eate du 14 octobre au parc \u00a0l&rsquo;\u00e9glise ND de France dans le beau cadre du Col de Villefranche, au pied du\u00a0parc naturel du Mont Boron (pr\u00e8s de Nice). Pr\u00e8s de 3000m2 de nature prot\u00e9g\u00e9e\u00a0et environ 45 personnes sensibilis\u00e9es et renseign\u00e9es. Les enfants, tr\u00e8s \u00a0sages, int\u00e9ress\u00e9s et attentifs, ont jou\u00e9 [&hellip;]","og_url":"https:\/\/paca.lpo.fr\/blogs\/nice\/2012\/10\/15\/mise-en-refuge-a-villefranche-sur-mer-2\/","og_site_name":"Groupe local Nice","article_published_time":"2012-10-15T15:25:35+00:00","article_modified_time":"2014-10-07T14:31:54+00:00","og_image":[{"width":800,"height":534,"url":"https:\/\/paca.lpo.fr\/blogs\/nice\/files\/2012\/10\/10-14-0143.jpg","type":"image\/jpeg"}],"author":"Groupe local Paillon-B\u00e9v\u00e9ra","twitter_card":"summary_large_image","twitter_misc":{"\u00c9crit par":"Groupe local Paillon-B\u00e9v\u00e9ra","Dur\u00e9e de lecture estim\u00e9e":"1 minute"},"schema":{"@context":"https:\/\/schema.org","@graph":[{"@type":"Article","@id":"https:\/\/paca.lpo.fr\/blogs\/nice\/2012\/10\/15\/mise-en-refuge-a-villefranche-sur-mer-2\/#article","isPartOf":{"@id":"https:\/\/paca.lpo.fr\/blogs\/nice\/2012\/10\/15\/mise-en-refuge-a-villefranche-sur-mer-2\/"},"author":{"name":"Groupe local Paillon-B\u00e9v\u00e9ra","@id":"https:\/\/paca.lpo.fr\/blogs\/nice\/#\/schema\/person\/1bda33335fb71e0b3552487db26a4c56"},"headline":"Mise en refuge \u00e0 Villefranche-sur-Mer","datePublished":"2012-10-15T15:25:35+00:00","dateModified":"2014-10-07T14:31:54+00:00","mainEntityOfPage":{"@id":"https:\/\/paca.lpo.fr\/blogs\/nice\/2012\/10\/15\/mise-en-refuge-a-villefranche-sur-mer-2\/"},"wordCount":119,"commentCount":0,"publisher":{"@id":"https:\/\/paca.lpo.fr\/blogs\/nice\/#organization"},"image":{"@id":"https:\/\/paca.lpo.fr\/blogs\/nice\/2012\/10\/15\/mise-en-refuge-a-villefranche-sur-mer-2\/#primaryimage"},"thumbnailUrl":"https:\/\/paca.lpo.fr\/blogs\/nice\/files\/2012\/10\/10-14-0143.jpg","articleSection":["grands \u00e9v\u00e8nements"],"inLanguage":"fr-FR","potentialAction":[{"@type":"CommentAction","name":"Comment","target":["https:\/\/paca.lpo.fr\/blogs\/nice\/2012\/10\/15\/mise-en-refuge-a-villefranche-sur-mer-2\/#respond"]}]},{"@type":"WebPage","@id":"https:\/\/paca.lpo.fr\/blogs\/nice\/2012\/10\/15\/mise-en-refuge-a-villefranche-sur-mer-2\/","url":"https:\/\/paca.lpo.fr\/blogs\/nice\/2012\/10\/15\/mise-en-refuge-a-villefranche-sur-mer-2\/","name":"Mise en refuge \u00e0 Villefranche-sur-Mer - Groupe local Nice","isPartOf":{"@id":"https:\/\/paca.lpo.fr\/blogs\/nice\/#website"},"primaryImageOfPage":{"@id":"https:\/\/paca.lpo.fr\/blogs\/nice\/2012\/10\/15\/mise-en-refuge-a-villefranche-sur-mer-2\/#primaryimage"},"image":{"@id":"https:\/\/paca.lpo.fr\/blogs\/nice\/2012\/10\/15\/mise-en-refuge-a-villefranche-sur-mer-2\/#primaryimage"},"thumbnailUrl":"https:\/\/paca.lpo.fr\/blogs\/nice\/files\/2012\/10\/10-14-0143.jpg","datePublished":"2012-10-15T15:25:35+00:00","dateModified":"2014-10-07T14:31:54+00:00","breadcrumb":{"@id":"https:\/\/paca.lpo.fr\/blogs\/nice\/2012\/10\/15\/mise-en-refuge-a-villefranche-sur-mer-2\/#breadcrumb"},"inLanguage":"fr-FR","potentialAction":[{"@type":"ReadAction","target":["https:\/\/paca.lpo.fr\/blogs\/nice\/2012\/10\/15\/mise-en-refuge-a-villefranche-sur-mer-2\/"]}]},{"@type":"ImageObject","inLanguage":"fr-FR","@id":"https:\/\/paca.lpo.fr\/blogs\/nice\/2012\/10\/15\/mise-en-refuge-a-villefranche-sur-mer-2\/#primaryimage","url":"https:\/\/paca.lpo.fr\/blogs\/nice\/files\/2012\/10\/10-14-0143.jpg","contentUrl":"https:\/\/paca.lpo.fr\/blogs\/nice\/files\/2012\/10\/10-14-0143.jpg","width":"800","height":"534"},{"@type":"BreadcrumbList","@id":"https:\/\/paca.lpo.fr\/blogs\/nice\/2012\/10\/15\/mise-en-refuge-a-villefranche-sur-mer-2\/#breadcrumb","itemListElement":[{"@type":"ListItem","position":1,"name":"Accueil","item":"https:\/\/paca.lpo.fr\/blogs\/nice\/"},{"@type":"ListItem","position":2,"name":"Mise en refuge \u00e0 Villefranche-sur-Mer"}]},{"@type":"WebSite","@id":"https:\/\/paca.lpo.fr\/blogs\/nice\/#website","url":"https:\/\/paca.lpo.fr\/blogs\/nice\/","name":"Groupe local Nice","description":"Groupe local Nice","publisher":{"@id":"https:\/\/paca.lpo.fr\/blogs\/nice\/#organization"},"potentialAction":[{"@type":"SearchAction","target":{"@type":"EntryPoint","urlTemplate":"https:\/\/paca.lpo.fr\/blogs\/nice\/?s={search_term_string}"},"query-input":{"@type":"PropertyValueSpecification","valueRequired":true,"valueName":"search_term_string"}}],"inLanguage":"fr-FR"},{"@type":"Organization","@id":"https:\/\/paca.lpo.fr\/blogs\/nice\/#organization","name":"Groupe local Nice","url":"https:\/\/paca.lpo.fr\/blogs\/nice\/","logo":{"@type":"ImageObject","inLanguage":"fr-FR","@id":"https:\/\/paca.lpo.fr\/blogs\/nice\/#\/schema\/logo\/image\/","url":"https:\/\/paca.lpo.fr\/blogs\/nice\/files\/2024\/01\/cropped-rvb-lpo-paca-logotype-signature-droite-mini-500.jpg","contentUrl":"https:\/\/paca.lpo.fr\/blogs\/nice\/files\/2024\/01\/cropped-rvb-lpo-paca-logotype-signature-droite-mini-500.jpg","width":500,"height":210,"caption":"Groupe local Nice"},"image":{"@id":"https:\/\/paca.lpo.fr\/blogs\/nice\/#\/schema\/logo\/image\/"}},{"@type":"Person","@id":"https:\/\/paca.lpo.fr\/blogs\/nice\/#\/schema\/person\/1bda33335fb71e0b3552487db26a4c56","name":"Groupe local Paillon-B\u00e9v\u00e9ra","image":{"@type":"ImageObject","inLanguage":"fr-FR","@id":"https:\/\/secure.gravatar.com\/avatar\/b1ee285506e2cb880ec988990d360e255aecb31c77212741dace1023623610c2?s=96&d=mm&r=g","url":"https:\/\/secure.gravatar.com\/avatar\/b1ee285506e2cb880ec988990d360e255aecb31c77212741dace1023623610c2?s=96&d=mm&r=g","contentUrl":"https:\/\/secure.gravatar.com\/avatar\/b1ee285506e2cb880ec988990d360e255aecb31c77212741dace1023623610c2?s=96&d=mm&r=g","caption":"Groupe local Paillon-B\u00e9v\u00e9ra"},"url":"https:\/\/paca.lpo.fr\/blogs\/nice\/author\/alpesmaritimesest\/"}]}},"jetpack_featured_media_url":"https:\/\/paca.lpo.fr\/blogs\/nice\/files\/2012\/10\/10-14-0143.jpg","_links":{"self":[{"href":"https:\/\/paca.lpo.fr\/blogs\/nice\/wp-json\/wp\/v2\/posts\/426","targetHints":{"allow":["GET"]}}],"collection":[{"href":"https:\/\/paca.lpo.fr\/blogs\/nice\/wp-json\/wp\/v2\/posts"}],"about":[{"href":"https:\/\/paca.lpo.fr\/blogs\/nice\/wp-json\/wp\/v2\/types\/post"}],"author":[{"embeddable":true,"href":"https:\/\/paca.lpo.fr\/blogs\/nice\/wp-json\/wp\/v2\/users\/15"}],"replies":[{"embeddable":true,"href":"https:\/\/paca.lpo.fr\/blogs\/nice\/wp-json\/wp\/v2\/comments?post=426"}],"version-history":[{"count":4,"href":"https:\/\/paca.lpo.fr\/blogs\/nice\/wp-json\/wp\/v2\/posts\/426\/revisions"}],"predecessor-version":[{"id":1143,"href":"https:\/\/paca.lpo.fr\/blogs\/nice\/wp-json\/wp\/v2\/posts\/426\/revisions\/1143"}],"wp:featuredmedia":[{"embeddable":true,"href":"https:\/\/paca.lpo.fr\/blogs\/nice\/wp-json\/wp\/v2\/media\/431"}],"wp:attachment":[{"href":"https:\/\/paca.lpo.fr\/blogs\/nice\/wp-json\/wp\/v2\/media?parent=426"}],"wp:term":[{"taxonomy":"category","embeddable":true,"href":"https:\/\/paca.lpo.fr\/blogs\/nice\/wp-json\/wp\/v2\/categories?post=426"},{"taxonomy":"post_tag","embeddable":true,"href":"https:\/\/paca.lpo.fr\/blogs\/nice\/wp-json\/wp\/v2\/tags?post=426"}],"curies":[{"name":"wp","href":"https:\/\/api.w.org\/{rel}","templated":true}]}}