{"id":5,"date":"2010-09-14T13:44:36","date_gmt":"2010-09-14T13:44:36","guid":{"rendered":"https:\/\/paca.lpo.fr\/blogs\/nice\/?p=1"},"modified":"2012-10-02T16:38:54","modified_gmt":"2012-10-02T15:38:54","slug":"bonjour-tout-le-monde-2","status":"publish","type":"post","link":"https:\/\/paca.lpo.fr\/blogs\/nice\/2010\/09\/14\/bonjour-tout-le-monde-2\/","title":{"rendered":"Journ\u00e9es M\u00e9diterran\u00e9ennes des Jardins \u00e0 Menton"},"content":{"rendered":"<div><a title=\"Cliquez pour pr\u00e9visualiser l'image\" href=\"http:\/\/paca.lpo.fr\/media\/k2\/items\/cache\/d61d44254608dd06ccdd2ff02982d14d_XL.jpg\"> <img decoding=\"async\" src=\"http:\/\/paca.lpo.fr\/media\/k2\/items\/cache\/d61d44254608dd06ccdd2ff02982d14d_L.jpg\" alt=\"Journ\u00e9es M\u00e9diterran\u00e9ennes des Jardins \u00e0 Menton\" \/> <\/a><\/div>\n<div>\n<p><strong><span style=\"color: #000000\">Les 11 &amp; 12 septembre, le Groupe Local \u00e9tait pr\u00e9sent aux Journ\u00e9es M\u00e9diterran\u00e9ennes des Jardins \u00e0 Menton.<\/span><\/strong><\/p>\n<p><strong><span style=\"color: #000000\">Une expo enti\u00e8rement d\u00e9di\u00e9e aux jardins s\u2019est d\u00e9roul\u00e9e dans un d\u00e9cor v\u00e9g\u00e9tal avec la M\u00e9diterran\u00e9e bleue azur d&rsquo;un c\u00f4t\u00e9 et la vieille ville de Menton et sa cath\u00e9drale de l&rsquo;autre.<\/span><\/strong><\/p>\n<p><strong><span style=\"color: #000000\">368 adultes et 18 enfants ont \u00e9t\u00e9 sensibilis\u00e9s sur\u00a0notre stand LPO, plus 136 adultes et 144 enfants qui se sont r\u00e9gal\u00e9s avec l&rsquo;animation de Fred et \u00ab\u00a0Hugo\u00a0\u00bb le go\u00e9land.<\/span><\/strong><\/p>\n<p><strong><span style=\"color: #000000\">Beaucoup de personnes qui ne nous connaissaient pas du tout ont \u00e9t\u00e9 renseign\u00e9es sur les activit\u00e9s de la LPO, et quelques unes seraient int\u00e9ress\u00e9es par le b\u00e9n\u00e9volat. D&rsquo;excellents contacts ont \u00e9t\u00e9 pris avec les services des espaces verts de la Ville de Menton, dont les responsables font preuve d\u2019une volont\u00e9 affich\u00e9e pour le classement des jardins de la Ville en Refuge LPO.<\/span><\/strong><\/p>\n<p><strong><span style=\"color: #000000\">C\u00f4t\u00e9 ornitho, on nous a signal\u00e9 pas mal de Huppe fasci\u00e9e dans l&rsquo;arri\u00e8re pas, et surtout une colonie de gu\u00eapiers (la piste semble s\u00e9rieuse).<\/span><\/strong><\/p>\n<p><strong><span style=\"color: #000000\">Une\u00a0visite et des \u00e9changes tr\u00e8s sympathiques\u00a0 avec un responsable du Parco Alpi Maritimi en Italie et son \u00e9pouse. Une excursion pour aller voir les gypa\u00e8tes en pr\u00e9vision !<\/span><\/strong><\/p>\n<\/div>\n","protected":false},"excerpt":{"rendered":"<p>Les 11 &amp; 12 septembre, le Groupe Local \u00e9tait pr\u00e9sent aux Journ\u00e9es M\u00e9diterran\u00e9ennes des Jardins \u00e0 Menton. Une expo enti\u00e8rement d\u00e9di\u00e9e aux jardins s\u2019est d\u00e9roul\u00e9e dans un d\u00e9cor v\u00e9g\u00e9tal avec la M\u00e9diterran\u00e9e bleue azur d&rsquo;un c\u00f4t\u00e9 et la vieille ville de Menton et sa cath\u00e9drale de l&rsquo;autre. 368 adultes et 18 enfants ont \u00e9t\u00e9 sensibilis\u00e9s [&hellip;]<\/p>\n","protected":false},"author":1,"featured_media":0,"comment_status":"open","ping_status":"open","sticky":false,"template":"","format":"standard","meta":{"footnotes":""},"categories":[3],"tags":[5,34],"class_list":["post-5","post","type-post","status-publish","format-standard","hentry","category-vie-groupe","tag-alpes-maritimes","tag-journees-mediterraneennes-des-jardins-a-menton"],"yoast_head":"<!-- This site is optimized with the Yoast SEO plugin v28.3 - https:\/\/yoast.com\/product\/yoast-seo-wordpress\/ -->\n<title>Journ\u00e9es M\u00e9diterran\u00e9ennes des Jardins \u00e0 Menton  - Groupe local Nice<\/title>\n<meta name=\"robots\" content=\"index, follow, max-snippet:-1, max-image-preview:large, max-video-preview:-1\" \/>\n<link rel=\"canonical\" href=\"https:\/\/paca.lpo.fr\/blogs\/nice\/2010\/09\/14\/bonjour-tout-le-monde-2\/\" \/>\n<meta property=\"og:locale\" content=\"fr_FR\" \/>\n<meta property=\"og:type\" content=\"article\" \/>\n<meta property=\"og:title\" content=\"Journ\u00e9es M\u00e9diterran\u00e9ennes des Jardins \u00e0 Menton  - Groupe local Nice\" \/>\n<meta property=\"og:description\" content=\"Les 11 &amp; 12 septembre, le Groupe Local \u00e9tait pr\u00e9sent aux Journ\u00e9es M\u00e9diterran\u00e9ennes des Jardins \u00e0 Menton. Une expo enti\u00e8rement d\u00e9di\u00e9e aux jardins s\u2019est d\u00e9roul\u00e9e dans un d\u00e9cor v\u00e9g\u00e9tal avec la M\u00e9diterran\u00e9e bleue azur d&rsquo;un c\u00f4t\u00e9 et la vieille ville de Menton et sa cath\u00e9drale de l&rsquo;autre. 368 adultes et 18 enfants ont \u00e9t\u00e9 sensibilis\u00e9s [&hellip;]\" \/>\n<meta property=\"og:url\" content=\"https:\/\/paca.lpo.fr\/blogs\/nice\/2010\/09\/14\/bonjour-tout-le-monde-2\/\" \/>\n<meta property=\"og:site_name\" content=\"Groupe local Nice\" \/>\n<meta property=\"article:published_time\" content=\"2010-09-14T13:44:36+00:00\" \/>\n<meta property=\"article:modified_time\" content=\"2012-10-02T15:38:54+00:00\" \/>\n<meta property=\"og:image\" content=\"http:\/\/paca.lpo.fr\/media\/k2\/items\/cache\/d61d44254608dd06ccdd2ff02982d14d_L.jpg\" \/>\n<meta name=\"author\" content=\"LPOPACA\" \/>\n<meta name=\"twitter:card\" content=\"summary_large_image\" \/>\n<meta name=\"twitter:label1\" content=\"\u00c9crit par\" \/>\n\t<meta name=\"twitter:data1\" content=\"LPOPACA\" \/>\n\t<meta name=\"twitter:label2\" content=\"Dur\u00e9e de lecture estim\u00e9e\" \/>\n\t<meta name=\"twitter:data2\" content=\"1 minute\" \/>\n<script type=\"application\/ld+json\" class=\"yoast-schema-graph\">{\"@context\":\"https:\\\/\\\/schema.org\",\"@graph\":[{\"@type\":\"Article\",\"@id\":\"https:\\\/\\\/paca.lpo.fr\\\/blogs\\\/nice\\\/2010\\\/09\\\/14\\\/bonjour-tout-le-monde-2\\\/#article\",\"isPartOf\":{\"@id\":\"https:\\\/\\\/paca.lpo.fr\\\/blogs\\\/nice\\\/2010\\\/09\\\/14\\\/bonjour-tout-le-monde-2\\\/\"},\"author\":{\"name\":\"LPOPACA\",\"@id\":\"https:\\\/\\\/paca.lpo.fr\\\/blogs\\\/nice\\\/#\\\/schema\\\/person\\\/f4701c21e2e412e301d69ea575732a07\"},\"headline\":\"Journ\u00e9es M\u00e9diterran\u00e9ennes des Jardins \u00e0 Menton\",\"datePublished\":\"2010-09-14T13:44:36+00:00\",\"dateModified\":\"2012-10-02T15:38:54+00:00\",\"mainEntityOfPage\":{\"@id\":\"https:\\\/\\\/paca.lpo.fr\\\/blogs\\\/nice\\\/2010\\\/09\\\/14\\\/bonjour-tout-le-monde-2\\\/\"},\"wordCount\":234,\"commentCount\":0,\"publisher\":{\"@id\":\"https:\\\/\\\/paca.lpo.fr\\\/blogs\\\/nice\\\/#organization\"},\"image\":{\"@id\":\"https:\\\/\\\/paca.lpo.fr\\\/blogs\\\/nice\\\/2010\\\/09\\\/14\\\/bonjour-tout-le-monde-2\\\/#primaryimage\"},\"thumbnailUrl\":\"http:\\\/\\\/paca.lpo.fr\\\/media\\\/k2\\\/items\\\/cache\\\/d61d44254608dd06ccdd2ff02982d14d_L.jpg\",\"keywords\":[\"Alpes Maritimes\",\"Journ\u00e9es M\u00e9diterran\u00e9ennes des Jardins \u00e0 Menton\"],\"articleSection\":[\"Vie du groupe\"],\"inLanguage\":\"fr-FR\",\"potentialAction\":[{\"@type\":\"CommentAction\",\"name\":\"Comment\",\"target\":[\"https:\\\/\\\/paca.lpo.fr\\\/blogs\\\/nice\\\/2010\\\/09\\\/14\\\/bonjour-tout-le-monde-2\\\/#respond\"]}]},{\"@type\":\"WebPage\",\"@id\":\"https:\\\/\\\/paca.lpo.fr\\\/blogs\\\/nice\\\/2010\\\/09\\\/14\\\/bonjour-tout-le-monde-2\\\/\",\"url\":\"https:\\\/\\\/paca.lpo.fr\\\/blogs\\\/nice\\\/2010\\\/09\\\/14\\\/bonjour-tout-le-monde-2\\\/\",\"name\":\"Journ\u00e9es M\u00e9diterran\u00e9ennes des Jardins \u00e0 Menton - Groupe local Nice\",\"isPartOf\":{\"@id\":\"https:\\\/\\\/paca.lpo.fr\\\/blogs\\\/nice\\\/#website\"},\"primaryImageOfPage\":{\"@id\":\"https:\\\/\\\/paca.lpo.fr\\\/blogs\\\/nice\\\/2010\\\/09\\\/14\\\/bonjour-tout-le-monde-2\\\/#primaryimage\"},\"image\":{\"@id\":\"https:\\\/\\\/paca.lpo.fr\\\/blogs\\\/nice\\\/2010\\\/09\\\/14\\\/bonjour-tout-le-monde-2\\\/#primaryimage\"},\"thumbnailUrl\":\"http:\\\/\\\/paca.lpo.fr\\\/media\\\/k2\\\/items\\\/cache\\\/d61d44254608dd06ccdd2ff02982d14d_L.jpg\",\"datePublished\":\"2010-09-14T13:44:36+00:00\",\"dateModified\":\"2012-10-02T15:38:54+00:00\",\"breadcrumb\":{\"@id\":\"https:\\\/\\\/paca.lpo.fr\\\/blogs\\\/nice\\\/2010\\\/09\\\/14\\\/bonjour-tout-le-monde-2\\\/#breadcrumb\"},\"inLanguage\":\"fr-FR\",\"potentialAction\":[{\"@type\":\"ReadAction\",\"target\":[\"https:\\\/\\\/paca.lpo.fr\\\/blogs\\\/nice\\\/2010\\\/09\\\/14\\\/bonjour-tout-le-monde-2\\\/\"]}]},{\"@type\":\"ImageObject\",\"inLanguage\":\"fr-FR\",\"@id\":\"https:\\\/\\\/paca.lpo.fr\\\/blogs\\\/nice\\\/2010\\\/09\\\/14\\\/bonjour-tout-le-monde-2\\\/#primaryimage\",\"url\":\"http:\\\/\\\/paca.lpo.fr\\\/media\\\/k2\\\/items\\\/cache\\\/d61d44254608dd06ccdd2ff02982d14d_L.jpg\",\"contentUrl\":\"http:\\\/\\\/paca.lpo.fr\\\/media\\\/k2\\\/items\\\/cache\\\/d61d44254608dd06ccdd2ff02982d14d_L.jpg\"},{\"@type\":\"BreadcrumbList\",\"@id\":\"https:\\\/\\\/paca.lpo.fr\\\/blogs\\\/nice\\\/2010\\\/09\\\/14\\\/bonjour-tout-le-monde-2\\\/#breadcrumb\",\"itemListElement\":[{\"@type\":\"ListItem\",\"position\":1,\"name\":\"Accueil\",\"item\":\"https:\\\/\\\/paca.lpo.fr\\\/blogs\\\/nice\\\/\"},{\"@type\":\"ListItem\",\"position\":2,\"name\":\"Journ\u00e9es M\u00e9diterran\u00e9ennes des Jardins \u00e0 Menton\"}]},{\"@type\":\"WebSite\",\"@id\":\"https:\\\/\\\/paca.lpo.fr\\\/blogs\\\/nice\\\/#website\",\"url\":\"https:\\\/\\\/paca.lpo.fr\\\/blogs\\\/nice\\\/\",\"name\":\"Groupe local Nice\",\"description\":\"Groupe local Nice\",\"publisher\":{\"@id\":\"https:\\\/\\\/paca.lpo.fr\\\/blogs\\\/nice\\\/#organization\"},\"potentialAction\":[{\"@type\":\"SearchAction\",\"target\":{\"@type\":\"EntryPoint\",\"urlTemplate\":\"https:\\\/\\\/paca.lpo.fr\\\/blogs\\\/nice\\\/?s={search_term_string}\"},\"query-input\":{\"@type\":\"PropertyValueSpecification\",\"valueRequired\":true,\"valueName\":\"search_term_string\"}}],\"inLanguage\":\"fr-FR\"},{\"@type\":\"Organization\",\"@id\":\"https:\\\/\\\/paca.lpo.fr\\\/blogs\\\/nice\\\/#organization\",\"name\":\"Groupe local Nice\",\"url\":\"https:\\\/\\\/paca.lpo.fr\\\/blogs\\\/nice\\\/\",\"logo\":{\"@type\":\"ImageObject\",\"inLanguage\":\"fr-FR\",\"@id\":\"https:\\\/\\\/paca.lpo.fr\\\/blogs\\\/nice\\\/#\\\/schema\\\/logo\\\/image\\\/\",\"url\":\"https:\\\/\\\/paca.lpo.fr\\\/blogs\\\/nice\\\/files\\\/2024\\\/01\\\/cropped-rvb-lpo-paca-logotype-signature-droite-mini-500.jpg\",\"contentUrl\":\"https:\\\/\\\/paca.lpo.fr\\\/blogs\\\/nice\\\/files\\\/2024\\\/01\\\/cropped-rvb-lpo-paca-logotype-signature-droite-mini-500.jpg\",\"width\":500,\"height\":210,\"caption\":\"Groupe local Nice\"},\"image\":{\"@id\":\"https:\\\/\\\/paca.lpo.fr\\\/blogs\\\/nice\\\/#\\\/schema\\\/logo\\\/image\\\/\"}},{\"@type\":\"Person\",\"@id\":\"https:\\\/\\\/paca.lpo.fr\\\/blogs\\\/nice\\\/#\\\/schema\\\/person\\\/f4701c21e2e412e301d69ea575732a07\",\"name\":\"LPOPACA\",\"image\":{\"@type\":\"ImageObject\",\"inLanguage\":\"fr-FR\",\"@id\":\"https:\\\/\\\/secure.gravatar.com\\\/avatar\\\/61b4fe4aeb906264475360b018582a8a825394c21df85ee757345c68c15ddd14?s=96&d=mm&r=g\",\"url\":\"https:\\\/\\\/secure.gravatar.com\\\/avatar\\\/61b4fe4aeb906264475360b018582a8a825394c21df85ee757345c68c15ddd14?s=96&d=mm&r=g\",\"contentUrl\":\"https:\\\/\\\/secure.gravatar.com\\\/avatar\\\/61b4fe4aeb906264475360b018582a8a825394c21df85ee757345c68c15ddd14?s=96&d=mm&r=g\",\"caption\":\"LPOPACA\"},\"url\":\"https:\\\/\\\/paca.lpo.fr\\\/blogs\\\/nice\\\/author\\\/lpopaca\\\/\"}]}<\/script>\n<!-- \/ Yoast SEO plugin. -->","yoast_head_json":{"title":"Journ\u00e9es M\u00e9diterran\u00e9ennes des Jardins \u00e0 Menton  - Groupe local Nice","robots":{"index":"index","follow":"follow","max-snippet":"max-snippet:-1","max-image-preview":"max-image-preview:large","max-video-preview":"max-video-preview:-1"},"canonical":"https:\/\/paca.lpo.fr\/blogs\/nice\/2010\/09\/14\/bonjour-tout-le-monde-2\/","og_locale":"fr_FR","og_type":"article","og_title":"Journ\u00e9es M\u00e9diterran\u00e9ennes des Jardins \u00e0 Menton  - Groupe local Nice","og_description":"Les 11 &amp; 12 septembre, le Groupe Local \u00e9tait pr\u00e9sent aux Journ\u00e9es M\u00e9diterran\u00e9ennes des Jardins \u00e0 Menton. Une expo enti\u00e8rement d\u00e9di\u00e9e aux jardins s\u2019est d\u00e9roul\u00e9e dans un d\u00e9cor v\u00e9g\u00e9tal avec la M\u00e9diterran\u00e9e bleue azur d&rsquo;un c\u00f4t\u00e9 et la vieille ville de Menton et sa cath\u00e9drale de l&rsquo;autre. 368 adultes et 18 enfants ont \u00e9t\u00e9 sensibilis\u00e9s [&hellip;]","og_url":"https:\/\/paca.lpo.fr\/blogs\/nice\/2010\/09\/14\/bonjour-tout-le-monde-2\/","og_site_name":"Groupe local Nice","article_published_time":"2010-09-14T13:44:36+00:00","article_modified_time":"2012-10-02T15:38:54+00:00","og_image":[{"url":"http:\/\/paca.lpo.fr\/media\/k2\/items\/cache\/d61d44254608dd06ccdd2ff02982d14d_L.jpg","type":"","width":"","height":""}],"author":"LPOPACA","twitter_card":"summary_large_image","twitter_misc":{"\u00c9crit par":"LPOPACA","Dur\u00e9e de lecture estim\u00e9e":"1 minute"},"schema":{"@context":"https:\/\/schema.org","@graph":[{"@type":"Article","@id":"https:\/\/paca.lpo.fr\/blogs\/nice\/2010\/09\/14\/bonjour-tout-le-monde-2\/#article","isPartOf":{"@id":"https:\/\/paca.lpo.fr\/blogs\/nice\/2010\/09\/14\/bonjour-tout-le-monde-2\/"},"author":{"name":"LPOPACA","@id":"https:\/\/paca.lpo.fr\/blogs\/nice\/#\/schema\/person\/f4701c21e2e412e301d69ea575732a07"},"headline":"Journ\u00e9es M\u00e9diterran\u00e9ennes des Jardins \u00e0 Menton","datePublished":"2010-09-14T13:44:36+00:00","dateModified":"2012-10-02T15:38:54+00:00","mainEntityOfPage":{"@id":"https:\/\/paca.lpo.fr\/blogs\/nice\/2010\/09\/14\/bonjour-tout-le-monde-2\/"},"wordCount":234,"commentCount":0,"publisher":{"@id":"https:\/\/paca.lpo.fr\/blogs\/nice\/#organization"},"image":{"@id":"https:\/\/paca.lpo.fr\/blogs\/nice\/2010\/09\/14\/bonjour-tout-le-monde-2\/#primaryimage"},"thumbnailUrl":"http:\/\/paca.lpo.fr\/media\/k2\/items\/cache\/d61d44254608dd06ccdd2ff02982d14d_L.jpg","keywords":["Alpes Maritimes","Journ\u00e9es M\u00e9diterran\u00e9ennes des Jardins \u00e0 Menton"],"articleSection":["Vie du groupe"],"inLanguage":"fr-FR","potentialAction":[{"@type":"CommentAction","name":"Comment","target":["https:\/\/paca.lpo.fr\/blogs\/nice\/2010\/09\/14\/bonjour-tout-le-monde-2\/#respond"]}]},{"@type":"WebPage","@id":"https:\/\/paca.lpo.fr\/blogs\/nice\/2010\/09\/14\/bonjour-tout-le-monde-2\/","url":"https:\/\/paca.lpo.fr\/blogs\/nice\/2010\/09\/14\/bonjour-tout-le-monde-2\/","name":"Journ\u00e9es M\u00e9diterran\u00e9ennes des Jardins \u00e0 Menton - Groupe local Nice","isPartOf":{"@id":"https:\/\/paca.lpo.fr\/blogs\/nice\/#website"},"primaryImageOfPage":{"@id":"https:\/\/paca.lpo.fr\/blogs\/nice\/2010\/09\/14\/bonjour-tout-le-monde-2\/#primaryimage"},"image":{"@id":"https:\/\/paca.lpo.fr\/blogs\/nice\/2010\/09\/14\/bonjour-tout-le-monde-2\/#primaryimage"},"thumbnailUrl":"http:\/\/paca.lpo.fr\/media\/k2\/items\/cache\/d61d44254608dd06ccdd2ff02982d14d_L.jpg","datePublished":"2010-09-14T13:44:36+00:00","dateModified":"2012-10-02T15:38:54+00:00","breadcrumb":{"@id":"https:\/\/paca.lpo.fr\/blogs\/nice\/2010\/09\/14\/bonjour-tout-le-monde-2\/#breadcrumb"},"inLanguage":"fr-FR","potentialAction":[{"@type":"ReadAction","target":["https:\/\/paca.lpo.fr\/blogs\/nice\/2010\/09\/14\/bonjour-tout-le-monde-2\/"]}]},{"@type":"ImageObject","inLanguage":"fr-FR","@id":"https:\/\/paca.lpo.fr\/blogs\/nice\/2010\/09\/14\/bonjour-tout-le-monde-2\/#primaryimage","url":"http:\/\/paca.lpo.fr\/media\/k2\/items\/cache\/d61d44254608dd06ccdd2ff02982d14d_L.jpg","contentUrl":"http:\/\/paca.lpo.fr\/media\/k2\/items\/cache\/d61d44254608dd06ccdd2ff02982d14d_L.jpg"},{"@type":"BreadcrumbList","@id":"https:\/\/paca.lpo.fr\/blogs\/nice\/2010\/09\/14\/bonjour-tout-le-monde-2\/#breadcrumb","itemListElement":[{"@type":"ListItem","position":1,"name":"Accueil","item":"https:\/\/paca.lpo.fr\/blogs\/nice\/"},{"@type":"ListItem","position":2,"name":"Journ\u00e9es M\u00e9diterran\u00e9ennes des Jardins \u00e0 Menton"}]},{"@type":"WebSite","@id":"https:\/\/paca.lpo.fr\/blogs\/nice\/#website","url":"https:\/\/paca.lpo.fr\/blogs\/nice\/","name":"Groupe local Nice","description":"Groupe local Nice","publisher":{"@id":"https:\/\/paca.lpo.fr\/blogs\/nice\/#organization"},"potentialAction":[{"@type":"SearchAction","target":{"@type":"EntryPoint","urlTemplate":"https:\/\/paca.lpo.fr\/blogs\/nice\/?s={search_term_string}"},"query-input":{"@type":"PropertyValueSpecification","valueRequired":true,"valueName":"search_term_string"}}],"inLanguage":"fr-FR"},{"@type":"Organization","@id":"https:\/\/paca.lpo.fr\/blogs\/nice\/#organization","name":"Groupe local Nice","url":"https:\/\/paca.lpo.fr\/blogs\/nice\/","logo":{"@type":"ImageObject","inLanguage":"fr-FR","@id":"https:\/\/paca.lpo.fr\/blogs\/nice\/#\/schema\/logo\/image\/","url":"https:\/\/paca.lpo.fr\/blogs\/nice\/files\/2024\/01\/cropped-rvb-lpo-paca-logotype-signature-droite-mini-500.jpg","contentUrl":"https:\/\/paca.lpo.fr\/blogs\/nice\/files\/2024\/01\/cropped-rvb-lpo-paca-logotype-signature-droite-mini-500.jpg","width":500,"height":210,"caption":"Groupe local Nice"},"image":{"@id":"https:\/\/paca.lpo.fr\/blogs\/nice\/#\/schema\/logo\/image\/"}},{"@type":"Person","@id":"https:\/\/paca.lpo.fr\/blogs\/nice\/#\/schema\/person\/f4701c21e2e412e301d69ea575732a07","name":"LPOPACA","image":{"@type":"ImageObject","inLanguage":"fr-FR","@id":"https:\/\/secure.gravatar.com\/avatar\/61b4fe4aeb906264475360b018582a8a825394c21df85ee757345c68c15ddd14?s=96&d=mm&r=g","url":"https:\/\/secure.gravatar.com\/avatar\/61b4fe4aeb906264475360b018582a8a825394c21df85ee757345c68c15ddd14?s=96&d=mm&r=g","contentUrl":"https:\/\/secure.gravatar.com\/avatar\/61b4fe4aeb906264475360b018582a8a825394c21df85ee757345c68c15ddd14?s=96&d=mm&r=g","caption":"LPOPACA"},"url":"https:\/\/paca.lpo.fr\/blogs\/nice\/author\/lpopaca\/"}]}},"jetpack_featured_media_url":"","_links":{"self":[{"href":"https:\/\/paca.lpo.fr\/blogs\/nice\/wp-json\/wp\/v2\/posts\/5","targetHints":{"allow":["GET"]}}],"collection":[{"href":"https:\/\/paca.lpo.fr\/blogs\/nice\/wp-json\/wp\/v2\/posts"}],"about":[{"href":"https:\/\/paca.lpo.fr\/blogs\/nice\/wp-json\/wp\/v2\/types\/post"}],"author":[{"embeddable":true,"href":"https:\/\/paca.lpo.fr\/blogs\/nice\/wp-json\/wp\/v2\/users\/1"}],"replies":[{"embeddable":true,"href":"https:\/\/paca.lpo.fr\/blogs\/nice\/wp-json\/wp\/v2\/comments?post=5"}],"version-history":[{"count":1,"href":"https:\/\/paca.lpo.fr\/blogs\/nice\/wp-json\/wp\/v2\/posts\/5\/revisions"}],"predecessor-version":[{"id":317,"href":"https:\/\/paca.lpo.fr\/blogs\/nice\/wp-json\/wp\/v2\/posts\/5\/revisions\/317"}],"wp:attachment":[{"href":"https:\/\/paca.lpo.fr\/blogs\/nice\/wp-json\/wp\/v2\/media?parent=5"}],"wp:term":[{"taxonomy":"category","embeddable":true,"href":"https:\/\/paca.lpo.fr\/blogs\/nice\/wp-json\/wp\/v2\/categories?post=5"},{"taxonomy":"post_tag","embeddable":true,"href":"https:\/\/paca.lpo.fr\/blogs\/nice\/wp-json\/wp\/v2\/tags?post=5"}],"curies":[{"name":"wp","href":"https:\/\/api.w.org\/{rel}","templated":true}]}}