{"id":526,"date":"2013-02-06T15:42:59","date_gmt":"2013-02-06T14:42:59","guid":{"rendered":"https:\/\/paca.lpo.fr\/blogs\/nice\/?p=526"},"modified":"2013-05-07T13:08:39","modified_gmt":"2013-05-07T12:08:39","slug":"journee-mondiale-des-zones-humides","status":"publish","type":"post","link":"https:\/\/paca.lpo.fr\/blogs\/nice\/2013\/02\/06\/journee-mondiale-des-zones-humides\/","title":{"rendered":"Journ\u00e9e Mondiale des Zones Humides"},"content":{"rendered":"<p><a href=\"https:\/\/paca.lpo.fr\/blogs\/nice\/2013\/02\/06\/journee-mondiale-des-zones-humides\/crecerellefp-blog-2\/\" rel=\"attachment wp-att-531\"><br \/>\n<\/a><a href=\"https:\/\/paca.lpo.fr\/blogs\/nice\/2013\/02\/06\/journee-mondiale-des-zones-humides\/crecerellefp-blog\/\" rel=\"attachment wp-att-529\"><br \/>\n<\/a><a href=\"https:\/\/paca.lpo.fr\/blogs\/nice\/2013\/02\/06\/journee-mondiale-des-zones-humides\/cygnes-photo-y-delepine\/\" rel=\"attachment wp-att-530\"><br \/>\n<\/a><strong><span style=\"color: #000000\">Les deux groupes des Alpes Maritimes, Pr\u00e9alpes d\u2019Azur et 06 Est ont tenu une permanence \u00e0 l\u2019embouchure du Var pour la Journ\u00e9e Mondiale des Zones Humides 2013. La m\u00e9t\u00e9o n\u2019\u00e9tait pas de notre c\u00f4t\u00e9 pour cet \u00e9v\u00e8nement, mais malgr\u00e9 le vent froid 32 personnes sont venues passer un moment avec les b\u00e9n\u00e9voles\u00a0: des visages connus mais aussi de sympathiques amoureux de la nature, dont certains rejoindront les deux groupes locaux. Dommage que le vent nous emp\u00eachait de bien pr\u00e9senter au public notre documentation.<\/span><\/strong><\/p>\n<p><strong><span style=\"color: #000000\">Malgr\u00e9 l&rsquo;environnement urbain, l&#8217;embouchure reste un des lieux favoris des ornithologues de la C\u00f4te d&rsquo;Azur. Plus de 150 esp\u00e8ces d&rsquo;oiseaux ont \u00e9t\u00e9 recens\u00e9es \u00e0 cet endroit! Beaucoup d&rsquo;entre eux sont migrateurs de passage, ou des hivernants venant chercher le doux climat de la c\u00f4te. Les oiseaux d\u2019eau n\u2019\u00e9taient pas nombreux \u00e0 se montrer ce 2 f\u00e9vrier, mais nous avons pu observer des cormorans, des sarcelles, des cygnes et des colverts. Un beau busard des roseaux nous a survol\u00e9 et un faucon cr\u00e9cerelle a assur\u00e9 le spectacle tout \u00a0pr\u00e8s avec son \u00ab\u00a0saint esprit\u00a0\u00bb, avant d\u2019aller se poser au sommet d\u2019un<\/span> <span style=\"color: #000000\">arbre. Une bouscarle de cetti s\u2019est faite entendre tout<\/span> <span style=\"color: #000000\">pr\u00e8s de l\u2019observatoire<\/span><\/strong>.<a href=\"https:\/\/paca.lpo.fr\/blogs\/nice\/2013\/02\/06\/journee-mondiale-des-zones-humides\/crecerellefp-blog-2\/\" rel=\"attachment wp-att-531\"><img loading=\"lazy\" decoding=\"async\" src=\"https:\/\/paca.lpo.fr\/blogs\/nice\/files\/2013\/02\/crec\u00e9relleFP-blog1.jpg\" alt=\"\" width=\"437\" height=\"426\" \/><\/a><a href=\"https:\/\/paca.lpo.fr\/blogs\/nice\/2013\/02\/06\/journee-mondiale-des-zones-humides\/jmzh-visiteurs-photo-y-delepine\/\" rel=\"attachment wp-att-527\"><img loading=\"lazy\" decoding=\"async\" class=\"aligncenter size-full wp-image-527\" src=\"https:\/\/paca.lpo.fr\/blogs\/nice\/files\/2013\/02\/JMZH-visiteurs-photo-Y.Del\u00e9pine.jpg\" alt=\"\" width=\"498\" height=\"333\" srcset=\"https:\/\/paca.lpo.fr\/blogs\/nice\/files\/2013\/02\/JMZH-visiteurs-photo-Y.Del\u00e9pine.jpg 498w, https:\/\/paca.lpo.fr\/blogs\/nice\/files\/2013\/02\/JMZH-visiteurs-photo-Y.Del\u00e9pine-480x320.jpg 480w\" sizes=\"auto, (max-width: 498px) 100vw, 498px\" \/><\/a><\/p>\n","protected":false},"excerpt":{"rendered":"<p>Les deux groupes des Alpes Maritimes, Pr\u00e9alpes d\u2019Azur et 06 Est ont tenu une permanence \u00e0 l\u2019embouchure du Var pour la Journ\u00e9e Mondiale des Zones Humides 2013. La m\u00e9t\u00e9o n\u2019\u00e9tait pas de notre c\u00f4t\u00e9 pour cet \u00e9v\u00e8nement, mais malgr\u00e9 le vent froid 32 personnes sont venues passer un moment avec les b\u00e9n\u00e9voles\u00a0: des visages connus [&hellip;]<\/p>\n","protected":false},"author":15,"featured_media":530,"comment_status":"open","ping_status":"open","sticky":false,"template":"","format":"standard","meta":{"footnotes":""},"categories":[1],"tags":[],"class_list":["post-526","post","type-post","status-publish","format-standard","has-post-thumbnail","hentry","category-sorties-nature"],"yoast_head":"<!-- This site is optimized with the Yoast SEO plugin v28.3 - https:\/\/yoast.com\/product\/yoast-seo-wordpress\/ -->\n<title>Journ\u00e9e Mondiale des Zones Humides - Groupe local Nice<\/title>\n<meta name=\"robots\" content=\"index, follow, max-snippet:-1, max-image-preview:large, max-video-preview:-1\" \/>\n<link rel=\"canonical\" href=\"https:\/\/paca.lpo.fr\/blogs\/nice\/2013\/02\/06\/journee-mondiale-des-zones-humides\/\" \/>\n<meta property=\"og:locale\" content=\"fr_FR\" \/>\n<meta property=\"og:type\" content=\"article\" \/>\n<meta property=\"og:title\" content=\"Journ\u00e9e Mondiale des Zones Humides - Groupe local Nice\" \/>\n<meta property=\"og:description\" content=\"Les deux groupes des Alpes Maritimes, Pr\u00e9alpes d\u2019Azur et 06 Est ont tenu une permanence \u00e0 l\u2019embouchure du Var pour la Journ\u00e9e Mondiale des Zones Humides 2013. La m\u00e9t\u00e9o n\u2019\u00e9tait pas de notre c\u00f4t\u00e9 pour cet \u00e9v\u00e8nement, mais malgr\u00e9 le vent froid 32 personnes sont venues passer un moment avec les b\u00e9n\u00e9voles\u00a0: des visages connus [&hellip;]\" \/>\n<meta property=\"og:url\" content=\"https:\/\/paca.lpo.fr\/blogs\/nice\/2013\/02\/06\/journee-mondiale-des-zones-humides\/\" \/>\n<meta property=\"og:site_name\" content=\"Groupe local Nice\" \/>\n<meta property=\"article:published_time\" content=\"2013-02-06T14:42:59+00:00\" \/>\n<meta property=\"article:modified_time\" content=\"2013-05-07T12:08:39+00:00\" \/>\n<meta property=\"og:image\" content=\"https:\/\/paca.lpo.fr\/blogs\/nice\/files\/2013\/02\/cygnes-photo-Y.Del\u00e9pine.jpg\" \/>\n\t<meta property=\"og:image:width\" content=\"499\" \/>\n\t<meta property=\"og:image:height\" content=\"338\" \/>\n\t<meta property=\"og:image:type\" content=\"image\/jpeg\" \/>\n<meta name=\"author\" content=\"Groupe local Paillon-B\u00e9v\u00e9ra\" \/>\n<meta name=\"twitter:card\" content=\"summary_large_image\" \/>\n<meta name=\"twitter:label1\" content=\"\u00c9crit par\" \/>\n\t<meta name=\"twitter:data1\" content=\"Groupe local Paillon-B\u00e9v\u00e9ra\" \/>\n\t<meta name=\"twitter:label2\" content=\"Dur\u00e9e de lecture estim\u00e9e\" \/>\n\t<meta name=\"twitter:data2\" content=\"1 minute\" \/>\n<script type=\"application\/ld+json\" class=\"yoast-schema-graph\">{\"@context\":\"https:\\\/\\\/schema.org\",\"@graph\":[{\"@type\":\"Article\",\"@id\":\"https:\\\/\\\/paca.lpo.fr\\\/blogs\\\/nice\\\/2013\\\/02\\\/06\\\/journee-mondiale-des-zones-humides\\\/#article\",\"isPartOf\":{\"@id\":\"https:\\\/\\\/paca.lpo.fr\\\/blogs\\\/nice\\\/2013\\\/02\\\/06\\\/journee-mondiale-des-zones-humides\\\/\"},\"author\":{\"name\":\"Groupe local Paillon-B\u00e9v\u00e9ra\",\"@id\":\"https:\\\/\\\/paca.lpo.fr\\\/blogs\\\/nice\\\/#\\\/schema\\\/person\\\/1bda33335fb71e0b3552487db26a4c56\"},\"headline\":\"Journ\u00e9e Mondiale des Zones Humides\",\"datePublished\":\"2013-02-06T14:42:59+00:00\",\"dateModified\":\"2013-05-07T12:08:39+00:00\",\"mainEntityOfPage\":{\"@id\":\"https:\\\/\\\/paca.lpo.fr\\\/blogs\\\/nice\\\/2013\\\/02\\\/06\\\/journee-mondiale-des-zones-humides\\\/\"},\"wordCount\":224,\"commentCount\":0,\"publisher\":{\"@id\":\"https:\\\/\\\/paca.lpo.fr\\\/blogs\\\/nice\\\/#organization\"},\"image\":{\"@id\":\"https:\\\/\\\/paca.lpo.fr\\\/blogs\\\/nice\\\/2013\\\/02\\\/06\\\/journee-mondiale-des-zones-humides\\\/#primaryimage\"},\"thumbnailUrl\":\"https:\\\/\\\/paca.lpo.fr\\\/blogs\\\/nice\\\/files\\\/2013\\\/02\\\/cygnes-photo-Y.Del\u00e9pine.jpg\",\"articleSection\":[\"grands \u00e9v\u00e8nements\"],\"inLanguage\":\"fr-FR\",\"potentialAction\":[{\"@type\":\"CommentAction\",\"name\":\"Comment\",\"target\":[\"https:\\\/\\\/paca.lpo.fr\\\/blogs\\\/nice\\\/2013\\\/02\\\/06\\\/journee-mondiale-des-zones-humides\\\/#respond\"]}]},{\"@type\":\"WebPage\",\"@id\":\"https:\\\/\\\/paca.lpo.fr\\\/blogs\\\/nice\\\/2013\\\/02\\\/06\\\/journee-mondiale-des-zones-humides\\\/\",\"url\":\"https:\\\/\\\/paca.lpo.fr\\\/blogs\\\/nice\\\/2013\\\/02\\\/06\\\/journee-mondiale-des-zones-humides\\\/\",\"name\":\"Journ\u00e9e Mondiale des Zones Humides - Groupe local Nice\",\"isPartOf\":{\"@id\":\"https:\\\/\\\/paca.lpo.fr\\\/blogs\\\/nice\\\/#website\"},\"primaryImageOfPage\":{\"@id\":\"https:\\\/\\\/paca.lpo.fr\\\/blogs\\\/nice\\\/2013\\\/02\\\/06\\\/journee-mondiale-des-zones-humides\\\/#primaryimage\"},\"image\":{\"@id\":\"https:\\\/\\\/paca.lpo.fr\\\/blogs\\\/nice\\\/2013\\\/02\\\/06\\\/journee-mondiale-des-zones-humides\\\/#primaryimage\"},\"thumbnailUrl\":\"https:\\\/\\\/paca.lpo.fr\\\/blogs\\\/nice\\\/files\\\/2013\\\/02\\\/cygnes-photo-Y.Del\u00e9pine.jpg\",\"datePublished\":\"2013-02-06T14:42:59+00:00\",\"dateModified\":\"2013-05-07T12:08:39+00:00\",\"breadcrumb\":{\"@id\":\"https:\\\/\\\/paca.lpo.fr\\\/blogs\\\/nice\\\/2013\\\/02\\\/06\\\/journee-mondiale-des-zones-humides\\\/#breadcrumb\"},\"inLanguage\":\"fr-FR\",\"potentialAction\":[{\"@type\":\"ReadAction\",\"target\":[\"https:\\\/\\\/paca.lpo.fr\\\/blogs\\\/nice\\\/2013\\\/02\\\/06\\\/journee-mondiale-des-zones-humides\\\/\"]}]},{\"@type\":\"ImageObject\",\"inLanguage\":\"fr-FR\",\"@id\":\"https:\\\/\\\/paca.lpo.fr\\\/blogs\\\/nice\\\/2013\\\/02\\\/06\\\/journee-mondiale-des-zones-humides\\\/#primaryimage\",\"url\":\"https:\\\/\\\/paca.lpo.fr\\\/blogs\\\/nice\\\/files\\\/2013\\\/02\\\/cygnes-photo-Y.Del\u00e9pine.jpg\",\"contentUrl\":\"https:\\\/\\\/paca.lpo.fr\\\/blogs\\\/nice\\\/files\\\/2013\\\/02\\\/cygnes-photo-Y.Del\u00e9pine.jpg\",\"width\":\"499\",\"height\":\"338\"},{\"@type\":\"BreadcrumbList\",\"@id\":\"https:\\\/\\\/paca.lpo.fr\\\/blogs\\\/nice\\\/2013\\\/02\\\/06\\\/journee-mondiale-des-zones-humides\\\/#breadcrumb\",\"itemListElement\":[{\"@type\":\"ListItem\",\"position\":1,\"name\":\"Accueil\",\"item\":\"https:\\\/\\\/paca.lpo.fr\\\/blogs\\\/nice\\\/\"},{\"@type\":\"ListItem\",\"position\":2,\"name\":\"Journ\u00e9e Mondiale des Zones Humides\"}]},{\"@type\":\"WebSite\",\"@id\":\"https:\\\/\\\/paca.lpo.fr\\\/blogs\\\/nice\\\/#website\",\"url\":\"https:\\\/\\\/paca.lpo.fr\\\/blogs\\\/nice\\\/\",\"name\":\"Groupe local Nice\",\"description\":\"Groupe local Nice\",\"publisher\":{\"@id\":\"https:\\\/\\\/paca.lpo.fr\\\/blogs\\\/nice\\\/#organization\"},\"potentialAction\":[{\"@type\":\"SearchAction\",\"target\":{\"@type\":\"EntryPoint\",\"urlTemplate\":\"https:\\\/\\\/paca.lpo.fr\\\/blogs\\\/nice\\\/?s={search_term_string}\"},\"query-input\":{\"@type\":\"PropertyValueSpecification\",\"valueRequired\":true,\"valueName\":\"search_term_string\"}}],\"inLanguage\":\"fr-FR\"},{\"@type\":\"Organization\",\"@id\":\"https:\\\/\\\/paca.lpo.fr\\\/blogs\\\/nice\\\/#organization\",\"name\":\"Groupe local Nice\",\"url\":\"https:\\\/\\\/paca.lpo.fr\\\/blogs\\\/nice\\\/\",\"logo\":{\"@type\":\"ImageObject\",\"inLanguage\":\"fr-FR\",\"@id\":\"https:\\\/\\\/paca.lpo.fr\\\/blogs\\\/nice\\\/#\\\/schema\\\/logo\\\/image\\\/\",\"url\":\"https:\\\/\\\/paca.lpo.fr\\\/blogs\\\/nice\\\/files\\\/2024\\\/01\\\/cropped-rvb-lpo-paca-logotype-signature-droite-mini-500.jpg\",\"contentUrl\":\"https:\\\/\\\/paca.lpo.fr\\\/blogs\\\/nice\\\/files\\\/2024\\\/01\\\/cropped-rvb-lpo-paca-logotype-signature-droite-mini-500.jpg\",\"width\":500,\"height\":210,\"caption\":\"Groupe local Nice\"},\"image\":{\"@id\":\"https:\\\/\\\/paca.lpo.fr\\\/blogs\\\/nice\\\/#\\\/schema\\\/logo\\\/image\\\/\"}},{\"@type\":\"Person\",\"@id\":\"https:\\\/\\\/paca.lpo.fr\\\/blogs\\\/nice\\\/#\\\/schema\\\/person\\\/1bda33335fb71e0b3552487db26a4c56\",\"name\":\"Groupe local Paillon-B\u00e9v\u00e9ra\",\"image\":{\"@type\":\"ImageObject\",\"inLanguage\":\"fr-FR\",\"@id\":\"https:\\\/\\\/secure.gravatar.com\\\/avatar\\\/b1ee285506e2cb880ec988990d360e255aecb31c77212741dace1023623610c2?s=96&d=mm&r=g\",\"url\":\"https:\\\/\\\/secure.gravatar.com\\\/avatar\\\/b1ee285506e2cb880ec988990d360e255aecb31c77212741dace1023623610c2?s=96&d=mm&r=g\",\"contentUrl\":\"https:\\\/\\\/secure.gravatar.com\\\/avatar\\\/b1ee285506e2cb880ec988990d360e255aecb31c77212741dace1023623610c2?s=96&d=mm&r=g\",\"caption\":\"Groupe local Paillon-B\u00e9v\u00e9ra\"},\"url\":\"https:\\\/\\\/paca.lpo.fr\\\/blogs\\\/nice\\\/author\\\/alpesmaritimesest\\\/\"}]}<\/script>\n<!-- \/ Yoast SEO plugin. -->","yoast_head_json":{"title":"Journ\u00e9e Mondiale des Zones Humides - Groupe local Nice","robots":{"index":"index","follow":"follow","max-snippet":"max-snippet:-1","max-image-preview":"max-image-preview:large","max-video-preview":"max-video-preview:-1"},"canonical":"https:\/\/paca.lpo.fr\/blogs\/nice\/2013\/02\/06\/journee-mondiale-des-zones-humides\/","og_locale":"fr_FR","og_type":"article","og_title":"Journ\u00e9e Mondiale des Zones Humides - Groupe local Nice","og_description":"Les deux groupes des Alpes Maritimes, Pr\u00e9alpes d\u2019Azur et 06 Est ont tenu une permanence \u00e0 l\u2019embouchure du Var pour la Journ\u00e9e Mondiale des Zones Humides 2013. La m\u00e9t\u00e9o n\u2019\u00e9tait pas de notre c\u00f4t\u00e9 pour cet \u00e9v\u00e8nement, mais malgr\u00e9 le vent froid 32 personnes sont venues passer un moment avec les b\u00e9n\u00e9voles\u00a0: des visages connus [&hellip;]","og_url":"https:\/\/paca.lpo.fr\/blogs\/nice\/2013\/02\/06\/journee-mondiale-des-zones-humides\/","og_site_name":"Groupe local Nice","article_published_time":"2013-02-06T14:42:59+00:00","article_modified_time":"2013-05-07T12:08:39+00:00","og_image":[{"width":499,"height":338,"url":"https:\/\/paca.lpo.fr\/blogs\/nice\/files\/2013\/02\/cygnes-photo-Y.Del\u00e9pine.jpg","type":"image\/jpeg"}],"author":"Groupe local Paillon-B\u00e9v\u00e9ra","twitter_card":"summary_large_image","twitter_misc":{"\u00c9crit par":"Groupe local Paillon-B\u00e9v\u00e9ra","Dur\u00e9e de lecture estim\u00e9e":"1 minute"},"schema":{"@context":"https:\/\/schema.org","@graph":[{"@type":"Article","@id":"https:\/\/paca.lpo.fr\/blogs\/nice\/2013\/02\/06\/journee-mondiale-des-zones-humides\/#article","isPartOf":{"@id":"https:\/\/paca.lpo.fr\/blogs\/nice\/2013\/02\/06\/journee-mondiale-des-zones-humides\/"},"author":{"name":"Groupe local Paillon-B\u00e9v\u00e9ra","@id":"https:\/\/paca.lpo.fr\/blogs\/nice\/#\/schema\/person\/1bda33335fb71e0b3552487db26a4c56"},"headline":"Journ\u00e9e Mondiale des Zones Humides","datePublished":"2013-02-06T14:42:59+00:00","dateModified":"2013-05-07T12:08:39+00:00","mainEntityOfPage":{"@id":"https:\/\/paca.lpo.fr\/blogs\/nice\/2013\/02\/06\/journee-mondiale-des-zones-humides\/"},"wordCount":224,"commentCount":0,"publisher":{"@id":"https:\/\/paca.lpo.fr\/blogs\/nice\/#organization"},"image":{"@id":"https:\/\/paca.lpo.fr\/blogs\/nice\/2013\/02\/06\/journee-mondiale-des-zones-humides\/#primaryimage"},"thumbnailUrl":"https:\/\/paca.lpo.fr\/blogs\/nice\/files\/2013\/02\/cygnes-photo-Y.Del\u00e9pine.jpg","articleSection":["grands \u00e9v\u00e8nements"],"inLanguage":"fr-FR","potentialAction":[{"@type":"CommentAction","name":"Comment","target":["https:\/\/paca.lpo.fr\/blogs\/nice\/2013\/02\/06\/journee-mondiale-des-zones-humides\/#respond"]}]},{"@type":"WebPage","@id":"https:\/\/paca.lpo.fr\/blogs\/nice\/2013\/02\/06\/journee-mondiale-des-zones-humides\/","url":"https:\/\/paca.lpo.fr\/blogs\/nice\/2013\/02\/06\/journee-mondiale-des-zones-humides\/","name":"Journ\u00e9e Mondiale des Zones Humides - Groupe local Nice","isPartOf":{"@id":"https:\/\/paca.lpo.fr\/blogs\/nice\/#website"},"primaryImageOfPage":{"@id":"https:\/\/paca.lpo.fr\/blogs\/nice\/2013\/02\/06\/journee-mondiale-des-zones-humides\/#primaryimage"},"image":{"@id":"https:\/\/paca.lpo.fr\/blogs\/nice\/2013\/02\/06\/journee-mondiale-des-zones-humides\/#primaryimage"},"thumbnailUrl":"https:\/\/paca.lpo.fr\/blogs\/nice\/files\/2013\/02\/cygnes-photo-Y.Del\u00e9pine.jpg","datePublished":"2013-02-06T14:42:59+00:00","dateModified":"2013-05-07T12:08:39+00:00","breadcrumb":{"@id":"https:\/\/paca.lpo.fr\/blogs\/nice\/2013\/02\/06\/journee-mondiale-des-zones-humides\/#breadcrumb"},"inLanguage":"fr-FR","potentialAction":[{"@type":"ReadAction","target":["https:\/\/paca.lpo.fr\/blogs\/nice\/2013\/02\/06\/journee-mondiale-des-zones-humides\/"]}]},{"@type":"ImageObject","inLanguage":"fr-FR","@id":"https:\/\/paca.lpo.fr\/blogs\/nice\/2013\/02\/06\/journee-mondiale-des-zones-humides\/#primaryimage","url":"https:\/\/paca.lpo.fr\/blogs\/nice\/files\/2013\/02\/cygnes-photo-Y.Del\u00e9pine.jpg","contentUrl":"https:\/\/paca.lpo.fr\/blogs\/nice\/files\/2013\/02\/cygnes-photo-Y.Del\u00e9pine.jpg","width":"499","height":"338"},{"@type":"BreadcrumbList","@id":"https:\/\/paca.lpo.fr\/blogs\/nice\/2013\/02\/06\/journee-mondiale-des-zones-humides\/#breadcrumb","itemListElement":[{"@type":"ListItem","position":1,"name":"Accueil","item":"https:\/\/paca.lpo.fr\/blogs\/nice\/"},{"@type":"ListItem","position":2,"name":"Journ\u00e9e Mondiale des Zones Humides"}]},{"@type":"WebSite","@id":"https:\/\/paca.lpo.fr\/blogs\/nice\/#website","url":"https:\/\/paca.lpo.fr\/blogs\/nice\/","name":"Groupe local Nice","description":"Groupe local Nice","publisher":{"@id":"https:\/\/paca.lpo.fr\/blogs\/nice\/#organization"},"potentialAction":[{"@type":"SearchAction","target":{"@type":"EntryPoint","urlTemplate":"https:\/\/paca.lpo.fr\/blogs\/nice\/?s={search_term_string}"},"query-input":{"@type":"PropertyValueSpecification","valueRequired":true,"valueName":"search_term_string"}}],"inLanguage":"fr-FR"},{"@type":"Organization","@id":"https:\/\/paca.lpo.fr\/blogs\/nice\/#organization","name":"Groupe local Nice","url":"https:\/\/paca.lpo.fr\/blogs\/nice\/","logo":{"@type":"ImageObject","inLanguage":"fr-FR","@id":"https:\/\/paca.lpo.fr\/blogs\/nice\/#\/schema\/logo\/image\/","url":"https:\/\/paca.lpo.fr\/blogs\/nice\/files\/2024\/01\/cropped-rvb-lpo-paca-logotype-signature-droite-mini-500.jpg","contentUrl":"https:\/\/paca.lpo.fr\/blogs\/nice\/files\/2024\/01\/cropped-rvb-lpo-paca-logotype-signature-droite-mini-500.jpg","width":500,"height":210,"caption":"Groupe local Nice"},"image":{"@id":"https:\/\/paca.lpo.fr\/blogs\/nice\/#\/schema\/logo\/image\/"}},{"@type":"Person","@id":"https:\/\/paca.lpo.fr\/blogs\/nice\/#\/schema\/person\/1bda33335fb71e0b3552487db26a4c56","name":"Groupe local Paillon-B\u00e9v\u00e9ra","image":{"@type":"ImageObject","inLanguage":"fr-FR","@id":"https:\/\/secure.gravatar.com\/avatar\/b1ee285506e2cb880ec988990d360e255aecb31c77212741dace1023623610c2?s=96&d=mm&r=g","url":"https:\/\/secure.gravatar.com\/avatar\/b1ee285506e2cb880ec988990d360e255aecb31c77212741dace1023623610c2?s=96&d=mm&r=g","contentUrl":"https:\/\/secure.gravatar.com\/avatar\/b1ee285506e2cb880ec988990d360e255aecb31c77212741dace1023623610c2?s=96&d=mm&r=g","caption":"Groupe local Paillon-B\u00e9v\u00e9ra"},"url":"https:\/\/paca.lpo.fr\/blogs\/nice\/author\/alpesmaritimesest\/"}]}},"jetpack_featured_media_url":"https:\/\/paca.lpo.fr\/blogs\/nice\/files\/2013\/02\/cygnes-photo-Y.Del\u00e9pine.jpg","_links":{"self":[{"href":"https:\/\/paca.lpo.fr\/blogs\/nice\/wp-json\/wp\/v2\/posts\/526","targetHints":{"allow":["GET"]}}],"collection":[{"href":"https:\/\/paca.lpo.fr\/blogs\/nice\/wp-json\/wp\/v2\/posts"}],"about":[{"href":"https:\/\/paca.lpo.fr\/blogs\/nice\/wp-json\/wp\/v2\/types\/post"}],"author":[{"embeddable":true,"href":"https:\/\/paca.lpo.fr\/blogs\/nice\/wp-json\/wp\/v2\/users\/15"}],"replies":[{"embeddable":true,"href":"https:\/\/paca.lpo.fr\/blogs\/nice\/wp-json\/wp\/v2\/comments?post=526"}],"version-history":[{"count":4,"href":"https:\/\/paca.lpo.fr\/blogs\/nice\/wp-json\/wp\/v2\/posts\/526\/revisions"}],"predecessor-version":[{"id":598,"href":"https:\/\/paca.lpo.fr\/blogs\/nice\/wp-json\/wp\/v2\/posts\/526\/revisions\/598"}],"wp:featuredmedia":[{"embeddable":true,"href":"https:\/\/paca.lpo.fr\/blogs\/nice\/wp-json\/wp\/v2\/media\/530"}],"wp:attachment":[{"href":"https:\/\/paca.lpo.fr\/blogs\/nice\/wp-json\/wp\/v2\/media?parent=526"}],"wp:term":[{"taxonomy":"category","embeddable":true,"href":"https:\/\/paca.lpo.fr\/blogs\/nice\/wp-json\/wp\/v2\/categories?post=526"},{"taxonomy":"post_tag","embeddable":true,"href":"https:\/\/paca.lpo.fr\/blogs\/nice\/wp-json\/wp\/v2\/tags?post=526"}],"curies":[{"name":"wp","href":"https:\/\/api.w.org\/{rel}","templated":true}]}}