{"id":536,"date":"2013-03-25T18:15:40","date_gmt":"2013-03-25T17:15:40","guid":{"rendered":"https:\/\/paca.lpo.fr\/blogs\/nice\/?p=536"},"modified":"2013-05-07T13:06:42","modified_gmt":"2013-05-07T12:06:42","slug":"journee-du-printemps-pluvieuse-mais-joyeuse-a-nice-ouest","status":"publish","type":"post","link":"https:\/\/paca.lpo.fr\/blogs\/nice\/2013\/03\/25\/journee-du-printemps-pluvieuse-mais-joyeuse-a-nice-ouest\/","title":{"rendered":"Journ\u00e9e du Printemps pluvieuse mais joyeuse \u00e0 Nice Ouest"},"content":{"rendered":"<p><a href=\"https:\/\/paca.lpo.fr\/blogs\/nice\/2013\/03\/25\/journee-du-printemps-pluvieuse-mais-joyeuse-a-nice-ouest\/jp-1-2\/\" rel=\"attachment wp-att-545\"><img loading=\"lazy\" decoding=\"async\" class=\"aligncenter size-full wp-image-545\" src=\"https:\/\/paca.lpo.fr\/blogs\/nice\/files\/2013\/03\/JP-11.jpg\" alt=\"\" width=\"596\" height=\"401\" srcset=\"https:\/\/paca.lpo.fr\/blogs\/nice\/files\/2013\/03\/JP-11.jpg 596w, https:\/\/paca.lpo.fr\/blogs\/nice\/files\/2013\/03\/JP-11-480x322.jpg 480w\" sizes=\"auto, (max-width: 596px) 100vw, 596px\" \/><\/a><\/p>\n<p><span style=\"color: #000000\"><strong>L\u2019Association ARBRE a organis\u00e9 une exposition sur la biodiversit\u00e9 en ville du 18 au 22 mars \u00e0 la Maison du Projet, Cit\u00e9 des Moulins, Nice Ouest. Le Groupe Local a pr\u00eat\u00e9 les panneaux de l\u2019expo \u00ab Jardin Nature \u00bb, et le matin du 20 mars pour la \u00ab Journ\u00e9e du Printemps \u00bb Yvonne a fait des animations oiseaux \u00e0 cinq groupes d\u2019une dizaine d\u2019enfants de 10h \u00e0 12h30. Les enfants ont beaucoup appr\u00e9ci\u00e9 les expos chauve-souris, bourdons, abeilles, et les jeux LPO. Ils ont fabriqu\u00e9 des abris \u00e0 insectes et particip\u00e9 \u00e0 l\u2019atelier compost anim\u00e9 par trois jeunes filles. Ils ont mis des graines en pot puis ont brav\u00e9 la pluie pour aller semer des graines de prairie fleurie dans une jardini\u00e8re devant la maison du projet. Une belle initiative qui a apport\u00e9 aux enfants de la cit\u00e9 un peu de cette biodiversit\u00e9 qui manque si cruellement \u00e0 leur d\u00e9cor.<\/strong><\/span><\/p>\n<p><a href=\"https:\/\/paca.lpo.fr\/blogs\/nice\/2013\/03\/25\/journee-du-printemps-pluvieuse-mais-joyeuse-a-nice-ouest\/jp-2-2\/\" rel=\"attachment wp-att-550\"><img loading=\"lazy\" decoding=\"async\" class=\"alignleft size-medium wp-image-550\" src=\"https:\/\/paca.lpo.fr\/blogs\/nice\/files\/2013\/03\/JP-21-480x322.jpg\" alt=\"\" width=\"480\" height=\"322\" srcset=\"https:\/\/paca.lpo.fr\/blogs\/nice\/files\/2013\/03\/JP-21-480x322.jpg 480w, https:\/\/paca.lpo.fr\/blogs\/nice\/files\/2013\/03\/JP-21.jpg 596w\" sizes=\"auto, (max-width: 480px) 100vw, 480px\" \/><\/a><\/p>\n","protected":false},"excerpt":{"rendered":"<p>L\u2019Association ARBRE a organis\u00e9 une exposition sur la biodiversit\u00e9 en ville du 18 au 22 mars \u00e0 la Maison du Projet, Cit\u00e9 des Moulins, Nice Ouest. Le Groupe Local a pr\u00eat\u00e9 les panneaux de l\u2019expo \u00ab Jardin Nature \u00bb, et le matin du 20 mars pour la \u00ab Journ\u00e9e du Printemps \u00bb Yvonne a fait [&hellip;]<\/p>\n","protected":false},"author":15,"featured_media":547,"comment_status":"open","ping_status":"open","sticky":false,"template":"","format":"standard","meta":{"footnotes":""},"categories":[1],"tags":[],"class_list":["post-536","post","type-post","status-publish","format-standard","has-post-thumbnail","hentry","category-sorties-nature"],"yoast_head":"<!-- This site is optimized with the Yoast SEO plugin v28.3 - https:\/\/yoast.com\/product\/yoast-seo-wordpress\/ -->\n<title>Journ\u00e9e du Printemps pluvieuse mais joyeuse \u00e0 Nice Ouest - Groupe local Nice<\/title>\n<meta name=\"robots\" content=\"index, follow, max-snippet:-1, max-image-preview:large, max-video-preview:-1\" \/>\n<link rel=\"canonical\" href=\"https:\/\/paca.lpo.fr\/blogs\/nice\/2013\/03\/25\/journee-du-printemps-pluvieuse-mais-joyeuse-a-nice-ouest\/\" \/>\n<meta property=\"og:locale\" content=\"fr_FR\" \/>\n<meta property=\"og:type\" content=\"article\" \/>\n<meta property=\"og:title\" content=\"Journ\u00e9e du Printemps pluvieuse mais joyeuse \u00e0 Nice Ouest - Groupe local Nice\" \/>\n<meta property=\"og:description\" content=\"L\u2019Association ARBRE a organis\u00e9 une exposition sur la biodiversit\u00e9 en ville du 18 au 22 mars \u00e0 la Maison du Projet, Cit\u00e9 des Moulins, Nice Ouest. Le Groupe Local a pr\u00eat\u00e9 les panneaux de l\u2019expo \u00ab Jardin Nature \u00bb, et le matin du 20 mars pour la \u00ab Journ\u00e9e du Printemps \u00bb Yvonne a fait [&hellip;]\" \/>\n<meta property=\"og:url\" content=\"https:\/\/paca.lpo.fr\/blogs\/nice\/2013\/03\/25\/journee-du-printemps-pluvieuse-mais-joyeuse-a-nice-ouest\/\" \/>\n<meta property=\"og:site_name\" content=\"Groupe local Nice\" \/>\n<meta property=\"article:published_time\" content=\"2013-03-25T17:15:40+00:00\" \/>\n<meta property=\"article:modified_time\" content=\"2013-05-07T12:06:42+00:00\" \/>\n<meta property=\"og:image\" content=\"https:\/\/paca.lpo.fr\/blogs\/nice\/files\/2013\/03\/JP-41.jpg\" \/>\n\t<meta property=\"og:image:width\" content=\"597\" \/>\n\t<meta property=\"og:image:height\" content=\"400\" \/>\n\t<meta property=\"og:image:type\" content=\"image\/jpeg\" \/>\n<meta name=\"author\" content=\"Groupe local Paillon-B\u00e9v\u00e9ra\" \/>\n<meta name=\"twitter:card\" content=\"summary_large_image\" \/>\n<meta name=\"twitter:label1\" content=\"\u00c9crit par\" \/>\n\t<meta name=\"twitter:data1\" content=\"Groupe local Paillon-B\u00e9v\u00e9ra\" \/>\n\t<meta name=\"twitter:label2\" content=\"Dur\u00e9e de lecture estim\u00e9e\" \/>\n\t<meta name=\"twitter:data2\" content=\"1 minute\" \/>\n<script type=\"application\/ld+json\" class=\"yoast-schema-graph\">{\"@context\":\"https:\\\/\\\/schema.org\",\"@graph\":[{\"@type\":\"Article\",\"@id\":\"https:\\\/\\\/paca.lpo.fr\\\/blogs\\\/nice\\\/2013\\\/03\\\/25\\\/journee-du-printemps-pluvieuse-mais-joyeuse-a-nice-ouest\\\/#article\",\"isPartOf\":{\"@id\":\"https:\\\/\\\/paca.lpo.fr\\\/blogs\\\/nice\\\/2013\\\/03\\\/25\\\/journee-du-printemps-pluvieuse-mais-joyeuse-a-nice-ouest\\\/\"},\"author\":{\"name\":\"Groupe local Paillon-B\u00e9v\u00e9ra\",\"@id\":\"https:\\\/\\\/paca.lpo.fr\\\/blogs\\\/nice\\\/#\\\/schema\\\/person\\\/1bda33335fb71e0b3552487db26a4c56\"},\"headline\":\"Journ\u00e9e du Printemps pluvieuse mais joyeuse \u00e0 Nice Ouest\",\"datePublished\":\"2013-03-25T17:15:40+00:00\",\"dateModified\":\"2013-05-07T12:06:42+00:00\",\"mainEntityOfPage\":{\"@id\":\"https:\\\/\\\/paca.lpo.fr\\\/blogs\\\/nice\\\/2013\\\/03\\\/25\\\/journee-du-printemps-pluvieuse-mais-joyeuse-a-nice-ouest\\\/\"},\"wordCount\":156,\"commentCount\":0,\"publisher\":{\"@id\":\"https:\\\/\\\/paca.lpo.fr\\\/blogs\\\/nice\\\/#organization\"},\"image\":{\"@id\":\"https:\\\/\\\/paca.lpo.fr\\\/blogs\\\/nice\\\/2013\\\/03\\\/25\\\/journee-du-printemps-pluvieuse-mais-joyeuse-a-nice-ouest\\\/#primaryimage\"},\"thumbnailUrl\":\"https:\\\/\\\/paca.lpo.fr\\\/blogs\\\/nice\\\/files\\\/2013\\\/03\\\/JP-41.jpg\",\"articleSection\":[\"grands \u00e9v\u00e8nements\"],\"inLanguage\":\"fr-FR\",\"potentialAction\":[{\"@type\":\"CommentAction\",\"name\":\"Comment\",\"target\":[\"https:\\\/\\\/paca.lpo.fr\\\/blogs\\\/nice\\\/2013\\\/03\\\/25\\\/journee-du-printemps-pluvieuse-mais-joyeuse-a-nice-ouest\\\/#respond\"]}]},{\"@type\":\"WebPage\",\"@id\":\"https:\\\/\\\/paca.lpo.fr\\\/blogs\\\/nice\\\/2013\\\/03\\\/25\\\/journee-du-printemps-pluvieuse-mais-joyeuse-a-nice-ouest\\\/\",\"url\":\"https:\\\/\\\/paca.lpo.fr\\\/blogs\\\/nice\\\/2013\\\/03\\\/25\\\/journee-du-printemps-pluvieuse-mais-joyeuse-a-nice-ouest\\\/\",\"name\":\"Journ\u00e9e du Printemps pluvieuse mais joyeuse \u00e0 Nice Ouest - Groupe local Nice\",\"isPartOf\":{\"@id\":\"https:\\\/\\\/paca.lpo.fr\\\/blogs\\\/nice\\\/#website\"},\"primaryImageOfPage\":{\"@id\":\"https:\\\/\\\/paca.lpo.fr\\\/blogs\\\/nice\\\/2013\\\/03\\\/25\\\/journee-du-printemps-pluvieuse-mais-joyeuse-a-nice-ouest\\\/#primaryimage\"},\"image\":{\"@id\":\"https:\\\/\\\/paca.lpo.fr\\\/blogs\\\/nice\\\/2013\\\/03\\\/25\\\/journee-du-printemps-pluvieuse-mais-joyeuse-a-nice-ouest\\\/#primaryimage\"},\"thumbnailUrl\":\"https:\\\/\\\/paca.lpo.fr\\\/blogs\\\/nice\\\/files\\\/2013\\\/03\\\/JP-41.jpg\",\"datePublished\":\"2013-03-25T17:15:40+00:00\",\"dateModified\":\"2013-05-07T12:06:42+00:00\",\"breadcrumb\":{\"@id\":\"https:\\\/\\\/paca.lpo.fr\\\/blogs\\\/nice\\\/2013\\\/03\\\/25\\\/journee-du-printemps-pluvieuse-mais-joyeuse-a-nice-ouest\\\/#breadcrumb\"},\"inLanguage\":\"fr-FR\",\"potentialAction\":[{\"@type\":\"ReadAction\",\"target\":[\"https:\\\/\\\/paca.lpo.fr\\\/blogs\\\/nice\\\/2013\\\/03\\\/25\\\/journee-du-printemps-pluvieuse-mais-joyeuse-a-nice-ouest\\\/\"]}]},{\"@type\":\"ImageObject\",\"inLanguage\":\"fr-FR\",\"@id\":\"https:\\\/\\\/paca.lpo.fr\\\/blogs\\\/nice\\\/2013\\\/03\\\/25\\\/journee-du-printemps-pluvieuse-mais-joyeuse-a-nice-ouest\\\/#primaryimage\",\"url\":\"https:\\\/\\\/paca.lpo.fr\\\/blogs\\\/nice\\\/files\\\/2013\\\/03\\\/JP-41.jpg\",\"contentUrl\":\"https:\\\/\\\/paca.lpo.fr\\\/blogs\\\/nice\\\/files\\\/2013\\\/03\\\/JP-41.jpg\",\"width\":\"597\",\"height\":\"400\"},{\"@type\":\"BreadcrumbList\",\"@id\":\"https:\\\/\\\/paca.lpo.fr\\\/blogs\\\/nice\\\/2013\\\/03\\\/25\\\/journee-du-printemps-pluvieuse-mais-joyeuse-a-nice-ouest\\\/#breadcrumb\",\"itemListElement\":[{\"@type\":\"ListItem\",\"position\":1,\"name\":\"Accueil\",\"item\":\"https:\\\/\\\/paca.lpo.fr\\\/blogs\\\/nice\\\/\"},{\"@type\":\"ListItem\",\"position\":2,\"name\":\"Journ\u00e9e du Printemps pluvieuse mais joyeuse \u00e0 Nice Ouest\"}]},{\"@type\":\"WebSite\",\"@id\":\"https:\\\/\\\/paca.lpo.fr\\\/blogs\\\/nice\\\/#website\",\"url\":\"https:\\\/\\\/paca.lpo.fr\\\/blogs\\\/nice\\\/\",\"name\":\"Groupe local Nice\",\"description\":\"Groupe local Nice\",\"publisher\":{\"@id\":\"https:\\\/\\\/paca.lpo.fr\\\/blogs\\\/nice\\\/#organization\"},\"potentialAction\":[{\"@type\":\"SearchAction\",\"target\":{\"@type\":\"EntryPoint\",\"urlTemplate\":\"https:\\\/\\\/paca.lpo.fr\\\/blogs\\\/nice\\\/?s={search_term_string}\"},\"query-input\":{\"@type\":\"PropertyValueSpecification\",\"valueRequired\":true,\"valueName\":\"search_term_string\"}}],\"inLanguage\":\"fr-FR\"},{\"@type\":\"Organization\",\"@id\":\"https:\\\/\\\/paca.lpo.fr\\\/blogs\\\/nice\\\/#organization\",\"name\":\"Groupe local Nice\",\"url\":\"https:\\\/\\\/paca.lpo.fr\\\/blogs\\\/nice\\\/\",\"logo\":{\"@type\":\"ImageObject\",\"inLanguage\":\"fr-FR\",\"@id\":\"https:\\\/\\\/paca.lpo.fr\\\/blogs\\\/nice\\\/#\\\/schema\\\/logo\\\/image\\\/\",\"url\":\"https:\\\/\\\/paca.lpo.fr\\\/blogs\\\/nice\\\/files\\\/2024\\\/01\\\/cropped-rvb-lpo-paca-logotype-signature-droite-mini-500.jpg\",\"contentUrl\":\"https:\\\/\\\/paca.lpo.fr\\\/blogs\\\/nice\\\/files\\\/2024\\\/01\\\/cropped-rvb-lpo-paca-logotype-signature-droite-mini-500.jpg\",\"width\":500,\"height\":210,\"caption\":\"Groupe local Nice\"},\"image\":{\"@id\":\"https:\\\/\\\/paca.lpo.fr\\\/blogs\\\/nice\\\/#\\\/schema\\\/logo\\\/image\\\/\"}},{\"@type\":\"Person\",\"@id\":\"https:\\\/\\\/paca.lpo.fr\\\/blogs\\\/nice\\\/#\\\/schema\\\/person\\\/1bda33335fb71e0b3552487db26a4c56\",\"name\":\"Groupe local Paillon-B\u00e9v\u00e9ra\",\"image\":{\"@type\":\"ImageObject\",\"inLanguage\":\"fr-FR\",\"@id\":\"https:\\\/\\\/secure.gravatar.com\\\/avatar\\\/b1ee285506e2cb880ec988990d360e255aecb31c77212741dace1023623610c2?s=96&d=mm&r=g\",\"url\":\"https:\\\/\\\/secure.gravatar.com\\\/avatar\\\/b1ee285506e2cb880ec988990d360e255aecb31c77212741dace1023623610c2?s=96&d=mm&r=g\",\"contentUrl\":\"https:\\\/\\\/secure.gravatar.com\\\/avatar\\\/b1ee285506e2cb880ec988990d360e255aecb31c77212741dace1023623610c2?s=96&d=mm&r=g\",\"caption\":\"Groupe local Paillon-B\u00e9v\u00e9ra\"},\"url\":\"https:\\\/\\\/paca.lpo.fr\\\/blogs\\\/nice\\\/author\\\/alpesmaritimesest\\\/\"}]}<\/script>\n<!-- \/ Yoast SEO plugin. -->","yoast_head_json":{"title":"Journ\u00e9e du Printemps pluvieuse mais joyeuse \u00e0 Nice Ouest - Groupe local Nice","robots":{"index":"index","follow":"follow","max-snippet":"max-snippet:-1","max-image-preview":"max-image-preview:large","max-video-preview":"max-video-preview:-1"},"canonical":"https:\/\/paca.lpo.fr\/blogs\/nice\/2013\/03\/25\/journee-du-printemps-pluvieuse-mais-joyeuse-a-nice-ouest\/","og_locale":"fr_FR","og_type":"article","og_title":"Journ\u00e9e du Printemps pluvieuse mais joyeuse \u00e0 Nice Ouest - Groupe local Nice","og_description":"L\u2019Association ARBRE a organis\u00e9 une exposition sur la biodiversit\u00e9 en ville du 18 au 22 mars \u00e0 la Maison du Projet, Cit\u00e9 des Moulins, Nice Ouest. Le Groupe Local a pr\u00eat\u00e9 les panneaux de l\u2019expo \u00ab Jardin Nature \u00bb, et le matin du 20 mars pour la \u00ab Journ\u00e9e du Printemps \u00bb Yvonne a fait [&hellip;]","og_url":"https:\/\/paca.lpo.fr\/blogs\/nice\/2013\/03\/25\/journee-du-printemps-pluvieuse-mais-joyeuse-a-nice-ouest\/","og_site_name":"Groupe local Nice","article_published_time":"2013-03-25T17:15:40+00:00","article_modified_time":"2013-05-07T12:06:42+00:00","og_image":[{"width":597,"height":400,"url":"https:\/\/paca.lpo.fr\/blogs\/nice\/files\/2013\/03\/JP-41.jpg","type":"image\/jpeg"}],"author":"Groupe local Paillon-B\u00e9v\u00e9ra","twitter_card":"summary_large_image","twitter_misc":{"\u00c9crit par":"Groupe local Paillon-B\u00e9v\u00e9ra","Dur\u00e9e de lecture estim\u00e9e":"1 minute"},"schema":{"@context":"https:\/\/schema.org","@graph":[{"@type":"Article","@id":"https:\/\/paca.lpo.fr\/blogs\/nice\/2013\/03\/25\/journee-du-printemps-pluvieuse-mais-joyeuse-a-nice-ouest\/#article","isPartOf":{"@id":"https:\/\/paca.lpo.fr\/blogs\/nice\/2013\/03\/25\/journee-du-printemps-pluvieuse-mais-joyeuse-a-nice-ouest\/"},"author":{"name":"Groupe local Paillon-B\u00e9v\u00e9ra","@id":"https:\/\/paca.lpo.fr\/blogs\/nice\/#\/schema\/person\/1bda33335fb71e0b3552487db26a4c56"},"headline":"Journ\u00e9e du Printemps pluvieuse mais joyeuse \u00e0 Nice Ouest","datePublished":"2013-03-25T17:15:40+00:00","dateModified":"2013-05-07T12:06:42+00:00","mainEntityOfPage":{"@id":"https:\/\/paca.lpo.fr\/blogs\/nice\/2013\/03\/25\/journee-du-printemps-pluvieuse-mais-joyeuse-a-nice-ouest\/"},"wordCount":156,"commentCount":0,"publisher":{"@id":"https:\/\/paca.lpo.fr\/blogs\/nice\/#organization"},"image":{"@id":"https:\/\/paca.lpo.fr\/blogs\/nice\/2013\/03\/25\/journee-du-printemps-pluvieuse-mais-joyeuse-a-nice-ouest\/#primaryimage"},"thumbnailUrl":"https:\/\/paca.lpo.fr\/blogs\/nice\/files\/2013\/03\/JP-41.jpg","articleSection":["grands \u00e9v\u00e8nements"],"inLanguage":"fr-FR","potentialAction":[{"@type":"CommentAction","name":"Comment","target":["https:\/\/paca.lpo.fr\/blogs\/nice\/2013\/03\/25\/journee-du-printemps-pluvieuse-mais-joyeuse-a-nice-ouest\/#respond"]}]},{"@type":"WebPage","@id":"https:\/\/paca.lpo.fr\/blogs\/nice\/2013\/03\/25\/journee-du-printemps-pluvieuse-mais-joyeuse-a-nice-ouest\/","url":"https:\/\/paca.lpo.fr\/blogs\/nice\/2013\/03\/25\/journee-du-printemps-pluvieuse-mais-joyeuse-a-nice-ouest\/","name":"Journ\u00e9e du Printemps pluvieuse mais joyeuse \u00e0 Nice Ouest - Groupe local Nice","isPartOf":{"@id":"https:\/\/paca.lpo.fr\/blogs\/nice\/#website"},"primaryImageOfPage":{"@id":"https:\/\/paca.lpo.fr\/blogs\/nice\/2013\/03\/25\/journee-du-printemps-pluvieuse-mais-joyeuse-a-nice-ouest\/#primaryimage"},"image":{"@id":"https:\/\/paca.lpo.fr\/blogs\/nice\/2013\/03\/25\/journee-du-printemps-pluvieuse-mais-joyeuse-a-nice-ouest\/#primaryimage"},"thumbnailUrl":"https:\/\/paca.lpo.fr\/blogs\/nice\/files\/2013\/03\/JP-41.jpg","datePublished":"2013-03-25T17:15:40+00:00","dateModified":"2013-05-07T12:06:42+00:00","breadcrumb":{"@id":"https:\/\/paca.lpo.fr\/blogs\/nice\/2013\/03\/25\/journee-du-printemps-pluvieuse-mais-joyeuse-a-nice-ouest\/#breadcrumb"},"inLanguage":"fr-FR","potentialAction":[{"@type":"ReadAction","target":["https:\/\/paca.lpo.fr\/blogs\/nice\/2013\/03\/25\/journee-du-printemps-pluvieuse-mais-joyeuse-a-nice-ouest\/"]}]},{"@type":"ImageObject","inLanguage":"fr-FR","@id":"https:\/\/paca.lpo.fr\/blogs\/nice\/2013\/03\/25\/journee-du-printemps-pluvieuse-mais-joyeuse-a-nice-ouest\/#primaryimage","url":"https:\/\/paca.lpo.fr\/blogs\/nice\/files\/2013\/03\/JP-41.jpg","contentUrl":"https:\/\/paca.lpo.fr\/blogs\/nice\/files\/2013\/03\/JP-41.jpg","width":"597","height":"400"},{"@type":"BreadcrumbList","@id":"https:\/\/paca.lpo.fr\/blogs\/nice\/2013\/03\/25\/journee-du-printemps-pluvieuse-mais-joyeuse-a-nice-ouest\/#breadcrumb","itemListElement":[{"@type":"ListItem","position":1,"name":"Accueil","item":"https:\/\/paca.lpo.fr\/blogs\/nice\/"},{"@type":"ListItem","position":2,"name":"Journ\u00e9e du Printemps pluvieuse mais joyeuse \u00e0 Nice Ouest"}]},{"@type":"WebSite","@id":"https:\/\/paca.lpo.fr\/blogs\/nice\/#website","url":"https:\/\/paca.lpo.fr\/blogs\/nice\/","name":"Groupe local Nice","description":"Groupe local Nice","publisher":{"@id":"https:\/\/paca.lpo.fr\/blogs\/nice\/#organization"},"potentialAction":[{"@type":"SearchAction","target":{"@type":"EntryPoint","urlTemplate":"https:\/\/paca.lpo.fr\/blogs\/nice\/?s={search_term_string}"},"query-input":{"@type":"PropertyValueSpecification","valueRequired":true,"valueName":"search_term_string"}}],"inLanguage":"fr-FR"},{"@type":"Organization","@id":"https:\/\/paca.lpo.fr\/blogs\/nice\/#organization","name":"Groupe local Nice","url":"https:\/\/paca.lpo.fr\/blogs\/nice\/","logo":{"@type":"ImageObject","inLanguage":"fr-FR","@id":"https:\/\/paca.lpo.fr\/blogs\/nice\/#\/schema\/logo\/image\/","url":"https:\/\/paca.lpo.fr\/blogs\/nice\/files\/2024\/01\/cropped-rvb-lpo-paca-logotype-signature-droite-mini-500.jpg","contentUrl":"https:\/\/paca.lpo.fr\/blogs\/nice\/files\/2024\/01\/cropped-rvb-lpo-paca-logotype-signature-droite-mini-500.jpg","width":500,"height":210,"caption":"Groupe local Nice"},"image":{"@id":"https:\/\/paca.lpo.fr\/blogs\/nice\/#\/schema\/logo\/image\/"}},{"@type":"Person","@id":"https:\/\/paca.lpo.fr\/blogs\/nice\/#\/schema\/person\/1bda33335fb71e0b3552487db26a4c56","name":"Groupe local Paillon-B\u00e9v\u00e9ra","image":{"@type":"ImageObject","inLanguage":"fr-FR","@id":"https:\/\/secure.gravatar.com\/avatar\/b1ee285506e2cb880ec988990d360e255aecb31c77212741dace1023623610c2?s=96&d=mm&r=g","url":"https:\/\/secure.gravatar.com\/avatar\/b1ee285506e2cb880ec988990d360e255aecb31c77212741dace1023623610c2?s=96&d=mm&r=g","contentUrl":"https:\/\/secure.gravatar.com\/avatar\/b1ee285506e2cb880ec988990d360e255aecb31c77212741dace1023623610c2?s=96&d=mm&r=g","caption":"Groupe local Paillon-B\u00e9v\u00e9ra"},"url":"https:\/\/paca.lpo.fr\/blogs\/nice\/author\/alpesmaritimesest\/"}]}},"jetpack_featured_media_url":"https:\/\/paca.lpo.fr\/blogs\/nice\/files\/2013\/03\/JP-41.jpg","_links":{"self":[{"href":"https:\/\/paca.lpo.fr\/blogs\/nice\/wp-json\/wp\/v2\/posts\/536","targetHints":{"allow":["GET"]}}],"collection":[{"href":"https:\/\/paca.lpo.fr\/blogs\/nice\/wp-json\/wp\/v2\/posts"}],"about":[{"href":"https:\/\/paca.lpo.fr\/blogs\/nice\/wp-json\/wp\/v2\/types\/post"}],"author":[{"embeddable":true,"href":"https:\/\/paca.lpo.fr\/blogs\/nice\/wp-json\/wp\/v2\/users\/15"}],"replies":[{"embeddable":true,"href":"https:\/\/paca.lpo.fr\/blogs\/nice\/wp-json\/wp\/v2\/comments?post=536"}],"version-history":[{"count":4,"href":"https:\/\/paca.lpo.fr\/blogs\/nice\/wp-json\/wp\/v2\/posts\/536\/revisions"}],"predecessor-version":[{"id":596,"href":"https:\/\/paca.lpo.fr\/blogs\/nice\/wp-json\/wp\/v2\/posts\/536\/revisions\/596"}],"wp:featuredmedia":[{"embeddable":true,"href":"https:\/\/paca.lpo.fr\/blogs\/nice\/wp-json\/wp\/v2\/media\/547"}],"wp:attachment":[{"href":"https:\/\/paca.lpo.fr\/blogs\/nice\/wp-json\/wp\/v2\/media?parent=536"}],"wp:term":[{"taxonomy":"category","embeddable":true,"href":"https:\/\/paca.lpo.fr\/blogs\/nice\/wp-json\/wp\/v2\/categories?post=536"},{"taxonomy":"post_tag","embeddable":true,"href":"https:\/\/paca.lpo.fr\/blogs\/nice\/wp-json\/wp\/v2\/tags?post=536"}],"curies":[{"name":"wp","href":"https:\/\/api.w.org\/{rel}","templated":true}]}}