{"id":538,"date":"2013-03-29T10:41:38","date_gmt":"2013-03-29T09:41:38","guid":{"rendered":"https:\/\/paca.lpo.fr\/blogs\/nice\/?p=538"},"modified":"2013-05-07T13:05:16","modified_gmt":"2013-05-07T12:05:16","slug":"10eme-nuit-de-la-chouette-au-vallon-de-la-nuit","status":"publish","type":"post","link":"https:\/\/paca.lpo.fr\/blogs\/nice\/2013\/03\/29\/10eme-nuit-de-la-chouette-au-vallon-de-la-nuit\/","title":{"rendered":"10\u00e8me Nuit de la Chouette au Vallon de la Nuit"},"content":{"rendered":"<p><strong><span style=\"color: #000000\">La Mairie de La Trinit\u00e9 et le Groupe Local Alpes Maritimes Est ont invit\u00e9 le public \u00e0 d\u00e9couvrir les fascinants oiseaux nocturnes au Vallon de la Nuit de La Trinit\u00e9 et malgr\u00e9 le mauvais temps 50 personnes, dont environ 16 enfants, sont venues au Stade du Rostit, \u00e0 18h.<\/span><\/strong><br \/>\n<strong><span style=\"color: #000000\"> Apr\u00e8s le diaporama interactif et la pr\u00e9sentation de silhouettes de rapaces nocturnes, le groupe est parti sous la pluie pour une balade d\u2019\u00e9coute \u00e0 l&rsquo;or\u00e9e de la for\u00eat, mais la chouette hulotte du coin \u00e9tait partie chasser ailleurs. Le tirage de la tombola a permis \u00e0 deux gagnants de repartir avec un beau calendrier et un poster rapaces de nuit. Quinze participants ont d\u00fb partir, mais les autres ont partag\u00e9 un repas tr\u00e8s convivial sous le barnum, avant de retourner en salle pour une s\u00e9ance de questions-r\u00e9ponses, et ensuite les enfants (petits et grands) ont d\u00e9cortiqu\u00e9 les pelotes avec une belle motivation.<\/span><\/strong><\/p>\n<p><a href=\"https:\/\/paca.lpo.fr\/blogs\/nice\/2013\/03\/29\/10eme-nuit-de-la-chouette-au-vallon-de-la-nuit\/blogatelier8\/\" rel=\"attachment wp-att-557\"><img loading=\"lazy\" decoding=\"async\" class=\"wp-image-557 alignnone\" src=\"https:\/\/paca.lpo.fr\/blogs\/nice\/files\/2013\/03\/BLOGatelier8.jpg\" alt=\"\" width=\"501\" height=\"337\" srcset=\"https:\/\/paca.lpo.fr\/blogs\/nice\/files\/2013\/03\/BLOGatelier8.jpg 596w, https:\/\/paca.lpo.fr\/blogs\/nice\/files\/2013\/03\/BLOGatelier8-480x322.jpg 480w\" sizes=\"auto, (max-width: 501px) 100vw, 501px\" \/><\/a><\/p>\n<p><a href=\"https:\/\/paca.lpo.fr\/blogs\/nice\/2013\/03\/29\/10eme-nuit-de-la-chouette-au-vallon-de-la-nuit\/blogatelier6-4\/\" rel=\"attachment wp-att-564\"><img loading=\"lazy\" decoding=\"async\" class=\"wp-image-564 alignnone\" src=\"https:\/\/paca.lpo.fr\/blogs\/nice\/files\/2013\/03\/BLOGatelier63-960x720.jpg\" alt=\"\" width=\"500\" height=\"379\" \/><\/a><\/p>\n<p><strong><span style=\"color: #000000\">Le premier de la classe \u00e9tait sans conteste Bastien, 4 ans<\/span><\/strong><br \/>\n<a href=\"https:\/\/paca.lpo.fr\/blogs\/nice\/2013\/03\/29\/10eme-nuit-de-la-chouette-au-vallon-de-la-nuit\/blog1er-de-la-classe\/\" rel=\"attachment wp-att-558\"><img loading=\"lazy\" decoding=\"async\" class=\" wp-image-558 alignnone\" src=\"https:\/\/paca.lpo.fr\/blogs\/nice\/files\/2013\/03\/BLOG1er-de-la-classe-480x333.jpg\" alt=\"\" width=\"501\" height=\"347\" srcset=\"https:\/\/paca.lpo.fr\/blogs\/nice\/files\/2013\/03\/BLOG1er-de-la-classe-480x333.jpg 480w, https:\/\/paca.lpo.fr\/blogs\/nice\/files\/2013\/03\/BLOG1er-de-la-classe.jpg 597w\" sizes=\"auto, (max-width: 501px) 100vw, 501px\" \/><\/a><\/p>\n<p><strong><span style=\"color: #000000\">Valentin (7 ans) est reparti avec les posters et les os retrouv\u00e9s dans les pelotes, et a pu en faire profiter sa classe \u00e0 l&rsquo;\u00e9cole.<\/span><\/strong><\/p>\n<p><a href=\"https:\/\/paca.lpo.fr\/blogs\/nice\/2013\/03\/29\/10eme-nuit-de-la-chouette-au-vallon-de-la-nuit\/blogateliervalentin-2\/\" rel=\"attachment wp-att-569\"><img loading=\"lazy\" decoding=\"async\" class=\"wp-image-569 alignnone\" src=\"https:\/\/paca.lpo.fr\/blogs\/nice\/files\/2013\/03\/BLOGatelierValentin1-480x323.jpg\" alt=\"\" width=\"500\" height=\"337\" srcset=\"https:\/\/paca.lpo.fr\/blogs\/nice\/files\/2013\/03\/BLOGatelierValentin1-480x323.jpg 480w, https:\/\/paca.lpo.fr\/blogs\/nice\/files\/2013\/03\/BLOGatelierValentin1.jpg 595w\" sizes=\"auto, (max-width: 500px) 100vw, 500px\" \/><\/a><\/p>\n<p><span style=\"color: #000000\"><strong>Un seul regret, ne pas avoir pu accueillir tous ceux qui souhaitaient venir, faute de place.<\/strong><\/span><\/p>\n<p><a href=\"https:\/\/paca.lpo.fr\/blogs\/nice\/2013\/03\/29\/10eme-nuit-de-la-chouette-au-vallon-de-la-nuit\/blogatelier3\/\" rel=\"attachment wp-att-565\"><img loading=\"lazy\" decoding=\"async\" class=\"wp-image-565 alignnone\" src=\"https:\/\/paca.lpo.fr\/blogs\/nice\/files\/2013\/03\/BLOGatelier3-480x376.jpg\" alt=\"\" width=\"501\" height=\"390\" \/><\/a><\/p>\n<p><a href=\"https:\/\/paca.lpo.fr\/blogs\/nice\/2013\/03\/29\/10eme-nuit-de-la-chouette-au-vallon-de-la-nuit\/blogatelier7-3\/\" rel=\"attachment wp-att-571\"><img loading=\"lazy\" decoding=\"async\" class=\"wp-image-571 alignnone\" src=\"https:\/\/paca.lpo.fr\/blogs\/nice\/files\/2013\/03\/BLOGAtelier72.jpg\" alt=\"\" width=\"501\" height=\"332\" \/><\/a><\/p>\n","protected":false},"excerpt":{"rendered":"<p>La Mairie de La Trinit\u00e9 et le Groupe Local Alpes Maritimes Est ont invit\u00e9 le public \u00e0 d\u00e9couvrir les fascinants oiseaux nocturnes au Vallon de la Nuit de La Trinit\u00e9 et malgr\u00e9 le mauvais temps 50 personnes, dont environ 16 enfants, sont venues au Stade du Rostit, \u00e0 18h. Apr\u00e8s le diaporama interactif et la [&hellip;]<\/p>\n","protected":false},"author":15,"featured_media":560,"comment_status":"open","ping_status":"open","sticky":false,"template":"","format":"standard","meta":{"footnotes":""},"categories":[1],"tags":[],"class_list":["post-538","post","type-post","status-publish","format-standard","has-post-thumbnail","hentry","category-sorties-nature"],"yoast_head":"<!-- This site is optimized with the Yoast SEO plugin v28.3 - https:\/\/yoast.com\/product\/yoast-seo-wordpress\/ -->\n<title>10\u00e8me Nuit de la Chouette au Vallon de la Nuit - Groupe local Nice<\/title>\n<meta name=\"robots\" content=\"index, follow, max-snippet:-1, max-image-preview:large, max-video-preview:-1\" \/>\n<link rel=\"canonical\" href=\"https:\/\/paca.lpo.fr\/blogs\/nice\/2013\/03\/29\/10eme-nuit-de-la-chouette-au-vallon-de-la-nuit\/\" \/>\n<meta property=\"og:locale\" content=\"fr_FR\" \/>\n<meta property=\"og:type\" content=\"article\" \/>\n<meta property=\"og:title\" content=\"10\u00e8me Nuit de la Chouette au Vallon de la Nuit - Groupe local Nice\" \/>\n<meta property=\"og:description\" content=\"La Mairie de La Trinit\u00e9 et le Groupe Local Alpes Maritimes Est ont invit\u00e9 le public \u00e0 d\u00e9couvrir les fascinants oiseaux nocturnes au Vallon de la Nuit de La Trinit\u00e9 et malgr\u00e9 le mauvais temps 50 personnes, dont environ 16 enfants, sont venues au Stade du Rostit, \u00e0 18h. Apr\u00e8s le diaporama interactif et la [&hellip;]\" \/>\n<meta property=\"og:url\" content=\"https:\/\/paca.lpo.fr\/blogs\/nice\/2013\/03\/29\/10eme-nuit-de-la-chouette-au-vallon-de-la-nuit\/\" \/>\n<meta property=\"og:site_name\" content=\"Groupe local Nice\" \/>\n<meta property=\"article:published_time\" content=\"2013-03-29T09:41:38+00:00\" \/>\n<meta property=\"article:modified_time\" content=\"2013-05-07T12:05:16+00:00\" \/>\n<meta property=\"og:image\" content=\"https:\/\/paca.lpo.fr\/blogs\/nice\/files\/2013\/03\/BLOG-atelierTITRE1.jpg\" \/>\n\t<meta property=\"og:image:width\" content=\"599\" \/>\n\t<meta property=\"og:image:height\" content=\"425\" \/>\n\t<meta property=\"og:image:type\" content=\"image\/jpeg\" \/>\n<meta name=\"author\" content=\"Groupe local Paillon-B\u00e9v\u00e9ra\" \/>\n<meta name=\"twitter:card\" content=\"summary_large_image\" \/>\n<meta name=\"twitter:label1\" content=\"\u00c9crit par\" \/>\n\t<meta name=\"twitter:data1\" content=\"Groupe local Paillon-B\u00e9v\u00e9ra\" \/>\n\t<meta name=\"twitter:label2\" content=\"Dur\u00e9e de lecture estim\u00e9e\" \/>\n\t<meta name=\"twitter:data2\" content=\"1 minute\" \/>\n<script type=\"application\/ld+json\" class=\"yoast-schema-graph\">{\"@context\":\"https:\\\/\\\/schema.org\",\"@graph\":[{\"@type\":\"Article\",\"@id\":\"https:\\\/\\\/paca.lpo.fr\\\/blogs\\\/nice\\\/2013\\\/03\\\/29\\\/10eme-nuit-de-la-chouette-au-vallon-de-la-nuit\\\/#article\",\"isPartOf\":{\"@id\":\"https:\\\/\\\/paca.lpo.fr\\\/blogs\\\/nice\\\/2013\\\/03\\\/29\\\/10eme-nuit-de-la-chouette-au-vallon-de-la-nuit\\\/\"},\"author\":{\"name\":\"Groupe local Paillon-B\u00e9v\u00e9ra\",\"@id\":\"https:\\\/\\\/paca.lpo.fr\\\/blogs\\\/nice\\\/#\\\/schema\\\/person\\\/1bda33335fb71e0b3552487db26a4c56\"},\"headline\":\"10\u00e8me Nuit de la Chouette au Vallon de la Nuit\",\"datePublished\":\"2013-03-29T09:41:38+00:00\",\"dateModified\":\"2013-05-07T12:05:16+00:00\",\"mainEntityOfPage\":{\"@id\":\"https:\\\/\\\/paca.lpo.fr\\\/blogs\\\/nice\\\/2013\\\/03\\\/29\\\/10eme-nuit-de-la-chouette-au-vallon-de-la-nuit\\\/\"},\"wordCount\":217,\"commentCount\":0,\"publisher\":{\"@id\":\"https:\\\/\\\/paca.lpo.fr\\\/blogs\\\/nice\\\/#organization\"},\"image\":{\"@id\":\"https:\\\/\\\/paca.lpo.fr\\\/blogs\\\/nice\\\/2013\\\/03\\\/29\\\/10eme-nuit-de-la-chouette-au-vallon-de-la-nuit\\\/#primaryimage\"},\"thumbnailUrl\":\"https:\\\/\\\/paca.lpo.fr\\\/blogs\\\/nice\\\/files\\\/2013\\\/03\\\/BLOG-atelierTITRE1.jpg\",\"articleSection\":[\"grands \u00e9v\u00e8nements\"],\"inLanguage\":\"fr-FR\",\"potentialAction\":[{\"@type\":\"CommentAction\",\"name\":\"Comment\",\"target\":[\"https:\\\/\\\/paca.lpo.fr\\\/blogs\\\/nice\\\/2013\\\/03\\\/29\\\/10eme-nuit-de-la-chouette-au-vallon-de-la-nuit\\\/#respond\"]}]},{\"@type\":\"WebPage\",\"@id\":\"https:\\\/\\\/paca.lpo.fr\\\/blogs\\\/nice\\\/2013\\\/03\\\/29\\\/10eme-nuit-de-la-chouette-au-vallon-de-la-nuit\\\/\",\"url\":\"https:\\\/\\\/paca.lpo.fr\\\/blogs\\\/nice\\\/2013\\\/03\\\/29\\\/10eme-nuit-de-la-chouette-au-vallon-de-la-nuit\\\/\",\"name\":\"10\u00e8me Nuit de la Chouette au Vallon de la Nuit - Groupe local Nice\",\"isPartOf\":{\"@id\":\"https:\\\/\\\/paca.lpo.fr\\\/blogs\\\/nice\\\/#website\"},\"primaryImageOfPage\":{\"@id\":\"https:\\\/\\\/paca.lpo.fr\\\/blogs\\\/nice\\\/2013\\\/03\\\/29\\\/10eme-nuit-de-la-chouette-au-vallon-de-la-nuit\\\/#primaryimage\"},\"image\":{\"@id\":\"https:\\\/\\\/paca.lpo.fr\\\/blogs\\\/nice\\\/2013\\\/03\\\/29\\\/10eme-nuit-de-la-chouette-au-vallon-de-la-nuit\\\/#primaryimage\"},\"thumbnailUrl\":\"https:\\\/\\\/paca.lpo.fr\\\/blogs\\\/nice\\\/files\\\/2013\\\/03\\\/BLOG-atelierTITRE1.jpg\",\"datePublished\":\"2013-03-29T09:41:38+00:00\",\"dateModified\":\"2013-05-07T12:05:16+00:00\",\"breadcrumb\":{\"@id\":\"https:\\\/\\\/paca.lpo.fr\\\/blogs\\\/nice\\\/2013\\\/03\\\/29\\\/10eme-nuit-de-la-chouette-au-vallon-de-la-nuit\\\/#breadcrumb\"},\"inLanguage\":\"fr-FR\",\"potentialAction\":[{\"@type\":\"ReadAction\",\"target\":[\"https:\\\/\\\/paca.lpo.fr\\\/blogs\\\/nice\\\/2013\\\/03\\\/29\\\/10eme-nuit-de-la-chouette-au-vallon-de-la-nuit\\\/\"]}]},{\"@type\":\"ImageObject\",\"inLanguage\":\"fr-FR\",\"@id\":\"https:\\\/\\\/paca.lpo.fr\\\/blogs\\\/nice\\\/2013\\\/03\\\/29\\\/10eme-nuit-de-la-chouette-au-vallon-de-la-nuit\\\/#primaryimage\",\"url\":\"https:\\\/\\\/paca.lpo.fr\\\/blogs\\\/nice\\\/files\\\/2013\\\/03\\\/BLOG-atelierTITRE1.jpg\",\"contentUrl\":\"https:\\\/\\\/paca.lpo.fr\\\/blogs\\\/nice\\\/files\\\/2013\\\/03\\\/BLOG-atelierTITRE1.jpg\",\"width\":\"599\",\"height\":\"425\"},{\"@type\":\"BreadcrumbList\",\"@id\":\"https:\\\/\\\/paca.lpo.fr\\\/blogs\\\/nice\\\/2013\\\/03\\\/29\\\/10eme-nuit-de-la-chouette-au-vallon-de-la-nuit\\\/#breadcrumb\",\"itemListElement\":[{\"@type\":\"ListItem\",\"position\":1,\"name\":\"Accueil\",\"item\":\"https:\\\/\\\/paca.lpo.fr\\\/blogs\\\/nice\\\/\"},{\"@type\":\"ListItem\",\"position\":2,\"name\":\"10\u00e8me Nuit de la Chouette au Vallon de la Nuit\"}]},{\"@type\":\"WebSite\",\"@id\":\"https:\\\/\\\/paca.lpo.fr\\\/blogs\\\/nice\\\/#website\",\"url\":\"https:\\\/\\\/paca.lpo.fr\\\/blogs\\\/nice\\\/\",\"name\":\"Groupe local Nice\",\"description\":\"Groupe local Nice\",\"publisher\":{\"@id\":\"https:\\\/\\\/paca.lpo.fr\\\/blogs\\\/nice\\\/#organization\"},\"potentialAction\":[{\"@type\":\"SearchAction\",\"target\":{\"@type\":\"EntryPoint\",\"urlTemplate\":\"https:\\\/\\\/paca.lpo.fr\\\/blogs\\\/nice\\\/?s={search_term_string}\"},\"query-input\":{\"@type\":\"PropertyValueSpecification\",\"valueRequired\":true,\"valueName\":\"search_term_string\"}}],\"inLanguage\":\"fr-FR\"},{\"@type\":\"Organization\",\"@id\":\"https:\\\/\\\/paca.lpo.fr\\\/blogs\\\/nice\\\/#organization\",\"name\":\"Groupe local Nice\",\"url\":\"https:\\\/\\\/paca.lpo.fr\\\/blogs\\\/nice\\\/\",\"logo\":{\"@type\":\"ImageObject\",\"inLanguage\":\"fr-FR\",\"@id\":\"https:\\\/\\\/paca.lpo.fr\\\/blogs\\\/nice\\\/#\\\/schema\\\/logo\\\/image\\\/\",\"url\":\"https:\\\/\\\/paca.lpo.fr\\\/blogs\\\/nice\\\/files\\\/2024\\\/01\\\/cropped-rvb-lpo-paca-logotype-signature-droite-mini-500.jpg\",\"contentUrl\":\"https:\\\/\\\/paca.lpo.fr\\\/blogs\\\/nice\\\/files\\\/2024\\\/01\\\/cropped-rvb-lpo-paca-logotype-signature-droite-mini-500.jpg\",\"width\":500,\"height\":210,\"caption\":\"Groupe local Nice\"},\"image\":{\"@id\":\"https:\\\/\\\/paca.lpo.fr\\\/blogs\\\/nice\\\/#\\\/schema\\\/logo\\\/image\\\/\"}},{\"@type\":\"Person\",\"@id\":\"https:\\\/\\\/paca.lpo.fr\\\/blogs\\\/nice\\\/#\\\/schema\\\/person\\\/1bda33335fb71e0b3552487db26a4c56\",\"name\":\"Groupe local Paillon-B\u00e9v\u00e9ra\",\"image\":{\"@type\":\"ImageObject\",\"inLanguage\":\"fr-FR\",\"@id\":\"https:\\\/\\\/secure.gravatar.com\\\/avatar\\\/b1ee285506e2cb880ec988990d360e255aecb31c77212741dace1023623610c2?s=96&d=mm&r=g\",\"url\":\"https:\\\/\\\/secure.gravatar.com\\\/avatar\\\/b1ee285506e2cb880ec988990d360e255aecb31c77212741dace1023623610c2?s=96&d=mm&r=g\",\"contentUrl\":\"https:\\\/\\\/secure.gravatar.com\\\/avatar\\\/b1ee285506e2cb880ec988990d360e255aecb31c77212741dace1023623610c2?s=96&d=mm&r=g\",\"caption\":\"Groupe local Paillon-B\u00e9v\u00e9ra\"},\"url\":\"https:\\\/\\\/paca.lpo.fr\\\/blogs\\\/nice\\\/author\\\/alpesmaritimesest\\\/\"}]}<\/script>\n<!-- \/ Yoast SEO plugin. -->","yoast_head_json":{"title":"10\u00e8me Nuit de la Chouette au Vallon de la Nuit - Groupe local Nice","robots":{"index":"index","follow":"follow","max-snippet":"max-snippet:-1","max-image-preview":"max-image-preview:large","max-video-preview":"max-video-preview:-1"},"canonical":"https:\/\/paca.lpo.fr\/blogs\/nice\/2013\/03\/29\/10eme-nuit-de-la-chouette-au-vallon-de-la-nuit\/","og_locale":"fr_FR","og_type":"article","og_title":"10\u00e8me Nuit de la Chouette au Vallon de la Nuit - Groupe local Nice","og_description":"La Mairie de La Trinit\u00e9 et le Groupe Local Alpes Maritimes Est ont invit\u00e9 le public \u00e0 d\u00e9couvrir les fascinants oiseaux nocturnes au Vallon de la Nuit de La Trinit\u00e9 et malgr\u00e9 le mauvais temps 50 personnes, dont environ 16 enfants, sont venues au Stade du Rostit, \u00e0 18h. Apr\u00e8s le diaporama interactif et la [&hellip;]","og_url":"https:\/\/paca.lpo.fr\/blogs\/nice\/2013\/03\/29\/10eme-nuit-de-la-chouette-au-vallon-de-la-nuit\/","og_site_name":"Groupe local Nice","article_published_time":"2013-03-29T09:41:38+00:00","article_modified_time":"2013-05-07T12:05:16+00:00","og_image":[{"width":599,"height":425,"url":"https:\/\/paca.lpo.fr\/blogs\/nice\/files\/2013\/03\/BLOG-atelierTITRE1.jpg","type":"image\/jpeg"}],"author":"Groupe local Paillon-B\u00e9v\u00e9ra","twitter_card":"summary_large_image","twitter_misc":{"\u00c9crit par":"Groupe local Paillon-B\u00e9v\u00e9ra","Dur\u00e9e de lecture estim\u00e9e":"1 minute"},"schema":{"@context":"https:\/\/schema.org","@graph":[{"@type":"Article","@id":"https:\/\/paca.lpo.fr\/blogs\/nice\/2013\/03\/29\/10eme-nuit-de-la-chouette-au-vallon-de-la-nuit\/#article","isPartOf":{"@id":"https:\/\/paca.lpo.fr\/blogs\/nice\/2013\/03\/29\/10eme-nuit-de-la-chouette-au-vallon-de-la-nuit\/"},"author":{"name":"Groupe local Paillon-B\u00e9v\u00e9ra","@id":"https:\/\/paca.lpo.fr\/blogs\/nice\/#\/schema\/person\/1bda33335fb71e0b3552487db26a4c56"},"headline":"10\u00e8me Nuit de la Chouette au Vallon de la Nuit","datePublished":"2013-03-29T09:41:38+00:00","dateModified":"2013-05-07T12:05:16+00:00","mainEntityOfPage":{"@id":"https:\/\/paca.lpo.fr\/blogs\/nice\/2013\/03\/29\/10eme-nuit-de-la-chouette-au-vallon-de-la-nuit\/"},"wordCount":217,"commentCount":0,"publisher":{"@id":"https:\/\/paca.lpo.fr\/blogs\/nice\/#organization"},"image":{"@id":"https:\/\/paca.lpo.fr\/blogs\/nice\/2013\/03\/29\/10eme-nuit-de-la-chouette-au-vallon-de-la-nuit\/#primaryimage"},"thumbnailUrl":"https:\/\/paca.lpo.fr\/blogs\/nice\/files\/2013\/03\/BLOG-atelierTITRE1.jpg","articleSection":["grands \u00e9v\u00e8nements"],"inLanguage":"fr-FR","potentialAction":[{"@type":"CommentAction","name":"Comment","target":["https:\/\/paca.lpo.fr\/blogs\/nice\/2013\/03\/29\/10eme-nuit-de-la-chouette-au-vallon-de-la-nuit\/#respond"]}]},{"@type":"WebPage","@id":"https:\/\/paca.lpo.fr\/blogs\/nice\/2013\/03\/29\/10eme-nuit-de-la-chouette-au-vallon-de-la-nuit\/","url":"https:\/\/paca.lpo.fr\/blogs\/nice\/2013\/03\/29\/10eme-nuit-de-la-chouette-au-vallon-de-la-nuit\/","name":"10\u00e8me Nuit de la Chouette au Vallon de la Nuit - Groupe local Nice","isPartOf":{"@id":"https:\/\/paca.lpo.fr\/blogs\/nice\/#website"},"primaryImageOfPage":{"@id":"https:\/\/paca.lpo.fr\/blogs\/nice\/2013\/03\/29\/10eme-nuit-de-la-chouette-au-vallon-de-la-nuit\/#primaryimage"},"image":{"@id":"https:\/\/paca.lpo.fr\/blogs\/nice\/2013\/03\/29\/10eme-nuit-de-la-chouette-au-vallon-de-la-nuit\/#primaryimage"},"thumbnailUrl":"https:\/\/paca.lpo.fr\/blogs\/nice\/files\/2013\/03\/BLOG-atelierTITRE1.jpg","datePublished":"2013-03-29T09:41:38+00:00","dateModified":"2013-05-07T12:05:16+00:00","breadcrumb":{"@id":"https:\/\/paca.lpo.fr\/blogs\/nice\/2013\/03\/29\/10eme-nuit-de-la-chouette-au-vallon-de-la-nuit\/#breadcrumb"},"inLanguage":"fr-FR","potentialAction":[{"@type":"ReadAction","target":["https:\/\/paca.lpo.fr\/blogs\/nice\/2013\/03\/29\/10eme-nuit-de-la-chouette-au-vallon-de-la-nuit\/"]}]},{"@type":"ImageObject","inLanguage":"fr-FR","@id":"https:\/\/paca.lpo.fr\/blogs\/nice\/2013\/03\/29\/10eme-nuit-de-la-chouette-au-vallon-de-la-nuit\/#primaryimage","url":"https:\/\/paca.lpo.fr\/blogs\/nice\/files\/2013\/03\/BLOG-atelierTITRE1.jpg","contentUrl":"https:\/\/paca.lpo.fr\/blogs\/nice\/files\/2013\/03\/BLOG-atelierTITRE1.jpg","width":"599","height":"425"},{"@type":"BreadcrumbList","@id":"https:\/\/paca.lpo.fr\/blogs\/nice\/2013\/03\/29\/10eme-nuit-de-la-chouette-au-vallon-de-la-nuit\/#breadcrumb","itemListElement":[{"@type":"ListItem","position":1,"name":"Accueil","item":"https:\/\/paca.lpo.fr\/blogs\/nice\/"},{"@type":"ListItem","position":2,"name":"10\u00e8me Nuit de la Chouette au Vallon de la Nuit"}]},{"@type":"WebSite","@id":"https:\/\/paca.lpo.fr\/blogs\/nice\/#website","url":"https:\/\/paca.lpo.fr\/blogs\/nice\/","name":"Groupe local Nice","description":"Groupe local Nice","publisher":{"@id":"https:\/\/paca.lpo.fr\/blogs\/nice\/#organization"},"potentialAction":[{"@type":"SearchAction","target":{"@type":"EntryPoint","urlTemplate":"https:\/\/paca.lpo.fr\/blogs\/nice\/?s={search_term_string}"},"query-input":{"@type":"PropertyValueSpecification","valueRequired":true,"valueName":"search_term_string"}}],"inLanguage":"fr-FR"},{"@type":"Organization","@id":"https:\/\/paca.lpo.fr\/blogs\/nice\/#organization","name":"Groupe local Nice","url":"https:\/\/paca.lpo.fr\/blogs\/nice\/","logo":{"@type":"ImageObject","inLanguage":"fr-FR","@id":"https:\/\/paca.lpo.fr\/blogs\/nice\/#\/schema\/logo\/image\/","url":"https:\/\/paca.lpo.fr\/blogs\/nice\/files\/2024\/01\/cropped-rvb-lpo-paca-logotype-signature-droite-mini-500.jpg","contentUrl":"https:\/\/paca.lpo.fr\/blogs\/nice\/files\/2024\/01\/cropped-rvb-lpo-paca-logotype-signature-droite-mini-500.jpg","width":500,"height":210,"caption":"Groupe local Nice"},"image":{"@id":"https:\/\/paca.lpo.fr\/blogs\/nice\/#\/schema\/logo\/image\/"}},{"@type":"Person","@id":"https:\/\/paca.lpo.fr\/blogs\/nice\/#\/schema\/person\/1bda33335fb71e0b3552487db26a4c56","name":"Groupe local Paillon-B\u00e9v\u00e9ra","image":{"@type":"ImageObject","inLanguage":"fr-FR","@id":"https:\/\/secure.gravatar.com\/avatar\/b1ee285506e2cb880ec988990d360e255aecb31c77212741dace1023623610c2?s=96&d=mm&r=g","url":"https:\/\/secure.gravatar.com\/avatar\/b1ee285506e2cb880ec988990d360e255aecb31c77212741dace1023623610c2?s=96&d=mm&r=g","contentUrl":"https:\/\/secure.gravatar.com\/avatar\/b1ee285506e2cb880ec988990d360e255aecb31c77212741dace1023623610c2?s=96&d=mm&r=g","caption":"Groupe local Paillon-B\u00e9v\u00e9ra"},"url":"https:\/\/paca.lpo.fr\/blogs\/nice\/author\/alpesmaritimesest\/"}]}},"jetpack_featured_media_url":"https:\/\/paca.lpo.fr\/blogs\/nice\/files\/2013\/03\/BLOG-atelierTITRE1.jpg","_links":{"self":[{"href":"https:\/\/paca.lpo.fr\/blogs\/nice\/wp-json\/wp\/v2\/posts\/538","targetHints":{"allow":["GET"]}}],"collection":[{"href":"https:\/\/paca.lpo.fr\/blogs\/nice\/wp-json\/wp\/v2\/posts"}],"about":[{"href":"https:\/\/paca.lpo.fr\/blogs\/nice\/wp-json\/wp\/v2\/types\/post"}],"author":[{"embeddable":true,"href":"https:\/\/paca.lpo.fr\/blogs\/nice\/wp-json\/wp\/v2\/users\/15"}],"replies":[{"embeddable":true,"href":"https:\/\/paca.lpo.fr\/blogs\/nice\/wp-json\/wp\/v2\/comments?post=538"}],"version-history":[{"count":4,"href":"https:\/\/paca.lpo.fr\/blogs\/nice\/wp-json\/wp\/v2\/posts\/538\/revisions"}],"predecessor-version":[{"id":576,"href":"https:\/\/paca.lpo.fr\/blogs\/nice\/wp-json\/wp\/v2\/posts\/538\/revisions\/576"}],"wp:featuredmedia":[{"embeddable":true,"href":"https:\/\/paca.lpo.fr\/blogs\/nice\/wp-json\/wp\/v2\/media\/560"}],"wp:attachment":[{"href":"https:\/\/paca.lpo.fr\/blogs\/nice\/wp-json\/wp\/v2\/media?parent=538"}],"wp:term":[{"taxonomy":"category","embeddable":true,"href":"https:\/\/paca.lpo.fr\/blogs\/nice\/wp-json\/wp\/v2\/categories?post=538"},{"taxonomy":"post_tag","embeddable":true,"href":"https:\/\/paca.lpo.fr\/blogs\/nice\/wp-json\/wp\/v2\/tags?post=538"}],"curies":[{"name":"wp","href":"https:\/\/api.w.org\/{rel}","templated":true}]}}