{"id":63,"date":"2011-01-29T11:06:06","date_gmt":"2011-01-29T11:06:06","guid":{"rendered":"https:\/\/paca.lpo.fr\/blogs\/nice\/?p=63"},"modified":"2014-05-26T14:29:09","modified_gmt":"2014-05-26T13:29:09","slug":"les-mammiferes-aussi-2","status":"publish","type":"post","link":"https:\/\/paca.lpo.fr\/blogs\/nice\/2011\/01\/29\/les-mammiferes-aussi-2\/","title":{"rendered":"Les Mammif\u00e8res aussi (2)"},"content":{"rendered":"<p><img loading=\"lazy\" decoding=\"async\" class=\"alignnone\" src=\"http:\/\/paca.lpo.fr\/images\/stories\/groupes_locaux\/alpes_maritimes_est\/mammifere1.jpg\" alt=\"\" width=\"480\" height=\"360\" \/><\/p>\n<p>Le lendemain de sa conf\u00e9rence, Pierre Rigaux a emmen\u00e9 sur le terrain des salari\u00e9s de la LPO et des b\u00e9n\u00e9voles de notre Groupe Local. Une douzaine de personnes \u00e9taient pr\u00e9sentes afin de perfectionner pour certains et d\u2019apprendre pour d\u2019autres, comment d\u00e9couvrir, reconna\u00eetre et interpr\u00e9ter les traces laiss\u00e9es par les mammif\u00e8res.<\/p>\n<p><img loading=\"lazy\" decoding=\"async\" class=\"alignnone\" src=\"http:\/\/paca.lpo.fr\/images\/stories\/groupes_locaux\/alpes_maritimes_est\/mammifere3%20-%20copie.jpg\" alt=\"\" width=\"480\" height=\"360\" \/><\/p>\n<p>&nbsp;<\/p>\n<p>La sortie a eu lieu dans la Vall\u00e9e de l\u2019Esteron, dans le secteur de la Clue de la Cerise.<\/p>\n<p><img loading=\"lazy\" decoding=\"async\" class=\"alignnone\" src=\"http:\/\/paca.lpo.fr\/images\/stories\/groupes_locaux\/alpes_maritimes_est\/mammifere5.jpg\" alt=\"\" width=\"480\" height=\"360\" \/><\/p>\n<p>Malgr\u00e9 un sol gel\u00e9 et des terrains pas toujours propices \u00e0 la recherche d\u2019indices, l\u2018on a pu \u00e9tudier les f\u00e8ces et les empruntes de diff\u00e9rents mammif\u00e8res.<\/p>\n<p><img loading=\"lazy\" decoding=\"async\" class=\"alignnone\" src=\"http:\/\/paca.lpo.fr\/images\/stories\/groupes_locaux\/alpes_maritimes_est\/mammifere6.jpg\" alt=\"\" width=\"480\" height=\"360\" \/><\/p>\n<p><img loading=\"lazy\" decoding=\"async\" class=\"alignnone\" src=\"http:\/\/paca.lpo.fr\/images\/stories\/groupes_locaux\/alpes_maritimes_est\/mammifere8.jpg\" alt=\"\" width=\"480\" height=\"360\" \/><\/p>\n","protected":false},"excerpt":{"rendered":"<p>Le lendemain de sa conf\u00e9rence, Pierre Rigaux a emmen\u00e9 sur le terrain des salari\u00e9s de la LPO et des b\u00e9n\u00e9voles de notre Groupe Local. Une douzaine de personnes \u00e9taient pr\u00e9sentes afin de perfectionner pour certains et d\u2019apprendre pour d\u2019autres, comment d\u00e9couvrir, reconna\u00eetre et interpr\u00e9ter les traces laiss\u00e9es par les mammif\u00e8res. &nbsp; La sortie a eu [&hellip;]<\/p>\n","protected":false},"author":1,"featured_media":0,"comment_status":"open","ping_status":"open","sticky":false,"template":"","format":"standard","meta":{"footnotes":""},"categories":[3],"tags":[30,37,64],"class_list":["post-63","post","type-post","status-publish","format-standard","hentry","category-vie-groupe","tag-identification","tag-mammifere","tag-sortie"],"yoast_head":"<!-- This site is optimized with the Yoast SEO plugin v28.3 - https:\/\/yoast.com\/product\/yoast-seo-wordpress\/ -->\n<title>Les Mammif\u00e8res aussi (2)  - Groupe local Nice<\/title>\n<meta name=\"robots\" content=\"index, follow, max-snippet:-1, max-image-preview:large, max-video-preview:-1\" \/>\n<link rel=\"canonical\" href=\"https:\/\/paca.lpo.fr\/blogs\/nice\/2011\/01\/29\/les-mammiferes-aussi-2\/\" \/>\n<meta property=\"og:locale\" content=\"fr_FR\" \/>\n<meta property=\"og:type\" content=\"article\" \/>\n<meta property=\"og:title\" content=\"Les Mammif\u00e8res aussi (2)  - Groupe local Nice\" \/>\n<meta property=\"og:description\" content=\"Le lendemain de sa conf\u00e9rence, Pierre Rigaux a emmen\u00e9 sur le terrain des salari\u00e9s de la LPO et des b\u00e9n\u00e9voles de notre Groupe Local. Une douzaine de personnes \u00e9taient pr\u00e9sentes afin de perfectionner pour certains et d\u2019apprendre pour d\u2019autres, comment d\u00e9couvrir, reconna\u00eetre et interpr\u00e9ter les traces laiss\u00e9es par les mammif\u00e8res. &nbsp; La sortie a eu [&hellip;]\" \/>\n<meta property=\"og:url\" content=\"https:\/\/paca.lpo.fr\/blogs\/nice\/2011\/01\/29\/les-mammiferes-aussi-2\/\" \/>\n<meta property=\"og:site_name\" content=\"Groupe local Nice\" \/>\n<meta property=\"article:published_time\" content=\"2011-01-29T11:06:06+00:00\" \/>\n<meta property=\"article:modified_time\" content=\"2014-05-26T13:29:09+00:00\" \/>\n<meta property=\"og:image\" content=\"http:\/\/paca.lpo.fr\/images\/stories\/groupes_locaux\/alpes_maritimes_est\/mammifere1.jpg\" \/>\n<meta name=\"author\" content=\"LPOPACA\" \/>\n<meta name=\"twitter:card\" content=\"summary_large_image\" \/>\n<meta name=\"twitter:label1\" content=\"\u00c9crit par\" \/>\n\t<meta name=\"twitter:data1\" content=\"LPOPACA\" \/>\n\t<meta name=\"twitter:label2\" content=\"Dur\u00e9e de lecture estim\u00e9e\" \/>\n\t<meta name=\"twitter:data2\" content=\"1 minute\" \/>\n<script type=\"application\/ld+json\" class=\"yoast-schema-graph\">{\"@context\":\"https:\\\/\\\/schema.org\",\"@graph\":[{\"@type\":\"Article\",\"@id\":\"https:\\\/\\\/paca.lpo.fr\\\/blogs\\\/nice\\\/2011\\\/01\\\/29\\\/les-mammiferes-aussi-2\\\/#article\",\"isPartOf\":{\"@id\":\"https:\\\/\\\/paca.lpo.fr\\\/blogs\\\/nice\\\/2011\\\/01\\\/29\\\/les-mammiferes-aussi-2\\\/\"},\"author\":{\"name\":\"LPOPACA\",\"@id\":\"https:\\\/\\\/paca.lpo.fr\\\/blogs\\\/nice\\\/#\\\/schema\\\/person\\\/f4701c21e2e412e301d69ea575732a07\"},\"headline\":\"Les Mammif\u00e8res aussi (2)\",\"datePublished\":\"2011-01-29T11:06:06+00:00\",\"dateModified\":\"2014-05-26T13:29:09+00:00\",\"mainEntityOfPage\":{\"@id\":\"https:\\\/\\\/paca.lpo.fr\\\/blogs\\\/nice\\\/2011\\\/01\\\/29\\\/les-mammiferes-aussi-2\\\/\"},\"wordCount\":118,\"commentCount\":0,\"publisher\":{\"@id\":\"https:\\\/\\\/paca.lpo.fr\\\/blogs\\\/nice\\\/#organization\"},\"image\":{\"@id\":\"https:\\\/\\\/paca.lpo.fr\\\/blogs\\\/nice\\\/2011\\\/01\\\/29\\\/les-mammiferes-aussi-2\\\/#primaryimage\"},\"thumbnailUrl\":\"http:\\\/\\\/paca.lpo.fr\\\/images\\\/stories\\\/groupes_locaux\\\/alpes_maritimes_est\\\/mammifere1.jpg\",\"keywords\":[\"identification\",\"mammif\u00e8re\",\"Sortie\"],\"articleSection\":[\"Vie du groupe\"],\"inLanguage\":\"fr-FR\",\"potentialAction\":[{\"@type\":\"CommentAction\",\"name\":\"Comment\",\"target\":[\"https:\\\/\\\/paca.lpo.fr\\\/blogs\\\/nice\\\/2011\\\/01\\\/29\\\/les-mammiferes-aussi-2\\\/#respond\"]}]},{\"@type\":\"WebPage\",\"@id\":\"https:\\\/\\\/paca.lpo.fr\\\/blogs\\\/nice\\\/2011\\\/01\\\/29\\\/les-mammiferes-aussi-2\\\/\",\"url\":\"https:\\\/\\\/paca.lpo.fr\\\/blogs\\\/nice\\\/2011\\\/01\\\/29\\\/les-mammiferes-aussi-2\\\/\",\"name\":\"Les Mammif\u00e8res aussi (2) - Groupe local Nice\",\"isPartOf\":{\"@id\":\"https:\\\/\\\/paca.lpo.fr\\\/blogs\\\/nice\\\/#website\"},\"primaryImageOfPage\":{\"@id\":\"https:\\\/\\\/paca.lpo.fr\\\/blogs\\\/nice\\\/2011\\\/01\\\/29\\\/les-mammiferes-aussi-2\\\/#primaryimage\"},\"image\":{\"@id\":\"https:\\\/\\\/paca.lpo.fr\\\/blogs\\\/nice\\\/2011\\\/01\\\/29\\\/les-mammiferes-aussi-2\\\/#primaryimage\"},\"thumbnailUrl\":\"http:\\\/\\\/paca.lpo.fr\\\/images\\\/stories\\\/groupes_locaux\\\/alpes_maritimes_est\\\/mammifere1.jpg\",\"datePublished\":\"2011-01-29T11:06:06+00:00\",\"dateModified\":\"2014-05-26T13:29:09+00:00\",\"breadcrumb\":{\"@id\":\"https:\\\/\\\/paca.lpo.fr\\\/blogs\\\/nice\\\/2011\\\/01\\\/29\\\/les-mammiferes-aussi-2\\\/#breadcrumb\"},\"inLanguage\":\"fr-FR\",\"potentialAction\":[{\"@type\":\"ReadAction\",\"target\":[\"https:\\\/\\\/paca.lpo.fr\\\/blogs\\\/nice\\\/2011\\\/01\\\/29\\\/les-mammiferes-aussi-2\\\/\"]}]},{\"@type\":\"ImageObject\",\"inLanguage\":\"fr-FR\",\"@id\":\"https:\\\/\\\/paca.lpo.fr\\\/blogs\\\/nice\\\/2011\\\/01\\\/29\\\/les-mammiferes-aussi-2\\\/#primaryimage\",\"url\":\"http:\\\/\\\/paca.lpo.fr\\\/images\\\/stories\\\/groupes_locaux\\\/alpes_maritimes_est\\\/mammifere1.jpg\",\"contentUrl\":\"http:\\\/\\\/paca.lpo.fr\\\/images\\\/stories\\\/groupes_locaux\\\/alpes_maritimes_est\\\/mammifere1.jpg\"},{\"@type\":\"BreadcrumbList\",\"@id\":\"https:\\\/\\\/paca.lpo.fr\\\/blogs\\\/nice\\\/2011\\\/01\\\/29\\\/les-mammiferes-aussi-2\\\/#breadcrumb\",\"itemListElement\":[{\"@type\":\"ListItem\",\"position\":1,\"name\":\"Accueil\",\"item\":\"https:\\\/\\\/paca.lpo.fr\\\/blogs\\\/nice\\\/\"},{\"@type\":\"ListItem\",\"position\":2,\"name\":\"Les Mammif\u00e8res aussi (2)\"}]},{\"@type\":\"WebSite\",\"@id\":\"https:\\\/\\\/paca.lpo.fr\\\/blogs\\\/nice\\\/#website\",\"url\":\"https:\\\/\\\/paca.lpo.fr\\\/blogs\\\/nice\\\/\",\"name\":\"Groupe local Nice\",\"description\":\"Groupe local Nice\",\"publisher\":{\"@id\":\"https:\\\/\\\/paca.lpo.fr\\\/blogs\\\/nice\\\/#organization\"},\"potentialAction\":[{\"@type\":\"SearchAction\",\"target\":{\"@type\":\"EntryPoint\",\"urlTemplate\":\"https:\\\/\\\/paca.lpo.fr\\\/blogs\\\/nice\\\/?s={search_term_string}\"},\"query-input\":{\"@type\":\"PropertyValueSpecification\",\"valueRequired\":true,\"valueName\":\"search_term_string\"}}],\"inLanguage\":\"fr-FR\"},{\"@type\":\"Organization\",\"@id\":\"https:\\\/\\\/paca.lpo.fr\\\/blogs\\\/nice\\\/#organization\",\"name\":\"Groupe local Nice\",\"url\":\"https:\\\/\\\/paca.lpo.fr\\\/blogs\\\/nice\\\/\",\"logo\":{\"@type\":\"ImageObject\",\"inLanguage\":\"fr-FR\",\"@id\":\"https:\\\/\\\/paca.lpo.fr\\\/blogs\\\/nice\\\/#\\\/schema\\\/logo\\\/image\\\/\",\"url\":\"https:\\\/\\\/paca.lpo.fr\\\/blogs\\\/nice\\\/files\\\/2024\\\/01\\\/cropped-rvb-lpo-paca-logotype-signature-droite-mini-500.jpg\",\"contentUrl\":\"https:\\\/\\\/paca.lpo.fr\\\/blogs\\\/nice\\\/files\\\/2024\\\/01\\\/cropped-rvb-lpo-paca-logotype-signature-droite-mini-500.jpg\",\"width\":500,\"height\":210,\"caption\":\"Groupe local Nice\"},\"image\":{\"@id\":\"https:\\\/\\\/paca.lpo.fr\\\/blogs\\\/nice\\\/#\\\/schema\\\/logo\\\/image\\\/\"}},{\"@type\":\"Person\",\"@id\":\"https:\\\/\\\/paca.lpo.fr\\\/blogs\\\/nice\\\/#\\\/schema\\\/person\\\/f4701c21e2e412e301d69ea575732a07\",\"name\":\"LPOPACA\",\"image\":{\"@type\":\"ImageObject\",\"inLanguage\":\"fr-FR\",\"@id\":\"https:\\\/\\\/secure.gravatar.com\\\/avatar\\\/61b4fe4aeb906264475360b018582a8a825394c21df85ee757345c68c15ddd14?s=96&d=mm&r=g\",\"url\":\"https:\\\/\\\/secure.gravatar.com\\\/avatar\\\/61b4fe4aeb906264475360b018582a8a825394c21df85ee757345c68c15ddd14?s=96&d=mm&r=g\",\"contentUrl\":\"https:\\\/\\\/secure.gravatar.com\\\/avatar\\\/61b4fe4aeb906264475360b018582a8a825394c21df85ee757345c68c15ddd14?s=96&d=mm&r=g\",\"caption\":\"LPOPACA\"},\"url\":\"https:\\\/\\\/paca.lpo.fr\\\/blogs\\\/nice\\\/author\\\/lpopaca\\\/\"}]}<\/script>\n<!-- \/ Yoast SEO plugin. -->","yoast_head_json":{"title":"Les Mammif\u00e8res aussi (2)  - Groupe local Nice","robots":{"index":"index","follow":"follow","max-snippet":"max-snippet:-1","max-image-preview":"max-image-preview:large","max-video-preview":"max-video-preview:-1"},"canonical":"https:\/\/paca.lpo.fr\/blogs\/nice\/2011\/01\/29\/les-mammiferes-aussi-2\/","og_locale":"fr_FR","og_type":"article","og_title":"Les Mammif\u00e8res aussi (2)  - Groupe local Nice","og_description":"Le lendemain de sa conf\u00e9rence, Pierre Rigaux a emmen\u00e9 sur le terrain des salari\u00e9s de la LPO et des b\u00e9n\u00e9voles de notre Groupe Local. Une douzaine de personnes \u00e9taient pr\u00e9sentes afin de perfectionner pour certains et d\u2019apprendre pour d\u2019autres, comment d\u00e9couvrir, reconna\u00eetre et interpr\u00e9ter les traces laiss\u00e9es par les mammif\u00e8res. &nbsp; La sortie a eu [&hellip;]","og_url":"https:\/\/paca.lpo.fr\/blogs\/nice\/2011\/01\/29\/les-mammiferes-aussi-2\/","og_site_name":"Groupe local Nice","article_published_time":"2011-01-29T11:06:06+00:00","article_modified_time":"2014-05-26T13:29:09+00:00","og_image":[{"url":"http:\/\/paca.lpo.fr\/images\/stories\/groupes_locaux\/alpes_maritimes_est\/mammifere1.jpg","type":"","width":"","height":""}],"author":"LPOPACA","twitter_card":"summary_large_image","twitter_misc":{"\u00c9crit par":"LPOPACA","Dur\u00e9e de lecture estim\u00e9e":"1 minute"},"schema":{"@context":"https:\/\/schema.org","@graph":[{"@type":"Article","@id":"https:\/\/paca.lpo.fr\/blogs\/nice\/2011\/01\/29\/les-mammiferes-aussi-2\/#article","isPartOf":{"@id":"https:\/\/paca.lpo.fr\/blogs\/nice\/2011\/01\/29\/les-mammiferes-aussi-2\/"},"author":{"name":"LPOPACA","@id":"https:\/\/paca.lpo.fr\/blogs\/nice\/#\/schema\/person\/f4701c21e2e412e301d69ea575732a07"},"headline":"Les Mammif\u00e8res aussi (2)","datePublished":"2011-01-29T11:06:06+00:00","dateModified":"2014-05-26T13:29:09+00:00","mainEntityOfPage":{"@id":"https:\/\/paca.lpo.fr\/blogs\/nice\/2011\/01\/29\/les-mammiferes-aussi-2\/"},"wordCount":118,"commentCount":0,"publisher":{"@id":"https:\/\/paca.lpo.fr\/blogs\/nice\/#organization"},"image":{"@id":"https:\/\/paca.lpo.fr\/blogs\/nice\/2011\/01\/29\/les-mammiferes-aussi-2\/#primaryimage"},"thumbnailUrl":"http:\/\/paca.lpo.fr\/images\/stories\/groupes_locaux\/alpes_maritimes_est\/mammifere1.jpg","keywords":["identification","mammif\u00e8re","Sortie"],"articleSection":["Vie du groupe"],"inLanguage":"fr-FR","potentialAction":[{"@type":"CommentAction","name":"Comment","target":["https:\/\/paca.lpo.fr\/blogs\/nice\/2011\/01\/29\/les-mammiferes-aussi-2\/#respond"]}]},{"@type":"WebPage","@id":"https:\/\/paca.lpo.fr\/blogs\/nice\/2011\/01\/29\/les-mammiferes-aussi-2\/","url":"https:\/\/paca.lpo.fr\/blogs\/nice\/2011\/01\/29\/les-mammiferes-aussi-2\/","name":"Les Mammif\u00e8res aussi (2) - Groupe local Nice","isPartOf":{"@id":"https:\/\/paca.lpo.fr\/blogs\/nice\/#website"},"primaryImageOfPage":{"@id":"https:\/\/paca.lpo.fr\/blogs\/nice\/2011\/01\/29\/les-mammiferes-aussi-2\/#primaryimage"},"image":{"@id":"https:\/\/paca.lpo.fr\/blogs\/nice\/2011\/01\/29\/les-mammiferes-aussi-2\/#primaryimage"},"thumbnailUrl":"http:\/\/paca.lpo.fr\/images\/stories\/groupes_locaux\/alpes_maritimes_est\/mammifere1.jpg","datePublished":"2011-01-29T11:06:06+00:00","dateModified":"2014-05-26T13:29:09+00:00","breadcrumb":{"@id":"https:\/\/paca.lpo.fr\/blogs\/nice\/2011\/01\/29\/les-mammiferes-aussi-2\/#breadcrumb"},"inLanguage":"fr-FR","potentialAction":[{"@type":"ReadAction","target":["https:\/\/paca.lpo.fr\/blogs\/nice\/2011\/01\/29\/les-mammiferes-aussi-2\/"]}]},{"@type":"ImageObject","inLanguage":"fr-FR","@id":"https:\/\/paca.lpo.fr\/blogs\/nice\/2011\/01\/29\/les-mammiferes-aussi-2\/#primaryimage","url":"http:\/\/paca.lpo.fr\/images\/stories\/groupes_locaux\/alpes_maritimes_est\/mammifere1.jpg","contentUrl":"http:\/\/paca.lpo.fr\/images\/stories\/groupes_locaux\/alpes_maritimes_est\/mammifere1.jpg"},{"@type":"BreadcrumbList","@id":"https:\/\/paca.lpo.fr\/blogs\/nice\/2011\/01\/29\/les-mammiferes-aussi-2\/#breadcrumb","itemListElement":[{"@type":"ListItem","position":1,"name":"Accueil","item":"https:\/\/paca.lpo.fr\/blogs\/nice\/"},{"@type":"ListItem","position":2,"name":"Les Mammif\u00e8res aussi (2)"}]},{"@type":"WebSite","@id":"https:\/\/paca.lpo.fr\/blogs\/nice\/#website","url":"https:\/\/paca.lpo.fr\/blogs\/nice\/","name":"Groupe local Nice","description":"Groupe local Nice","publisher":{"@id":"https:\/\/paca.lpo.fr\/blogs\/nice\/#organization"},"potentialAction":[{"@type":"SearchAction","target":{"@type":"EntryPoint","urlTemplate":"https:\/\/paca.lpo.fr\/blogs\/nice\/?s={search_term_string}"},"query-input":{"@type":"PropertyValueSpecification","valueRequired":true,"valueName":"search_term_string"}}],"inLanguage":"fr-FR"},{"@type":"Organization","@id":"https:\/\/paca.lpo.fr\/blogs\/nice\/#organization","name":"Groupe local Nice","url":"https:\/\/paca.lpo.fr\/blogs\/nice\/","logo":{"@type":"ImageObject","inLanguage":"fr-FR","@id":"https:\/\/paca.lpo.fr\/blogs\/nice\/#\/schema\/logo\/image\/","url":"https:\/\/paca.lpo.fr\/blogs\/nice\/files\/2024\/01\/cropped-rvb-lpo-paca-logotype-signature-droite-mini-500.jpg","contentUrl":"https:\/\/paca.lpo.fr\/blogs\/nice\/files\/2024\/01\/cropped-rvb-lpo-paca-logotype-signature-droite-mini-500.jpg","width":500,"height":210,"caption":"Groupe local Nice"},"image":{"@id":"https:\/\/paca.lpo.fr\/blogs\/nice\/#\/schema\/logo\/image\/"}},{"@type":"Person","@id":"https:\/\/paca.lpo.fr\/blogs\/nice\/#\/schema\/person\/f4701c21e2e412e301d69ea575732a07","name":"LPOPACA","image":{"@type":"ImageObject","inLanguage":"fr-FR","@id":"https:\/\/secure.gravatar.com\/avatar\/61b4fe4aeb906264475360b018582a8a825394c21df85ee757345c68c15ddd14?s=96&d=mm&r=g","url":"https:\/\/secure.gravatar.com\/avatar\/61b4fe4aeb906264475360b018582a8a825394c21df85ee757345c68c15ddd14?s=96&d=mm&r=g","contentUrl":"https:\/\/secure.gravatar.com\/avatar\/61b4fe4aeb906264475360b018582a8a825394c21df85ee757345c68c15ddd14?s=96&d=mm&r=g","caption":"LPOPACA"},"url":"https:\/\/paca.lpo.fr\/blogs\/nice\/author\/lpopaca\/"}]}},"jetpack_featured_media_url":"","_links":{"self":[{"href":"https:\/\/paca.lpo.fr\/blogs\/nice\/wp-json\/wp\/v2\/posts\/63","targetHints":{"allow":["GET"]}}],"collection":[{"href":"https:\/\/paca.lpo.fr\/blogs\/nice\/wp-json\/wp\/v2\/posts"}],"about":[{"href":"https:\/\/paca.lpo.fr\/blogs\/nice\/wp-json\/wp\/v2\/types\/post"}],"author":[{"embeddable":true,"href":"https:\/\/paca.lpo.fr\/blogs\/nice\/wp-json\/wp\/v2\/users\/1"}],"replies":[{"embeddable":true,"href":"https:\/\/paca.lpo.fr\/blogs\/nice\/wp-json\/wp\/v2\/comments?post=63"}],"version-history":[{"count":1,"href":"https:\/\/paca.lpo.fr\/blogs\/nice\/wp-json\/wp\/v2\/posts\/63\/revisions"}],"predecessor-version":[{"id":1051,"href":"https:\/\/paca.lpo.fr\/blogs\/nice\/wp-json\/wp\/v2\/posts\/63\/revisions\/1051"}],"wp:attachment":[{"href":"https:\/\/paca.lpo.fr\/blogs\/nice\/wp-json\/wp\/v2\/media?parent=63"}],"wp:term":[{"taxonomy":"category","embeddable":true,"href":"https:\/\/paca.lpo.fr\/blogs\/nice\/wp-json\/wp\/v2\/categories?post=63"},{"taxonomy":"post_tag","embeddable":true,"href":"https:\/\/paca.lpo.fr\/blogs\/nice\/wp-json\/wp\/v2\/tags?post=63"}],"curies":[{"name":"wp","href":"https:\/\/api.w.org\/{rel}","templated":true}]}}