{"id":66,"date":"2011-01-29T13:06:53","date_gmt":"2011-01-29T13:06:53","guid":{"rendered":"https:\/\/paca.lpo.fr\/blogs\/nice\/?p=66"},"modified":"2011-01-29T13:06:53","modified_gmt":"2011-01-29T13:06:53","slug":"les-mammiferes-aussi-3","status":"publish","type":"post","link":"https:\/\/paca.lpo.fr\/blogs\/nice\/2011\/01\/29\/les-mammiferes-aussi-3\/","title":{"rendered":"Les Mammif\u00e8res aussi (3)"},"content":{"rendered":"<p><img loading=\"lazy\" decoding=\"async\" class=\"alignnone\" src=\"http:\/\/paca.lpo.fr\/images\/stories\/groupes_locaux\/alpes_maritimes_est\/mammifere7.jpg\" alt=\"\" width=\"609\" height=\"813\" \/><\/p>\n<p><img loading=\"lazy\" decoding=\"async\" class=\"alignnone\" src=\"http:\/\/paca.lpo.fr\/images\/stories\/groupes_locaux\/alpes_maritimes_est\/mammifere11.jpg\" alt=\"\" width=\"614\" height=\"461\" \/><\/p>\n<p>Au-del\u00e0 de ces traces, Pierre nous a communiqu\u00e9 sa passion pour les mammif\u00e8res et les m\u00e9thodes permettant de caract\u00e9riser la pr\u00e9sence de certaines esp\u00e8ces.<\/p>\n<p><img loading=\"lazy\" decoding=\"async\" class=\"alignnone\" src=\"http:\/\/paca.lpo.fr\/images\/stories\/groupes_locaux\/alpes_maritimes_est\/mammifere9.jpg\" alt=\"\" width=\"614\" height=\"461\" \/><\/p>\n<p><img loading=\"lazy\" decoding=\"async\" class=\"alignnone\" src=\"http:\/\/paca.lpo.fr\/images\/stories\/groupes_locaux\/alpes_maritimes_est\/mammifere10.jpg\" alt=\"\" width=\"614\" height=\"461\" \/><\/p>\n<p>Ainsi, gr\u00e2ce \u00e0 cette sortie, ornithologues et passionn\u00e9s d\u2019oiseaux ont pu s\u2019ouvrir \u00e0 un monde tout aussi int\u00e9ressant, celui des mammif\u00e8res\u00a0!<\/p>\n<p><img loading=\"lazy\" decoding=\"async\" class=\"alignnone\" src=\"http:\/\/paca.lpo.fr\/images\/stories\/groupes_locaux\/alpes_maritimes_est\/mammifere12.jpg\" alt=\"\" width=\"614\" height=\"461\" \/><\/p>\n<p><img loading=\"lazy\" decoding=\"async\" class=\"alignnone\" src=\"http:\/\/paca.lpo.fr\/images\/stories\/groupes_locaux\/alpes_maritimes_est\/mammifere13.jpg\" alt=\"\" width=\"614\" height=\"461\" \/><\/p>\n<p>Un grand merci \u00e0 Pierre\u00a0!<\/p>\n","protected":false},"excerpt":{"rendered":"<p>Au-del\u00e0 de ces traces, Pierre nous a communiqu\u00e9 sa passion pour les mammif\u00e8res et les m\u00e9thodes permettant de caract\u00e9riser la pr\u00e9sence de certaines esp\u00e8ces. Ainsi, gr\u00e2ce \u00e0 cette sortie, ornithologues et passionn\u00e9s d\u2019oiseaux ont pu s\u2019ouvrir \u00e0 un monde tout aussi int\u00e9ressant, celui des mammif\u00e8res\u00a0! Un grand merci \u00e0 Pierre\u00a0!<\/p>\n","protected":false},"author":1,"featured_media":0,"comment_status":"open","ping_status":"open","sticky":false,"template":"","format":"standard","meta":{"footnotes":""},"categories":[3],"tags":[23,40,64],"class_list":["post-66","post","type-post","status-publish","format-standard","hentry","category-vie-groupe","tag-formation","tag-marseille","tag-sortie"],"yoast_head":"<!-- This site is optimized with the Yoast SEO plugin v28.3 - https:\/\/yoast.com\/product\/yoast-seo-wordpress\/ -->\n<title>Les Mammif\u00e8res aussi (3)  - Groupe local Nice<\/title>\n<meta name=\"robots\" content=\"index, follow, max-snippet:-1, max-image-preview:large, max-video-preview:-1\" \/>\n<link rel=\"canonical\" href=\"https:\/\/paca.lpo.fr\/blogs\/nice\/2011\/01\/29\/les-mammiferes-aussi-3\/\" \/>\n<meta property=\"og:locale\" content=\"fr_FR\" \/>\n<meta property=\"og:type\" content=\"article\" \/>\n<meta property=\"og:title\" content=\"Les Mammif\u00e8res aussi (3)  - Groupe local Nice\" \/>\n<meta property=\"og:description\" content=\"Au-del\u00e0 de ces traces, Pierre nous a communiqu\u00e9 sa passion pour les mammif\u00e8res et les m\u00e9thodes permettant de caract\u00e9riser la pr\u00e9sence de certaines esp\u00e8ces. Ainsi, gr\u00e2ce \u00e0 cette sortie, ornithologues et passionn\u00e9s d\u2019oiseaux ont pu s\u2019ouvrir \u00e0 un monde tout aussi int\u00e9ressant, celui des mammif\u00e8res\u00a0! Un grand merci \u00e0 Pierre\u00a0!\" \/>\n<meta property=\"og:url\" content=\"https:\/\/paca.lpo.fr\/blogs\/nice\/2011\/01\/29\/les-mammiferes-aussi-3\/\" \/>\n<meta property=\"og:site_name\" content=\"Groupe local Nice\" \/>\n<meta property=\"article:published_time\" content=\"2011-01-29T13:06:53+00:00\" \/>\n<meta property=\"og:image\" content=\"http:\/\/paca.lpo.fr\/images\/stories\/groupes_locaux\/alpes_maritimes_est\/mammifere7.jpg\" \/>\n<meta name=\"author\" content=\"LPOPACA\" \/>\n<meta name=\"twitter:card\" content=\"summary_large_image\" \/>\n<meta name=\"twitter:label1\" content=\"\u00c9crit par\" \/>\n\t<meta name=\"twitter:data1\" content=\"LPOPACA\" \/>\n<script type=\"application\/ld+json\" class=\"yoast-schema-graph\">{\"@context\":\"https:\\\/\\\/schema.org\",\"@graph\":[{\"@type\":\"Article\",\"@id\":\"https:\\\/\\\/paca.lpo.fr\\\/blogs\\\/nice\\\/2011\\\/01\\\/29\\\/les-mammiferes-aussi-3\\\/#article\",\"isPartOf\":{\"@id\":\"https:\\\/\\\/paca.lpo.fr\\\/blogs\\\/nice\\\/2011\\\/01\\\/29\\\/les-mammiferes-aussi-3\\\/\"},\"author\":{\"name\":\"LPOPACA\",\"@id\":\"https:\\\/\\\/paca.lpo.fr\\\/blogs\\\/nice\\\/#\\\/schema\\\/person\\\/f4701c21e2e412e301d69ea575732a07\"},\"headline\":\"Les Mammif\u00e8res aussi (3)\",\"datePublished\":\"2011-01-29T13:06:53+00:00\",\"mainEntityOfPage\":{\"@id\":\"https:\\\/\\\/paca.lpo.fr\\\/blogs\\\/nice\\\/2011\\\/01\\\/29\\\/les-mammiferes-aussi-3\\\/\"},\"wordCount\":62,\"commentCount\":0,\"publisher\":{\"@id\":\"https:\\\/\\\/paca.lpo.fr\\\/blogs\\\/nice\\\/#organization\"},\"image\":{\"@id\":\"https:\\\/\\\/paca.lpo.fr\\\/blogs\\\/nice\\\/2011\\\/01\\\/29\\\/les-mammiferes-aussi-3\\\/#primaryimage\"},\"thumbnailUrl\":\"http:\\\/\\\/paca.lpo.fr\\\/images\\\/stories\\\/groupes_locaux\\\/alpes_maritimes_est\\\/mammifere7.jpg\",\"keywords\":[\"formation\",\"Marseille\",\"Sortie\"],\"articleSection\":[\"Vie du groupe\"],\"inLanguage\":\"fr-FR\",\"potentialAction\":[{\"@type\":\"CommentAction\",\"name\":\"Comment\",\"target\":[\"https:\\\/\\\/paca.lpo.fr\\\/blogs\\\/nice\\\/2011\\\/01\\\/29\\\/les-mammiferes-aussi-3\\\/#respond\"]}]},{\"@type\":\"WebPage\",\"@id\":\"https:\\\/\\\/paca.lpo.fr\\\/blogs\\\/nice\\\/2011\\\/01\\\/29\\\/les-mammiferes-aussi-3\\\/\",\"url\":\"https:\\\/\\\/paca.lpo.fr\\\/blogs\\\/nice\\\/2011\\\/01\\\/29\\\/les-mammiferes-aussi-3\\\/\",\"name\":\"Les Mammif\u00e8res aussi (3) - Groupe local Nice\",\"isPartOf\":{\"@id\":\"https:\\\/\\\/paca.lpo.fr\\\/blogs\\\/nice\\\/#website\"},\"primaryImageOfPage\":{\"@id\":\"https:\\\/\\\/paca.lpo.fr\\\/blogs\\\/nice\\\/2011\\\/01\\\/29\\\/les-mammiferes-aussi-3\\\/#primaryimage\"},\"image\":{\"@id\":\"https:\\\/\\\/paca.lpo.fr\\\/blogs\\\/nice\\\/2011\\\/01\\\/29\\\/les-mammiferes-aussi-3\\\/#primaryimage\"},\"thumbnailUrl\":\"http:\\\/\\\/paca.lpo.fr\\\/images\\\/stories\\\/groupes_locaux\\\/alpes_maritimes_est\\\/mammifere7.jpg\",\"datePublished\":\"2011-01-29T13:06:53+00:00\",\"breadcrumb\":{\"@id\":\"https:\\\/\\\/paca.lpo.fr\\\/blogs\\\/nice\\\/2011\\\/01\\\/29\\\/les-mammiferes-aussi-3\\\/#breadcrumb\"},\"inLanguage\":\"fr-FR\",\"potentialAction\":[{\"@type\":\"ReadAction\",\"target\":[\"https:\\\/\\\/paca.lpo.fr\\\/blogs\\\/nice\\\/2011\\\/01\\\/29\\\/les-mammiferes-aussi-3\\\/\"]}]},{\"@type\":\"ImageObject\",\"inLanguage\":\"fr-FR\",\"@id\":\"https:\\\/\\\/paca.lpo.fr\\\/blogs\\\/nice\\\/2011\\\/01\\\/29\\\/les-mammiferes-aussi-3\\\/#primaryimage\",\"url\":\"http:\\\/\\\/paca.lpo.fr\\\/images\\\/stories\\\/groupes_locaux\\\/alpes_maritimes_est\\\/mammifere7.jpg\",\"contentUrl\":\"http:\\\/\\\/paca.lpo.fr\\\/images\\\/stories\\\/groupes_locaux\\\/alpes_maritimes_est\\\/mammifere7.jpg\"},{\"@type\":\"BreadcrumbList\",\"@id\":\"https:\\\/\\\/paca.lpo.fr\\\/blogs\\\/nice\\\/2011\\\/01\\\/29\\\/les-mammiferes-aussi-3\\\/#breadcrumb\",\"itemListElement\":[{\"@type\":\"ListItem\",\"position\":1,\"name\":\"Accueil\",\"item\":\"https:\\\/\\\/paca.lpo.fr\\\/blogs\\\/nice\\\/\"},{\"@type\":\"ListItem\",\"position\":2,\"name\":\"Les Mammif\u00e8res aussi (3)\"}]},{\"@type\":\"WebSite\",\"@id\":\"https:\\\/\\\/paca.lpo.fr\\\/blogs\\\/nice\\\/#website\",\"url\":\"https:\\\/\\\/paca.lpo.fr\\\/blogs\\\/nice\\\/\",\"name\":\"Groupe local Nice\",\"description\":\"Groupe local Nice\",\"publisher\":{\"@id\":\"https:\\\/\\\/paca.lpo.fr\\\/blogs\\\/nice\\\/#organization\"},\"potentialAction\":[{\"@type\":\"SearchAction\",\"target\":{\"@type\":\"EntryPoint\",\"urlTemplate\":\"https:\\\/\\\/paca.lpo.fr\\\/blogs\\\/nice\\\/?s={search_term_string}\"},\"query-input\":{\"@type\":\"PropertyValueSpecification\",\"valueRequired\":true,\"valueName\":\"search_term_string\"}}],\"inLanguage\":\"fr-FR\"},{\"@type\":\"Organization\",\"@id\":\"https:\\\/\\\/paca.lpo.fr\\\/blogs\\\/nice\\\/#organization\",\"name\":\"Groupe local Nice\",\"url\":\"https:\\\/\\\/paca.lpo.fr\\\/blogs\\\/nice\\\/\",\"logo\":{\"@type\":\"ImageObject\",\"inLanguage\":\"fr-FR\",\"@id\":\"https:\\\/\\\/paca.lpo.fr\\\/blogs\\\/nice\\\/#\\\/schema\\\/logo\\\/image\\\/\",\"url\":\"https:\\\/\\\/paca.lpo.fr\\\/blogs\\\/nice\\\/files\\\/2024\\\/01\\\/cropped-rvb-lpo-paca-logotype-signature-droite-mini-500.jpg\",\"contentUrl\":\"https:\\\/\\\/paca.lpo.fr\\\/blogs\\\/nice\\\/files\\\/2024\\\/01\\\/cropped-rvb-lpo-paca-logotype-signature-droite-mini-500.jpg\",\"width\":500,\"height\":210,\"caption\":\"Groupe local Nice\"},\"image\":{\"@id\":\"https:\\\/\\\/paca.lpo.fr\\\/blogs\\\/nice\\\/#\\\/schema\\\/logo\\\/image\\\/\"}},{\"@type\":\"Person\",\"@id\":\"https:\\\/\\\/paca.lpo.fr\\\/blogs\\\/nice\\\/#\\\/schema\\\/person\\\/f4701c21e2e412e301d69ea575732a07\",\"name\":\"LPOPACA\",\"image\":{\"@type\":\"ImageObject\",\"inLanguage\":\"fr-FR\",\"@id\":\"https:\\\/\\\/secure.gravatar.com\\\/avatar\\\/61b4fe4aeb906264475360b018582a8a825394c21df85ee757345c68c15ddd14?s=96&d=mm&r=g\",\"url\":\"https:\\\/\\\/secure.gravatar.com\\\/avatar\\\/61b4fe4aeb906264475360b018582a8a825394c21df85ee757345c68c15ddd14?s=96&d=mm&r=g\",\"contentUrl\":\"https:\\\/\\\/secure.gravatar.com\\\/avatar\\\/61b4fe4aeb906264475360b018582a8a825394c21df85ee757345c68c15ddd14?s=96&d=mm&r=g\",\"caption\":\"LPOPACA\"},\"url\":\"https:\\\/\\\/paca.lpo.fr\\\/blogs\\\/nice\\\/author\\\/lpopaca\\\/\"}]}<\/script>\n<!-- \/ Yoast SEO plugin. -->","yoast_head_json":{"title":"Les Mammif\u00e8res aussi (3)  - Groupe local Nice","robots":{"index":"index","follow":"follow","max-snippet":"max-snippet:-1","max-image-preview":"max-image-preview:large","max-video-preview":"max-video-preview:-1"},"canonical":"https:\/\/paca.lpo.fr\/blogs\/nice\/2011\/01\/29\/les-mammiferes-aussi-3\/","og_locale":"fr_FR","og_type":"article","og_title":"Les Mammif\u00e8res aussi (3)  - Groupe local Nice","og_description":"Au-del\u00e0 de ces traces, Pierre nous a communiqu\u00e9 sa passion pour les mammif\u00e8res et les m\u00e9thodes permettant de caract\u00e9riser la pr\u00e9sence de certaines esp\u00e8ces. Ainsi, gr\u00e2ce \u00e0 cette sortie, ornithologues et passionn\u00e9s d\u2019oiseaux ont pu s\u2019ouvrir \u00e0 un monde tout aussi int\u00e9ressant, celui des mammif\u00e8res\u00a0! Un grand merci \u00e0 Pierre\u00a0!","og_url":"https:\/\/paca.lpo.fr\/blogs\/nice\/2011\/01\/29\/les-mammiferes-aussi-3\/","og_site_name":"Groupe local Nice","article_published_time":"2011-01-29T13:06:53+00:00","og_image":[{"url":"http:\/\/paca.lpo.fr\/images\/stories\/groupes_locaux\/alpes_maritimes_est\/mammifere7.jpg","type":"","width":"","height":""}],"author":"LPOPACA","twitter_card":"summary_large_image","twitter_misc":{"\u00c9crit par":"LPOPACA"},"schema":{"@context":"https:\/\/schema.org","@graph":[{"@type":"Article","@id":"https:\/\/paca.lpo.fr\/blogs\/nice\/2011\/01\/29\/les-mammiferes-aussi-3\/#article","isPartOf":{"@id":"https:\/\/paca.lpo.fr\/blogs\/nice\/2011\/01\/29\/les-mammiferes-aussi-3\/"},"author":{"name":"LPOPACA","@id":"https:\/\/paca.lpo.fr\/blogs\/nice\/#\/schema\/person\/f4701c21e2e412e301d69ea575732a07"},"headline":"Les Mammif\u00e8res aussi (3)","datePublished":"2011-01-29T13:06:53+00:00","mainEntityOfPage":{"@id":"https:\/\/paca.lpo.fr\/blogs\/nice\/2011\/01\/29\/les-mammiferes-aussi-3\/"},"wordCount":62,"commentCount":0,"publisher":{"@id":"https:\/\/paca.lpo.fr\/blogs\/nice\/#organization"},"image":{"@id":"https:\/\/paca.lpo.fr\/blogs\/nice\/2011\/01\/29\/les-mammiferes-aussi-3\/#primaryimage"},"thumbnailUrl":"http:\/\/paca.lpo.fr\/images\/stories\/groupes_locaux\/alpes_maritimes_est\/mammifere7.jpg","keywords":["formation","Marseille","Sortie"],"articleSection":["Vie du groupe"],"inLanguage":"fr-FR","potentialAction":[{"@type":"CommentAction","name":"Comment","target":["https:\/\/paca.lpo.fr\/blogs\/nice\/2011\/01\/29\/les-mammiferes-aussi-3\/#respond"]}]},{"@type":"WebPage","@id":"https:\/\/paca.lpo.fr\/blogs\/nice\/2011\/01\/29\/les-mammiferes-aussi-3\/","url":"https:\/\/paca.lpo.fr\/blogs\/nice\/2011\/01\/29\/les-mammiferes-aussi-3\/","name":"Les Mammif\u00e8res aussi (3) - Groupe local Nice","isPartOf":{"@id":"https:\/\/paca.lpo.fr\/blogs\/nice\/#website"},"primaryImageOfPage":{"@id":"https:\/\/paca.lpo.fr\/blogs\/nice\/2011\/01\/29\/les-mammiferes-aussi-3\/#primaryimage"},"image":{"@id":"https:\/\/paca.lpo.fr\/blogs\/nice\/2011\/01\/29\/les-mammiferes-aussi-3\/#primaryimage"},"thumbnailUrl":"http:\/\/paca.lpo.fr\/images\/stories\/groupes_locaux\/alpes_maritimes_est\/mammifere7.jpg","datePublished":"2011-01-29T13:06:53+00:00","breadcrumb":{"@id":"https:\/\/paca.lpo.fr\/blogs\/nice\/2011\/01\/29\/les-mammiferes-aussi-3\/#breadcrumb"},"inLanguage":"fr-FR","potentialAction":[{"@type":"ReadAction","target":["https:\/\/paca.lpo.fr\/blogs\/nice\/2011\/01\/29\/les-mammiferes-aussi-3\/"]}]},{"@type":"ImageObject","inLanguage":"fr-FR","@id":"https:\/\/paca.lpo.fr\/blogs\/nice\/2011\/01\/29\/les-mammiferes-aussi-3\/#primaryimage","url":"http:\/\/paca.lpo.fr\/images\/stories\/groupes_locaux\/alpes_maritimes_est\/mammifere7.jpg","contentUrl":"http:\/\/paca.lpo.fr\/images\/stories\/groupes_locaux\/alpes_maritimes_est\/mammifere7.jpg"},{"@type":"BreadcrumbList","@id":"https:\/\/paca.lpo.fr\/blogs\/nice\/2011\/01\/29\/les-mammiferes-aussi-3\/#breadcrumb","itemListElement":[{"@type":"ListItem","position":1,"name":"Accueil","item":"https:\/\/paca.lpo.fr\/blogs\/nice\/"},{"@type":"ListItem","position":2,"name":"Les Mammif\u00e8res aussi (3)"}]},{"@type":"WebSite","@id":"https:\/\/paca.lpo.fr\/blogs\/nice\/#website","url":"https:\/\/paca.lpo.fr\/blogs\/nice\/","name":"Groupe local Nice","description":"Groupe local Nice","publisher":{"@id":"https:\/\/paca.lpo.fr\/blogs\/nice\/#organization"},"potentialAction":[{"@type":"SearchAction","target":{"@type":"EntryPoint","urlTemplate":"https:\/\/paca.lpo.fr\/blogs\/nice\/?s={search_term_string}"},"query-input":{"@type":"PropertyValueSpecification","valueRequired":true,"valueName":"search_term_string"}}],"inLanguage":"fr-FR"},{"@type":"Organization","@id":"https:\/\/paca.lpo.fr\/blogs\/nice\/#organization","name":"Groupe local Nice","url":"https:\/\/paca.lpo.fr\/blogs\/nice\/","logo":{"@type":"ImageObject","inLanguage":"fr-FR","@id":"https:\/\/paca.lpo.fr\/blogs\/nice\/#\/schema\/logo\/image\/","url":"https:\/\/paca.lpo.fr\/blogs\/nice\/files\/2024\/01\/cropped-rvb-lpo-paca-logotype-signature-droite-mini-500.jpg","contentUrl":"https:\/\/paca.lpo.fr\/blogs\/nice\/files\/2024\/01\/cropped-rvb-lpo-paca-logotype-signature-droite-mini-500.jpg","width":500,"height":210,"caption":"Groupe local Nice"},"image":{"@id":"https:\/\/paca.lpo.fr\/blogs\/nice\/#\/schema\/logo\/image\/"}},{"@type":"Person","@id":"https:\/\/paca.lpo.fr\/blogs\/nice\/#\/schema\/person\/f4701c21e2e412e301d69ea575732a07","name":"LPOPACA","image":{"@type":"ImageObject","inLanguage":"fr-FR","@id":"https:\/\/secure.gravatar.com\/avatar\/61b4fe4aeb906264475360b018582a8a825394c21df85ee757345c68c15ddd14?s=96&d=mm&r=g","url":"https:\/\/secure.gravatar.com\/avatar\/61b4fe4aeb906264475360b018582a8a825394c21df85ee757345c68c15ddd14?s=96&d=mm&r=g","contentUrl":"https:\/\/secure.gravatar.com\/avatar\/61b4fe4aeb906264475360b018582a8a825394c21df85ee757345c68c15ddd14?s=96&d=mm&r=g","caption":"LPOPACA"},"url":"https:\/\/paca.lpo.fr\/blogs\/nice\/author\/lpopaca\/"}]}},"jetpack_featured_media_url":"","_links":{"self":[{"href":"https:\/\/paca.lpo.fr\/blogs\/nice\/wp-json\/wp\/v2\/posts\/66","targetHints":{"allow":["GET"]}}],"collection":[{"href":"https:\/\/paca.lpo.fr\/blogs\/nice\/wp-json\/wp\/v2\/posts"}],"about":[{"href":"https:\/\/paca.lpo.fr\/blogs\/nice\/wp-json\/wp\/v2\/types\/post"}],"author":[{"embeddable":true,"href":"https:\/\/paca.lpo.fr\/blogs\/nice\/wp-json\/wp\/v2\/users\/1"}],"replies":[{"embeddable":true,"href":"https:\/\/paca.lpo.fr\/blogs\/nice\/wp-json\/wp\/v2\/comments?post=66"}],"version-history":[{"count":0,"href":"https:\/\/paca.lpo.fr\/blogs\/nice\/wp-json\/wp\/v2\/posts\/66\/revisions"}],"wp:attachment":[{"href":"https:\/\/paca.lpo.fr\/blogs\/nice\/wp-json\/wp\/v2\/media?parent=66"}],"wp:term":[{"taxonomy":"category","embeddable":true,"href":"https:\/\/paca.lpo.fr\/blogs\/nice\/wp-json\/wp\/v2\/categories?post=66"},{"taxonomy":"post_tag","embeddable":true,"href":"https:\/\/paca.lpo.fr\/blogs\/nice\/wp-json\/wp\/v2\/tags?post=66"}],"curies":[{"name":"wp","href":"https:\/\/api.w.org\/{rel}","templated":true}]}}