{"id":706,"date":"2013-06-16T15:38:27","date_gmt":"2013-06-16T14:38:27","guid":{"rendered":"https:\/\/paca.lpo.fr\/blogs\/nice\/?p=706"},"modified":"2013-07-17T14:28:14","modified_gmt":"2013-07-17T13:28:14","slug":"assemblee-generale-lpo-paca-les-8-et-9-juin-2013","status":"publish","type":"post","link":"https:\/\/paca.lpo.fr\/blogs\/nice\/2013\/06\/16\/assemblee-generale-lpo-paca-les-8-et-9-juin-2013\/","title":{"rendered":"Assembl\u00e9e G\u00e9n\u00e9rale LPO PACA les 8 et 9 juin 2013"},"content":{"rendered":"<p>Le Gorges de Daluis et le village de Guillaume<\/p>\n<p><a href=\"https:\/\/paca.lpo.fr\/blogs\/nice\/2013\/06\/16\/lassemblee-generale-lpo-paca-en-images\/les-gorges-de-daluis-6\/\" rel=\"attachment wp-att-677\"><img loading=\"lazy\" decoding=\"async\" class=\"alignleft  wp-image-677\" alt=\"\" src=\"https:\/\/paca.lpo.fr\/blogs\/nice\/files\/2013\/06\/Les-gorges-de-Daluis5.jpg\" width=\"371\" height=\"273\" \/><\/a><\/p>\n<p>&nbsp;<\/p>\n<p>&nbsp;<\/p>\n<p>&nbsp;<\/p>\n<p>&nbsp;<\/p>\n<p>&nbsp;<\/p>\n<p>&nbsp;<\/p>\n<p>&nbsp;<\/p>\n<p>&nbsp;<\/p>\n<p>Les pr\u00e9paratifs<\/p>\n<p><a href=\"https:\/\/paca.lpo.fr\/blogs\/nice\/2013\/06\/16\/lassemblee-generale-lpo-paca-en-images\/les-preparatifs\/\" rel=\"attachment wp-att-679\"><img loading=\"lazy\" decoding=\"async\" class=\"alignnone size-medium wp-image-679\" alt=\"\" src=\"https:\/\/paca.lpo.fr\/blogs\/nice\/files\/2013\/06\/Les-pr\u00e9paratifs-480x320.jpg\" width=\"480\" height=\"320\" srcset=\"https:\/\/paca.lpo.fr\/blogs\/nice\/files\/2013\/06\/Les-pr\u00e9paratifs-480x320.jpg 480w, https:\/\/paca.lpo.fr\/blogs\/nice\/files\/2013\/06\/Les-pr\u00e9paratifs.jpg 749w\" sizes=\"auto, (max-width: 480px) 100vw, 480px\" \/><\/a><\/p>\n<p>L&rsquo;accueil<\/p>\n<p><a href=\"https:\/\/paca.lpo.fr\/blogs\/nice\/2013\/06\/16\/lassemblee-generale-lpo-paca-en-images\/accueil2\/\" rel=\"attachment wp-att-682\"><img loading=\"lazy\" decoding=\"async\" class=\"alignnone size-medium wp-image-682\" alt=\"\" src=\"https:\/\/paca.lpo.fr\/blogs\/nice\/files\/2013\/06\/Accueil2-480x313.jpg\" width=\"480\" height=\"313\" srcset=\"https:\/\/paca.lpo.fr\/blogs\/nice\/files\/2013\/06\/Accueil2-480x313.jpg 480w, https:\/\/paca.lpo.fr\/blogs\/nice\/files\/2013\/06\/Accueil2.jpg 765w\" sizes=\"auto, (max-width: 480px) 100vw, 480px\" \/><\/a><\/p>\n<p>&nbsp;<\/p>\n<p>L&rsquo;AG<\/p>\n<p><a href=\"https:\/\/paca.lpo.fr\/blogs\/nice\/2013\/06\/16\/lassemblee-generale-lpo-paca-en-images\/ag1-4\/\" rel=\"attachment wp-att-692\"><img loading=\"lazy\" decoding=\"async\" class=\"alignnone size-full wp-image-692\" alt=\"\" src=\"https:\/\/paca.lpo.fr\/blogs\/nice\/files\/2013\/06\/AG13.jpg\" width=\"400\" height=\"300\" \/><\/a><a href=\"https:\/\/paca.lpo.fr\/blogs\/nice\/2013\/06\/16\/lassemblee-generale-lpo-paca-en-images\/ag2-5\/\" rel=\"attachment wp-att-693\"><img loading=\"lazy\" decoding=\"async\" class=\"alignnone size-full wp-image-693\" alt=\"\" src=\"https:\/\/paca.lpo.fr\/blogs\/nice\/files\/2013\/06\/AG24.jpg\" width=\"437\" height=\"301\" \/><\/a> <a href=\"https:\/\/paca.lpo.fr\/blogs\/nice\/2013\/06\/16\/lassemblee-generale-lpo-paca-en-images\/ag3\/\" rel=\"attachment wp-att-690\"><img loading=\"lazy\" decoding=\"async\" class=\"alignnone size-medium wp-image-690\" alt=\"\" src=\"https:\/\/paca.lpo.fr\/blogs\/nice\/files\/2013\/06\/AG3-480x270.jpg\" width=\"480\" height=\"270\" srcset=\"https:\/\/paca.lpo.fr\/blogs\/nice\/files\/2013\/06\/AG3-480x270.jpg 480w, https:\/\/paca.lpo.fr\/blogs\/nice\/files\/2013\/06\/AG3.jpg 768w\" sizes=\"auto, (max-width: 480px) 100vw, 480px\" \/><\/a><a href=\"https:\/\/paca.lpo.fr\/blogs\/nice\/2013\/06\/16\/lassemblee-generale-lpo-paca-en-images\/ag4\/\" rel=\"attachment wp-att-691\"><img loading=\"lazy\" decoding=\"async\" class=\"alignnone size-medium wp-image-691\" alt=\"\" src=\"https:\/\/paca.lpo.fr\/blogs\/nice\/files\/2013\/06\/AG4-480x312.jpg\" width=\"480\" height=\"312\" srcset=\"https:\/\/paca.lpo.fr\/blogs\/nice\/files\/2013\/06\/AG4-480x312.jpg 480w, https:\/\/paca.lpo.fr\/blogs\/nice\/files\/2013\/06\/AG4.jpg 768w\" sizes=\"auto, (max-width: 480px) 100vw, 480px\" \/><\/a><\/p>\n<p>Le diner<\/p>\n<p><a href=\"https:\/\/paca.lpo.fr\/blogs\/nice\/2013\/06\/16\/lassemblee-generale-lpo-paca-en-images\/repas1\/\" rel=\"attachment wp-att-694\"><img loading=\"lazy\" decoding=\"async\" class=\"alignnone size-medium wp-image-694\" alt=\"\" src=\"https:\/\/paca.lpo.fr\/blogs\/nice\/files\/2013\/06\/Repas1-480x356.jpg\" width=\"480\" height=\"356\" srcset=\"https:\/\/paca.lpo.fr\/blogs\/nice\/files\/2013\/06\/Repas1-480x356.jpg 480w, https:\/\/paca.lpo.fr\/blogs\/nice\/files\/2013\/06\/Repas1.jpg 500w\" sizes=\"auto, (max-width: 480px) 100vw, 480px\" \/><\/a><a href=\"https:\/\/paca.lpo.fr\/blogs\/nice\/2013\/06\/16\/lassemblee-generale-lpo-paca-en-images\/repas2\/\" rel=\"attachment wp-att-695\"><img loading=\"lazy\" decoding=\"async\" class=\"alignnone size-medium wp-image-695\" alt=\"\" src=\"https:\/\/paca.lpo.fr\/blogs\/nice\/files\/2013\/06\/Repas2-480x270.jpg\" width=\"480\" height=\"270\" srcset=\"https:\/\/paca.lpo.fr\/blogs\/nice\/files\/2013\/06\/Repas2-480x270.jpg 480w, https:\/\/paca.lpo.fr\/blogs\/nice\/files\/2013\/06\/Repas2.jpg 518w\" sizes=\"auto, (max-width: 480px) 100vw, 480px\" \/><\/a><\/p>\n<p>La sortie au Point Sublime<\/p>\n<p><a href=\"https:\/\/paca.lpo.fr\/blogs\/nice\/2013\/06\/16\/lassemblee-generale-lpo-paca-en-images\/sortie-point-sublime\/\" rel=\"attachment wp-att-696\"><img loading=\"lazy\" decoding=\"async\" class=\"alignnone size-full wp-image-696\" alt=\"\" src=\"https:\/\/paca.lpo.fr\/blogs\/nice\/files\/2013\/06\/Sortie-Point-Sublime.jpg\" width=\"667\" height=\"500\" srcset=\"https:\/\/paca.lpo.fr\/blogs\/nice\/files\/2013\/06\/Sortie-Point-Sublime.jpg 667w, https:\/\/paca.lpo.fr\/blogs\/nice\/files\/2013\/06\/Sortie-Point-Sublime-480x359.jpg 480w\" sizes=\"auto, (max-width: 667px) 100vw, 667px\" \/><\/a><\/p>\n","protected":false},"excerpt":{"rendered":"<p>Le Gorges de Daluis et le village de Guillaume &nbsp; &nbsp; &nbsp; &nbsp; &nbsp; &nbsp; &nbsp; &nbsp; Les pr\u00e9paratifs L&rsquo;accueil &nbsp; L&rsquo;AG Le diner La sortie au Point Sublime<\/p>\n","protected":false},"author":15,"featured_media":698,"comment_status":"open","ping_status":"open","sticky":false,"template":"","format":"standard","meta":{"footnotes":""},"categories":[1],"tags":[],"class_list":["post-706","post","type-post","status-publish","format-standard","has-post-thumbnail","hentry","category-sorties-nature"],"yoast_head":"<!-- This site is optimized with the Yoast SEO plugin v28.3 - https:\/\/yoast.com\/product\/yoast-seo-wordpress\/ -->\n<title>Assembl\u00e9e G\u00e9n\u00e9rale LPO PACA les 8 et 9 juin 2013 - Groupe local Nice<\/title>\n<meta name=\"robots\" content=\"index, follow, max-snippet:-1, max-image-preview:large, max-video-preview:-1\" \/>\n<link rel=\"canonical\" href=\"https:\/\/paca.lpo.fr\/blogs\/nice\/2013\/06\/16\/assemblee-generale-lpo-paca-les-8-et-9-juin-2013\/\" \/>\n<meta property=\"og:locale\" content=\"fr_FR\" \/>\n<meta property=\"og:type\" content=\"article\" \/>\n<meta property=\"og:title\" content=\"Assembl\u00e9e G\u00e9n\u00e9rale LPO PACA les 8 et 9 juin 2013 - Groupe local Nice\" \/>\n<meta property=\"og:description\" content=\"Le Gorges de Daluis et le village de Guillaume &nbsp; &nbsp; &nbsp; &nbsp; &nbsp; &nbsp; &nbsp; &nbsp; Les pr\u00e9paratifs L&rsquo;accueil &nbsp; L&rsquo;AG Le diner La sortie au Point Sublime\" \/>\n<meta property=\"og:url\" content=\"https:\/\/paca.lpo.fr\/blogs\/nice\/2013\/06\/16\/assemblee-generale-lpo-paca-les-8-et-9-juin-2013\/\" \/>\n<meta property=\"og:site_name\" content=\"Groupe local Nice\" \/>\n<meta property=\"article:published_time\" content=\"2013-06-16T14:38:27+00:00\" \/>\n<meta property=\"article:modified_time\" content=\"2013-07-17T13:28:14+00:00\" \/>\n<meta property=\"og:image\" content=\"https:\/\/paca.lpo.fr\/blogs\/nice\/files\/2013\/06\/13-06AG-81-Copie.jpg\" \/>\n\t<meta property=\"og:image:width\" content=\"403\" \/>\n\t<meta property=\"og:image:height\" content=\"227\" \/>\n\t<meta property=\"og:image:type\" content=\"image\/jpeg\" \/>\n<meta name=\"author\" content=\"Groupe local Paillon-B\u00e9v\u00e9ra\" \/>\n<meta name=\"twitter:card\" content=\"summary_large_image\" \/>\n<meta name=\"twitter:label1\" content=\"\u00c9crit par\" \/>\n\t<meta name=\"twitter:data1\" content=\"Groupe local Paillon-B\u00e9v\u00e9ra\" \/>\n<script type=\"application\/ld+json\" class=\"yoast-schema-graph\">{\"@context\":\"https:\\\/\\\/schema.org\",\"@graph\":[{\"@type\":\"Article\",\"@id\":\"https:\\\/\\\/paca.lpo.fr\\\/blogs\\\/nice\\\/2013\\\/06\\\/16\\\/assemblee-generale-lpo-paca-les-8-et-9-juin-2013\\\/#article\",\"isPartOf\":{\"@id\":\"https:\\\/\\\/paca.lpo.fr\\\/blogs\\\/nice\\\/2013\\\/06\\\/16\\\/assemblee-generale-lpo-paca-les-8-et-9-juin-2013\\\/\"},\"author\":{\"name\":\"Groupe local Paillon-B\u00e9v\u00e9ra\",\"@id\":\"https:\\\/\\\/paca.lpo.fr\\\/blogs\\\/nice\\\/#\\\/schema\\\/person\\\/1bda33335fb71e0b3552487db26a4c56\"},\"headline\":\"Assembl\u00e9e G\u00e9n\u00e9rale LPO PACA les 8 et 9 juin 2013\",\"datePublished\":\"2013-06-16T14:38:27+00:00\",\"dateModified\":\"2013-07-17T13:28:14+00:00\",\"mainEntityOfPage\":{\"@id\":\"https:\\\/\\\/paca.lpo.fr\\\/blogs\\\/nice\\\/2013\\\/06\\\/16\\\/assemblee-generale-lpo-paca-les-8-et-9-juin-2013\\\/\"},\"wordCount\":42,\"commentCount\":0,\"publisher\":{\"@id\":\"https:\\\/\\\/paca.lpo.fr\\\/blogs\\\/nice\\\/#organization\"},\"image\":{\"@id\":\"https:\\\/\\\/paca.lpo.fr\\\/blogs\\\/nice\\\/2013\\\/06\\\/16\\\/assemblee-generale-lpo-paca-les-8-et-9-juin-2013\\\/#primaryimage\"},\"thumbnailUrl\":\"https:\\\/\\\/paca.lpo.fr\\\/blogs\\\/nice\\\/files\\\/2013\\\/06\\\/13-06AG-81-Copie.jpg\",\"articleSection\":[\"grands \u00e9v\u00e8nements\"],\"inLanguage\":\"fr-FR\",\"potentialAction\":[{\"@type\":\"CommentAction\",\"name\":\"Comment\",\"target\":[\"https:\\\/\\\/paca.lpo.fr\\\/blogs\\\/nice\\\/2013\\\/06\\\/16\\\/assemblee-generale-lpo-paca-les-8-et-9-juin-2013\\\/#respond\"]}]},{\"@type\":\"WebPage\",\"@id\":\"https:\\\/\\\/paca.lpo.fr\\\/blogs\\\/nice\\\/2013\\\/06\\\/16\\\/assemblee-generale-lpo-paca-les-8-et-9-juin-2013\\\/\",\"url\":\"https:\\\/\\\/paca.lpo.fr\\\/blogs\\\/nice\\\/2013\\\/06\\\/16\\\/assemblee-generale-lpo-paca-les-8-et-9-juin-2013\\\/\",\"name\":\"Assembl\u00e9e G\u00e9n\u00e9rale LPO PACA les 8 et 9 juin 2013 - Groupe local Nice\",\"isPartOf\":{\"@id\":\"https:\\\/\\\/paca.lpo.fr\\\/blogs\\\/nice\\\/#website\"},\"primaryImageOfPage\":{\"@id\":\"https:\\\/\\\/paca.lpo.fr\\\/blogs\\\/nice\\\/2013\\\/06\\\/16\\\/assemblee-generale-lpo-paca-les-8-et-9-juin-2013\\\/#primaryimage\"},\"image\":{\"@id\":\"https:\\\/\\\/paca.lpo.fr\\\/blogs\\\/nice\\\/2013\\\/06\\\/16\\\/assemblee-generale-lpo-paca-les-8-et-9-juin-2013\\\/#primaryimage\"},\"thumbnailUrl\":\"https:\\\/\\\/paca.lpo.fr\\\/blogs\\\/nice\\\/files\\\/2013\\\/06\\\/13-06AG-81-Copie.jpg\",\"datePublished\":\"2013-06-16T14:38:27+00:00\",\"dateModified\":\"2013-07-17T13:28:14+00:00\",\"breadcrumb\":{\"@id\":\"https:\\\/\\\/paca.lpo.fr\\\/blogs\\\/nice\\\/2013\\\/06\\\/16\\\/assemblee-generale-lpo-paca-les-8-et-9-juin-2013\\\/#breadcrumb\"},\"inLanguage\":\"fr-FR\",\"potentialAction\":[{\"@type\":\"ReadAction\",\"target\":[\"https:\\\/\\\/paca.lpo.fr\\\/blogs\\\/nice\\\/2013\\\/06\\\/16\\\/assemblee-generale-lpo-paca-les-8-et-9-juin-2013\\\/\"]}]},{\"@type\":\"ImageObject\",\"inLanguage\":\"fr-FR\",\"@id\":\"https:\\\/\\\/paca.lpo.fr\\\/blogs\\\/nice\\\/2013\\\/06\\\/16\\\/assemblee-generale-lpo-paca-les-8-et-9-juin-2013\\\/#primaryimage\",\"url\":\"https:\\\/\\\/paca.lpo.fr\\\/blogs\\\/nice\\\/files\\\/2013\\\/06\\\/13-06AG-81-Copie.jpg\",\"contentUrl\":\"https:\\\/\\\/paca.lpo.fr\\\/blogs\\\/nice\\\/files\\\/2013\\\/06\\\/13-06AG-81-Copie.jpg\",\"width\":\"403\",\"height\":\"227\"},{\"@type\":\"BreadcrumbList\",\"@id\":\"https:\\\/\\\/paca.lpo.fr\\\/blogs\\\/nice\\\/2013\\\/06\\\/16\\\/assemblee-generale-lpo-paca-les-8-et-9-juin-2013\\\/#breadcrumb\",\"itemListElement\":[{\"@type\":\"ListItem\",\"position\":1,\"name\":\"Accueil\",\"item\":\"https:\\\/\\\/paca.lpo.fr\\\/blogs\\\/nice\\\/\"},{\"@type\":\"ListItem\",\"position\":2,\"name\":\"Assembl\u00e9e G\u00e9n\u00e9rale LPO PACA les 8 et 9 juin 2013\"}]},{\"@type\":\"WebSite\",\"@id\":\"https:\\\/\\\/paca.lpo.fr\\\/blogs\\\/nice\\\/#website\",\"url\":\"https:\\\/\\\/paca.lpo.fr\\\/blogs\\\/nice\\\/\",\"name\":\"Groupe local Nice\",\"description\":\"Groupe local Nice\",\"publisher\":{\"@id\":\"https:\\\/\\\/paca.lpo.fr\\\/blogs\\\/nice\\\/#organization\"},\"potentialAction\":[{\"@type\":\"SearchAction\",\"target\":{\"@type\":\"EntryPoint\",\"urlTemplate\":\"https:\\\/\\\/paca.lpo.fr\\\/blogs\\\/nice\\\/?s={search_term_string}\"},\"query-input\":{\"@type\":\"PropertyValueSpecification\",\"valueRequired\":true,\"valueName\":\"search_term_string\"}}],\"inLanguage\":\"fr-FR\"},{\"@type\":\"Organization\",\"@id\":\"https:\\\/\\\/paca.lpo.fr\\\/blogs\\\/nice\\\/#organization\",\"name\":\"Groupe local Nice\",\"url\":\"https:\\\/\\\/paca.lpo.fr\\\/blogs\\\/nice\\\/\",\"logo\":{\"@type\":\"ImageObject\",\"inLanguage\":\"fr-FR\",\"@id\":\"https:\\\/\\\/paca.lpo.fr\\\/blogs\\\/nice\\\/#\\\/schema\\\/logo\\\/image\\\/\",\"url\":\"https:\\\/\\\/paca.lpo.fr\\\/blogs\\\/nice\\\/files\\\/2024\\\/01\\\/cropped-rvb-lpo-paca-logotype-signature-droite-mini-500.jpg\",\"contentUrl\":\"https:\\\/\\\/paca.lpo.fr\\\/blogs\\\/nice\\\/files\\\/2024\\\/01\\\/cropped-rvb-lpo-paca-logotype-signature-droite-mini-500.jpg\",\"width\":500,\"height\":210,\"caption\":\"Groupe local Nice\"},\"image\":{\"@id\":\"https:\\\/\\\/paca.lpo.fr\\\/blogs\\\/nice\\\/#\\\/schema\\\/logo\\\/image\\\/\"}},{\"@type\":\"Person\",\"@id\":\"https:\\\/\\\/paca.lpo.fr\\\/blogs\\\/nice\\\/#\\\/schema\\\/person\\\/1bda33335fb71e0b3552487db26a4c56\",\"name\":\"Groupe local Paillon-B\u00e9v\u00e9ra\",\"image\":{\"@type\":\"ImageObject\",\"inLanguage\":\"fr-FR\",\"@id\":\"https:\\\/\\\/secure.gravatar.com\\\/avatar\\\/b1ee285506e2cb880ec988990d360e255aecb31c77212741dace1023623610c2?s=96&d=mm&r=g\",\"url\":\"https:\\\/\\\/secure.gravatar.com\\\/avatar\\\/b1ee285506e2cb880ec988990d360e255aecb31c77212741dace1023623610c2?s=96&d=mm&r=g\",\"contentUrl\":\"https:\\\/\\\/secure.gravatar.com\\\/avatar\\\/b1ee285506e2cb880ec988990d360e255aecb31c77212741dace1023623610c2?s=96&d=mm&r=g\",\"caption\":\"Groupe local Paillon-B\u00e9v\u00e9ra\"},\"url\":\"https:\\\/\\\/paca.lpo.fr\\\/blogs\\\/nice\\\/author\\\/alpesmaritimesest\\\/\"}]}<\/script>\n<!-- \/ Yoast SEO plugin. -->","yoast_head_json":{"title":"Assembl\u00e9e G\u00e9n\u00e9rale LPO PACA les 8 et 9 juin 2013 - Groupe local Nice","robots":{"index":"index","follow":"follow","max-snippet":"max-snippet:-1","max-image-preview":"max-image-preview:large","max-video-preview":"max-video-preview:-1"},"canonical":"https:\/\/paca.lpo.fr\/blogs\/nice\/2013\/06\/16\/assemblee-generale-lpo-paca-les-8-et-9-juin-2013\/","og_locale":"fr_FR","og_type":"article","og_title":"Assembl\u00e9e G\u00e9n\u00e9rale LPO PACA les 8 et 9 juin 2013 - Groupe local Nice","og_description":"Le Gorges de Daluis et le village de Guillaume &nbsp; &nbsp; &nbsp; &nbsp; &nbsp; &nbsp; &nbsp; &nbsp; Les pr\u00e9paratifs L&rsquo;accueil &nbsp; L&rsquo;AG Le diner La sortie au Point Sublime","og_url":"https:\/\/paca.lpo.fr\/blogs\/nice\/2013\/06\/16\/assemblee-generale-lpo-paca-les-8-et-9-juin-2013\/","og_site_name":"Groupe local Nice","article_published_time":"2013-06-16T14:38:27+00:00","article_modified_time":"2013-07-17T13:28:14+00:00","og_image":[{"width":403,"height":227,"url":"https:\/\/paca.lpo.fr\/blogs\/nice\/files\/2013\/06\/13-06AG-81-Copie.jpg","type":"image\/jpeg"}],"author":"Groupe local Paillon-B\u00e9v\u00e9ra","twitter_card":"summary_large_image","twitter_misc":{"\u00c9crit par":"Groupe local Paillon-B\u00e9v\u00e9ra"},"schema":{"@context":"https:\/\/schema.org","@graph":[{"@type":"Article","@id":"https:\/\/paca.lpo.fr\/blogs\/nice\/2013\/06\/16\/assemblee-generale-lpo-paca-les-8-et-9-juin-2013\/#article","isPartOf":{"@id":"https:\/\/paca.lpo.fr\/blogs\/nice\/2013\/06\/16\/assemblee-generale-lpo-paca-les-8-et-9-juin-2013\/"},"author":{"name":"Groupe local Paillon-B\u00e9v\u00e9ra","@id":"https:\/\/paca.lpo.fr\/blogs\/nice\/#\/schema\/person\/1bda33335fb71e0b3552487db26a4c56"},"headline":"Assembl\u00e9e G\u00e9n\u00e9rale LPO PACA les 8 et 9 juin 2013","datePublished":"2013-06-16T14:38:27+00:00","dateModified":"2013-07-17T13:28:14+00:00","mainEntityOfPage":{"@id":"https:\/\/paca.lpo.fr\/blogs\/nice\/2013\/06\/16\/assemblee-generale-lpo-paca-les-8-et-9-juin-2013\/"},"wordCount":42,"commentCount":0,"publisher":{"@id":"https:\/\/paca.lpo.fr\/blogs\/nice\/#organization"},"image":{"@id":"https:\/\/paca.lpo.fr\/blogs\/nice\/2013\/06\/16\/assemblee-generale-lpo-paca-les-8-et-9-juin-2013\/#primaryimage"},"thumbnailUrl":"https:\/\/paca.lpo.fr\/blogs\/nice\/files\/2013\/06\/13-06AG-81-Copie.jpg","articleSection":["grands \u00e9v\u00e8nements"],"inLanguage":"fr-FR","potentialAction":[{"@type":"CommentAction","name":"Comment","target":["https:\/\/paca.lpo.fr\/blogs\/nice\/2013\/06\/16\/assemblee-generale-lpo-paca-les-8-et-9-juin-2013\/#respond"]}]},{"@type":"WebPage","@id":"https:\/\/paca.lpo.fr\/blogs\/nice\/2013\/06\/16\/assemblee-generale-lpo-paca-les-8-et-9-juin-2013\/","url":"https:\/\/paca.lpo.fr\/blogs\/nice\/2013\/06\/16\/assemblee-generale-lpo-paca-les-8-et-9-juin-2013\/","name":"Assembl\u00e9e G\u00e9n\u00e9rale LPO PACA les 8 et 9 juin 2013 - Groupe local Nice","isPartOf":{"@id":"https:\/\/paca.lpo.fr\/blogs\/nice\/#website"},"primaryImageOfPage":{"@id":"https:\/\/paca.lpo.fr\/blogs\/nice\/2013\/06\/16\/assemblee-generale-lpo-paca-les-8-et-9-juin-2013\/#primaryimage"},"image":{"@id":"https:\/\/paca.lpo.fr\/blogs\/nice\/2013\/06\/16\/assemblee-generale-lpo-paca-les-8-et-9-juin-2013\/#primaryimage"},"thumbnailUrl":"https:\/\/paca.lpo.fr\/blogs\/nice\/files\/2013\/06\/13-06AG-81-Copie.jpg","datePublished":"2013-06-16T14:38:27+00:00","dateModified":"2013-07-17T13:28:14+00:00","breadcrumb":{"@id":"https:\/\/paca.lpo.fr\/blogs\/nice\/2013\/06\/16\/assemblee-generale-lpo-paca-les-8-et-9-juin-2013\/#breadcrumb"},"inLanguage":"fr-FR","potentialAction":[{"@type":"ReadAction","target":["https:\/\/paca.lpo.fr\/blogs\/nice\/2013\/06\/16\/assemblee-generale-lpo-paca-les-8-et-9-juin-2013\/"]}]},{"@type":"ImageObject","inLanguage":"fr-FR","@id":"https:\/\/paca.lpo.fr\/blogs\/nice\/2013\/06\/16\/assemblee-generale-lpo-paca-les-8-et-9-juin-2013\/#primaryimage","url":"https:\/\/paca.lpo.fr\/blogs\/nice\/files\/2013\/06\/13-06AG-81-Copie.jpg","contentUrl":"https:\/\/paca.lpo.fr\/blogs\/nice\/files\/2013\/06\/13-06AG-81-Copie.jpg","width":"403","height":"227"},{"@type":"BreadcrumbList","@id":"https:\/\/paca.lpo.fr\/blogs\/nice\/2013\/06\/16\/assemblee-generale-lpo-paca-les-8-et-9-juin-2013\/#breadcrumb","itemListElement":[{"@type":"ListItem","position":1,"name":"Accueil","item":"https:\/\/paca.lpo.fr\/blogs\/nice\/"},{"@type":"ListItem","position":2,"name":"Assembl\u00e9e G\u00e9n\u00e9rale LPO PACA les 8 et 9 juin 2013"}]},{"@type":"WebSite","@id":"https:\/\/paca.lpo.fr\/blogs\/nice\/#website","url":"https:\/\/paca.lpo.fr\/blogs\/nice\/","name":"Groupe local Nice","description":"Groupe local Nice","publisher":{"@id":"https:\/\/paca.lpo.fr\/blogs\/nice\/#organization"},"potentialAction":[{"@type":"SearchAction","target":{"@type":"EntryPoint","urlTemplate":"https:\/\/paca.lpo.fr\/blogs\/nice\/?s={search_term_string}"},"query-input":{"@type":"PropertyValueSpecification","valueRequired":true,"valueName":"search_term_string"}}],"inLanguage":"fr-FR"},{"@type":"Organization","@id":"https:\/\/paca.lpo.fr\/blogs\/nice\/#organization","name":"Groupe local Nice","url":"https:\/\/paca.lpo.fr\/blogs\/nice\/","logo":{"@type":"ImageObject","inLanguage":"fr-FR","@id":"https:\/\/paca.lpo.fr\/blogs\/nice\/#\/schema\/logo\/image\/","url":"https:\/\/paca.lpo.fr\/blogs\/nice\/files\/2024\/01\/cropped-rvb-lpo-paca-logotype-signature-droite-mini-500.jpg","contentUrl":"https:\/\/paca.lpo.fr\/blogs\/nice\/files\/2024\/01\/cropped-rvb-lpo-paca-logotype-signature-droite-mini-500.jpg","width":500,"height":210,"caption":"Groupe local Nice"},"image":{"@id":"https:\/\/paca.lpo.fr\/blogs\/nice\/#\/schema\/logo\/image\/"}},{"@type":"Person","@id":"https:\/\/paca.lpo.fr\/blogs\/nice\/#\/schema\/person\/1bda33335fb71e0b3552487db26a4c56","name":"Groupe local Paillon-B\u00e9v\u00e9ra","image":{"@type":"ImageObject","inLanguage":"fr-FR","@id":"https:\/\/secure.gravatar.com\/avatar\/b1ee285506e2cb880ec988990d360e255aecb31c77212741dace1023623610c2?s=96&d=mm&r=g","url":"https:\/\/secure.gravatar.com\/avatar\/b1ee285506e2cb880ec988990d360e255aecb31c77212741dace1023623610c2?s=96&d=mm&r=g","contentUrl":"https:\/\/secure.gravatar.com\/avatar\/b1ee285506e2cb880ec988990d360e255aecb31c77212741dace1023623610c2?s=96&d=mm&r=g","caption":"Groupe local Paillon-B\u00e9v\u00e9ra"},"url":"https:\/\/paca.lpo.fr\/blogs\/nice\/author\/alpesmaritimesest\/"}]}},"jetpack_featured_media_url":"https:\/\/paca.lpo.fr\/blogs\/nice\/files\/2013\/06\/13-06AG-81-Copie.jpg","_links":{"self":[{"href":"https:\/\/paca.lpo.fr\/blogs\/nice\/wp-json\/wp\/v2\/posts\/706","targetHints":{"allow":["GET"]}}],"collection":[{"href":"https:\/\/paca.lpo.fr\/blogs\/nice\/wp-json\/wp\/v2\/posts"}],"about":[{"href":"https:\/\/paca.lpo.fr\/blogs\/nice\/wp-json\/wp\/v2\/types\/post"}],"author":[{"embeddable":true,"href":"https:\/\/paca.lpo.fr\/blogs\/nice\/wp-json\/wp\/v2\/users\/15"}],"replies":[{"embeddable":true,"href":"https:\/\/paca.lpo.fr\/blogs\/nice\/wp-json\/wp\/v2\/comments?post=706"}],"version-history":[{"count":4,"href":"https:\/\/paca.lpo.fr\/blogs\/nice\/wp-json\/wp\/v2\/posts\/706\/revisions"}],"predecessor-version":[{"id":729,"href":"https:\/\/paca.lpo.fr\/blogs\/nice\/wp-json\/wp\/v2\/posts\/706\/revisions\/729"}],"wp:featuredmedia":[{"embeddable":true,"href":"https:\/\/paca.lpo.fr\/blogs\/nice\/wp-json\/wp\/v2\/media\/698"}],"wp:attachment":[{"href":"https:\/\/paca.lpo.fr\/blogs\/nice\/wp-json\/wp\/v2\/media?parent=706"}],"wp:term":[{"taxonomy":"category","embeddable":true,"href":"https:\/\/paca.lpo.fr\/blogs\/nice\/wp-json\/wp\/v2\/categories?post=706"},{"taxonomy":"post_tag","embeddable":true,"href":"https:\/\/paca.lpo.fr\/blogs\/nice\/wp-json\/wp\/v2\/tags?post=706"}],"curies":[{"name":"wp","href":"https:\/\/api.w.org\/{rel}","templated":true}]}}